{"id":119765,"date":"2026-09-02T08:45:53","date_gmt":"2026-09-02T05:45:53","guid":{"rendered":"https:\/\/kibrisdakik.com\/?p=119765"},"modified":"2026-09-02T08:45:53","modified_gmt":"2026-09-02T05:45:53","slug":"lefkosada-seyir-halindeki-ticari-arac-alev-aldi","status":"publish","type":"post","link":"https:\/\/kibrisdakik.com\/?p=119765","title":{"rendered":"LEFKO\u015eA\u2019DA SEY\u0130R HAL\u0130NDEK\u0130 T\u0130CAR\u0130 ARA\u00c7 ALEV ALDI"},"content":{"rendered":"<p><\/p>\n<div data-text-id=\"207156\" property=\"articleBody\">\n<p>Lefko\u015fa\u2019da Dr. Faz\u0131l K\u00fc\u00e7\u00fck Bulvar\u0131 \u00fczerindeki Alpet \u0131\u015f\u0131klar\u0131 \u00f6n\u00fcnde seyir halindeki ticari ara\u00e7ta yang\u0131n \u00e7\u0131kt\u0131.<\/p>\n<p>2 Eyl\u00fcl 2026 tarihinde saat 06.15 s\u0131ralar\u0131nda, Zeynel Ge\u00e7it y\u00f6netimindeki MA 534 plakal\u0131 Mercedes marka arac\u0131n motor b\u00f6l\u00fcm\u00fcnde, elektrik aksamlar\u0131n\u0131n k\u0131sa devre yapmas\u0131 sonucu yang\u0131n meydana gelmi\u015ftir<\/p>\n<p>\u0130hbar \u00fczerine k\u0131sa s\u00fcrede olay yerine ula\u015fan Lefko\u015fa \u0130tfaiye \u015eubesi ekipleri, alevlere h\u0131zl\u0131 ve profesyonel \u015fekilde m\u00fcdahale ederek yang\u0131n\u0131 kontrol alt\u0131na ald\u0131. Ekiplerin ba\u015far\u0131l\u0131 \u00e7al\u0131\u015fmas\u0131 sayesinde yang\u0131n\u0131n b\u00fcy\u00fcmesi ve \u00e7evreye s\u0131\u00e7ramas\u0131 \u00f6nlendi.<\/p>\n<p>Yang\u0131n sonucu arac\u0131n motor b\u00f6l\u00fcm\u00fc ile elektrik ve plastik aksamlar\u0131 tamamen yanarken, \u00f6n cam\u0131 y\u00fcksek \u0131s\u0131 nedeniyle patlad\u0131 ve i\u00e7 d\u00f6\u015femesi kullan\u0131lamaz hale geldi.<\/p>\n<\/p><\/div>\n","protected":false},"excerpt":{"rendered":"<p>Lefko\u015fa\u2019da Dr. Faz\u0131l K\u00fc\u00e7\u00fck Bulvar\u0131 \u00fczerindeki Alpet \u0131\u015f\u0131klar\u0131 \u00f6n\u00fcnde seyir halindeki ticari ara\u00e7ta yang\u0131n \u00e7\u0131kt\u0131. 2 Eyl\u00fcl 2026 tarihinde saat 06.15 s\u0131ralar\u0131nda, Zeynel Ge\u00e7it y\u00f6netimindeki MA 534 plakal\u0131 Mercedes marka arac\u0131n motor b\u00f6l\u00fcm\u00fcnde, elektrik aksamlar\u0131n\u0131n k\u0131sa devre yapmas\u0131 sonucu yang\u0131n meydana gelmi\u015ftir \u0130hbar \u00fczerine k\u0131sa s\u00fcrede olay yerine ula\u015fan Lefko\u015fa \u0130tfaiye \u015eubesi ekipleri, alevlere h\u0131zl\u0131<\/p>\n","protected":false},"author":1,"featured_media":119766,"comment_status":"open","ping_status":"open","sticky":false,"template":"","format":"standard","meta":{"footnotes":""},"categories":[81],"tags":[],"class_list":["post-119765","post","type-post","status-publish","format-standard","has-post-thumbnail","hentry","category-kibris"],"yoast_head":"<!-- This site is optimized with the Yoast SEO plugin v28.4 - https:\/\/yoast.com\/product\/yoast-seo-wordpress\/ -->\n<title>LEFKO\u015eA\u2019DA SEY\u0130R HAL\u0130NDEK\u0130 T\u0130CAR\u0130 ARA\u00c7 ALEV ALDI -<\/title>\n<meta name=\"robots\" content=\"index, follow, max-snippet:-1, max-image-preview:large, max-video-preview:-1\" \/>\n<link rel=\"canonical\" href=\"https:\/\/kibrisdakik.com\/?p=119765\" \/>\n<meta property=\"og:locale\" content=\"tr_TR\" \/>\n<meta property=\"og:type\" content=\"article\" \/>\n<meta property=\"og:title\" content=\"LEFKO\u015eA\u2019DA SEY\u0130R HAL\u0130NDEK\u0130 T\u0130CAR\u0130 ARA\u00c7 ALEV ALDI -\" \/>\n<meta property=\"og:description\" content=\"Lefko\u015fa\u2019da Dr. Faz\u0131l K\u00fc\u00e7\u00fck Bulvar\u0131 \u00fczerindeki Alpet \u0131\u015f\u0131klar\u0131 \u00f6n\u00fcnde seyir halindeki ticari ara\u00e7ta yang\u0131n \u00e7\u0131kt\u0131. 2 Eyl\u00fcl 2026 tarihinde saat 06.15 s\u0131ralar\u0131nda, Zeynel Ge\u00e7it y\u00f6netimindeki MA 534 plakal\u0131 Mercedes marka arac\u0131n motor b\u00f6l\u00fcm\u00fcnde, elektrik aksamlar\u0131n\u0131n k\u0131sa devre yapmas\u0131 sonucu yang\u0131n meydana gelmi\u015ftir \u0130hbar \u00fczerine k\u0131sa s\u00fcrede olay yerine ula\u015fan Lefko\u015fa \u0130tfaiye \u015eubesi ekipleri, alevlere h\u0131zl\u0131\" \/>\n<meta property=\"og:url\" content=\"https:\/\/kibrisdakik.com\/?p=119765\" \/>\n<meta property=\"article:published_time\" content=\"2026-09-02T05:45:53+00:00\" \/>\n<meta property=\"og:image\" content=\"https:\/\/mhahabercom.teimg.com\/crop\/1280x720\/mhahaber-com\/uploads\/2026\/09\/mha-sari-beyaz-7669.png\" \/>\n<meta name=\"author\" content=\"admin\" \/>\n<meta name=\"twitter:card\" content=\"summary_large_image\" \/>\n<meta name=\"twitter:label1\" content=\"Yazan:\" \/>\n\t<meta name=\"twitter:data1\" content=\"admin\" \/>\n\t<meta name=\"twitter:label2\" content=\"Tahmini okuma s\u00fcresi\" \/>\n\t<meta name=\"twitter:data2\" content=\"1 dakika\" \/>\n<script type=\"application\/ld+json\" class=\"yoast-schema-graph\">{\"@context\":\"https:\\\/\\\/schema.org\",\"@graph\":[{\"@type\":\"Article\",\"@id\":\"https:\\\/\\\/kibrisdakik.com\\\/?p=119765#article\",\"isPartOf\":{\"@id\":\"https:\\\/\\\/kibrisdakik.com\\\/?p=119765\"},\"author\":{\"name\":\"admin\",\"@id\":\"https:\\\/\\\/kibrisdakik.com\\\/#\\\/schema\\\/person\\\/9cd9d437bbb44f72b73ba127e06d8e79\"},\"headline\":\"LEFKO\u015eA\u2019DA SEY\u0130R HAL\u0130NDEK\u0130 T\u0130CAR\u0130 ARA\u00c7 ALEV ALDI\",\"datePublished\":\"2026-09-02T05:45:53+00:00\",\"mainEntityOfPage\":{\"@id\":\"https:\\\/\\\/kibrisdakik.com\\\/?p=119765\"},\"wordCount\":150,\"commentCount\":0,\"publisher\":{\"@id\":\"https:\\\/\\\/kibrisdakik.com\\\/#organization\"},\"image\":{\"@id\":\"https:\\\/\\\/kibrisdakik.com\\\/?p=119765#primaryimage\"},\"thumbnailUrl\":\"https:\\\/\\\/kibrisdakik.com\\\/wp-content\\\/uploads\\\/2026\\\/09\\\/mha-sari-beyaz-7669.png\",\"articleSection\":[\"K\u0131br\u0131s\"],\"inLanguage\":\"tr\",\"potentialAction\":[{\"@type\":\"CommentAction\",\"name\":\"Comment\",\"target\":[\"https:\\\/\\\/kibrisdakik.com\\\/?p=119765#respond\"]}]},{\"@type\":\"WebPage\",\"@id\":\"https:\\\/\\\/kibrisdakik.com\\\/?p=119765\",\"url\":\"https:\\\/\\\/kibrisdakik.com\\\/?p=119765\",\"name\":\"LEFKO\u015eA\u2019DA SEY\u0130R HAL\u0130NDEK\u0130 T\u0130CAR\u0130 ARA\u00c7 ALEV ALDI -\",\"isPartOf\":{\"@id\":\"https:\\\/\\\/kibrisdakik.com\\\/#website\"},\"primaryImageOfPage\":{\"@id\":\"https:\\\/\\\/kibrisdakik.com\\\/?p=119765#primaryimage\"},\"image\":{\"@id\":\"https:\\\/\\\/kibrisdakik.com\\\/?p=119765#primaryimage\"},\"thumbnailUrl\":\"https:\\\/\\\/kibrisdakik.com\\\/wp-content\\\/uploads\\\/2026\\\/09\\\/mha-sari-beyaz-7669.png\",\"datePublished\":\"2026-09-02T05:45:53+00:00\",\"breadcrumb\":{\"@id\":\"https:\\\/\\\/kibrisdakik.com\\\/?p=119765#breadcrumb\"},\"inLanguage\":\"tr\",\"potentialAction\":[{\"@type\":\"ReadAction\",\"target\":[\"https:\\\/\\\/kibrisdakik.com\\\/?p=119765\"]}]},{\"@type\":\"ImageObject\",\"inLanguage\":\"tr\",\"@id\":\"https:\\\/\\\/kibrisdakik.com\\\/?p=119765#primaryimage\",\"url\":\"https:\\\/\\\/kibrisdakik.com\\\/wp-content\\\/uploads\\\/2026\\\/09\\\/mha-sari-beyaz-7669.png\",\"contentUrl\":\"https:\\\/\\\/kibrisdakik.com\\\/wp-content\\\/uploads\\\/2026\\\/09\\\/mha-sari-beyaz-7669.png\",\"width\":1280,\"height\":720},{\"@type\":\"BreadcrumbList\",\"@id\":\"https:\\\/\\\/kibrisdakik.com\\\/?p=119765#breadcrumb\",\"itemListElement\":[{\"@type\":\"ListItem\",\"position\":1,\"name\":\"Home\",\"item\":\"https:\\\/\\\/kibrisdakik.com\\\/\"},{\"@type\":\"ListItem\",\"position\":2,\"name\":\"LEFKO\u015eA\u2019DA SEY\u0130R HAL\u0130NDEK\u0130 T\u0130CAR\u0130 ARA\u00c7 ALEV ALDI\"}]},{\"@type\":\"WebSite\",\"@id\":\"https:\\\/\\\/kibrisdakik.com\\\/#website\",\"url\":\"https:\\\/\\\/kibrisdakik.com\\\/\",\"name\":\"K\u0131br\u0131s Dakik\",\"description\":\"Tam vaktinde haber\",\"publisher\":{\"@id\":\"https:\\\/\\\/kibrisdakik.com\\\/#organization\"},\"potentialAction\":[{\"@type\":\"SearchAction\",\"target\":{\"@type\":\"EntryPoint\",\"urlTemplate\":\"https:\\\/\\\/kibrisdakik.com\\\/?s={search_term_string}\"},\"query-input\":{\"@type\":\"PropertyValueSpecification\",\"valueRequired\":true,\"valueName\":\"search_term_string\"}}],\"inLanguage\":\"tr\"},{\"@type\":\"Organization\",\"@id\":\"https:\\\/\\\/kibrisdakik.com\\\/#organization\",\"name\":\"K\u0131br\u0131s Dakik\",\"url\":\"https:\\\/\\\/kibrisdakik.com\\\/\",\"logo\":{\"@type\":\"ImageObject\",\"inLanguage\":\"tr\",\"@id\":\"https:\\\/\\\/kibrisdakik.com\\\/#\\\/schema\\\/logo\\\/image\\\/\",\"url\":\"https:\\\/\\\/kibrisdakik.com\\\/wp-content\\\/uploads\\\/2025\\\/10\\\/cropped-WhatsApp-Image-2025-10-02-at-12.58.31.jpeg\",\"contentUrl\":\"https:\\\/\\\/kibrisdakik.com\\\/wp-content\\\/uploads\\\/2025\\\/10\\\/cropped-WhatsApp-Image-2025-10-02-at-12.58.31.jpeg\",\"width\":1237,\"height\":190,\"caption\":\"K\u0131br\u0131s Dakik\"},\"image\":{\"@id\":\"https:\\\/\\\/kibrisdakik.com\\\/#\\\/schema\\\/logo\\\/image\\\/\"}},{\"@type\":\"Person\",\"@id\":\"https:\\\/\\\/kibrisdakik.com\\\/#\\\/schema\\\/person\\\/9cd9d437bbb44f72b73ba127e06d8e79\",\"name\":\"admin\",\"image\":{\"@type\":\"ImageObject\",\"inLanguage\":\"tr\",\"@id\":\"https:\\\/\\\/secure.gravatar.com\\\/avatar\\\/ccc17943b9d660506c869530f897617f7cb1c21a4bf30023f252596d83e1f007?s=96&d=mm&r=g\",\"url\":\"https:\\\/\\\/secure.gravatar.com\\\/avatar\\\/ccc17943b9d660506c869530f897617f7cb1c21a4bf30023f252596d83e1f007?s=96&d=mm&r=g\",\"contentUrl\":\"https:\\\/\\\/secure.gravatar.com\\\/avatar\\\/ccc17943b9d660506c869530f897617f7cb1c21a4bf30023f252596d83e1f007?s=96&d=mm&r=g\",\"caption\":\"admin\"},\"sameAs\":[\"https:\\\/\\\/kibrisdakik.com\"],\"url\":\"https:\\\/\\\/kibrisdakik.com\\\/?author=1\"}]}<\/script>\n<!-- \/ Yoast SEO plugin. -->","yoast_head_json":{"title":"LEFKO\u015eA\u2019DA SEY\u0130R HAL\u0130NDEK\u0130 T\u0130CAR\u0130 ARA\u00c7 ALEV ALDI -","robots":{"index":"index","follow":"follow","max-snippet":"max-snippet:-1","max-image-preview":"max-image-preview:large","max-video-preview":"max-video-preview:-1"},"canonical":"https:\/\/kibrisdakik.com\/?p=119765","og_locale":"tr_TR","og_type":"article","og_title":"LEFKO\u015eA\u2019DA SEY\u0130R HAL\u0130NDEK\u0130 T\u0130CAR\u0130 ARA\u00c7 ALEV ALDI -","og_description":"Lefko\u015fa\u2019da Dr. Faz\u0131l K\u00fc\u00e7\u00fck Bulvar\u0131 \u00fczerindeki Alpet \u0131\u015f\u0131klar\u0131 \u00f6n\u00fcnde seyir halindeki ticari ara\u00e7ta yang\u0131n \u00e7\u0131kt\u0131. 2 Eyl\u00fcl 2026 tarihinde saat 06.15 s\u0131ralar\u0131nda, Zeynel Ge\u00e7it y\u00f6netimindeki MA 534 plakal\u0131 Mercedes marka arac\u0131n motor b\u00f6l\u00fcm\u00fcnde, elektrik aksamlar\u0131n\u0131n k\u0131sa devre yapmas\u0131 sonucu yang\u0131n meydana gelmi\u015ftir \u0130hbar \u00fczerine k\u0131sa s\u00fcrede olay yerine ula\u015fan Lefko\u015fa \u0130tfaiye \u015eubesi ekipleri, alevlere h\u0131zl\u0131","og_url":"https:\/\/kibrisdakik.com\/?p=119765","article_published_time":"2026-09-02T05:45:53+00:00","og_image":[{"url":"https:\/\/mhahabercom.teimg.com\/crop\/1280x720\/mhahaber-com\/uploads\/2026\/09\/mha-sari-beyaz-7669.png","type":"","width":"","height":""}],"author":"admin","twitter_card":"summary_large_image","twitter_misc":{"Yazan:":"admin","Tahmini okuma s\u00fcresi":"1 dakika"},"schema":{"@context":"https:\/\/schema.org","@graph":[{"@type":"Article","@id":"https:\/\/kibrisdakik.com\/?p=119765#article","isPartOf":{"@id":"https:\/\/kibrisdakik.com\/?p=119765"},"author":{"name":"admin","@id":"https:\/\/kibrisdakik.com\/#\/schema\/person\/9cd9d437bbb44f72b73ba127e06d8e79"},"headline":"LEFKO\u015eA\u2019DA SEY\u0130R HAL\u0130NDEK\u0130 T\u0130CAR\u0130 ARA\u00c7 ALEV ALDI","datePublished":"2026-09-02T05:45:53+00:00","mainEntityOfPage":{"@id":"https:\/\/kibrisdakik.com\/?p=119765"},"wordCount":150,"commentCount":0,"publisher":{"@id":"https:\/\/kibrisdakik.com\/#organization"},"image":{"@id":"https:\/\/kibrisdakik.com\/?p=119765#primaryimage"},"thumbnailUrl":"https:\/\/kibrisdakik.com\/wp-content\/uploads\/2026\/09\/mha-sari-beyaz-7669.png","articleSection":["K\u0131br\u0131s"],"inLanguage":"tr","potentialAction":[{"@type":"CommentAction","name":"Comment","target":["https:\/\/kibrisdakik.com\/?p=119765#respond"]}]},{"@type":"WebPage","@id":"https:\/\/kibrisdakik.com\/?p=119765","url":"https:\/\/kibrisdakik.com\/?p=119765","name":"LEFKO\u015eA\u2019DA SEY\u0130R HAL\u0130NDEK\u0130 T\u0130CAR\u0130 ARA\u00c7 ALEV ALDI -","isPartOf":{"@id":"https:\/\/kibrisdakik.com\/#website"},"primaryImageOfPage":{"@id":"https:\/\/kibrisdakik.com\/?p=119765#primaryimage"},"image":{"@id":"https:\/\/kibrisdakik.com\/?p=119765#primaryimage"},"thumbnailUrl":"https:\/\/kibrisdakik.com\/wp-content\/uploads\/2026\/09\/mha-sari-beyaz-7669.png","datePublished":"2026-09-02T05:45:53+00:00","breadcrumb":{"@id":"https:\/\/kibrisdakik.com\/?p=119765#breadcrumb"},"inLanguage":"tr","potentialAction":[{"@type":"ReadAction","target":["https:\/\/kibrisdakik.com\/?p=119765"]}]},{"@type":"ImageObject","inLanguage":"tr","@id":"https:\/\/kibrisdakik.com\/?p=119765#primaryimage","url":"https:\/\/kibrisdakik.com\/wp-content\/uploads\/2026\/09\/mha-sari-beyaz-7669.png","contentUrl":"https:\/\/kibrisdakik.com\/wp-content\/uploads\/2026\/09\/mha-sari-beyaz-7669.png","width":1280,"height":720},{"@type":"BreadcrumbList","@id":"https:\/\/kibrisdakik.com\/?p=119765#breadcrumb","itemListElement":[{"@type":"ListItem","position":1,"name":"Home","item":"https:\/\/kibrisdakik.com\/"},{"@type":"ListItem","position":2,"name":"LEFKO\u015eA\u2019DA SEY\u0130R HAL\u0130NDEK\u0130 T\u0130CAR\u0130 ARA\u00c7 ALEV ALDI"}]},{"@type":"WebSite","@id":"https:\/\/kibrisdakik.com\/#website","url":"https:\/\/kibrisdakik.com\/","name":"K\u0131br\u0131s Dakik","description":"Tam vaktinde haber","publisher":{"@id":"https:\/\/kibrisdakik.com\/#organization"},"potentialAction":[{"@type":"SearchAction","target":{"@type":"EntryPoint","urlTemplate":"https:\/\/kibrisdakik.com\/?s={search_term_string}"},"query-input":{"@type":"PropertyValueSpecification","valueRequired":true,"valueName":"search_term_string"}}],"inLanguage":"tr"},{"@type":"Organization","@id":"https:\/\/kibrisdakik.com\/#organization","name":"K\u0131br\u0131s Dakik","url":"https:\/\/kibrisdakik.com\/","logo":{"@type":"ImageObject","inLanguage":"tr","@id":"https:\/\/kibrisdakik.com\/#\/schema\/logo\/image\/","url":"https:\/\/kibrisdakik.com\/wp-content\/uploads\/2025\/10\/cropped-WhatsApp-Image-2025-10-02-at-12.58.31.jpeg","contentUrl":"https:\/\/kibrisdakik.com\/wp-content\/uploads\/2025\/10\/cropped-WhatsApp-Image-2025-10-02-at-12.58.31.jpeg","width":1237,"height":190,"caption":"K\u0131br\u0131s Dakik"},"image":{"@id":"https:\/\/kibrisdakik.com\/#\/schema\/logo\/image\/"}},{"@type":"Person","@id":"https:\/\/kibrisdakik.com\/#\/schema\/person\/9cd9d437bbb44f72b73ba127e06d8e79","name":"admin","image":{"@type":"ImageObject","inLanguage":"tr","@id":"https:\/\/secure.gravatar.com\/avatar\/ccc17943b9d660506c869530f897617f7cb1c21a4bf30023f252596d83e1f007?s=96&d=mm&r=g","url":"https:\/\/secure.gravatar.com\/avatar\/ccc17943b9d660506c869530f897617f7cb1c21a4bf30023f252596d83e1f007?s=96&d=mm&r=g","contentUrl":"https:\/\/secure.gravatar.com\/avatar\/ccc17943b9d660506c869530f897617f7cb1c21a4bf30023f252596d83e1f007?s=96&d=mm&r=g","caption":"admin"},"sameAs":["https:\/\/kibrisdakik.com"],"url":"https:\/\/kibrisdakik.com\/?author=1"}]}},"_links":{"self":[{"href":"https:\/\/kibrisdakik.com\/index.php?rest_route=\/wp\/v2\/posts\/119765","targetHints":{"allow":["GET"]}}],"collection":[{"href":"https:\/\/kibrisdakik.com\/index.php?rest_route=\/wp\/v2\/posts"}],"about":[{"href":"https:\/\/kibrisdakik.com\/index.php?rest_route=\/wp\/v2\/types\/post"}],"author":[{"embeddable":true,"href":"https:\/\/kibrisdakik.com\/index.php?rest_route=\/wp\/v2\/users\/1"}],"replies":[{"embeddable":true,"href":"https:\/\/kibrisdakik.com\/index.php?rest_route=%2Fwp%2Fv2%2Fcomments&post=119765"}],"version-history":[{"count":0,"href":"https:\/\/kibrisdakik.com\/index.php?rest_route=\/wp\/v2\/posts\/119765\/revisions"}],"wp:featuredmedia":[{"embeddable":true,"href":"https:\/\/kibrisdakik.com\/index.php?rest_route=\/wp\/v2\/media\/119766"}],"wp:attachment":[{"href":"https:\/\/kibrisdakik.com\/index.php?rest_route=%2Fwp%2Fv2%2Fmedia&parent=119765"}],"wp:term":[{"taxonomy":"category","embeddable":true,"href":"https:\/\/kibrisdakik.com\/index.php?rest_route=%2Fwp%2Fv2%2Fcategories&post=119765"},{"taxonomy":"post_tag","embeddable":true,"href":"https:\/\/kibrisdakik.com\/index.php?rest_route=%2Fwp%2Fv2%2Ftags&post=119765"}],"curies":[{"name":"wp","href":"https:\/\/api.w.org\/{rel}","templated":true}]}}