{"id":119767,"date":"2026-09-02T09:00:58","date_gmt":"2026-09-02T06:00:58","guid":{"rendered":"https:\/\/kibrisdakik.com\/?p=119767"},"modified":"2026-09-02T09:00:58","modified_gmt":"2026-09-02T06:00:58","slug":"akpinar-biz-rol-istemiyoruz-gercegin-ortaya-cikmasini-istiyoruz","status":"publish","type":"post","link":"https:\/\/kibrisdakik.com\/?p=119767","title":{"rendered":"Akp\u0131nar: Biz rol istemiyoruz, ger\u00e7e\u011fin ortaya \u00e7\u0131kmas\u0131n\u0131 istiyoruz"},"content":{"rendered":"<p>Demokrat Parti (DP) Genel Sekreteri ve Girne Milletvekili Serhat Akp\u0131nar, Bay\u0131nd\u0131rl\u0131k ve Ula\u015ft\u0131rma Bakan\u0131 Erhan Ar\u0131kl\u0131\u2019n\u0131n, F\u0130LO JET gemisi kazas\u0131yla ilgili Meclis g\u00fcndemine ta\u015f\u0131nan sorulara y\u00f6nelik \u201crol kapma\u201d de\u011ferlendirmesine yan\u0131t verdi.<\/p>\n<p>Akp\u0131nar, ya\u015fanan facian\u0131n ard\u0131ndan DP olarak Cumhuriyet Meclisi\u2019ne ta\u015f\u0131d\u0131klar\u0131 sorular\u0131n herhangi bir makam veya siyasi rol elde etme amac\u0131 ta\u015f\u0131mad\u0131\u011f\u0131n\u0131 belirterek, \u201cBiz kazan\u0131n nedenini ilan etmedik. Hi\u00e7 kimseyi pe\u015finen su\u00e7lu ilan etmiyoruz. Tam tersine, ger\u00e7e\u011fin teknik inceleme, resmi belgeler ve ba\u011f\u0131ms\u0131z soru\u015fturmayla ortaya \u00e7\u0131kar\u0131lmas\u0131n\u0131 istiyoruz\u201d dedi.<\/p>\n<p>Akp\u0131nar, milletvekilinin g\u00f6revinin soru sormak, Meclis\u2019in g\u00f6revinin denetlemek, bakan\u0131n g\u00f6revinin ise cevap vermek ve hesap vermek oldu\u011funu ifade ederek, kamuoyunun ayd\u0131nlat\u0131lmas\u0131 amac\u0131yla 18 ba\u015fl\u0131kta soru y\u00f6neltti.<\/p>\n<h3>\u201c\u0130zin hangi makam taraf\u0131ndan verildi?\u201d<\/h3>\n<p>Akp\u0131nar\u2019\u0131n g\u00fcndeme getirdi\u011fi ilk sorular, F\u0130LO JET\u2019in KKTC limanlar\u0131nda yolcu ta\u015f\u0131mas\u0131na ve sefer yapmas\u0131na ili\u015fkin izin s\u00fcre\u00e7lerine y\u00f6nelik oldu.<\/p>\n<p>Akp\u0131nar, gemiye hangi makam taraf\u0131ndan, hangi tarihte ve hangi mevzuata dayan\u0131larak izin verildi\u011finin a\u00e7\u0131klanmas\u0131n\u0131 istedi. \u0130zin \u00f6ncesinde Bakanl\u0131\u011fa hangi teknik yeterlilik, klas, denize elveri\u015flilik, yolcu gemisi g\u00fcvenlik, stabilite ve sigorta belgelerinin sunuldu\u011funu soran Akp\u0131nar, bu belgelerin kaza tarihinde ge\u00e7erli olup olmad\u0131\u011f\u0131n\u0131n da ortaya konulmas\u0131n\u0131 talep etti.<\/p>\n<p>Geminin KKTC makamlar\u0131nca ger\u00e7ekle\u015ftirilen son fiziki ve teknik denetiminin ne zaman, nerede ve kimler taraf\u0131ndan yap\u0131ld\u0131\u011f\u0131n\u0131 soran Akp\u0131nar, denetim raporlar\u0131n\u0131n tamam\u0131n\u0131n kamuoyuyla payla\u015f\u0131l\u0131p payla\u015f\u0131lmayaca\u011f\u0131n\u0131 da g\u00fcndeme getirdi.<\/p>\n<h3>\u201cGe\u00e7mi\u015fteki teknik sorunlar ara\u015ft\u0131r\u0131ld\u0131 m\u0131?\u201d<\/h3>\n<p>Akp\u0131nar, geminin ge\u00e7mi\u015finde tespit edilmi\u015f teknik eksiklik, kusur, sefer k\u0131s\u0131tlamas\u0131 veya g\u00fcvenlik uyar\u0131lar\u0131n\u0131n Bakanl\u0131\u011f\u0131n bilgisine gelip gelmedi\u011fini sordu.<\/p>\n<p>Bu t\u00fcr sorunlar\u0131n Bakanl\u0131\u011f\u0131n bilgisine ula\u015fmas\u0131 halinde hangi i\u015flemlerin yap\u0131ld\u0131\u011f\u0131n\u0131n a\u00e7\u0131klanmas\u0131n\u0131 isteyen Akp\u0131nar, daha \u00f6nce g\u00fcndeme gelen teknik sorunlar\u0131n giderildi\u011fini g\u00f6steren onar\u0131m, survey ve yeniden uygunluk belgelerinin Bakanl\u0131\u011fa sunulup sunulmad\u0131\u011f\u0131n\u0131n da a\u00e7\u0131klanmas\u0131n\u0131 istedi.<\/p>\n<p>Geminin g\u00f6vde b\u00fct\u00fcnl\u00fc\u011f\u00fc, su ge\u00e7irmez b\u00f6lmeleri ve kap\u0131lar\u0131, sintine ve tahliye sistemleri, stabilitesi ile acil durum sistemlerinin ne zaman kontrol edildi\u011fini soran Akp\u0131nar, yolcu koltuklar\u0131n\u0131n g\u00fcverte ve g\u00f6vdeye ba\u011flant\u0131lar\u0131n\u0131n g\u00fcvenli\u011finin de denetlenip denetlenmedi\u011finin teknik kay\u0131tlar\u0131yla birlikte ortaya konulmas\u0131n\u0131 talep etti.<\/p>\n<h3>T\u00fcrk Loydu ve kaptan\u0131n yeterlilik belgesi soruldu<\/h3>\n<p>Akp\u0131nar, T\u00fcrk Loydu veya ba\u015fka bir klas kurulu\u015fu taraf\u0131ndan gemi hakk\u0131nda d\u00fczenlenmi\u015f rapor, onay, survey veya klas belgelerinin Bakanl\u0131k dosyas\u0131nda bulunup bulunmad\u0131\u011f\u0131n\u0131 da sordu.<\/p>\n<p>S\u00f6z konusu belgelerin bulunmas\u0131 halinde kamuoyuyla payla\u015f\u0131lmas\u0131 \u00e7a\u011fr\u0131s\u0131nda bulunan Akp\u0131nar, geminin kaptan\u0131 ve di\u011fer kilit gemiadamlar\u0131n\u0131n yeterlilik belgelerinin hangi devlet taraf\u0131ndan d\u00fczenlendi\u011finin a\u00e7\u0131klanmas\u0131n\u0131 istedi.<\/p>\n<p>Bu belgelerin STCW kapsam\u0131nda ge\u00e7erlili\u011finin yan\u0131 s\u0131ra geminin tonaj\u0131 ve sefer b\u00f6lgesi bak\u0131m\u0131ndan yeterlili\u011finin KKTC makamlar\u0131nca do\u011frulan\u0131p do\u011frulanmad\u0131\u011f\u0131n\u0131 soran Akp\u0131nar, kaptan\u0131n yeterlilik belgesinin hangi e\u011fitim, deniz hizmeti, s\u0131nav ve yeterlilik s\u00fcreci sonucunda verildi\u011finin ara\u015ft\u0131r\u0131l\u0131p ara\u015ft\u0131r\u0131lmad\u0131\u011f\u0131n\u0131 da g\u00fcndeme ta\u015f\u0131d\u0131.<\/p>\n<p>Akp\u0131nar ayr\u0131ca, s\u00f6z konusu belgenin ba\u015fka bir \u00fclke taraf\u0131ndan tan\u0131nmas\u0131 halinde bu tan\u0131man\u0131n hukuki dayana\u011f\u0131n\u0131n a\u00e7\u0131klanmas\u0131n\u0131 istedi.<\/p>\n<h3>M\u00fcrettebat ve yolcu kapasitesi de Meclis g\u00fcndeminde<\/h3>\n<p>Geminin kaza g\u00fcn\u00fc sahip olmas\u0131 gereken asgari emniyetli gemiadam\u0131 donat\u0131m\u0131n\u0131n ne oldu\u011funu soran Akp\u0131nar, kazan\u0131n meydana geldi\u011fi g\u00fcn gemide bulunan m\u00fcrettebat\u0131n say\u0131 ve yeterlilik bak\u0131m\u0131ndan bu \u015fartlar\u0131 kar\u015f\u0131lay\u0131p kar\u015f\u0131lamad\u0131\u011f\u0131n\u0131n a\u00e7\u0131klanmas\u0131n\u0131 talep etti.<\/p>\n<p>Geminin kaza g\u00fcn\u00fc ta\u015f\u0131d\u0131\u011f\u0131 yolcu ve m\u00fcrettebat say\u0131s\u0131 ile izin verilen azami kapasitesini de soran Akp\u0131nar, geminin kalk\u0131\u015f an\u0131ndaki y\u00fck ve deplasman durumunun ortaya konulmas\u0131n\u0131 istedi.<\/p>\n<h3>Hava ve deniz \u015fartlar\u0131 da soruldu<\/h3>\n<p>Akp\u0131nar, sefer \u00f6ncesinde hava ve deniz \u015fartlar\u0131n\u0131n de\u011ferlendirilip de\u011ferlendirilmedi\u011fini de sordu.<\/p>\n<p>Geminin mevcut sertifikalar\u0131 bak\u0131m\u0131ndan sefer b\u00f6lgesi veya hava ve deniz \u015fartlar\u0131na ili\u015fkin herhangi bir operasyonel k\u0131s\u0131tlama bulunup bulunmad\u0131\u011f\u0131n\u0131n a\u00e7\u0131klanmas\u0131n\u0131 isteyen Akp\u0131nar, geminin KKTC\u2019de faaliyet g\u00f6stermesine ili\u015fkin dosyada eksik, s\u00fcresi ge\u00e7mi\u015f veya sonradan tamamlanm\u0131\u015f herhangi bir belge bulunup bulunmad\u0131\u011f\u0131n\u0131 da g\u00fcndeme getirdi.<\/p>\n<h3>\u201c\u0130zin ve denetim zincirinde kimler sorumluydu?\u201d<\/h3>\n<p>Geminin seferlerine ili\u015fkin denetim ve izin zincirinde Limanlar Dairesi, Bakanl\u0131k ve di\u011fer ilgili kamu makamlar\u0131ndan hangi birimlerin ve g\u00f6revlilerin sorumlu oldu\u011funun a\u00e7\u0131klanmas\u0131n\u0131 isteyen Akp\u0131nar, kazan\u0131n ard\u0131ndan Bakanl\u0131k b\u00fcnyesinde olu\u015fturulan inceleme ve soru\u015fturma heyetinin kimlerden olu\u015ftu\u011funu da sordu.<\/p>\n<p>Akp\u0131nar, Bakanl\u0131\u011f\u0131n kendi izin ve denetim faaliyetlerinin de ara\u015ft\u0131r\u0131lmas\u0131 gerekti\u011fine i\u015faret ederek, soru\u015fturman\u0131n kurumsal ba\u011f\u0131ms\u0131zl\u0131\u011f\u0131n\u0131n nas\u0131l sa\u011flanaca\u011f\u0131n\u0131n a\u00e7\u0131klanmas\u0131n\u0131 istedi.<\/p>\n<p>DP Genel Sekreteri Akp\u0131nar ayr\u0131ca, geminin KKTC\u2019deki t\u00fcm izin, denetim, sertifika, yaz\u0131\u015fma ve teknik rapor dosyas\u0131n\u0131n Cumhuriyet Meclisi\u2019ne eksiksiz \u015fekilde sunulup sunulmayaca\u011f\u0131n\u0131 sordu.<\/p>\n<h3>\u201cSiyasi sorumluluk \u00fcstlenilecek mi?\u201d<\/h3>\n<p>Akp\u0131nar\u2019\u0131n son sorusu ise olas\u0131 ihmal ve g\u00f6rev kusurlar\u0131na ili\u015fkin siyasi sorumlulu\u011fa y\u00f6nelik oldu.<\/p>\n<p>Akp\u0131nar, yap\u0131lacak inceleme sonucunda Bakanl\u0131\u011fa veya Bakanl\u0131\u011fa ba\u011fl\u0131 herhangi bir makam\u0131n denetim, izin veya g\u00f6zetim y\u00fck\u00fcml\u00fcl\u00fc\u011f\u00fcn\u00fc yerine getirmedi\u011finin ortaya \u00e7\u0131kmas\u0131 halinde Bakan Erhan Ar\u0131kl\u0131\u2019n\u0131n siyasi sorumlulu\u011fu \u00fcstlenip \u00fcstlenmeyece\u011fini sordu.<\/p>\n<p>\u201cBunlar \u2018rol kapma\u2019 sorular\u0131 de\u011fildir Say\u0131n Ar\u0131kl\u0131\u201d diyen Akp\u0131nar, s\u00f6z konusu sorular\u0131n hayat\u0131n\u0131 kaybedenler, aileleri ve benzer bir ac\u0131n\u0131n yeniden ya\u015fanmamas\u0131 ad\u0131na cevapland\u0131r\u0131lmas\u0131 gerekti\u011fini belirtti.<\/p>\n<p>Akp\u0131nar, \u201cBiz polemik istemiyoruz. Belge istiyoruz. Biz su\u00e7lu ilan etmiyoruz. Ger\u00e7e\u011fin ortaya \u00e7\u0131kar\u0131lmas\u0131n\u0131 istiyoruz. Biz rol istemiyoruz. Sorumlulu\u011fun gere\u011finin yap\u0131lmas\u0131n\u0131 istiyoruz\u201d ifadelerini kulland\u0131.<\/p>\n<p>Ba\u011f\u0131ms\u0131z inceleme sonucunda Bakanl\u0131\u011f\u0131n izin, denetim veya g\u00f6zetim s\u00fcre\u00e7lerinde ciddi bir ihmal ya da g\u00f6rev kusuru ortaya \u00e7\u0131kmas\u0131 halinde bunun siyasi sorumlulu\u011funun da yerine getirilmesi gerekti\u011fini savunan Akp\u0131nar, a\u00e7\u0131klamas\u0131n\u0131 \u201cO makamda kalmak de\u011fil, gere\u011fini yapmak gerekir\u201d s\u00f6zleriyle tamamlad\u0131.<\/p>\n","protected":false},"excerpt":{"rendered":"<p>Demokrat Parti (DP) Genel Sekreteri ve Girne Milletvekili Serhat Akp\u0131nar, Bay\u0131nd\u0131rl\u0131k ve Ula\u015ft\u0131rma Bakan\u0131 Erhan Ar\u0131kl\u0131\u2019n\u0131n, F\u0130LO JET gemisi kazas\u0131yla ilgili Meclis g\u00fcndemine ta\u015f\u0131nan sorulara y\u00f6nelik \u201crol kapma\u201d de\u011ferlendirmesine yan\u0131t verdi. Akp\u0131nar, ya\u015fanan facian\u0131n ard\u0131ndan DP olarak Cumhuriyet Meclisi\u2019ne ta\u015f\u0131d\u0131klar\u0131 sorular\u0131n herhangi bir makam veya siyasi rol elde etme amac\u0131 ta\u015f\u0131mad\u0131\u011f\u0131n\u0131 belirterek, \u201cBiz kazan\u0131n nedenini<\/p>\n","protected":false},"author":1,"featured_media":119768,"comment_status":"open","ping_status":"open","sticky":false,"template":"","format":"standard","meta":{"footnotes":""},"categories":[1,81],"tags":[],"class_list":["post-119767","post","type-post","status-publish","format-standard","has-post-thumbnail","hentry","category-gundem","category-kibris"],"yoast_head":"<!-- This site is optimized with the Yoast SEO plugin v28.4 - https:\/\/yoast.com\/product\/yoast-seo-wordpress\/ -->\n<title>Akp\u0131nar: Biz rol istemiyoruz, ger\u00e7e\u011fin ortaya \u00e7\u0131kmas\u0131n\u0131 istiyoruz -<\/title>\n<meta name=\"robots\" content=\"index, follow, max-snippet:-1, max-image-preview:large, max-video-preview:-1\" \/>\n<link rel=\"canonical\" href=\"https:\/\/kibrisdakik.com\/?p=119767\" \/>\n<meta property=\"og:locale\" content=\"tr_TR\" \/>\n<meta property=\"og:type\" content=\"article\" \/>\n<meta property=\"og:title\" content=\"Akp\u0131nar: Biz rol istemiyoruz, ger\u00e7e\u011fin ortaya \u00e7\u0131kmas\u0131n\u0131 istiyoruz -\" \/>\n<meta property=\"og:description\" content=\"Demokrat Parti (DP) Genel Sekreteri ve Girne Milletvekili Serhat Akp\u0131nar, Bay\u0131nd\u0131rl\u0131k ve Ula\u015ft\u0131rma Bakan\u0131 Erhan Ar\u0131kl\u0131\u2019n\u0131n, F\u0130LO JET gemisi kazas\u0131yla ilgili Meclis g\u00fcndemine ta\u015f\u0131nan sorulara y\u00f6nelik \u201crol kapma\u201d de\u011ferlendirmesine yan\u0131t verdi. Akp\u0131nar, ya\u015fanan facian\u0131n ard\u0131ndan DP olarak Cumhuriyet Meclisi\u2019ne ta\u015f\u0131d\u0131klar\u0131 sorular\u0131n herhangi bir makam veya siyasi rol elde etme amac\u0131 ta\u015f\u0131mad\u0131\u011f\u0131n\u0131 belirterek, \u201cBiz kazan\u0131n nedenini\" \/>\n<meta property=\"og:url\" content=\"https:\/\/kibrisdakik.com\/?p=119767\" \/>\n<meta property=\"article:published_time\" content=\"2026-09-02T06:00:58+00:00\" \/>\n<meta property=\"og:image\" content=\"https:\/\/kibrisdakik.com\/wp-content\/uploads\/2026\/09\/MHAMHA.png\" \/>\n\t<meta property=\"og:image:width\" content=\"706\" \/>\n\t<meta property=\"og:image:height\" content=\"431\" \/>\n\t<meta property=\"og:image:type\" content=\"image\/png\" \/>\n<meta name=\"author\" content=\"admin\" \/>\n<meta name=\"twitter:card\" content=\"summary_large_image\" \/>\n<meta name=\"twitter:label1\" content=\"Yazan:\" \/>\n\t<meta name=\"twitter:data1\" content=\"admin\" \/>\n\t<meta name=\"twitter:label2\" content=\"Tahmini okuma s\u00fcresi\" \/>\n\t<meta name=\"twitter:data2\" content=\"5 dakika\" \/>\n<script type=\"application\/ld+json\" class=\"yoast-schema-graph\">{\"@context\":\"https:\\\/\\\/schema.org\",\"@graph\":[{\"@type\":\"Article\",\"@id\":\"https:\\\/\\\/kibrisdakik.com\\\/?p=119767#article\",\"isPartOf\":{\"@id\":\"https:\\\/\\\/kibrisdakik.com\\\/?p=119767\"},\"author\":{\"name\":\"admin\",\"@id\":\"https:\\\/\\\/kibrisdakik.com\\\/#\\\/schema\\\/person\\\/9cd9d437bbb44f72b73ba127e06d8e79\"},\"headline\":\"Akp\u0131nar: Biz rol istemiyoruz, ger\u00e7e\u011fin ortaya \u00e7\u0131kmas\u0131n\u0131 istiyoruz\",\"datePublished\":\"2026-09-02T06:00:58+00:00\",\"mainEntityOfPage\":{\"@id\":\"https:\\\/\\\/kibrisdakik.com\\\/?p=119767\"},\"wordCount\":1142,\"commentCount\":0,\"publisher\":{\"@id\":\"https:\\\/\\\/kibrisdakik.com\\\/#organization\"},\"image\":{\"@id\":\"https:\\\/\\\/kibrisdakik.com\\\/?p=119767#primaryimage\"},\"thumbnailUrl\":\"https:\\\/\\\/kibrisdakik.com\\\/wp-content\\\/uploads\\\/2026\\\/09\\\/MHAMHA.png\",\"articleSection\":[\"G\u00fcndem\",\"K\u0131br\u0131s\"],\"inLanguage\":\"tr\",\"potentialAction\":[{\"@type\":\"CommentAction\",\"name\":\"Comment\",\"target\":[\"https:\\\/\\\/kibrisdakik.com\\\/?p=119767#respond\"]}]},{\"@type\":\"WebPage\",\"@id\":\"https:\\\/\\\/kibrisdakik.com\\\/?p=119767\",\"url\":\"https:\\\/\\\/kibrisdakik.com\\\/?p=119767\",\"name\":\"Akp\u0131nar: Biz rol istemiyoruz, ger\u00e7e\u011fin ortaya \u00e7\u0131kmas\u0131n\u0131 istiyoruz -\",\"isPartOf\":{\"@id\":\"https:\\\/\\\/kibrisdakik.com\\\/#website\"},\"primaryImageOfPage\":{\"@id\":\"https:\\\/\\\/kibrisdakik.com\\\/?p=119767#primaryimage\"},\"image\":{\"@id\":\"https:\\\/\\\/kibrisdakik.com\\\/?p=119767#primaryimage\"},\"thumbnailUrl\":\"https:\\\/\\\/kibrisdakik.com\\\/wp-content\\\/uploads\\\/2026\\\/09\\\/MHAMHA.png\",\"datePublished\":\"2026-09-02T06:00:58+00:00\",\"breadcrumb\":{\"@id\":\"https:\\\/\\\/kibrisdakik.com\\\/?p=119767#breadcrumb\"},\"inLanguage\":\"tr\",\"potentialAction\":[{\"@type\":\"ReadAction\",\"target\":[\"https:\\\/\\\/kibrisdakik.com\\\/?p=119767\"]}]},{\"@type\":\"ImageObject\",\"inLanguage\":\"tr\",\"@id\":\"https:\\\/\\\/kibrisdakik.com\\\/?p=119767#primaryimage\",\"url\":\"https:\\\/\\\/kibrisdakik.com\\\/wp-content\\\/uploads\\\/2026\\\/09\\\/MHAMHA.png\",\"contentUrl\":\"https:\\\/\\\/kibrisdakik.com\\\/wp-content\\\/uploads\\\/2026\\\/09\\\/MHAMHA.png\",\"width\":706,\"height\":431},{\"@type\":\"BreadcrumbList\",\"@id\":\"https:\\\/\\\/kibrisdakik.com\\\/?p=119767#breadcrumb\",\"itemListElement\":[{\"@type\":\"ListItem\",\"position\":1,\"name\":\"Home\",\"item\":\"https:\\\/\\\/kibrisdakik.com\\\/\"},{\"@type\":\"ListItem\",\"position\":2,\"name\":\"Akp\u0131nar: Biz rol istemiyoruz, ger\u00e7e\u011fin ortaya \u00e7\u0131kmas\u0131n\u0131 istiyoruz\"}]},{\"@type\":\"WebSite\",\"@id\":\"https:\\\/\\\/kibrisdakik.com\\\/#website\",\"url\":\"https:\\\/\\\/kibrisdakik.com\\\/\",\"name\":\"K\u0131br\u0131s Dakik\",\"description\":\"Tam vaktinde haber\",\"publisher\":{\"@id\":\"https:\\\/\\\/kibrisdakik.com\\\/#organization\"},\"potentialAction\":[{\"@type\":\"SearchAction\",\"target\":{\"@type\":\"EntryPoint\",\"urlTemplate\":\"https:\\\/\\\/kibrisdakik.com\\\/?s={search_term_string}\"},\"query-input\":{\"@type\":\"PropertyValueSpecification\",\"valueRequired\":true,\"valueName\":\"search_term_string\"}}],\"inLanguage\":\"tr\"},{\"@type\":\"Organization\",\"@id\":\"https:\\\/\\\/kibrisdakik.com\\\/#organization\",\"name\":\"K\u0131br\u0131s Dakik\",\"url\":\"https:\\\/\\\/kibrisdakik.com\\\/\",\"logo\":{\"@type\":\"ImageObject\",\"inLanguage\":\"tr\",\"@id\":\"https:\\\/\\\/kibrisdakik.com\\\/#\\\/schema\\\/logo\\\/image\\\/\",\"url\":\"https:\\\/\\\/kibrisdakik.com\\\/wp-content\\\/uploads\\\/2025\\\/10\\\/cropped-WhatsApp-Image-2025-10-02-at-12.58.31.jpeg\",\"contentUrl\":\"https:\\\/\\\/kibrisdakik.com\\\/wp-content\\\/uploads\\\/2025\\\/10\\\/cropped-WhatsApp-Image-2025-10-02-at-12.58.31.jpeg\",\"width\":1237,\"height\":190,\"caption\":\"K\u0131br\u0131s Dakik\"},\"image\":{\"@id\":\"https:\\\/\\\/kibrisdakik.com\\\/#\\\/schema\\\/logo\\\/image\\\/\"}},{\"@type\":\"Person\",\"@id\":\"https:\\\/\\\/kibrisdakik.com\\\/#\\\/schema\\\/person\\\/9cd9d437bbb44f72b73ba127e06d8e79\",\"name\":\"admin\",\"image\":{\"@type\":\"ImageObject\",\"inLanguage\":\"tr\",\"@id\":\"https:\\\/\\\/secure.gravatar.com\\\/avatar\\\/ccc17943b9d660506c869530f897617f7cb1c21a4bf30023f252596d83e1f007?s=96&d=mm&r=g\",\"url\":\"https:\\\/\\\/secure.gravatar.com\\\/avatar\\\/ccc17943b9d660506c869530f897617f7cb1c21a4bf30023f252596d83e1f007?s=96&d=mm&r=g\",\"contentUrl\":\"https:\\\/\\\/secure.gravatar.com\\\/avatar\\\/ccc17943b9d660506c869530f897617f7cb1c21a4bf30023f252596d83e1f007?s=96&d=mm&r=g\",\"caption\":\"admin\"},\"sameAs\":[\"https:\\\/\\\/kibrisdakik.com\"],\"url\":\"https:\\\/\\\/kibrisdakik.com\\\/?author=1\"}]}<\/script>\n<!-- \/ Yoast SEO plugin. -->","yoast_head_json":{"title":"Akp\u0131nar: Biz rol istemiyoruz, ger\u00e7e\u011fin ortaya \u00e7\u0131kmas\u0131n\u0131 istiyoruz -","robots":{"index":"index","follow":"follow","max-snippet":"max-snippet:-1","max-image-preview":"max-image-preview:large","max-video-preview":"max-video-preview:-1"},"canonical":"https:\/\/kibrisdakik.com\/?p=119767","og_locale":"tr_TR","og_type":"article","og_title":"Akp\u0131nar: Biz rol istemiyoruz, ger\u00e7e\u011fin ortaya \u00e7\u0131kmas\u0131n\u0131 istiyoruz -","og_description":"Demokrat Parti (DP) Genel Sekreteri ve Girne Milletvekili Serhat Akp\u0131nar, Bay\u0131nd\u0131rl\u0131k ve Ula\u015ft\u0131rma Bakan\u0131 Erhan Ar\u0131kl\u0131\u2019n\u0131n, F\u0130LO JET gemisi kazas\u0131yla ilgili Meclis g\u00fcndemine ta\u015f\u0131nan sorulara y\u00f6nelik \u201crol kapma\u201d de\u011ferlendirmesine yan\u0131t verdi. Akp\u0131nar, ya\u015fanan facian\u0131n ard\u0131ndan DP olarak Cumhuriyet Meclisi\u2019ne ta\u015f\u0131d\u0131klar\u0131 sorular\u0131n herhangi bir makam veya siyasi rol elde etme amac\u0131 ta\u015f\u0131mad\u0131\u011f\u0131n\u0131 belirterek, \u201cBiz kazan\u0131n nedenini","og_url":"https:\/\/kibrisdakik.com\/?p=119767","article_published_time":"2026-09-02T06:00:58+00:00","og_image":[{"width":706,"height":431,"url":"https:\/\/kibrisdakik.com\/wp-content\/uploads\/2026\/09\/MHAMHA.png","type":"image\/png"}],"author":"admin","twitter_card":"summary_large_image","twitter_misc":{"Yazan:":"admin","Tahmini okuma s\u00fcresi":"5 dakika"},"schema":{"@context":"https:\/\/schema.org","@graph":[{"@type":"Article","@id":"https:\/\/kibrisdakik.com\/?p=119767#article","isPartOf":{"@id":"https:\/\/kibrisdakik.com\/?p=119767"},"author":{"name":"admin","@id":"https:\/\/kibrisdakik.com\/#\/schema\/person\/9cd9d437bbb44f72b73ba127e06d8e79"},"headline":"Akp\u0131nar: Biz rol istemiyoruz, ger\u00e7e\u011fin ortaya \u00e7\u0131kmas\u0131n\u0131 istiyoruz","datePublished":"2026-09-02T06:00:58+00:00","mainEntityOfPage":{"@id":"https:\/\/kibrisdakik.com\/?p=119767"},"wordCount":1142,"commentCount":0,"publisher":{"@id":"https:\/\/kibrisdakik.com\/#organization"},"image":{"@id":"https:\/\/kibrisdakik.com\/?p=119767#primaryimage"},"thumbnailUrl":"https:\/\/kibrisdakik.com\/wp-content\/uploads\/2026\/09\/MHAMHA.png","articleSection":["G\u00fcndem","K\u0131br\u0131s"],"inLanguage":"tr","potentialAction":[{"@type":"CommentAction","name":"Comment","target":["https:\/\/kibrisdakik.com\/?p=119767#respond"]}]},{"@type":"WebPage","@id":"https:\/\/kibrisdakik.com\/?p=119767","url":"https:\/\/kibrisdakik.com\/?p=119767","name":"Akp\u0131nar: Biz rol istemiyoruz, ger\u00e7e\u011fin ortaya \u00e7\u0131kmas\u0131n\u0131 istiyoruz -","isPartOf":{"@id":"https:\/\/kibrisdakik.com\/#website"},"primaryImageOfPage":{"@id":"https:\/\/kibrisdakik.com\/?p=119767#primaryimage"},"image":{"@id":"https:\/\/kibrisdakik.com\/?p=119767#primaryimage"},"thumbnailUrl":"https:\/\/kibrisdakik.com\/wp-content\/uploads\/2026\/09\/MHAMHA.png","datePublished":"2026-09-02T06:00:58+00:00","breadcrumb":{"@id":"https:\/\/kibrisdakik.com\/?p=119767#breadcrumb"},"inLanguage":"tr","potentialAction":[{"@type":"ReadAction","target":["https:\/\/kibrisdakik.com\/?p=119767"]}]},{"@type":"ImageObject","inLanguage":"tr","@id":"https:\/\/kibrisdakik.com\/?p=119767#primaryimage","url":"https:\/\/kibrisdakik.com\/wp-content\/uploads\/2026\/09\/MHAMHA.png","contentUrl":"https:\/\/kibrisdakik.com\/wp-content\/uploads\/2026\/09\/MHAMHA.png","width":706,"height":431},{"@type":"BreadcrumbList","@id":"https:\/\/kibrisdakik.com\/?p=119767#breadcrumb","itemListElement":[{"@type":"ListItem","position":1,"name":"Home","item":"https:\/\/kibrisdakik.com\/"},{"@type":"ListItem","position":2,"name":"Akp\u0131nar: Biz rol istemiyoruz, ger\u00e7e\u011fin ortaya \u00e7\u0131kmas\u0131n\u0131 istiyoruz"}]},{"@type":"WebSite","@id":"https:\/\/kibrisdakik.com\/#website","url":"https:\/\/kibrisdakik.com\/","name":"K\u0131br\u0131s Dakik","description":"Tam vaktinde haber","publisher":{"@id":"https:\/\/kibrisdakik.com\/#organization"},"potentialAction":[{"@type":"SearchAction","target":{"@type":"EntryPoint","urlTemplate":"https:\/\/kibrisdakik.com\/?s={search_term_string}"},"query-input":{"@type":"PropertyValueSpecification","valueRequired":true,"valueName":"search_term_string"}}],"inLanguage":"tr"},{"@type":"Organization","@id":"https:\/\/kibrisdakik.com\/#organization","name":"K\u0131br\u0131s Dakik","url":"https:\/\/kibrisdakik.com\/","logo":{"@type":"ImageObject","inLanguage":"tr","@id":"https:\/\/kibrisdakik.com\/#\/schema\/logo\/image\/","url":"https:\/\/kibrisdakik.com\/wp-content\/uploads\/2025\/10\/cropped-WhatsApp-Image-2025-10-02-at-12.58.31.jpeg","contentUrl":"https:\/\/kibrisdakik.com\/wp-content\/uploads\/2025\/10\/cropped-WhatsApp-Image-2025-10-02-at-12.58.31.jpeg","width":1237,"height":190,"caption":"K\u0131br\u0131s Dakik"},"image":{"@id":"https:\/\/kibrisdakik.com\/#\/schema\/logo\/image\/"}},{"@type":"Person","@id":"https:\/\/kibrisdakik.com\/#\/schema\/person\/9cd9d437bbb44f72b73ba127e06d8e79","name":"admin","image":{"@type":"ImageObject","inLanguage":"tr","@id":"https:\/\/secure.gravatar.com\/avatar\/ccc17943b9d660506c869530f897617f7cb1c21a4bf30023f252596d83e1f007?s=96&d=mm&r=g","url":"https:\/\/secure.gravatar.com\/avatar\/ccc17943b9d660506c869530f897617f7cb1c21a4bf30023f252596d83e1f007?s=96&d=mm&r=g","contentUrl":"https:\/\/secure.gravatar.com\/avatar\/ccc17943b9d660506c869530f897617f7cb1c21a4bf30023f252596d83e1f007?s=96&d=mm&r=g","caption":"admin"},"sameAs":["https:\/\/kibrisdakik.com"],"url":"https:\/\/kibrisdakik.com\/?author=1"}]}},"_links":{"self":[{"href":"https:\/\/kibrisdakik.com\/index.php?rest_route=\/wp\/v2\/posts\/119767","targetHints":{"allow":["GET"]}}],"collection":[{"href":"https:\/\/kibrisdakik.com\/index.php?rest_route=\/wp\/v2\/posts"}],"about":[{"href":"https:\/\/kibrisdakik.com\/index.php?rest_route=\/wp\/v2\/types\/post"}],"author":[{"embeddable":true,"href":"https:\/\/kibrisdakik.com\/index.php?rest_route=\/wp\/v2\/users\/1"}],"replies":[{"embeddable":true,"href":"https:\/\/kibrisdakik.com\/index.php?rest_route=%2Fwp%2Fv2%2Fcomments&post=119767"}],"version-history":[{"count":1,"href":"https:\/\/kibrisdakik.com\/index.php?rest_route=\/wp\/v2\/posts\/119767\/revisions"}],"predecessor-version":[{"id":119769,"href":"https:\/\/kibrisdakik.com\/index.php?rest_route=\/wp\/v2\/posts\/119767\/revisions\/119769"}],"wp:featuredmedia":[{"embeddable":true,"href":"https:\/\/kibrisdakik.com\/index.php?rest_route=\/wp\/v2\/media\/119768"}],"wp:attachment":[{"href":"https:\/\/kibrisdakik.com\/index.php?rest_route=%2Fwp%2Fv2%2Fmedia&parent=119767"}],"wp:term":[{"taxonomy":"category","embeddable":true,"href":"https:\/\/kibrisdakik.com\/index.php?rest_route=%2Fwp%2Fv2%2Fcategories&post=119767"},{"taxonomy":"post_tag","embeddable":true,"href":"https:\/\/kibrisdakik.com\/index.php?rest_route=%2Fwp%2Fv2%2Ftags&post=119767"}],"curies":[{"name":"wp","href":"https:\/\/api.w.org\/{rel}","templated":true}]}}