{"id":119775,"date":"2026-09-02T10:04:55","date_gmt":"2026-09-02T07:04:55","guid":{"rendered":"https:\/\/kibrisdakik.com\/?p=119775"},"modified":"2026-09-02T10:04:55","modified_gmt":"2026-09-02T07:04:55","slug":"gemi-faciasinin-4-gununde-arama-kurtarma-calismalari-suruyor","status":"publish","type":"post","link":"https:\/\/kibrisdakik.com\/?p=119775","title":{"rendered":"GEM\u0130 FAC\u0130ASININ 4. G\u00dcN\u00dcNDE ARAMA KURTARMA \u00c7ALI\u015eMALARI S\u00dcR\u00dcYOR"},"content":{"rendered":"<p><\/p>\n<div data-text-id=\"207158\" property=\"articleBody\">\n<p>Girne-Ta\u015fucu seferini yapan Filo Jet isimli yolcu gemisinin alabora olmas\u0131 sonucu meydana gelen facian\u0131n ard\u0131ndan ba\u015flat\u0131lan arama kurtarma \u00e7al\u0131\u015fmalar\u0131 d\u00f6rd\u00fcnc\u00fc g\u00fcn\u00fcnde devam ediyor.<\/p>\n<p>Kay\u0131p 20 ki\u015fiye ula\u015f\u0131lmas\u0131 i\u00e7in denizden ve havadan y\u00fcr\u00fct\u00fclen \u00e7al\u0131\u015fmalar s\u00fcrerken, kay\u0131p yak\u0131nlar\u0131n\u0131n Girne Liman\u0131 \u00f6n\u00fcndeki bekleyi\u015fi bug\u00fcn de devam ediyor.<\/p>\n<p>&#8211; Arama kurtarma \u00e7al\u0131\u015fmalar\u0131na hava ve deniz unsurlar\u0131 destek veriyor<\/p>\n<p>Arama kurtarma \u00e7al\u0131\u015fmalar\u0131na T\u00fcrkiye ve KKTC\u2019ye ait askeri gemi ve botlar\u0131n yan\u0131 s\u0131ra T\u00fcrkiye\u2019den b\u00f6lgeye g\u00f6nderilen askeri u\u00e7ak, insans\u0131z hava ara\u00e7lar\u0131 (\u0130HA) ve helikopterler destek veriyor.<\/p>\n<p>&#8211; TCG I\u015f\u0131n \u00e7al\u0131\u015fmalar\u0131n\u0131 s\u00fcrd\u00fcr\u00fcyor, TCG Alemdar\u2019\u0131n b\u00f6lgede olmas\u0131 bekleniyor<\/p>\n<p>T\u00fcrk Deniz Kuvvetleri envanterinde yer alan Kurtarma ve Yedekleme Gemisi TCG I\u015f\u0131n, d\u00fcn ula\u015ft\u0131\u011f\u0131 Girne a\u00e7\u0131klar\u0131nda, gemi facias\u0131n\u0131n meydana geldi\u011fi b\u00f6lgede ba\u015flatt\u0131\u011f\u0131 arama \u00e7al\u0131\u015fmalar\u0131na devam ediyor.<\/p>\n<p>T\u00fcrk Deniz Kuvvetleri\u2019nin arama kurtarma gemilerinden Denizalt\u0131 Kurtarma Ana Gemisi TCG Alemdar&#8217;\u0131n da TCG I\u015f\u0131n\u2019\u0131n ard\u0131ndan \u00e7al\u0131\u015fmalara kat\u0131lmak \u00fczere bug\u00fcn b\u00f6lgeye gelmesi bekleniyor.<\/p>\n<p>TCG Alemdar, 600 metre derinli\u011fe kadar harici havaland\u0131rma sa\u011flayabiliyor, 90 metreye kadar dal\u0131\u015f yap\u0131lmas\u0131na imk\u00e2n tan\u0131yor ve a\u00e7\u0131k denizde yedekleme g\u00f6revlerinde kullan\u0131labiliyor.<\/p>\n<p>&#8211; Bat\u0131k oldu\u011fu de\u011ferlendirilen cisim 550 metre derinlikte<\/p>\n<p>Cumhurba\u015fkan\u0131 Tufan Erh\u00fcrman, d\u00fcn Girne Liman\u0131\u2019nda kurulan kriz merkezinde yapt\u0131\u011f\u0131 a\u00e7\u0131klamada, bat\u0131k gemi oldu\u011fu de\u011ferlendirilen cismin yakla\u015f\u0131k 550 metre derinlikte tespit edildi\u011fini a\u00e7\u0131klam\u0131\u015ft\u0131.<\/p>\n<p>Erh\u00fcrman, bu derinlikte y\u00fcr\u00fct\u00fclen \u00e7al\u0131\u015fmalar\u0131n \u00e7ok teknik ve hassasiyet gerektiren bir s\u00fcre\u00e7 oldu\u011funu, bu nedenle \u00e7al\u0131\u015fmalar\u0131n yava\u015f ilerledi\u011fini belirtmi\u015fti.<\/p>\n<\/p><\/div>\n","protected":false},"excerpt":{"rendered":"<p>Girne-Ta\u015fucu seferini yapan Filo Jet isimli yolcu gemisinin alabora olmas\u0131 sonucu meydana gelen facian\u0131n ard\u0131ndan ba\u015flat\u0131lan arama kurtarma \u00e7al\u0131\u015fmalar\u0131 d\u00f6rd\u00fcnc\u00fc g\u00fcn\u00fcnde devam ediyor. Kay\u0131p 20 ki\u015fiye ula\u015f\u0131lmas\u0131 i\u00e7in denizden ve havadan y\u00fcr\u00fct\u00fclen \u00e7al\u0131\u015fmalar s\u00fcrerken, kay\u0131p yak\u0131nlar\u0131n\u0131n Girne Liman\u0131 \u00f6n\u00fcndeki bekleyi\u015fi bug\u00fcn de devam ediyor. &#8211; Arama kurtarma \u00e7al\u0131\u015fmalar\u0131na hava ve deniz unsurlar\u0131 destek veriyor Arama<\/p>\n","protected":false},"author":1,"featured_media":119776,"comment_status":"open","ping_status":"open","sticky":false,"template":"","format":"standard","meta":{"footnotes":""},"categories":[81],"tags":[],"class_list":["post-119775","post","type-post","status-publish","format-standard","has-post-thumbnail","hentry","category-kibris"],"yoast_head":"<!-- This site is optimized with the Yoast SEO plugin v28.4 - https:\/\/yoast.com\/product\/yoast-seo-wordpress\/ -->\n<title>GEM\u0130 FAC\u0130ASININ 4. G\u00dcN\u00dcNDE ARAMA KURTARMA \u00c7ALI\u015eMALARI S\u00dcR\u00dcYOR -<\/title>\n<meta name=\"robots\" content=\"index, follow, max-snippet:-1, max-image-preview:large, max-video-preview:-1\" \/>\n<link rel=\"canonical\" href=\"https:\/\/kibrisdakik.com\/?p=119775\" \/>\n<meta property=\"og:locale\" content=\"tr_TR\" \/>\n<meta property=\"og:type\" content=\"article\" \/>\n<meta property=\"og:title\" content=\"GEM\u0130 FAC\u0130ASININ 4. G\u00dcN\u00dcNDE ARAMA KURTARMA \u00c7ALI\u015eMALARI S\u00dcR\u00dcYOR -\" \/>\n<meta property=\"og:description\" content=\"Girne-Ta\u015fucu seferini yapan Filo Jet isimli yolcu gemisinin alabora olmas\u0131 sonucu meydana gelen facian\u0131n ard\u0131ndan ba\u015flat\u0131lan arama kurtarma \u00e7al\u0131\u015fmalar\u0131 d\u00f6rd\u00fcnc\u00fc g\u00fcn\u00fcnde devam ediyor. Kay\u0131p 20 ki\u015fiye ula\u015f\u0131lmas\u0131 i\u00e7in denizden ve havadan y\u00fcr\u00fct\u00fclen \u00e7al\u0131\u015fmalar s\u00fcrerken, kay\u0131p yak\u0131nlar\u0131n\u0131n Girne Liman\u0131 \u00f6n\u00fcndeki bekleyi\u015fi bug\u00fcn de devam ediyor. &#8211; Arama kurtarma \u00e7al\u0131\u015fmalar\u0131na hava ve deniz unsurlar\u0131 destek veriyor Arama\" \/>\n<meta property=\"og:url\" content=\"https:\/\/kibrisdakik.com\/?p=119775\" \/>\n<meta property=\"article:published_time\" content=\"2026-09-02T07:04:55+00:00\" \/>\n<meta property=\"og:image\" content=\"https:\/\/mhahabercom.teimg.com\/crop\/1280x720\/mhahaber-com\/uploads\/2026\/09\/mha-sari-beyaz-7670.png\" \/>\n<meta name=\"author\" content=\"admin\" \/>\n<meta name=\"twitter:card\" content=\"summary_large_image\" \/>\n<meta name=\"twitter:label1\" content=\"Yazan:\" \/>\n\t<meta name=\"twitter:data1\" content=\"admin\" \/>\n\t<meta name=\"twitter:label2\" content=\"Tahmini okuma s\u00fcresi\" \/>\n\t<meta name=\"twitter:data2\" content=\"2 dakika\" \/>\n<script type=\"application\/ld+json\" class=\"yoast-schema-graph\">{\"@context\":\"https:\\\/\\\/schema.org\",\"@graph\":[{\"@type\":\"Article\",\"@id\":\"https:\\\/\\\/kibrisdakik.com\\\/?p=119775#article\",\"isPartOf\":{\"@id\":\"https:\\\/\\\/kibrisdakik.com\\\/?p=119775\"},\"author\":{\"name\":\"admin\",\"@id\":\"https:\\\/\\\/kibrisdakik.com\\\/#\\\/schema\\\/person\\\/9cd9d437bbb44f72b73ba127e06d8e79\"},\"headline\":\"GEM\u0130 FAC\u0130ASININ 4. G\u00dcN\u00dcNDE ARAMA KURTARMA \u00c7ALI\u015eMALARI S\u00dcR\u00dcYOR\",\"datePublished\":\"2026-09-02T07:04:55+00:00\",\"mainEntityOfPage\":{\"@id\":\"https:\\\/\\\/kibrisdakik.com\\\/?p=119775\"},\"wordCount\":328,\"commentCount\":0,\"publisher\":{\"@id\":\"https:\\\/\\\/kibrisdakik.com\\\/#organization\"},\"image\":{\"@id\":\"https:\\\/\\\/kibrisdakik.com\\\/?p=119775#primaryimage\"},\"thumbnailUrl\":\"https:\\\/\\\/kibrisdakik.com\\\/wp-content\\\/uploads\\\/2026\\\/09\\\/mha-sari-beyaz-7670.png\",\"articleSection\":[\"K\u0131br\u0131s\"],\"inLanguage\":\"tr\",\"potentialAction\":[{\"@type\":\"CommentAction\",\"name\":\"Comment\",\"target\":[\"https:\\\/\\\/kibrisdakik.com\\\/?p=119775#respond\"]}]},{\"@type\":\"WebPage\",\"@id\":\"https:\\\/\\\/kibrisdakik.com\\\/?p=119775\",\"url\":\"https:\\\/\\\/kibrisdakik.com\\\/?p=119775\",\"name\":\"GEM\u0130 FAC\u0130ASININ 4. G\u00dcN\u00dcNDE ARAMA KURTARMA \u00c7ALI\u015eMALARI S\u00dcR\u00dcYOR -\",\"isPartOf\":{\"@id\":\"https:\\\/\\\/kibrisdakik.com\\\/#website\"},\"primaryImageOfPage\":{\"@id\":\"https:\\\/\\\/kibrisdakik.com\\\/?p=119775#primaryimage\"},\"image\":{\"@id\":\"https:\\\/\\\/kibrisdakik.com\\\/?p=119775#primaryimage\"},\"thumbnailUrl\":\"https:\\\/\\\/kibrisdakik.com\\\/wp-content\\\/uploads\\\/2026\\\/09\\\/mha-sari-beyaz-7670.png\",\"datePublished\":\"2026-09-02T07:04:55+00:00\",\"breadcrumb\":{\"@id\":\"https:\\\/\\\/kibrisdakik.com\\\/?p=119775#breadcrumb\"},\"inLanguage\":\"tr\",\"potentialAction\":[{\"@type\":\"ReadAction\",\"target\":[\"https:\\\/\\\/kibrisdakik.com\\\/?p=119775\"]}]},{\"@type\":\"ImageObject\",\"inLanguage\":\"tr\",\"@id\":\"https:\\\/\\\/kibrisdakik.com\\\/?p=119775#primaryimage\",\"url\":\"https:\\\/\\\/kibrisdakik.com\\\/wp-content\\\/uploads\\\/2026\\\/09\\\/mha-sari-beyaz-7670.png\",\"contentUrl\":\"https:\\\/\\\/kibrisdakik.com\\\/wp-content\\\/uploads\\\/2026\\\/09\\\/mha-sari-beyaz-7670.png\",\"width\":1280,\"height\":720},{\"@type\":\"BreadcrumbList\",\"@id\":\"https:\\\/\\\/kibrisdakik.com\\\/?p=119775#breadcrumb\",\"itemListElement\":[{\"@type\":\"ListItem\",\"position\":1,\"name\":\"Home\",\"item\":\"https:\\\/\\\/kibrisdakik.com\\\/\"},{\"@type\":\"ListItem\",\"position\":2,\"name\":\"GEM\u0130 FAC\u0130ASININ 4. G\u00dcN\u00dcNDE ARAMA KURTARMA \u00c7ALI\u015eMALARI S\u00dcR\u00dcYOR\"}]},{\"@type\":\"WebSite\",\"@id\":\"https:\\\/\\\/kibrisdakik.com\\\/#website\",\"url\":\"https:\\\/\\\/kibrisdakik.com\\\/\",\"name\":\"K\u0131br\u0131s Dakik\",\"description\":\"Tam vaktinde haber\",\"publisher\":{\"@id\":\"https:\\\/\\\/kibrisdakik.com\\\/#organization\"},\"potentialAction\":[{\"@type\":\"SearchAction\",\"target\":{\"@type\":\"EntryPoint\",\"urlTemplate\":\"https:\\\/\\\/kibrisdakik.com\\\/?s={search_term_string}\"},\"query-input\":{\"@type\":\"PropertyValueSpecification\",\"valueRequired\":true,\"valueName\":\"search_term_string\"}}],\"inLanguage\":\"tr\"},{\"@type\":\"Organization\",\"@id\":\"https:\\\/\\\/kibrisdakik.com\\\/#organization\",\"name\":\"K\u0131br\u0131s Dakik\",\"url\":\"https:\\\/\\\/kibrisdakik.com\\\/\",\"logo\":{\"@type\":\"ImageObject\",\"inLanguage\":\"tr\",\"@id\":\"https:\\\/\\\/kibrisdakik.com\\\/#\\\/schema\\\/logo\\\/image\\\/\",\"url\":\"https:\\\/\\\/kibrisdakik.com\\\/wp-content\\\/uploads\\\/2025\\\/10\\\/cropped-WhatsApp-Image-2025-10-02-at-12.58.31.jpeg\",\"contentUrl\":\"https:\\\/\\\/kibrisdakik.com\\\/wp-content\\\/uploads\\\/2025\\\/10\\\/cropped-WhatsApp-Image-2025-10-02-at-12.58.31.jpeg\",\"width\":1237,\"height\":190,\"caption\":\"K\u0131br\u0131s Dakik\"},\"image\":{\"@id\":\"https:\\\/\\\/kibrisdakik.com\\\/#\\\/schema\\\/logo\\\/image\\\/\"}},{\"@type\":\"Person\",\"@id\":\"https:\\\/\\\/kibrisdakik.com\\\/#\\\/schema\\\/person\\\/9cd9d437bbb44f72b73ba127e06d8e79\",\"name\":\"admin\",\"image\":{\"@type\":\"ImageObject\",\"inLanguage\":\"tr\",\"@id\":\"https:\\\/\\\/secure.gravatar.com\\\/avatar\\\/ccc17943b9d660506c869530f897617f7cb1c21a4bf30023f252596d83e1f007?s=96&d=mm&r=g\",\"url\":\"https:\\\/\\\/secure.gravatar.com\\\/avatar\\\/ccc17943b9d660506c869530f897617f7cb1c21a4bf30023f252596d83e1f007?s=96&d=mm&r=g\",\"contentUrl\":\"https:\\\/\\\/secure.gravatar.com\\\/avatar\\\/ccc17943b9d660506c869530f897617f7cb1c21a4bf30023f252596d83e1f007?s=96&d=mm&r=g\",\"caption\":\"admin\"},\"sameAs\":[\"https:\\\/\\\/kibrisdakik.com\"],\"url\":\"https:\\\/\\\/kibrisdakik.com\\\/?author=1\"}]}<\/script>\n<!-- \/ Yoast SEO plugin. -->","yoast_head_json":{"title":"GEM\u0130 FAC\u0130ASININ 4. G\u00dcN\u00dcNDE ARAMA KURTARMA \u00c7ALI\u015eMALARI S\u00dcR\u00dcYOR -","robots":{"index":"index","follow":"follow","max-snippet":"max-snippet:-1","max-image-preview":"max-image-preview:large","max-video-preview":"max-video-preview:-1"},"canonical":"https:\/\/kibrisdakik.com\/?p=119775","og_locale":"tr_TR","og_type":"article","og_title":"GEM\u0130 FAC\u0130ASININ 4. G\u00dcN\u00dcNDE ARAMA KURTARMA \u00c7ALI\u015eMALARI S\u00dcR\u00dcYOR -","og_description":"Girne-Ta\u015fucu seferini yapan Filo Jet isimli yolcu gemisinin alabora olmas\u0131 sonucu meydana gelen facian\u0131n ard\u0131ndan ba\u015flat\u0131lan arama kurtarma \u00e7al\u0131\u015fmalar\u0131 d\u00f6rd\u00fcnc\u00fc g\u00fcn\u00fcnde devam ediyor. Kay\u0131p 20 ki\u015fiye ula\u015f\u0131lmas\u0131 i\u00e7in denizden ve havadan y\u00fcr\u00fct\u00fclen \u00e7al\u0131\u015fmalar s\u00fcrerken, kay\u0131p yak\u0131nlar\u0131n\u0131n Girne Liman\u0131 \u00f6n\u00fcndeki bekleyi\u015fi bug\u00fcn de devam ediyor. &#8211; Arama kurtarma \u00e7al\u0131\u015fmalar\u0131na hava ve deniz unsurlar\u0131 destek veriyor Arama","og_url":"https:\/\/kibrisdakik.com\/?p=119775","article_published_time":"2026-09-02T07:04:55+00:00","og_image":[{"url":"https:\/\/mhahabercom.teimg.com\/crop\/1280x720\/mhahaber-com\/uploads\/2026\/09\/mha-sari-beyaz-7670.png","type":"","width":"","height":""}],"author":"admin","twitter_card":"summary_large_image","twitter_misc":{"Yazan:":"admin","Tahmini okuma s\u00fcresi":"2 dakika"},"schema":{"@context":"https:\/\/schema.org","@graph":[{"@type":"Article","@id":"https:\/\/kibrisdakik.com\/?p=119775#article","isPartOf":{"@id":"https:\/\/kibrisdakik.com\/?p=119775"},"author":{"name":"admin","@id":"https:\/\/kibrisdakik.com\/#\/schema\/person\/9cd9d437bbb44f72b73ba127e06d8e79"},"headline":"GEM\u0130 FAC\u0130ASININ 4. G\u00dcN\u00dcNDE ARAMA KURTARMA \u00c7ALI\u015eMALARI S\u00dcR\u00dcYOR","datePublished":"2026-09-02T07:04:55+00:00","mainEntityOfPage":{"@id":"https:\/\/kibrisdakik.com\/?p=119775"},"wordCount":328,"commentCount":0,"publisher":{"@id":"https:\/\/kibrisdakik.com\/#organization"},"image":{"@id":"https:\/\/kibrisdakik.com\/?p=119775#primaryimage"},"thumbnailUrl":"https:\/\/kibrisdakik.com\/wp-content\/uploads\/2026\/09\/mha-sari-beyaz-7670.png","articleSection":["K\u0131br\u0131s"],"inLanguage":"tr","potentialAction":[{"@type":"CommentAction","name":"Comment","target":["https:\/\/kibrisdakik.com\/?p=119775#respond"]}]},{"@type":"WebPage","@id":"https:\/\/kibrisdakik.com\/?p=119775","url":"https:\/\/kibrisdakik.com\/?p=119775","name":"GEM\u0130 FAC\u0130ASININ 4. G\u00dcN\u00dcNDE ARAMA KURTARMA \u00c7ALI\u015eMALARI S\u00dcR\u00dcYOR -","isPartOf":{"@id":"https:\/\/kibrisdakik.com\/#website"},"primaryImageOfPage":{"@id":"https:\/\/kibrisdakik.com\/?p=119775#primaryimage"},"image":{"@id":"https:\/\/kibrisdakik.com\/?p=119775#primaryimage"},"thumbnailUrl":"https:\/\/kibrisdakik.com\/wp-content\/uploads\/2026\/09\/mha-sari-beyaz-7670.png","datePublished":"2026-09-02T07:04:55+00:00","breadcrumb":{"@id":"https:\/\/kibrisdakik.com\/?p=119775#breadcrumb"},"inLanguage":"tr","potentialAction":[{"@type":"ReadAction","target":["https:\/\/kibrisdakik.com\/?p=119775"]}]},{"@type":"ImageObject","inLanguage":"tr","@id":"https:\/\/kibrisdakik.com\/?p=119775#primaryimage","url":"https:\/\/kibrisdakik.com\/wp-content\/uploads\/2026\/09\/mha-sari-beyaz-7670.png","contentUrl":"https:\/\/kibrisdakik.com\/wp-content\/uploads\/2026\/09\/mha-sari-beyaz-7670.png","width":1280,"height":720},{"@type":"BreadcrumbList","@id":"https:\/\/kibrisdakik.com\/?p=119775#breadcrumb","itemListElement":[{"@type":"ListItem","position":1,"name":"Home","item":"https:\/\/kibrisdakik.com\/"},{"@type":"ListItem","position":2,"name":"GEM\u0130 FAC\u0130ASININ 4. G\u00dcN\u00dcNDE ARAMA KURTARMA \u00c7ALI\u015eMALARI S\u00dcR\u00dcYOR"}]},{"@type":"WebSite","@id":"https:\/\/kibrisdakik.com\/#website","url":"https:\/\/kibrisdakik.com\/","name":"K\u0131br\u0131s Dakik","description":"Tam vaktinde haber","publisher":{"@id":"https:\/\/kibrisdakik.com\/#organization"},"potentialAction":[{"@type":"SearchAction","target":{"@type":"EntryPoint","urlTemplate":"https:\/\/kibrisdakik.com\/?s={search_term_string}"},"query-input":{"@type":"PropertyValueSpecification","valueRequired":true,"valueName":"search_term_string"}}],"inLanguage":"tr"},{"@type":"Organization","@id":"https:\/\/kibrisdakik.com\/#organization","name":"K\u0131br\u0131s Dakik","url":"https:\/\/kibrisdakik.com\/","logo":{"@type":"ImageObject","inLanguage":"tr","@id":"https:\/\/kibrisdakik.com\/#\/schema\/logo\/image\/","url":"https:\/\/kibrisdakik.com\/wp-content\/uploads\/2025\/10\/cropped-WhatsApp-Image-2025-10-02-at-12.58.31.jpeg","contentUrl":"https:\/\/kibrisdakik.com\/wp-content\/uploads\/2025\/10\/cropped-WhatsApp-Image-2025-10-02-at-12.58.31.jpeg","width":1237,"height":190,"caption":"K\u0131br\u0131s Dakik"},"image":{"@id":"https:\/\/kibrisdakik.com\/#\/schema\/logo\/image\/"}},{"@type":"Person","@id":"https:\/\/kibrisdakik.com\/#\/schema\/person\/9cd9d437bbb44f72b73ba127e06d8e79","name":"admin","image":{"@type":"ImageObject","inLanguage":"tr","@id":"https:\/\/secure.gravatar.com\/avatar\/ccc17943b9d660506c869530f897617f7cb1c21a4bf30023f252596d83e1f007?s=96&d=mm&r=g","url":"https:\/\/secure.gravatar.com\/avatar\/ccc17943b9d660506c869530f897617f7cb1c21a4bf30023f252596d83e1f007?s=96&d=mm&r=g","contentUrl":"https:\/\/secure.gravatar.com\/avatar\/ccc17943b9d660506c869530f897617f7cb1c21a4bf30023f252596d83e1f007?s=96&d=mm&r=g","caption":"admin"},"sameAs":["https:\/\/kibrisdakik.com"],"url":"https:\/\/kibrisdakik.com\/?author=1"}]}},"_links":{"self":[{"href":"https:\/\/kibrisdakik.com\/index.php?rest_route=\/wp\/v2\/posts\/119775","targetHints":{"allow":["GET"]}}],"collection":[{"href":"https:\/\/kibrisdakik.com\/index.php?rest_route=\/wp\/v2\/posts"}],"about":[{"href":"https:\/\/kibrisdakik.com\/index.php?rest_route=\/wp\/v2\/types\/post"}],"author":[{"embeddable":true,"href":"https:\/\/kibrisdakik.com\/index.php?rest_route=\/wp\/v2\/users\/1"}],"replies":[{"embeddable":true,"href":"https:\/\/kibrisdakik.com\/index.php?rest_route=%2Fwp%2Fv2%2Fcomments&post=119775"}],"version-history":[{"count":0,"href":"https:\/\/kibrisdakik.com\/index.php?rest_route=\/wp\/v2\/posts\/119775\/revisions"}],"wp:featuredmedia":[{"embeddable":true,"href":"https:\/\/kibrisdakik.com\/index.php?rest_route=\/wp\/v2\/media\/119776"}],"wp:attachment":[{"href":"https:\/\/kibrisdakik.com\/index.php?rest_route=%2Fwp%2Fv2%2Fmedia&parent=119775"}],"wp:term":[{"taxonomy":"category","embeddable":true,"href":"https:\/\/kibrisdakik.com\/index.php?rest_route=%2Fwp%2Fv2%2Fcategories&post=119775"},{"taxonomy":"post_tag","embeddable":true,"href":"https:\/\/kibrisdakik.com\/index.php?rest_route=%2Fwp%2Fv2%2Ftags&post=119775"}],"curies":[{"name":"wp","href":"https:\/\/api.w.org\/{rel}","templated":true}]}}