{"id":119777,"date":"2026-09-02T10:18:46","date_gmt":"2026-09-02T07:18:46","guid":{"rendered":"https:\/\/kibrisdakik.com\/?p=119777"},"modified":"2026-09-02T10:18:46","modified_gmt":"2026-09-02T07:18:46","slug":"marmarada-iki-ticari-gemi-carpisti","status":"publish","type":"post","link":"https:\/\/kibrisdakik.com\/?p=119777","title":{"rendered":"MARMARA\u2019DA \u0130K\u0130 T\u0130CAR\u0130 GEM\u0130 \u00c7ARPI\u015eTI!"},"content":{"rendered":"<p><\/p>\n<h1>\u0130stanbul\u2019un Silivri a\u00e7\u0131klar\u0131nda iki T\u00fcrk bayrakl\u0131 ticari geminin \u00e7arp\u0131\u015fmas\u0131 sonucu bir gemide bulunan 10 personelle irtibat kesildi. Denizcilik Genel M\u00fcd\u00fcrl\u00fc\u011f\u00fc, Tu\u011fberk \u0130mamo\u011flu isimli geminin batm\u0131\u015f olabilece\u011finin de\u011ferlendirildi\u011fini a\u00e7\u0131klad\u0131.<\/h1>\n<p>\u0130stanbul Valili\u011finden yap\u0131lan a\u00e7\u0131klamaya g\u00f6re kaza, saat 03.00 s\u0131ralar\u0131nda Silivri a\u00e7\u0131klar\u0131n\u0131n yakla\u015f\u0131k 18 mil g\u00fcneyinde meydana geldi. Kocaeli\u2019den Alia\u011fa\u2019ya seyir halinde olan T\u00fcrk bayrakl\u0131 <strong>Alsu<\/strong> isimli ticari gemi ile \u0130skenderun Liman\u0131\u2019ndan Karadeniz Ere\u011fli\u2019ye gitmekte olan T\u00fcrk bayrakl\u0131 <strong>Tu\u011fberk \u0130mamo\u011flu<\/strong> isimli ticari gemi \u00e7arp\u0131\u015ft\u0131.<\/p>\n<p>\u0130hbar \u00fczerine b\u00f6lgeye K\u0131y\u0131 Emniyeti ile Sahil G\u00fcvenlik Marmara ve Bo\u011fazlar Komutanl\u0131\u011f\u0131na ba\u011fl\u0131 \u00e7ok say\u0131da deniz unsuru ve sahil g\u00fcvenlik helikopteri sevk edildi.<\/p>\n<div id=\"ad_121\" data-channel=\"121\" data-advert=\"temedya\" data-rotation=\"120\" class=\"mb-3 text-center\"><\/div>\n<div id=\"ad_121_mobile\" data-channel=\"121\" data-advert=\"temedya\" data-rotation=\"120\" class=\"mb-3 text-center\"><\/div>\n<p>B\u00f6lgede yap\u0131lan ilk incelemelerde Alsu isimli gemide g\u00f6zle g\u00f6r\u00fcn\u00fcr herhangi bir hasar bulunmad\u0131\u011f\u0131 tespit edildi. Ancak Tu\u011fberk \u0130mamo\u011flu isimli gemi ve gemide bulunan 10 personelle kaza sonras\u0131nda irtibat kurulamad\u0131.<\/p>\n<h3>Arama kurtarma \u00e7al\u0131\u015fmalar\u0131 s\u00fcr\u00fcyor<\/h3>\n<p>Denizcilik Genel M\u00fcd\u00fcrl\u00fc\u011f\u00fcnden yap\u0131lan a\u00e7\u0131klamada ise Tu\u011fberk \u0130mamo\u011flu gemisinin yap\u0131lan \u00e7a\u011fr\u0131lara ve gemideki personelin telefonlar\u0131na cevap vermemesi nedeniyle batm\u0131\u015f oldu\u011funun de\u011ferlendirildi\u011fi bildirildi.<\/p>\n<p>B\u00f6lgede bulunan deniz ve hava unsurlar\u0131n\u0131n arama kurtarma \u00e7al\u0131\u015fmalar\u0131n\u0131 s\u00fcrd\u00fcrd\u00fc\u011f\u00fc belirtildi.<\/p>\n<p>Kazayla ilgili inceleme ve arama kurtarma \u00e7al\u0131\u015fmalar\u0131 devam ediyor.<\/p>\n<\/p>\n<div class=\"article-source py-3 small \">\n                <\/div>\n","protected":false},"excerpt":{"rendered":"<p>\u0130stanbul\u2019un Silivri a\u00e7\u0131klar\u0131nda iki T\u00fcrk bayrakl\u0131 ticari geminin \u00e7arp\u0131\u015fmas\u0131 sonucu bir gemide bulunan 10 personelle irtibat kesildi. Denizcilik Genel M\u00fcd\u00fcrl\u00fc\u011f\u00fc, Tu\u011fberk \u0130mamo\u011flu isimli geminin batm\u0131\u015f olabilece\u011finin de\u011ferlendirildi\u011fini a\u00e7\u0131klad\u0131. \u0130stanbul Valili\u011finden yap\u0131lan a\u00e7\u0131klamaya g\u00f6re kaza, saat 03.00 s\u0131ralar\u0131nda Silivri a\u00e7\u0131klar\u0131n\u0131n yakla\u015f\u0131k 18 mil g\u00fcneyinde meydana geldi. Kocaeli\u2019den Alia\u011fa\u2019ya seyir halinde olan T\u00fcrk bayrakl\u0131 Alsu isimli ticari<\/p>\n","protected":false},"author":1,"featured_media":119778,"comment_status":"open","ping_status":"open","sticky":false,"template":"","format":"standard","meta":{"footnotes":""},"categories":[81],"tags":[],"class_list":["post-119777","post","type-post","status-publish","format-standard","has-post-thumbnail","hentry","category-kibris"],"yoast_head":"<!-- This site is optimized with the Yoast SEO plugin v28.4 - https:\/\/yoast.com\/product\/yoast-seo-wordpress\/ -->\n<title>MARMARA\u2019DA \u0130K\u0130 T\u0130CAR\u0130 GEM\u0130 \u00c7ARPI\u015eTI! -<\/title>\n<meta name=\"robots\" content=\"index, follow, max-snippet:-1, max-image-preview:large, max-video-preview:-1\" \/>\n<link rel=\"canonical\" href=\"https:\/\/kibrisdakik.com\/?p=119777\" \/>\n<meta property=\"og:locale\" content=\"tr_TR\" \/>\n<meta property=\"og:type\" content=\"article\" \/>\n<meta property=\"og:title\" content=\"MARMARA\u2019DA \u0130K\u0130 T\u0130CAR\u0130 GEM\u0130 \u00c7ARPI\u015eTI! -\" \/>\n<meta property=\"og:description\" content=\"\u0130stanbul\u2019un Silivri a\u00e7\u0131klar\u0131nda iki T\u00fcrk bayrakl\u0131 ticari geminin \u00e7arp\u0131\u015fmas\u0131 sonucu bir gemide bulunan 10 personelle irtibat kesildi. Denizcilik Genel M\u00fcd\u00fcrl\u00fc\u011f\u00fc, Tu\u011fberk \u0130mamo\u011flu isimli geminin batm\u0131\u015f olabilece\u011finin de\u011ferlendirildi\u011fini a\u00e7\u0131klad\u0131. \u0130stanbul Valili\u011finden yap\u0131lan a\u00e7\u0131klamaya g\u00f6re kaza, saat 03.00 s\u0131ralar\u0131nda Silivri a\u00e7\u0131klar\u0131n\u0131n yakla\u015f\u0131k 18 mil g\u00fcneyinde meydana geldi. Kocaeli\u2019den Alia\u011fa\u2019ya seyir halinde olan T\u00fcrk bayrakl\u0131 Alsu isimli ticari\" \/>\n<meta property=\"og:url\" content=\"https:\/\/kibrisdakik.com\/?p=119777\" \/>\n<meta property=\"article:published_time\" content=\"2026-09-02T07:18:46+00:00\" \/>\n<meta property=\"og:image\" content=\"https:\/\/mhahabercom.teimg.com\/crop\/1280x720\/mhahaber-com\/uploads\/2026\/09\/mha-sari-beyaz-7671.png\" \/>\n<meta name=\"author\" content=\"admin\" \/>\n<meta name=\"twitter:card\" content=\"summary_large_image\" \/>\n<meta name=\"twitter:label1\" content=\"Yazan:\" \/>\n\t<meta name=\"twitter:data1\" content=\"admin\" \/>\n\t<meta name=\"twitter:label2\" content=\"Tahmini okuma s\u00fcresi\" \/>\n\t<meta name=\"twitter:data2\" content=\"1 dakika\" \/>\n<script type=\"application\/ld+json\" class=\"yoast-schema-graph\">{\"@context\":\"https:\\\/\\\/schema.org\",\"@graph\":[{\"@type\":\"Article\",\"@id\":\"https:\\\/\\\/kibrisdakik.com\\\/?p=119777#article\",\"isPartOf\":{\"@id\":\"https:\\\/\\\/kibrisdakik.com\\\/?p=119777\"},\"author\":{\"name\":\"admin\",\"@id\":\"https:\\\/\\\/kibrisdakik.com\\\/#\\\/schema\\\/person\\\/9cd9d437bbb44f72b73ba127e06d8e79\"},\"headline\":\"MARMARA\u2019DA \u0130K\u0130 T\u0130CAR\u0130 GEM\u0130 \u00c7ARPI\u015eTI!\",\"datePublished\":\"2026-09-02T07:18:46+00:00\",\"mainEntityOfPage\":{\"@id\":\"https:\\\/\\\/kibrisdakik.com\\\/?p=119777\"},\"wordCount\":250,\"commentCount\":0,\"publisher\":{\"@id\":\"https:\\\/\\\/kibrisdakik.com\\\/#organization\"},\"image\":{\"@id\":\"https:\\\/\\\/kibrisdakik.com\\\/?p=119777#primaryimage\"},\"thumbnailUrl\":\"https:\\\/\\\/kibrisdakik.com\\\/wp-content\\\/uploads\\\/2026\\\/09\\\/mha-sari-beyaz-7671.png\",\"articleSection\":[\"K\u0131br\u0131s\"],\"inLanguage\":\"tr\",\"potentialAction\":[{\"@type\":\"CommentAction\",\"name\":\"Comment\",\"target\":[\"https:\\\/\\\/kibrisdakik.com\\\/?p=119777#respond\"]}]},{\"@type\":\"WebPage\",\"@id\":\"https:\\\/\\\/kibrisdakik.com\\\/?p=119777\",\"url\":\"https:\\\/\\\/kibrisdakik.com\\\/?p=119777\",\"name\":\"MARMARA\u2019DA \u0130K\u0130 T\u0130CAR\u0130 GEM\u0130 \u00c7ARPI\u015eTI! -\",\"isPartOf\":{\"@id\":\"https:\\\/\\\/kibrisdakik.com\\\/#website\"},\"primaryImageOfPage\":{\"@id\":\"https:\\\/\\\/kibrisdakik.com\\\/?p=119777#primaryimage\"},\"image\":{\"@id\":\"https:\\\/\\\/kibrisdakik.com\\\/?p=119777#primaryimage\"},\"thumbnailUrl\":\"https:\\\/\\\/kibrisdakik.com\\\/wp-content\\\/uploads\\\/2026\\\/09\\\/mha-sari-beyaz-7671.png\",\"datePublished\":\"2026-09-02T07:18:46+00:00\",\"breadcrumb\":{\"@id\":\"https:\\\/\\\/kibrisdakik.com\\\/?p=119777#breadcrumb\"},\"inLanguage\":\"tr\",\"potentialAction\":[{\"@type\":\"ReadAction\",\"target\":[\"https:\\\/\\\/kibrisdakik.com\\\/?p=119777\"]}]},{\"@type\":\"ImageObject\",\"inLanguage\":\"tr\",\"@id\":\"https:\\\/\\\/kibrisdakik.com\\\/?p=119777#primaryimage\",\"url\":\"https:\\\/\\\/kibrisdakik.com\\\/wp-content\\\/uploads\\\/2026\\\/09\\\/mha-sari-beyaz-7671.png\",\"contentUrl\":\"https:\\\/\\\/kibrisdakik.com\\\/wp-content\\\/uploads\\\/2026\\\/09\\\/mha-sari-beyaz-7671.png\",\"width\":1280,\"height\":720},{\"@type\":\"BreadcrumbList\",\"@id\":\"https:\\\/\\\/kibrisdakik.com\\\/?p=119777#breadcrumb\",\"itemListElement\":[{\"@type\":\"ListItem\",\"position\":1,\"name\":\"Home\",\"item\":\"https:\\\/\\\/kibrisdakik.com\\\/\"},{\"@type\":\"ListItem\",\"position\":2,\"name\":\"MARMARA\u2019DA \u0130K\u0130 T\u0130CAR\u0130 GEM\u0130 \u00c7ARPI\u015eTI!\"}]},{\"@type\":\"WebSite\",\"@id\":\"https:\\\/\\\/kibrisdakik.com\\\/#website\",\"url\":\"https:\\\/\\\/kibrisdakik.com\\\/\",\"name\":\"K\u0131br\u0131s Dakik\",\"description\":\"Tam vaktinde haber\",\"publisher\":{\"@id\":\"https:\\\/\\\/kibrisdakik.com\\\/#organization\"},\"potentialAction\":[{\"@type\":\"SearchAction\",\"target\":{\"@type\":\"EntryPoint\",\"urlTemplate\":\"https:\\\/\\\/kibrisdakik.com\\\/?s={search_term_string}\"},\"query-input\":{\"@type\":\"PropertyValueSpecification\",\"valueRequired\":true,\"valueName\":\"search_term_string\"}}],\"inLanguage\":\"tr\"},{\"@type\":\"Organization\",\"@id\":\"https:\\\/\\\/kibrisdakik.com\\\/#organization\",\"name\":\"K\u0131br\u0131s Dakik\",\"url\":\"https:\\\/\\\/kibrisdakik.com\\\/\",\"logo\":{\"@type\":\"ImageObject\",\"inLanguage\":\"tr\",\"@id\":\"https:\\\/\\\/kibrisdakik.com\\\/#\\\/schema\\\/logo\\\/image\\\/\",\"url\":\"https:\\\/\\\/kibrisdakik.com\\\/wp-content\\\/uploads\\\/2025\\\/10\\\/cropped-WhatsApp-Image-2025-10-02-at-12.58.31.jpeg\",\"contentUrl\":\"https:\\\/\\\/kibrisdakik.com\\\/wp-content\\\/uploads\\\/2025\\\/10\\\/cropped-WhatsApp-Image-2025-10-02-at-12.58.31.jpeg\",\"width\":1237,\"height\":190,\"caption\":\"K\u0131br\u0131s Dakik\"},\"image\":{\"@id\":\"https:\\\/\\\/kibrisdakik.com\\\/#\\\/schema\\\/logo\\\/image\\\/\"}},{\"@type\":\"Person\",\"@id\":\"https:\\\/\\\/kibrisdakik.com\\\/#\\\/schema\\\/person\\\/9cd9d437bbb44f72b73ba127e06d8e79\",\"name\":\"admin\",\"image\":{\"@type\":\"ImageObject\",\"inLanguage\":\"tr\",\"@id\":\"https:\\\/\\\/secure.gravatar.com\\\/avatar\\\/ccc17943b9d660506c869530f897617f7cb1c21a4bf30023f252596d83e1f007?s=96&d=mm&r=g\",\"url\":\"https:\\\/\\\/secure.gravatar.com\\\/avatar\\\/ccc17943b9d660506c869530f897617f7cb1c21a4bf30023f252596d83e1f007?s=96&d=mm&r=g\",\"contentUrl\":\"https:\\\/\\\/secure.gravatar.com\\\/avatar\\\/ccc17943b9d660506c869530f897617f7cb1c21a4bf30023f252596d83e1f007?s=96&d=mm&r=g\",\"caption\":\"admin\"},\"sameAs\":[\"https:\\\/\\\/kibrisdakik.com\"],\"url\":\"https:\\\/\\\/kibrisdakik.com\\\/?author=1\"}]}<\/script>\n<!-- \/ Yoast SEO plugin. -->","yoast_head_json":{"title":"MARMARA\u2019DA \u0130K\u0130 T\u0130CAR\u0130 GEM\u0130 \u00c7ARPI\u015eTI! -","robots":{"index":"index","follow":"follow","max-snippet":"max-snippet:-1","max-image-preview":"max-image-preview:large","max-video-preview":"max-video-preview:-1"},"canonical":"https:\/\/kibrisdakik.com\/?p=119777","og_locale":"tr_TR","og_type":"article","og_title":"MARMARA\u2019DA \u0130K\u0130 T\u0130CAR\u0130 GEM\u0130 \u00c7ARPI\u015eTI! -","og_description":"\u0130stanbul\u2019un Silivri a\u00e7\u0131klar\u0131nda iki T\u00fcrk bayrakl\u0131 ticari geminin \u00e7arp\u0131\u015fmas\u0131 sonucu bir gemide bulunan 10 personelle irtibat kesildi. Denizcilik Genel M\u00fcd\u00fcrl\u00fc\u011f\u00fc, Tu\u011fberk \u0130mamo\u011flu isimli geminin batm\u0131\u015f olabilece\u011finin de\u011ferlendirildi\u011fini a\u00e7\u0131klad\u0131. \u0130stanbul Valili\u011finden yap\u0131lan a\u00e7\u0131klamaya g\u00f6re kaza, saat 03.00 s\u0131ralar\u0131nda Silivri a\u00e7\u0131klar\u0131n\u0131n yakla\u015f\u0131k 18 mil g\u00fcneyinde meydana geldi. Kocaeli\u2019den Alia\u011fa\u2019ya seyir halinde olan T\u00fcrk bayrakl\u0131 Alsu isimli ticari","og_url":"https:\/\/kibrisdakik.com\/?p=119777","article_published_time":"2026-09-02T07:18:46+00:00","og_image":[{"url":"https:\/\/mhahabercom.teimg.com\/crop\/1280x720\/mhahaber-com\/uploads\/2026\/09\/mha-sari-beyaz-7671.png","type":"","width":"","height":""}],"author":"admin","twitter_card":"summary_large_image","twitter_misc":{"Yazan:":"admin","Tahmini okuma s\u00fcresi":"1 dakika"},"schema":{"@context":"https:\/\/schema.org","@graph":[{"@type":"Article","@id":"https:\/\/kibrisdakik.com\/?p=119777#article","isPartOf":{"@id":"https:\/\/kibrisdakik.com\/?p=119777"},"author":{"name":"admin","@id":"https:\/\/kibrisdakik.com\/#\/schema\/person\/9cd9d437bbb44f72b73ba127e06d8e79"},"headline":"MARMARA\u2019DA \u0130K\u0130 T\u0130CAR\u0130 GEM\u0130 \u00c7ARPI\u015eTI!","datePublished":"2026-09-02T07:18:46+00:00","mainEntityOfPage":{"@id":"https:\/\/kibrisdakik.com\/?p=119777"},"wordCount":250,"commentCount":0,"publisher":{"@id":"https:\/\/kibrisdakik.com\/#organization"},"image":{"@id":"https:\/\/kibrisdakik.com\/?p=119777#primaryimage"},"thumbnailUrl":"https:\/\/kibrisdakik.com\/wp-content\/uploads\/2026\/09\/mha-sari-beyaz-7671.png","articleSection":["K\u0131br\u0131s"],"inLanguage":"tr","potentialAction":[{"@type":"CommentAction","name":"Comment","target":["https:\/\/kibrisdakik.com\/?p=119777#respond"]}]},{"@type":"WebPage","@id":"https:\/\/kibrisdakik.com\/?p=119777","url":"https:\/\/kibrisdakik.com\/?p=119777","name":"MARMARA\u2019DA \u0130K\u0130 T\u0130CAR\u0130 GEM\u0130 \u00c7ARPI\u015eTI! -","isPartOf":{"@id":"https:\/\/kibrisdakik.com\/#website"},"primaryImageOfPage":{"@id":"https:\/\/kibrisdakik.com\/?p=119777#primaryimage"},"image":{"@id":"https:\/\/kibrisdakik.com\/?p=119777#primaryimage"},"thumbnailUrl":"https:\/\/kibrisdakik.com\/wp-content\/uploads\/2026\/09\/mha-sari-beyaz-7671.png","datePublished":"2026-09-02T07:18:46+00:00","breadcrumb":{"@id":"https:\/\/kibrisdakik.com\/?p=119777#breadcrumb"},"inLanguage":"tr","potentialAction":[{"@type":"ReadAction","target":["https:\/\/kibrisdakik.com\/?p=119777"]}]},{"@type":"ImageObject","inLanguage":"tr","@id":"https:\/\/kibrisdakik.com\/?p=119777#primaryimage","url":"https:\/\/kibrisdakik.com\/wp-content\/uploads\/2026\/09\/mha-sari-beyaz-7671.png","contentUrl":"https:\/\/kibrisdakik.com\/wp-content\/uploads\/2026\/09\/mha-sari-beyaz-7671.png","width":1280,"height":720},{"@type":"BreadcrumbList","@id":"https:\/\/kibrisdakik.com\/?p=119777#breadcrumb","itemListElement":[{"@type":"ListItem","position":1,"name":"Home","item":"https:\/\/kibrisdakik.com\/"},{"@type":"ListItem","position":2,"name":"MARMARA\u2019DA \u0130K\u0130 T\u0130CAR\u0130 GEM\u0130 \u00c7ARPI\u015eTI!"}]},{"@type":"WebSite","@id":"https:\/\/kibrisdakik.com\/#website","url":"https:\/\/kibrisdakik.com\/","name":"K\u0131br\u0131s Dakik","description":"Tam vaktinde haber","publisher":{"@id":"https:\/\/kibrisdakik.com\/#organization"},"potentialAction":[{"@type":"SearchAction","target":{"@type":"EntryPoint","urlTemplate":"https:\/\/kibrisdakik.com\/?s={search_term_string}"},"query-input":{"@type":"PropertyValueSpecification","valueRequired":true,"valueName":"search_term_string"}}],"inLanguage":"tr"},{"@type":"Organization","@id":"https:\/\/kibrisdakik.com\/#organization","name":"K\u0131br\u0131s Dakik","url":"https:\/\/kibrisdakik.com\/","logo":{"@type":"ImageObject","inLanguage":"tr","@id":"https:\/\/kibrisdakik.com\/#\/schema\/logo\/image\/","url":"https:\/\/kibrisdakik.com\/wp-content\/uploads\/2025\/10\/cropped-WhatsApp-Image-2025-10-02-at-12.58.31.jpeg","contentUrl":"https:\/\/kibrisdakik.com\/wp-content\/uploads\/2025\/10\/cropped-WhatsApp-Image-2025-10-02-at-12.58.31.jpeg","width":1237,"height":190,"caption":"K\u0131br\u0131s Dakik"},"image":{"@id":"https:\/\/kibrisdakik.com\/#\/schema\/logo\/image\/"}},{"@type":"Person","@id":"https:\/\/kibrisdakik.com\/#\/schema\/person\/9cd9d437bbb44f72b73ba127e06d8e79","name":"admin","image":{"@type":"ImageObject","inLanguage":"tr","@id":"https:\/\/secure.gravatar.com\/avatar\/ccc17943b9d660506c869530f897617f7cb1c21a4bf30023f252596d83e1f007?s=96&d=mm&r=g","url":"https:\/\/secure.gravatar.com\/avatar\/ccc17943b9d660506c869530f897617f7cb1c21a4bf30023f252596d83e1f007?s=96&d=mm&r=g","contentUrl":"https:\/\/secure.gravatar.com\/avatar\/ccc17943b9d660506c869530f897617f7cb1c21a4bf30023f252596d83e1f007?s=96&d=mm&r=g","caption":"admin"},"sameAs":["https:\/\/kibrisdakik.com"],"url":"https:\/\/kibrisdakik.com\/?author=1"}]}},"_links":{"self":[{"href":"https:\/\/kibrisdakik.com\/index.php?rest_route=\/wp\/v2\/posts\/119777","targetHints":{"allow":["GET"]}}],"collection":[{"href":"https:\/\/kibrisdakik.com\/index.php?rest_route=\/wp\/v2\/posts"}],"about":[{"href":"https:\/\/kibrisdakik.com\/index.php?rest_route=\/wp\/v2\/types\/post"}],"author":[{"embeddable":true,"href":"https:\/\/kibrisdakik.com\/index.php?rest_route=\/wp\/v2\/users\/1"}],"replies":[{"embeddable":true,"href":"https:\/\/kibrisdakik.com\/index.php?rest_route=%2Fwp%2Fv2%2Fcomments&post=119777"}],"version-history":[{"count":0,"href":"https:\/\/kibrisdakik.com\/index.php?rest_route=\/wp\/v2\/posts\/119777\/revisions"}],"wp:featuredmedia":[{"embeddable":true,"href":"https:\/\/kibrisdakik.com\/index.php?rest_route=\/wp\/v2\/media\/119778"}],"wp:attachment":[{"href":"https:\/\/kibrisdakik.com\/index.php?rest_route=%2Fwp%2Fv2%2Fmedia&parent=119777"}],"wp:term":[{"taxonomy":"category","embeddable":true,"href":"https:\/\/kibrisdakik.com\/index.php?rest_route=%2Fwp%2Fv2%2Fcategories&post=119777"},{"taxonomy":"post_tag","embeddable":true,"href":"https:\/\/kibrisdakik.com\/index.php?rest_route=%2Fwp%2Fv2%2Ftags&post=119777"}],"curies":[{"name":"wp","href":"https:\/\/api.w.org\/{rel}","templated":true}]}}