{"id":119779,"date":"2026-09-02T10:45:50","date_gmt":"2026-09-02T07:45:50","guid":{"rendered":"https:\/\/kibrisdakik.com\/?p=119779"},"modified":"2026-09-02T10:45:50","modified_gmt":"2026-09-02T07:45:50","slug":"filo-jet-faciasinda-ilk-bilirkisi-bulgulari-kaptanin-mudahalesi-ve-denetim-sistemi-mercek-altinda","status":"publish","type":"post","link":"https:\/\/kibrisdakik.com\/?p=119779","title":{"rendered":"F\u0130LO JET facias\u0131nda ilk bilirki\u015fi bulgular\u0131: Kaptan\u0131n m\u00fcdahalesi ve denetim sistemi mercek alt\u0131nda"},"content":{"rendered":"<p>F\u0130LO JET facias\u0131yla ilgili y\u00fcr\u00fct\u00fclen soru\u015fturma ve yarg\u0131 s\u00fcrecinde bilirki\u015fi olarak g\u00f6revlendirilen Kaptan Ulus G\u00f6ker, polisle birlikte belgeler ve g\u00f6r\u00fcnt\u00fcler \u00fczerinde yap\u0131lan ilk incelemelere ili\u015fkin de\u011ferlendirmelerde bulundu.<\/p>\n<p>Soru\u015fturman\u0131n hen\u00fcz tamamlanmad\u0131\u011f\u0131n\u0131 ve baz\u0131 kritik belgelerin beklendi\u011fini belirten G\u00f6ker, ilk bulgular\u0131n geminin teknik durumu, kaptan\u0131n kriz an\u0131ndaki m\u00fcdahalesi ve denetim mekanizmas\u0131ndaki eksiklikler \u00fczerinde yo\u011funla\u015ft\u0131\u011f\u0131n\u0131 s\u00f6yledi.<\/p>\n<h3>Kaptan\u0131n kriz y\u00f6netimi ele\u015ftirildi<\/h3>\n<p>G\u00f6ker, kaptan\u0131n kriz an\u0131ndaki sevk ve idaresine ili\u015fkin de\u011ferlendirmelerinde, yolcular\u0131n zaman\u0131nda bilgilendirilmedi\u011fini, geminin h\u0131z\u0131n\u0131n d\u00fc\u015f\u00fcr\u00fclmedi\u011fini ve d\u00fczenli bir tahliye plan\u0131n\u0131n uygulanmad\u0131\u011f\u0131n\u0131 ileri s\u00fcrd\u00fc.<\/p>\n<p>Kaptan\u0131n gemiyi erken terk etti\u011fini belirten G\u00f6ker, yolcu ta\u015f\u0131yan bir gemide kaptan\u0131n g\u00f6revinin yaln\u0131zca seyirden ibaret olmad\u0131\u011f\u0131n\u0131, acil durumlarda yolcular\u0131n bilgilendirilmesi ve tahliyenin y\u00f6netilmesi gerekti\u011fini ifade etti.<\/p>\n<p>Geminin yakla\u015f\u0131k 18-20 knot h\u0131zla ilerledi\u011finin hesapland\u0131\u011f\u0131n\u0131 aktaran G\u00f6ker, h\u0131z\u0131n d\u00fc\u015f\u00fcr\u00fclmesinin ve geminin durdurulmas\u0131n\u0131n bat\u0131\u015f s\u00fcrecini yava\u015flatabilece\u011fini savundu.<\/p>\n<p>G\u00f6ker, \u201cEn basit yapaca\u011f\u0131 \u015fey yolu kesmekti. Yolu kesecek, duracakt\u0131\u201d ifadelerini kullanarak, zaman\u0131nda m\u00fcdahale edilmesi halinde yolcular\u0131n daha d\u00fczenli \u015fekilde tahliye edilebilece\u011fini belirtti.<\/p>\n<h3>Yard\u0131m \u00e7a\u011fr\u0131s\u0131n\u0131n zamanlamas\u0131 inceleniyor<\/h3>\n<p>Kaptan\u0131n zaman\u0131nda yard\u0131m \u00e7a\u011fr\u0131s\u0131 yapmad\u0131\u011f\u0131n\u0131 \u00f6ne s\u00fcren G\u00f6ker, durumun \u00e7evrede bulunan bir denizcinin denizdeki turuncu can sallar\u0131n\u0131 fark ederek Sahil G\u00fcvenlik ekiplerine haber vermesiyle anla\u015f\u0131ld\u0131\u011f\u0131n\u0131 s\u00f6yledi.<\/p>\n<p>Can sallar\u0131n\u0131n personel taraf\u0131ndan planl\u0131 \u015fekilde indirilmedi\u011fini, geminin yan yatmas\u0131 ve batmas\u0131 s\u0131ras\u0131nda bas\u0131n\u00e7 nedeniyle kendili\u011finden a\u00e7\u0131ld\u0131\u011f\u0131n\u0131 belirten G\u00f6ker, gemideki can yele\u011fi ve can sal\u0131 kapasitesinin yeterli g\u00f6r\u00fcnd\u00fc\u011f\u00fcn\u00fc ancak yolculara gerekli y\u00f6nlendirmenin yap\u0131lmad\u0131\u011f\u0131n\u0131 ifade etti.<\/p>\n<h3>Gemi jurnaline ula\u015f\u0131lamad\u0131<\/h3>\n<p>Olay\u0131n dakika dakika seyrinin ortaya \u00e7\u0131kar\u0131lmas\u0131 a\u00e7\u0131s\u0131ndan \u00f6nem ta\u015f\u0131yan gemi jurnaline hen\u00fcz ula\u015f\u0131lamad\u0131\u011f\u0131n\u0131 a\u00e7\u0131klayan G\u00f6ker, normal \u015fartlarda kaptan\u0131n gemiyi en son terk eden ki\u015fi olmas\u0131 gerekti\u011fini s\u00f6yledi.<\/p>\n<p>Kaptan\u0131n gemiyi \u00f6nceden terk etmesi nedeniyle jurnal\u0131n gemide kalm\u0131\u015f olabilece\u011fini belirten G\u00f6ker, F\u0130LO JET\u2019in 21 May\u0131s\u2019ta su ald\u0131\u011f\u0131 anlara ili\u015fkin yolcu g\u00f6r\u00fcnt\u00fclerinin de soru\u015fturma dosyas\u0131na girdi\u011fini aktard\u0131.<\/p>\n<p>Nisan ay\u0131nda haz\u0131rlanan bak\u0131m raporlar\u0131 ile geminin ge\u00e7mi\u015fine ili\u015fkin belgelerin de kar\u015f\u0131la\u015ft\u0131r\u0131ld\u0131\u011f\u0131n\u0131 ifade etti.<\/p>\n<h3>Denetleme kurulunun y\u0131llard\u0131r \u00e7al\u0131\u015ft\u0131r\u0131lmad\u0131\u011f\u0131 iddias\u0131<\/h3>\n<p>G\u00f6ker, soru\u015fturma kapsam\u0131nda dikkat \u00e7eken konulardan birinin de KKTC bayrakl\u0131 ve limanlara gelen gemilerin denetiminden sorumlu kurulun uzun s\u00fcredir aktif olmamas\u0131 oldu\u011funu s\u00f6yledi.<\/p>\n<p>Bir kaptan ve ba\u015fm\u00fchendisten olu\u015fan kurulun, emekliliklerin ard\u0131ndan yeni atamalar yap\u0131lmamas\u0131 nedeniyle yakla\u015f\u0131k 3-5 y\u0131ld\u0131r \u00e7al\u0131\u015ft\u0131r\u0131lmad\u0131\u011f\u0131n\u0131 ileri s\u00fcren G\u00f6ker, bu durumun denetim mekanizmas\u0131nda \u00f6nemli bir bo\u015fluk olu\u015fturdu\u011funu savundu.<\/p>\n<h3>\u00c7\u0131k\u0131\u015f izni ve kaptan\u0131n belgesi inceleniyor<\/h3>\n<p>Gemiye \u00e7\u0131k\u0131\u015f izninin bir telefon g\u00f6r\u00fc\u015fmesinin ard\u0131ndan verildi\u011fi y\u00f6n\u00fcndeki iddialar\u0131 da de\u011ferlendiren G\u00f6ker, yapt\u0131\u011f\u0131 g\u00f6r\u00fc\u015fmelerde bu iddiay\u0131 do\u011frulayamad\u0131\u011f\u0131n\u0131 belirtti.<\/p>\n<p>Belgenin rutin prosed\u00fcr kapsam\u0131nda saat 11.50\u2019de d\u00fczenlendi\u011fini ifade eden G\u00f6ker, kaptan\u0131n Honduras taraf\u0131ndan d\u00fczenlenen yeterlilik belgesine ili\u015fkin de de\u011ferlendirmelerde bulundu.<\/p>\n<p>G\u00f6ker, KKTC bayrakl\u0131 bir gemide g\u00f6rev yapan kaptan\u0131n T\u00fcrkiye Cumhuriyeti taraf\u0131ndan d\u00fczenlenen as\u0131l gemiadam\u0131 belgesi ve liman c\u00fczdan\u0131n\u0131n bulunmas\u0131 gerekti\u011fini savunarak, Honduras belgesinin kabul edilmesinin do\u011fru olmad\u0131\u011f\u0131n\u0131 ileri s\u00fcrd\u00fc.<\/p>\n<h3>Sigorta belgeleri dosyada bulunmuyor<\/h3>\n<p>Soru\u015fturma dosyas\u0131nda yolcu sorumluluk sigortas\u0131 ile tekne ve makine sigortalar\u0131na ili\u015fkin belgelerin bulunmad\u0131\u011f\u0131n\u0131 aktaran G\u00f6ker, s\u00f6z konusu evraklar\u0131n \u015firketten talep edildi\u011fini s\u00f6yledi.<\/p>\n<p>G\u00f6ker, facian\u0131n sorumlulu\u011funun yaln\u0131zca kaptan \u00fczerinden de\u011ferlendirilmemesi gerekti\u011fini belirterek, armat\u00f6r \u015firketin bak\u0131m, onar\u0131m ve denetim y\u00fck\u00fcml\u00fcl\u00fcklerinin de soru\u015fturman\u0131n nihai raporunda ayr\u0131nt\u0131l\u0131 \u015fekilde ele al\u0131naca\u011f\u0131n\u0131 ifade etti.<\/p>\n<p>Soru\u015fturman\u0131n tamamlanmas\u0131 ve beklenen belgelerin dosyaya girmesinin ard\u0131ndan nihai bilirki\u015fi de\u011ferlendirmesinin \u015fekillenmesi bekleniyor.<\/p>\n","protected":false},"excerpt":{"rendered":"<p>F\u0130LO JET facias\u0131yla ilgili y\u00fcr\u00fct\u00fclen soru\u015fturma ve yarg\u0131 s\u00fcrecinde bilirki\u015fi olarak g\u00f6revlendirilen Kaptan Ulus G\u00f6ker, polisle birlikte belgeler ve g\u00f6r\u00fcnt\u00fcler \u00fczerinde yap\u0131lan ilk incelemelere ili\u015fkin de\u011ferlendirmelerde bulundu. Soru\u015fturman\u0131n hen\u00fcz tamamlanmad\u0131\u011f\u0131n\u0131 ve baz\u0131 kritik belgelerin beklendi\u011fini belirten G\u00f6ker, ilk bulgular\u0131n geminin teknik durumu, kaptan\u0131n kriz an\u0131ndaki m\u00fcdahalesi ve denetim mekanizmas\u0131ndaki eksiklikler \u00fczerinde yo\u011funla\u015ft\u0131\u011f\u0131n\u0131 s\u00f6yledi. Kaptan\u0131n kriz<\/p>\n","protected":false},"author":1,"featured_media":119780,"comment_status":"open","ping_status":"open","sticky":false,"template":"","format":"standard","meta":{"footnotes":""},"categories":[1,81],"tags":[],"class_list":["post-119779","post","type-post","status-publish","format-standard","has-post-thumbnail","hentry","category-gundem","category-kibris"],"yoast_head":"<!-- This site is optimized with the Yoast SEO plugin v28.4 - https:\/\/yoast.com\/product\/yoast-seo-wordpress\/ -->\n<title>F\u0130LO JET facias\u0131nda ilk bilirki\u015fi bulgular\u0131: Kaptan\u0131n m\u00fcdahalesi ve denetim sistemi mercek alt\u0131nda -<\/title>\n<meta name=\"robots\" content=\"index, follow, max-snippet:-1, max-image-preview:large, max-video-preview:-1\" \/>\n<link rel=\"canonical\" href=\"https:\/\/kibrisdakik.com\/?p=119779\" \/>\n<meta property=\"og:locale\" content=\"tr_TR\" \/>\n<meta property=\"og:type\" content=\"article\" \/>\n<meta property=\"og:title\" content=\"F\u0130LO JET facias\u0131nda ilk bilirki\u015fi bulgular\u0131: Kaptan\u0131n m\u00fcdahalesi ve denetim sistemi mercek alt\u0131nda -\" \/>\n<meta property=\"og:description\" content=\"F\u0130LO JET facias\u0131yla ilgili y\u00fcr\u00fct\u00fclen soru\u015fturma ve yarg\u0131 s\u00fcrecinde bilirki\u015fi olarak g\u00f6revlendirilen Kaptan Ulus G\u00f6ker, polisle birlikte belgeler ve g\u00f6r\u00fcnt\u00fcler \u00fczerinde yap\u0131lan ilk incelemelere ili\u015fkin de\u011ferlendirmelerde bulundu. Soru\u015fturman\u0131n hen\u00fcz tamamlanmad\u0131\u011f\u0131n\u0131 ve baz\u0131 kritik belgelerin beklendi\u011fini belirten G\u00f6ker, ilk bulgular\u0131n geminin teknik durumu, kaptan\u0131n kriz an\u0131ndaki m\u00fcdahalesi ve denetim mekanizmas\u0131ndaki eksiklikler \u00fczerinde yo\u011funla\u015ft\u0131\u011f\u0131n\u0131 s\u00f6yledi. Kaptan\u0131n kriz\" \/>\n<meta property=\"og:url\" content=\"https:\/\/kibrisdakik.com\/?p=119779\" \/>\n<meta property=\"article:published_time\" content=\"2026-09-02T07:45:50+00:00\" \/>\n<meta property=\"og:image\" content=\"https:\/\/kibrisdakik.com\/wp-content\/uploads\/2026\/09\/MHAMHA-1.png\" \/>\n\t<meta property=\"og:image:width\" content=\"706\" \/>\n\t<meta property=\"og:image:height\" content=\"431\" \/>\n\t<meta property=\"og:image:type\" content=\"image\/png\" \/>\n<meta name=\"author\" content=\"admin\" \/>\n<meta name=\"twitter:card\" content=\"summary_large_image\" \/>\n<meta name=\"twitter:label1\" content=\"Yazan:\" \/>\n\t<meta name=\"twitter:data1\" content=\"admin\" \/>\n\t<meta name=\"twitter:label2\" content=\"Tahmini okuma s\u00fcresi\" \/>\n\t<meta name=\"twitter:data2\" content=\"4 dakika\" \/>\n<script type=\"application\/ld+json\" class=\"yoast-schema-graph\">{\"@context\":\"https:\\\/\\\/schema.org\",\"@graph\":[{\"@type\":\"Article\",\"@id\":\"https:\\\/\\\/kibrisdakik.com\\\/?p=119779#article\",\"isPartOf\":{\"@id\":\"https:\\\/\\\/kibrisdakik.com\\\/?p=119779\"},\"author\":{\"name\":\"admin\",\"@id\":\"https:\\\/\\\/kibrisdakik.com\\\/#\\\/schema\\\/person\\\/9cd9d437bbb44f72b73ba127e06d8e79\"},\"headline\":\"F\u0130LO JET facias\u0131nda ilk bilirki\u015fi bulgular\u0131: Kaptan\u0131n m\u00fcdahalesi ve denetim sistemi mercek alt\u0131nda\",\"datePublished\":\"2026-09-02T07:45:50+00:00\",\"mainEntityOfPage\":{\"@id\":\"https:\\\/\\\/kibrisdakik.com\\\/?p=119779\"},\"wordCount\":758,\"commentCount\":0,\"publisher\":{\"@id\":\"https:\\\/\\\/kibrisdakik.com\\\/#organization\"},\"image\":{\"@id\":\"https:\\\/\\\/kibrisdakik.com\\\/?p=119779#primaryimage\"},\"thumbnailUrl\":\"https:\\\/\\\/kibrisdakik.com\\\/wp-content\\\/uploads\\\/2026\\\/09\\\/MHAMHA-1.png\",\"articleSection\":[\"G\u00fcndem\",\"K\u0131br\u0131s\"],\"inLanguage\":\"tr\",\"potentialAction\":[{\"@type\":\"CommentAction\",\"name\":\"Comment\",\"target\":[\"https:\\\/\\\/kibrisdakik.com\\\/?p=119779#respond\"]}]},{\"@type\":\"WebPage\",\"@id\":\"https:\\\/\\\/kibrisdakik.com\\\/?p=119779\",\"url\":\"https:\\\/\\\/kibrisdakik.com\\\/?p=119779\",\"name\":\"F\u0130LO JET facias\u0131nda ilk bilirki\u015fi bulgular\u0131: Kaptan\u0131n m\u00fcdahalesi ve denetim sistemi mercek alt\u0131nda -\",\"isPartOf\":{\"@id\":\"https:\\\/\\\/kibrisdakik.com\\\/#website\"},\"primaryImageOfPage\":{\"@id\":\"https:\\\/\\\/kibrisdakik.com\\\/?p=119779#primaryimage\"},\"image\":{\"@id\":\"https:\\\/\\\/kibrisdakik.com\\\/?p=119779#primaryimage\"},\"thumbnailUrl\":\"https:\\\/\\\/kibrisdakik.com\\\/wp-content\\\/uploads\\\/2026\\\/09\\\/MHAMHA-1.png\",\"datePublished\":\"2026-09-02T07:45:50+00:00\",\"breadcrumb\":{\"@id\":\"https:\\\/\\\/kibrisdakik.com\\\/?p=119779#breadcrumb\"},\"inLanguage\":\"tr\",\"potentialAction\":[{\"@type\":\"ReadAction\",\"target\":[\"https:\\\/\\\/kibrisdakik.com\\\/?p=119779\"]}]},{\"@type\":\"ImageObject\",\"inLanguage\":\"tr\",\"@id\":\"https:\\\/\\\/kibrisdakik.com\\\/?p=119779#primaryimage\",\"url\":\"https:\\\/\\\/kibrisdakik.com\\\/wp-content\\\/uploads\\\/2026\\\/09\\\/MHAMHA-1.png\",\"contentUrl\":\"https:\\\/\\\/kibrisdakik.com\\\/wp-content\\\/uploads\\\/2026\\\/09\\\/MHAMHA-1.png\",\"width\":706,\"height\":431},{\"@type\":\"BreadcrumbList\",\"@id\":\"https:\\\/\\\/kibrisdakik.com\\\/?p=119779#breadcrumb\",\"itemListElement\":[{\"@type\":\"ListItem\",\"position\":1,\"name\":\"Home\",\"item\":\"https:\\\/\\\/kibrisdakik.com\\\/\"},{\"@type\":\"ListItem\",\"position\":2,\"name\":\"F\u0130LO JET facias\u0131nda ilk bilirki\u015fi bulgular\u0131: Kaptan\u0131n m\u00fcdahalesi ve denetim sistemi mercek alt\u0131nda\"}]},{\"@type\":\"WebSite\",\"@id\":\"https:\\\/\\\/kibrisdakik.com\\\/#website\",\"url\":\"https:\\\/\\\/kibrisdakik.com\\\/\",\"name\":\"K\u0131br\u0131s Dakik\",\"description\":\"Tam vaktinde haber\",\"publisher\":{\"@id\":\"https:\\\/\\\/kibrisdakik.com\\\/#organization\"},\"potentialAction\":[{\"@type\":\"SearchAction\",\"target\":{\"@type\":\"EntryPoint\",\"urlTemplate\":\"https:\\\/\\\/kibrisdakik.com\\\/?s={search_term_string}\"},\"query-input\":{\"@type\":\"PropertyValueSpecification\",\"valueRequired\":true,\"valueName\":\"search_term_string\"}}],\"inLanguage\":\"tr\"},{\"@type\":\"Organization\",\"@id\":\"https:\\\/\\\/kibrisdakik.com\\\/#organization\",\"name\":\"K\u0131br\u0131s Dakik\",\"url\":\"https:\\\/\\\/kibrisdakik.com\\\/\",\"logo\":{\"@type\":\"ImageObject\",\"inLanguage\":\"tr\",\"@id\":\"https:\\\/\\\/kibrisdakik.com\\\/#\\\/schema\\\/logo\\\/image\\\/\",\"url\":\"https:\\\/\\\/kibrisdakik.com\\\/wp-content\\\/uploads\\\/2025\\\/10\\\/cropped-WhatsApp-Image-2025-10-02-at-12.58.31.jpeg\",\"contentUrl\":\"https:\\\/\\\/kibrisdakik.com\\\/wp-content\\\/uploads\\\/2025\\\/10\\\/cropped-WhatsApp-Image-2025-10-02-at-12.58.31.jpeg\",\"width\":1237,\"height\":190,\"caption\":\"K\u0131br\u0131s Dakik\"},\"image\":{\"@id\":\"https:\\\/\\\/kibrisdakik.com\\\/#\\\/schema\\\/logo\\\/image\\\/\"}},{\"@type\":\"Person\",\"@id\":\"https:\\\/\\\/kibrisdakik.com\\\/#\\\/schema\\\/person\\\/9cd9d437bbb44f72b73ba127e06d8e79\",\"name\":\"admin\",\"image\":{\"@type\":\"ImageObject\",\"inLanguage\":\"tr\",\"@id\":\"https:\\\/\\\/secure.gravatar.com\\\/avatar\\\/ccc17943b9d660506c869530f897617f7cb1c21a4bf30023f252596d83e1f007?s=96&d=mm&r=g\",\"url\":\"https:\\\/\\\/secure.gravatar.com\\\/avatar\\\/ccc17943b9d660506c869530f897617f7cb1c21a4bf30023f252596d83e1f007?s=96&d=mm&r=g\",\"contentUrl\":\"https:\\\/\\\/secure.gravatar.com\\\/avatar\\\/ccc17943b9d660506c869530f897617f7cb1c21a4bf30023f252596d83e1f007?s=96&d=mm&r=g\",\"caption\":\"admin\"},\"sameAs\":[\"https:\\\/\\\/kibrisdakik.com\"],\"url\":\"https:\\\/\\\/kibrisdakik.com\\\/?author=1\"}]}<\/script>\n<!-- \/ Yoast SEO plugin. -->","yoast_head_json":{"title":"F\u0130LO JET facias\u0131nda ilk bilirki\u015fi bulgular\u0131: Kaptan\u0131n m\u00fcdahalesi ve denetim sistemi mercek alt\u0131nda -","robots":{"index":"index","follow":"follow","max-snippet":"max-snippet:-1","max-image-preview":"max-image-preview:large","max-video-preview":"max-video-preview:-1"},"canonical":"https:\/\/kibrisdakik.com\/?p=119779","og_locale":"tr_TR","og_type":"article","og_title":"F\u0130LO JET facias\u0131nda ilk bilirki\u015fi bulgular\u0131: Kaptan\u0131n m\u00fcdahalesi ve denetim sistemi mercek alt\u0131nda -","og_description":"F\u0130LO JET facias\u0131yla ilgili y\u00fcr\u00fct\u00fclen soru\u015fturma ve yarg\u0131 s\u00fcrecinde bilirki\u015fi olarak g\u00f6revlendirilen Kaptan Ulus G\u00f6ker, polisle birlikte belgeler ve g\u00f6r\u00fcnt\u00fcler \u00fczerinde yap\u0131lan ilk incelemelere ili\u015fkin de\u011ferlendirmelerde bulundu. Soru\u015fturman\u0131n hen\u00fcz tamamlanmad\u0131\u011f\u0131n\u0131 ve baz\u0131 kritik belgelerin beklendi\u011fini belirten G\u00f6ker, ilk bulgular\u0131n geminin teknik durumu, kaptan\u0131n kriz an\u0131ndaki m\u00fcdahalesi ve denetim mekanizmas\u0131ndaki eksiklikler \u00fczerinde yo\u011funla\u015ft\u0131\u011f\u0131n\u0131 s\u00f6yledi. Kaptan\u0131n kriz","og_url":"https:\/\/kibrisdakik.com\/?p=119779","article_published_time":"2026-09-02T07:45:50+00:00","og_image":[{"width":706,"height":431,"url":"https:\/\/kibrisdakik.com\/wp-content\/uploads\/2026\/09\/MHAMHA-1.png","type":"image\/png"}],"author":"admin","twitter_card":"summary_large_image","twitter_misc":{"Yazan:":"admin","Tahmini okuma s\u00fcresi":"4 dakika"},"schema":{"@context":"https:\/\/schema.org","@graph":[{"@type":"Article","@id":"https:\/\/kibrisdakik.com\/?p=119779#article","isPartOf":{"@id":"https:\/\/kibrisdakik.com\/?p=119779"},"author":{"name":"admin","@id":"https:\/\/kibrisdakik.com\/#\/schema\/person\/9cd9d437bbb44f72b73ba127e06d8e79"},"headline":"F\u0130LO JET facias\u0131nda ilk bilirki\u015fi bulgular\u0131: Kaptan\u0131n m\u00fcdahalesi ve denetim sistemi mercek alt\u0131nda","datePublished":"2026-09-02T07:45:50+00:00","mainEntityOfPage":{"@id":"https:\/\/kibrisdakik.com\/?p=119779"},"wordCount":758,"commentCount":0,"publisher":{"@id":"https:\/\/kibrisdakik.com\/#organization"},"image":{"@id":"https:\/\/kibrisdakik.com\/?p=119779#primaryimage"},"thumbnailUrl":"https:\/\/kibrisdakik.com\/wp-content\/uploads\/2026\/09\/MHAMHA-1.png","articleSection":["G\u00fcndem","K\u0131br\u0131s"],"inLanguage":"tr","potentialAction":[{"@type":"CommentAction","name":"Comment","target":["https:\/\/kibrisdakik.com\/?p=119779#respond"]}]},{"@type":"WebPage","@id":"https:\/\/kibrisdakik.com\/?p=119779","url":"https:\/\/kibrisdakik.com\/?p=119779","name":"F\u0130LO JET facias\u0131nda ilk bilirki\u015fi bulgular\u0131: Kaptan\u0131n m\u00fcdahalesi ve denetim sistemi mercek alt\u0131nda -","isPartOf":{"@id":"https:\/\/kibrisdakik.com\/#website"},"primaryImageOfPage":{"@id":"https:\/\/kibrisdakik.com\/?p=119779#primaryimage"},"image":{"@id":"https:\/\/kibrisdakik.com\/?p=119779#primaryimage"},"thumbnailUrl":"https:\/\/kibrisdakik.com\/wp-content\/uploads\/2026\/09\/MHAMHA-1.png","datePublished":"2026-09-02T07:45:50+00:00","breadcrumb":{"@id":"https:\/\/kibrisdakik.com\/?p=119779#breadcrumb"},"inLanguage":"tr","potentialAction":[{"@type":"ReadAction","target":["https:\/\/kibrisdakik.com\/?p=119779"]}]},{"@type":"ImageObject","inLanguage":"tr","@id":"https:\/\/kibrisdakik.com\/?p=119779#primaryimage","url":"https:\/\/kibrisdakik.com\/wp-content\/uploads\/2026\/09\/MHAMHA-1.png","contentUrl":"https:\/\/kibrisdakik.com\/wp-content\/uploads\/2026\/09\/MHAMHA-1.png","width":706,"height":431},{"@type":"BreadcrumbList","@id":"https:\/\/kibrisdakik.com\/?p=119779#breadcrumb","itemListElement":[{"@type":"ListItem","position":1,"name":"Home","item":"https:\/\/kibrisdakik.com\/"},{"@type":"ListItem","position":2,"name":"F\u0130LO JET facias\u0131nda ilk bilirki\u015fi bulgular\u0131: Kaptan\u0131n m\u00fcdahalesi ve denetim sistemi mercek alt\u0131nda"}]},{"@type":"WebSite","@id":"https:\/\/kibrisdakik.com\/#website","url":"https:\/\/kibrisdakik.com\/","name":"K\u0131br\u0131s Dakik","description":"Tam vaktinde haber","publisher":{"@id":"https:\/\/kibrisdakik.com\/#organization"},"potentialAction":[{"@type":"SearchAction","target":{"@type":"EntryPoint","urlTemplate":"https:\/\/kibrisdakik.com\/?s={search_term_string}"},"query-input":{"@type":"PropertyValueSpecification","valueRequired":true,"valueName":"search_term_string"}}],"inLanguage":"tr"},{"@type":"Organization","@id":"https:\/\/kibrisdakik.com\/#organization","name":"K\u0131br\u0131s Dakik","url":"https:\/\/kibrisdakik.com\/","logo":{"@type":"ImageObject","inLanguage":"tr","@id":"https:\/\/kibrisdakik.com\/#\/schema\/logo\/image\/","url":"https:\/\/kibrisdakik.com\/wp-content\/uploads\/2025\/10\/cropped-WhatsApp-Image-2025-10-02-at-12.58.31.jpeg","contentUrl":"https:\/\/kibrisdakik.com\/wp-content\/uploads\/2025\/10\/cropped-WhatsApp-Image-2025-10-02-at-12.58.31.jpeg","width":1237,"height":190,"caption":"K\u0131br\u0131s Dakik"},"image":{"@id":"https:\/\/kibrisdakik.com\/#\/schema\/logo\/image\/"}},{"@type":"Person","@id":"https:\/\/kibrisdakik.com\/#\/schema\/person\/9cd9d437bbb44f72b73ba127e06d8e79","name":"admin","image":{"@type":"ImageObject","inLanguage":"tr","@id":"https:\/\/secure.gravatar.com\/avatar\/ccc17943b9d660506c869530f897617f7cb1c21a4bf30023f252596d83e1f007?s=96&d=mm&r=g","url":"https:\/\/secure.gravatar.com\/avatar\/ccc17943b9d660506c869530f897617f7cb1c21a4bf30023f252596d83e1f007?s=96&d=mm&r=g","contentUrl":"https:\/\/secure.gravatar.com\/avatar\/ccc17943b9d660506c869530f897617f7cb1c21a4bf30023f252596d83e1f007?s=96&d=mm&r=g","caption":"admin"},"sameAs":["https:\/\/kibrisdakik.com"],"url":"https:\/\/kibrisdakik.com\/?author=1"}]}},"_links":{"self":[{"href":"https:\/\/kibrisdakik.com\/index.php?rest_route=\/wp\/v2\/posts\/119779","targetHints":{"allow":["GET"]}}],"collection":[{"href":"https:\/\/kibrisdakik.com\/index.php?rest_route=\/wp\/v2\/posts"}],"about":[{"href":"https:\/\/kibrisdakik.com\/index.php?rest_route=\/wp\/v2\/types\/post"}],"author":[{"embeddable":true,"href":"https:\/\/kibrisdakik.com\/index.php?rest_route=\/wp\/v2\/users\/1"}],"replies":[{"embeddable":true,"href":"https:\/\/kibrisdakik.com\/index.php?rest_route=%2Fwp%2Fv2%2Fcomments&post=119779"}],"version-history":[{"count":1,"href":"https:\/\/kibrisdakik.com\/index.php?rest_route=\/wp\/v2\/posts\/119779\/revisions"}],"predecessor-version":[{"id":119781,"href":"https:\/\/kibrisdakik.com\/index.php?rest_route=\/wp\/v2\/posts\/119779\/revisions\/119781"}],"wp:featuredmedia":[{"embeddable":true,"href":"https:\/\/kibrisdakik.com\/index.php?rest_route=\/wp\/v2\/media\/119780"}],"wp:attachment":[{"href":"https:\/\/kibrisdakik.com\/index.php?rest_route=%2Fwp%2Fv2%2Fmedia&parent=119779"}],"wp:term":[{"taxonomy":"category","embeddable":true,"href":"https:\/\/kibrisdakik.com\/index.php?rest_route=%2Fwp%2Fv2%2Fcategories&post=119779"},{"taxonomy":"post_tag","embeddable":true,"href":"https:\/\/kibrisdakik.com\/index.php?rest_route=%2Fwp%2Fv2%2Ftags&post=119779"}],"curies":[{"name":"wp","href":"https:\/\/api.w.org\/{rel}","templated":true}]}}