{"id":119782,"date":"2026-09-02T10:56:55","date_gmt":"2026-09-02T07:56:55","guid":{"rendered":"https:\/\/kibrisdakik.com\/?p=119782"},"modified":"2026-09-02T10:56:55","modified_gmt":"2026-09-02T07:56:55","slug":"barolar-birligi-gemi-faciasinda-izin-denetim-ve-gozetim-gorevleri-incelenmeli","status":"publish","type":"post","link":"https:\/\/kibrisdakik.com\/?p=119782","title":{"rendered":"BAROLAR B\u0130RL\u0130\u011e\u0130: \u201cGEM\u0130 FAC\u0130ASINDA \u0130Z\u0130N, DENET\u0130M VE G\u00d6ZET\u0130M G\u00d6REVLER\u0130 \u0130NCELENMEL\u0130\u201d"},"content":{"rendered":"<p><\/p>\n<div data-text-id=\"207161\" property=\"articleBody\">\n<p>Faciada hayat\u0131n\u0131 kaybedenlerin yak\u0131nlar\u0131na ba\u015fsa\u011fl\u0131\u011f\u0131 dile\u011finde bulunan Barolar Birli\u011fi, kazan\u0131n nedenlerinin ve varsa sorumlular\u0131n\u0131n ortaya \u00e7\u0131kar\u0131lmas\u0131 amac\u0131yla y\u00fcr\u00fct\u00fclen soru\u015fturman\u0131n yak\u0131ndan takip edildi\u011fini kaydetti.<\/p>\n<p>A\u00e7\u0131klamada, geminin sefere \u00e7\u0131kmas\u0131na izin veren makamlar\u0131n, yap\u0131lan denetimlerin ve kamu kurumlar\u0131n\u0131n deniz emniyeti kapsam\u0131nda yerine getirmesi gereken g\u00f6revlerin de soru\u015fturma kapsam\u0131nda ele al\u0131nmas\u0131 gerekti\u011fi vurguland\u0131.<\/p>\n<h3>\u201cCezai soru\u015fturma idari sorumlulu\u011fun ara\u015ft\u0131r\u0131lmas\u0131n\u0131 ortadan kald\u0131rmaz\u201d<\/h3>\n<p>Barolar Birli\u011fi, deniz kazalar\u0131nda cezai sorumluluk ile idari ve siyasi sorumlulu\u011fun farkl\u0131 nitelikte oldu\u011funu belirterek, devam eden cezai soru\u015fturman\u0131n kamu kurumlar\u0131n\u0131n g\u00f6revlerini yerine getirip getirmedi\u011finin ayr\u0131ca ara\u015ft\u0131r\u0131lmas\u0131na engel olmad\u0131\u011f\u0131n\u0131 ifade etti.<\/p>\n<p>A\u00e7\u0131klamada, Uluslararas\u0131 Denizcilik \u00d6rg\u00fct\u00fc (IMO) taraf\u0131ndan kabul edilen MSC.255(84) say\u0131l\u0131 Deniz Kazalar\u0131 Soru\u015fturma Kodu\u2019na at\u0131fta bulunularak, deniz kazalar\u0131na ili\u015fkin soru\u015fturmalar\u0131n tarafs\u0131z ve i\u015flevsel olarak ba\u011f\u0131ms\u0131z y\u00fcr\u00fct\u00fclmesi gerekti\u011fi belirtildi.<\/p>\n<p>Soru\u015fturmay\u0131 y\u00fcr\u00fcten ki\u015filerin kazaya kar\u0131\u015fan taraflardan ve kazaya ili\u015fkin idari veya disiplin i\u015flemi yapma yetkisine sahip makamlardan ba\u011f\u0131ms\u0131z olmas\u0131 gerekti\u011fine dikkat \u00e7ekildi.<\/p>\n<p>Bu ba\u011f\u0131ms\u0131zl\u0131\u011f\u0131n yaln\u0131zca \u015fekli bir g\u00fcvence olmamas\u0131 gerekti\u011fi belirtilen a\u00e7\u0131klamada, soru\u015fturmac\u0131lar\u0131n delillerin toplanmas\u0131 ve de\u011ferlendirilmesi, kazan\u0131n nedenlerinin belirlenmesi ve g\u00fcvenlik tavsiyelerinin haz\u0131rlanmas\u0131 s\u00fcre\u00e7lerinde d\u0131\u015far\u0131dan m\u00fcdahale veya y\u00f6nlendirmeye maruz kalmamas\u0131 gerekti\u011fi kaydedildi.<\/p>\n<h3>AB d\u00fczenlemelerine de dikkat \u00e7ekildi<\/h3>\n<p>Barolar Birli\u011fi, Avrupa Birli\u011fi\u2019nin deniz kazalar\u0131n\u0131n ara\u015ft\u0131r\u0131lmas\u0131na ili\u015fkin 2009\/18\/EC say\u0131l\u0131 Direktifi\u2019ne de i\u015faret etti.<\/p>\n<p>Direktif kapsam\u0131nda soru\u015fturmay\u0131 y\u00fcr\u00fcten makam\u0131n, \u00e7\u0131karlar\u0131 soru\u015fturmayla \u00e7at\u0131\u015fabilecek ki\u015fi ve kurumlardan \u00f6rg\u00fctsel, hukuki ve karar alma s\u00fcre\u00e7leri bak\u0131m\u0131ndan ba\u011f\u0131ms\u0131z olmas\u0131 gerekti\u011fi ifade edildi.<\/p>\n<p>A\u00e7\u0131klamada ayr\u0131ca, Avrupa Birli\u011fi Adalet Divan\u0131\u2019n\u0131n ilgili karar\u0131nda, deniz g\u00fcvenli\u011finin denetimi ve uygulanmas\u0131nda g\u00f6rev alan ki\u015filerin ayn\u0131 zamanda deniz kazalar\u0131n\u0131 ara\u015ft\u0131ran kurulda yer almas\u0131n\u0131n ba\u011f\u0131ms\u0131zl\u0131k ilkesiyle ba\u011fda\u015fmad\u0131\u011f\u0131 y\u00f6n\u00fcndeki de\u011ferlendirmeye dikkat \u00e7ekildi.<\/p>\n<p>Barolar Birli\u011fi, soru\u015fturman\u0131n ba\u011f\u0131ms\u0131zl\u0131\u011f\u0131 a\u00e7\u0131s\u0131ndan yaln\u0131zca soru\u015fturmay\u0131 yapan ki\u015filerin tarafs\u0131z davran\u0131p davranmad\u0131\u011f\u0131n\u0131n de\u011fil, soru\u015fturulan idari yap\u0131 ile soru\u015fturmay\u0131 y\u00fcr\u00fcten yap\u0131 aras\u0131ndaki ili\u015fkinin de dikkate al\u0131nmas\u0131 gerekti\u011fini belirtti.<\/p>\n<h3>\u201cGemiye sefere \u00e7\u0131kma iznini kim verdi?\u201d<\/h3>\n<p>Barolar Birli\u011fi, facian\u0131n t\u00fcm y\u00f6nleriyle ayd\u0131nlat\u0131lmas\u0131 i\u00e7in geminin sefere \u00e7\u0131kmas\u0131na hangi makamlar\u0131n ve hangi denetimler sonucunda izin verdi\u011finin ortaya \u00e7\u0131kar\u0131lmas\u0131n\u0131 istedi.<\/p>\n<p>A\u00e7\u0131klamada, gerekli teknik ve idari denetimlerin yap\u0131l\u0131p yap\u0131lmad\u0131\u011f\u0131, geminin denize elveri\u015flilik ve g\u00fcvenlik \u015fartlar\u0131n\u0131 ta\u015f\u0131y\u0131p ta\u015f\u0131mad\u0131\u011f\u0131 ve ilgili kamu kurumlar\u0131n\u0131n denetim ve g\u00f6zetim g\u00f6revlerini yerine getirip getirmedi\u011finin ara\u015ft\u0131r\u0131lmas\u0131 gerekti\u011fi vurguland\u0131.<\/p>\n<p>Kamu kurumlar\u0131n\u0131n i\u015flem veya ihmallerinin soru\u015fturman\u0131n konusu olmas\u0131 halinde, ayn\u0131 kurumlar\u0131n soru\u015fturman\u0131n y\u00fcr\u00fct\u00fclmesi veya y\u00f6nlendirilmesi \u00fczerinde etkili olmas\u0131n\u0131n ba\u011f\u0131ms\u0131z soru\u015fturma ilkesiyle ba\u011fda\u015fmayaca\u011f\u0131 kaydedildi.<\/p>\n<h3>\u00c7\u0131kar \u00e7at\u0131\u015fmas\u0131 uyar\u0131s\u0131<\/h3>\n<p>A\u00e7\u0131klamada OECD\u2019nin Kamu Hizmetinde \u00c7\u0131kar \u00c7at\u0131\u015fmas\u0131n\u0131n Y\u00f6netimine \u0130li\u015fkin Rehber \u0130lkeleri\u2019ne de at\u0131fta bulunuldu.<\/p>\n<p>Ger\u00e7ek bir \u00e7\u0131kar \u00e7at\u0131\u015fmas\u0131n\u0131n yan\u0131 s\u0131ra d\u0131\u015far\u0131dan bak\u0131ld\u0131\u011f\u0131nda tarafs\u0131zl\u0131k konusunda hakl\u0131 \u015f\u00fcphe olu\u015fturabilecek g\u00f6r\u00fcn\u00fcr \u00e7\u0131kar \u00e7at\u0131\u015fmalar\u0131n\u0131n da dikkate al\u0131nmas\u0131 gerekti\u011fi belirtilen a\u00e7\u0131klamada, gerekli durumlarda ilgili ki\u015filerin karar s\u00fcre\u00e7lerinden \u00e7ekilmesi, yetkilerinin s\u0131n\u0131rland\u0131r\u0131lmas\u0131 veya ba\u015fka ki\u015filere devredilmesi gibi y\u00f6ntemlerin uygulanabilece\u011fi ifade edildi.<\/p>\n<p>Soru\u015fturma s\u00fcresince ilgili yetkilerden \u00e7ekilmenin veya ge\u00e7ici olarak el \u00e7ektirmenin bir su\u00e7luluk tespiti anlam\u0131na gelmedi\u011fi vurgulanarak, bunun soru\u015fturman\u0131n ba\u011f\u0131ms\u0131zl\u0131\u011f\u0131n\u0131 korumaya y\u00f6nelik bir tedbir oldu\u011fu belirtildi.<\/p>\n<h3>Barolar Birli\u011fi\u2019nin talepleri<\/h3>\n<p>K\u0131br\u0131s T\u00fcrk Barolar Birli\u011fi, soru\u015fturman\u0131n kapsaml\u0131 ve ba\u011f\u0131ms\u0131z \u015fekilde y\u00fcr\u00fct\u00fclmesi i\u00e7in \u015fu talepleri s\u0131ralad\u0131:<\/p>\n<ul>&#13;<\/p>\n<li>&#13;\n<p>Kazaya ili\u015fkin t\u00fcm teknik kay\u0131tlar\u0131n, izin ve ruhsat dosyalar\u0131n\u0131n, denetim kay\u0131tlar\u0131n\u0131n, kurumlar aras\u0131 yaz\u0131\u015fmalar\u0131n ve di\u011fer delillerin gecikmeksizin muhafaza alt\u0131na al\u0131nmas\u0131,<\/p>\n<p>                                &#13;\n <\/li>\n<p>&#13;<\/p>\n<li>&#13;\n<p>Kazan\u0131n gemi \u015firketi, kaptan ve m\u00fcrettebat\u0131n yan\u0131 s\u0131ra ilgili kamu kurumlar\u0131n\u0131n izin, denetim ve g\u00f6zetim g\u00f6revleri bak\u0131m\u0131ndan da ara\u015ft\u0131r\u0131lmas\u0131,<\/p>\n<p>&#13;\n <\/li>\n<p>&#13;<\/p>\n<li>&#13;\n<p>\u0130darenin olas\u0131 kusur veya ihmalinin, sorumlulu\u011fu ara\u015ft\u0131r\u0131labilecek bakanl\u0131k ve kurumlardan ba\u011f\u0131ms\u0131z \u015fekilde incelenmesi,<\/p>\n<p>&#13;\n <\/li>\n<p>&#13;<\/p>\n<li>&#13;\n<p>Soru\u015fturman\u0131n konusu olabilecek makamlar\u0131n soru\u015fturman\u0131n kapsam\u0131, delillerin toplanmas\u0131 ve de\u011ferlendirilmesi ile sonu\u00e7lar\u0131 \u00fczerinde etkide bulunmas\u0131n\u0131n \u00f6nlenmesi,<\/p>\n<p>&#13;\n <\/li>\n<p>&#13;<\/p>\n<li>&#13;\n<p>Gerekli g\u00f6r\u00fclmesi halinde siyasi veya idari makamlar\u0131n soru\u015fturmayla ilgili yetkilerinin ge\u00e7ici olarak ba\u015fka bir makama devredilmesi veya bu yetkilerin kullan\u0131m\u0131ndan \u00e7ekilmelerinin sa\u011flanmas\u0131,<\/p>\n<p>&#13;\n <\/li>\n<p>&#13;<\/p>\n<li>&#13;\n<p>Soru\u015fturma sonucunda cezai sorumlulu\u011fun yan\u0131 s\u0131ra varsa idari ve siyasi sorumlulu\u011fun da ortaya konulmas\u0131.<\/p>\n<p>&#13;\n <\/li>\n<p>&#13;\n<\/ul>\n<p>Barolar Birli\u011fi, facian\u0131n t\u00fcm y\u00f6nleriyle ayd\u0131nlat\u0131lmas\u0131 ve benzer olaylar\u0131n tekrar ya\u015fanmamas\u0131 i\u00e7in soru\u015fturman\u0131n yaln\u0131zca ba\u011f\u0131ms\u0131z y\u00fcr\u00fct\u00fclmesinin de\u011fil, bu ba\u011f\u0131ms\u0131zl\u0131\u011f\u0131n kurumsal olarak da g\u00fcvence alt\u0131na al\u0131nmas\u0131n\u0131n \u00f6nem ta\u015f\u0131d\u0131\u011f\u0131n\u0131 belirtti.<\/p>\n<p>K\u0131br\u0131s T\u00fcrk Barolar Birli\u011fi, s\u00fcre\u00e7te \u00fczerlerine d\u00fc\u015fen her g\u00f6revi yerine getirmeye haz\u0131r olduklar\u0131n\u0131 kamuoyuna ve ilgili makamlara bildirdi.<\/p>\n<\/p><\/div>\n","protected":false},"excerpt":{"rendered":"<p>Faciada hayat\u0131n\u0131 kaybedenlerin yak\u0131nlar\u0131na ba\u015fsa\u011fl\u0131\u011f\u0131 dile\u011finde bulunan Barolar Birli\u011fi, kazan\u0131n nedenlerinin ve varsa sorumlular\u0131n\u0131n ortaya \u00e7\u0131kar\u0131lmas\u0131 amac\u0131yla y\u00fcr\u00fct\u00fclen soru\u015fturman\u0131n yak\u0131ndan takip edildi\u011fini kaydetti. A\u00e7\u0131klamada, geminin sefere \u00e7\u0131kmas\u0131na izin veren makamlar\u0131n, yap\u0131lan denetimlerin ve kamu kurumlar\u0131n\u0131n deniz emniyeti kapsam\u0131nda yerine getirmesi gereken g\u00f6revlerin de soru\u015fturma kapsam\u0131nda ele al\u0131nmas\u0131 gerekti\u011fi vurguland\u0131. \u201cCezai soru\u015fturma idari sorumlulu\u011fun ara\u015ft\u0131r\u0131lmas\u0131n\u0131 ortadan<\/p>\n","protected":false},"author":1,"featured_media":119783,"comment_status":"open","ping_status":"open","sticky":false,"template":"","format":"standard","meta":{"footnotes":""},"categories":[81],"tags":[],"class_list":["post-119782","post","type-post","status-publish","format-standard","has-post-thumbnail","hentry","category-kibris"],"yoast_head":"<!-- This site is optimized with the Yoast SEO plugin v28.4 - https:\/\/yoast.com\/product\/yoast-seo-wordpress\/ -->\n<title>BAROLAR B\u0130RL\u0130\u011e\u0130: \u201cGEM\u0130 FAC\u0130ASINDA \u0130Z\u0130N, DENET\u0130M VE G\u00d6ZET\u0130M G\u00d6REVLER\u0130 \u0130NCELENMEL\u0130\u201d -<\/title>\n<meta name=\"robots\" content=\"index, follow, max-snippet:-1, max-image-preview:large, max-video-preview:-1\" \/>\n<link rel=\"canonical\" href=\"https:\/\/kibrisdakik.com\/?p=119782\" \/>\n<meta property=\"og:locale\" content=\"tr_TR\" \/>\n<meta property=\"og:type\" content=\"article\" \/>\n<meta property=\"og:title\" content=\"BAROLAR B\u0130RL\u0130\u011e\u0130: \u201cGEM\u0130 FAC\u0130ASINDA \u0130Z\u0130N, DENET\u0130M VE G\u00d6ZET\u0130M G\u00d6REVLER\u0130 \u0130NCELENMEL\u0130\u201d -\" \/>\n<meta property=\"og:description\" content=\"Faciada hayat\u0131n\u0131 kaybedenlerin yak\u0131nlar\u0131na ba\u015fsa\u011fl\u0131\u011f\u0131 dile\u011finde bulunan Barolar Birli\u011fi, kazan\u0131n nedenlerinin ve varsa sorumlular\u0131n\u0131n ortaya \u00e7\u0131kar\u0131lmas\u0131 amac\u0131yla y\u00fcr\u00fct\u00fclen soru\u015fturman\u0131n yak\u0131ndan takip edildi\u011fini kaydetti. A\u00e7\u0131klamada, geminin sefere \u00e7\u0131kmas\u0131na izin veren makamlar\u0131n, yap\u0131lan denetimlerin ve kamu kurumlar\u0131n\u0131n deniz emniyeti kapsam\u0131nda yerine getirmesi gereken g\u00f6revlerin de soru\u015fturma kapsam\u0131nda ele al\u0131nmas\u0131 gerekti\u011fi vurguland\u0131. \u201cCezai soru\u015fturma idari sorumlulu\u011fun ara\u015ft\u0131r\u0131lmas\u0131n\u0131 ortadan\" \/>\n<meta property=\"og:url\" content=\"https:\/\/kibrisdakik.com\/?p=119782\" \/>\n<meta property=\"article:published_time\" content=\"2026-09-02T07:56:55+00:00\" \/>\n<meta property=\"og:image\" content=\"https:\/\/mhahabercom.teimg.com\/crop\/1280x720\/mhahaber-com\/uploads\/2026\/09\/mha-sari-beyaz-7672.png\" \/>\n<meta name=\"author\" content=\"admin\" \/>\n<meta name=\"twitter:card\" content=\"summary_large_image\" \/>\n<meta name=\"twitter:label1\" content=\"Yazan:\" \/>\n\t<meta name=\"twitter:data1\" content=\"admin\" \/>\n\t<meta name=\"twitter:label2\" content=\"Tahmini okuma s\u00fcresi\" \/>\n\t<meta name=\"twitter:data2\" content=\"5 dakika\" \/>\n<script type=\"application\/ld+json\" class=\"yoast-schema-graph\">{\"@context\":\"https:\\\/\\\/schema.org\",\"@graph\":[{\"@type\":\"Article\",\"@id\":\"https:\\\/\\\/kibrisdakik.com\\\/?p=119782#article\",\"isPartOf\":{\"@id\":\"https:\\\/\\\/kibrisdakik.com\\\/?p=119782\"},\"author\":{\"name\":\"admin\",\"@id\":\"https:\\\/\\\/kibrisdakik.com\\\/#\\\/schema\\\/person\\\/9cd9d437bbb44f72b73ba127e06d8e79\"},\"headline\":\"BAROLAR B\u0130RL\u0130\u011e\u0130: \u201cGEM\u0130 FAC\u0130ASINDA \u0130Z\u0130N, DENET\u0130M VE G\u00d6ZET\u0130M G\u00d6REVLER\u0130 \u0130NCELENMEL\u0130\u201d\",\"datePublished\":\"2026-09-02T07:56:55+00:00\",\"mainEntityOfPage\":{\"@id\":\"https:\\\/\\\/kibrisdakik.com\\\/?p=119782\"},\"wordCount\":1010,\"commentCount\":0,\"publisher\":{\"@id\":\"https:\\\/\\\/kibrisdakik.com\\\/#organization\"},\"image\":{\"@id\":\"https:\\\/\\\/kibrisdakik.com\\\/?p=119782#primaryimage\"},\"thumbnailUrl\":\"https:\\\/\\\/kibrisdakik.com\\\/wp-content\\\/uploads\\\/2026\\\/09\\\/mha-sari-beyaz-7672.png\",\"articleSection\":[\"K\u0131br\u0131s\"],\"inLanguage\":\"tr\",\"potentialAction\":[{\"@type\":\"CommentAction\",\"name\":\"Comment\",\"target\":[\"https:\\\/\\\/kibrisdakik.com\\\/?p=119782#respond\"]}]},{\"@type\":\"WebPage\",\"@id\":\"https:\\\/\\\/kibrisdakik.com\\\/?p=119782\",\"url\":\"https:\\\/\\\/kibrisdakik.com\\\/?p=119782\",\"name\":\"BAROLAR B\u0130RL\u0130\u011e\u0130: \u201cGEM\u0130 FAC\u0130ASINDA \u0130Z\u0130N, DENET\u0130M VE G\u00d6ZET\u0130M G\u00d6REVLER\u0130 \u0130NCELENMEL\u0130\u201d -\",\"isPartOf\":{\"@id\":\"https:\\\/\\\/kibrisdakik.com\\\/#website\"},\"primaryImageOfPage\":{\"@id\":\"https:\\\/\\\/kibrisdakik.com\\\/?p=119782#primaryimage\"},\"image\":{\"@id\":\"https:\\\/\\\/kibrisdakik.com\\\/?p=119782#primaryimage\"},\"thumbnailUrl\":\"https:\\\/\\\/kibrisdakik.com\\\/wp-content\\\/uploads\\\/2026\\\/09\\\/mha-sari-beyaz-7672.png\",\"datePublished\":\"2026-09-02T07:56:55+00:00\",\"breadcrumb\":{\"@id\":\"https:\\\/\\\/kibrisdakik.com\\\/?p=119782#breadcrumb\"},\"inLanguage\":\"tr\",\"potentialAction\":[{\"@type\":\"ReadAction\",\"target\":[\"https:\\\/\\\/kibrisdakik.com\\\/?p=119782\"]}]},{\"@type\":\"ImageObject\",\"inLanguage\":\"tr\",\"@id\":\"https:\\\/\\\/kibrisdakik.com\\\/?p=119782#primaryimage\",\"url\":\"https:\\\/\\\/kibrisdakik.com\\\/wp-content\\\/uploads\\\/2026\\\/09\\\/mha-sari-beyaz-7672.png\",\"contentUrl\":\"https:\\\/\\\/kibrisdakik.com\\\/wp-content\\\/uploads\\\/2026\\\/09\\\/mha-sari-beyaz-7672.png\",\"width\":1280,\"height\":720},{\"@type\":\"BreadcrumbList\",\"@id\":\"https:\\\/\\\/kibrisdakik.com\\\/?p=119782#breadcrumb\",\"itemListElement\":[{\"@type\":\"ListItem\",\"position\":1,\"name\":\"Home\",\"item\":\"https:\\\/\\\/kibrisdakik.com\\\/\"},{\"@type\":\"ListItem\",\"position\":2,\"name\":\"BAROLAR B\u0130RL\u0130\u011e\u0130: \u201cGEM\u0130 FAC\u0130ASINDA \u0130Z\u0130N, DENET\u0130M VE G\u00d6ZET\u0130M G\u00d6REVLER\u0130 \u0130NCELENMEL\u0130\u201d\"}]},{\"@type\":\"WebSite\",\"@id\":\"https:\\\/\\\/kibrisdakik.com\\\/#website\",\"url\":\"https:\\\/\\\/kibrisdakik.com\\\/\",\"name\":\"K\u0131br\u0131s Dakik\",\"description\":\"Tam vaktinde haber\",\"publisher\":{\"@id\":\"https:\\\/\\\/kibrisdakik.com\\\/#organization\"},\"potentialAction\":[{\"@type\":\"SearchAction\",\"target\":{\"@type\":\"EntryPoint\",\"urlTemplate\":\"https:\\\/\\\/kibrisdakik.com\\\/?s={search_term_string}\"},\"query-input\":{\"@type\":\"PropertyValueSpecification\",\"valueRequired\":true,\"valueName\":\"search_term_string\"}}],\"inLanguage\":\"tr\"},{\"@type\":\"Organization\",\"@id\":\"https:\\\/\\\/kibrisdakik.com\\\/#organization\",\"name\":\"K\u0131br\u0131s Dakik\",\"url\":\"https:\\\/\\\/kibrisdakik.com\\\/\",\"logo\":{\"@type\":\"ImageObject\",\"inLanguage\":\"tr\",\"@id\":\"https:\\\/\\\/kibrisdakik.com\\\/#\\\/schema\\\/logo\\\/image\\\/\",\"url\":\"https:\\\/\\\/kibrisdakik.com\\\/wp-content\\\/uploads\\\/2025\\\/10\\\/cropped-WhatsApp-Image-2025-10-02-at-12.58.31.jpeg\",\"contentUrl\":\"https:\\\/\\\/kibrisdakik.com\\\/wp-content\\\/uploads\\\/2025\\\/10\\\/cropped-WhatsApp-Image-2025-10-02-at-12.58.31.jpeg\",\"width\":1237,\"height\":190,\"caption\":\"K\u0131br\u0131s Dakik\"},\"image\":{\"@id\":\"https:\\\/\\\/kibrisdakik.com\\\/#\\\/schema\\\/logo\\\/image\\\/\"}},{\"@type\":\"Person\",\"@id\":\"https:\\\/\\\/kibrisdakik.com\\\/#\\\/schema\\\/person\\\/9cd9d437bbb44f72b73ba127e06d8e79\",\"name\":\"admin\",\"image\":{\"@type\":\"ImageObject\",\"inLanguage\":\"tr\",\"@id\":\"https:\\\/\\\/secure.gravatar.com\\\/avatar\\\/ccc17943b9d660506c869530f897617f7cb1c21a4bf30023f252596d83e1f007?s=96&d=mm&r=g\",\"url\":\"https:\\\/\\\/secure.gravatar.com\\\/avatar\\\/ccc17943b9d660506c869530f897617f7cb1c21a4bf30023f252596d83e1f007?s=96&d=mm&r=g\",\"contentUrl\":\"https:\\\/\\\/secure.gravatar.com\\\/avatar\\\/ccc17943b9d660506c869530f897617f7cb1c21a4bf30023f252596d83e1f007?s=96&d=mm&r=g\",\"caption\":\"admin\"},\"sameAs\":[\"https:\\\/\\\/kibrisdakik.com\"],\"url\":\"https:\\\/\\\/kibrisdakik.com\\\/?author=1\"}]}<\/script>\n<!-- \/ Yoast SEO plugin. -->","yoast_head_json":{"title":"BAROLAR B\u0130RL\u0130\u011e\u0130: \u201cGEM\u0130 FAC\u0130ASINDA \u0130Z\u0130N, DENET\u0130M VE G\u00d6ZET\u0130M G\u00d6REVLER\u0130 \u0130NCELENMEL\u0130\u201d -","robots":{"index":"index","follow":"follow","max-snippet":"max-snippet:-1","max-image-preview":"max-image-preview:large","max-video-preview":"max-video-preview:-1"},"canonical":"https:\/\/kibrisdakik.com\/?p=119782","og_locale":"tr_TR","og_type":"article","og_title":"BAROLAR B\u0130RL\u0130\u011e\u0130: \u201cGEM\u0130 FAC\u0130ASINDA \u0130Z\u0130N, DENET\u0130M VE G\u00d6ZET\u0130M G\u00d6REVLER\u0130 \u0130NCELENMEL\u0130\u201d -","og_description":"Faciada hayat\u0131n\u0131 kaybedenlerin yak\u0131nlar\u0131na ba\u015fsa\u011fl\u0131\u011f\u0131 dile\u011finde bulunan Barolar Birli\u011fi, kazan\u0131n nedenlerinin ve varsa sorumlular\u0131n\u0131n ortaya \u00e7\u0131kar\u0131lmas\u0131 amac\u0131yla y\u00fcr\u00fct\u00fclen soru\u015fturman\u0131n yak\u0131ndan takip edildi\u011fini kaydetti. A\u00e7\u0131klamada, geminin sefere \u00e7\u0131kmas\u0131na izin veren makamlar\u0131n, yap\u0131lan denetimlerin ve kamu kurumlar\u0131n\u0131n deniz emniyeti kapsam\u0131nda yerine getirmesi gereken g\u00f6revlerin de soru\u015fturma kapsam\u0131nda ele al\u0131nmas\u0131 gerekti\u011fi vurguland\u0131. \u201cCezai soru\u015fturma idari sorumlulu\u011fun ara\u015ft\u0131r\u0131lmas\u0131n\u0131 ortadan","og_url":"https:\/\/kibrisdakik.com\/?p=119782","article_published_time":"2026-09-02T07:56:55+00:00","og_image":[{"url":"https:\/\/mhahabercom.teimg.com\/crop\/1280x720\/mhahaber-com\/uploads\/2026\/09\/mha-sari-beyaz-7672.png","type":"","width":"","height":""}],"author":"admin","twitter_card":"summary_large_image","twitter_misc":{"Yazan:":"admin","Tahmini okuma s\u00fcresi":"5 dakika"},"schema":{"@context":"https:\/\/schema.org","@graph":[{"@type":"Article","@id":"https:\/\/kibrisdakik.com\/?p=119782#article","isPartOf":{"@id":"https:\/\/kibrisdakik.com\/?p=119782"},"author":{"name":"admin","@id":"https:\/\/kibrisdakik.com\/#\/schema\/person\/9cd9d437bbb44f72b73ba127e06d8e79"},"headline":"BAROLAR B\u0130RL\u0130\u011e\u0130: \u201cGEM\u0130 FAC\u0130ASINDA \u0130Z\u0130N, DENET\u0130M VE G\u00d6ZET\u0130M G\u00d6REVLER\u0130 \u0130NCELENMEL\u0130\u201d","datePublished":"2026-09-02T07:56:55+00:00","mainEntityOfPage":{"@id":"https:\/\/kibrisdakik.com\/?p=119782"},"wordCount":1010,"commentCount":0,"publisher":{"@id":"https:\/\/kibrisdakik.com\/#organization"},"image":{"@id":"https:\/\/kibrisdakik.com\/?p=119782#primaryimage"},"thumbnailUrl":"https:\/\/kibrisdakik.com\/wp-content\/uploads\/2026\/09\/mha-sari-beyaz-7672.png","articleSection":["K\u0131br\u0131s"],"inLanguage":"tr","potentialAction":[{"@type":"CommentAction","name":"Comment","target":["https:\/\/kibrisdakik.com\/?p=119782#respond"]}]},{"@type":"WebPage","@id":"https:\/\/kibrisdakik.com\/?p=119782","url":"https:\/\/kibrisdakik.com\/?p=119782","name":"BAROLAR B\u0130RL\u0130\u011e\u0130: \u201cGEM\u0130 FAC\u0130ASINDA \u0130Z\u0130N, DENET\u0130M VE G\u00d6ZET\u0130M G\u00d6REVLER\u0130 \u0130NCELENMEL\u0130\u201d -","isPartOf":{"@id":"https:\/\/kibrisdakik.com\/#website"},"primaryImageOfPage":{"@id":"https:\/\/kibrisdakik.com\/?p=119782#primaryimage"},"image":{"@id":"https:\/\/kibrisdakik.com\/?p=119782#primaryimage"},"thumbnailUrl":"https:\/\/kibrisdakik.com\/wp-content\/uploads\/2026\/09\/mha-sari-beyaz-7672.png","datePublished":"2026-09-02T07:56:55+00:00","breadcrumb":{"@id":"https:\/\/kibrisdakik.com\/?p=119782#breadcrumb"},"inLanguage":"tr","potentialAction":[{"@type":"ReadAction","target":["https:\/\/kibrisdakik.com\/?p=119782"]}]},{"@type":"ImageObject","inLanguage":"tr","@id":"https:\/\/kibrisdakik.com\/?p=119782#primaryimage","url":"https:\/\/kibrisdakik.com\/wp-content\/uploads\/2026\/09\/mha-sari-beyaz-7672.png","contentUrl":"https:\/\/kibrisdakik.com\/wp-content\/uploads\/2026\/09\/mha-sari-beyaz-7672.png","width":1280,"height":720},{"@type":"BreadcrumbList","@id":"https:\/\/kibrisdakik.com\/?p=119782#breadcrumb","itemListElement":[{"@type":"ListItem","position":1,"name":"Home","item":"https:\/\/kibrisdakik.com\/"},{"@type":"ListItem","position":2,"name":"BAROLAR B\u0130RL\u0130\u011e\u0130: \u201cGEM\u0130 FAC\u0130ASINDA \u0130Z\u0130N, DENET\u0130M VE G\u00d6ZET\u0130M G\u00d6REVLER\u0130 \u0130NCELENMEL\u0130\u201d"}]},{"@type":"WebSite","@id":"https:\/\/kibrisdakik.com\/#website","url":"https:\/\/kibrisdakik.com\/","name":"K\u0131br\u0131s Dakik","description":"Tam vaktinde haber","publisher":{"@id":"https:\/\/kibrisdakik.com\/#organization"},"potentialAction":[{"@type":"SearchAction","target":{"@type":"EntryPoint","urlTemplate":"https:\/\/kibrisdakik.com\/?s={search_term_string}"},"query-input":{"@type":"PropertyValueSpecification","valueRequired":true,"valueName":"search_term_string"}}],"inLanguage":"tr"},{"@type":"Organization","@id":"https:\/\/kibrisdakik.com\/#organization","name":"K\u0131br\u0131s Dakik","url":"https:\/\/kibrisdakik.com\/","logo":{"@type":"ImageObject","inLanguage":"tr","@id":"https:\/\/kibrisdakik.com\/#\/schema\/logo\/image\/","url":"https:\/\/kibrisdakik.com\/wp-content\/uploads\/2025\/10\/cropped-WhatsApp-Image-2025-10-02-at-12.58.31.jpeg","contentUrl":"https:\/\/kibrisdakik.com\/wp-content\/uploads\/2025\/10\/cropped-WhatsApp-Image-2025-10-02-at-12.58.31.jpeg","width":1237,"height":190,"caption":"K\u0131br\u0131s Dakik"},"image":{"@id":"https:\/\/kibrisdakik.com\/#\/schema\/logo\/image\/"}},{"@type":"Person","@id":"https:\/\/kibrisdakik.com\/#\/schema\/person\/9cd9d437bbb44f72b73ba127e06d8e79","name":"admin","image":{"@type":"ImageObject","inLanguage":"tr","@id":"https:\/\/secure.gravatar.com\/avatar\/ccc17943b9d660506c869530f897617f7cb1c21a4bf30023f252596d83e1f007?s=96&d=mm&r=g","url":"https:\/\/secure.gravatar.com\/avatar\/ccc17943b9d660506c869530f897617f7cb1c21a4bf30023f252596d83e1f007?s=96&d=mm&r=g","contentUrl":"https:\/\/secure.gravatar.com\/avatar\/ccc17943b9d660506c869530f897617f7cb1c21a4bf30023f252596d83e1f007?s=96&d=mm&r=g","caption":"admin"},"sameAs":["https:\/\/kibrisdakik.com"],"url":"https:\/\/kibrisdakik.com\/?author=1"}]}},"_links":{"self":[{"href":"https:\/\/kibrisdakik.com\/index.php?rest_route=\/wp\/v2\/posts\/119782","targetHints":{"allow":["GET"]}}],"collection":[{"href":"https:\/\/kibrisdakik.com\/index.php?rest_route=\/wp\/v2\/posts"}],"about":[{"href":"https:\/\/kibrisdakik.com\/index.php?rest_route=\/wp\/v2\/types\/post"}],"author":[{"embeddable":true,"href":"https:\/\/kibrisdakik.com\/index.php?rest_route=\/wp\/v2\/users\/1"}],"replies":[{"embeddable":true,"href":"https:\/\/kibrisdakik.com\/index.php?rest_route=%2Fwp%2Fv2%2Fcomments&post=119782"}],"version-history":[{"count":0,"href":"https:\/\/kibrisdakik.com\/index.php?rest_route=\/wp\/v2\/posts\/119782\/revisions"}],"wp:featuredmedia":[{"embeddable":true,"href":"https:\/\/kibrisdakik.com\/index.php?rest_route=\/wp\/v2\/media\/119783"}],"wp:attachment":[{"href":"https:\/\/kibrisdakik.com\/index.php?rest_route=%2Fwp%2Fv2%2Fmedia&parent=119782"}],"wp:term":[{"taxonomy":"category","embeddable":true,"href":"https:\/\/kibrisdakik.com\/index.php?rest_route=%2Fwp%2Fv2%2Fcategories&post=119782"},{"taxonomy":"post_tag","embeddable":true,"href":"https:\/\/kibrisdakik.com\/index.php?rest_route=%2Fwp%2Fv2%2Ftags&post=119782"}],"curies":[{"name":"wp","href":"https:\/\/api.w.org\/{rel}","templated":true}]}}