{"id":119794,"date":"2026-09-02T12:27:55","date_gmt":"2026-09-02T09:27:55","guid":{"rendered":"https:\/\/kibrisdakik.com\/?p=119794"},"modified":"2026-09-02T12:27:55","modified_gmt":"2026-09-02T09:27:55","slug":"senkul-girne-fest-26nin-iptali-cok-muhtemel","status":"publish","type":"post","link":"https:\/\/kibrisdakik.com\/?p=119794","title":{"rendered":"\u015eENKUL: G\u0130RNE FEST 26\u2019NIN \u0130PTAL\u0130 \u00c7OK MUHTEMEL"},"content":{"rendered":"<p><\/p>\n<div data-text-id=\"207171\" property=\"articleBody\">\n<h3>Girne Belediye Ba\u015fkan\u0131 Murat \u015eenkul, Girne a\u00e7\u0131klar\u0131nda meydana gelen gemi facias\u0131 ve kay\u0131p ki\u015fileri arama \u00e7al\u0131\u015fmalar\u0131n\u0131n devam etmesi nedeniyle <strong>Girne Fest 26\u2019n\u0131n iptal edilmesinin g\u00fcndemde oldu\u011funu<\/strong> a\u00e7\u0131klad\u0131.<\/h3>\n<p>\u015eenkul, yapt\u0131\u011f\u0131 a\u00e7\u0131klamada konunun belediye meclisi \u00fcyeleri ve Zeytinlik muhtar\u0131yla g\u00f6r\u00fc\u015f\u00fcld\u00fc\u011f\u00fcn\u00fc belirterek, di\u011fer belediye ba\u015fkanlar\u0131yla da temaslar\u0131n ba\u015flat\u0131ld\u0131\u011f\u0131n\u0131 ifade etti.<\/p>\n<p>Girne Fest 26\u2019n\u0131n belediye meclisinin alaca\u011f\u0131 kararla iptal edilmesinin y\u00fcksek ihtimal oldu\u011funu kaydeden \u015eenkul, festivalin ger\u00e7ekle\u015ftirilmemesi y\u00f6n\u00fcnde karar al\u0131nmas\u0131n\u0131n beklendi\u011fini belirtti.<\/p>\n<p>\u015eenkul ayr\u0131ca, ekim ay\u0131nda d\u00fczenlenmesi planlanan <strong>Yar\u0131 Girne Maratonu\u2019ndan elde edilecek t\u00fcm gelirin gemi facias\u0131nda kaybolan ki\u015filerin yak\u0131nlar\u0131na aktar\u0131lmas\u0131<\/strong> konusunda da belediye meclisinde karar al\u0131naca\u011f\u0131n\u0131 a\u00e7\u0131klad\u0131.<\/p>\n<\/p><\/div>\n","protected":false},"excerpt":{"rendered":"<p>Girne Belediye Ba\u015fkan\u0131 Murat \u015eenkul, Girne a\u00e7\u0131klar\u0131nda meydana gelen gemi facias\u0131 ve kay\u0131p ki\u015fileri arama \u00e7al\u0131\u015fmalar\u0131n\u0131n devam etmesi nedeniyle Girne Fest 26\u2019n\u0131n iptal edilmesinin g\u00fcndemde oldu\u011funu a\u00e7\u0131klad\u0131. \u015eenkul, yapt\u0131\u011f\u0131 a\u00e7\u0131klamada konunun belediye meclisi \u00fcyeleri ve Zeytinlik muhtar\u0131yla g\u00f6r\u00fc\u015f\u00fcld\u00fc\u011f\u00fcn\u00fc belirterek, di\u011fer belediye ba\u015fkanlar\u0131yla da temaslar\u0131n ba\u015flat\u0131ld\u0131\u011f\u0131n\u0131 ifade etti. Girne Fest 26\u2019n\u0131n belediye meclisinin alaca\u011f\u0131 kararla iptal<\/p>\n","protected":false},"author":1,"featured_media":119795,"comment_status":"open","ping_status":"open","sticky":false,"template":"","format":"standard","meta":{"footnotes":""},"categories":[81],"tags":[],"class_list":["post-119794","post","type-post","status-publish","format-standard","has-post-thumbnail","hentry","category-kibris"],"yoast_head":"<!-- This site is optimized with the Yoast SEO plugin v28.4 - https:\/\/yoast.com\/product\/yoast-seo-wordpress\/ -->\n<title>\u015eENKUL: G\u0130RNE FEST 26\u2019NIN \u0130PTAL\u0130 \u00c7OK MUHTEMEL -<\/title>\n<meta name=\"robots\" content=\"index, follow, max-snippet:-1, max-image-preview:large, max-video-preview:-1\" \/>\n<link rel=\"canonical\" href=\"https:\/\/kibrisdakik.com\/?p=119794\" \/>\n<meta property=\"og:locale\" content=\"tr_TR\" \/>\n<meta property=\"og:type\" content=\"article\" \/>\n<meta property=\"og:title\" content=\"\u015eENKUL: G\u0130RNE FEST 26\u2019NIN \u0130PTAL\u0130 \u00c7OK MUHTEMEL -\" \/>\n<meta property=\"og:description\" content=\"Girne Belediye Ba\u015fkan\u0131 Murat \u015eenkul, Girne a\u00e7\u0131klar\u0131nda meydana gelen gemi facias\u0131 ve kay\u0131p ki\u015fileri arama \u00e7al\u0131\u015fmalar\u0131n\u0131n devam etmesi nedeniyle Girne Fest 26\u2019n\u0131n iptal edilmesinin g\u00fcndemde oldu\u011funu a\u00e7\u0131klad\u0131. \u015eenkul, yapt\u0131\u011f\u0131 a\u00e7\u0131klamada konunun belediye meclisi \u00fcyeleri ve Zeytinlik muhtar\u0131yla g\u00f6r\u00fc\u015f\u00fcld\u00fc\u011f\u00fcn\u00fc belirterek, di\u011fer belediye ba\u015fkanlar\u0131yla da temaslar\u0131n ba\u015flat\u0131ld\u0131\u011f\u0131n\u0131 ifade etti. Girne Fest 26\u2019n\u0131n belediye meclisinin alaca\u011f\u0131 kararla iptal\" \/>\n<meta property=\"og:url\" content=\"https:\/\/kibrisdakik.com\/?p=119794\" \/>\n<meta property=\"article:published_time\" content=\"2026-09-02T09:27:55+00:00\" \/>\n<meta property=\"og:image\" content=\"https:\/\/mhahabercom.teimg.com\/crop\/1280x720\/mhahaber-com\/uploads\/2026\/09\/mha-sari-beyaz-7677.png\" \/>\n<meta name=\"author\" content=\"admin\" \/>\n<meta name=\"twitter:card\" content=\"summary_large_image\" \/>\n<meta name=\"twitter:label1\" content=\"Yazan:\" \/>\n\t<meta name=\"twitter:data1\" content=\"admin\" \/>\n\t<meta name=\"twitter:label2\" content=\"Tahmini okuma s\u00fcresi\" \/>\n\t<meta name=\"twitter:data2\" content=\"1 dakika\" \/>\n<script type=\"application\/ld+json\" class=\"yoast-schema-graph\">{\"@context\":\"https:\\\/\\\/schema.org\",\"@graph\":[{\"@type\":\"Article\",\"@id\":\"https:\\\/\\\/kibrisdakik.com\\\/?p=119794#article\",\"isPartOf\":{\"@id\":\"https:\\\/\\\/kibrisdakik.com\\\/?p=119794\"},\"author\":{\"name\":\"admin\",\"@id\":\"https:\\\/\\\/kibrisdakik.com\\\/#\\\/schema\\\/person\\\/9cd9d437bbb44f72b73ba127e06d8e79\"},\"headline\":\"\u015eENKUL: G\u0130RNE FEST 26\u2019NIN \u0130PTAL\u0130 \u00c7OK MUHTEMEL\",\"datePublished\":\"2026-09-02T09:27:55+00:00\",\"mainEntityOfPage\":{\"@id\":\"https:\\\/\\\/kibrisdakik.com\\\/?p=119794\"},\"wordCount\":150,\"commentCount\":0,\"publisher\":{\"@id\":\"https:\\\/\\\/kibrisdakik.com\\\/#organization\"},\"image\":{\"@id\":\"https:\\\/\\\/kibrisdakik.com\\\/?p=119794#primaryimage\"},\"thumbnailUrl\":\"https:\\\/\\\/kibrisdakik.com\\\/wp-content\\\/uploads\\\/2026\\\/09\\\/mha-sari-beyaz-7677.png\",\"articleSection\":[\"K\u0131br\u0131s\"],\"inLanguage\":\"tr\",\"potentialAction\":[{\"@type\":\"CommentAction\",\"name\":\"Comment\",\"target\":[\"https:\\\/\\\/kibrisdakik.com\\\/?p=119794#respond\"]}]},{\"@type\":\"WebPage\",\"@id\":\"https:\\\/\\\/kibrisdakik.com\\\/?p=119794\",\"url\":\"https:\\\/\\\/kibrisdakik.com\\\/?p=119794\",\"name\":\"\u015eENKUL: G\u0130RNE FEST 26\u2019NIN \u0130PTAL\u0130 \u00c7OK MUHTEMEL -\",\"isPartOf\":{\"@id\":\"https:\\\/\\\/kibrisdakik.com\\\/#website\"},\"primaryImageOfPage\":{\"@id\":\"https:\\\/\\\/kibrisdakik.com\\\/?p=119794#primaryimage\"},\"image\":{\"@id\":\"https:\\\/\\\/kibrisdakik.com\\\/?p=119794#primaryimage\"},\"thumbnailUrl\":\"https:\\\/\\\/kibrisdakik.com\\\/wp-content\\\/uploads\\\/2026\\\/09\\\/mha-sari-beyaz-7677.png\",\"datePublished\":\"2026-09-02T09:27:55+00:00\",\"breadcrumb\":{\"@id\":\"https:\\\/\\\/kibrisdakik.com\\\/?p=119794#breadcrumb\"},\"inLanguage\":\"tr\",\"potentialAction\":[{\"@type\":\"ReadAction\",\"target\":[\"https:\\\/\\\/kibrisdakik.com\\\/?p=119794\"]}]},{\"@type\":\"ImageObject\",\"inLanguage\":\"tr\",\"@id\":\"https:\\\/\\\/kibrisdakik.com\\\/?p=119794#primaryimage\",\"url\":\"https:\\\/\\\/kibrisdakik.com\\\/wp-content\\\/uploads\\\/2026\\\/09\\\/mha-sari-beyaz-7677.png\",\"contentUrl\":\"https:\\\/\\\/kibrisdakik.com\\\/wp-content\\\/uploads\\\/2026\\\/09\\\/mha-sari-beyaz-7677.png\",\"width\":1280,\"height\":720},{\"@type\":\"BreadcrumbList\",\"@id\":\"https:\\\/\\\/kibrisdakik.com\\\/?p=119794#breadcrumb\",\"itemListElement\":[{\"@type\":\"ListItem\",\"position\":1,\"name\":\"Home\",\"item\":\"https:\\\/\\\/kibrisdakik.com\\\/\"},{\"@type\":\"ListItem\",\"position\":2,\"name\":\"\u015eENKUL: G\u0130RNE FEST 26\u2019NIN \u0130PTAL\u0130 \u00c7OK MUHTEMEL\"}]},{\"@type\":\"WebSite\",\"@id\":\"https:\\\/\\\/kibrisdakik.com\\\/#website\",\"url\":\"https:\\\/\\\/kibrisdakik.com\\\/\",\"name\":\"K\u0131br\u0131s Dakik\",\"description\":\"Tam vaktinde haber\",\"publisher\":{\"@id\":\"https:\\\/\\\/kibrisdakik.com\\\/#organization\"},\"potentialAction\":[{\"@type\":\"SearchAction\",\"target\":{\"@type\":\"EntryPoint\",\"urlTemplate\":\"https:\\\/\\\/kibrisdakik.com\\\/?s={search_term_string}\"},\"query-input\":{\"@type\":\"PropertyValueSpecification\",\"valueRequired\":true,\"valueName\":\"search_term_string\"}}],\"inLanguage\":\"tr\"},{\"@type\":\"Organization\",\"@id\":\"https:\\\/\\\/kibrisdakik.com\\\/#organization\",\"name\":\"K\u0131br\u0131s Dakik\",\"url\":\"https:\\\/\\\/kibrisdakik.com\\\/\",\"logo\":{\"@type\":\"ImageObject\",\"inLanguage\":\"tr\",\"@id\":\"https:\\\/\\\/kibrisdakik.com\\\/#\\\/schema\\\/logo\\\/image\\\/\",\"url\":\"https:\\\/\\\/kibrisdakik.com\\\/wp-content\\\/uploads\\\/2025\\\/10\\\/cropped-WhatsApp-Image-2025-10-02-at-12.58.31.jpeg\",\"contentUrl\":\"https:\\\/\\\/kibrisdakik.com\\\/wp-content\\\/uploads\\\/2025\\\/10\\\/cropped-WhatsApp-Image-2025-10-02-at-12.58.31.jpeg\",\"width\":1237,\"height\":190,\"caption\":\"K\u0131br\u0131s Dakik\"},\"image\":{\"@id\":\"https:\\\/\\\/kibrisdakik.com\\\/#\\\/schema\\\/logo\\\/image\\\/\"}},{\"@type\":\"Person\",\"@id\":\"https:\\\/\\\/kibrisdakik.com\\\/#\\\/schema\\\/person\\\/9cd9d437bbb44f72b73ba127e06d8e79\",\"name\":\"admin\",\"image\":{\"@type\":\"ImageObject\",\"inLanguage\":\"tr\",\"@id\":\"https:\\\/\\\/secure.gravatar.com\\\/avatar\\\/ccc17943b9d660506c869530f897617f7cb1c21a4bf30023f252596d83e1f007?s=96&d=mm&r=g\",\"url\":\"https:\\\/\\\/secure.gravatar.com\\\/avatar\\\/ccc17943b9d660506c869530f897617f7cb1c21a4bf30023f252596d83e1f007?s=96&d=mm&r=g\",\"contentUrl\":\"https:\\\/\\\/secure.gravatar.com\\\/avatar\\\/ccc17943b9d660506c869530f897617f7cb1c21a4bf30023f252596d83e1f007?s=96&d=mm&r=g\",\"caption\":\"admin\"},\"sameAs\":[\"https:\\\/\\\/kibrisdakik.com\"],\"url\":\"https:\\\/\\\/kibrisdakik.com\\\/?author=1\"}]}<\/script>\n<!-- \/ Yoast SEO plugin. -->","yoast_head_json":{"title":"\u015eENKUL: G\u0130RNE FEST 26\u2019NIN \u0130PTAL\u0130 \u00c7OK MUHTEMEL -","robots":{"index":"index","follow":"follow","max-snippet":"max-snippet:-1","max-image-preview":"max-image-preview:large","max-video-preview":"max-video-preview:-1"},"canonical":"https:\/\/kibrisdakik.com\/?p=119794","og_locale":"tr_TR","og_type":"article","og_title":"\u015eENKUL: G\u0130RNE FEST 26\u2019NIN \u0130PTAL\u0130 \u00c7OK MUHTEMEL -","og_description":"Girne Belediye Ba\u015fkan\u0131 Murat \u015eenkul, Girne a\u00e7\u0131klar\u0131nda meydana gelen gemi facias\u0131 ve kay\u0131p ki\u015fileri arama \u00e7al\u0131\u015fmalar\u0131n\u0131n devam etmesi nedeniyle Girne Fest 26\u2019n\u0131n iptal edilmesinin g\u00fcndemde oldu\u011funu a\u00e7\u0131klad\u0131. \u015eenkul, yapt\u0131\u011f\u0131 a\u00e7\u0131klamada konunun belediye meclisi \u00fcyeleri ve Zeytinlik muhtar\u0131yla g\u00f6r\u00fc\u015f\u00fcld\u00fc\u011f\u00fcn\u00fc belirterek, di\u011fer belediye ba\u015fkanlar\u0131yla da temaslar\u0131n ba\u015flat\u0131ld\u0131\u011f\u0131n\u0131 ifade etti. Girne Fest 26\u2019n\u0131n belediye meclisinin alaca\u011f\u0131 kararla iptal","og_url":"https:\/\/kibrisdakik.com\/?p=119794","article_published_time":"2026-09-02T09:27:55+00:00","og_image":[{"url":"https:\/\/mhahabercom.teimg.com\/crop\/1280x720\/mhahaber-com\/uploads\/2026\/09\/mha-sari-beyaz-7677.png","type":"","width":"","height":""}],"author":"admin","twitter_card":"summary_large_image","twitter_misc":{"Yazan:":"admin","Tahmini okuma s\u00fcresi":"1 dakika"},"schema":{"@context":"https:\/\/schema.org","@graph":[{"@type":"Article","@id":"https:\/\/kibrisdakik.com\/?p=119794#article","isPartOf":{"@id":"https:\/\/kibrisdakik.com\/?p=119794"},"author":{"name":"admin","@id":"https:\/\/kibrisdakik.com\/#\/schema\/person\/9cd9d437bbb44f72b73ba127e06d8e79"},"headline":"\u015eENKUL: G\u0130RNE FEST 26\u2019NIN \u0130PTAL\u0130 \u00c7OK MUHTEMEL","datePublished":"2026-09-02T09:27:55+00:00","mainEntityOfPage":{"@id":"https:\/\/kibrisdakik.com\/?p=119794"},"wordCount":150,"commentCount":0,"publisher":{"@id":"https:\/\/kibrisdakik.com\/#organization"},"image":{"@id":"https:\/\/kibrisdakik.com\/?p=119794#primaryimage"},"thumbnailUrl":"https:\/\/kibrisdakik.com\/wp-content\/uploads\/2026\/09\/mha-sari-beyaz-7677.png","articleSection":["K\u0131br\u0131s"],"inLanguage":"tr","potentialAction":[{"@type":"CommentAction","name":"Comment","target":["https:\/\/kibrisdakik.com\/?p=119794#respond"]}]},{"@type":"WebPage","@id":"https:\/\/kibrisdakik.com\/?p=119794","url":"https:\/\/kibrisdakik.com\/?p=119794","name":"\u015eENKUL: G\u0130RNE FEST 26\u2019NIN \u0130PTAL\u0130 \u00c7OK MUHTEMEL -","isPartOf":{"@id":"https:\/\/kibrisdakik.com\/#website"},"primaryImageOfPage":{"@id":"https:\/\/kibrisdakik.com\/?p=119794#primaryimage"},"image":{"@id":"https:\/\/kibrisdakik.com\/?p=119794#primaryimage"},"thumbnailUrl":"https:\/\/kibrisdakik.com\/wp-content\/uploads\/2026\/09\/mha-sari-beyaz-7677.png","datePublished":"2026-09-02T09:27:55+00:00","breadcrumb":{"@id":"https:\/\/kibrisdakik.com\/?p=119794#breadcrumb"},"inLanguage":"tr","potentialAction":[{"@type":"ReadAction","target":["https:\/\/kibrisdakik.com\/?p=119794"]}]},{"@type":"ImageObject","inLanguage":"tr","@id":"https:\/\/kibrisdakik.com\/?p=119794#primaryimage","url":"https:\/\/kibrisdakik.com\/wp-content\/uploads\/2026\/09\/mha-sari-beyaz-7677.png","contentUrl":"https:\/\/kibrisdakik.com\/wp-content\/uploads\/2026\/09\/mha-sari-beyaz-7677.png","width":1280,"height":720},{"@type":"BreadcrumbList","@id":"https:\/\/kibrisdakik.com\/?p=119794#breadcrumb","itemListElement":[{"@type":"ListItem","position":1,"name":"Home","item":"https:\/\/kibrisdakik.com\/"},{"@type":"ListItem","position":2,"name":"\u015eENKUL: G\u0130RNE FEST 26\u2019NIN \u0130PTAL\u0130 \u00c7OK MUHTEMEL"}]},{"@type":"WebSite","@id":"https:\/\/kibrisdakik.com\/#website","url":"https:\/\/kibrisdakik.com\/","name":"K\u0131br\u0131s Dakik","description":"Tam vaktinde haber","publisher":{"@id":"https:\/\/kibrisdakik.com\/#organization"},"potentialAction":[{"@type":"SearchAction","target":{"@type":"EntryPoint","urlTemplate":"https:\/\/kibrisdakik.com\/?s={search_term_string}"},"query-input":{"@type":"PropertyValueSpecification","valueRequired":true,"valueName":"search_term_string"}}],"inLanguage":"tr"},{"@type":"Organization","@id":"https:\/\/kibrisdakik.com\/#organization","name":"K\u0131br\u0131s Dakik","url":"https:\/\/kibrisdakik.com\/","logo":{"@type":"ImageObject","inLanguage":"tr","@id":"https:\/\/kibrisdakik.com\/#\/schema\/logo\/image\/","url":"https:\/\/kibrisdakik.com\/wp-content\/uploads\/2025\/10\/cropped-WhatsApp-Image-2025-10-02-at-12.58.31.jpeg","contentUrl":"https:\/\/kibrisdakik.com\/wp-content\/uploads\/2025\/10\/cropped-WhatsApp-Image-2025-10-02-at-12.58.31.jpeg","width":1237,"height":190,"caption":"K\u0131br\u0131s Dakik"},"image":{"@id":"https:\/\/kibrisdakik.com\/#\/schema\/logo\/image\/"}},{"@type":"Person","@id":"https:\/\/kibrisdakik.com\/#\/schema\/person\/9cd9d437bbb44f72b73ba127e06d8e79","name":"admin","image":{"@type":"ImageObject","inLanguage":"tr","@id":"https:\/\/secure.gravatar.com\/avatar\/ccc17943b9d660506c869530f897617f7cb1c21a4bf30023f252596d83e1f007?s=96&d=mm&r=g","url":"https:\/\/secure.gravatar.com\/avatar\/ccc17943b9d660506c869530f897617f7cb1c21a4bf30023f252596d83e1f007?s=96&d=mm&r=g","contentUrl":"https:\/\/secure.gravatar.com\/avatar\/ccc17943b9d660506c869530f897617f7cb1c21a4bf30023f252596d83e1f007?s=96&d=mm&r=g","caption":"admin"},"sameAs":["https:\/\/kibrisdakik.com"],"url":"https:\/\/kibrisdakik.com\/?author=1"}]}},"_links":{"self":[{"href":"https:\/\/kibrisdakik.com\/index.php?rest_route=\/wp\/v2\/posts\/119794","targetHints":{"allow":["GET"]}}],"collection":[{"href":"https:\/\/kibrisdakik.com\/index.php?rest_route=\/wp\/v2\/posts"}],"about":[{"href":"https:\/\/kibrisdakik.com\/index.php?rest_route=\/wp\/v2\/types\/post"}],"author":[{"embeddable":true,"href":"https:\/\/kibrisdakik.com\/index.php?rest_route=\/wp\/v2\/users\/1"}],"replies":[{"embeddable":true,"href":"https:\/\/kibrisdakik.com\/index.php?rest_route=%2Fwp%2Fv2%2Fcomments&post=119794"}],"version-history":[{"count":0,"href":"https:\/\/kibrisdakik.com\/index.php?rest_route=\/wp\/v2\/posts\/119794\/revisions"}],"wp:featuredmedia":[{"embeddable":true,"href":"https:\/\/kibrisdakik.com\/index.php?rest_route=\/wp\/v2\/media\/119795"}],"wp:attachment":[{"href":"https:\/\/kibrisdakik.com\/index.php?rest_route=%2Fwp%2Fv2%2Fmedia&parent=119794"}],"wp:term":[{"taxonomy":"category","embeddable":true,"href":"https:\/\/kibrisdakik.com\/index.php?rest_route=%2Fwp%2Fv2%2Fcategories&post=119794"},{"taxonomy":"post_tag","embeddable":true,"href":"https:\/\/kibrisdakik.com\/index.php?rest_route=%2Fwp%2Fv2%2Ftags&post=119794"}],"curies":[{"name":"wp","href":"https:\/\/api.w.org\/{rel}","templated":true}]}}