{"id":119796,"date":"2026-09-02T12:39:57","date_gmt":"2026-09-02T09:39:57","guid":{"rendered":"https:\/\/kibrisdakik.com\/?p=119796"},"modified":"2026-09-02T12:39:57","modified_gmt":"2026-09-02T09:39:57","slug":"kamu-is-ktams-kamu-sen-ktoeos-ve-ktosten-ortak-aciklama","status":"publish","type":"post","link":"https:\/\/kibrisdakik.com\/?p=119796","title":{"rendered":"KAMU-\u0130\u015e, KTAMS, KAMU-SEN, KTOE\u00d6S VE KT\u00d6S\u2019TEN ORTAK A\u00c7IKLAMA"},"content":{"rendered":"<p><\/p>\n<div data-text-id=\"207172\" property=\"articleBody\">\n<p>Kamuda yetkili <strong>KAMU-\u0130\u015e, KTAMS, KAMU-SEN, KTOE\u00d6S ve KT\u00d6S<\/strong>, son d\u00f6nemde ya\u015fanan facialar, afetler, i\u015f kazalar\u0131 ve kriminal olaylara ili\u015fkin ortak a\u00e7\u0131klama yaparak, ya\u015fam hakk\u0131n\u0131n korunmas\u0131n\u0131n devletin temel sorumlulu\u011fu oldu\u011funu vurgulad\u0131.<\/p>\n<p>Sendikalar, kamu otoritesinin yaln\u0131zca olaylar meydana geldikten sonra m\u00fcdahale etmekle yetinemeyece\u011fini belirterek, insan hayat\u0131n\u0131 tehdit edebilecek risklerin \u00f6nceden tespit edilmesi, gerekli \u00f6nlemlerin al\u0131nmas\u0131 ve denetimlerin eksiksiz \u015fekilde ger\u00e7ekle\u015ftirilmesi gerekti\u011fini ifade etti.<\/p>\n<p>A\u00e7\u0131klamada, son d\u00f6nemde pe\u015f pe\u015fe ya\u015fanan olaylara dikkat \u00e7ekilerek, <strong>\u201cBu can kay\u0131plar\u0131n\u0131n hangileri \u00f6nlenebilirdi?\u201d<\/strong> sorusu y\u00f6neltildi. Bir insan\u0131n ya\u015fam\u0131n\u0131 kaybetmesinin ard\u0131ndan yap\u0131lacak a\u00e7\u0131klamalar\u0131n, \u00f6nceden al\u0131nmas\u0131 gereken tedbirlerin yerini tutamayaca\u011f\u0131 kaydedildi.<\/p>\n<h2>Kamu otoritesine denetim \u00e7a\u011fr\u0131s\u0131<\/h2>\n<p>Devletin g\u00f6revinin yaln\u0131zca izin vermek, ruhsat d\u00fczenlemek veya evrak kontrol\u00fc yapmak olmad\u0131\u011f\u0131 belirtilen a\u00e7\u0131klamada, kamu otoritesinin riskli yap\u0131 ve tesislerin g\u00fcvenli\u011fini, i\u015f yerlerindeki \u00e7al\u0131\u015fma ko\u015fullar\u0131n\u0131, kara ve deniz ula\u015f\u0131m\u0131ndaki ara\u00e7lar\u0131n teknik yeterlili\u011fini, limanlar\u0131 ve yolcu ta\u015f\u0131mac\u0131l\u0131\u011f\u0131n\u0131 etkin \u015fekilde denetlemek zorunda oldu\u011fu ifade edildi.<\/p>\n<p>Ayr\u0131ca afetlere kar\u015f\u0131 altyap\u0131n\u0131n haz\u0131rl\u0131\u011f\u0131 ve kamu g\u00fcvenli\u011fini tehdit eden alanlar\u0131n da etkin ve s\u00fcrekli bi\u00e7imde denetlenmesi gerekti\u011fi vurguland\u0131.<\/p>\n<p>Bir izin veya uygunluk belgesinin verilmi\u015f olmas\u0131n\u0131n kamu otoritesinin sorumlulu\u011funu ortadan kald\u0131rmayaca\u011f\u0131 belirtilerek, as\u0131l meselenin yap\u0131lan denetimlerin ger\u00e7ekten yeterli olup olmad\u0131\u011f\u0131 oldu\u011fu kaydedildi.<\/p>\n<h2>\u201c\u0130hmal varsa sorumluluk da vard\u0131r\u201d<\/h2>\n<p>Sendikalar, ya\u015fanan her b\u00fcy\u00fck olay\u0131n ard\u0131ndan baz\u0131 temel sorular\u0131n cevaps\u0131z b\u0131rak\u0131lmamas\u0131 gerekti\u011fini belirtti.<\/p>\n<p>A\u00e7\u0131klamada \u015fu sorulara yer verildi:<\/p>\n<p><strong>\u201cRisk \u00f6nceden biliniyor muydu? Gerekli denetim yap\u0131lm\u0131\u015f m\u0131yd\u0131? Eksiklik tespit edilmi\u015f miydi? Tespit edilmi\u015fse neden giderilmedi? Kim izin verdi? Kim denetledi? Kim gerekli tedbirleri almakla y\u00fck\u00fcml\u00fcyd\u00fc?\u201d<\/strong><\/p>\n<p>\u0130hmal bulunmas\u0131 halinde sorumlulu\u011fun yaln\u0131zca alt kademedeki \u00e7al\u0131\u015fanlara y\u00fcklenmesinin kabul edilemeyece\u011fi belirtilen a\u00e7\u0131klamada, sorumluluk zincirinin teknik, idari ve siyasi boyutlar\u0131yla ortaya \u00e7\u0131kar\u0131lmas\u0131 gerekti\u011fi vurguland\u0131.<\/p>\n<h2>Silo ve gemi facias\u0131na ili\u015fkin soru\u015fturma \u00e7a\u011fr\u0131s\u0131<\/h2>\n<p>A\u00e7\u0131klamada, <strong>Kumyal\u0131\u2019da bir kamu kurumuna ait silonun \u00e7\u00f6kmesi sonucu bir emek\u00e7inin hayat\u0131n\u0131 kaybetmesine<\/strong> de de\u011finildi.<\/p>\n<p>Silonun bak\u0131m ge\u00e7mi\u015fi, yap\u0131sal g\u00fcvenli\u011fi, yap\u0131lan kontroller ve daha \u00f6nce tespit edilmi\u015f olabilecek risklerin kamuoyuna a\u00e7\u0131klanmas\u0131 gerekti\u011fi ifade edildi.<\/p>\n<p>Girne a\u00e7\u0131klar\u0131nda ya\u015fanan gemi facias\u0131na da dikkat \u00e7ekilen a\u00e7\u0131klamada, kazada <strong>8 ki\u015finin hayat\u0131n\u0131 kaybetti\u011fi ve 20 ki\u015finin kayboldu\u011fu<\/strong> belirtilerek, geminin teknik yeterlili\u011finden sefer iznine, hava ko\u015fullar\u0131ndan liman denetimlerine kadar t\u00fcm s\u00fcrecin a\u00e7\u0131kl\u0131\u011fa kavu\u015fturulmas\u0131 talep edildi.<\/p>\n<p>Sendikalar, her iki olay bak\u0131m\u0131ndan da <strong>\u201cKamu otoritesi \u00fczerine d\u00fc\u015fen denetim g\u00f6revini eksiksiz yerine getirmi\u015f midir?\u201d<\/strong> sorusunun yan\u0131tlanmas\u0131 gerekti\u011fini belirtti.<\/p>\n<h2>Ercan \u0130tfaiyesi i\u00e7in uyar\u0131<\/h2>\n<p>Ortak a\u00e7\u0131klamada <strong>Sivil Havac\u0131l\u0131k Ercan \u0130tfaiyesi\u2019nin ara\u00e7lar\u0131na<\/strong> ili\u015fkin endi\u015feler de dile getirildi.<\/p>\n<p>\u0130tfaiye ara\u00e7lar\u0131n\u0131n uluslararas\u0131 kurallara uygun olmad\u0131\u011f\u0131 ve olas\u0131 bir kaza veya k\u0131r\u0131m durumunda u\u00e7aklara m\u00fcdahalede yetersiz kalabilece\u011fi savunuldu. S\u00f6z konusu ara\u00e7lar\u0131n 2006 y\u0131l\u0131nda imal edildi\u011fi ve g\u00fcn\u00fcm\u00fczde 20 y\u0131ll\u0131k oldu\u011fu belirtilerek, uluslararas\u0131 havac\u0131l\u0131k kurallar\u0131 gere\u011fi bu ara\u00e7lar\u0131n en ge\u00e7 10 y\u0131lda bir yenilenmesi gerekti\u011fi ifade edildi.<\/p>\n<h2>Kamusal e\u011fitim alanlar\u0131 da g\u00fcndemde<\/h2>\n<p>Sendikalar, kamusal e\u011fitim alanlar\u0131nda \u00f6\u011frenci ta\u015f\u0131mac\u0131l\u0131\u011f\u0131na ili\u015fkin denetim s\u00fcre\u00e7lerinde zafiyetler bulundu\u011funu ve bu durumun \u00e7ocuklar\u0131n can g\u00fcvenli\u011fi a\u00e7\u0131s\u0131ndan ciddi risk olu\u015fturdu\u011funu belirtti.<\/p>\n<p>Ayr\u0131ca depreme dayan\u0131ks\u0131z oldu\u011fu belirtilen kamusal e\u011fitim alanlar\u0131nda e\u011fitimin devam etmesinin her an ya\u015fanabilecek facialara yol a\u00e7abilece\u011fi uyar\u0131s\u0131nda bulunuldu.<\/p>\n<h2>\u201cDenetim ka\u011f\u0131t \u00fczerinde de\u011fil, sahada yap\u0131lmal\u0131\u201d<\/h2>\n<p>A\u00e7\u0131klamada, denetimin yaln\u0131zca belge imzalamaktan ibaret olmad\u0131\u011f\u0131 vurgulanarak, <strong>\u201cDenetim, tehlikeyi ortaya \u00e7\u0131kmadan g\u00f6rmek ve ortadan kald\u0131rmakt\u0131r\u201d<\/strong> denildi.<\/p>\n<p>Bir tesisin denetlenmi\u015f olmas\u0131na ra\u011fmen \u00e7\u00f6kmesi veya gerekli izinlere sahip bir ula\u015f\u0131m arac\u0131nda b\u00fcy\u00fck bir facia ya\u015fanmas\u0131n\u0131n, mevcut denetim sisteminin nas\u0131l \u00e7al\u0131\u015ft\u0131\u011f\u0131n\u0131n sorgulanmas\u0131n\u0131 gerektirdi\u011fi ifade edildi.<\/p>\n<h2>\u015eeffafl\u0131k ve hesap verebilirlik talebi<\/h2>\n<p>Toplumun beklentisinin olaylar\u0131n \u00fczerinin \u00f6rt\u00fclmemesi, soru\u015fturmalar\u0131n ba\u011f\u0131ms\u0131z ve \u015feffaf \u015fekilde y\u00fcr\u00fct\u00fclmesi ve haz\u0131rlanan teknik raporlar\u0131n kamuoyundan saklanmamas\u0131 oldu\u011fu belirtildi.<\/p>\n<p>Sorumlulu\u011fu bulunan herkesin makam\u0131na bak\u0131lmaks\u0131z\u0131n hesap vermesi gerekti\u011fi kaydedilen a\u00e7\u0131klamada, sorumlulu\u011fun yaln\u0131zca ceza sorumlulu\u011fuyla s\u0131n\u0131rl\u0131 olmad\u0131\u011f\u0131; <strong>idari ve siyasi sorumlulu\u011fun da bulundu\u011fu<\/strong> vurguland\u0131.<\/p>\n<h2>\u201cBizim derdimiz insan hayat\u0131d\u0131r\u201d<\/h2>\n<p>KAMU-\u0130\u015e, KTAMS, KAMU-SEN, KTOE\u00d6S ve KT\u00d6S taraf\u0131ndan yap\u0131lan ortak a\u00e7\u0131klamada, sendikalar\u0131n herhangi bir olaydan siyasi \u00e7\u0131kar elde etme pe\u015finde olmad\u0131\u011f\u0131 belirtilerek, temel ama\u00e7lar\u0131n\u0131n insan hayat\u0131n\u0131n korunmas\u0131 oldu\u011fu ifade edildi.<\/p>\n<p>A\u00e7\u0131klamada, bir ba\u015fka i\u015f\u00e7inin, yolcunun veya yurtta\u015f\u0131n ya\u015fam\u0131n\u0131 yitirmesinin beklenmemesi ve gerekli tedbirlerin \u00f6nceden al\u0131nmas\u0131 \u00e7a\u011fr\u0131s\u0131 yap\u0131ld\u0131.<\/p>\n<p>Sendikalar, ya\u015fanan olaylar\u0131n t\u00fcm y\u00f6nleriyle ara\u015ft\u0131r\u0131lmas\u0131n\u0131, ihmallerin ortaya \u00e7\u0131kar\u0131lmas\u0131n\u0131, sorumlular\u0131n hesap vermesini ve benzer facialar\u0131n yeniden ya\u015fanmamas\u0131 i\u00e7in denetim mekanizmalar\u0131n\u0131n <strong>derhal g\u00fc\u00e7lendirilmesini<\/strong> talep etti.<\/p>\n<p>Ortak a\u00e7\u0131klama, <strong>\u201cYa\u015fam hakk\u0131n\u0131 korumak devletin tercihi de\u011fil, asli g\u00f6revidir\u201d<\/strong> vurgusuyla son buldu.<\/p>\n<\/p><\/div>\n","protected":false},"excerpt":{"rendered":"<p>Kamuda yetkili KAMU-\u0130\u015e, KTAMS, KAMU-SEN, KTOE\u00d6S ve KT\u00d6S, son d\u00f6nemde ya\u015fanan facialar, afetler, i\u015f kazalar\u0131 ve kriminal olaylara ili\u015fkin ortak a\u00e7\u0131klama yaparak, ya\u015fam hakk\u0131n\u0131n korunmas\u0131n\u0131n devletin temel sorumlulu\u011fu oldu\u011funu vurgulad\u0131. Sendikalar, kamu otoritesinin yaln\u0131zca olaylar meydana geldikten sonra m\u00fcdahale etmekle yetinemeyece\u011fini belirterek, insan hayat\u0131n\u0131 tehdit edebilecek risklerin \u00f6nceden tespit edilmesi, gerekli \u00f6nlemlerin al\u0131nmas\u0131 ve denetimlerin<\/p>\n","protected":false},"author":1,"featured_media":119797,"comment_status":"open","ping_status":"open","sticky":false,"template":"","format":"standard","meta":{"footnotes":""},"categories":[81],"tags":[],"class_list":["post-119796","post","type-post","status-publish","format-standard","has-post-thumbnail","hentry","category-kibris"],"yoast_head":"<!-- This site is optimized with the Yoast SEO plugin v28.4 - https:\/\/yoast.com\/product\/yoast-seo-wordpress\/ -->\n<title>KAMU-\u0130\u015e, KTAMS, KAMU-SEN, KTOE\u00d6S VE KT\u00d6S\u2019TEN ORTAK A\u00c7IKLAMA -<\/title>\n<meta name=\"robots\" content=\"index, follow, max-snippet:-1, max-image-preview:large, max-video-preview:-1\" \/>\n<link rel=\"canonical\" href=\"https:\/\/kibrisdakik.com\/?p=119796\" \/>\n<meta property=\"og:locale\" content=\"tr_TR\" \/>\n<meta property=\"og:type\" content=\"article\" \/>\n<meta property=\"og:title\" content=\"KAMU-\u0130\u015e, KTAMS, KAMU-SEN, KTOE\u00d6S VE KT\u00d6S\u2019TEN ORTAK A\u00c7IKLAMA -\" \/>\n<meta property=\"og:description\" content=\"Kamuda yetkili KAMU-\u0130\u015e, KTAMS, KAMU-SEN, KTOE\u00d6S ve KT\u00d6S, son d\u00f6nemde ya\u015fanan facialar, afetler, i\u015f kazalar\u0131 ve kriminal olaylara ili\u015fkin ortak a\u00e7\u0131klama yaparak, ya\u015fam hakk\u0131n\u0131n korunmas\u0131n\u0131n devletin temel sorumlulu\u011fu oldu\u011funu vurgulad\u0131. Sendikalar, kamu otoritesinin yaln\u0131zca olaylar meydana geldikten sonra m\u00fcdahale etmekle yetinemeyece\u011fini belirterek, insan hayat\u0131n\u0131 tehdit edebilecek risklerin \u00f6nceden tespit edilmesi, gerekli \u00f6nlemlerin al\u0131nmas\u0131 ve denetimlerin\" \/>\n<meta property=\"og:url\" content=\"https:\/\/kibrisdakik.com\/?p=119796\" \/>\n<meta property=\"article:published_time\" content=\"2026-09-02T09:39:57+00:00\" \/>\n<meta property=\"og:image\" content=\"https:\/\/mhahabercom.teimg.com\/crop\/1280x720\/mhahaber-com\/uploads\/2026\/09\/mha-sari-beyaz-7678.png\" \/>\n<meta name=\"author\" content=\"admin\" \/>\n<meta name=\"twitter:card\" content=\"summary_large_image\" \/>\n<meta name=\"twitter:label1\" content=\"Yazan:\" \/>\n\t<meta name=\"twitter:data1\" content=\"admin\" \/>\n\t<meta name=\"twitter:label2\" content=\"Tahmini okuma s\u00fcresi\" \/>\n\t<meta name=\"twitter:data2\" content=\"5 dakika\" \/>\n<script type=\"application\/ld+json\" class=\"yoast-schema-graph\">{\"@context\":\"https:\\\/\\\/schema.org\",\"@graph\":[{\"@type\":\"Article\",\"@id\":\"https:\\\/\\\/kibrisdakik.com\\\/?p=119796#article\",\"isPartOf\":{\"@id\":\"https:\\\/\\\/kibrisdakik.com\\\/?p=119796\"},\"author\":{\"name\":\"admin\",\"@id\":\"https:\\\/\\\/kibrisdakik.com\\\/#\\\/schema\\\/person\\\/9cd9d437bbb44f72b73ba127e06d8e79\"},\"headline\":\"KAMU-\u0130\u015e, KTAMS, KAMU-SEN, KTOE\u00d6S VE KT\u00d6S\u2019TEN ORTAK A\u00c7IKLAMA\",\"datePublished\":\"2026-09-02T09:39:57+00:00\",\"mainEntityOfPage\":{\"@id\":\"https:\\\/\\\/kibrisdakik.com\\\/?p=119796\"},\"wordCount\":955,\"commentCount\":0,\"publisher\":{\"@id\":\"https:\\\/\\\/kibrisdakik.com\\\/#organization\"},\"image\":{\"@id\":\"https:\\\/\\\/kibrisdakik.com\\\/?p=119796#primaryimage\"},\"thumbnailUrl\":\"https:\\\/\\\/kibrisdakik.com\\\/wp-content\\\/uploads\\\/2026\\\/09\\\/mha-sari-beyaz-7678.png\",\"articleSection\":[\"K\u0131br\u0131s\"],\"inLanguage\":\"tr\",\"potentialAction\":[{\"@type\":\"CommentAction\",\"name\":\"Comment\",\"target\":[\"https:\\\/\\\/kibrisdakik.com\\\/?p=119796#respond\"]}]},{\"@type\":\"WebPage\",\"@id\":\"https:\\\/\\\/kibrisdakik.com\\\/?p=119796\",\"url\":\"https:\\\/\\\/kibrisdakik.com\\\/?p=119796\",\"name\":\"KAMU-\u0130\u015e, KTAMS, KAMU-SEN, KTOE\u00d6S VE KT\u00d6S\u2019TEN ORTAK A\u00c7IKLAMA -\",\"isPartOf\":{\"@id\":\"https:\\\/\\\/kibrisdakik.com\\\/#website\"},\"primaryImageOfPage\":{\"@id\":\"https:\\\/\\\/kibrisdakik.com\\\/?p=119796#primaryimage\"},\"image\":{\"@id\":\"https:\\\/\\\/kibrisdakik.com\\\/?p=119796#primaryimage\"},\"thumbnailUrl\":\"https:\\\/\\\/kibrisdakik.com\\\/wp-content\\\/uploads\\\/2026\\\/09\\\/mha-sari-beyaz-7678.png\",\"datePublished\":\"2026-09-02T09:39:57+00:00\",\"breadcrumb\":{\"@id\":\"https:\\\/\\\/kibrisdakik.com\\\/?p=119796#breadcrumb\"},\"inLanguage\":\"tr\",\"potentialAction\":[{\"@type\":\"ReadAction\",\"target\":[\"https:\\\/\\\/kibrisdakik.com\\\/?p=119796\"]}]},{\"@type\":\"ImageObject\",\"inLanguage\":\"tr\",\"@id\":\"https:\\\/\\\/kibrisdakik.com\\\/?p=119796#primaryimage\",\"url\":\"https:\\\/\\\/kibrisdakik.com\\\/wp-content\\\/uploads\\\/2026\\\/09\\\/mha-sari-beyaz-7678.png\",\"contentUrl\":\"https:\\\/\\\/kibrisdakik.com\\\/wp-content\\\/uploads\\\/2026\\\/09\\\/mha-sari-beyaz-7678.png\",\"width\":1280,\"height\":720},{\"@type\":\"BreadcrumbList\",\"@id\":\"https:\\\/\\\/kibrisdakik.com\\\/?p=119796#breadcrumb\",\"itemListElement\":[{\"@type\":\"ListItem\",\"position\":1,\"name\":\"Home\",\"item\":\"https:\\\/\\\/kibrisdakik.com\\\/\"},{\"@type\":\"ListItem\",\"position\":2,\"name\":\"KAMU-\u0130\u015e, KTAMS, KAMU-SEN, KTOE\u00d6S VE KT\u00d6S\u2019TEN ORTAK A\u00c7IKLAMA\"}]},{\"@type\":\"WebSite\",\"@id\":\"https:\\\/\\\/kibrisdakik.com\\\/#website\",\"url\":\"https:\\\/\\\/kibrisdakik.com\\\/\",\"name\":\"K\u0131br\u0131s Dakik\",\"description\":\"Tam vaktinde haber\",\"publisher\":{\"@id\":\"https:\\\/\\\/kibrisdakik.com\\\/#organization\"},\"potentialAction\":[{\"@type\":\"SearchAction\",\"target\":{\"@type\":\"EntryPoint\",\"urlTemplate\":\"https:\\\/\\\/kibrisdakik.com\\\/?s={search_term_string}\"},\"query-input\":{\"@type\":\"PropertyValueSpecification\",\"valueRequired\":true,\"valueName\":\"search_term_string\"}}],\"inLanguage\":\"tr\"},{\"@type\":\"Organization\",\"@id\":\"https:\\\/\\\/kibrisdakik.com\\\/#organization\",\"name\":\"K\u0131br\u0131s Dakik\",\"url\":\"https:\\\/\\\/kibrisdakik.com\\\/\",\"logo\":{\"@type\":\"ImageObject\",\"inLanguage\":\"tr\",\"@id\":\"https:\\\/\\\/kibrisdakik.com\\\/#\\\/schema\\\/logo\\\/image\\\/\",\"url\":\"https:\\\/\\\/kibrisdakik.com\\\/wp-content\\\/uploads\\\/2025\\\/10\\\/cropped-WhatsApp-Image-2025-10-02-at-12.58.31.jpeg\",\"contentUrl\":\"https:\\\/\\\/kibrisdakik.com\\\/wp-content\\\/uploads\\\/2025\\\/10\\\/cropped-WhatsApp-Image-2025-10-02-at-12.58.31.jpeg\",\"width\":1237,\"height\":190,\"caption\":\"K\u0131br\u0131s Dakik\"},\"image\":{\"@id\":\"https:\\\/\\\/kibrisdakik.com\\\/#\\\/schema\\\/logo\\\/image\\\/\"}},{\"@type\":\"Person\",\"@id\":\"https:\\\/\\\/kibrisdakik.com\\\/#\\\/schema\\\/person\\\/9cd9d437bbb44f72b73ba127e06d8e79\",\"name\":\"admin\",\"image\":{\"@type\":\"ImageObject\",\"inLanguage\":\"tr\",\"@id\":\"https:\\\/\\\/secure.gravatar.com\\\/avatar\\\/ccc17943b9d660506c869530f897617f7cb1c21a4bf30023f252596d83e1f007?s=96&d=mm&r=g\",\"url\":\"https:\\\/\\\/secure.gravatar.com\\\/avatar\\\/ccc17943b9d660506c869530f897617f7cb1c21a4bf30023f252596d83e1f007?s=96&d=mm&r=g\",\"contentUrl\":\"https:\\\/\\\/secure.gravatar.com\\\/avatar\\\/ccc17943b9d660506c869530f897617f7cb1c21a4bf30023f252596d83e1f007?s=96&d=mm&r=g\",\"caption\":\"admin\"},\"sameAs\":[\"https:\\\/\\\/kibrisdakik.com\"],\"url\":\"https:\\\/\\\/kibrisdakik.com\\\/?author=1\"}]}<\/script>\n<!-- \/ Yoast SEO plugin. -->","yoast_head_json":{"title":"KAMU-\u0130\u015e, KTAMS, KAMU-SEN, KTOE\u00d6S VE KT\u00d6S\u2019TEN ORTAK A\u00c7IKLAMA -","robots":{"index":"index","follow":"follow","max-snippet":"max-snippet:-1","max-image-preview":"max-image-preview:large","max-video-preview":"max-video-preview:-1"},"canonical":"https:\/\/kibrisdakik.com\/?p=119796","og_locale":"tr_TR","og_type":"article","og_title":"KAMU-\u0130\u015e, KTAMS, KAMU-SEN, KTOE\u00d6S VE KT\u00d6S\u2019TEN ORTAK A\u00c7IKLAMA -","og_description":"Kamuda yetkili KAMU-\u0130\u015e, KTAMS, KAMU-SEN, KTOE\u00d6S ve KT\u00d6S, son d\u00f6nemde ya\u015fanan facialar, afetler, i\u015f kazalar\u0131 ve kriminal olaylara ili\u015fkin ortak a\u00e7\u0131klama yaparak, ya\u015fam hakk\u0131n\u0131n korunmas\u0131n\u0131n devletin temel sorumlulu\u011fu oldu\u011funu vurgulad\u0131. Sendikalar, kamu otoritesinin yaln\u0131zca olaylar meydana geldikten sonra m\u00fcdahale etmekle yetinemeyece\u011fini belirterek, insan hayat\u0131n\u0131 tehdit edebilecek risklerin \u00f6nceden tespit edilmesi, gerekli \u00f6nlemlerin al\u0131nmas\u0131 ve denetimlerin","og_url":"https:\/\/kibrisdakik.com\/?p=119796","article_published_time":"2026-09-02T09:39:57+00:00","og_image":[{"url":"https:\/\/mhahabercom.teimg.com\/crop\/1280x720\/mhahaber-com\/uploads\/2026\/09\/mha-sari-beyaz-7678.png","type":"","width":"","height":""}],"author":"admin","twitter_card":"summary_large_image","twitter_misc":{"Yazan:":"admin","Tahmini okuma s\u00fcresi":"5 dakika"},"schema":{"@context":"https:\/\/schema.org","@graph":[{"@type":"Article","@id":"https:\/\/kibrisdakik.com\/?p=119796#article","isPartOf":{"@id":"https:\/\/kibrisdakik.com\/?p=119796"},"author":{"name":"admin","@id":"https:\/\/kibrisdakik.com\/#\/schema\/person\/9cd9d437bbb44f72b73ba127e06d8e79"},"headline":"KAMU-\u0130\u015e, KTAMS, KAMU-SEN, KTOE\u00d6S VE KT\u00d6S\u2019TEN ORTAK A\u00c7IKLAMA","datePublished":"2026-09-02T09:39:57+00:00","mainEntityOfPage":{"@id":"https:\/\/kibrisdakik.com\/?p=119796"},"wordCount":955,"commentCount":0,"publisher":{"@id":"https:\/\/kibrisdakik.com\/#organization"},"image":{"@id":"https:\/\/kibrisdakik.com\/?p=119796#primaryimage"},"thumbnailUrl":"https:\/\/kibrisdakik.com\/wp-content\/uploads\/2026\/09\/mha-sari-beyaz-7678.png","articleSection":["K\u0131br\u0131s"],"inLanguage":"tr","potentialAction":[{"@type":"CommentAction","name":"Comment","target":["https:\/\/kibrisdakik.com\/?p=119796#respond"]}]},{"@type":"WebPage","@id":"https:\/\/kibrisdakik.com\/?p=119796","url":"https:\/\/kibrisdakik.com\/?p=119796","name":"KAMU-\u0130\u015e, KTAMS, KAMU-SEN, KTOE\u00d6S VE KT\u00d6S\u2019TEN ORTAK A\u00c7IKLAMA -","isPartOf":{"@id":"https:\/\/kibrisdakik.com\/#website"},"primaryImageOfPage":{"@id":"https:\/\/kibrisdakik.com\/?p=119796#primaryimage"},"image":{"@id":"https:\/\/kibrisdakik.com\/?p=119796#primaryimage"},"thumbnailUrl":"https:\/\/kibrisdakik.com\/wp-content\/uploads\/2026\/09\/mha-sari-beyaz-7678.png","datePublished":"2026-09-02T09:39:57+00:00","breadcrumb":{"@id":"https:\/\/kibrisdakik.com\/?p=119796#breadcrumb"},"inLanguage":"tr","potentialAction":[{"@type":"ReadAction","target":["https:\/\/kibrisdakik.com\/?p=119796"]}]},{"@type":"ImageObject","inLanguage":"tr","@id":"https:\/\/kibrisdakik.com\/?p=119796#primaryimage","url":"https:\/\/kibrisdakik.com\/wp-content\/uploads\/2026\/09\/mha-sari-beyaz-7678.png","contentUrl":"https:\/\/kibrisdakik.com\/wp-content\/uploads\/2026\/09\/mha-sari-beyaz-7678.png","width":1280,"height":720},{"@type":"BreadcrumbList","@id":"https:\/\/kibrisdakik.com\/?p=119796#breadcrumb","itemListElement":[{"@type":"ListItem","position":1,"name":"Home","item":"https:\/\/kibrisdakik.com\/"},{"@type":"ListItem","position":2,"name":"KAMU-\u0130\u015e, KTAMS, KAMU-SEN, KTOE\u00d6S VE KT\u00d6S\u2019TEN ORTAK A\u00c7IKLAMA"}]},{"@type":"WebSite","@id":"https:\/\/kibrisdakik.com\/#website","url":"https:\/\/kibrisdakik.com\/","name":"K\u0131br\u0131s Dakik","description":"Tam vaktinde haber","publisher":{"@id":"https:\/\/kibrisdakik.com\/#organization"},"potentialAction":[{"@type":"SearchAction","target":{"@type":"EntryPoint","urlTemplate":"https:\/\/kibrisdakik.com\/?s={search_term_string}"},"query-input":{"@type":"PropertyValueSpecification","valueRequired":true,"valueName":"search_term_string"}}],"inLanguage":"tr"},{"@type":"Organization","@id":"https:\/\/kibrisdakik.com\/#organization","name":"K\u0131br\u0131s Dakik","url":"https:\/\/kibrisdakik.com\/","logo":{"@type":"ImageObject","inLanguage":"tr","@id":"https:\/\/kibrisdakik.com\/#\/schema\/logo\/image\/","url":"https:\/\/kibrisdakik.com\/wp-content\/uploads\/2025\/10\/cropped-WhatsApp-Image-2025-10-02-at-12.58.31.jpeg","contentUrl":"https:\/\/kibrisdakik.com\/wp-content\/uploads\/2025\/10\/cropped-WhatsApp-Image-2025-10-02-at-12.58.31.jpeg","width":1237,"height":190,"caption":"K\u0131br\u0131s Dakik"},"image":{"@id":"https:\/\/kibrisdakik.com\/#\/schema\/logo\/image\/"}},{"@type":"Person","@id":"https:\/\/kibrisdakik.com\/#\/schema\/person\/9cd9d437bbb44f72b73ba127e06d8e79","name":"admin","image":{"@type":"ImageObject","inLanguage":"tr","@id":"https:\/\/secure.gravatar.com\/avatar\/ccc17943b9d660506c869530f897617f7cb1c21a4bf30023f252596d83e1f007?s=96&d=mm&r=g","url":"https:\/\/secure.gravatar.com\/avatar\/ccc17943b9d660506c869530f897617f7cb1c21a4bf30023f252596d83e1f007?s=96&d=mm&r=g","contentUrl":"https:\/\/secure.gravatar.com\/avatar\/ccc17943b9d660506c869530f897617f7cb1c21a4bf30023f252596d83e1f007?s=96&d=mm&r=g","caption":"admin"},"sameAs":["https:\/\/kibrisdakik.com"],"url":"https:\/\/kibrisdakik.com\/?author=1"}]}},"_links":{"self":[{"href":"https:\/\/kibrisdakik.com\/index.php?rest_route=\/wp\/v2\/posts\/119796","targetHints":{"allow":["GET"]}}],"collection":[{"href":"https:\/\/kibrisdakik.com\/index.php?rest_route=\/wp\/v2\/posts"}],"about":[{"href":"https:\/\/kibrisdakik.com\/index.php?rest_route=\/wp\/v2\/types\/post"}],"author":[{"embeddable":true,"href":"https:\/\/kibrisdakik.com\/index.php?rest_route=\/wp\/v2\/users\/1"}],"replies":[{"embeddable":true,"href":"https:\/\/kibrisdakik.com\/index.php?rest_route=%2Fwp%2Fv2%2Fcomments&post=119796"}],"version-history":[{"count":0,"href":"https:\/\/kibrisdakik.com\/index.php?rest_route=\/wp\/v2\/posts\/119796\/revisions"}],"wp:featuredmedia":[{"embeddable":true,"href":"https:\/\/kibrisdakik.com\/index.php?rest_route=\/wp\/v2\/media\/119797"}],"wp:attachment":[{"href":"https:\/\/kibrisdakik.com\/index.php?rest_route=%2Fwp%2Fv2%2Fmedia&parent=119796"}],"wp:term":[{"taxonomy":"category","embeddable":true,"href":"https:\/\/kibrisdakik.com\/index.php?rest_route=%2Fwp%2Fv2%2Fcategories&post=119796"},{"taxonomy":"post_tag","embeddable":true,"href":"https:\/\/kibrisdakik.com\/index.php?rest_route=%2Fwp%2Fv2%2Ftags&post=119796"}],"curies":[{"name":"wp","href":"https:\/\/api.w.org\/{rel}","templated":true}]}}