{"id":119813,"date":"2026-09-02T14:58:59","date_gmt":"2026-09-02T11:58:59","guid":{"rendered":"https:\/\/kibrisdakik.com\/?p=119813"},"modified":"2026-09-02T14:58:59","modified_gmt":"2026-09-02T11:58:59","slug":"bir-gunde-dort-yangin-maddi-hasar-meydana-geldi","status":"publish","type":"post","link":"https:\/\/kibrisdakik.com\/?p=119813","title":{"rendered":"B\u0130R G\u00dcNDE D\u00d6RT YANGIN: MADD\u0130 HASAR MEYDANA GELD\u0130"},"content":{"rendered":"<p><\/p>\n<div data-text-id=\"207182\" property=\"articleBody\">\n<p>Polis Bas\u0131n Subayl\u0131\u011f\u0131, Ayd\u0131nk\u00f6y, Lefko\u015fa, Girne ve Lefke\u2019de meydana gelen d\u00f6rt ayr\u0131 yang\u0131nla ilgili a\u00e7\u0131klama yapt\u0131. Yang\u0131nlar\u0131n elektrik tesisat\u0131, ara\u00e7taki elektrik aksam\u0131, klima d\u0131\u015f \u00fcnitesi motoru ve elektrik tellerinden d\u00fc\u015fen k\u0131v\u0131lc\u0131mlardan kaynakland\u0131\u011f\u0131 de\u011ferlendirilirken, olaylarla ilgili soru\u015fturmalar\u0131n devam etti\u011fi bildirildi.<\/p>\n<p><strong>AYDINK\u00d6Y\u2019DE \u0130\u015e\u00c7\u0130 EV\u0130 YANGINI<\/strong><\/p>\n<p>Polis Bas\u0131n Subayl\u0131\u011f\u0131\u2019ndan al\u0131nan bilgiye g\u00f6re, 1 Eyl\u00fcl 2026 tarihinde saat 12.00 s\u0131ralar\u0131nda Ayd\u0131nk\u00f6y\u2019de A\u011f\u0131llar b\u00f6lgesinde bulunan bir i\u015f\u00e7i evinde yang\u0131n meydana geldi.<\/p>\n<p>Yang\u0131n\u0131n, muhtemelen mutfaktaki elektrik tesisat\u0131n\u0131n y\u00fcklenip \u0131s\u0131narak alevlenmesi sonucu \u00e7\u0131kt\u0131\u011f\u0131 belirtildi.<\/p>\n<p>\u0130tfaiye ekipleri taraf\u0131ndan s\u00f6nd\u00fcr\u00fclen yang\u0131n sonucunda, evin yatak, mutfak ve salon odalar\u0131nda bulunan t\u00fcm beyaz e\u015fyalar, mobilyalar ve ev e\u015fyalar\u0131 yanarak zarar g\u00f6rd\u00fc.<\/p>\n<p>Olayla ilgili soru\u015fturman\u0131n devam etti\u011fi kaydedildi.<\/p>\n<p><strong>LEFKO\u015eA\u2019DA SEY\u0130R HAL\u0130NDEK\u0130 VAN ARA\u00c7 YANDI<\/strong><\/p>\n<p>2 Eyl\u00fcl 2026 tarihinde saat 06.00 s\u0131ralar\u0131nda Lefko\u015fa\u2019da Dr. Faz\u0131l K\u00fc\u00e7\u00fck Bulvar\u0131 \u00fczerinde, Alpet Petrol Trafik I\u015f\u0131klar\u0131 kav\u015fa\u011f\u0131nda seyir halinde bulunan MA 534 plakal\u0131 van ara\u00e7ta yang\u0131n meydana geldi.<\/p>\n<p>Yang\u0131n\u0131n, muhtemelen motor b\u00f6l\u00fcm\u00fcndeki elektrik aksamlar\u0131n\u0131n k\u0131sa devre yap\u0131p alevlenmesi sonucu \u00e7\u0131kt\u0131\u011f\u0131 belirtildi.<\/p>\n<p>Yang\u0131n, itfaiye ekipleri taraf\u0131ndan s\u00f6nd\u00fcr\u00fcld\u00fc. Yang\u0131n sonucunda arac\u0131n motor b\u00f6l\u00fcm\u00fc ile \u00f6n kabinin i\u00e7 k\u0131sm\u0131 yanarak zarar g\u00f6rd\u00fc. Olu\u015fan \u0131s\u0131 nedeniyle arac\u0131n \u00f6n cam\u0131n\u0131n da patlad\u0131\u011f\u0131 bildirildi.<\/p>\n<p>Olayla ilgili soru\u015fturma s\u00fcr\u00fcyor.<\/p>\n<p><strong>G\u0130RNE\u2019DE APARTMANDA KL\u0130MA YANGINI<\/strong><\/p>\n<p>Yine 2 Eyl\u00fcl 2026 tarihinde saat 09.00 s\u0131ralar\u0131nda Girne\u2019de Tepeba\u015f\u0131 Sokak\u2019ta bulunan bir apartman dairesinde yang\u0131n meydana geldi.<\/p>\n<p>Yang\u0131n\u0131n, muhtemelen bir daireye ait klima d\u0131\u015f \u00fcnitesi motorunun y\u00fcklenip \u0131s\u0131narak alevlenmesi sonucu \u00e7\u0131kt\u0131\u011f\u0131 belirtildi.<\/p>\n<p>\u0130tfaiye ekipleri taraf\u0131ndan s\u00f6nd\u00fcr\u00fclen yang\u0131nda, apartman\u0131n d\u0131\u015f k\u0131sm\u0131nda bulunan toplam 4 klima d\u0131\u015f \u00fcnitesi, gider borular\u0131 ve binan\u0131n kompozit kaplamas\u0131 yanarak zarar g\u00f6rd\u00fc.<\/p>\n<p>Olayla ilgili soru\u015fturman\u0131n devam etti\u011fi bildirildi.<\/p>\n<p><strong>LEFKE\u2019DE NARENC\u0130YE BAH\u00c7ES\u0130NDE YANGIN<\/strong><\/p>\n<p>2 Eyl\u00fcl 2026 tarihinde saat 10.30 s\u0131ralar\u0131nda Lefke\u2019de bulunan bir narenciye bah\u00e7esinde de yang\u0131n \u00e7\u0131kt\u0131.<\/p>\n<p>Yang\u0131n\u0131n, muhtemelen bah\u00e7e kenar\u0131ndaki elektrik tellerinden d\u00fc\u015fen k\u0131v\u0131lc\u0131mlar\u0131n kuru otlar\u0131 tutu\u015fturmas\u0131 sonucu meydana geldi\u011fi belirtildi.<\/p>\n<p>\u0130tfaiye ekipleri taraf\u0131ndan s\u00f6nd\u00fcr\u00fclen yang\u0131nda, toplam 30 adet bak\u0131ms\u0131z narenciye a\u011fac\u0131 ile 2 adet zeytin a\u011fac\u0131, damlama lastikleri ve sulama borusu yanarak zarar g\u00f6rd\u00fc.<\/p>\n<p>D\u00f6rt ayr\u0131 yang\u0131nla ilgili polis soru\u015fturmalar\u0131n\u0131n devam etti\u011fi bildirildi.<\/p>\n<p>\u0130stersen bunun ard\u0131ndan <strong>15 man\u015fet + 1 spot<\/strong> da haz\u0131rlayabilirim.<\/p>\n<\/p><\/div>\n","protected":false},"excerpt":{"rendered":"<p>Polis Bas\u0131n Subayl\u0131\u011f\u0131, Ayd\u0131nk\u00f6y, Lefko\u015fa, Girne ve Lefke\u2019de meydana gelen d\u00f6rt ayr\u0131 yang\u0131nla ilgili a\u00e7\u0131klama yapt\u0131. Yang\u0131nlar\u0131n elektrik tesisat\u0131, ara\u00e7taki elektrik aksam\u0131, klima d\u0131\u015f \u00fcnitesi motoru ve elektrik tellerinden d\u00fc\u015fen k\u0131v\u0131lc\u0131mlardan kaynakland\u0131\u011f\u0131 de\u011ferlendirilirken, olaylarla ilgili soru\u015fturmalar\u0131n devam etti\u011fi bildirildi. AYDINK\u00d6Y\u2019DE \u0130\u015e\u00c7\u0130 EV\u0130 YANGINI Polis Bas\u0131n Subayl\u0131\u011f\u0131\u2019ndan al\u0131nan bilgiye g\u00f6re, 1 Eyl\u00fcl 2026 tarihinde saat 12.00<\/p>\n","protected":false},"author":1,"featured_media":119814,"comment_status":"open","ping_status":"open","sticky":false,"template":"","format":"standard","meta":{"footnotes":""},"categories":[81],"tags":[],"class_list":["post-119813","post","type-post","status-publish","format-standard","has-post-thumbnail","hentry","category-kibris"],"yoast_head":"<!-- This site is optimized with the Yoast SEO plugin v28.4 - https:\/\/yoast.com\/product\/yoast-seo-wordpress\/ -->\n<title>B\u0130R G\u00dcNDE D\u00d6RT YANGIN: MADD\u0130 HASAR MEYDANA GELD\u0130 -<\/title>\n<meta name=\"robots\" content=\"index, follow, max-snippet:-1, max-image-preview:large, max-video-preview:-1\" \/>\n<link rel=\"canonical\" href=\"https:\/\/kibrisdakik.com\/?p=119813\" \/>\n<meta property=\"og:locale\" content=\"tr_TR\" \/>\n<meta property=\"og:type\" content=\"article\" \/>\n<meta property=\"og:title\" content=\"B\u0130R G\u00dcNDE D\u00d6RT YANGIN: MADD\u0130 HASAR MEYDANA GELD\u0130 -\" \/>\n<meta property=\"og:description\" content=\"Polis Bas\u0131n Subayl\u0131\u011f\u0131, Ayd\u0131nk\u00f6y, Lefko\u015fa, Girne ve Lefke\u2019de meydana gelen d\u00f6rt ayr\u0131 yang\u0131nla ilgili a\u00e7\u0131klama yapt\u0131. Yang\u0131nlar\u0131n elektrik tesisat\u0131, ara\u00e7taki elektrik aksam\u0131, klima d\u0131\u015f \u00fcnitesi motoru ve elektrik tellerinden d\u00fc\u015fen k\u0131v\u0131lc\u0131mlardan kaynakland\u0131\u011f\u0131 de\u011ferlendirilirken, olaylarla ilgili soru\u015fturmalar\u0131n devam etti\u011fi bildirildi. AYDINK\u00d6Y\u2019DE \u0130\u015e\u00c7\u0130 EV\u0130 YANGINI Polis Bas\u0131n Subayl\u0131\u011f\u0131\u2019ndan al\u0131nan bilgiye g\u00f6re, 1 Eyl\u00fcl 2026 tarihinde saat 12.00\" \/>\n<meta property=\"og:url\" content=\"https:\/\/kibrisdakik.com\/?p=119813\" \/>\n<meta property=\"article:published_time\" content=\"2026-09-02T11:58:59+00:00\" \/>\n<meta property=\"og:image\" content=\"https:\/\/mhahabercom.teimg.com\/crop\/1280x720\/mhahaber-com\/uploads\/2026\/09\/mha-sari-beyaz-7685.png\" \/>\n<meta name=\"author\" content=\"admin\" \/>\n<meta name=\"twitter:card\" content=\"summary_large_image\" \/>\n<meta name=\"twitter:label1\" content=\"Yazan:\" \/>\n\t<meta name=\"twitter:data1\" content=\"admin\" \/>\n\t<meta name=\"twitter:label2\" content=\"Tahmini okuma s\u00fcresi\" \/>\n\t<meta name=\"twitter:data2\" content=\"2 dakika\" \/>\n<script type=\"application\/ld+json\" class=\"yoast-schema-graph\">{\"@context\":\"https:\\\/\\\/schema.org\",\"@graph\":[{\"@type\":\"Article\",\"@id\":\"https:\\\/\\\/kibrisdakik.com\\\/?p=119813#article\",\"isPartOf\":{\"@id\":\"https:\\\/\\\/kibrisdakik.com\\\/?p=119813\"},\"author\":{\"name\":\"admin\",\"@id\":\"https:\\\/\\\/kibrisdakik.com\\\/#\\\/schema\\\/person\\\/9cd9d437bbb44f72b73ba127e06d8e79\"},\"headline\":\"B\u0130R G\u00dcNDE D\u00d6RT YANGIN: MADD\u0130 HASAR MEYDANA GELD\u0130\",\"datePublished\":\"2026-09-02T11:58:59+00:00\",\"mainEntityOfPage\":{\"@id\":\"https:\\\/\\\/kibrisdakik.com\\\/?p=119813\"},\"wordCount\":482,\"commentCount\":0,\"publisher\":{\"@id\":\"https:\\\/\\\/kibrisdakik.com\\\/#organization\"},\"image\":{\"@id\":\"https:\\\/\\\/kibrisdakik.com\\\/?p=119813#primaryimage\"},\"thumbnailUrl\":\"https:\\\/\\\/kibrisdakik.com\\\/wp-content\\\/uploads\\\/2026\\\/09\\\/mha-sari-beyaz-7685.png\",\"articleSection\":[\"K\u0131br\u0131s\"],\"inLanguage\":\"tr\",\"potentialAction\":[{\"@type\":\"CommentAction\",\"name\":\"Comment\",\"target\":[\"https:\\\/\\\/kibrisdakik.com\\\/?p=119813#respond\"]}]},{\"@type\":\"WebPage\",\"@id\":\"https:\\\/\\\/kibrisdakik.com\\\/?p=119813\",\"url\":\"https:\\\/\\\/kibrisdakik.com\\\/?p=119813\",\"name\":\"B\u0130R G\u00dcNDE D\u00d6RT YANGIN: MADD\u0130 HASAR MEYDANA GELD\u0130 -\",\"isPartOf\":{\"@id\":\"https:\\\/\\\/kibrisdakik.com\\\/#website\"},\"primaryImageOfPage\":{\"@id\":\"https:\\\/\\\/kibrisdakik.com\\\/?p=119813#primaryimage\"},\"image\":{\"@id\":\"https:\\\/\\\/kibrisdakik.com\\\/?p=119813#primaryimage\"},\"thumbnailUrl\":\"https:\\\/\\\/kibrisdakik.com\\\/wp-content\\\/uploads\\\/2026\\\/09\\\/mha-sari-beyaz-7685.png\",\"datePublished\":\"2026-09-02T11:58:59+00:00\",\"breadcrumb\":{\"@id\":\"https:\\\/\\\/kibrisdakik.com\\\/?p=119813#breadcrumb\"},\"inLanguage\":\"tr\",\"potentialAction\":[{\"@type\":\"ReadAction\",\"target\":[\"https:\\\/\\\/kibrisdakik.com\\\/?p=119813\"]}]},{\"@type\":\"ImageObject\",\"inLanguage\":\"tr\",\"@id\":\"https:\\\/\\\/kibrisdakik.com\\\/?p=119813#primaryimage\",\"url\":\"https:\\\/\\\/kibrisdakik.com\\\/wp-content\\\/uploads\\\/2026\\\/09\\\/mha-sari-beyaz-7685.png\",\"contentUrl\":\"https:\\\/\\\/kibrisdakik.com\\\/wp-content\\\/uploads\\\/2026\\\/09\\\/mha-sari-beyaz-7685.png\",\"width\":1280,\"height\":720},{\"@type\":\"BreadcrumbList\",\"@id\":\"https:\\\/\\\/kibrisdakik.com\\\/?p=119813#breadcrumb\",\"itemListElement\":[{\"@type\":\"ListItem\",\"position\":1,\"name\":\"Home\",\"item\":\"https:\\\/\\\/kibrisdakik.com\\\/\"},{\"@type\":\"ListItem\",\"position\":2,\"name\":\"B\u0130R G\u00dcNDE D\u00d6RT YANGIN: MADD\u0130 HASAR MEYDANA GELD\u0130\"}]},{\"@type\":\"WebSite\",\"@id\":\"https:\\\/\\\/kibrisdakik.com\\\/#website\",\"url\":\"https:\\\/\\\/kibrisdakik.com\\\/\",\"name\":\"K\u0131br\u0131s Dakik\",\"description\":\"Tam vaktinde haber\",\"publisher\":{\"@id\":\"https:\\\/\\\/kibrisdakik.com\\\/#organization\"},\"potentialAction\":[{\"@type\":\"SearchAction\",\"target\":{\"@type\":\"EntryPoint\",\"urlTemplate\":\"https:\\\/\\\/kibrisdakik.com\\\/?s={search_term_string}\"},\"query-input\":{\"@type\":\"PropertyValueSpecification\",\"valueRequired\":true,\"valueName\":\"search_term_string\"}}],\"inLanguage\":\"tr\"},{\"@type\":\"Organization\",\"@id\":\"https:\\\/\\\/kibrisdakik.com\\\/#organization\",\"name\":\"K\u0131br\u0131s Dakik\",\"url\":\"https:\\\/\\\/kibrisdakik.com\\\/\",\"logo\":{\"@type\":\"ImageObject\",\"inLanguage\":\"tr\",\"@id\":\"https:\\\/\\\/kibrisdakik.com\\\/#\\\/schema\\\/logo\\\/image\\\/\",\"url\":\"https:\\\/\\\/kibrisdakik.com\\\/wp-content\\\/uploads\\\/2025\\\/10\\\/cropped-WhatsApp-Image-2025-10-02-at-12.58.31.jpeg\",\"contentUrl\":\"https:\\\/\\\/kibrisdakik.com\\\/wp-content\\\/uploads\\\/2025\\\/10\\\/cropped-WhatsApp-Image-2025-10-02-at-12.58.31.jpeg\",\"width\":1237,\"height\":190,\"caption\":\"K\u0131br\u0131s Dakik\"},\"image\":{\"@id\":\"https:\\\/\\\/kibrisdakik.com\\\/#\\\/schema\\\/logo\\\/image\\\/\"}},{\"@type\":\"Person\",\"@id\":\"https:\\\/\\\/kibrisdakik.com\\\/#\\\/schema\\\/person\\\/9cd9d437bbb44f72b73ba127e06d8e79\",\"name\":\"admin\",\"image\":{\"@type\":\"ImageObject\",\"inLanguage\":\"tr\",\"@id\":\"https:\\\/\\\/secure.gravatar.com\\\/avatar\\\/ccc17943b9d660506c869530f897617f7cb1c21a4bf30023f252596d83e1f007?s=96&d=mm&r=g\",\"url\":\"https:\\\/\\\/secure.gravatar.com\\\/avatar\\\/ccc17943b9d660506c869530f897617f7cb1c21a4bf30023f252596d83e1f007?s=96&d=mm&r=g\",\"contentUrl\":\"https:\\\/\\\/secure.gravatar.com\\\/avatar\\\/ccc17943b9d660506c869530f897617f7cb1c21a4bf30023f252596d83e1f007?s=96&d=mm&r=g\",\"caption\":\"admin\"},\"sameAs\":[\"https:\\\/\\\/kibrisdakik.com\"],\"url\":\"https:\\\/\\\/kibrisdakik.com\\\/?author=1\"}]}<\/script>\n<!-- \/ Yoast SEO plugin. -->","yoast_head_json":{"title":"B\u0130R G\u00dcNDE D\u00d6RT YANGIN: MADD\u0130 HASAR MEYDANA GELD\u0130 -","robots":{"index":"index","follow":"follow","max-snippet":"max-snippet:-1","max-image-preview":"max-image-preview:large","max-video-preview":"max-video-preview:-1"},"canonical":"https:\/\/kibrisdakik.com\/?p=119813","og_locale":"tr_TR","og_type":"article","og_title":"B\u0130R G\u00dcNDE D\u00d6RT YANGIN: MADD\u0130 HASAR MEYDANA GELD\u0130 -","og_description":"Polis Bas\u0131n Subayl\u0131\u011f\u0131, Ayd\u0131nk\u00f6y, Lefko\u015fa, Girne ve Lefke\u2019de meydana gelen d\u00f6rt ayr\u0131 yang\u0131nla ilgili a\u00e7\u0131klama yapt\u0131. Yang\u0131nlar\u0131n elektrik tesisat\u0131, ara\u00e7taki elektrik aksam\u0131, klima d\u0131\u015f \u00fcnitesi motoru ve elektrik tellerinden d\u00fc\u015fen k\u0131v\u0131lc\u0131mlardan kaynakland\u0131\u011f\u0131 de\u011ferlendirilirken, olaylarla ilgili soru\u015fturmalar\u0131n devam etti\u011fi bildirildi. AYDINK\u00d6Y\u2019DE \u0130\u015e\u00c7\u0130 EV\u0130 YANGINI Polis Bas\u0131n Subayl\u0131\u011f\u0131\u2019ndan al\u0131nan bilgiye g\u00f6re, 1 Eyl\u00fcl 2026 tarihinde saat 12.00","og_url":"https:\/\/kibrisdakik.com\/?p=119813","article_published_time":"2026-09-02T11:58:59+00:00","og_image":[{"url":"https:\/\/mhahabercom.teimg.com\/crop\/1280x720\/mhahaber-com\/uploads\/2026\/09\/mha-sari-beyaz-7685.png","type":"","width":"","height":""}],"author":"admin","twitter_card":"summary_large_image","twitter_misc":{"Yazan:":"admin","Tahmini okuma s\u00fcresi":"2 dakika"},"schema":{"@context":"https:\/\/schema.org","@graph":[{"@type":"Article","@id":"https:\/\/kibrisdakik.com\/?p=119813#article","isPartOf":{"@id":"https:\/\/kibrisdakik.com\/?p=119813"},"author":{"name":"admin","@id":"https:\/\/kibrisdakik.com\/#\/schema\/person\/9cd9d437bbb44f72b73ba127e06d8e79"},"headline":"B\u0130R G\u00dcNDE D\u00d6RT YANGIN: MADD\u0130 HASAR MEYDANA GELD\u0130","datePublished":"2026-09-02T11:58:59+00:00","mainEntityOfPage":{"@id":"https:\/\/kibrisdakik.com\/?p=119813"},"wordCount":482,"commentCount":0,"publisher":{"@id":"https:\/\/kibrisdakik.com\/#organization"},"image":{"@id":"https:\/\/kibrisdakik.com\/?p=119813#primaryimage"},"thumbnailUrl":"https:\/\/kibrisdakik.com\/wp-content\/uploads\/2026\/09\/mha-sari-beyaz-7685.png","articleSection":["K\u0131br\u0131s"],"inLanguage":"tr","potentialAction":[{"@type":"CommentAction","name":"Comment","target":["https:\/\/kibrisdakik.com\/?p=119813#respond"]}]},{"@type":"WebPage","@id":"https:\/\/kibrisdakik.com\/?p=119813","url":"https:\/\/kibrisdakik.com\/?p=119813","name":"B\u0130R G\u00dcNDE D\u00d6RT YANGIN: MADD\u0130 HASAR MEYDANA GELD\u0130 -","isPartOf":{"@id":"https:\/\/kibrisdakik.com\/#website"},"primaryImageOfPage":{"@id":"https:\/\/kibrisdakik.com\/?p=119813#primaryimage"},"image":{"@id":"https:\/\/kibrisdakik.com\/?p=119813#primaryimage"},"thumbnailUrl":"https:\/\/kibrisdakik.com\/wp-content\/uploads\/2026\/09\/mha-sari-beyaz-7685.png","datePublished":"2026-09-02T11:58:59+00:00","breadcrumb":{"@id":"https:\/\/kibrisdakik.com\/?p=119813#breadcrumb"},"inLanguage":"tr","potentialAction":[{"@type":"ReadAction","target":["https:\/\/kibrisdakik.com\/?p=119813"]}]},{"@type":"ImageObject","inLanguage":"tr","@id":"https:\/\/kibrisdakik.com\/?p=119813#primaryimage","url":"https:\/\/kibrisdakik.com\/wp-content\/uploads\/2026\/09\/mha-sari-beyaz-7685.png","contentUrl":"https:\/\/kibrisdakik.com\/wp-content\/uploads\/2026\/09\/mha-sari-beyaz-7685.png","width":1280,"height":720},{"@type":"BreadcrumbList","@id":"https:\/\/kibrisdakik.com\/?p=119813#breadcrumb","itemListElement":[{"@type":"ListItem","position":1,"name":"Home","item":"https:\/\/kibrisdakik.com\/"},{"@type":"ListItem","position":2,"name":"B\u0130R G\u00dcNDE D\u00d6RT YANGIN: MADD\u0130 HASAR MEYDANA GELD\u0130"}]},{"@type":"WebSite","@id":"https:\/\/kibrisdakik.com\/#website","url":"https:\/\/kibrisdakik.com\/","name":"K\u0131br\u0131s Dakik","description":"Tam vaktinde haber","publisher":{"@id":"https:\/\/kibrisdakik.com\/#organization"},"potentialAction":[{"@type":"SearchAction","target":{"@type":"EntryPoint","urlTemplate":"https:\/\/kibrisdakik.com\/?s={search_term_string}"},"query-input":{"@type":"PropertyValueSpecification","valueRequired":true,"valueName":"search_term_string"}}],"inLanguage":"tr"},{"@type":"Organization","@id":"https:\/\/kibrisdakik.com\/#organization","name":"K\u0131br\u0131s Dakik","url":"https:\/\/kibrisdakik.com\/","logo":{"@type":"ImageObject","inLanguage":"tr","@id":"https:\/\/kibrisdakik.com\/#\/schema\/logo\/image\/","url":"https:\/\/kibrisdakik.com\/wp-content\/uploads\/2025\/10\/cropped-WhatsApp-Image-2025-10-02-at-12.58.31.jpeg","contentUrl":"https:\/\/kibrisdakik.com\/wp-content\/uploads\/2025\/10\/cropped-WhatsApp-Image-2025-10-02-at-12.58.31.jpeg","width":1237,"height":190,"caption":"K\u0131br\u0131s Dakik"},"image":{"@id":"https:\/\/kibrisdakik.com\/#\/schema\/logo\/image\/"}},{"@type":"Person","@id":"https:\/\/kibrisdakik.com\/#\/schema\/person\/9cd9d437bbb44f72b73ba127e06d8e79","name":"admin","image":{"@type":"ImageObject","inLanguage":"tr","@id":"https:\/\/secure.gravatar.com\/avatar\/ccc17943b9d660506c869530f897617f7cb1c21a4bf30023f252596d83e1f007?s=96&d=mm&r=g","url":"https:\/\/secure.gravatar.com\/avatar\/ccc17943b9d660506c869530f897617f7cb1c21a4bf30023f252596d83e1f007?s=96&d=mm&r=g","contentUrl":"https:\/\/secure.gravatar.com\/avatar\/ccc17943b9d660506c869530f897617f7cb1c21a4bf30023f252596d83e1f007?s=96&d=mm&r=g","caption":"admin"},"sameAs":["https:\/\/kibrisdakik.com"],"url":"https:\/\/kibrisdakik.com\/?author=1"}]}},"_links":{"self":[{"href":"https:\/\/kibrisdakik.com\/index.php?rest_route=\/wp\/v2\/posts\/119813","targetHints":{"allow":["GET"]}}],"collection":[{"href":"https:\/\/kibrisdakik.com\/index.php?rest_route=\/wp\/v2\/posts"}],"about":[{"href":"https:\/\/kibrisdakik.com\/index.php?rest_route=\/wp\/v2\/types\/post"}],"author":[{"embeddable":true,"href":"https:\/\/kibrisdakik.com\/index.php?rest_route=\/wp\/v2\/users\/1"}],"replies":[{"embeddable":true,"href":"https:\/\/kibrisdakik.com\/index.php?rest_route=%2Fwp%2Fv2%2Fcomments&post=119813"}],"version-history":[{"count":0,"href":"https:\/\/kibrisdakik.com\/index.php?rest_route=\/wp\/v2\/posts\/119813\/revisions"}],"wp:featuredmedia":[{"embeddable":true,"href":"https:\/\/kibrisdakik.com\/index.php?rest_route=\/wp\/v2\/media\/119814"}],"wp:attachment":[{"href":"https:\/\/kibrisdakik.com\/index.php?rest_route=%2Fwp%2Fv2%2Fmedia&parent=119813"}],"wp:term":[{"taxonomy":"category","embeddable":true,"href":"https:\/\/kibrisdakik.com\/index.php?rest_route=%2Fwp%2Fv2%2Fcategories&post=119813"},{"taxonomy":"post_tag","embeddable":true,"href":"https:\/\/kibrisdakik.com\/index.php?rest_route=%2Fwp%2Fv2%2Ftags&post=119813"}],"curies":[{"name":"wp","href":"https:\/\/api.w.org\/{rel}","templated":true}]}}