{"id":119818,"date":"2026-09-02T16:01:19","date_gmt":"2026-09-02T13:01:19","guid":{"rendered":"https:\/\/kibrisdakik.com\/?p=119818"},"modified":"2026-09-02T16:01:19","modified_gmt":"2026-09-02T13:01:19","slug":"ozturk-dort-haftadir-cevap-bekliyoruz-mutluyakanin-itirazi-neden-sonuclandirilmiyor","status":"publish","type":"post","link":"https:\/\/kibrisdakik.com\/?p=119818","title":{"rendered":"\u00d6ZT\u00dcRK: \u201cD\u00d6RT HAFTADIR CEVAP BEKL\u0130YORUZ, MUTLUYAKA\u2019NIN \u0130T\u0130RAZI NEDEN SONU\u00c7LANDIRILMIYOR?\u201d"},"content":{"rendered":"<p>Mutluyaka Hilal Spor Kul\u00fcb\u00fc Ba\u015fkan\u0131 Zihni \u00d6zt\u00fcrk, ge\u00e7en sezon oynanan BTM 2. Lig final kar\u015f\u0131la\u015fmas\u0131yla ilgili Tahkim Kurulu\u2019na yapt\u0131klar\u0131 resmi itiraz\u0131n d\u00f6rt haftad\u0131r sonu\u00e7land\u0131r\u0131lmamas\u0131na tepki g\u00f6sterdi.<\/p>\n<p>Mutluyaka Hilal Spor Kul\u00fcb\u00fc, sezon finalinde 3-2 ma\u011flup olmas\u0131n\u0131n ard\u0131ndan, kar\u015f\u0131la\u015fmada forma giyen baz\u0131 futbolcular\u0131n transfer s\u00fcre\u00e7leri ve m\u00fcsabakaya kat\u0131lma uygunluklar\u0131n\u0131n BTM 2. Lig Stat\u00fcs\u00fc kapsam\u0131nda incelenmesi talebiyle Tahkim Kurulu\u2019na ba\u015fvurdu.<\/p>\n<p>Kul\u00fcp avukatlar\u0131 taraf\u0131ndan haz\u0131rlanan dilek\u00e7ede, s\u00f6z konusu futbolcular\u0131n transfer ge\u00e7mi\u015fleri, ilgili stat\u00fc h\u00fck\u00fcmleri ve final m\u00fcsabakas\u0131ndaki durumlar\u0131n\u0131n birlikte de\u011ferlendirildi\u011fi belirtildi.<\/p>\n<p>\u00d6zt\u00fcrk, ba\u015fvurular\u0131n\u0131n amac\u0131n\u0131n ma\u00e7\u0131 masa ba\u015f\u0131nda kazanmak veya herhangi bir kul\u00fcb\u00fc hedef almak olmad\u0131\u011f\u0131n\u0131 belirterek, itirazlar\u0131n\u0131n somut ve hukuki bir zemine dayand\u0131\u011f\u0131n\u0131 s\u00f6yledi.<\/p>\n<p>Finalde forma giyen baz\u0131 futbolcular\u0131n transfer s\u00fcre\u00e7leri ile BTM 2. Lig Stat\u00fcs\u00fc h\u00fck\u00fcmleri aras\u0131nda a\u00e7\u0131kl\u0131\u011fa kavu\u015fturulmas\u0131 gereken noktalar bulundu\u011funu ifade eden \u00d6zt\u00fcrk, hukuk\u00e7ular\u0131n\u0131n bu hususlar\u0131 belgeler ve ilgili maddelerle birlikte dilek\u00e7ede ortaya koydu\u011funu kaydetti.<\/p>\n<p>\u00d6zt\u00fcrk, \u201c\u0130stedi\u011fimiz tek \u015fey, kurallar\u0131n do\u011fru uygulan\u0131p uygulanmad\u0131\u011f\u0131n\u0131n belirlenmesidir\u201d dedi.<\/p>\n<h2>\u201cD\u00d6RT HAFTADIR KARAR YOK\u201d<\/h2>\n<p>Tahkim Kurulu\u2019na yap\u0131lan ba\u015fvurunun \u00fczerinden d\u00f6rt hafta ge\u00e7mesine ra\u011fmen kendilerine herhangi bir karar veya tatmin edici a\u00e7\u0131klama ula\u015fmad\u0131\u011f\u0131n\u0131 belirten \u00d6zt\u00fcrk, as\u0131l sorunun da bu oldu\u011funu s\u00f6yledi.<\/p>\n<p>\u00d6zt\u00fcrk, karar\u0131n mutlaka lehlerine \u00e7\u0131kmas\u0131n\u0131 talep etmediklerini belirterek, resmi ve belgeli bir ba\u015fvurunun cevaps\u0131z b\u0131rak\u0131lmas\u0131n\u0131 kabul edemeyeceklerini ifade etti.<\/p>\n<p>\u201cHaks\u0131zsak hangi maddeye g\u00f6re haks\u0131z oldu\u011fumuz, hakl\u0131ysak bunun sonucu a\u00e7\u0131k\u00e7a ortaya konulmal\u0131d\u0131r\u201d diyen \u00d6zt\u00fcrk, yetkili kurulun dosyay\u0131 inceleyerek gerek\u00e7eli bir karar vermesi gerekti\u011fini s\u00f6yledi.<\/p>\n<h2>\u201cGE\u00c7 VER\u0130LEN KARAR ETK\u0130S\u0130N\u0130 Y\u0130T\u0130REB\u0130L\u0130R\u201d<\/h2>\n<p>Sportif hukukta kararlar\u0131n zaman\u0131nda verilmesinin \u00f6nemine dikkat \u00e7eken \u00d6zt\u00fcrk, yeni sezonun ba\u015flam\u0131\u015f olmas\u0131na ra\u011fmen ge\u00e7en sezonun finaline ili\u015fkin itirazlar\u0131n\u0131n h\u00e2l\u00e2 sonu\u00e7lanmad\u0131\u011f\u0131n\u0131 belirtti.<\/p>\n<p>\u00d6zt\u00fcrk, kul\u00fcplerin yeni sezon i\u00e7in kadrolar\u0131n\u0131 olu\u015fturdu\u011funu, transferlerini yapt\u0131\u011f\u0131n\u0131 ve b\u00fct\u00e7elerini planlad\u0131\u011f\u0131n\u0131 belirterek, \u201cAdalet yaln\u0131zca do\u011fru karar vermek de\u011fildir; o karar\u0131 zaman\u0131nda vermektir\u201d ifadelerini kulland\u0131.<\/p>\n<h2>\u201cBA\u015eKA B\u0130R KUL\u00dcB\u00dc SU\u00c7LAMIYORUZ\u201d<\/h2>\n<p>Mutluyaka\u2019n\u0131n temel talebinin stat\u00fc h\u00fck\u00fcmlerinin t\u00fcm kul\u00fcplere e\u015fit uygulanmas\u0131 oldu\u011funu belirten \u00d6zt\u00fcrk, ba\u015fka bir kul\u00fcb\u00fc su\u00e7lamad\u0131klar\u0131n\u0131 s\u00f6yledi.<\/p>\n<p>\u0130tirazlar\u0131n\u0131n ilgili futbolcular\u0131n transfer ge\u00e7mi\u015fleri ile stat\u00fc maddeleri aras\u0131ndaki ba\u011flant\u0131n\u0131n incelenmesine dayand\u0131\u011f\u0131n\u0131 ifade eden \u00d6zt\u00fcrk, hukuki de\u011ferlendirmeyi yapacak makam\u0131n Tahkim Kurulu oldu\u011funu kaydetti.<\/p>\n<p>\u00d6zt\u00fcrk, \u201cKural, ad\u0131 ve g\u00fcc\u00fc ne olursa olsun her kul\u00fcbe ayn\u0131 uygulanmal\u0131d\u0131r\u201d dedi.<\/p>\n<h2>\u201cSAHADA KAYBETT\u0130K, HUKUK\u0130 HAKKIMIZI ARIYORUZ\u201d<\/h2>\n<p>Finali 3-2 kaybettiklerini ve sahadaki m\u00fccadeleye sayg\u0131 duyduklar\u0131n\u0131 belirten \u00d6zt\u00fcrk, \u201cFinali 3-2 kaybetti\u011fimizi saklam\u0131yoruz. Ancak sahaya \u00e7\u0131kan futbolcular\u0131n oynama uygunlu\u011fu da m\u00fcsabakan\u0131n kurallara uygunlu\u011funun ayr\u0131lmaz par\u00e7as\u0131d\u0131r\u201d ifadelerini kulland\u0131.<\/p>\n<p>Hukuki bir \u015f\u00fcphe bulunmas\u0131 halinde bunun sorgulanmas\u0131n\u0131n kul\u00fcb\u00fcn do\u011fal hakk\u0131 oldu\u011funu belirten \u00d6zt\u00fcrk, resmi mercilere ba\u015fvurman\u0131n rakibe sayg\u0131s\u0131zl\u0131k de\u011fil, kurallara sayg\u0131n\u0131n gere\u011fi oldu\u011funu s\u00f6yledi.<\/p>\n<h2>\u201cBEKLENT\u0130M\u0130Z GEREK\u00c7EL\u0130 KARAR\u201d<\/h2>\n<p>\u00d6zt\u00fcrk, kendilerini en \u00e7ok rahats\u0131z eden konunun karar\u0131n lehlerine veya aleyhlerine olmas\u0131 de\u011fil, dosyan\u0131n d\u00f6rt haftad\u0131r cevaps\u0131z b\u0131rak\u0131lmas\u0131 oldu\u011funu vurgulad\u0131.<\/p>\n<p>Kul\u00fcp olarak belgelerini ve hukuki gerek\u00e7elerini sunduklar\u0131n\u0131 belirten \u00d6zt\u00fcrk, bundan sonraki s\u00fcrecin Tahkim Kurulu\u2019nun sorumlulu\u011funda oldu\u011funu s\u00f6yledi.<\/p>\n<p>Tahkim Kurulu\u2019ndan beklentilerinin dosyan\u0131n gecikmeden incelenmesi ve gerek\u00e7eli bir karar a\u00e7\u0131klanmas\u0131 oldu\u011funu belirten \u00d6zt\u00fcrk, \u201cBize \u00f6zel muamele ya da ayr\u0131cal\u0131k istemiyoruz\u201d dedi.<\/p>\n<p>Aleyhlerine gerek\u00e7eli bir karar \u00e7\u0131kmas\u0131 halinde buna sayg\u0131 g\u00f6stereceklerini ifade eden \u00d6zt\u00fcrk, m\u00fccadelelerinin karar\u0131n mutlaka lehlerine \u00e7\u0131kmas\u0131 i\u00e7in de\u011fil, karar\u0131n do\u011fru, \u015feffaf ve zaman\u0131nda verilmesi i\u00e7in oldu\u011funu s\u00f6yledi.<\/p>\n<h2>\u201cSESS\u0130ZL\u0130K KU\u015eKULARI B\u00dcY\u00dcT\u00dcYOR\u201d<\/h2>\n<p>Bas\u0131nda yer alan \u201cMutluyaka futboldaki yap\u0131ya kurban ediliyor\u201d \u015feklindeki de\u011ferlendirmeye ili\u015fkin de konu\u015fan \u00d6zt\u00fcrk, b\u00f6yle bir iddiaya inanmak istemedi\u011fini belirtti.<\/p>\n<p>Tahkim Kurulu\u2019nun ba\u011f\u0131ms\u0131z ve herhangi bir bask\u0131 veya etkiden uzak \u015fekilde karar vermesi gerekti\u011fini ifade eden \u00d6zt\u00fcrk, d\u00f6rt haftad\u0131r devam eden sessizli\u011fin kamuoyundaki ku\u015fkular\u0131 art\u0131rd\u0131\u011f\u0131n\u0131 s\u00f6yledi.<\/p>\n<p>Bu ku\u015fkular\u0131n ortadan kald\u0131r\u0131lmas\u0131n\u0131n yolunun dosyan\u0131n sonu\u00e7land\u0131r\u0131lmas\u0131 ve hukuki gerek\u00e7enin a\u00e7\u0131k bi\u00e7imde ortaya konulmas\u0131 oldu\u011funu belirten \u00d6zt\u00fcrk, Mutluyaka Hilal Spor Kul\u00fcb\u00fc\u2019n\u00fcn kimseyle kavga pe\u015finde olmad\u0131\u011f\u0131n\u0131 vurgulad\u0131.<\/p>\n<p>\u00d6zt\u00fcrk, kul\u00fcp olarak resmi yolu se\u00e7tiklerini, belgelerini sunduklar\u0131n\u0131 ve d\u00f6rt haftad\u0131r sonu\u00e7 beklediklerini belirterek, \u201cMutluyaka\u2019n\u0131n itiraz\u0131 neden h\u00e2l\u00e2 sonu\u00e7land\u0131r\u0131lm\u0131yor?\u201d sorusunu y\u00f6neltti.<\/p>\n<p>\u00d6zt\u00fcrk, futbolun gelece\u011fi a\u00e7\u0131s\u0131ndan ihtiya\u00e7 duyulan\u0131n sessizlik ve belirsizlik de\u011fil, zaman\u0131nda i\u015fleyen adalet, \u015feffafl\u0131k ve herkes i\u00e7in e\u015fit uygulanan kurallar oldu\u011funu s\u00f6yledi.<\/p>\n","protected":false},"excerpt":{"rendered":"<p>Mutluyaka Hilal Spor Kul\u00fcb\u00fc Ba\u015fkan\u0131 Zihni \u00d6zt\u00fcrk, ge\u00e7en sezon oynanan BTM 2. Lig final kar\u015f\u0131la\u015fmas\u0131yla ilgili Tahkim Kurulu\u2019na yapt\u0131klar\u0131 resmi itiraz\u0131n d\u00f6rt haftad\u0131r sonu\u00e7land\u0131r\u0131lmamas\u0131na tepki g\u00f6sterdi. Mutluyaka Hilal Spor Kul\u00fcb\u00fc, sezon finalinde 3-2 ma\u011flup olmas\u0131n\u0131n ard\u0131ndan, kar\u015f\u0131la\u015fmada forma giyen baz\u0131 futbolcular\u0131n transfer s\u00fcre\u00e7leri ve m\u00fcsabakaya kat\u0131lma uygunluklar\u0131n\u0131n BTM 2. Lig Stat\u00fcs\u00fc kapsam\u0131nda incelenmesi talebiyle Tahkim<\/p>\n","protected":false},"author":1,"featured_media":119819,"comment_status":"open","ping_status":"open","sticky":false,"template":"","format":"standard","meta":{"footnotes":""},"categories":[1,81],"tags":[],"class_list":["post-119818","post","type-post","status-publish","format-standard","has-post-thumbnail","hentry","category-gundem","category-kibris"],"yoast_head":"<!-- This site is optimized with the Yoast SEO plugin v28.4 - https:\/\/yoast.com\/product\/yoast-seo-wordpress\/ -->\n<title>\u00d6ZT\u00dcRK: \u201cD\u00d6RT HAFTADIR CEVAP BEKL\u0130YORUZ, MUTLUYAKA\u2019NIN \u0130T\u0130RAZI NEDEN SONU\u00c7LANDIRILMIYOR?\u201d -<\/title>\n<meta name=\"robots\" content=\"index, follow, max-snippet:-1, max-image-preview:large, max-video-preview:-1\" \/>\n<link rel=\"canonical\" href=\"https:\/\/kibrisdakik.com\/?p=119818\" \/>\n<meta property=\"og:locale\" content=\"tr_TR\" \/>\n<meta property=\"og:type\" content=\"article\" \/>\n<meta property=\"og:title\" content=\"\u00d6ZT\u00dcRK: \u201cD\u00d6RT HAFTADIR CEVAP BEKL\u0130YORUZ, MUTLUYAKA\u2019NIN \u0130T\u0130RAZI NEDEN SONU\u00c7LANDIRILMIYOR?\u201d -\" \/>\n<meta property=\"og:description\" content=\"Mutluyaka Hilal Spor Kul\u00fcb\u00fc Ba\u015fkan\u0131 Zihni \u00d6zt\u00fcrk, ge\u00e7en sezon oynanan BTM 2. Lig final kar\u015f\u0131la\u015fmas\u0131yla ilgili Tahkim Kurulu\u2019na yapt\u0131klar\u0131 resmi itiraz\u0131n d\u00f6rt haftad\u0131r sonu\u00e7land\u0131r\u0131lmamas\u0131na tepki g\u00f6sterdi. Mutluyaka Hilal Spor Kul\u00fcb\u00fc, sezon finalinde 3-2 ma\u011flup olmas\u0131n\u0131n ard\u0131ndan, kar\u015f\u0131la\u015fmada forma giyen baz\u0131 futbolcular\u0131n transfer s\u00fcre\u00e7leri ve m\u00fcsabakaya kat\u0131lma uygunluklar\u0131n\u0131n BTM 2. Lig Stat\u00fcs\u00fc kapsam\u0131nda incelenmesi talebiyle Tahkim\" \/>\n<meta property=\"og:url\" content=\"https:\/\/kibrisdakik.com\/?p=119818\" \/>\n<meta property=\"article:published_time\" content=\"2026-09-02T13:01:19+00:00\" \/>\n<meta property=\"og:image\" content=\"https:\/\/kibrisdakik.com\/wp-content\/uploads\/2026\/09\/463419391_18461808598055847_8961407778311186479_n-780x470-1.jpg\" \/>\n\t<meta property=\"og:image:width\" content=\"780\" \/>\n\t<meta property=\"og:image:height\" content=\"470\" \/>\n\t<meta property=\"og:image:type\" content=\"image\/jpeg\" \/>\n<meta name=\"author\" content=\"admin\" \/>\n<meta name=\"twitter:card\" content=\"summary_large_image\" \/>\n<meta name=\"twitter:label1\" content=\"Yazan:\" \/>\n\t<meta name=\"twitter:data1\" content=\"admin\" \/>\n\t<meta name=\"twitter:label2\" content=\"Tahmini okuma s\u00fcresi\" \/>\n\t<meta name=\"twitter:data2\" content=\"4 dakika\" \/>\n<script type=\"application\/ld+json\" class=\"yoast-schema-graph\">{\"@context\":\"https:\\\/\\\/schema.org\",\"@graph\":[{\"@type\":\"Article\",\"@id\":\"https:\\\/\\\/kibrisdakik.com\\\/?p=119818#article\",\"isPartOf\":{\"@id\":\"https:\\\/\\\/kibrisdakik.com\\\/?p=119818\"},\"author\":{\"name\":\"admin\",\"@id\":\"https:\\\/\\\/kibrisdakik.com\\\/#\\\/schema\\\/person\\\/9cd9d437bbb44f72b73ba127e06d8e79\"},\"headline\":\"\u00d6ZT\u00dcRK: \u201cD\u00d6RT HAFTADIR CEVAP BEKL\u0130YORUZ, MUTLUYAKA\u2019NIN \u0130T\u0130RAZI NEDEN SONU\u00c7LANDIRILMIYOR?\u201d\",\"datePublished\":\"2026-09-02T13:01:19+00:00\",\"mainEntityOfPage\":{\"@id\":\"https:\\\/\\\/kibrisdakik.com\\\/?p=119818\"},\"wordCount\":948,\"commentCount\":0,\"publisher\":{\"@id\":\"https:\\\/\\\/kibrisdakik.com\\\/#organization\"},\"image\":{\"@id\":\"https:\\\/\\\/kibrisdakik.com\\\/?p=119818#primaryimage\"},\"thumbnailUrl\":\"https:\\\/\\\/kibrisdakik.com\\\/wp-content\\\/uploads\\\/2026\\\/09\\\/463419391_18461808598055847_8961407778311186479_n-780x470-1.jpg\",\"articleSection\":[\"G\u00fcndem\",\"K\u0131br\u0131s\"],\"inLanguage\":\"tr\",\"potentialAction\":[{\"@type\":\"CommentAction\",\"name\":\"Comment\",\"target\":[\"https:\\\/\\\/kibrisdakik.com\\\/?p=119818#respond\"]}]},{\"@type\":\"WebPage\",\"@id\":\"https:\\\/\\\/kibrisdakik.com\\\/?p=119818\",\"url\":\"https:\\\/\\\/kibrisdakik.com\\\/?p=119818\",\"name\":\"\u00d6ZT\u00dcRK: \u201cD\u00d6RT HAFTADIR CEVAP BEKL\u0130YORUZ, MUTLUYAKA\u2019NIN \u0130T\u0130RAZI NEDEN SONU\u00c7LANDIRILMIYOR?\u201d -\",\"isPartOf\":{\"@id\":\"https:\\\/\\\/kibrisdakik.com\\\/#website\"},\"primaryImageOfPage\":{\"@id\":\"https:\\\/\\\/kibrisdakik.com\\\/?p=119818#primaryimage\"},\"image\":{\"@id\":\"https:\\\/\\\/kibrisdakik.com\\\/?p=119818#primaryimage\"},\"thumbnailUrl\":\"https:\\\/\\\/kibrisdakik.com\\\/wp-content\\\/uploads\\\/2026\\\/09\\\/463419391_18461808598055847_8961407778311186479_n-780x470-1.jpg\",\"datePublished\":\"2026-09-02T13:01:19+00:00\",\"breadcrumb\":{\"@id\":\"https:\\\/\\\/kibrisdakik.com\\\/?p=119818#breadcrumb\"},\"inLanguage\":\"tr\",\"potentialAction\":[{\"@type\":\"ReadAction\",\"target\":[\"https:\\\/\\\/kibrisdakik.com\\\/?p=119818\"]}]},{\"@type\":\"ImageObject\",\"inLanguage\":\"tr\",\"@id\":\"https:\\\/\\\/kibrisdakik.com\\\/?p=119818#primaryimage\",\"url\":\"https:\\\/\\\/kibrisdakik.com\\\/wp-content\\\/uploads\\\/2026\\\/09\\\/463419391_18461808598055847_8961407778311186479_n-780x470-1.jpg\",\"contentUrl\":\"https:\\\/\\\/kibrisdakik.com\\\/wp-content\\\/uploads\\\/2026\\\/09\\\/463419391_18461808598055847_8961407778311186479_n-780x470-1.jpg\",\"width\":780,\"height\":470},{\"@type\":\"BreadcrumbList\",\"@id\":\"https:\\\/\\\/kibrisdakik.com\\\/?p=119818#breadcrumb\",\"itemListElement\":[{\"@type\":\"ListItem\",\"position\":1,\"name\":\"Home\",\"item\":\"https:\\\/\\\/kibrisdakik.com\\\/\"},{\"@type\":\"ListItem\",\"position\":2,\"name\":\"\u00d6ZT\u00dcRK: \u201cD\u00d6RT HAFTADIR CEVAP BEKL\u0130YORUZ, MUTLUYAKA\u2019NIN \u0130T\u0130RAZI NEDEN SONU\u00c7LANDIRILMIYOR?\u201d\"}]},{\"@type\":\"WebSite\",\"@id\":\"https:\\\/\\\/kibrisdakik.com\\\/#website\",\"url\":\"https:\\\/\\\/kibrisdakik.com\\\/\",\"name\":\"K\u0131br\u0131s Dakik\",\"description\":\"Tam vaktinde haber\",\"publisher\":{\"@id\":\"https:\\\/\\\/kibrisdakik.com\\\/#organization\"},\"potentialAction\":[{\"@type\":\"SearchAction\",\"target\":{\"@type\":\"EntryPoint\",\"urlTemplate\":\"https:\\\/\\\/kibrisdakik.com\\\/?s={search_term_string}\"},\"query-input\":{\"@type\":\"PropertyValueSpecification\",\"valueRequired\":true,\"valueName\":\"search_term_string\"}}],\"inLanguage\":\"tr\"},{\"@type\":\"Organization\",\"@id\":\"https:\\\/\\\/kibrisdakik.com\\\/#organization\",\"name\":\"K\u0131br\u0131s Dakik\",\"url\":\"https:\\\/\\\/kibrisdakik.com\\\/\",\"logo\":{\"@type\":\"ImageObject\",\"inLanguage\":\"tr\",\"@id\":\"https:\\\/\\\/kibrisdakik.com\\\/#\\\/schema\\\/logo\\\/image\\\/\",\"url\":\"https:\\\/\\\/kibrisdakik.com\\\/wp-content\\\/uploads\\\/2025\\\/10\\\/cropped-WhatsApp-Image-2025-10-02-at-12.58.31.jpeg\",\"contentUrl\":\"https:\\\/\\\/kibrisdakik.com\\\/wp-content\\\/uploads\\\/2025\\\/10\\\/cropped-WhatsApp-Image-2025-10-02-at-12.58.31.jpeg\",\"width\":1237,\"height\":190,\"caption\":\"K\u0131br\u0131s Dakik\"},\"image\":{\"@id\":\"https:\\\/\\\/kibrisdakik.com\\\/#\\\/schema\\\/logo\\\/image\\\/\"}},{\"@type\":\"Person\",\"@id\":\"https:\\\/\\\/kibrisdakik.com\\\/#\\\/schema\\\/person\\\/9cd9d437bbb44f72b73ba127e06d8e79\",\"name\":\"admin\",\"image\":{\"@type\":\"ImageObject\",\"inLanguage\":\"tr\",\"@id\":\"https:\\\/\\\/secure.gravatar.com\\\/avatar\\\/ccc17943b9d660506c869530f897617f7cb1c21a4bf30023f252596d83e1f007?s=96&d=mm&r=g\",\"url\":\"https:\\\/\\\/secure.gravatar.com\\\/avatar\\\/ccc17943b9d660506c869530f897617f7cb1c21a4bf30023f252596d83e1f007?s=96&d=mm&r=g\",\"contentUrl\":\"https:\\\/\\\/secure.gravatar.com\\\/avatar\\\/ccc17943b9d660506c869530f897617f7cb1c21a4bf30023f252596d83e1f007?s=96&d=mm&r=g\",\"caption\":\"admin\"},\"sameAs\":[\"https:\\\/\\\/kibrisdakik.com\"],\"url\":\"https:\\\/\\\/kibrisdakik.com\\\/?author=1\"}]}<\/script>\n<!-- \/ Yoast SEO plugin. -->","yoast_head_json":{"title":"\u00d6ZT\u00dcRK: \u201cD\u00d6RT HAFTADIR CEVAP BEKL\u0130YORUZ, MUTLUYAKA\u2019NIN \u0130T\u0130RAZI NEDEN SONU\u00c7LANDIRILMIYOR?\u201d -","robots":{"index":"index","follow":"follow","max-snippet":"max-snippet:-1","max-image-preview":"max-image-preview:large","max-video-preview":"max-video-preview:-1"},"canonical":"https:\/\/kibrisdakik.com\/?p=119818","og_locale":"tr_TR","og_type":"article","og_title":"\u00d6ZT\u00dcRK: \u201cD\u00d6RT HAFTADIR CEVAP BEKL\u0130YORUZ, MUTLUYAKA\u2019NIN \u0130T\u0130RAZI NEDEN SONU\u00c7LANDIRILMIYOR?\u201d -","og_description":"Mutluyaka Hilal Spor Kul\u00fcb\u00fc Ba\u015fkan\u0131 Zihni \u00d6zt\u00fcrk, ge\u00e7en sezon oynanan BTM 2. Lig final kar\u015f\u0131la\u015fmas\u0131yla ilgili Tahkim Kurulu\u2019na yapt\u0131klar\u0131 resmi itiraz\u0131n d\u00f6rt haftad\u0131r sonu\u00e7land\u0131r\u0131lmamas\u0131na tepki g\u00f6sterdi. Mutluyaka Hilal Spor Kul\u00fcb\u00fc, sezon finalinde 3-2 ma\u011flup olmas\u0131n\u0131n ard\u0131ndan, kar\u015f\u0131la\u015fmada forma giyen baz\u0131 futbolcular\u0131n transfer s\u00fcre\u00e7leri ve m\u00fcsabakaya kat\u0131lma uygunluklar\u0131n\u0131n BTM 2. Lig Stat\u00fcs\u00fc kapsam\u0131nda incelenmesi talebiyle Tahkim","og_url":"https:\/\/kibrisdakik.com\/?p=119818","article_published_time":"2026-09-02T13:01:19+00:00","og_image":[{"width":780,"height":470,"url":"https:\/\/kibrisdakik.com\/wp-content\/uploads\/2026\/09\/463419391_18461808598055847_8961407778311186479_n-780x470-1.jpg","type":"image\/jpeg"}],"author":"admin","twitter_card":"summary_large_image","twitter_misc":{"Yazan:":"admin","Tahmini okuma s\u00fcresi":"4 dakika"},"schema":{"@context":"https:\/\/schema.org","@graph":[{"@type":"Article","@id":"https:\/\/kibrisdakik.com\/?p=119818#article","isPartOf":{"@id":"https:\/\/kibrisdakik.com\/?p=119818"},"author":{"name":"admin","@id":"https:\/\/kibrisdakik.com\/#\/schema\/person\/9cd9d437bbb44f72b73ba127e06d8e79"},"headline":"\u00d6ZT\u00dcRK: \u201cD\u00d6RT HAFTADIR CEVAP BEKL\u0130YORUZ, MUTLUYAKA\u2019NIN \u0130T\u0130RAZI NEDEN SONU\u00c7LANDIRILMIYOR?\u201d","datePublished":"2026-09-02T13:01:19+00:00","mainEntityOfPage":{"@id":"https:\/\/kibrisdakik.com\/?p=119818"},"wordCount":948,"commentCount":0,"publisher":{"@id":"https:\/\/kibrisdakik.com\/#organization"},"image":{"@id":"https:\/\/kibrisdakik.com\/?p=119818#primaryimage"},"thumbnailUrl":"https:\/\/kibrisdakik.com\/wp-content\/uploads\/2026\/09\/463419391_18461808598055847_8961407778311186479_n-780x470-1.jpg","articleSection":["G\u00fcndem","K\u0131br\u0131s"],"inLanguage":"tr","potentialAction":[{"@type":"CommentAction","name":"Comment","target":["https:\/\/kibrisdakik.com\/?p=119818#respond"]}]},{"@type":"WebPage","@id":"https:\/\/kibrisdakik.com\/?p=119818","url":"https:\/\/kibrisdakik.com\/?p=119818","name":"\u00d6ZT\u00dcRK: \u201cD\u00d6RT HAFTADIR CEVAP BEKL\u0130YORUZ, MUTLUYAKA\u2019NIN \u0130T\u0130RAZI NEDEN SONU\u00c7LANDIRILMIYOR?\u201d -","isPartOf":{"@id":"https:\/\/kibrisdakik.com\/#website"},"primaryImageOfPage":{"@id":"https:\/\/kibrisdakik.com\/?p=119818#primaryimage"},"image":{"@id":"https:\/\/kibrisdakik.com\/?p=119818#primaryimage"},"thumbnailUrl":"https:\/\/kibrisdakik.com\/wp-content\/uploads\/2026\/09\/463419391_18461808598055847_8961407778311186479_n-780x470-1.jpg","datePublished":"2026-09-02T13:01:19+00:00","breadcrumb":{"@id":"https:\/\/kibrisdakik.com\/?p=119818#breadcrumb"},"inLanguage":"tr","potentialAction":[{"@type":"ReadAction","target":["https:\/\/kibrisdakik.com\/?p=119818"]}]},{"@type":"ImageObject","inLanguage":"tr","@id":"https:\/\/kibrisdakik.com\/?p=119818#primaryimage","url":"https:\/\/kibrisdakik.com\/wp-content\/uploads\/2026\/09\/463419391_18461808598055847_8961407778311186479_n-780x470-1.jpg","contentUrl":"https:\/\/kibrisdakik.com\/wp-content\/uploads\/2026\/09\/463419391_18461808598055847_8961407778311186479_n-780x470-1.jpg","width":780,"height":470},{"@type":"BreadcrumbList","@id":"https:\/\/kibrisdakik.com\/?p=119818#breadcrumb","itemListElement":[{"@type":"ListItem","position":1,"name":"Home","item":"https:\/\/kibrisdakik.com\/"},{"@type":"ListItem","position":2,"name":"\u00d6ZT\u00dcRK: \u201cD\u00d6RT HAFTADIR CEVAP BEKL\u0130YORUZ, MUTLUYAKA\u2019NIN \u0130T\u0130RAZI NEDEN SONU\u00c7LANDIRILMIYOR?\u201d"}]},{"@type":"WebSite","@id":"https:\/\/kibrisdakik.com\/#website","url":"https:\/\/kibrisdakik.com\/","name":"K\u0131br\u0131s Dakik","description":"Tam vaktinde haber","publisher":{"@id":"https:\/\/kibrisdakik.com\/#organization"},"potentialAction":[{"@type":"SearchAction","target":{"@type":"EntryPoint","urlTemplate":"https:\/\/kibrisdakik.com\/?s={search_term_string}"},"query-input":{"@type":"PropertyValueSpecification","valueRequired":true,"valueName":"search_term_string"}}],"inLanguage":"tr"},{"@type":"Organization","@id":"https:\/\/kibrisdakik.com\/#organization","name":"K\u0131br\u0131s Dakik","url":"https:\/\/kibrisdakik.com\/","logo":{"@type":"ImageObject","inLanguage":"tr","@id":"https:\/\/kibrisdakik.com\/#\/schema\/logo\/image\/","url":"https:\/\/kibrisdakik.com\/wp-content\/uploads\/2025\/10\/cropped-WhatsApp-Image-2025-10-02-at-12.58.31.jpeg","contentUrl":"https:\/\/kibrisdakik.com\/wp-content\/uploads\/2025\/10\/cropped-WhatsApp-Image-2025-10-02-at-12.58.31.jpeg","width":1237,"height":190,"caption":"K\u0131br\u0131s Dakik"},"image":{"@id":"https:\/\/kibrisdakik.com\/#\/schema\/logo\/image\/"}},{"@type":"Person","@id":"https:\/\/kibrisdakik.com\/#\/schema\/person\/9cd9d437bbb44f72b73ba127e06d8e79","name":"admin","image":{"@type":"ImageObject","inLanguage":"tr","@id":"https:\/\/secure.gravatar.com\/avatar\/ccc17943b9d660506c869530f897617f7cb1c21a4bf30023f252596d83e1f007?s=96&d=mm&r=g","url":"https:\/\/secure.gravatar.com\/avatar\/ccc17943b9d660506c869530f897617f7cb1c21a4bf30023f252596d83e1f007?s=96&d=mm&r=g","contentUrl":"https:\/\/secure.gravatar.com\/avatar\/ccc17943b9d660506c869530f897617f7cb1c21a4bf30023f252596d83e1f007?s=96&d=mm&r=g","caption":"admin"},"sameAs":["https:\/\/kibrisdakik.com"],"url":"https:\/\/kibrisdakik.com\/?author=1"}]}},"_links":{"self":[{"href":"https:\/\/kibrisdakik.com\/index.php?rest_route=\/wp\/v2\/posts\/119818","targetHints":{"allow":["GET"]}}],"collection":[{"href":"https:\/\/kibrisdakik.com\/index.php?rest_route=\/wp\/v2\/posts"}],"about":[{"href":"https:\/\/kibrisdakik.com\/index.php?rest_route=\/wp\/v2\/types\/post"}],"author":[{"embeddable":true,"href":"https:\/\/kibrisdakik.com\/index.php?rest_route=\/wp\/v2\/users\/1"}],"replies":[{"embeddable":true,"href":"https:\/\/kibrisdakik.com\/index.php?rest_route=%2Fwp%2Fv2%2Fcomments&post=119818"}],"version-history":[{"count":1,"href":"https:\/\/kibrisdakik.com\/index.php?rest_route=\/wp\/v2\/posts\/119818\/revisions"}],"predecessor-version":[{"id":119820,"href":"https:\/\/kibrisdakik.com\/index.php?rest_route=\/wp\/v2\/posts\/119818\/revisions\/119820"}],"wp:featuredmedia":[{"embeddable":true,"href":"https:\/\/kibrisdakik.com\/index.php?rest_route=\/wp\/v2\/media\/119819"}],"wp:attachment":[{"href":"https:\/\/kibrisdakik.com\/index.php?rest_route=%2Fwp%2Fv2%2Fmedia&parent=119818"}],"wp:term":[{"taxonomy":"category","embeddable":true,"href":"https:\/\/kibrisdakik.com\/index.php?rest_route=%2Fwp%2Fv2%2Fcategories&post=119818"},{"taxonomy":"post_tag","embeddable":true,"href":"https:\/\/kibrisdakik.com\/index.php?rest_route=%2Fwp%2Fv2%2Ftags&post=119818"}],"curies":[{"name":"wp","href":"https:\/\/api.w.org\/{rel}","templated":true}]}}