{"id":119825,"date":"2026-09-02T16:37:54","date_gmt":"2026-09-02T13:37:54","guid":{"rendered":"https:\/\/kibrisdakik.com\/?p=119825"},"modified":"2026-09-02T16:37:54","modified_gmt":"2026-09-02T13:37:54","slug":"deniz-faciasi-nedeniyle-31-yayla-senligi-iptal-edildi","status":"publish","type":"post","link":"https:\/\/kibrisdakik.com\/?p=119825","title":{"rendered":"DEN\u0130Z FAC\u0130ASI NEDEN\u0130YLE 31. YAYLA \u015eENL\u0130\u011e\u0130 \u0130PTAL ED\u0130LD\u0130"},"content":{"rendered":"<p><\/p>\n<h1>Karadeniz K\u00fclt\u00fcr Derne\u011fi, \u00fclkede ya\u015fanan deniz facias\u0131 nedeniyle bu y\u0131l 31\u2019incisi d\u00fczenlenmesi planlanan geleneksel Yayla \u015eenli\u011fi\u2019nin iptal edildi\u011fini duyurdu.<\/h1>\n<p>Dernekten yap\u0131lan a\u00e7\u0131klamada, deniz facias\u0131nda hayat\u0131n\u0131 kaybeden vatanda\u015flara Allah\u2019tan rahmet dilenirken, halen kendilerinden haber al\u0131namayan vatanda\u015flar i\u00e7in de umutlu bekleyi\u015fin s\u00fcrd\u00fc\u011f\u00fc belirtildi.<\/p>\n<div id=\"ad_121\" data-channel=\"121\" data-advert=\"temedya\" data-rotation=\"120\" class=\"mb-3 text-center\"><\/div>\n<div id=\"ad_121_mobile\" data-channel=\"121\" data-advert=\"temedya\" data-rotation=\"120\" class=\"mb-3 text-center\"><\/div>\n<p>A\u00e7\u0131klamada, \u201cKaybetti\u011fimiz vatanda\u015flar\u0131m\u0131za Allah\u2019tan rahmet diler, hen\u00fcz haber alamad\u0131\u011f\u0131m\u0131z vatanda\u015flar\u0131m\u0131z i\u00e7in de Y\u00fcce Mevlam\u0131zdan mucize diliyoruz\u201d ifadelerine yer verildi.<\/p>\n<\/p>\n<div class=\"article-source py-3 small \">\n                <\/div>\n","protected":false},"excerpt":{"rendered":"<p>Karadeniz K\u00fclt\u00fcr Derne\u011fi, \u00fclkede ya\u015fanan deniz facias\u0131 nedeniyle bu y\u0131l 31\u2019incisi d\u00fczenlenmesi planlanan geleneksel Yayla \u015eenli\u011fi\u2019nin iptal edildi\u011fini duyurdu. Dernekten yap\u0131lan a\u00e7\u0131klamada, deniz facias\u0131nda hayat\u0131n\u0131 kaybeden vatanda\u015flara Allah\u2019tan rahmet dilenirken, halen kendilerinden haber al\u0131namayan vatanda\u015flar i\u00e7in de umutlu bekleyi\u015fin s\u00fcrd\u00fc\u011f\u00fc belirtildi. A\u00e7\u0131klamada, \u201cKaybetti\u011fimiz vatanda\u015flar\u0131m\u0131za Allah\u2019tan rahmet diler, hen\u00fcz haber alamad\u0131\u011f\u0131m\u0131z vatanda\u015flar\u0131m\u0131z i\u00e7in de Y\u00fcce Mevlam\u0131zdan<\/p>\n","protected":false},"author":1,"featured_media":119826,"comment_status":"open","ping_status":"open","sticky":false,"template":"","format":"standard","meta":{"footnotes":""},"categories":[81],"tags":[],"class_list":["post-119825","post","type-post","status-publish","format-standard","has-post-thumbnail","hentry","category-kibris"],"yoast_head":"<!-- This site is optimized with the Yoast SEO plugin v28.4 - https:\/\/yoast.com\/product\/yoast-seo-wordpress\/ -->\n<title>DEN\u0130Z FAC\u0130ASI NEDEN\u0130YLE 31. YAYLA \u015eENL\u0130\u011e\u0130 \u0130PTAL ED\u0130LD\u0130 -<\/title>\n<meta name=\"robots\" content=\"index, follow, max-snippet:-1, max-image-preview:large, max-video-preview:-1\" \/>\n<link rel=\"canonical\" href=\"https:\/\/kibrisdakik.com\/?p=119825\" \/>\n<meta property=\"og:locale\" content=\"tr_TR\" \/>\n<meta property=\"og:type\" content=\"article\" \/>\n<meta property=\"og:title\" content=\"DEN\u0130Z FAC\u0130ASI NEDEN\u0130YLE 31. YAYLA \u015eENL\u0130\u011e\u0130 \u0130PTAL ED\u0130LD\u0130 -\" \/>\n<meta property=\"og:description\" content=\"Karadeniz K\u00fclt\u00fcr Derne\u011fi, \u00fclkede ya\u015fanan deniz facias\u0131 nedeniyle bu y\u0131l 31\u2019incisi d\u00fczenlenmesi planlanan geleneksel Yayla \u015eenli\u011fi\u2019nin iptal edildi\u011fini duyurdu. Dernekten yap\u0131lan a\u00e7\u0131klamada, deniz facias\u0131nda hayat\u0131n\u0131 kaybeden vatanda\u015flara Allah\u2019tan rahmet dilenirken, halen kendilerinden haber al\u0131namayan vatanda\u015flar i\u00e7in de umutlu bekleyi\u015fin s\u00fcrd\u00fc\u011f\u00fc belirtildi. A\u00e7\u0131klamada, \u201cKaybetti\u011fimiz vatanda\u015flar\u0131m\u0131za Allah\u2019tan rahmet diler, hen\u00fcz haber alamad\u0131\u011f\u0131m\u0131z vatanda\u015flar\u0131m\u0131z i\u00e7in de Y\u00fcce Mevlam\u0131zdan\" \/>\n<meta property=\"og:url\" content=\"https:\/\/kibrisdakik.com\/?p=119825\" \/>\n<meta property=\"article:published_time\" content=\"2026-09-02T13:37:54+00:00\" \/>\n<meta property=\"og:image\" content=\"https:\/\/mhahabercom.teimg.com\/crop\/1280x720\/mhahaber-com\/uploads\/2026\/09\/mha-sari-beyaz-7688.png\" \/>\n<meta name=\"author\" content=\"admin\" \/>\n<meta name=\"twitter:card\" content=\"summary_large_image\" \/>\n<meta name=\"twitter:label1\" content=\"Yazan:\" \/>\n\t<meta name=\"twitter:data1\" content=\"admin\" \/>\n<script type=\"application\/ld+json\" class=\"yoast-schema-graph\">{\"@context\":\"https:\\\/\\\/schema.org\",\"@graph\":[{\"@type\":\"Article\",\"@id\":\"https:\\\/\\\/kibrisdakik.com\\\/?p=119825#article\",\"isPartOf\":{\"@id\":\"https:\\\/\\\/kibrisdakik.com\\\/?p=119825\"},\"author\":{\"name\":\"admin\",\"@id\":\"https:\\\/\\\/kibrisdakik.com\\\/#\\\/schema\\\/person\\\/9cd9d437bbb44f72b73ba127e06d8e79\"},\"headline\":\"DEN\u0130Z FAC\u0130ASI NEDEN\u0130YLE 31. YAYLA \u015eENL\u0130\u011e\u0130 \u0130PTAL ED\u0130LD\u0130\",\"datePublished\":\"2026-09-02T13:37:54+00:00\",\"mainEntityOfPage\":{\"@id\":\"https:\\\/\\\/kibrisdakik.com\\\/?p=119825\"},\"wordCount\":106,\"commentCount\":0,\"publisher\":{\"@id\":\"https:\\\/\\\/kibrisdakik.com\\\/#organization\"},\"image\":{\"@id\":\"https:\\\/\\\/kibrisdakik.com\\\/?p=119825#primaryimage\"},\"thumbnailUrl\":\"https:\\\/\\\/kibrisdakik.com\\\/wp-content\\\/uploads\\\/2026\\\/09\\\/mha-sari-beyaz-7688.png\",\"articleSection\":[\"K\u0131br\u0131s\"],\"inLanguage\":\"tr\",\"potentialAction\":[{\"@type\":\"CommentAction\",\"name\":\"Comment\",\"target\":[\"https:\\\/\\\/kibrisdakik.com\\\/?p=119825#respond\"]}]},{\"@type\":\"WebPage\",\"@id\":\"https:\\\/\\\/kibrisdakik.com\\\/?p=119825\",\"url\":\"https:\\\/\\\/kibrisdakik.com\\\/?p=119825\",\"name\":\"DEN\u0130Z FAC\u0130ASI NEDEN\u0130YLE 31. YAYLA \u015eENL\u0130\u011e\u0130 \u0130PTAL ED\u0130LD\u0130 -\",\"isPartOf\":{\"@id\":\"https:\\\/\\\/kibrisdakik.com\\\/#website\"},\"primaryImageOfPage\":{\"@id\":\"https:\\\/\\\/kibrisdakik.com\\\/?p=119825#primaryimage\"},\"image\":{\"@id\":\"https:\\\/\\\/kibrisdakik.com\\\/?p=119825#primaryimage\"},\"thumbnailUrl\":\"https:\\\/\\\/kibrisdakik.com\\\/wp-content\\\/uploads\\\/2026\\\/09\\\/mha-sari-beyaz-7688.png\",\"datePublished\":\"2026-09-02T13:37:54+00:00\",\"breadcrumb\":{\"@id\":\"https:\\\/\\\/kibrisdakik.com\\\/?p=119825#breadcrumb\"},\"inLanguage\":\"tr\",\"potentialAction\":[{\"@type\":\"ReadAction\",\"target\":[\"https:\\\/\\\/kibrisdakik.com\\\/?p=119825\"]}]},{\"@type\":\"ImageObject\",\"inLanguage\":\"tr\",\"@id\":\"https:\\\/\\\/kibrisdakik.com\\\/?p=119825#primaryimage\",\"url\":\"https:\\\/\\\/kibrisdakik.com\\\/wp-content\\\/uploads\\\/2026\\\/09\\\/mha-sari-beyaz-7688.png\",\"contentUrl\":\"https:\\\/\\\/kibrisdakik.com\\\/wp-content\\\/uploads\\\/2026\\\/09\\\/mha-sari-beyaz-7688.png\",\"width\":1280,\"height\":720},{\"@type\":\"BreadcrumbList\",\"@id\":\"https:\\\/\\\/kibrisdakik.com\\\/?p=119825#breadcrumb\",\"itemListElement\":[{\"@type\":\"ListItem\",\"position\":1,\"name\":\"Home\",\"item\":\"https:\\\/\\\/kibrisdakik.com\\\/\"},{\"@type\":\"ListItem\",\"position\":2,\"name\":\"DEN\u0130Z FAC\u0130ASI NEDEN\u0130YLE 31. YAYLA \u015eENL\u0130\u011e\u0130 \u0130PTAL ED\u0130LD\u0130\"}]},{\"@type\":\"WebSite\",\"@id\":\"https:\\\/\\\/kibrisdakik.com\\\/#website\",\"url\":\"https:\\\/\\\/kibrisdakik.com\\\/\",\"name\":\"K\u0131br\u0131s Dakik\",\"description\":\"Tam vaktinde haber\",\"publisher\":{\"@id\":\"https:\\\/\\\/kibrisdakik.com\\\/#organization\"},\"potentialAction\":[{\"@type\":\"SearchAction\",\"target\":{\"@type\":\"EntryPoint\",\"urlTemplate\":\"https:\\\/\\\/kibrisdakik.com\\\/?s={search_term_string}\"},\"query-input\":{\"@type\":\"PropertyValueSpecification\",\"valueRequired\":true,\"valueName\":\"search_term_string\"}}],\"inLanguage\":\"tr\"},{\"@type\":\"Organization\",\"@id\":\"https:\\\/\\\/kibrisdakik.com\\\/#organization\",\"name\":\"K\u0131br\u0131s Dakik\",\"url\":\"https:\\\/\\\/kibrisdakik.com\\\/\",\"logo\":{\"@type\":\"ImageObject\",\"inLanguage\":\"tr\",\"@id\":\"https:\\\/\\\/kibrisdakik.com\\\/#\\\/schema\\\/logo\\\/image\\\/\",\"url\":\"https:\\\/\\\/kibrisdakik.com\\\/wp-content\\\/uploads\\\/2025\\\/10\\\/cropped-WhatsApp-Image-2025-10-02-at-12.58.31.jpeg\",\"contentUrl\":\"https:\\\/\\\/kibrisdakik.com\\\/wp-content\\\/uploads\\\/2025\\\/10\\\/cropped-WhatsApp-Image-2025-10-02-at-12.58.31.jpeg\",\"width\":1237,\"height\":190,\"caption\":\"K\u0131br\u0131s Dakik\"},\"image\":{\"@id\":\"https:\\\/\\\/kibrisdakik.com\\\/#\\\/schema\\\/logo\\\/image\\\/\"}},{\"@type\":\"Person\",\"@id\":\"https:\\\/\\\/kibrisdakik.com\\\/#\\\/schema\\\/person\\\/9cd9d437bbb44f72b73ba127e06d8e79\",\"name\":\"admin\",\"image\":{\"@type\":\"ImageObject\",\"inLanguage\":\"tr\",\"@id\":\"https:\\\/\\\/secure.gravatar.com\\\/avatar\\\/ccc17943b9d660506c869530f897617f7cb1c21a4bf30023f252596d83e1f007?s=96&d=mm&r=g\",\"url\":\"https:\\\/\\\/secure.gravatar.com\\\/avatar\\\/ccc17943b9d660506c869530f897617f7cb1c21a4bf30023f252596d83e1f007?s=96&d=mm&r=g\",\"contentUrl\":\"https:\\\/\\\/secure.gravatar.com\\\/avatar\\\/ccc17943b9d660506c869530f897617f7cb1c21a4bf30023f252596d83e1f007?s=96&d=mm&r=g\",\"caption\":\"admin\"},\"sameAs\":[\"https:\\\/\\\/kibrisdakik.com\"],\"url\":\"https:\\\/\\\/kibrisdakik.com\\\/?author=1\"}]}<\/script>\n<!-- \/ Yoast SEO plugin. -->","yoast_head_json":{"title":"DEN\u0130Z FAC\u0130ASI NEDEN\u0130YLE 31. YAYLA \u015eENL\u0130\u011e\u0130 \u0130PTAL ED\u0130LD\u0130 -","robots":{"index":"index","follow":"follow","max-snippet":"max-snippet:-1","max-image-preview":"max-image-preview:large","max-video-preview":"max-video-preview:-1"},"canonical":"https:\/\/kibrisdakik.com\/?p=119825","og_locale":"tr_TR","og_type":"article","og_title":"DEN\u0130Z FAC\u0130ASI NEDEN\u0130YLE 31. YAYLA \u015eENL\u0130\u011e\u0130 \u0130PTAL ED\u0130LD\u0130 -","og_description":"Karadeniz K\u00fclt\u00fcr Derne\u011fi, \u00fclkede ya\u015fanan deniz facias\u0131 nedeniyle bu y\u0131l 31\u2019incisi d\u00fczenlenmesi planlanan geleneksel Yayla \u015eenli\u011fi\u2019nin iptal edildi\u011fini duyurdu. Dernekten yap\u0131lan a\u00e7\u0131klamada, deniz facias\u0131nda hayat\u0131n\u0131 kaybeden vatanda\u015flara Allah\u2019tan rahmet dilenirken, halen kendilerinden haber al\u0131namayan vatanda\u015flar i\u00e7in de umutlu bekleyi\u015fin s\u00fcrd\u00fc\u011f\u00fc belirtildi. A\u00e7\u0131klamada, \u201cKaybetti\u011fimiz vatanda\u015flar\u0131m\u0131za Allah\u2019tan rahmet diler, hen\u00fcz haber alamad\u0131\u011f\u0131m\u0131z vatanda\u015flar\u0131m\u0131z i\u00e7in de Y\u00fcce Mevlam\u0131zdan","og_url":"https:\/\/kibrisdakik.com\/?p=119825","article_published_time":"2026-09-02T13:37:54+00:00","og_image":[{"url":"https:\/\/mhahabercom.teimg.com\/crop\/1280x720\/mhahaber-com\/uploads\/2026\/09\/mha-sari-beyaz-7688.png","type":"","width":"","height":""}],"author":"admin","twitter_card":"summary_large_image","twitter_misc":{"Yazan:":"admin"},"schema":{"@context":"https:\/\/schema.org","@graph":[{"@type":"Article","@id":"https:\/\/kibrisdakik.com\/?p=119825#article","isPartOf":{"@id":"https:\/\/kibrisdakik.com\/?p=119825"},"author":{"name":"admin","@id":"https:\/\/kibrisdakik.com\/#\/schema\/person\/9cd9d437bbb44f72b73ba127e06d8e79"},"headline":"DEN\u0130Z FAC\u0130ASI NEDEN\u0130YLE 31. YAYLA \u015eENL\u0130\u011e\u0130 \u0130PTAL ED\u0130LD\u0130","datePublished":"2026-09-02T13:37:54+00:00","mainEntityOfPage":{"@id":"https:\/\/kibrisdakik.com\/?p=119825"},"wordCount":106,"commentCount":0,"publisher":{"@id":"https:\/\/kibrisdakik.com\/#organization"},"image":{"@id":"https:\/\/kibrisdakik.com\/?p=119825#primaryimage"},"thumbnailUrl":"https:\/\/kibrisdakik.com\/wp-content\/uploads\/2026\/09\/mha-sari-beyaz-7688.png","articleSection":["K\u0131br\u0131s"],"inLanguage":"tr","potentialAction":[{"@type":"CommentAction","name":"Comment","target":["https:\/\/kibrisdakik.com\/?p=119825#respond"]}]},{"@type":"WebPage","@id":"https:\/\/kibrisdakik.com\/?p=119825","url":"https:\/\/kibrisdakik.com\/?p=119825","name":"DEN\u0130Z FAC\u0130ASI NEDEN\u0130YLE 31. YAYLA \u015eENL\u0130\u011e\u0130 \u0130PTAL ED\u0130LD\u0130 -","isPartOf":{"@id":"https:\/\/kibrisdakik.com\/#website"},"primaryImageOfPage":{"@id":"https:\/\/kibrisdakik.com\/?p=119825#primaryimage"},"image":{"@id":"https:\/\/kibrisdakik.com\/?p=119825#primaryimage"},"thumbnailUrl":"https:\/\/kibrisdakik.com\/wp-content\/uploads\/2026\/09\/mha-sari-beyaz-7688.png","datePublished":"2026-09-02T13:37:54+00:00","breadcrumb":{"@id":"https:\/\/kibrisdakik.com\/?p=119825#breadcrumb"},"inLanguage":"tr","potentialAction":[{"@type":"ReadAction","target":["https:\/\/kibrisdakik.com\/?p=119825"]}]},{"@type":"ImageObject","inLanguage":"tr","@id":"https:\/\/kibrisdakik.com\/?p=119825#primaryimage","url":"https:\/\/kibrisdakik.com\/wp-content\/uploads\/2026\/09\/mha-sari-beyaz-7688.png","contentUrl":"https:\/\/kibrisdakik.com\/wp-content\/uploads\/2026\/09\/mha-sari-beyaz-7688.png","width":1280,"height":720},{"@type":"BreadcrumbList","@id":"https:\/\/kibrisdakik.com\/?p=119825#breadcrumb","itemListElement":[{"@type":"ListItem","position":1,"name":"Home","item":"https:\/\/kibrisdakik.com\/"},{"@type":"ListItem","position":2,"name":"DEN\u0130Z FAC\u0130ASI NEDEN\u0130YLE 31. YAYLA \u015eENL\u0130\u011e\u0130 \u0130PTAL ED\u0130LD\u0130"}]},{"@type":"WebSite","@id":"https:\/\/kibrisdakik.com\/#website","url":"https:\/\/kibrisdakik.com\/","name":"K\u0131br\u0131s Dakik","description":"Tam vaktinde haber","publisher":{"@id":"https:\/\/kibrisdakik.com\/#organization"},"potentialAction":[{"@type":"SearchAction","target":{"@type":"EntryPoint","urlTemplate":"https:\/\/kibrisdakik.com\/?s={search_term_string}"},"query-input":{"@type":"PropertyValueSpecification","valueRequired":true,"valueName":"search_term_string"}}],"inLanguage":"tr"},{"@type":"Organization","@id":"https:\/\/kibrisdakik.com\/#organization","name":"K\u0131br\u0131s Dakik","url":"https:\/\/kibrisdakik.com\/","logo":{"@type":"ImageObject","inLanguage":"tr","@id":"https:\/\/kibrisdakik.com\/#\/schema\/logo\/image\/","url":"https:\/\/kibrisdakik.com\/wp-content\/uploads\/2025\/10\/cropped-WhatsApp-Image-2025-10-02-at-12.58.31.jpeg","contentUrl":"https:\/\/kibrisdakik.com\/wp-content\/uploads\/2025\/10\/cropped-WhatsApp-Image-2025-10-02-at-12.58.31.jpeg","width":1237,"height":190,"caption":"K\u0131br\u0131s Dakik"},"image":{"@id":"https:\/\/kibrisdakik.com\/#\/schema\/logo\/image\/"}},{"@type":"Person","@id":"https:\/\/kibrisdakik.com\/#\/schema\/person\/9cd9d437bbb44f72b73ba127e06d8e79","name":"admin","image":{"@type":"ImageObject","inLanguage":"tr","@id":"https:\/\/secure.gravatar.com\/avatar\/ccc17943b9d660506c869530f897617f7cb1c21a4bf30023f252596d83e1f007?s=96&d=mm&r=g","url":"https:\/\/secure.gravatar.com\/avatar\/ccc17943b9d660506c869530f897617f7cb1c21a4bf30023f252596d83e1f007?s=96&d=mm&r=g","contentUrl":"https:\/\/secure.gravatar.com\/avatar\/ccc17943b9d660506c869530f897617f7cb1c21a4bf30023f252596d83e1f007?s=96&d=mm&r=g","caption":"admin"},"sameAs":["https:\/\/kibrisdakik.com"],"url":"https:\/\/kibrisdakik.com\/?author=1"}]}},"_links":{"self":[{"href":"https:\/\/kibrisdakik.com\/index.php?rest_route=\/wp\/v2\/posts\/119825","targetHints":{"allow":["GET"]}}],"collection":[{"href":"https:\/\/kibrisdakik.com\/index.php?rest_route=\/wp\/v2\/posts"}],"about":[{"href":"https:\/\/kibrisdakik.com\/index.php?rest_route=\/wp\/v2\/types\/post"}],"author":[{"embeddable":true,"href":"https:\/\/kibrisdakik.com\/index.php?rest_route=\/wp\/v2\/users\/1"}],"replies":[{"embeddable":true,"href":"https:\/\/kibrisdakik.com\/index.php?rest_route=%2Fwp%2Fv2%2Fcomments&post=119825"}],"version-history":[{"count":0,"href":"https:\/\/kibrisdakik.com\/index.php?rest_route=\/wp\/v2\/posts\/119825\/revisions"}],"wp:featuredmedia":[{"embeddable":true,"href":"https:\/\/kibrisdakik.com\/index.php?rest_route=\/wp\/v2\/media\/119826"}],"wp:attachment":[{"href":"https:\/\/kibrisdakik.com\/index.php?rest_route=%2Fwp%2Fv2%2Fmedia&parent=119825"}],"wp:term":[{"taxonomy":"category","embeddable":true,"href":"https:\/\/kibrisdakik.com\/index.php?rest_route=%2Fwp%2Fv2%2Fcategories&post=119825"},{"taxonomy":"post_tag","embeddable":true,"href":"https:\/\/kibrisdakik.com\/index.php?rest_route=%2Fwp%2Fv2%2Ftags&post=119825"}],"curies":[{"name":"wp","href":"https:\/\/api.w.org\/{rel}","templated":true}]}}