{"id":119827,"date":"2026-09-02T16:44:01","date_gmt":"2026-09-02T13:44:01","guid":{"rendered":"https:\/\/kibrisdakik.com\/?p=119827"},"modified":"2026-09-02T16:44:01","modified_gmt":"2026-09-02T13:44:01","slug":"genc-ciftten-ornek-davranis-dugunlerini-ertelediler","status":"publish","type":"post","link":"https:\/\/kibrisdakik.com\/?p=119827","title":{"rendered":"GEN\u00c7 \u00c7\u0130FTTEN \u00d6RNEK DAVRANI\u015e: D\u00dc\u011e\u00dcNLER\u0130N\u0130 ERTELED\u0130LER"},"content":{"rendered":"<p><\/p>\n<div data-text-id=\"207189\" property=\"articleBody\">\n<p>B\u00dcY\u00dcK TAKD\u0130R TOPLADILAR<br \/>&#13;<br \/>\nAc\u0131y\u0131 payla\u015fmak i\u00e7in d\u00fc\u011f\u00fcnlerini ertelediler<br \/>&#13;<br \/>\nErg\u00fcn Yahat<br \/>&#13;<br \/>\nMormenek\u015fe k\u00f6y\u00fcn\u00fcn sevilen gen\u00e7lerinden Fevzi \u00c7akmak ve Ecem Dana, 4 Eyl\u00fcl 2026 tarihinde G\u00fclseren Askeri Gazinosu\u2019nda ger\u00e7ekle\u015ftirmeyi planlad\u0131klar\u0131 d\u00fc\u011f\u00fcnlerini, Girne a\u00e7\u0131klar\u0131nda meydana gelen elim feribot facias\u0131 nedeniyle erteleme karar\u0131 ald\u0131.<\/p>\n<p>Gen\u00e7 \u00e7ift, sosyal medya hesaplar\u0131ndan yapt\u0131klar\u0131 payla\u015f\u0131mda, ya\u015fanan ac\u0131 olay\u0131n ard\u0131ndan d\u00fc\u011f\u00fcnlerini ger\u00e7ekle\u015ftirmenin do\u011fru olmayaca\u011f\u0131n\u0131 d\u00fc\u015f\u00fcnd\u00fcklerini belirterek, bu zor s\u00fcre\u00e7te ac\u0131y\u0131 ya\u015fayan ailelerle dayan\u0131\u015fma i\u00e7erisinde olmak istediklerini ifade etti.<\/p>\n<p>\u00c7ift payla\u015f\u0131m\u0131nda \u015fu ifadelere yer verdi:<\/p>\n<p>\u201cD\u00fc\u011f\u00fcn\u00fcm\u00fcz\u00fc, Girne a\u00e7\u0131klar\u0131nda meydana gelen elim feribot kazas\u0131 nedeniyle iptal etme karar\u0131 ald\u0131\u011f\u0131m\u0131z\u0131 \u00fcz\u00fclerek bildirmek isteriz.<\/p>\n<p>Ya\u015fanan bu ac\u0131 olay\u0131n hepimizi derinden \u00fczd\u00fc\u011f\u00fc bu s\u00fcre\u00e7te, d\u00fc\u011f\u00fcn\u00fcm\u00fcz\u00fc kutlaman\u0131n do\u011fru olmayaca\u011f\u0131n\u0131 d\u00fc\u015f\u00fcnerek b\u00f6yle bir karar ald\u0131k.<\/p>\n<p>Bu \u00f6zel g\u00fcn\u00fcm\u00fczde bizlerle birlikte olmak i\u00e7in haz\u0131rlanan, heyecan\u0131m\u0131z\u0131 payla\u015fan ve davetimizi kabul eden herkesten anlay\u0131\u015f ve ho\u015fg\u00f6r\u00fc rica ediyoruz.<\/p>\n<p>Ba\u015fta kazada hayat\u0131n\u0131 kaybedenlere Allah\u2019tan rahmet, ailelerine ve yak\u0131nlar\u0131na sab\u0131r; yaral\u0131lara acil \u015fifalar diliyoruz.<\/p>\n<p>G\u00fczel g\u00fcnlerimizi daha uygun bir zamanda, sevdiklerimizle birlikte yeniden kutlayabilmek dile\u011fiyle\u2026\u201d<br \/>&#13;<br \/>\nGen\u00e7 \u00e7iftin, kendi mutluluklar\u0131n\u0131 erteleyerek ya\u015fanan ac\u0131ya duyarl\u0131l\u0131k g\u00f6stermesi Mormenek\u015fe halk\u0131 ve sosyal medya kullan\u0131c\u0131lar\u0131 taraf\u0131ndan b\u00fcy\u00fck takdir toplad\u0131.<\/p>\n<\/p><\/div>\n","protected":false},"excerpt":{"rendered":"<p>B\u00dcY\u00dcK TAKD\u0130R TOPLADILAR&#13; Ac\u0131y\u0131 payla\u015fmak i\u00e7in d\u00fc\u011f\u00fcnlerini ertelediler&#13; Erg\u00fcn Yahat&#13; Mormenek\u015fe k\u00f6y\u00fcn\u00fcn sevilen gen\u00e7lerinden Fevzi \u00c7akmak ve Ecem Dana, 4 Eyl\u00fcl 2026 tarihinde G\u00fclseren Askeri Gazinosu\u2019nda ger\u00e7ekle\u015ftirmeyi planlad\u0131klar\u0131 d\u00fc\u011f\u00fcnlerini, Girne a\u00e7\u0131klar\u0131nda meydana gelen elim feribot facias\u0131 nedeniyle erteleme karar\u0131 ald\u0131. Gen\u00e7 \u00e7ift, sosyal medya hesaplar\u0131ndan yapt\u0131klar\u0131 payla\u015f\u0131mda, ya\u015fanan ac\u0131 olay\u0131n ard\u0131ndan d\u00fc\u011f\u00fcnlerini ger\u00e7ekle\u015ftirmenin do\u011fru olmayaca\u011f\u0131n\u0131<\/p>\n","protected":false},"author":1,"featured_media":119828,"comment_status":"open","ping_status":"open","sticky":false,"template":"","format":"standard","meta":{"footnotes":""},"categories":[81],"tags":[],"class_list":["post-119827","post","type-post","status-publish","format-standard","has-post-thumbnail","hentry","category-kibris"],"yoast_head":"<!-- This site is optimized with the Yoast SEO plugin v28.4 - https:\/\/yoast.com\/product\/yoast-seo-wordpress\/ -->\n<title>GEN\u00c7 \u00c7\u0130FTTEN \u00d6RNEK DAVRANI\u015e: D\u00dc\u011e\u00dcNLER\u0130N\u0130 ERTELED\u0130LER -<\/title>\n<meta name=\"robots\" content=\"index, follow, max-snippet:-1, max-image-preview:large, max-video-preview:-1\" \/>\n<link rel=\"canonical\" href=\"https:\/\/kibrisdakik.com\/?p=119827\" \/>\n<meta property=\"og:locale\" content=\"tr_TR\" \/>\n<meta property=\"og:type\" content=\"article\" \/>\n<meta property=\"og:title\" content=\"GEN\u00c7 \u00c7\u0130FTTEN \u00d6RNEK DAVRANI\u015e: D\u00dc\u011e\u00dcNLER\u0130N\u0130 ERTELED\u0130LER -\" \/>\n<meta property=\"og:description\" content=\"B\u00dcY\u00dcK TAKD\u0130R TOPLADILAR&#013; Ac\u0131y\u0131 payla\u015fmak i\u00e7in d\u00fc\u011f\u00fcnlerini ertelediler&#013; Erg\u00fcn Yahat&#013; Mormenek\u015fe k\u00f6y\u00fcn\u00fcn sevilen gen\u00e7lerinden Fevzi \u00c7akmak ve Ecem Dana, 4 Eyl\u00fcl 2026 tarihinde G\u00fclseren Askeri Gazinosu\u2019nda ger\u00e7ekle\u015ftirmeyi planlad\u0131klar\u0131 d\u00fc\u011f\u00fcnlerini, Girne a\u00e7\u0131klar\u0131nda meydana gelen elim feribot facias\u0131 nedeniyle erteleme karar\u0131 ald\u0131. Gen\u00e7 \u00e7ift, sosyal medya hesaplar\u0131ndan yapt\u0131klar\u0131 payla\u015f\u0131mda, ya\u015fanan ac\u0131 olay\u0131n ard\u0131ndan d\u00fc\u011f\u00fcnlerini ger\u00e7ekle\u015ftirmenin do\u011fru olmayaca\u011f\u0131n\u0131\" \/>\n<meta property=\"og:url\" content=\"https:\/\/kibrisdakik.com\/?p=119827\" \/>\n<meta property=\"article:published_time\" content=\"2026-09-02T13:44:01+00:00\" \/>\n<meta property=\"og:image\" content=\"https:\/\/mhahabercom.teimg.com\/crop\/1280x720\/mhahaber-com\/uploads\/2026\/09\/mha-sari-beyaz-7689.png\" \/>\n<meta name=\"author\" content=\"admin\" \/>\n<meta name=\"twitter:card\" content=\"summary_large_image\" \/>\n<meta name=\"twitter:label1\" content=\"Yazan:\" \/>\n\t<meta name=\"twitter:data1\" content=\"admin\" \/>\n\t<meta name=\"twitter:label2\" content=\"Tahmini okuma s\u00fcresi\" \/>\n\t<meta name=\"twitter:data2\" content=\"1 dakika\" \/>\n<script type=\"application\/ld+json\" class=\"yoast-schema-graph\">{\"@context\":\"https:\\\/\\\/schema.org\",\"@graph\":[{\"@type\":\"Article\",\"@id\":\"https:\\\/\\\/kibrisdakik.com\\\/?p=119827#article\",\"isPartOf\":{\"@id\":\"https:\\\/\\\/kibrisdakik.com\\\/?p=119827\"},\"author\":{\"name\":\"admin\",\"@id\":\"https:\\\/\\\/kibrisdakik.com\\\/#\\\/schema\\\/person\\\/9cd9d437bbb44f72b73ba127e06d8e79\"},\"headline\":\"GEN\u00c7 \u00c7\u0130FTTEN \u00d6RNEK DAVRANI\u015e: D\u00dc\u011e\u00dcNLER\u0130N\u0130 ERTELED\u0130LER\",\"datePublished\":\"2026-09-02T13:44:01+00:00\",\"mainEntityOfPage\":{\"@id\":\"https:\\\/\\\/kibrisdakik.com\\\/?p=119827\"},\"wordCount\":276,\"commentCount\":0,\"publisher\":{\"@id\":\"https:\\\/\\\/kibrisdakik.com\\\/#organization\"},\"image\":{\"@id\":\"https:\\\/\\\/kibrisdakik.com\\\/?p=119827#primaryimage\"},\"thumbnailUrl\":\"https:\\\/\\\/kibrisdakik.com\\\/wp-content\\\/uploads\\\/2026\\\/09\\\/mha-sari-beyaz-7689.png\",\"articleSection\":[\"K\u0131br\u0131s\"],\"inLanguage\":\"tr\",\"potentialAction\":[{\"@type\":\"CommentAction\",\"name\":\"Comment\",\"target\":[\"https:\\\/\\\/kibrisdakik.com\\\/?p=119827#respond\"]}]},{\"@type\":\"WebPage\",\"@id\":\"https:\\\/\\\/kibrisdakik.com\\\/?p=119827\",\"url\":\"https:\\\/\\\/kibrisdakik.com\\\/?p=119827\",\"name\":\"GEN\u00c7 \u00c7\u0130FTTEN \u00d6RNEK DAVRANI\u015e: D\u00dc\u011e\u00dcNLER\u0130N\u0130 ERTELED\u0130LER -\",\"isPartOf\":{\"@id\":\"https:\\\/\\\/kibrisdakik.com\\\/#website\"},\"primaryImageOfPage\":{\"@id\":\"https:\\\/\\\/kibrisdakik.com\\\/?p=119827#primaryimage\"},\"image\":{\"@id\":\"https:\\\/\\\/kibrisdakik.com\\\/?p=119827#primaryimage\"},\"thumbnailUrl\":\"https:\\\/\\\/kibrisdakik.com\\\/wp-content\\\/uploads\\\/2026\\\/09\\\/mha-sari-beyaz-7689.png\",\"datePublished\":\"2026-09-02T13:44:01+00:00\",\"breadcrumb\":{\"@id\":\"https:\\\/\\\/kibrisdakik.com\\\/?p=119827#breadcrumb\"},\"inLanguage\":\"tr\",\"potentialAction\":[{\"@type\":\"ReadAction\",\"target\":[\"https:\\\/\\\/kibrisdakik.com\\\/?p=119827\"]}]},{\"@type\":\"ImageObject\",\"inLanguage\":\"tr\",\"@id\":\"https:\\\/\\\/kibrisdakik.com\\\/?p=119827#primaryimage\",\"url\":\"https:\\\/\\\/kibrisdakik.com\\\/wp-content\\\/uploads\\\/2026\\\/09\\\/mha-sari-beyaz-7689.png\",\"contentUrl\":\"https:\\\/\\\/kibrisdakik.com\\\/wp-content\\\/uploads\\\/2026\\\/09\\\/mha-sari-beyaz-7689.png\",\"width\":1280,\"height\":720},{\"@type\":\"BreadcrumbList\",\"@id\":\"https:\\\/\\\/kibrisdakik.com\\\/?p=119827#breadcrumb\",\"itemListElement\":[{\"@type\":\"ListItem\",\"position\":1,\"name\":\"Home\",\"item\":\"https:\\\/\\\/kibrisdakik.com\\\/\"},{\"@type\":\"ListItem\",\"position\":2,\"name\":\"GEN\u00c7 \u00c7\u0130FTTEN \u00d6RNEK DAVRANI\u015e: D\u00dc\u011e\u00dcNLER\u0130N\u0130 ERTELED\u0130LER\"}]},{\"@type\":\"WebSite\",\"@id\":\"https:\\\/\\\/kibrisdakik.com\\\/#website\",\"url\":\"https:\\\/\\\/kibrisdakik.com\\\/\",\"name\":\"K\u0131br\u0131s Dakik\",\"description\":\"Tam vaktinde haber\",\"publisher\":{\"@id\":\"https:\\\/\\\/kibrisdakik.com\\\/#organization\"},\"potentialAction\":[{\"@type\":\"SearchAction\",\"target\":{\"@type\":\"EntryPoint\",\"urlTemplate\":\"https:\\\/\\\/kibrisdakik.com\\\/?s={search_term_string}\"},\"query-input\":{\"@type\":\"PropertyValueSpecification\",\"valueRequired\":true,\"valueName\":\"search_term_string\"}}],\"inLanguage\":\"tr\"},{\"@type\":\"Organization\",\"@id\":\"https:\\\/\\\/kibrisdakik.com\\\/#organization\",\"name\":\"K\u0131br\u0131s Dakik\",\"url\":\"https:\\\/\\\/kibrisdakik.com\\\/\",\"logo\":{\"@type\":\"ImageObject\",\"inLanguage\":\"tr\",\"@id\":\"https:\\\/\\\/kibrisdakik.com\\\/#\\\/schema\\\/logo\\\/image\\\/\",\"url\":\"https:\\\/\\\/kibrisdakik.com\\\/wp-content\\\/uploads\\\/2025\\\/10\\\/cropped-WhatsApp-Image-2025-10-02-at-12.58.31.jpeg\",\"contentUrl\":\"https:\\\/\\\/kibrisdakik.com\\\/wp-content\\\/uploads\\\/2025\\\/10\\\/cropped-WhatsApp-Image-2025-10-02-at-12.58.31.jpeg\",\"width\":1237,\"height\":190,\"caption\":\"K\u0131br\u0131s Dakik\"},\"image\":{\"@id\":\"https:\\\/\\\/kibrisdakik.com\\\/#\\\/schema\\\/logo\\\/image\\\/\"}},{\"@type\":\"Person\",\"@id\":\"https:\\\/\\\/kibrisdakik.com\\\/#\\\/schema\\\/person\\\/9cd9d437bbb44f72b73ba127e06d8e79\",\"name\":\"admin\",\"image\":{\"@type\":\"ImageObject\",\"inLanguage\":\"tr\",\"@id\":\"https:\\\/\\\/secure.gravatar.com\\\/avatar\\\/ccc17943b9d660506c869530f897617f7cb1c21a4bf30023f252596d83e1f007?s=96&d=mm&r=g\",\"url\":\"https:\\\/\\\/secure.gravatar.com\\\/avatar\\\/ccc17943b9d660506c869530f897617f7cb1c21a4bf30023f252596d83e1f007?s=96&d=mm&r=g\",\"contentUrl\":\"https:\\\/\\\/secure.gravatar.com\\\/avatar\\\/ccc17943b9d660506c869530f897617f7cb1c21a4bf30023f252596d83e1f007?s=96&d=mm&r=g\",\"caption\":\"admin\"},\"sameAs\":[\"https:\\\/\\\/kibrisdakik.com\"],\"url\":\"https:\\\/\\\/kibrisdakik.com\\\/?author=1\"}]}<\/script>\n<!-- \/ Yoast SEO plugin. -->","yoast_head_json":{"title":"GEN\u00c7 \u00c7\u0130FTTEN \u00d6RNEK DAVRANI\u015e: D\u00dc\u011e\u00dcNLER\u0130N\u0130 ERTELED\u0130LER -","robots":{"index":"index","follow":"follow","max-snippet":"max-snippet:-1","max-image-preview":"max-image-preview:large","max-video-preview":"max-video-preview:-1"},"canonical":"https:\/\/kibrisdakik.com\/?p=119827","og_locale":"tr_TR","og_type":"article","og_title":"GEN\u00c7 \u00c7\u0130FTTEN \u00d6RNEK DAVRANI\u015e: D\u00dc\u011e\u00dcNLER\u0130N\u0130 ERTELED\u0130LER -","og_description":"B\u00dcY\u00dcK TAKD\u0130R TOPLADILAR&#13; Ac\u0131y\u0131 payla\u015fmak i\u00e7in d\u00fc\u011f\u00fcnlerini ertelediler&#13; Erg\u00fcn Yahat&#13; Mormenek\u015fe k\u00f6y\u00fcn\u00fcn sevilen gen\u00e7lerinden Fevzi \u00c7akmak ve Ecem Dana, 4 Eyl\u00fcl 2026 tarihinde G\u00fclseren Askeri Gazinosu\u2019nda ger\u00e7ekle\u015ftirmeyi planlad\u0131klar\u0131 d\u00fc\u011f\u00fcnlerini, Girne a\u00e7\u0131klar\u0131nda meydana gelen elim feribot facias\u0131 nedeniyle erteleme karar\u0131 ald\u0131. Gen\u00e7 \u00e7ift, sosyal medya hesaplar\u0131ndan yapt\u0131klar\u0131 payla\u015f\u0131mda, ya\u015fanan ac\u0131 olay\u0131n ard\u0131ndan d\u00fc\u011f\u00fcnlerini ger\u00e7ekle\u015ftirmenin do\u011fru olmayaca\u011f\u0131n\u0131","og_url":"https:\/\/kibrisdakik.com\/?p=119827","article_published_time":"2026-09-02T13:44:01+00:00","og_image":[{"url":"https:\/\/mhahabercom.teimg.com\/crop\/1280x720\/mhahaber-com\/uploads\/2026\/09\/mha-sari-beyaz-7689.png","type":"","width":"","height":""}],"author":"admin","twitter_card":"summary_large_image","twitter_misc":{"Yazan:":"admin","Tahmini okuma s\u00fcresi":"1 dakika"},"schema":{"@context":"https:\/\/schema.org","@graph":[{"@type":"Article","@id":"https:\/\/kibrisdakik.com\/?p=119827#article","isPartOf":{"@id":"https:\/\/kibrisdakik.com\/?p=119827"},"author":{"name":"admin","@id":"https:\/\/kibrisdakik.com\/#\/schema\/person\/9cd9d437bbb44f72b73ba127e06d8e79"},"headline":"GEN\u00c7 \u00c7\u0130FTTEN \u00d6RNEK DAVRANI\u015e: D\u00dc\u011e\u00dcNLER\u0130N\u0130 ERTELED\u0130LER","datePublished":"2026-09-02T13:44:01+00:00","mainEntityOfPage":{"@id":"https:\/\/kibrisdakik.com\/?p=119827"},"wordCount":276,"commentCount":0,"publisher":{"@id":"https:\/\/kibrisdakik.com\/#organization"},"image":{"@id":"https:\/\/kibrisdakik.com\/?p=119827#primaryimage"},"thumbnailUrl":"https:\/\/kibrisdakik.com\/wp-content\/uploads\/2026\/09\/mha-sari-beyaz-7689.png","articleSection":["K\u0131br\u0131s"],"inLanguage":"tr","potentialAction":[{"@type":"CommentAction","name":"Comment","target":["https:\/\/kibrisdakik.com\/?p=119827#respond"]}]},{"@type":"WebPage","@id":"https:\/\/kibrisdakik.com\/?p=119827","url":"https:\/\/kibrisdakik.com\/?p=119827","name":"GEN\u00c7 \u00c7\u0130FTTEN \u00d6RNEK DAVRANI\u015e: D\u00dc\u011e\u00dcNLER\u0130N\u0130 ERTELED\u0130LER -","isPartOf":{"@id":"https:\/\/kibrisdakik.com\/#website"},"primaryImageOfPage":{"@id":"https:\/\/kibrisdakik.com\/?p=119827#primaryimage"},"image":{"@id":"https:\/\/kibrisdakik.com\/?p=119827#primaryimage"},"thumbnailUrl":"https:\/\/kibrisdakik.com\/wp-content\/uploads\/2026\/09\/mha-sari-beyaz-7689.png","datePublished":"2026-09-02T13:44:01+00:00","breadcrumb":{"@id":"https:\/\/kibrisdakik.com\/?p=119827#breadcrumb"},"inLanguage":"tr","potentialAction":[{"@type":"ReadAction","target":["https:\/\/kibrisdakik.com\/?p=119827"]}]},{"@type":"ImageObject","inLanguage":"tr","@id":"https:\/\/kibrisdakik.com\/?p=119827#primaryimage","url":"https:\/\/kibrisdakik.com\/wp-content\/uploads\/2026\/09\/mha-sari-beyaz-7689.png","contentUrl":"https:\/\/kibrisdakik.com\/wp-content\/uploads\/2026\/09\/mha-sari-beyaz-7689.png","width":1280,"height":720},{"@type":"BreadcrumbList","@id":"https:\/\/kibrisdakik.com\/?p=119827#breadcrumb","itemListElement":[{"@type":"ListItem","position":1,"name":"Home","item":"https:\/\/kibrisdakik.com\/"},{"@type":"ListItem","position":2,"name":"GEN\u00c7 \u00c7\u0130FTTEN \u00d6RNEK DAVRANI\u015e: D\u00dc\u011e\u00dcNLER\u0130N\u0130 ERTELED\u0130LER"}]},{"@type":"WebSite","@id":"https:\/\/kibrisdakik.com\/#website","url":"https:\/\/kibrisdakik.com\/","name":"K\u0131br\u0131s Dakik","description":"Tam vaktinde haber","publisher":{"@id":"https:\/\/kibrisdakik.com\/#organization"},"potentialAction":[{"@type":"SearchAction","target":{"@type":"EntryPoint","urlTemplate":"https:\/\/kibrisdakik.com\/?s={search_term_string}"},"query-input":{"@type":"PropertyValueSpecification","valueRequired":true,"valueName":"search_term_string"}}],"inLanguage":"tr"},{"@type":"Organization","@id":"https:\/\/kibrisdakik.com\/#organization","name":"K\u0131br\u0131s Dakik","url":"https:\/\/kibrisdakik.com\/","logo":{"@type":"ImageObject","inLanguage":"tr","@id":"https:\/\/kibrisdakik.com\/#\/schema\/logo\/image\/","url":"https:\/\/kibrisdakik.com\/wp-content\/uploads\/2025\/10\/cropped-WhatsApp-Image-2025-10-02-at-12.58.31.jpeg","contentUrl":"https:\/\/kibrisdakik.com\/wp-content\/uploads\/2025\/10\/cropped-WhatsApp-Image-2025-10-02-at-12.58.31.jpeg","width":1237,"height":190,"caption":"K\u0131br\u0131s Dakik"},"image":{"@id":"https:\/\/kibrisdakik.com\/#\/schema\/logo\/image\/"}},{"@type":"Person","@id":"https:\/\/kibrisdakik.com\/#\/schema\/person\/9cd9d437bbb44f72b73ba127e06d8e79","name":"admin","image":{"@type":"ImageObject","inLanguage":"tr","@id":"https:\/\/secure.gravatar.com\/avatar\/ccc17943b9d660506c869530f897617f7cb1c21a4bf30023f252596d83e1f007?s=96&d=mm&r=g","url":"https:\/\/secure.gravatar.com\/avatar\/ccc17943b9d660506c869530f897617f7cb1c21a4bf30023f252596d83e1f007?s=96&d=mm&r=g","contentUrl":"https:\/\/secure.gravatar.com\/avatar\/ccc17943b9d660506c869530f897617f7cb1c21a4bf30023f252596d83e1f007?s=96&d=mm&r=g","caption":"admin"},"sameAs":["https:\/\/kibrisdakik.com"],"url":"https:\/\/kibrisdakik.com\/?author=1"}]}},"_links":{"self":[{"href":"https:\/\/kibrisdakik.com\/index.php?rest_route=\/wp\/v2\/posts\/119827","targetHints":{"allow":["GET"]}}],"collection":[{"href":"https:\/\/kibrisdakik.com\/index.php?rest_route=\/wp\/v2\/posts"}],"about":[{"href":"https:\/\/kibrisdakik.com\/index.php?rest_route=\/wp\/v2\/types\/post"}],"author":[{"embeddable":true,"href":"https:\/\/kibrisdakik.com\/index.php?rest_route=\/wp\/v2\/users\/1"}],"replies":[{"embeddable":true,"href":"https:\/\/kibrisdakik.com\/index.php?rest_route=%2Fwp%2Fv2%2Fcomments&post=119827"}],"version-history":[{"count":0,"href":"https:\/\/kibrisdakik.com\/index.php?rest_route=\/wp\/v2\/posts\/119827\/revisions"}],"wp:featuredmedia":[{"embeddable":true,"href":"https:\/\/kibrisdakik.com\/index.php?rest_route=\/wp\/v2\/media\/119828"}],"wp:attachment":[{"href":"https:\/\/kibrisdakik.com\/index.php?rest_route=%2Fwp%2Fv2%2Fmedia&parent=119827"}],"wp:term":[{"taxonomy":"category","embeddable":true,"href":"https:\/\/kibrisdakik.com\/index.php?rest_route=%2Fwp%2Fv2%2Fcategories&post=119827"},{"taxonomy":"post_tag","embeddable":true,"href":"https:\/\/kibrisdakik.com\/index.php?rest_route=%2Fwp%2Fv2%2Ftags&post=119827"}],"curies":[{"name":"wp","href":"https:\/\/api.w.org\/{rel}","templated":true}]}}