{"id":119829,"date":"2026-09-02T17:00:05","date_gmt":"2026-09-02T14:00:05","guid":{"rendered":"https:\/\/kibrisdakik.com\/?p=119829"},"modified":"2026-09-02T17:00:05","modified_gmt":"2026-09-02T14:00:05","slug":"gemi-faciasi-sonrasi-festivallere-iptal-karari","status":"publish","type":"post","link":"https:\/\/kibrisdakik.com\/?p=119829","title":{"rendered":"GEM\u0130 FAC\u0130ASI SONRASI FEST\u0130VALLERE \u0130PTAL KARARI"},"content":{"rendered":"<p><\/p>\n<h1>Lapta-Alsancak-\u00c7aml\u0131bel Belediye Ba\u015fkan\u0131 F\u0131rat Ataser, ya\u015fanan gemi facias\u0131 ve devam eden arama-kurtarma \u00e7al\u0131\u015fmalar\u0131 nedeniyle b\u00f6lgede ger\u00e7ekle\u015ftirilmesi planlanan di\u011fer festivallerin Belediye Meclisi karar\u0131yla iptal edildi\u011fini a\u00e7\u0131klad\u0131.<\/h1>\n<p>Ataser, i\u00e7inden ge\u00e7ilen ac\u0131l\u0131 s\u00fcre\u00e7te festival ve e\u011flence etkinlikleri d\u00fczenlemenin uygun olmayaca\u011f\u0131n\u0131 belirterek, karar\u0131n halk\u0131n ya\u015fad\u0131\u011f\u0131 ac\u0131 ve hassasiyetler g\u00f6zetilerek al\u0131nd\u0131\u011f\u0131n\u0131 ifade etti.<\/p>\n<div id=\"ad_121\" data-channel=\"121\" data-advert=\"temedya\" data-rotation=\"120\" class=\"mb-3 text-center\"><\/div>\n<div id=\"ad_121_mobile\" data-channel=\"121\" data-advert=\"temedya\" data-rotation=\"120\" class=\"mb-3 text-center\"><\/div>\n<p>F\u0131rat Ataser, gemi facias\u0131nda hayat\u0131n\u0131 kaybedenlere Allah\u2019tan rahmet, ailelerine, yak\u0131nlar\u0131na ve sevenlerine sab\u0131r ve ba\u015fsa\u011fl\u0131\u011f\u0131 diledi.<\/p>\n<\/p>\n<div class=\"article-source py-3 small \">\n                <\/div>\n","protected":false},"excerpt":{"rendered":"<p>Lapta-Alsancak-\u00c7aml\u0131bel Belediye Ba\u015fkan\u0131 F\u0131rat Ataser, ya\u015fanan gemi facias\u0131 ve devam eden arama-kurtarma \u00e7al\u0131\u015fmalar\u0131 nedeniyle b\u00f6lgede ger\u00e7ekle\u015ftirilmesi planlanan di\u011fer festivallerin Belediye Meclisi karar\u0131yla iptal edildi\u011fini a\u00e7\u0131klad\u0131. Ataser, i\u00e7inden ge\u00e7ilen ac\u0131l\u0131 s\u00fcre\u00e7te festival ve e\u011flence etkinlikleri d\u00fczenlemenin uygun olmayaca\u011f\u0131n\u0131 belirterek, karar\u0131n halk\u0131n ya\u015fad\u0131\u011f\u0131 ac\u0131 ve hassasiyetler g\u00f6zetilerek al\u0131nd\u0131\u011f\u0131n\u0131 ifade etti. F\u0131rat Ataser, gemi facias\u0131nda hayat\u0131n\u0131 kaybedenlere Allah\u2019tan<\/p>\n","protected":false},"author":1,"featured_media":119830,"comment_status":"open","ping_status":"open","sticky":false,"template":"","format":"standard","meta":{"footnotes":""},"categories":[81],"tags":[],"class_list":["post-119829","post","type-post","status-publish","format-standard","has-post-thumbnail","hentry","category-kibris"],"yoast_head":"<!-- This site is optimized with the Yoast SEO plugin v28.4 - https:\/\/yoast.com\/product\/yoast-seo-wordpress\/ -->\n<title>GEM\u0130 FAC\u0130ASI SONRASI FEST\u0130VALLERE \u0130PTAL KARARI -<\/title>\n<meta name=\"robots\" content=\"index, follow, max-snippet:-1, max-image-preview:large, max-video-preview:-1\" \/>\n<link rel=\"canonical\" href=\"https:\/\/kibrisdakik.com\/?p=119829\" \/>\n<meta property=\"og:locale\" content=\"tr_TR\" \/>\n<meta property=\"og:type\" content=\"article\" \/>\n<meta property=\"og:title\" content=\"GEM\u0130 FAC\u0130ASI SONRASI FEST\u0130VALLERE \u0130PTAL KARARI -\" \/>\n<meta property=\"og:description\" content=\"Lapta-Alsancak-\u00c7aml\u0131bel Belediye Ba\u015fkan\u0131 F\u0131rat Ataser, ya\u015fanan gemi facias\u0131 ve devam eden arama-kurtarma \u00e7al\u0131\u015fmalar\u0131 nedeniyle b\u00f6lgede ger\u00e7ekle\u015ftirilmesi planlanan di\u011fer festivallerin Belediye Meclisi karar\u0131yla iptal edildi\u011fini a\u00e7\u0131klad\u0131. Ataser, i\u00e7inden ge\u00e7ilen ac\u0131l\u0131 s\u00fcre\u00e7te festival ve e\u011flence etkinlikleri d\u00fczenlemenin uygun olmayaca\u011f\u0131n\u0131 belirterek, karar\u0131n halk\u0131n ya\u015fad\u0131\u011f\u0131 ac\u0131 ve hassasiyetler g\u00f6zetilerek al\u0131nd\u0131\u011f\u0131n\u0131 ifade etti. F\u0131rat Ataser, gemi facias\u0131nda hayat\u0131n\u0131 kaybedenlere Allah\u2019tan\" \/>\n<meta property=\"og:url\" content=\"https:\/\/kibrisdakik.com\/?p=119829\" \/>\n<meta property=\"article:published_time\" content=\"2026-09-02T14:00:05+00:00\" \/>\n<meta property=\"og:image\" content=\"https:\/\/mhahabercom.teimg.com\/crop\/1280x720\/mhahaber-com\/uploads\/2026\/09\/mha-sari-beyaz-7690.png\" \/>\n<meta name=\"author\" content=\"admin\" \/>\n<meta name=\"twitter:card\" content=\"summary_large_image\" \/>\n<meta name=\"twitter:label1\" content=\"Yazan:\" \/>\n\t<meta name=\"twitter:data1\" content=\"admin\" \/>\n\t<meta name=\"twitter:label2\" content=\"Tahmini okuma s\u00fcresi\" \/>\n\t<meta name=\"twitter:data2\" content=\"1 dakika\" \/>\n<script type=\"application\/ld+json\" class=\"yoast-schema-graph\">{\"@context\":\"https:\\\/\\\/schema.org\",\"@graph\":[{\"@type\":\"Article\",\"@id\":\"https:\\\/\\\/kibrisdakik.com\\\/?p=119829#article\",\"isPartOf\":{\"@id\":\"https:\\\/\\\/kibrisdakik.com\\\/?p=119829\"},\"author\":{\"name\":\"admin\",\"@id\":\"https:\\\/\\\/kibrisdakik.com\\\/#\\\/schema\\\/person\\\/9cd9d437bbb44f72b73ba127e06d8e79\"},\"headline\":\"GEM\u0130 FAC\u0130ASI SONRASI FEST\u0130VALLERE \u0130PTAL KARARI\",\"datePublished\":\"2026-09-02T14:00:05+00:00\",\"mainEntityOfPage\":{\"@id\":\"https:\\\/\\\/kibrisdakik.com\\\/?p=119829\"},\"wordCount\":108,\"commentCount\":0,\"publisher\":{\"@id\":\"https:\\\/\\\/kibrisdakik.com\\\/#organization\"},\"image\":{\"@id\":\"https:\\\/\\\/kibrisdakik.com\\\/?p=119829#primaryimage\"},\"thumbnailUrl\":\"https:\\\/\\\/kibrisdakik.com\\\/wp-content\\\/uploads\\\/2026\\\/09\\\/mha-sari-beyaz-7690.png\",\"articleSection\":[\"K\u0131br\u0131s\"],\"inLanguage\":\"tr\",\"potentialAction\":[{\"@type\":\"CommentAction\",\"name\":\"Comment\",\"target\":[\"https:\\\/\\\/kibrisdakik.com\\\/?p=119829#respond\"]}]},{\"@type\":\"WebPage\",\"@id\":\"https:\\\/\\\/kibrisdakik.com\\\/?p=119829\",\"url\":\"https:\\\/\\\/kibrisdakik.com\\\/?p=119829\",\"name\":\"GEM\u0130 FAC\u0130ASI SONRASI FEST\u0130VALLERE \u0130PTAL KARARI -\",\"isPartOf\":{\"@id\":\"https:\\\/\\\/kibrisdakik.com\\\/#website\"},\"primaryImageOfPage\":{\"@id\":\"https:\\\/\\\/kibrisdakik.com\\\/?p=119829#primaryimage\"},\"image\":{\"@id\":\"https:\\\/\\\/kibrisdakik.com\\\/?p=119829#primaryimage\"},\"thumbnailUrl\":\"https:\\\/\\\/kibrisdakik.com\\\/wp-content\\\/uploads\\\/2026\\\/09\\\/mha-sari-beyaz-7690.png\",\"datePublished\":\"2026-09-02T14:00:05+00:00\",\"breadcrumb\":{\"@id\":\"https:\\\/\\\/kibrisdakik.com\\\/?p=119829#breadcrumb\"},\"inLanguage\":\"tr\",\"potentialAction\":[{\"@type\":\"ReadAction\",\"target\":[\"https:\\\/\\\/kibrisdakik.com\\\/?p=119829\"]}]},{\"@type\":\"ImageObject\",\"inLanguage\":\"tr\",\"@id\":\"https:\\\/\\\/kibrisdakik.com\\\/?p=119829#primaryimage\",\"url\":\"https:\\\/\\\/kibrisdakik.com\\\/wp-content\\\/uploads\\\/2026\\\/09\\\/mha-sari-beyaz-7690.png\",\"contentUrl\":\"https:\\\/\\\/kibrisdakik.com\\\/wp-content\\\/uploads\\\/2026\\\/09\\\/mha-sari-beyaz-7690.png\",\"width\":1280,\"height\":720},{\"@type\":\"BreadcrumbList\",\"@id\":\"https:\\\/\\\/kibrisdakik.com\\\/?p=119829#breadcrumb\",\"itemListElement\":[{\"@type\":\"ListItem\",\"position\":1,\"name\":\"Home\",\"item\":\"https:\\\/\\\/kibrisdakik.com\\\/\"},{\"@type\":\"ListItem\",\"position\":2,\"name\":\"GEM\u0130 FAC\u0130ASI SONRASI FEST\u0130VALLERE \u0130PTAL KARARI\"}]},{\"@type\":\"WebSite\",\"@id\":\"https:\\\/\\\/kibrisdakik.com\\\/#website\",\"url\":\"https:\\\/\\\/kibrisdakik.com\\\/\",\"name\":\"K\u0131br\u0131s Dakik\",\"description\":\"Tam vaktinde haber\",\"publisher\":{\"@id\":\"https:\\\/\\\/kibrisdakik.com\\\/#organization\"},\"potentialAction\":[{\"@type\":\"SearchAction\",\"target\":{\"@type\":\"EntryPoint\",\"urlTemplate\":\"https:\\\/\\\/kibrisdakik.com\\\/?s={search_term_string}\"},\"query-input\":{\"@type\":\"PropertyValueSpecification\",\"valueRequired\":true,\"valueName\":\"search_term_string\"}}],\"inLanguage\":\"tr\"},{\"@type\":\"Organization\",\"@id\":\"https:\\\/\\\/kibrisdakik.com\\\/#organization\",\"name\":\"K\u0131br\u0131s Dakik\",\"url\":\"https:\\\/\\\/kibrisdakik.com\\\/\",\"logo\":{\"@type\":\"ImageObject\",\"inLanguage\":\"tr\",\"@id\":\"https:\\\/\\\/kibrisdakik.com\\\/#\\\/schema\\\/logo\\\/image\\\/\",\"url\":\"https:\\\/\\\/kibrisdakik.com\\\/wp-content\\\/uploads\\\/2025\\\/10\\\/cropped-WhatsApp-Image-2025-10-02-at-12.58.31.jpeg\",\"contentUrl\":\"https:\\\/\\\/kibrisdakik.com\\\/wp-content\\\/uploads\\\/2025\\\/10\\\/cropped-WhatsApp-Image-2025-10-02-at-12.58.31.jpeg\",\"width\":1237,\"height\":190,\"caption\":\"K\u0131br\u0131s Dakik\"},\"image\":{\"@id\":\"https:\\\/\\\/kibrisdakik.com\\\/#\\\/schema\\\/logo\\\/image\\\/\"}},{\"@type\":\"Person\",\"@id\":\"https:\\\/\\\/kibrisdakik.com\\\/#\\\/schema\\\/person\\\/9cd9d437bbb44f72b73ba127e06d8e79\",\"name\":\"admin\",\"image\":{\"@type\":\"ImageObject\",\"inLanguage\":\"tr\",\"@id\":\"https:\\\/\\\/secure.gravatar.com\\\/avatar\\\/ccc17943b9d660506c869530f897617f7cb1c21a4bf30023f252596d83e1f007?s=96&d=mm&r=g\",\"url\":\"https:\\\/\\\/secure.gravatar.com\\\/avatar\\\/ccc17943b9d660506c869530f897617f7cb1c21a4bf30023f252596d83e1f007?s=96&d=mm&r=g\",\"contentUrl\":\"https:\\\/\\\/secure.gravatar.com\\\/avatar\\\/ccc17943b9d660506c869530f897617f7cb1c21a4bf30023f252596d83e1f007?s=96&d=mm&r=g\",\"caption\":\"admin\"},\"sameAs\":[\"https:\\\/\\\/kibrisdakik.com\"],\"url\":\"https:\\\/\\\/kibrisdakik.com\\\/?author=1\"}]}<\/script>\n<!-- \/ Yoast SEO plugin. -->","yoast_head_json":{"title":"GEM\u0130 FAC\u0130ASI SONRASI FEST\u0130VALLERE \u0130PTAL KARARI -","robots":{"index":"index","follow":"follow","max-snippet":"max-snippet:-1","max-image-preview":"max-image-preview:large","max-video-preview":"max-video-preview:-1"},"canonical":"https:\/\/kibrisdakik.com\/?p=119829","og_locale":"tr_TR","og_type":"article","og_title":"GEM\u0130 FAC\u0130ASI SONRASI FEST\u0130VALLERE \u0130PTAL KARARI -","og_description":"Lapta-Alsancak-\u00c7aml\u0131bel Belediye Ba\u015fkan\u0131 F\u0131rat Ataser, ya\u015fanan gemi facias\u0131 ve devam eden arama-kurtarma \u00e7al\u0131\u015fmalar\u0131 nedeniyle b\u00f6lgede ger\u00e7ekle\u015ftirilmesi planlanan di\u011fer festivallerin Belediye Meclisi karar\u0131yla iptal edildi\u011fini a\u00e7\u0131klad\u0131. Ataser, i\u00e7inden ge\u00e7ilen ac\u0131l\u0131 s\u00fcre\u00e7te festival ve e\u011flence etkinlikleri d\u00fczenlemenin uygun olmayaca\u011f\u0131n\u0131 belirterek, karar\u0131n halk\u0131n ya\u015fad\u0131\u011f\u0131 ac\u0131 ve hassasiyetler g\u00f6zetilerek al\u0131nd\u0131\u011f\u0131n\u0131 ifade etti. F\u0131rat Ataser, gemi facias\u0131nda hayat\u0131n\u0131 kaybedenlere Allah\u2019tan","og_url":"https:\/\/kibrisdakik.com\/?p=119829","article_published_time":"2026-09-02T14:00:05+00:00","og_image":[{"url":"https:\/\/mhahabercom.teimg.com\/crop\/1280x720\/mhahaber-com\/uploads\/2026\/09\/mha-sari-beyaz-7690.png","type":"","width":"","height":""}],"author":"admin","twitter_card":"summary_large_image","twitter_misc":{"Yazan:":"admin","Tahmini okuma s\u00fcresi":"1 dakika"},"schema":{"@context":"https:\/\/schema.org","@graph":[{"@type":"Article","@id":"https:\/\/kibrisdakik.com\/?p=119829#article","isPartOf":{"@id":"https:\/\/kibrisdakik.com\/?p=119829"},"author":{"name":"admin","@id":"https:\/\/kibrisdakik.com\/#\/schema\/person\/9cd9d437bbb44f72b73ba127e06d8e79"},"headline":"GEM\u0130 FAC\u0130ASI SONRASI FEST\u0130VALLERE \u0130PTAL KARARI","datePublished":"2026-09-02T14:00:05+00:00","mainEntityOfPage":{"@id":"https:\/\/kibrisdakik.com\/?p=119829"},"wordCount":108,"commentCount":0,"publisher":{"@id":"https:\/\/kibrisdakik.com\/#organization"},"image":{"@id":"https:\/\/kibrisdakik.com\/?p=119829#primaryimage"},"thumbnailUrl":"https:\/\/kibrisdakik.com\/wp-content\/uploads\/2026\/09\/mha-sari-beyaz-7690.png","articleSection":["K\u0131br\u0131s"],"inLanguage":"tr","potentialAction":[{"@type":"CommentAction","name":"Comment","target":["https:\/\/kibrisdakik.com\/?p=119829#respond"]}]},{"@type":"WebPage","@id":"https:\/\/kibrisdakik.com\/?p=119829","url":"https:\/\/kibrisdakik.com\/?p=119829","name":"GEM\u0130 FAC\u0130ASI SONRASI FEST\u0130VALLERE \u0130PTAL KARARI -","isPartOf":{"@id":"https:\/\/kibrisdakik.com\/#website"},"primaryImageOfPage":{"@id":"https:\/\/kibrisdakik.com\/?p=119829#primaryimage"},"image":{"@id":"https:\/\/kibrisdakik.com\/?p=119829#primaryimage"},"thumbnailUrl":"https:\/\/kibrisdakik.com\/wp-content\/uploads\/2026\/09\/mha-sari-beyaz-7690.png","datePublished":"2026-09-02T14:00:05+00:00","breadcrumb":{"@id":"https:\/\/kibrisdakik.com\/?p=119829#breadcrumb"},"inLanguage":"tr","potentialAction":[{"@type":"ReadAction","target":["https:\/\/kibrisdakik.com\/?p=119829"]}]},{"@type":"ImageObject","inLanguage":"tr","@id":"https:\/\/kibrisdakik.com\/?p=119829#primaryimage","url":"https:\/\/kibrisdakik.com\/wp-content\/uploads\/2026\/09\/mha-sari-beyaz-7690.png","contentUrl":"https:\/\/kibrisdakik.com\/wp-content\/uploads\/2026\/09\/mha-sari-beyaz-7690.png","width":1280,"height":720},{"@type":"BreadcrumbList","@id":"https:\/\/kibrisdakik.com\/?p=119829#breadcrumb","itemListElement":[{"@type":"ListItem","position":1,"name":"Home","item":"https:\/\/kibrisdakik.com\/"},{"@type":"ListItem","position":2,"name":"GEM\u0130 FAC\u0130ASI SONRASI FEST\u0130VALLERE \u0130PTAL KARARI"}]},{"@type":"WebSite","@id":"https:\/\/kibrisdakik.com\/#website","url":"https:\/\/kibrisdakik.com\/","name":"K\u0131br\u0131s Dakik","description":"Tam vaktinde haber","publisher":{"@id":"https:\/\/kibrisdakik.com\/#organization"},"potentialAction":[{"@type":"SearchAction","target":{"@type":"EntryPoint","urlTemplate":"https:\/\/kibrisdakik.com\/?s={search_term_string}"},"query-input":{"@type":"PropertyValueSpecification","valueRequired":true,"valueName":"search_term_string"}}],"inLanguage":"tr"},{"@type":"Organization","@id":"https:\/\/kibrisdakik.com\/#organization","name":"K\u0131br\u0131s Dakik","url":"https:\/\/kibrisdakik.com\/","logo":{"@type":"ImageObject","inLanguage":"tr","@id":"https:\/\/kibrisdakik.com\/#\/schema\/logo\/image\/","url":"https:\/\/kibrisdakik.com\/wp-content\/uploads\/2025\/10\/cropped-WhatsApp-Image-2025-10-02-at-12.58.31.jpeg","contentUrl":"https:\/\/kibrisdakik.com\/wp-content\/uploads\/2025\/10\/cropped-WhatsApp-Image-2025-10-02-at-12.58.31.jpeg","width":1237,"height":190,"caption":"K\u0131br\u0131s Dakik"},"image":{"@id":"https:\/\/kibrisdakik.com\/#\/schema\/logo\/image\/"}},{"@type":"Person","@id":"https:\/\/kibrisdakik.com\/#\/schema\/person\/9cd9d437bbb44f72b73ba127e06d8e79","name":"admin","image":{"@type":"ImageObject","inLanguage":"tr","@id":"https:\/\/secure.gravatar.com\/avatar\/ccc17943b9d660506c869530f897617f7cb1c21a4bf30023f252596d83e1f007?s=96&d=mm&r=g","url":"https:\/\/secure.gravatar.com\/avatar\/ccc17943b9d660506c869530f897617f7cb1c21a4bf30023f252596d83e1f007?s=96&d=mm&r=g","contentUrl":"https:\/\/secure.gravatar.com\/avatar\/ccc17943b9d660506c869530f897617f7cb1c21a4bf30023f252596d83e1f007?s=96&d=mm&r=g","caption":"admin"},"sameAs":["https:\/\/kibrisdakik.com"],"url":"https:\/\/kibrisdakik.com\/?author=1"}]}},"_links":{"self":[{"href":"https:\/\/kibrisdakik.com\/index.php?rest_route=\/wp\/v2\/posts\/119829","targetHints":{"allow":["GET"]}}],"collection":[{"href":"https:\/\/kibrisdakik.com\/index.php?rest_route=\/wp\/v2\/posts"}],"about":[{"href":"https:\/\/kibrisdakik.com\/index.php?rest_route=\/wp\/v2\/types\/post"}],"author":[{"embeddable":true,"href":"https:\/\/kibrisdakik.com\/index.php?rest_route=\/wp\/v2\/users\/1"}],"replies":[{"embeddable":true,"href":"https:\/\/kibrisdakik.com\/index.php?rest_route=%2Fwp%2Fv2%2Fcomments&post=119829"}],"version-history":[{"count":0,"href":"https:\/\/kibrisdakik.com\/index.php?rest_route=\/wp\/v2\/posts\/119829\/revisions"}],"wp:featuredmedia":[{"embeddable":true,"href":"https:\/\/kibrisdakik.com\/index.php?rest_route=\/wp\/v2\/media\/119830"}],"wp:attachment":[{"href":"https:\/\/kibrisdakik.com\/index.php?rest_route=%2Fwp%2Fv2%2Fmedia&parent=119829"}],"wp:term":[{"taxonomy":"category","embeddable":true,"href":"https:\/\/kibrisdakik.com\/index.php?rest_route=%2Fwp%2Fv2%2Fcategories&post=119829"},{"taxonomy":"post_tag","embeddable":true,"href":"https:\/\/kibrisdakik.com\/index.php?rest_route=%2Fwp%2Fv2%2Ftags&post=119829"}],"curies":[{"name":"wp","href":"https:\/\/api.w.org\/{rel}","templated":true}]}}