{"id":119835,"date":"2026-09-02T17:24:45","date_gmt":"2026-09-02T14:24:45","guid":{"rendered":"https:\/\/kibrisdakik.com\/?p=119835"},"modified":"2026-09-02T17:35:34","modified_gmt":"2026-09-02T14:35:34","slug":"kisi-bu-olayda-sorumlulugu-bulunanlarin-yakasini-birakmayacagiz","status":"publish","type":"post","link":"https:\/\/kibrisdakik.com\/?p=119835","title":{"rendered":"Ki\u015fi: \u201cBu olayda sorumlulu\u011fu bulunanlar\u0131n yakas\u0131n\u0131 b\u0131rakmayaca\u011f\u0131z\u201d"},"content":{"rendered":"<p style=\"font-weight: 300;\"><span style=\"font-weight: 300 !important;\">Cumhuriyet\u00e7i T\u00fcrk Partisi (CTP) Genel Sekreteri Mehmet Kale Ki\u015fi, Girne a\u00e7\u0131klar\u0131nda ya\u015fanan ve sekiz ki\u015finin hayat\u0131n\u0131 kaybetti\u011fi deniz facias\u0131n\u0131n d\u00f6rd\u00fcnc\u00fc g\u00fcn\u00fcnde yapt\u0131\u011f\u0131 a\u00e7\u0131klamada, s\u00fcrecin sonuna kadar takip\u00e7isi olacaklar\u0131n\u0131 belirterek, \u201cBu olayda sorumlulu\u011fu bulunan hi\u00e7 kimsenin yakas\u0131n\u0131 b\u0131rakmayaca\u011f\u0131z\u201d dedi.<\/span><\/p>\n<p style=\"font-weight: 300;\">\u00d6nceli\u011fin yasl\u0131 aileler, kay\u0131plara ula\u015f\u0131lmas\u0131 ve ailelerin do\u011fru bilgiye eri\u015fmesi oldu\u011funu vurgulayan Kale Ki\u015fi, bunun facian\u0131n t\u00fcm boyutlar\u0131n\u0131n sorgulanmayaca\u011f\u0131 anlam\u0131na gelmemesi gerekti\u011fini belirtti.<\/p>\n<p style=\"font-weight: 300;\">\u201cGeminin izinlendirme ve denetim s\u00fcre\u00e7leri, kaptan\u0131n ve \u015firketin sorumluluklar\u0131, en \u00f6nemlisi de idarenin sorumlulu\u011fu teknik ve hukuki a\u00e7\u0131dan ayr\u0131nt\u0131l\u0131 \u015fekilde incelenecek\u201d diyen Ki<span style=\"font-weight: 300 !important;\">\u015fi, cezai, hukuki, idari ve siyasi sorumluluklar\u0131n birbirinden ayr\u0131 \u015fekilde d\u00fc\u015f\u00fcn\u00fclemeyece\u011fini ve bir b\u00fct\u00fcn olarak ele al\u0131nmas\u0131 gerekti\u011fini belirtti.<\/span><\/p>\n<p style=\"font-weight: 300;\">-\u201cAilelerin yan\u0131nday\u0131z, hesab\u0131n pe\u015findeyiz\u201d<\/p>\n<p style=\"font-weight: 300;\">\u201cCumhuriyet\u00e7i T\u00fcrk Partisi olarak bu s\u00fcrecin sonuna kadar takip\u00e7isi olaca\u011f\u0131z. Siyasi makamlardakiler dahil, bu olayda sorumlulu\u011fu bulunan hi\u00e7 kimsenin yakas\u0131n\u0131 b\u0131rakmayaca\u011f\u0131z\u201d diyen Ki\u015fi, adli s\u00fcre\u00e7leri ve mahkeme duru\u015fmalar\u0131n\u0131 yak\u0131ndan takip ettiklerini, hukuki sorumlulu\u011fun detaylar\u0131n\u0131 incelediklerini ve gemicilik alan\u0131nda konunun uzmanlar\u0131yla sorulara bilimsel ve teknik cevaplar bulmak ad\u0131na g\u00f6r\u00fc\u015fmeler yapt\u0131klar\u0131n\u0131 kaydetti.<\/p>\n<p style=\"font-weight: 300;\">Kale Ki\u015fi, \u201cMeclis ara\u015ft\u0131rma ve soru\u015fturma kapasitesi ve idari t\u00fcm s\u00fcre\u00e7ler dahil t\u00fcm imkanlar\u0131 kullanarak ger\u00e7e\u011fin ortaya \u00e7\u0131kmas\u0131 ve sorumlular\u0131n ka\u00e7amayarak hesap vermesi i\u00e7in m\u00fccadele edece\u011fiz. Bug\u00fcn yine dayan\u0131\u015fma g\u00fcn\u00fc. Ailelerin yan\u0131nday\u0131z. Hesab\u0131n pe\u015findeyiz.\u201d dedi.<\/p>\n","protected":false},"excerpt":{"rendered":"<p>Cumhuriyet\u00e7i T\u00fcrk Partisi (CTP) Genel Sekreteri Mehmet Kale Ki\u015fi, Girne a\u00e7\u0131klar\u0131nda ya\u015fanan ve sekiz ki\u015finin hayat\u0131n\u0131 kaybetti\u011fi deniz facias\u0131n\u0131n d\u00f6rd\u00fcnc\u00fc g\u00fcn\u00fcnde yapt\u0131\u011f\u0131 a\u00e7\u0131klamada, s\u00fcrecin sonuna kadar takip\u00e7isi olacaklar\u0131n\u0131 belirterek, \u201cBu olayda sorumlulu\u011fu bulunan hi\u00e7 kimsenin yakas\u0131n\u0131 b\u0131rakmayaca\u011f\u0131z\u201d dedi. \u00d6nceli\u011fin yasl\u0131 aileler, kay\u0131plara ula\u015f\u0131lmas\u0131 ve ailelerin do\u011fru bilgiye eri\u015fmesi oldu\u011funu vurgulayan Kale Ki\u015fi, bunun facian\u0131n t\u00fcm<\/p>\n","protected":false},"author":1,"featured_media":119836,"comment_status":"open","ping_status":"open","sticky":false,"template":"","format":"standard","meta":{"footnotes":""},"categories":[1,81],"tags":[],"class_list":["post-119835","post","type-post","status-publish","format-standard","has-post-thumbnail","hentry","category-gundem","category-kibris"],"yoast_head":"<!-- This site is optimized with the Yoast SEO plugin v28.4 - https:\/\/yoast.com\/product\/yoast-seo-wordpress\/ -->\n<title>Ki\u015fi: \u201cBu olayda sorumlulu\u011fu bulunanlar\u0131n yakas\u0131n\u0131 b\u0131rakmayaca\u011f\u0131z\u201d -<\/title>\n<meta name=\"robots\" content=\"index, follow, max-snippet:-1, max-image-preview:large, max-video-preview:-1\" \/>\n<link rel=\"canonical\" href=\"https:\/\/kibrisdakik.com\/?p=119835\" \/>\n<meta property=\"og:locale\" content=\"tr_TR\" \/>\n<meta property=\"og:type\" content=\"article\" \/>\n<meta property=\"og:title\" content=\"Ki\u015fi: \u201cBu olayda sorumlulu\u011fu bulunanlar\u0131n yakas\u0131n\u0131 b\u0131rakmayaca\u011f\u0131z\u201d -\" \/>\n<meta property=\"og:description\" content=\"Cumhuriyet\u00e7i T\u00fcrk Partisi (CTP) Genel Sekreteri Mehmet Kale Ki\u015fi, Girne a\u00e7\u0131klar\u0131nda ya\u015fanan ve sekiz ki\u015finin hayat\u0131n\u0131 kaybetti\u011fi deniz facias\u0131n\u0131n d\u00f6rd\u00fcnc\u00fc g\u00fcn\u00fcnde yapt\u0131\u011f\u0131 a\u00e7\u0131klamada, s\u00fcrecin sonuna kadar takip\u00e7isi olacaklar\u0131n\u0131 belirterek, \u201cBu olayda sorumlulu\u011fu bulunan hi\u00e7 kimsenin yakas\u0131n\u0131 b\u0131rakmayaca\u011f\u0131z\u201d dedi. \u00d6nceli\u011fin yasl\u0131 aileler, kay\u0131plara ula\u015f\u0131lmas\u0131 ve ailelerin do\u011fru bilgiye eri\u015fmesi oldu\u011funu vurgulayan Kale Ki\u015fi, bunun facian\u0131n t\u00fcm\" \/>\n<meta property=\"og:url\" content=\"https:\/\/kibrisdakik.com\/?p=119835\" \/>\n<meta property=\"article:published_time\" content=\"2026-09-02T14:24:45+00:00\" \/>\n<meta property=\"article:modified_time\" content=\"2026-09-02T14:35:34+00:00\" \/>\n<meta property=\"og:image\" content=\"https:\/\/kibrisdakik.com\/wp-content\/uploads\/2026\/09\/1788356132474MEHMET_KALE_KISI-scaled.jpg\" \/>\n\t<meta property=\"og:image:width\" content=\"2560\" \/>\n\t<meta property=\"og:image:height\" content=\"1706\" \/>\n\t<meta property=\"og:image:type\" content=\"image\/jpeg\" \/>\n<meta name=\"author\" content=\"admin\" \/>\n<meta name=\"twitter:card\" content=\"summary_large_image\" \/>\n<meta name=\"twitter:label1\" content=\"Yazan:\" \/>\n\t<meta name=\"twitter:data1\" content=\"admin\" \/>\n\t<meta name=\"twitter:label2\" content=\"Tahmini okuma s\u00fcresi\" \/>\n\t<meta name=\"twitter:data2\" content=\"2 dakika\" \/>\n<script type=\"application\/ld+json\" class=\"yoast-schema-graph\">{\"@context\":\"https:\\\/\\\/schema.org\",\"@graph\":[{\"@type\":\"Article\",\"@id\":\"https:\\\/\\\/kibrisdakik.com\\\/?p=119835#article\",\"isPartOf\":{\"@id\":\"https:\\\/\\\/kibrisdakik.com\\\/?p=119835\"},\"author\":{\"name\":\"admin\",\"@id\":\"https:\\\/\\\/kibrisdakik.com\\\/#\\\/schema\\\/person\\\/9cd9d437bbb44f72b73ba127e06d8e79\"},\"headline\":\"Ki\u015fi: \u201cBu olayda sorumlulu\u011fu bulunanlar\u0131n yakas\u0131n\u0131 b\u0131rakmayaca\u011f\u0131z\u201d\",\"datePublished\":\"2026-09-02T14:24:45+00:00\",\"dateModified\":\"2026-09-02T14:35:34+00:00\",\"mainEntityOfPage\":{\"@id\":\"https:\\\/\\\/kibrisdakik.com\\\/?p=119835\"},\"wordCount\":307,\"commentCount\":0,\"publisher\":{\"@id\":\"https:\\\/\\\/kibrisdakik.com\\\/#organization\"},\"image\":{\"@id\":\"https:\\\/\\\/kibrisdakik.com\\\/?p=119835#primaryimage\"},\"thumbnailUrl\":\"https:\\\/\\\/kibrisdakik.com\\\/wp-content\\\/uploads\\\/2026\\\/09\\\/1788356132474MEHMET_KALE_KISI-scaled.jpg\",\"articleSection\":[\"G\u00fcndem\",\"K\u0131br\u0131s\"],\"inLanguage\":\"tr\",\"potentialAction\":[{\"@type\":\"CommentAction\",\"name\":\"Comment\",\"target\":[\"https:\\\/\\\/kibrisdakik.com\\\/?p=119835#respond\"]}]},{\"@type\":\"WebPage\",\"@id\":\"https:\\\/\\\/kibrisdakik.com\\\/?p=119835\",\"url\":\"https:\\\/\\\/kibrisdakik.com\\\/?p=119835\",\"name\":\"Ki\u015fi: \u201cBu olayda sorumlulu\u011fu bulunanlar\u0131n yakas\u0131n\u0131 b\u0131rakmayaca\u011f\u0131z\u201d -\",\"isPartOf\":{\"@id\":\"https:\\\/\\\/kibrisdakik.com\\\/#website\"},\"primaryImageOfPage\":{\"@id\":\"https:\\\/\\\/kibrisdakik.com\\\/?p=119835#primaryimage\"},\"image\":{\"@id\":\"https:\\\/\\\/kibrisdakik.com\\\/?p=119835#primaryimage\"},\"thumbnailUrl\":\"https:\\\/\\\/kibrisdakik.com\\\/wp-content\\\/uploads\\\/2026\\\/09\\\/1788356132474MEHMET_KALE_KISI-scaled.jpg\",\"datePublished\":\"2026-09-02T14:24:45+00:00\",\"dateModified\":\"2026-09-02T14:35:34+00:00\",\"breadcrumb\":{\"@id\":\"https:\\\/\\\/kibrisdakik.com\\\/?p=119835#breadcrumb\"},\"inLanguage\":\"tr\",\"potentialAction\":[{\"@type\":\"ReadAction\",\"target\":[\"https:\\\/\\\/kibrisdakik.com\\\/?p=119835\"]}]},{\"@type\":\"ImageObject\",\"inLanguage\":\"tr\",\"@id\":\"https:\\\/\\\/kibrisdakik.com\\\/?p=119835#primaryimage\",\"url\":\"https:\\\/\\\/kibrisdakik.com\\\/wp-content\\\/uploads\\\/2026\\\/09\\\/1788356132474MEHMET_KALE_KISI-scaled.jpg\",\"contentUrl\":\"https:\\\/\\\/kibrisdakik.com\\\/wp-content\\\/uploads\\\/2026\\\/09\\\/1788356132474MEHMET_KALE_KISI-scaled.jpg\",\"width\":2560,\"height\":1706},{\"@type\":\"BreadcrumbList\",\"@id\":\"https:\\\/\\\/kibrisdakik.com\\\/?p=119835#breadcrumb\",\"itemListElement\":[{\"@type\":\"ListItem\",\"position\":1,\"name\":\"Home\",\"item\":\"https:\\\/\\\/kibrisdakik.com\\\/\"},{\"@type\":\"ListItem\",\"position\":2,\"name\":\"Ki\u015fi: \u201cBu olayda sorumlulu\u011fu bulunanlar\u0131n yakas\u0131n\u0131 b\u0131rakmayaca\u011f\u0131z\u201d\"}]},{\"@type\":\"WebSite\",\"@id\":\"https:\\\/\\\/kibrisdakik.com\\\/#website\",\"url\":\"https:\\\/\\\/kibrisdakik.com\\\/\",\"name\":\"K\u0131br\u0131s Dakik\",\"description\":\"Tam vaktinde haber\",\"publisher\":{\"@id\":\"https:\\\/\\\/kibrisdakik.com\\\/#organization\"},\"potentialAction\":[{\"@type\":\"SearchAction\",\"target\":{\"@type\":\"EntryPoint\",\"urlTemplate\":\"https:\\\/\\\/kibrisdakik.com\\\/?s={search_term_string}\"},\"query-input\":{\"@type\":\"PropertyValueSpecification\",\"valueRequired\":true,\"valueName\":\"search_term_string\"}}],\"inLanguage\":\"tr\"},{\"@type\":\"Organization\",\"@id\":\"https:\\\/\\\/kibrisdakik.com\\\/#organization\",\"name\":\"K\u0131br\u0131s Dakik\",\"url\":\"https:\\\/\\\/kibrisdakik.com\\\/\",\"logo\":{\"@type\":\"ImageObject\",\"inLanguage\":\"tr\",\"@id\":\"https:\\\/\\\/kibrisdakik.com\\\/#\\\/schema\\\/logo\\\/image\\\/\",\"url\":\"https:\\\/\\\/kibrisdakik.com\\\/wp-content\\\/uploads\\\/2025\\\/10\\\/cropped-WhatsApp-Image-2025-10-02-at-12.58.31.jpeg\",\"contentUrl\":\"https:\\\/\\\/kibrisdakik.com\\\/wp-content\\\/uploads\\\/2025\\\/10\\\/cropped-WhatsApp-Image-2025-10-02-at-12.58.31.jpeg\",\"width\":1237,\"height\":190,\"caption\":\"K\u0131br\u0131s Dakik\"},\"image\":{\"@id\":\"https:\\\/\\\/kibrisdakik.com\\\/#\\\/schema\\\/logo\\\/image\\\/\"}},{\"@type\":\"Person\",\"@id\":\"https:\\\/\\\/kibrisdakik.com\\\/#\\\/schema\\\/person\\\/9cd9d437bbb44f72b73ba127e06d8e79\",\"name\":\"admin\",\"image\":{\"@type\":\"ImageObject\",\"inLanguage\":\"tr\",\"@id\":\"https:\\\/\\\/secure.gravatar.com\\\/avatar\\\/ccc17943b9d660506c869530f897617f7cb1c21a4bf30023f252596d83e1f007?s=96&d=mm&r=g\",\"url\":\"https:\\\/\\\/secure.gravatar.com\\\/avatar\\\/ccc17943b9d660506c869530f897617f7cb1c21a4bf30023f252596d83e1f007?s=96&d=mm&r=g\",\"contentUrl\":\"https:\\\/\\\/secure.gravatar.com\\\/avatar\\\/ccc17943b9d660506c869530f897617f7cb1c21a4bf30023f252596d83e1f007?s=96&d=mm&r=g\",\"caption\":\"admin\"},\"sameAs\":[\"https:\\\/\\\/kibrisdakik.com\"],\"url\":\"https:\\\/\\\/kibrisdakik.com\\\/?author=1\"}]}<\/script>\n<!-- \/ Yoast SEO plugin. -->","yoast_head_json":{"title":"Ki\u015fi: \u201cBu olayda sorumlulu\u011fu bulunanlar\u0131n yakas\u0131n\u0131 b\u0131rakmayaca\u011f\u0131z\u201d -","robots":{"index":"index","follow":"follow","max-snippet":"max-snippet:-1","max-image-preview":"max-image-preview:large","max-video-preview":"max-video-preview:-1"},"canonical":"https:\/\/kibrisdakik.com\/?p=119835","og_locale":"tr_TR","og_type":"article","og_title":"Ki\u015fi: \u201cBu olayda sorumlulu\u011fu bulunanlar\u0131n yakas\u0131n\u0131 b\u0131rakmayaca\u011f\u0131z\u201d -","og_description":"Cumhuriyet\u00e7i T\u00fcrk Partisi (CTP) Genel Sekreteri Mehmet Kale Ki\u015fi, Girne a\u00e7\u0131klar\u0131nda ya\u015fanan ve sekiz ki\u015finin hayat\u0131n\u0131 kaybetti\u011fi deniz facias\u0131n\u0131n d\u00f6rd\u00fcnc\u00fc g\u00fcn\u00fcnde yapt\u0131\u011f\u0131 a\u00e7\u0131klamada, s\u00fcrecin sonuna kadar takip\u00e7isi olacaklar\u0131n\u0131 belirterek, \u201cBu olayda sorumlulu\u011fu bulunan hi\u00e7 kimsenin yakas\u0131n\u0131 b\u0131rakmayaca\u011f\u0131z\u201d dedi. \u00d6nceli\u011fin yasl\u0131 aileler, kay\u0131plara ula\u015f\u0131lmas\u0131 ve ailelerin do\u011fru bilgiye eri\u015fmesi oldu\u011funu vurgulayan Kale Ki\u015fi, bunun facian\u0131n t\u00fcm","og_url":"https:\/\/kibrisdakik.com\/?p=119835","article_published_time":"2026-09-02T14:24:45+00:00","article_modified_time":"2026-09-02T14:35:34+00:00","og_image":[{"width":2560,"height":1706,"url":"https:\/\/kibrisdakik.com\/wp-content\/uploads\/2026\/09\/1788356132474MEHMET_KALE_KISI-scaled.jpg","type":"image\/jpeg"}],"author":"admin","twitter_card":"summary_large_image","twitter_misc":{"Yazan:":"admin","Tahmini okuma s\u00fcresi":"2 dakika"},"schema":{"@context":"https:\/\/schema.org","@graph":[{"@type":"Article","@id":"https:\/\/kibrisdakik.com\/?p=119835#article","isPartOf":{"@id":"https:\/\/kibrisdakik.com\/?p=119835"},"author":{"name":"admin","@id":"https:\/\/kibrisdakik.com\/#\/schema\/person\/9cd9d437bbb44f72b73ba127e06d8e79"},"headline":"Ki\u015fi: \u201cBu olayda sorumlulu\u011fu bulunanlar\u0131n yakas\u0131n\u0131 b\u0131rakmayaca\u011f\u0131z\u201d","datePublished":"2026-09-02T14:24:45+00:00","dateModified":"2026-09-02T14:35:34+00:00","mainEntityOfPage":{"@id":"https:\/\/kibrisdakik.com\/?p=119835"},"wordCount":307,"commentCount":0,"publisher":{"@id":"https:\/\/kibrisdakik.com\/#organization"},"image":{"@id":"https:\/\/kibrisdakik.com\/?p=119835#primaryimage"},"thumbnailUrl":"https:\/\/kibrisdakik.com\/wp-content\/uploads\/2026\/09\/1788356132474MEHMET_KALE_KISI-scaled.jpg","articleSection":["G\u00fcndem","K\u0131br\u0131s"],"inLanguage":"tr","potentialAction":[{"@type":"CommentAction","name":"Comment","target":["https:\/\/kibrisdakik.com\/?p=119835#respond"]}]},{"@type":"WebPage","@id":"https:\/\/kibrisdakik.com\/?p=119835","url":"https:\/\/kibrisdakik.com\/?p=119835","name":"Ki\u015fi: \u201cBu olayda sorumlulu\u011fu bulunanlar\u0131n yakas\u0131n\u0131 b\u0131rakmayaca\u011f\u0131z\u201d -","isPartOf":{"@id":"https:\/\/kibrisdakik.com\/#website"},"primaryImageOfPage":{"@id":"https:\/\/kibrisdakik.com\/?p=119835#primaryimage"},"image":{"@id":"https:\/\/kibrisdakik.com\/?p=119835#primaryimage"},"thumbnailUrl":"https:\/\/kibrisdakik.com\/wp-content\/uploads\/2026\/09\/1788356132474MEHMET_KALE_KISI-scaled.jpg","datePublished":"2026-09-02T14:24:45+00:00","dateModified":"2026-09-02T14:35:34+00:00","breadcrumb":{"@id":"https:\/\/kibrisdakik.com\/?p=119835#breadcrumb"},"inLanguage":"tr","potentialAction":[{"@type":"ReadAction","target":["https:\/\/kibrisdakik.com\/?p=119835"]}]},{"@type":"ImageObject","inLanguage":"tr","@id":"https:\/\/kibrisdakik.com\/?p=119835#primaryimage","url":"https:\/\/kibrisdakik.com\/wp-content\/uploads\/2026\/09\/1788356132474MEHMET_KALE_KISI-scaled.jpg","contentUrl":"https:\/\/kibrisdakik.com\/wp-content\/uploads\/2026\/09\/1788356132474MEHMET_KALE_KISI-scaled.jpg","width":2560,"height":1706},{"@type":"BreadcrumbList","@id":"https:\/\/kibrisdakik.com\/?p=119835#breadcrumb","itemListElement":[{"@type":"ListItem","position":1,"name":"Home","item":"https:\/\/kibrisdakik.com\/"},{"@type":"ListItem","position":2,"name":"Ki\u015fi: \u201cBu olayda sorumlulu\u011fu bulunanlar\u0131n yakas\u0131n\u0131 b\u0131rakmayaca\u011f\u0131z\u201d"}]},{"@type":"WebSite","@id":"https:\/\/kibrisdakik.com\/#website","url":"https:\/\/kibrisdakik.com\/","name":"K\u0131br\u0131s Dakik","description":"Tam vaktinde haber","publisher":{"@id":"https:\/\/kibrisdakik.com\/#organization"},"potentialAction":[{"@type":"SearchAction","target":{"@type":"EntryPoint","urlTemplate":"https:\/\/kibrisdakik.com\/?s={search_term_string}"},"query-input":{"@type":"PropertyValueSpecification","valueRequired":true,"valueName":"search_term_string"}}],"inLanguage":"tr"},{"@type":"Organization","@id":"https:\/\/kibrisdakik.com\/#organization","name":"K\u0131br\u0131s Dakik","url":"https:\/\/kibrisdakik.com\/","logo":{"@type":"ImageObject","inLanguage":"tr","@id":"https:\/\/kibrisdakik.com\/#\/schema\/logo\/image\/","url":"https:\/\/kibrisdakik.com\/wp-content\/uploads\/2025\/10\/cropped-WhatsApp-Image-2025-10-02-at-12.58.31.jpeg","contentUrl":"https:\/\/kibrisdakik.com\/wp-content\/uploads\/2025\/10\/cropped-WhatsApp-Image-2025-10-02-at-12.58.31.jpeg","width":1237,"height":190,"caption":"K\u0131br\u0131s Dakik"},"image":{"@id":"https:\/\/kibrisdakik.com\/#\/schema\/logo\/image\/"}},{"@type":"Person","@id":"https:\/\/kibrisdakik.com\/#\/schema\/person\/9cd9d437bbb44f72b73ba127e06d8e79","name":"admin","image":{"@type":"ImageObject","inLanguage":"tr","@id":"https:\/\/secure.gravatar.com\/avatar\/ccc17943b9d660506c869530f897617f7cb1c21a4bf30023f252596d83e1f007?s=96&d=mm&r=g","url":"https:\/\/secure.gravatar.com\/avatar\/ccc17943b9d660506c869530f897617f7cb1c21a4bf30023f252596d83e1f007?s=96&d=mm&r=g","contentUrl":"https:\/\/secure.gravatar.com\/avatar\/ccc17943b9d660506c869530f897617f7cb1c21a4bf30023f252596d83e1f007?s=96&d=mm&r=g","caption":"admin"},"sameAs":["https:\/\/kibrisdakik.com"],"url":"https:\/\/kibrisdakik.com\/?author=1"}]}},"_links":{"self":[{"href":"https:\/\/kibrisdakik.com\/index.php?rest_route=\/wp\/v2\/posts\/119835","targetHints":{"allow":["GET"]}}],"collection":[{"href":"https:\/\/kibrisdakik.com\/index.php?rest_route=\/wp\/v2\/posts"}],"about":[{"href":"https:\/\/kibrisdakik.com\/index.php?rest_route=\/wp\/v2\/types\/post"}],"author":[{"embeddable":true,"href":"https:\/\/kibrisdakik.com\/index.php?rest_route=\/wp\/v2\/users\/1"}],"replies":[{"embeddable":true,"href":"https:\/\/kibrisdakik.com\/index.php?rest_route=%2Fwp%2Fv2%2Fcomments&post=119835"}],"version-history":[{"count":1,"href":"https:\/\/kibrisdakik.com\/index.php?rest_route=\/wp\/v2\/posts\/119835\/revisions"}],"predecessor-version":[{"id":119837,"href":"https:\/\/kibrisdakik.com\/index.php?rest_route=\/wp\/v2\/posts\/119835\/revisions\/119837"}],"wp:featuredmedia":[{"embeddable":true,"href":"https:\/\/kibrisdakik.com\/index.php?rest_route=\/wp\/v2\/media\/119836"}],"wp:attachment":[{"href":"https:\/\/kibrisdakik.com\/index.php?rest_route=%2Fwp%2Fv2%2Fmedia&parent=119835"}],"wp:term":[{"taxonomy":"category","embeddable":true,"href":"https:\/\/kibrisdakik.com\/index.php?rest_route=%2Fwp%2Fv2%2Fcategories&post=119835"},{"taxonomy":"post_tag","embeddable":true,"href":"https:\/\/kibrisdakik.com\/index.php?rest_route=%2Fwp%2Fv2%2Ftags&post=119835"}],"curies":[{"name":"wp","href":"https:\/\/api.w.org\/{rel}","templated":true}]}}