{"id":119838,"date":"2026-09-02T17:40:55","date_gmt":"2026-09-02T14:40:55","guid":{"rendered":"https:\/\/kibrisdakik.com\/?p=119838"},"modified":"2026-09-02T17:40:55","modified_gmt":"2026-09-02T14:40:55","slug":"arikli-sorusturmanin-selameti-icin-limanlar-dairesinin-basbakanliga-baglanmasini-talep-edecegim","status":"publish","type":"post","link":"https:\/\/kibrisdakik.com\/?p=119838","title":{"rendered":"ARIKLI: SORU\u015eTURMANIN SELAMET\u0130 \u0130\u00c7\u0130N L\u0130MANLAR DA\u0130RES\u0130\u2019N\u0130N BA\u015eBAKANLI\u011eA BA\u011eLANMASINI TALEP EDECE\u011e\u0130M"},"content":{"rendered":"<p><\/p>\n<div data-text-id=\"207194\" property=\"articleBody\">\n<p>Ula\u015ft\u0131rma ve Bay\u0131nd\u0131rl\u0131k Bakan\u0131 Erhan Ar\u0131kl\u0131, T\u00fcrkiye Ula\u015ft\u0131rma ve Altyap\u0131 Bakanl\u0131\u011f\u0131 taraf\u0131ndan g\u00f6revlendirilen Kaza K\u0131r\u0131m Ekibi\u2019nin Girne a\u00e7\u0131klar\u0131nda meydana gelen gemi kazas\u0131na ili\u015fkin soru\u015fturma ve inceleme yapmak \u00fczere KKTC\u2019ye geldi\u011fini belirterek, soru\u015fturman\u0131n selameti a\u00e7\u0131s\u0131ndan bir dizi karar ald\u0131\u011f\u0131n\u0131 a\u00e7\u0131klad\u0131.<\/p>\n<p>Ar\u0131kl\u0131, sosyal medya hesab\u0131ndan yapt\u0131\u011f\u0131 \u201cZaruri Bir A\u00e7\u0131klama\u201d ba\u015fl\u0131kl\u0131 payla\u015f\u0131m\u0131nda, T\u00fcrkiye Ula\u015ft\u0131rma ve Altyap\u0131 Bakanl\u0131\u011f\u0131n\u0131n g\u00f6revlendirdi\u011fi Kaza K\u0131r\u0131m Ekibi\u2019nin soru\u015fturma ve inceleme amac\u0131yla \u00fclkeye geldi\u011fini ifade etti.<\/p>\n<p>Soru\u015fturman\u0131n selameti a\u00e7\u0131s\u0131ndan, soru\u015fturma tamamlan\u0131ncaya kadar <strong>Limanlar Dairesi\u2019nin Ula\u015ft\u0131rma ve Bay\u0131nd\u0131rl\u0131k Bakanl\u0131\u011f\u0131ndan al\u0131narak Ba\u015fbakanl\u0131\u011fa ba\u011flanmas\u0131 i\u00e7in yar\u0131n Ba\u015fbakanl\u0131\u011fa m\u00fcracaat edece\u011fini<\/strong> a\u00e7\u0131klayan Ar\u0131kl\u0131, b\u00f6ylece soru\u015fturma s\u00fcrecinin daha sa\u011fl\u0131kl\u0131 y\u00fcr\u00fct\u00fclmesine katk\u0131 sa\u011flanmas\u0131n\u0131n ama\u00e7land\u0131\u011f\u0131n\u0131 belirtti.<\/p>\n<p>Ar\u0131kl\u0131 ayr\u0131ca, gemi kazas\u0131yla ilgili hukuki veya adli bir sorumlulu\u011funun bulunmas\u0131 halinde, adli makamlar\u0131n konuya ili\u015fkin i\u015flemleri herhangi bir engelle kar\u015f\u0131la\u015fmadan y\u00fcr\u00fctebilmesi amac\u0131yla <strong>dokunulmazl\u0131\u011f\u0131n\u0131n kald\u0131r\u0131lmas\u0131 i\u00e7in Cumhuriyet Meclisine ba\u015fvuraca\u011f\u0131n\u0131<\/strong> a\u00e7\u0131klad\u0131.<\/p>\n<p>Ar\u0131kl\u0131 a\u00e7\u0131klamas\u0131nda, \u201cAyr\u0131ca gemi kazas\u0131nda hukuki ve adli bir sorumlulu\u011fumuz varsa, adli makamlar\u0131n bu konuda rahat hareket edebilmesi ve gerekti\u011finde ifademin al\u0131n\u0131p yarg\u0131ya ta\u015f\u0131nabilmesi i\u00e7in, yar\u0131n Cumhuriyet Meclisine ba\u015fvurup dokunulmazl\u0131\u011f\u0131m\u0131n kald\u0131r\u0131lmas\u0131n\u0131 isteyece\u011fim\u201d ifadelerini kulland\u0131.<\/p>\n<p>Bu talebinin yap\u0131lacak ilk Ola\u011fan\u00fcst\u00fc Meclis Birle\u015fimi\u2019nde g\u00f6r\u00fc\u015f\u00fclmesini de talep edece\u011fini belirten Ar\u0131kl\u0131, karar\u0131n\u0131n ard\u0131ndan yar\u0131n \u201cH\u00fck\u00fcmetten \u00c7ekilme\u201d g\u00fcndemiyle toplanmas\u0131 planlanan Parti Meclisi toplant\u0131s\u0131n\u0131n da ileri bir tarihe ertelenece\u011fini duyurdu.<\/p>\n<p>Ar\u0131kl\u0131 a\u00e7\u0131klamas\u0131n\u0131n sonunda, \u201cKamuoyuna sayg\u0131 ile duyurulur\u201d ifadelerine yer verdi.<\/p>\n<p>\u0130stersen bunun ard\u0131ndan <strong>15 g\u00fc\u00e7l\u00fc man\u015fet + 1 spot<\/strong> da haz\u0131rlayabilirim.<\/p>\n<\/p><\/div>\n","protected":false},"excerpt":{"rendered":"<p>Ula\u015ft\u0131rma ve Bay\u0131nd\u0131rl\u0131k Bakan\u0131 Erhan Ar\u0131kl\u0131, T\u00fcrkiye Ula\u015ft\u0131rma ve Altyap\u0131 Bakanl\u0131\u011f\u0131 taraf\u0131ndan g\u00f6revlendirilen Kaza K\u0131r\u0131m Ekibi\u2019nin Girne a\u00e7\u0131klar\u0131nda meydana gelen gemi kazas\u0131na ili\u015fkin soru\u015fturma ve inceleme yapmak \u00fczere KKTC\u2019ye geldi\u011fini belirterek, soru\u015fturman\u0131n selameti a\u00e7\u0131s\u0131ndan bir dizi karar ald\u0131\u011f\u0131n\u0131 a\u00e7\u0131klad\u0131. Ar\u0131kl\u0131, sosyal medya hesab\u0131ndan yapt\u0131\u011f\u0131 \u201cZaruri Bir A\u00e7\u0131klama\u201d ba\u015fl\u0131kl\u0131 payla\u015f\u0131m\u0131nda, T\u00fcrkiye Ula\u015ft\u0131rma ve Altyap\u0131 Bakanl\u0131\u011f\u0131n\u0131n g\u00f6revlendirdi\u011fi<\/p>\n","protected":false},"author":1,"featured_media":119839,"comment_status":"open","ping_status":"open","sticky":false,"template":"","format":"standard","meta":{"footnotes":""},"categories":[81],"tags":[],"class_list":["post-119838","post","type-post","status-publish","format-standard","has-post-thumbnail","hentry","category-kibris"],"yoast_head":"<!-- This site is optimized with the Yoast SEO plugin v28.4 - https:\/\/yoast.com\/product\/yoast-seo-wordpress\/ -->\n<title>ARIKLI: SORU\u015eTURMANIN SELAMET\u0130 \u0130\u00c7\u0130N L\u0130MANLAR DA\u0130RES\u0130\u2019N\u0130N BA\u015eBAKANLI\u011eA BA\u011eLANMASINI TALEP EDECE\u011e\u0130M -<\/title>\n<meta name=\"robots\" content=\"index, follow, max-snippet:-1, max-image-preview:large, max-video-preview:-1\" \/>\n<link rel=\"canonical\" href=\"https:\/\/kibrisdakik.com\/?p=119838\" \/>\n<meta property=\"og:locale\" content=\"tr_TR\" \/>\n<meta property=\"og:type\" content=\"article\" \/>\n<meta property=\"og:title\" content=\"ARIKLI: SORU\u015eTURMANIN SELAMET\u0130 \u0130\u00c7\u0130N L\u0130MANLAR DA\u0130RES\u0130\u2019N\u0130N BA\u015eBAKANLI\u011eA BA\u011eLANMASINI TALEP EDECE\u011e\u0130M -\" \/>\n<meta property=\"og:description\" content=\"Ula\u015ft\u0131rma ve Bay\u0131nd\u0131rl\u0131k Bakan\u0131 Erhan Ar\u0131kl\u0131, T\u00fcrkiye Ula\u015ft\u0131rma ve Altyap\u0131 Bakanl\u0131\u011f\u0131 taraf\u0131ndan g\u00f6revlendirilen Kaza K\u0131r\u0131m Ekibi\u2019nin Girne a\u00e7\u0131klar\u0131nda meydana gelen gemi kazas\u0131na ili\u015fkin soru\u015fturma ve inceleme yapmak \u00fczere KKTC\u2019ye geldi\u011fini belirterek, soru\u015fturman\u0131n selameti a\u00e7\u0131s\u0131ndan bir dizi karar ald\u0131\u011f\u0131n\u0131 a\u00e7\u0131klad\u0131. Ar\u0131kl\u0131, sosyal medya hesab\u0131ndan yapt\u0131\u011f\u0131 \u201cZaruri Bir A\u00e7\u0131klama\u201d ba\u015fl\u0131kl\u0131 payla\u015f\u0131m\u0131nda, T\u00fcrkiye Ula\u015ft\u0131rma ve Altyap\u0131 Bakanl\u0131\u011f\u0131n\u0131n g\u00f6revlendirdi\u011fi\" \/>\n<meta property=\"og:url\" content=\"https:\/\/kibrisdakik.com\/?p=119838\" \/>\n<meta property=\"article:published_time\" content=\"2026-09-02T14:40:55+00:00\" \/>\n<meta property=\"og:image\" content=\"https:\/\/mhahabercom.teimg.com\/crop\/1280x720\/mhahaber-com\/uploads\/2026\/09\/mha-sari-beyaz-7693.png\" \/>\n<meta name=\"author\" content=\"admin\" \/>\n<meta name=\"twitter:card\" content=\"summary_large_image\" \/>\n<meta name=\"twitter:label1\" content=\"Yazan:\" \/>\n\t<meta name=\"twitter:data1\" content=\"admin\" \/>\n\t<meta name=\"twitter:label2\" content=\"Tahmini okuma s\u00fcresi\" \/>\n\t<meta name=\"twitter:data2\" content=\"2 dakika\" \/>\n<script type=\"application\/ld+json\" class=\"yoast-schema-graph\">{\"@context\":\"https:\\\/\\\/schema.org\",\"@graph\":[{\"@type\":\"Article\",\"@id\":\"https:\\\/\\\/kibrisdakik.com\\\/?p=119838#article\",\"isPartOf\":{\"@id\":\"https:\\\/\\\/kibrisdakik.com\\\/?p=119838\"},\"author\":{\"name\":\"admin\",\"@id\":\"https:\\\/\\\/kibrisdakik.com\\\/#\\\/schema\\\/person\\\/9cd9d437bbb44f72b73ba127e06d8e79\"},\"headline\":\"ARIKLI: SORU\u015eTURMANIN SELAMET\u0130 \u0130\u00c7\u0130N L\u0130MANLAR DA\u0130RES\u0130\u2019N\u0130N BA\u015eBAKANLI\u011eA BA\u011eLANMASINI TALEP EDECE\u011e\u0130M\",\"datePublished\":\"2026-09-02T14:40:55+00:00\",\"mainEntityOfPage\":{\"@id\":\"https:\\\/\\\/kibrisdakik.com\\\/?p=119838\"},\"wordCount\":383,\"commentCount\":0,\"publisher\":{\"@id\":\"https:\\\/\\\/kibrisdakik.com\\\/#organization\"},\"image\":{\"@id\":\"https:\\\/\\\/kibrisdakik.com\\\/?p=119838#primaryimage\"},\"thumbnailUrl\":\"https:\\\/\\\/kibrisdakik.com\\\/wp-content\\\/uploads\\\/2026\\\/09\\\/mha-sari-beyaz-7693.png\",\"articleSection\":[\"K\u0131br\u0131s\"],\"inLanguage\":\"tr\",\"potentialAction\":[{\"@type\":\"CommentAction\",\"name\":\"Comment\",\"target\":[\"https:\\\/\\\/kibrisdakik.com\\\/?p=119838#respond\"]}]},{\"@type\":\"WebPage\",\"@id\":\"https:\\\/\\\/kibrisdakik.com\\\/?p=119838\",\"url\":\"https:\\\/\\\/kibrisdakik.com\\\/?p=119838\",\"name\":\"ARIKLI: SORU\u015eTURMANIN SELAMET\u0130 \u0130\u00c7\u0130N L\u0130MANLAR DA\u0130RES\u0130\u2019N\u0130N BA\u015eBAKANLI\u011eA BA\u011eLANMASINI TALEP EDECE\u011e\u0130M -\",\"isPartOf\":{\"@id\":\"https:\\\/\\\/kibrisdakik.com\\\/#website\"},\"primaryImageOfPage\":{\"@id\":\"https:\\\/\\\/kibrisdakik.com\\\/?p=119838#primaryimage\"},\"image\":{\"@id\":\"https:\\\/\\\/kibrisdakik.com\\\/?p=119838#primaryimage\"},\"thumbnailUrl\":\"https:\\\/\\\/kibrisdakik.com\\\/wp-content\\\/uploads\\\/2026\\\/09\\\/mha-sari-beyaz-7693.png\",\"datePublished\":\"2026-09-02T14:40:55+00:00\",\"breadcrumb\":{\"@id\":\"https:\\\/\\\/kibrisdakik.com\\\/?p=119838#breadcrumb\"},\"inLanguage\":\"tr\",\"potentialAction\":[{\"@type\":\"ReadAction\",\"target\":[\"https:\\\/\\\/kibrisdakik.com\\\/?p=119838\"]}]},{\"@type\":\"ImageObject\",\"inLanguage\":\"tr\",\"@id\":\"https:\\\/\\\/kibrisdakik.com\\\/?p=119838#primaryimage\",\"url\":\"https:\\\/\\\/kibrisdakik.com\\\/wp-content\\\/uploads\\\/2026\\\/09\\\/mha-sari-beyaz-7693.png\",\"contentUrl\":\"https:\\\/\\\/kibrisdakik.com\\\/wp-content\\\/uploads\\\/2026\\\/09\\\/mha-sari-beyaz-7693.png\",\"width\":1280,\"height\":720},{\"@type\":\"BreadcrumbList\",\"@id\":\"https:\\\/\\\/kibrisdakik.com\\\/?p=119838#breadcrumb\",\"itemListElement\":[{\"@type\":\"ListItem\",\"position\":1,\"name\":\"Home\",\"item\":\"https:\\\/\\\/kibrisdakik.com\\\/\"},{\"@type\":\"ListItem\",\"position\":2,\"name\":\"ARIKLI: SORU\u015eTURMANIN SELAMET\u0130 \u0130\u00c7\u0130N L\u0130MANLAR DA\u0130RES\u0130\u2019N\u0130N BA\u015eBAKANLI\u011eA BA\u011eLANMASINI TALEP EDECE\u011e\u0130M\"}]},{\"@type\":\"WebSite\",\"@id\":\"https:\\\/\\\/kibrisdakik.com\\\/#website\",\"url\":\"https:\\\/\\\/kibrisdakik.com\\\/\",\"name\":\"K\u0131br\u0131s Dakik\",\"description\":\"Tam vaktinde haber\",\"publisher\":{\"@id\":\"https:\\\/\\\/kibrisdakik.com\\\/#organization\"},\"potentialAction\":[{\"@type\":\"SearchAction\",\"target\":{\"@type\":\"EntryPoint\",\"urlTemplate\":\"https:\\\/\\\/kibrisdakik.com\\\/?s={search_term_string}\"},\"query-input\":{\"@type\":\"PropertyValueSpecification\",\"valueRequired\":true,\"valueName\":\"search_term_string\"}}],\"inLanguage\":\"tr\"},{\"@type\":\"Organization\",\"@id\":\"https:\\\/\\\/kibrisdakik.com\\\/#organization\",\"name\":\"K\u0131br\u0131s Dakik\",\"url\":\"https:\\\/\\\/kibrisdakik.com\\\/\",\"logo\":{\"@type\":\"ImageObject\",\"inLanguage\":\"tr\",\"@id\":\"https:\\\/\\\/kibrisdakik.com\\\/#\\\/schema\\\/logo\\\/image\\\/\",\"url\":\"https:\\\/\\\/kibrisdakik.com\\\/wp-content\\\/uploads\\\/2025\\\/10\\\/cropped-WhatsApp-Image-2025-10-02-at-12.58.31.jpeg\",\"contentUrl\":\"https:\\\/\\\/kibrisdakik.com\\\/wp-content\\\/uploads\\\/2025\\\/10\\\/cropped-WhatsApp-Image-2025-10-02-at-12.58.31.jpeg\",\"width\":1237,\"height\":190,\"caption\":\"K\u0131br\u0131s Dakik\"},\"image\":{\"@id\":\"https:\\\/\\\/kibrisdakik.com\\\/#\\\/schema\\\/logo\\\/image\\\/\"}},{\"@type\":\"Person\",\"@id\":\"https:\\\/\\\/kibrisdakik.com\\\/#\\\/schema\\\/person\\\/9cd9d437bbb44f72b73ba127e06d8e79\",\"name\":\"admin\",\"image\":{\"@type\":\"ImageObject\",\"inLanguage\":\"tr\",\"@id\":\"https:\\\/\\\/secure.gravatar.com\\\/avatar\\\/ccc17943b9d660506c869530f897617f7cb1c21a4bf30023f252596d83e1f007?s=96&d=mm&r=g\",\"url\":\"https:\\\/\\\/secure.gravatar.com\\\/avatar\\\/ccc17943b9d660506c869530f897617f7cb1c21a4bf30023f252596d83e1f007?s=96&d=mm&r=g\",\"contentUrl\":\"https:\\\/\\\/secure.gravatar.com\\\/avatar\\\/ccc17943b9d660506c869530f897617f7cb1c21a4bf30023f252596d83e1f007?s=96&d=mm&r=g\",\"caption\":\"admin\"},\"sameAs\":[\"https:\\\/\\\/kibrisdakik.com\"],\"url\":\"https:\\\/\\\/kibrisdakik.com\\\/?author=1\"}]}<\/script>\n<!-- \/ Yoast SEO plugin. -->","yoast_head_json":{"title":"ARIKLI: SORU\u015eTURMANIN SELAMET\u0130 \u0130\u00c7\u0130N L\u0130MANLAR DA\u0130RES\u0130\u2019N\u0130N BA\u015eBAKANLI\u011eA BA\u011eLANMASINI TALEP EDECE\u011e\u0130M -","robots":{"index":"index","follow":"follow","max-snippet":"max-snippet:-1","max-image-preview":"max-image-preview:large","max-video-preview":"max-video-preview:-1"},"canonical":"https:\/\/kibrisdakik.com\/?p=119838","og_locale":"tr_TR","og_type":"article","og_title":"ARIKLI: SORU\u015eTURMANIN SELAMET\u0130 \u0130\u00c7\u0130N L\u0130MANLAR DA\u0130RES\u0130\u2019N\u0130N BA\u015eBAKANLI\u011eA BA\u011eLANMASINI TALEP EDECE\u011e\u0130M -","og_description":"Ula\u015ft\u0131rma ve Bay\u0131nd\u0131rl\u0131k Bakan\u0131 Erhan Ar\u0131kl\u0131, T\u00fcrkiye Ula\u015ft\u0131rma ve Altyap\u0131 Bakanl\u0131\u011f\u0131 taraf\u0131ndan g\u00f6revlendirilen Kaza K\u0131r\u0131m Ekibi\u2019nin Girne a\u00e7\u0131klar\u0131nda meydana gelen gemi kazas\u0131na ili\u015fkin soru\u015fturma ve inceleme yapmak \u00fczere KKTC\u2019ye geldi\u011fini belirterek, soru\u015fturman\u0131n selameti a\u00e7\u0131s\u0131ndan bir dizi karar ald\u0131\u011f\u0131n\u0131 a\u00e7\u0131klad\u0131. Ar\u0131kl\u0131, sosyal medya hesab\u0131ndan yapt\u0131\u011f\u0131 \u201cZaruri Bir A\u00e7\u0131klama\u201d ba\u015fl\u0131kl\u0131 payla\u015f\u0131m\u0131nda, T\u00fcrkiye Ula\u015ft\u0131rma ve Altyap\u0131 Bakanl\u0131\u011f\u0131n\u0131n g\u00f6revlendirdi\u011fi","og_url":"https:\/\/kibrisdakik.com\/?p=119838","article_published_time":"2026-09-02T14:40:55+00:00","og_image":[{"url":"https:\/\/mhahabercom.teimg.com\/crop\/1280x720\/mhahaber-com\/uploads\/2026\/09\/mha-sari-beyaz-7693.png","type":"","width":"","height":""}],"author":"admin","twitter_card":"summary_large_image","twitter_misc":{"Yazan:":"admin","Tahmini okuma s\u00fcresi":"2 dakika"},"schema":{"@context":"https:\/\/schema.org","@graph":[{"@type":"Article","@id":"https:\/\/kibrisdakik.com\/?p=119838#article","isPartOf":{"@id":"https:\/\/kibrisdakik.com\/?p=119838"},"author":{"name":"admin","@id":"https:\/\/kibrisdakik.com\/#\/schema\/person\/9cd9d437bbb44f72b73ba127e06d8e79"},"headline":"ARIKLI: SORU\u015eTURMANIN SELAMET\u0130 \u0130\u00c7\u0130N L\u0130MANLAR DA\u0130RES\u0130\u2019N\u0130N BA\u015eBAKANLI\u011eA BA\u011eLANMASINI TALEP EDECE\u011e\u0130M","datePublished":"2026-09-02T14:40:55+00:00","mainEntityOfPage":{"@id":"https:\/\/kibrisdakik.com\/?p=119838"},"wordCount":383,"commentCount":0,"publisher":{"@id":"https:\/\/kibrisdakik.com\/#organization"},"image":{"@id":"https:\/\/kibrisdakik.com\/?p=119838#primaryimage"},"thumbnailUrl":"https:\/\/kibrisdakik.com\/wp-content\/uploads\/2026\/09\/mha-sari-beyaz-7693.png","articleSection":["K\u0131br\u0131s"],"inLanguage":"tr","potentialAction":[{"@type":"CommentAction","name":"Comment","target":["https:\/\/kibrisdakik.com\/?p=119838#respond"]}]},{"@type":"WebPage","@id":"https:\/\/kibrisdakik.com\/?p=119838","url":"https:\/\/kibrisdakik.com\/?p=119838","name":"ARIKLI: SORU\u015eTURMANIN SELAMET\u0130 \u0130\u00c7\u0130N L\u0130MANLAR DA\u0130RES\u0130\u2019N\u0130N BA\u015eBAKANLI\u011eA BA\u011eLANMASINI TALEP EDECE\u011e\u0130M -","isPartOf":{"@id":"https:\/\/kibrisdakik.com\/#website"},"primaryImageOfPage":{"@id":"https:\/\/kibrisdakik.com\/?p=119838#primaryimage"},"image":{"@id":"https:\/\/kibrisdakik.com\/?p=119838#primaryimage"},"thumbnailUrl":"https:\/\/kibrisdakik.com\/wp-content\/uploads\/2026\/09\/mha-sari-beyaz-7693.png","datePublished":"2026-09-02T14:40:55+00:00","breadcrumb":{"@id":"https:\/\/kibrisdakik.com\/?p=119838#breadcrumb"},"inLanguage":"tr","potentialAction":[{"@type":"ReadAction","target":["https:\/\/kibrisdakik.com\/?p=119838"]}]},{"@type":"ImageObject","inLanguage":"tr","@id":"https:\/\/kibrisdakik.com\/?p=119838#primaryimage","url":"https:\/\/kibrisdakik.com\/wp-content\/uploads\/2026\/09\/mha-sari-beyaz-7693.png","contentUrl":"https:\/\/kibrisdakik.com\/wp-content\/uploads\/2026\/09\/mha-sari-beyaz-7693.png","width":1280,"height":720},{"@type":"BreadcrumbList","@id":"https:\/\/kibrisdakik.com\/?p=119838#breadcrumb","itemListElement":[{"@type":"ListItem","position":1,"name":"Home","item":"https:\/\/kibrisdakik.com\/"},{"@type":"ListItem","position":2,"name":"ARIKLI: SORU\u015eTURMANIN SELAMET\u0130 \u0130\u00c7\u0130N L\u0130MANLAR DA\u0130RES\u0130\u2019N\u0130N BA\u015eBAKANLI\u011eA BA\u011eLANMASINI TALEP EDECE\u011e\u0130M"}]},{"@type":"WebSite","@id":"https:\/\/kibrisdakik.com\/#website","url":"https:\/\/kibrisdakik.com\/","name":"K\u0131br\u0131s Dakik","description":"Tam vaktinde haber","publisher":{"@id":"https:\/\/kibrisdakik.com\/#organization"},"potentialAction":[{"@type":"SearchAction","target":{"@type":"EntryPoint","urlTemplate":"https:\/\/kibrisdakik.com\/?s={search_term_string}"},"query-input":{"@type":"PropertyValueSpecification","valueRequired":true,"valueName":"search_term_string"}}],"inLanguage":"tr"},{"@type":"Organization","@id":"https:\/\/kibrisdakik.com\/#organization","name":"K\u0131br\u0131s Dakik","url":"https:\/\/kibrisdakik.com\/","logo":{"@type":"ImageObject","inLanguage":"tr","@id":"https:\/\/kibrisdakik.com\/#\/schema\/logo\/image\/","url":"https:\/\/kibrisdakik.com\/wp-content\/uploads\/2025\/10\/cropped-WhatsApp-Image-2025-10-02-at-12.58.31.jpeg","contentUrl":"https:\/\/kibrisdakik.com\/wp-content\/uploads\/2025\/10\/cropped-WhatsApp-Image-2025-10-02-at-12.58.31.jpeg","width":1237,"height":190,"caption":"K\u0131br\u0131s Dakik"},"image":{"@id":"https:\/\/kibrisdakik.com\/#\/schema\/logo\/image\/"}},{"@type":"Person","@id":"https:\/\/kibrisdakik.com\/#\/schema\/person\/9cd9d437bbb44f72b73ba127e06d8e79","name":"admin","image":{"@type":"ImageObject","inLanguage":"tr","@id":"https:\/\/secure.gravatar.com\/avatar\/ccc17943b9d660506c869530f897617f7cb1c21a4bf30023f252596d83e1f007?s=96&d=mm&r=g","url":"https:\/\/secure.gravatar.com\/avatar\/ccc17943b9d660506c869530f897617f7cb1c21a4bf30023f252596d83e1f007?s=96&d=mm&r=g","contentUrl":"https:\/\/secure.gravatar.com\/avatar\/ccc17943b9d660506c869530f897617f7cb1c21a4bf30023f252596d83e1f007?s=96&d=mm&r=g","caption":"admin"},"sameAs":["https:\/\/kibrisdakik.com"],"url":"https:\/\/kibrisdakik.com\/?author=1"}]}},"_links":{"self":[{"href":"https:\/\/kibrisdakik.com\/index.php?rest_route=\/wp\/v2\/posts\/119838","targetHints":{"allow":["GET"]}}],"collection":[{"href":"https:\/\/kibrisdakik.com\/index.php?rest_route=\/wp\/v2\/posts"}],"about":[{"href":"https:\/\/kibrisdakik.com\/index.php?rest_route=\/wp\/v2\/types\/post"}],"author":[{"embeddable":true,"href":"https:\/\/kibrisdakik.com\/index.php?rest_route=\/wp\/v2\/users\/1"}],"replies":[{"embeddable":true,"href":"https:\/\/kibrisdakik.com\/index.php?rest_route=%2Fwp%2Fv2%2Fcomments&post=119838"}],"version-history":[{"count":0,"href":"https:\/\/kibrisdakik.com\/index.php?rest_route=\/wp\/v2\/posts\/119838\/revisions"}],"wp:featuredmedia":[{"embeddable":true,"href":"https:\/\/kibrisdakik.com\/index.php?rest_route=\/wp\/v2\/media\/119839"}],"wp:attachment":[{"href":"https:\/\/kibrisdakik.com\/index.php?rest_route=%2Fwp%2Fv2%2Fmedia&parent=119838"}],"wp:term":[{"taxonomy":"category","embeddable":true,"href":"https:\/\/kibrisdakik.com\/index.php?rest_route=%2Fwp%2Fv2%2Fcategories&post=119838"},{"taxonomy":"post_tag","embeddable":true,"href":"https:\/\/kibrisdakik.com\/index.php?rest_route=%2Fwp%2Fv2%2Ftags&post=119838"}],"curies":[{"name":"wp","href":"https:\/\/api.w.org\/{rel}","templated":true}]}}