{"id":119844,"date":"2026-09-02T18:30:56","date_gmt":"2026-09-02T15:30:56","guid":{"rendered":"https:\/\/kibrisdakik.com\/?p=119844"},"modified":"2026-09-02T18:30:56","modified_gmt":"2026-09-02T15:30:56","slug":"mehmet-ercilasun-yardimlari-yine-kendi-ellerimle-teslim-ederim","status":"publish","type":"post","link":"https:\/\/kibrisdakik.com\/?p=119844","title":{"rendered":"MEHMET ERC\u0130LASUN: \u201cYARDIMLARI Y\u0130NE KEND\u0130 ELLER\u0130MLE TESL\u0130M EDER\u0130M\u201d"},"content":{"rendered":"<p><\/p>\n<div data-text-id=\"207200\" property=\"articleBody\">\n<p>Ba\u015fbakanl\u0131k ve Merkez Kurulu\u015fu M\u00fcste\u015far\u0131 Mehmet Ercilasun, g\u00f6n\u00fcll\u00fc vatanda\u015flar\u0131n Girne a\u00e7\u0131klar\u0131nda meydana gelen gemi kazas\u0131nda kay\u0131p yak\u0131nlar\u0131na ula\u015ft\u0131r\u0131lmak \u00fczere g\u00f6nderdi\u011fi yard\u0131mlar\u0131 bizzat teslim etmesiyle ilgili yap\u0131lan ele\u015ftirilere yan\u0131t verdi.<\/p>\n<p>Ercilasun, sosyal medya hesab\u0131ndan yapt\u0131\u011f\u0131 payla\u015f\u0131mda, bug\u00fcn bir foto\u011fraf\u0131 \u00fczerinden yap\u0131lan ele\u015ftirileri g\u00f6rd\u00fc\u011f\u00fcn\u00fc belirterek, g\u00f6n\u00fcll\u00fc vatanda\u015flar taraf\u0131ndan kay\u0131p yak\u0131nlar\u0131na ula\u015ft\u0131r\u0131lmak \u00fczere alana getirilen yard\u0131mlar\u0131 kendi elleriyle teslim etti\u011fini ifade etti.<\/p>\n<p>Yapt\u0131\u011f\u0131 i\u015fi \u201ctuhaf bir durum\u201d olarak g\u00f6rmedi\u011fini ve bundan dolay\u0131 pi\u015fmanl\u0131k duymad\u0131\u011f\u0131n\u0131 belirten Ercilasun, bunun kendisi i\u00e7in bir insanl\u0131k g\u00f6revi oldu\u011funu vurgulad\u0131.<\/p>\n<p>Ercilasun payla\u015f\u0131m\u0131nda, \u201cYar\u0131n yine ihtiya\u00e7 olursa, yine ayn\u0131 \u015feyi yapar\u0131m\u201d ifadelerini kullanarak, zor g\u00fcnlerde makamlar\u0131n de\u011fil dayan\u0131\u015fman\u0131n \u00f6nemli oldu\u011funu belirtti.<\/p>\n<p>Ercilasun, \u201cB\u00f6yle g\u00fcnlerde \u00f6nemli olan makamlar de\u011fil, birbirimizin yan\u0131nda olmakt\u0131r\u201d ifadeleriyle payla\u015f\u0131m\u0131n\u0131 tamamlad\u0131.<\/p>\n<\/p><\/div>\n","protected":false},"excerpt":{"rendered":"<p>Ba\u015fbakanl\u0131k ve Merkez Kurulu\u015fu M\u00fcste\u015far\u0131 Mehmet Ercilasun, g\u00f6n\u00fcll\u00fc vatanda\u015flar\u0131n Girne a\u00e7\u0131klar\u0131nda meydana gelen gemi kazas\u0131nda kay\u0131p yak\u0131nlar\u0131na ula\u015ft\u0131r\u0131lmak \u00fczere g\u00f6nderdi\u011fi yard\u0131mlar\u0131 bizzat teslim etmesiyle ilgili yap\u0131lan ele\u015ftirilere yan\u0131t verdi. Ercilasun, sosyal medya hesab\u0131ndan yapt\u0131\u011f\u0131 payla\u015f\u0131mda, bug\u00fcn bir foto\u011fraf\u0131 \u00fczerinden yap\u0131lan ele\u015ftirileri g\u00f6rd\u00fc\u011f\u00fcn\u00fc belirterek, g\u00f6n\u00fcll\u00fc vatanda\u015flar taraf\u0131ndan kay\u0131p yak\u0131nlar\u0131na ula\u015ft\u0131r\u0131lmak \u00fczere alana getirilen yard\u0131mlar\u0131 kendi elleriyle<\/p>\n","protected":false},"author":1,"featured_media":119845,"comment_status":"open","ping_status":"open","sticky":false,"template":"","format":"standard","meta":{"footnotes":""},"categories":[81],"tags":[],"class_list":["post-119844","post","type-post","status-publish","format-standard","has-post-thumbnail","hentry","category-kibris"],"yoast_head":"<!-- This site is optimized with the Yoast SEO plugin v28.4 - https:\/\/yoast.com\/product\/yoast-seo-wordpress\/ -->\n<title>MEHMET ERC\u0130LASUN: \u201cYARDIMLARI Y\u0130NE KEND\u0130 ELLER\u0130MLE TESL\u0130M EDER\u0130M\u201d -<\/title>\n<meta name=\"robots\" content=\"index, follow, max-snippet:-1, max-image-preview:large, max-video-preview:-1\" \/>\n<link rel=\"canonical\" href=\"https:\/\/kibrisdakik.com\/?p=119844\" \/>\n<meta property=\"og:locale\" content=\"tr_TR\" \/>\n<meta property=\"og:type\" content=\"article\" \/>\n<meta property=\"og:title\" content=\"MEHMET ERC\u0130LASUN: \u201cYARDIMLARI Y\u0130NE KEND\u0130 ELLER\u0130MLE TESL\u0130M EDER\u0130M\u201d -\" \/>\n<meta property=\"og:description\" content=\"Ba\u015fbakanl\u0131k ve Merkez Kurulu\u015fu M\u00fcste\u015far\u0131 Mehmet Ercilasun, g\u00f6n\u00fcll\u00fc vatanda\u015flar\u0131n Girne a\u00e7\u0131klar\u0131nda meydana gelen gemi kazas\u0131nda kay\u0131p yak\u0131nlar\u0131na ula\u015ft\u0131r\u0131lmak \u00fczere g\u00f6nderdi\u011fi yard\u0131mlar\u0131 bizzat teslim etmesiyle ilgili yap\u0131lan ele\u015ftirilere yan\u0131t verdi. Ercilasun, sosyal medya hesab\u0131ndan yapt\u0131\u011f\u0131 payla\u015f\u0131mda, bug\u00fcn bir foto\u011fraf\u0131 \u00fczerinden yap\u0131lan ele\u015ftirileri g\u00f6rd\u00fc\u011f\u00fcn\u00fc belirterek, g\u00f6n\u00fcll\u00fc vatanda\u015flar taraf\u0131ndan kay\u0131p yak\u0131nlar\u0131na ula\u015ft\u0131r\u0131lmak \u00fczere alana getirilen yard\u0131mlar\u0131 kendi elleriyle\" \/>\n<meta property=\"og:url\" content=\"https:\/\/kibrisdakik.com\/?p=119844\" \/>\n<meta property=\"article:published_time\" content=\"2026-09-02T15:30:56+00:00\" \/>\n<meta property=\"og:image\" content=\"https:\/\/mhahabercom.teimg.com\/crop\/1280x720\/mhahaber-com\/uploads\/2026\/09\/mha-sari-beyaz-7696.png\" \/>\n<meta name=\"author\" content=\"admin\" \/>\n<meta name=\"twitter:card\" content=\"summary_large_image\" \/>\n<meta name=\"twitter:label1\" content=\"Yazan:\" \/>\n\t<meta name=\"twitter:data1\" content=\"admin\" \/>\n\t<meta name=\"twitter:label2\" content=\"Tahmini okuma s\u00fcresi\" \/>\n\t<meta name=\"twitter:data2\" content=\"1 dakika\" \/>\n<script type=\"application\/ld+json\" class=\"yoast-schema-graph\">{\"@context\":\"https:\\\/\\\/schema.org\",\"@graph\":[{\"@type\":\"Article\",\"@id\":\"https:\\\/\\\/kibrisdakik.com\\\/?p=119844#article\",\"isPartOf\":{\"@id\":\"https:\\\/\\\/kibrisdakik.com\\\/?p=119844\"},\"author\":{\"name\":\"admin\",\"@id\":\"https:\\\/\\\/kibrisdakik.com\\\/#\\\/schema\\\/person\\\/9cd9d437bbb44f72b73ba127e06d8e79\"},\"headline\":\"MEHMET ERC\u0130LASUN: \u201cYARDIMLARI Y\u0130NE KEND\u0130 ELLER\u0130MLE TESL\u0130M EDER\u0130M\u201d\",\"datePublished\":\"2026-09-02T15:30:56+00:00\",\"mainEntityOfPage\":{\"@id\":\"https:\\\/\\\/kibrisdakik.com\\\/?p=119844\"},\"wordCount\":198,\"commentCount\":0,\"publisher\":{\"@id\":\"https:\\\/\\\/kibrisdakik.com\\\/#organization\"},\"image\":{\"@id\":\"https:\\\/\\\/kibrisdakik.com\\\/?p=119844#primaryimage\"},\"thumbnailUrl\":\"https:\\\/\\\/kibrisdakik.com\\\/wp-content\\\/uploads\\\/2026\\\/09\\\/mha-sari-beyaz-7696.png\",\"articleSection\":[\"K\u0131br\u0131s\"],\"inLanguage\":\"tr\",\"potentialAction\":[{\"@type\":\"CommentAction\",\"name\":\"Comment\",\"target\":[\"https:\\\/\\\/kibrisdakik.com\\\/?p=119844#respond\"]}]},{\"@type\":\"WebPage\",\"@id\":\"https:\\\/\\\/kibrisdakik.com\\\/?p=119844\",\"url\":\"https:\\\/\\\/kibrisdakik.com\\\/?p=119844\",\"name\":\"MEHMET ERC\u0130LASUN: \u201cYARDIMLARI Y\u0130NE KEND\u0130 ELLER\u0130MLE TESL\u0130M EDER\u0130M\u201d -\",\"isPartOf\":{\"@id\":\"https:\\\/\\\/kibrisdakik.com\\\/#website\"},\"primaryImageOfPage\":{\"@id\":\"https:\\\/\\\/kibrisdakik.com\\\/?p=119844#primaryimage\"},\"image\":{\"@id\":\"https:\\\/\\\/kibrisdakik.com\\\/?p=119844#primaryimage\"},\"thumbnailUrl\":\"https:\\\/\\\/kibrisdakik.com\\\/wp-content\\\/uploads\\\/2026\\\/09\\\/mha-sari-beyaz-7696.png\",\"datePublished\":\"2026-09-02T15:30:56+00:00\",\"breadcrumb\":{\"@id\":\"https:\\\/\\\/kibrisdakik.com\\\/?p=119844#breadcrumb\"},\"inLanguage\":\"tr\",\"potentialAction\":[{\"@type\":\"ReadAction\",\"target\":[\"https:\\\/\\\/kibrisdakik.com\\\/?p=119844\"]}]},{\"@type\":\"ImageObject\",\"inLanguage\":\"tr\",\"@id\":\"https:\\\/\\\/kibrisdakik.com\\\/?p=119844#primaryimage\",\"url\":\"https:\\\/\\\/kibrisdakik.com\\\/wp-content\\\/uploads\\\/2026\\\/09\\\/mha-sari-beyaz-7696.png\",\"contentUrl\":\"https:\\\/\\\/kibrisdakik.com\\\/wp-content\\\/uploads\\\/2026\\\/09\\\/mha-sari-beyaz-7696.png\",\"width\":1280,\"height\":720},{\"@type\":\"BreadcrumbList\",\"@id\":\"https:\\\/\\\/kibrisdakik.com\\\/?p=119844#breadcrumb\",\"itemListElement\":[{\"@type\":\"ListItem\",\"position\":1,\"name\":\"Home\",\"item\":\"https:\\\/\\\/kibrisdakik.com\\\/\"},{\"@type\":\"ListItem\",\"position\":2,\"name\":\"MEHMET ERC\u0130LASUN: \u201cYARDIMLARI Y\u0130NE KEND\u0130 ELLER\u0130MLE TESL\u0130M EDER\u0130M\u201d\"}]},{\"@type\":\"WebSite\",\"@id\":\"https:\\\/\\\/kibrisdakik.com\\\/#website\",\"url\":\"https:\\\/\\\/kibrisdakik.com\\\/\",\"name\":\"K\u0131br\u0131s Dakik\",\"description\":\"Tam vaktinde haber\",\"publisher\":{\"@id\":\"https:\\\/\\\/kibrisdakik.com\\\/#organization\"},\"potentialAction\":[{\"@type\":\"SearchAction\",\"target\":{\"@type\":\"EntryPoint\",\"urlTemplate\":\"https:\\\/\\\/kibrisdakik.com\\\/?s={search_term_string}\"},\"query-input\":{\"@type\":\"PropertyValueSpecification\",\"valueRequired\":true,\"valueName\":\"search_term_string\"}}],\"inLanguage\":\"tr\"},{\"@type\":\"Organization\",\"@id\":\"https:\\\/\\\/kibrisdakik.com\\\/#organization\",\"name\":\"K\u0131br\u0131s Dakik\",\"url\":\"https:\\\/\\\/kibrisdakik.com\\\/\",\"logo\":{\"@type\":\"ImageObject\",\"inLanguage\":\"tr\",\"@id\":\"https:\\\/\\\/kibrisdakik.com\\\/#\\\/schema\\\/logo\\\/image\\\/\",\"url\":\"https:\\\/\\\/kibrisdakik.com\\\/wp-content\\\/uploads\\\/2025\\\/10\\\/cropped-WhatsApp-Image-2025-10-02-at-12.58.31.jpeg\",\"contentUrl\":\"https:\\\/\\\/kibrisdakik.com\\\/wp-content\\\/uploads\\\/2025\\\/10\\\/cropped-WhatsApp-Image-2025-10-02-at-12.58.31.jpeg\",\"width\":1237,\"height\":190,\"caption\":\"K\u0131br\u0131s Dakik\"},\"image\":{\"@id\":\"https:\\\/\\\/kibrisdakik.com\\\/#\\\/schema\\\/logo\\\/image\\\/\"}},{\"@type\":\"Person\",\"@id\":\"https:\\\/\\\/kibrisdakik.com\\\/#\\\/schema\\\/person\\\/9cd9d437bbb44f72b73ba127e06d8e79\",\"name\":\"admin\",\"image\":{\"@type\":\"ImageObject\",\"inLanguage\":\"tr\",\"@id\":\"https:\\\/\\\/secure.gravatar.com\\\/avatar\\\/ccc17943b9d660506c869530f897617f7cb1c21a4bf30023f252596d83e1f007?s=96&d=mm&r=g\",\"url\":\"https:\\\/\\\/secure.gravatar.com\\\/avatar\\\/ccc17943b9d660506c869530f897617f7cb1c21a4bf30023f252596d83e1f007?s=96&d=mm&r=g\",\"contentUrl\":\"https:\\\/\\\/secure.gravatar.com\\\/avatar\\\/ccc17943b9d660506c869530f897617f7cb1c21a4bf30023f252596d83e1f007?s=96&d=mm&r=g\",\"caption\":\"admin\"},\"sameAs\":[\"https:\\\/\\\/kibrisdakik.com\"],\"url\":\"https:\\\/\\\/kibrisdakik.com\\\/?author=1\"}]}<\/script>\n<!-- \/ Yoast SEO plugin. -->","yoast_head_json":{"title":"MEHMET ERC\u0130LASUN: \u201cYARDIMLARI Y\u0130NE KEND\u0130 ELLER\u0130MLE TESL\u0130M EDER\u0130M\u201d -","robots":{"index":"index","follow":"follow","max-snippet":"max-snippet:-1","max-image-preview":"max-image-preview:large","max-video-preview":"max-video-preview:-1"},"canonical":"https:\/\/kibrisdakik.com\/?p=119844","og_locale":"tr_TR","og_type":"article","og_title":"MEHMET ERC\u0130LASUN: \u201cYARDIMLARI Y\u0130NE KEND\u0130 ELLER\u0130MLE TESL\u0130M EDER\u0130M\u201d -","og_description":"Ba\u015fbakanl\u0131k ve Merkez Kurulu\u015fu M\u00fcste\u015far\u0131 Mehmet Ercilasun, g\u00f6n\u00fcll\u00fc vatanda\u015flar\u0131n Girne a\u00e7\u0131klar\u0131nda meydana gelen gemi kazas\u0131nda kay\u0131p yak\u0131nlar\u0131na ula\u015ft\u0131r\u0131lmak \u00fczere g\u00f6nderdi\u011fi yard\u0131mlar\u0131 bizzat teslim etmesiyle ilgili yap\u0131lan ele\u015ftirilere yan\u0131t verdi. Ercilasun, sosyal medya hesab\u0131ndan yapt\u0131\u011f\u0131 payla\u015f\u0131mda, bug\u00fcn bir foto\u011fraf\u0131 \u00fczerinden yap\u0131lan ele\u015ftirileri g\u00f6rd\u00fc\u011f\u00fcn\u00fc belirterek, g\u00f6n\u00fcll\u00fc vatanda\u015flar taraf\u0131ndan kay\u0131p yak\u0131nlar\u0131na ula\u015ft\u0131r\u0131lmak \u00fczere alana getirilen yard\u0131mlar\u0131 kendi elleriyle","og_url":"https:\/\/kibrisdakik.com\/?p=119844","article_published_time":"2026-09-02T15:30:56+00:00","og_image":[{"url":"https:\/\/mhahabercom.teimg.com\/crop\/1280x720\/mhahaber-com\/uploads\/2026\/09\/mha-sari-beyaz-7696.png","type":"","width":"","height":""}],"author":"admin","twitter_card":"summary_large_image","twitter_misc":{"Yazan:":"admin","Tahmini okuma s\u00fcresi":"1 dakika"},"schema":{"@context":"https:\/\/schema.org","@graph":[{"@type":"Article","@id":"https:\/\/kibrisdakik.com\/?p=119844#article","isPartOf":{"@id":"https:\/\/kibrisdakik.com\/?p=119844"},"author":{"name":"admin","@id":"https:\/\/kibrisdakik.com\/#\/schema\/person\/9cd9d437bbb44f72b73ba127e06d8e79"},"headline":"MEHMET ERC\u0130LASUN: \u201cYARDIMLARI Y\u0130NE KEND\u0130 ELLER\u0130MLE TESL\u0130M EDER\u0130M\u201d","datePublished":"2026-09-02T15:30:56+00:00","mainEntityOfPage":{"@id":"https:\/\/kibrisdakik.com\/?p=119844"},"wordCount":198,"commentCount":0,"publisher":{"@id":"https:\/\/kibrisdakik.com\/#organization"},"image":{"@id":"https:\/\/kibrisdakik.com\/?p=119844#primaryimage"},"thumbnailUrl":"https:\/\/kibrisdakik.com\/wp-content\/uploads\/2026\/09\/mha-sari-beyaz-7696.png","articleSection":["K\u0131br\u0131s"],"inLanguage":"tr","potentialAction":[{"@type":"CommentAction","name":"Comment","target":["https:\/\/kibrisdakik.com\/?p=119844#respond"]}]},{"@type":"WebPage","@id":"https:\/\/kibrisdakik.com\/?p=119844","url":"https:\/\/kibrisdakik.com\/?p=119844","name":"MEHMET ERC\u0130LASUN: \u201cYARDIMLARI Y\u0130NE KEND\u0130 ELLER\u0130MLE TESL\u0130M EDER\u0130M\u201d -","isPartOf":{"@id":"https:\/\/kibrisdakik.com\/#website"},"primaryImageOfPage":{"@id":"https:\/\/kibrisdakik.com\/?p=119844#primaryimage"},"image":{"@id":"https:\/\/kibrisdakik.com\/?p=119844#primaryimage"},"thumbnailUrl":"https:\/\/kibrisdakik.com\/wp-content\/uploads\/2026\/09\/mha-sari-beyaz-7696.png","datePublished":"2026-09-02T15:30:56+00:00","breadcrumb":{"@id":"https:\/\/kibrisdakik.com\/?p=119844#breadcrumb"},"inLanguage":"tr","potentialAction":[{"@type":"ReadAction","target":["https:\/\/kibrisdakik.com\/?p=119844"]}]},{"@type":"ImageObject","inLanguage":"tr","@id":"https:\/\/kibrisdakik.com\/?p=119844#primaryimage","url":"https:\/\/kibrisdakik.com\/wp-content\/uploads\/2026\/09\/mha-sari-beyaz-7696.png","contentUrl":"https:\/\/kibrisdakik.com\/wp-content\/uploads\/2026\/09\/mha-sari-beyaz-7696.png","width":1280,"height":720},{"@type":"BreadcrumbList","@id":"https:\/\/kibrisdakik.com\/?p=119844#breadcrumb","itemListElement":[{"@type":"ListItem","position":1,"name":"Home","item":"https:\/\/kibrisdakik.com\/"},{"@type":"ListItem","position":2,"name":"MEHMET ERC\u0130LASUN: \u201cYARDIMLARI Y\u0130NE KEND\u0130 ELLER\u0130MLE TESL\u0130M EDER\u0130M\u201d"}]},{"@type":"WebSite","@id":"https:\/\/kibrisdakik.com\/#website","url":"https:\/\/kibrisdakik.com\/","name":"K\u0131br\u0131s Dakik","description":"Tam vaktinde haber","publisher":{"@id":"https:\/\/kibrisdakik.com\/#organization"},"potentialAction":[{"@type":"SearchAction","target":{"@type":"EntryPoint","urlTemplate":"https:\/\/kibrisdakik.com\/?s={search_term_string}"},"query-input":{"@type":"PropertyValueSpecification","valueRequired":true,"valueName":"search_term_string"}}],"inLanguage":"tr"},{"@type":"Organization","@id":"https:\/\/kibrisdakik.com\/#organization","name":"K\u0131br\u0131s Dakik","url":"https:\/\/kibrisdakik.com\/","logo":{"@type":"ImageObject","inLanguage":"tr","@id":"https:\/\/kibrisdakik.com\/#\/schema\/logo\/image\/","url":"https:\/\/kibrisdakik.com\/wp-content\/uploads\/2025\/10\/cropped-WhatsApp-Image-2025-10-02-at-12.58.31.jpeg","contentUrl":"https:\/\/kibrisdakik.com\/wp-content\/uploads\/2025\/10\/cropped-WhatsApp-Image-2025-10-02-at-12.58.31.jpeg","width":1237,"height":190,"caption":"K\u0131br\u0131s Dakik"},"image":{"@id":"https:\/\/kibrisdakik.com\/#\/schema\/logo\/image\/"}},{"@type":"Person","@id":"https:\/\/kibrisdakik.com\/#\/schema\/person\/9cd9d437bbb44f72b73ba127e06d8e79","name":"admin","image":{"@type":"ImageObject","inLanguage":"tr","@id":"https:\/\/secure.gravatar.com\/avatar\/ccc17943b9d660506c869530f897617f7cb1c21a4bf30023f252596d83e1f007?s=96&d=mm&r=g","url":"https:\/\/secure.gravatar.com\/avatar\/ccc17943b9d660506c869530f897617f7cb1c21a4bf30023f252596d83e1f007?s=96&d=mm&r=g","contentUrl":"https:\/\/secure.gravatar.com\/avatar\/ccc17943b9d660506c869530f897617f7cb1c21a4bf30023f252596d83e1f007?s=96&d=mm&r=g","caption":"admin"},"sameAs":["https:\/\/kibrisdakik.com"],"url":"https:\/\/kibrisdakik.com\/?author=1"}]}},"_links":{"self":[{"href":"https:\/\/kibrisdakik.com\/index.php?rest_route=\/wp\/v2\/posts\/119844","targetHints":{"allow":["GET"]}}],"collection":[{"href":"https:\/\/kibrisdakik.com\/index.php?rest_route=\/wp\/v2\/posts"}],"about":[{"href":"https:\/\/kibrisdakik.com\/index.php?rest_route=\/wp\/v2\/types\/post"}],"author":[{"embeddable":true,"href":"https:\/\/kibrisdakik.com\/index.php?rest_route=\/wp\/v2\/users\/1"}],"replies":[{"embeddable":true,"href":"https:\/\/kibrisdakik.com\/index.php?rest_route=%2Fwp%2Fv2%2Fcomments&post=119844"}],"version-history":[{"count":0,"href":"https:\/\/kibrisdakik.com\/index.php?rest_route=\/wp\/v2\/posts\/119844\/revisions"}],"wp:featuredmedia":[{"embeddable":true,"href":"https:\/\/kibrisdakik.com\/index.php?rest_route=\/wp\/v2\/media\/119845"}],"wp:attachment":[{"href":"https:\/\/kibrisdakik.com\/index.php?rest_route=%2Fwp%2Fv2%2Fmedia&parent=119844"}],"wp:term":[{"taxonomy":"category","embeddable":true,"href":"https:\/\/kibrisdakik.com\/index.php?rest_route=%2Fwp%2Fv2%2Fcategories&post=119844"},{"taxonomy":"post_tag","embeddable":true,"href":"https:\/\/kibrisdakik.com\/index.php?rest_route=%2Fwp%2Fv2%2Ftags&post=119844"}],"curies":[{"name":"wp","href":"https:\/\/api.w.org\/{rel}","templated":true}]}}