{"id":119846,"date":"2026-09-02T18:49:57","date_gmt":"2026-09-02T15:49:57","guid":{"rendered":"https:\/\/kibrisdakik.com\/?p=119846"},"modified":"2026-09-02T18:49:57","modified_gmt":"2026-09-02T15:49:57","slug":"basbakan-ustel-arikli-gorevden-alindi-kayip-sayisi-19a-dustu","status":"publish","type":"post","link":"https:\/\/kibrisdakik.com\/?p=119846","title":{"rendered":"BA\u015eBAKAN \u00dcSTEL: ARIKLI G\u00d6REVDEN ALINDI, KAYIP SAYISI 19\u2019A D\u00dc\u015eT\u00dc"},"content":{"rendered":"<p><\/p>\n<div data-text-id=\"207202\" property=\"articleBody\">\n<p>Ba\u015fbakan \u00dcnal \u00dcstel, Girne a\u00e7\u0131klar\u0131nda meydana gelen gemi kazas\u0131yla ilgili y\u00fcr\u00fct\u00fclen arama-kurtarma \u00e7al\u0131\u015fmalar\u0131 ve soru\u015fturma s\u00fcrecine ili\u015fkin bas\u0131n a\u00e7\u0131klamas\u0131 yapt\u0131.<\/p>\n<p>\u00dcstel, arama-kurtarma faaliyetlerine kat\u0131lan TCG I\u015f\u0131n ve TCG Alemdar gemilerinin bat\u0131kta yapt\u0131\u011f\u0131 incelemeler sonucunda bir naa\u015fa daha ula\u015f\u0131ld\u0131\u011f\u0131n\u0131 belirterek, resmi kay\u0131tlara g\u00f6re hayat\u0131n\u0131 kaybeden vatanda\u015f say\u0131s\u0131n\u0131n 9\u2019a, kay\u0131p say\u0131s\u0131n\u0131n ise 19\u2019a y\u00fckseldi\u011fini a\u00e7\u0131klad\u0131.<\/p>\n<p>\u00dcstel ayr\u0131ca, Polis Genel M\u00fcd\u00fcrl\u00fc\u011f\u00fc ve yarg\u0131 makamlar\u0131n\u0131n soru\u015fturmay\u0131 hi\u00e7bir \u015f\u00fcpheye mahal vermeden y\u00fcr\u00fctebilmesi amac\u0131yla, kaza sonras\u0131nda al\u0131nan g\u00f6revden uzakla\u015ft\u0131rma kararlar\u0131n\u0131n geni\u015fletildi\u011fini duyurdu.<\/p>\n<p>Bu kapsamda Bay\u0131nd\u0131rl\u0131k ve Ula\u015ft\u0131rma Bakan\u0131 Erhan Ar\u0131kl\u0131\u2019n\u0131n g\u00f6revden al\u0131nd\u0131\u011f\u0131n\u0131 bildiren \u00dcstel, karar\u0131n YDP\u2019ye veya partiye g\u00f6n\u00fcl verenlere y\u00f6nelik siyasi bir karar olmad\u0131\u011f\u0131n\u0131 vurgulad\u0131.<\/p>\n<p>Ba\u015fbakan \u00dcstel, a\u00e7\u0131klamas\u0131n\u0131n tamam\u0131nda \u015fu ifadelere yer verdi:<\/p>\n<p><strong>\u201cDe\u011ferli halk\u0131m\u0131z,<\/strong><\/p>\n<p><strong>Bu \u015ferefli \u00fclkenin y\u00f6netim sorumlulu\u011funu \u00fcstlendi\u011fim ilk g\u00fcnden itibaren halk\u0131m\u0131za hizmet etmek i\u00e7in durmadan, yorulmadan \u00e7al\u0131\u015f\u0131yoruz.<\/strong><\/p>\n<p><strong>Hi\u00e7bir g\u00fc\u00e7, hi\u00e7bir iftira, hi\u00e7bir karalama beni bu yoldan d\u00f6nd\u00fcremedi, d\u00f6nd\u00fcremeyecek.<\/strong><\/p>\n<p><strong>Tek arzumuz, bu \u00fclkeye iyi hizmet etmek, halk\u0131m\u0131z\u0131n g\u00fcvenine lay\u0131k olmak ve \u00e7ocuklar\u0131m\u0131za g\u00fcvenle ya\u015fayacaklar\u0131 bir gelecek b\u0131rakmakt\u0131r.<\/strong><\/p>\n<p><strong>\u00dc\u00e7 partili koalisyon h\u00fck\u00fcmeti olarak b\u00fcy\u00fck bir \u00f6zveriyle \u00fclkemizin y\u0131llard\u0131r biriken bir\u00e7ok temel problemini \u00e7\u00f6zd\u00fck, \u00f6nemli yat\u0131r\u0131mlar\u0131 ve projeleri halk\u0131m\u0131zla bulu\u015fturduk.<\/strong><\/p>\n<p><strong>Ancak bug\u00fcn hepimizi derinden sarsan \u00e7ok elim bir kazan\u0131n ac\u0131s\u0131n\u0131 ya\u015f\u0131yoruz.<\/strong><\/p>\n<p><strong>Bu noktada sizlerle \u00f6nemli bir geli\u015fmeyi payla\u015fmak istiyorum.<\/strong><\/p>\n<p><strong>Arama kurtarma faaliyetlerimize kat\u0131lan TCG I\u015f\u0131n ve TCG Alemdar gemilerinin bat\u0131kta yapt\u0131\u011f\u0131 incelemeler sonucunda bir naa\u015f\u0131m\u0131za daha ula\u015fm\u0131\u015f bulunuyoruz.<\/strong><\/p>\n<p><strong>B\u00f6ylelikle resmi kay\u0131tlara g\u00f6re hayat\u0131n\u0131 kaybeden vatanda\u015f say\u0131m\u0131z 9\u2019a y\u00fckselirken, kay\u0131p say\u0131m\u0131z 19\u2019a d\u00fc\u015fm\u00fc\u015ft\u00fcr.<\/strong><\/p>\n<p><strong>Arama kurtarma \u00e7al\u0131\u015fmalar\u0131m\u0131z, t\u00fcm imkanlar\u0131m\u0131z ve T\u00fcrkiye Cumhuriyeti Devleti\u2019nin b\u00fct\u00fcn kurum ve kurulu\u015flar\u0131n\u0131n g\u00fc\u00e7l\u00fc deste\u011fiyle aral\u0131ks\u0131z devam ediyor ve edecektir.<\/strong><\/p>\n<p><strong>Kazan\u0131n meydana geldi\u011fi ilk andan itibaren s\u00f6yledi\u011fimiz gibi:<\/strong><\/p>\n<p><strong>Sorumlusu kim olursa olsun, bunun hesab\u0131n\u0131 verecek.<\/strong><\/p>\n<p><strong>T\u00fcrkiye Cumhuriyeti Cumhurba\u015fkan\u0131 Say\u0131n Recep Tayyip Erdo\u011fan\u2019\u0131n da \u015fahs\u0131m\u0131n da T\u00fcrk Milleti\u2019ne verdi\u011fi a\u00e7\u0131k mesaj bu olmu\u015ftur.<\/strong><\/p>\n<p><strong>Bug\u00fcn gelinen noktada, Polis Genel M\u00fcd\u00fcrl\u00fc\u011f\u00fcm\u00fcz\u00fcn ve yarg\u0131 makamlar\u0131m\u0131z\u0131n soru\u015fturmay\u0131 hi\u00e7bir \u015f\u00fcpheye mahal vermeden y\u00fcr\u00fctebilmesi amac\u0131yla, kaza sonras\u0131nda ald\u0131\u011f\u0131m\u0131z g\u00f6revden uzakla\u015ft\u0131rma kararlar\u0131n\u0131 geni\u015fletme karar\u0131 alm\u0131\u015f durumday\u0131m.<\/strong><\/p>\n<p><strong>Bu \u00e7er\u00e7evede Bay\u0131nd\u0131rl\u0131k ve Ula\u015ft\u0131rma Bakan\u0131m\u0131z Say\u0131n Erhan Ar\u0131kl\u0131\u2019y\u0131 g\u00f6revden ald\u0131\u011f\u0131m\u0131 kendisine bildirdim.<\/strong><\/p>\n<p><strong>Y\u00fcr\u00fctmenin ba\u015f\u0131 olarak g\u00f6revim, soru\u015fturman\u0131n selameti ve kamu vicdan\u0131n\u0131n rahatlamas\u0131 i\u00e7in gerekli b\u00fct\u00fcn idari tedbirleri almakt\u0131r.<\/strong><\/p>\n<p><strong>Annesini, babas\u0131n\u0131, evlad\u0131n\u0131, karde\u015fini kaybeden her bir vatanda\u015f\u0131m\u0131z\u0131n ac\u0131s\u0131n\u0131, \u00f6ncelikle bir baba ve Ba\u015fbakan olarak y\u00fcre\u011fimde ta\u015f\u0131yorum.<\/strong><\/p>\n<p><strong>Say\u0131n Erhan Ar\u0131kl\u0131\u2019n\u0131n y\u00fcr\u00fctt\u00fc\u011f\u00fc Bay\u0131nd\u0131rl\u0131k ve Ula\u015ft\u0131rma Bakanl\u0131\u011f\u0131 g\u00f6reviyle ilgili olarak, Anayasa\u2019n\u0131n \u00f6ng\u00f6rd\u00fc\u011f\u00fc h\u00fck\u00fcmler ve verdi\u011fi yetkiler \u00e7er\u00e7evesinde hareket edilecektir.<\/strong><\/p>\n<p><strong>\u00d6zellikle ifade etmek isterim ki bu karar, Yeniden Do\u011fu\u015f Partisi\u2019ne, onun kurumsal kimli\u011fine veya YDP\u2019ye g\u00f6n\u00fcl vermi\u015f karde\u015flerimize y\u00f6nelik siyasi bir karar de\u011fildir.<\/strong><\/p>\n<p><strong>Koalisyon ortaklar\u0131m\u0131zla d\u00f6rt bu\u00e7uk y\u0131ld\u0131r bu \u00fclkeye birlikte hizmet ediyoruz. Ortaya koydu\u011fumuz eserlerde, ger\u00e7ekle\u015ftirdi\u011fimiz reformlarda onlar\u0131n da eme\u011fi vard\u0131r.<\/strong><\/p>\n<p><strong>Say\u0131n Erhan Ar\u0131kl\u0131 ile de d\u00f6rt bu\u00e7uk y\u0131l boyunca birlikte \u00e7al\u0131\u015ft\u0131k, \u00fclkemiz ad\u0131na bir\u00e7ok projeye birlikte imza att\u0131k. Kendisine bug\u00fcne kadar \u00fclkemize verdi\u011fi hizmetlerden dolay\u0131 te\u015fekk\u00fcr ediyorum.<\/strong><\/p>\n<p><strong>Ancak b\u00f6ylesine a\u011f\u0131r bir soru\u015fturma s\u00fcrecinde herhangi bir \u015faibenin olu\u015fmas\u0131na izin veremeyiz.<\/strong><\/p>\n<p><strong>\u015eunu da a\u00e7\u0131k\u00e7a ifade etmek isterim:<\/strong><\/p>\n<p><strong>Yarg\u0131 karar\u0131n\u0131 verene kadar g\u00f6revden ald\u0131\u011f\u0131m\u0131z veya uzakla\u015ft\u0131rd\u0131\u011f\u0131m\u0131z hi\u00e7 kimse su\u00e7lu ilan edilemez. Masumiyet karinesi herkes i\u00e7in ge\u00e7erlidir.<\/strong><\/p>\n<p><strong>Tahkikat h\u0131zl\u0131, titiz ve \u015feffaf \u015fekilde s\u00fcrd\u00fcr\u00fclecektir. \u0130hmali veya sorumlulu\u011fu bulunan kim varsa, yarg\u0131n\u0131n verece\u011fi karar do\u011frultusunda gereken hesab\u0131 verecektir.<\/strong><\/p>\n<p><strong>Bug\u00fcn ac\u0131m\u0131z b\u00fcy\u00fck. Y\u00fcre\u011fimiz yan\u0131yor.<\/strong><\/p>\n<p><strong>Ama devlet olarak g\u00f6revimizin ba\u015f\u0131nday\u0131z.<\/strong><\/p>\n<p><strong>Tek gayemiz, kay\u0131plar\u0131m\u0131za ula\u015fmak, ailelerimizin yan\u0131nda olmak, bu facian\u0131n b\u00fct\u00fcn ger\u00e7eklerini ortaya \u00e7\u0131karmak ve yaralar\u0131m\u0131z\u0131 hep birlikte sarmakt\u0131r.<\/strong><\/p>\n<p><strong>Milletimizin bir kez daha ba\u015f\u0131 sa\u011f olsun.<\/strong><\/p>\n<p><strong>Hayat\u0131n\u0131 kaybeden vatanda\u015flar\u0131m\u0131za Allah\u2019tan rahmet, ailelerine, yak\u0131nlar\u0131na ve t\u00fcm halk\u0131m\u0131za sab\u0131r diliyoruz.\u201d<\/strong><\/p>\n<\/p><\/div>\n","protected":false},"excerpt":{"rendered":"<p>Ba\u015fbakan \u00dcnal \u00dcstel, Girne a\u00e7\u0131klar\u0131nda meydana gelen gemi kazas\u0131yla ilgili y\u00fcr\u00fct\u00fclen arama-kurtarma \u00e7al\u0131\u015fmalar\u0131 ve soru\u015fturma s\u00fcrecine ili\u015fkin bas\u0131n a\u00e7\u0131klamas\u0131 yapt\u0131. \u00dcstel, arama-kurtarma faaliyetlerine kat\u0131lan TCG I\u015f\u0131n ve TCG Alemdar gemilerinin bat\u0131kta yapt\u0131\u011f\u0131 incelemeler sonucunda bir naa\u015fa daha ula\u015f\u0131ld\u0131\u011f\u0131n\u0131 belirterek, resmi kay\u0131tlara g\u00f6re hayat\u0131n\u0131 kaybeden vatanda\u015f say\u0131s\u0131n\u0131n 9\u2019a, kay\u0131p say\u0131s\u0131n\u0131n ise 19\u2019a y\u00fckseldi\u011fini a\u00e7\u0131klad\u0131. \u00dcstel ayr\u0131ca,<\/p>\n","protected":false},"author":1,"featured_media":119847,"comment_status":"open","ping_status":"open","sticky":false,"template":"","format":"standard","meta":{"footnotes":""},"categories":[81],"tags":[],"class_list":["post-119846","post","type-post","status-publish","format-standard","has-post-thumbnail","hentry","category-kibris"],"yoast_head":"<!-- This site is optimized with the Yoast SEO plugin v28.4 - https:\/\/yoast.com\/product\/yoast-seo-wordpress\/ -->\n<title>BA\u015eBAKAN \u00dcSTEL: ARIKLI G\u00d6REVDEN ALINDI, KAYIP SAYISI 19\u2019A D\u00dc\u015eT\u00dc -<\/title>\n<meta name=\"robots\" content=\"index, follow, max-snippet:-1, max-image-preview:large, max-video-preview:-1\" \/>\n<link rel=\"canonical\" href=\"https:\/\/kibrisdakik.com\/?p=119846\" \/>\n<meta property=\"og:locale\" content=\"tr_TR\" \/>\n<meta property=\"og:type\" content=\"article\" \/>\n<meta property=\"og:title\" content=\"BA\u015eBAKAN \u00dcSTEL: ARIKLI G\u00d6REVDEN ALINDI, KAYIP SAYISI 19\u2019A D\u00dc\u015eT\u00dc -\" \/>\n<meta property=\"og:description\" content=\"Ba\u015fbakan \u00dcnal \u00dcstel, Girne a\u00e7\u0131klar\u0131nda meydana gelen gemi kazas\u0131yla ilgili y\u00fcr\u00fct\u00fclen arama-kurtarma \u00e7al\u0131\u015fmalar\u0131 ve soru\u015fturma s\u00fcrecine ili\u015fkin bas\u0131n a\u00e7\u0131klamas\u0131 yapt\u0131. \u00dcstel, arama-kurtarma faaliyetlerine kat\u0131lan TCG I\u015f\u0131n ve TCG Alemdar gemilerinin bat\u0131kta yapt\u0131\u011f\u0131 incelemeler sonucunda bir naa\u015fa daha ula\u015f\u0131ld\u0131\u011f\u0131n\u0131 belirterek, resmi kay\u0131tlara g\u00f6re hayat\u0131n\u0131 kaybeden vatanda\u015f say\u0131s\u0131n\u0131n 9\u2019a, kay\u0131p say\u0131s\u0131n\u0131n ise 19\u2019a y\u00fckseldi\u011fini a\u00e7\u0131klad\u0131. \u00dcstel ayr\u0131ca,\" \/>\n<meta property=\"og:url\" content=\"https:\/\/kibrisdakik.com\/?p=119846\" \/>\n<meta property=\"article:published_time\" content=\"2026-09-02T15:49:57+00:00\" \/>\n<meta property=\"og:image\" content=\"https:\/\/mhahabercom.teimg.com\/crop\/1280x720\/mhahaber-com\/uploads\/2026\/09\/mha-sari-beyaz-7697.png\" \/>\n<meta name=\"author\" content=\"admin\" \/>\n<meta name=\"twitter:card\" content=\"summary_large_image\" \/>\n<meta name=\"twitter:label1\" content=\"Yazan:\" \/>\n\t<meta name=\"twitter:data1\" content=\"admin\" \/>\n\t<meta name=\"twitter:label2\" content=\"Tahmini okuma s\u00fcresi\" \/>\n\t<meta name=\"twitter:data2\" content=\"4 dakika\" \/>\n<script type=\"application\/ld+json\" class=\"yoast-schema-graph\">{\"@context\":\"https:\\\/\\\/schema.org\",\"@graph\":[{\"@type\":\"Article\",\"@id\":\"https:\\\/\\\/kibrisdakik.com\\\/?p=119846#article\",\"isPartOf\":{\"@id\":\"https:\\\/\\\/kibrisdakik.com\\\/?p=119846\"},\"author\":{\"name\":\"admin\",\"@id\":\"https:\\\/\\\/kibrisdakik.com\\\/#\\\/schema\\\/person\\\/9cd9d437bbb44f72b73ba127e06d8e79\"},\"headline\":\"BA\u015eBAKAN \u00dcSTEL: ARIKLI G\u00d6REVDEN ALINDI, KAYIP SAYISI 19\u2019A D\u00dc\u015eT\u00dc\",\"datePublished\":\"2026-09-02T15:49:57+00:00\",\"mainEntityOfPage\":{\"@id\":\"https:\\\/\\\/kibrisdakik.com\\\/?p=119846\"},\"wordCount\":906,\"commentCount\":0,\"publisher\":{\"@id\":\"https:\\\/\\\/kibrisdakik.com\\\/#organization\"},\"image\":{\"@id\":\"https:\\\/\\\/kibrisdakik.com\\\/?p=119846#primaryimage\"},\"thumbnailUrl\":\"https:\\\/\\\/kibrisdakik.com\\\/wp-content\\\/uploads\\\/2026\\\/09\\\/mha-sari-beyaz-7697.png\",\"articleSection\":[\"K\u0131br\u0131s\"],\"inLanguage\":\"tr\",\"potentialAction\":[{\"@type\":\"CommentAction\",\"name\":\"Comment\",\"target\":[\"https:\\\/\\\/kibrisdakik.com\\\/?p=119846#respond\"]}]},{\"@type\":\"WebPage\",\"@id\":\"https:\\\/\\\/kibrisdakik.com\\\/?p=119846\",\"url\":\"https:\\\/\\\/kibrisdakik.com\\\/?p=119846\",\"name\":\"BA\u015eBAKAN \u00dcSTEL: ARIKLI G\u00d6REVDEN ALINDI, KAYIP SAYISI 19\u2019A D\u00dc\u015eT\u00dc -\",\"isPartOf\":{\"@id\":\"https:\\\/\\\/kibrisdakik.com\\\/#website\"},\"primaryImageOfPage\":{\"@id\":\"https:\\\/\\\/kibrisdakik.com\\\/?p=119846#primaryimage\"},\"image\":{\"@id\":\"https:\\\/\\\/kibrisdakik.com\\\/?p=119846#primaryimage\"},\"thumbnailUrl\":\"https:\\\/\\\/kibrisdakik.com\\\/wp-content\\\/uploads\\\/2026\\\/09\\\/mha-sari-beyaz-7697.png\",\"datePublished\":\"2026-09-02T15:49:57+00:00\",\"breadcrumb\":{\"@id\":\"https:\\\/\\\/kibrisdakik.com\\\/?p=119846#breadcrumb\"},\"inLanguage\":\"tr\",\"potentialAction\":[{\"@type\":\"ReadAction\",\"target\":[\"https:\\\/\\\/kibrisdakik.com\\\/?p=119846\"]}]},{\"@type\":\"ImageObject\",\"inLanguage\":\"tr\",\"@id\":\"https:\\\/\\\/kibrisdakik.com\\\/?p=119846#primaryimage\",\"url\":\"https:\\\/\\\/kibrisdakik.com\\\/wp-content\\\/uploads\\\/2026\\\/09\\\/mha-sari-beyaz-7697.png\",\"contentUrl\":\"https:\\\/\\\/kibrisdakik.com\\\/wp-content\\\/uploads\\\/2026\\\/09\\\/mha-sari-beyaz-7697.png\",\"width\":1280,\"height\":720},{\"@type\":\"BreadcrumbList\",\"@id\":\"https:\\\/\\\/kibrisdakik.com\\\/?p=119846#breadcrumb\",\"itemListElement\":[{\"@type\":\"ListItem\",\"position\":1,\"name\":\"Home\",\"item\":\"https:\\\/\\\/kibrisdakik.com\\\/\"},{\"@type\":\"ListItem\",\"position\":2,\"name\":\"BA\u015eBAKAN \u00dcSTEL: ARIKLI G\u00d6REVDEN ALINDI, KAYIP SAYISI 19\u2019A D\u00dc\u015eT\u00dc\"}]},{\"@type\":\"WebSite\",\"@id\":\"https:\\\/\\\/kibrisdakik.com\\\/#website\",\"url\":\"https:\\\/\\\/kibrisdakik.com\\\/\",\"name\":\"K\u0131br\u0131s Dakik\",\"description\":\"Tam vaktinde haber\",\"publisher\":{\"@id\":\"https:\\\/\\\/kibrisdakik.com\\\/#organization\"},\"potentialAction\":[{\"@type\":\"SearchAction\",\"target\":{\"@type\":\"EntryPoint\",\"urlTemplate\":\"https:\\\/\\\/kibrisdakik.com\\\/?s={search_term_string}\"},\"query-input\":{\"@type\":\"PropertyValueSpecification\",\"valueRequired\":true,\"valueName\":\"search_term_string\"}}],\"inLanguage\":\"tr\"},{\"@type\":\"Organization\",\"@id\":\"https:\\\/\\\/kibrisdakik.com\\\/#organization\",\"name\":\"K\u0131br\u0131s Dakik\",\"url\":\"https:\\\/\\\/kibrisdakik.com\\\/\",\"logo\":{\"@type\":\"ImageObject\",\"inLanguage\":\"tr\",\"@id\":\"https:\\\/\\\/kibrisdakik.com\\\/#\\\/schema\\\/logo\\\/image\\\/\",\"url\":\"https:\\\/\\\/kibrisdakik.com\\\/wp-content\\\/uploads\\\/2025\\\/10\\\/cropped-WhatsApp-Image-2025-10-02-at-12.58.31.jpeg\",\"contentUrl\":\"https:\\\/\\\/kibrisdakik.com\\\/wp-content\\\/uploads\\\/2025\\\/10\\\/cropped-WhatsApp-Image-2025-10-02-at-12.58.31.jpeg\",\"width\":1237,\"height\":190,\"caption\":\"K\u0131br\u0131s Dakik\"},\"image\":{\"@id\":\"https:\\\/\\\/kibrisdakik.com\\\/#\\\/schema\\\/logo\\\/image\\\/\"}},{\"@type\":\"Person\",\"@id\":\"https:\\\/\\\/kibrisdakik.com\\\/#\\\/schema\\\/person\\\/9cd9d437bbb44f72b73ba127e06d8e79\",\"name\":\"admin\",\"image\":{\"@type\":\"ImageObject\",\"inLanguage\":\"tr\",\"@id\":\"https:\\\/\\\/secure.gravatar.com\\\/avatar\\\/ccc17943b9d660506c869530f897617f7cb1c21a4bf30023f252596d83e1f007?s=96&d=mm&r=g\",\"url\":\"https:\\\/\\\/secure.gravatar.com\\\/avatar\\\/ccc17943b9d660506c869530f897617f7cb1c21a4bf30023f252596d83e1f007?s=96&d=mm&r=g\",\"contentUrl\":\"https:\\\/\\\/secure.gravatar.com\\\/avatar\\\/ccc17943b9d660506c869530f897617f7cb1c21a4bf30023f252596d83e1f007?s=96&d=mm&r=g\",\"caption\":\"admin\"},\"sameAs\":[\"https:\\\/\\\/kibrisdakik.com\"],\"url\":\"https:\\\/\\\/kibrisdakik.com\\\/?author=1\"}]}<\/script>\n<!-- \/ Yoast SEO plugin. -->","yoast_head_json":{"title":"BA\u015eBAKAN \u00dcSTEL: ARIKLI G\u00d6REVDEN ALINDI, KAYIP SAYISI 19\u2019A D\u00dc\u015eT\u00dc -","robots":{"index":"index","follow":"follow","max-snippet":"max-snippet:-1","max-image-preview":"max-image-preview:large","max-video-preview":"max-video-preview:-1"},"canonical":"https:\/\/kibrisdakik.com\/?p=119846","og_locale":"tr_TR","og_type":"article","og_title":"BA\u015eBAKAN \u00dcSTEL: ARIKLI G\u00d6REVDEN ALINDI, KAYIP SAYISI 19\u2019A D\u00dc\u015eT\u00dc -","og_description":"Ba\u015fbakan \u00dcnal \u00dcstel, Girne a\u00e7\u0131klar\u0131nda meydana gelen gemi kazas\u0131yla ilgili y\u00fcr\u00fct\u00fclen arama-kurtarma \u00e7al\u0131\u015fmalar\u0131 ve soru\u015fturma s\u00fcrecine ili\u015fkin bas\u0131n a\u00e7\u0131klamas\u0131 yapt\u0131. \u00dcstel, arama-kurtarma faaliyetlerine kat\u0131lan TCG I\u015f\u0131n ve TCG Alemdar gemilerinin bat\u0131kta yapt\u0131\u011f\u0131 incelemeler sonucunda bir naa\u015fa daha ula\u015f\u0131ld\u0131\u011f\u0131n\u0131 belirterek, resmi kay\u0131tlara g\u00f6re hayat\u0131n\u0131 kaybeden vatanda\u015f say\u0131s\u0131n\u0131n 9\u2019a, kay\u0131p say\u0131s\u0131n\u0131n ise 19\u2019a y\u00fckseldi\u011fini a\u00e7\u0131klad\u0131. \u00dcstel ayr\u0131ca,","og_url":"https:\/\/kibrisdakik.com\/?p=119846","article_published_time":"2026-09-02T15:49:57+00:00","og_image":[{"url":"https:\/\/mhahabercom.teimg.com\/crop\/1280x720\/mhahaber-com\/uploads\/2026\/09\/mha-sari-beyaz-7697.png","type":"","width":"","height":""}],"author":"admin","twitter_card":"summary_large_image","twitter_misc":{"Yazan:":"admin","Tahmini okuma s\u00fcresi":"4 dakika"},"schema":{"@context":"https:\/\/schema.org","@graph":[{"@type":"Article","@id":"https:\/\/kibrisdakik.com\/?p=119846#article","isPartOf":{"@id":"https:\/\/kibrisdakik.com\/?p=119846"},"author":{"name":"admin","@id":"https:\/\/kibrisdakik.com\/#\/schema\/person\/9cd9d437bbb44f72b73ba127e06d8e79"},"headline":"BA\u015eBAKAN \u00dcSTEL: ARIKLI G\u00d6REVDEN ALINDI, KAYIP SAYISI 19\u2019A D\u00dc\u015eT\u00dc","datePublished":"2026-09-02T15:49:57+00:00","mainEntityOfPage":{"@id":"https:\/\/kibrisdakik.com\/?p=119846"},"wordCount":906,"commentCount":0,"publisher":{"@id":"https:\/\/kibrisdakik.com\/#organization"},"image":{"@id":"https:\/\/kibrisdakik.com\/?p=119846#primaryimage"},"thumbnailUrl":"https:\/\/kibrisdakik.com\/wp-content\/uploads\/2026\/09\/mha-sari-beyaz-7697.png","articleSection":["K\u0131br\u0131s"],"inLanguage":"tr","potentialAction":[{"@type":"CommentAction","name":"Comment","target":["https:\/\/kibrisdakik.com\/?p=119846#respond"]}]},{"@type":"WebPage","@id":"https:\/\/kibrisdakik.com\/?p=119846","url":"https:\/\/kibrisdakik.com\/?p=119846","name":"BA\u015eBAKAN \u00dcSTEL: ARIKLI G\u00d6REVDEN ALINDI, KAYIP SAYISI 19\u2019A D\u00dc\u015eT\u00dc -","isPartOf":{"@id":"https:\/\/kibrisdakik.com\/#website"},"primaryImageOfPage":{"@id":"https:\/\/kibrisdakik.com\/?p=119846#primaryimage"},"image":{"@id":"https:\/\/kibrisdakik.com\/?p=119846#primaryimage"},"thumbnailUrl":"https:\/\/kibrisdakik.com\/wp-content\/uploads\/2026\/09\/mha-sari-beyaz-7697.png","datePublished":"2026-09-02T15:49:57+00:00","breadcrumb":{"@id":"https:\/\/kibrisdakik.com\/?p=119846#breadcrumb"},"inLanguage":"tr","potentialAction":[{"@type":"ReadAction","target":["https:\/\/kibrisdakik.com\/?p=119846"]}]},{"@type":"ImageObject","inLanguage":"tr","@id":"https:\/\/kibrisdakik.com\/?p=119846#primaryimage","url":"https:\/\/kibrisdakik.com\/wp-content\/uploads\/2026\/09\/mha-sari-beyaz-7697.png","contentUrl":"https:\/\/kibrisdakik.com\/wp-content\/uploads\/2026\/09\/mha-sari-beyaz-7697.png","width":1280,"height":720},{"@type":"BreadcrumbList","@id":"https:\/\/kibrisdakik.com\/?p=119846#breadcrumb","itemListElement":[{"@type":"ListItem","position":1,"name":"Home","item":"https:\/\/kibrisdakik.com\/"},{"@type":"ListItem","position":2,"name":"BA\u015eBAKAN \u00dcSTEL: ARIKLI G\u00d6REVDEN ALINDI, KAYIP SAYISI 19\u2019A D\u00dc\u015eT\u00dc"}]},{"@type":"WebSite","@id":"https:\/\/kibrisdakik.com\/#website","url":"https:\/\/kibrisdakik.com\/","name":"K\u0131br\u0131s Dakik","description":"Tam vaktinde haber","publisher":{"@id":"https:\/\/kibrisdakik.com\/#organization"},"potentialAction":[{"@type":"SearchAction","target":{"@type":"EntryPoint","urlTemplate":"https:\/\/kibrisdakik.com\/?s={search_term_string}"},"query-input":{"@type":"PropertyValueSpecification","valueRequired":true,"valueName":"search_term_string"}}],"inLanguage":"tr"},{"@type":"Organization","@id":"https:\/\/kibrisdakik.com\/#organization","name":"K\u0131br\u0131s Dakik","url":"https:\/\/kibrisdakik.com\/","logo":{"@type":"ImageObject","inLanguage":"tr","@id":"https:\/\/kibrisdakik.com\/#\/schema\/logo\/image\/","url":"https:\/\/kibrisdakik.com\/wp-content\/uploads\/2025\/10\/cropped-WhatsApp-Image-2025-10-02-at-12.58.31.jpeg","contentUrl":"https:\/\/kibrisdakik.com\/wp-content\/uploads\/2025\/10\/cropped-WhatsApp-Image-2025-10-02-at-12.58.31.jpeg","width":1237,"height":190,"caption":"K\u0131br\u0131s Dakik"},"image":{"@id":"https:\/\/kibrisdakik.com\/#\/schema\/logo\/image\/"}},{"@type":"Person","@id":"https:\/\/kibrisdakik.com\/#\/schema\/person\/9cd9d437bbb44f72b73ba127e06d8e79","name":"admin","image":{"@type":"ImageObject","inLanguage":"tr","@id":"https:\/\/secure.gravatar.com\/avatar\/ccc17943b9d660506c869530f897617f7cb1c21a4bf30023f252596d83e1f007?s=96&d=mm&r=g","url":"https:\/\/secure.gravatar.com\/avatar\/ccc17943b9d660506c869530f897617f7cb1c21a4bf30023f252596d83e1f007?s=96&d=mm&r=g","contentUrl":"https:\/\/secure.gravatar.com\/avatar\/ccc17943b9d660506c869530f897617f7cb1c21a4bf30023f252596d83e1f007?s=96&d=mm&r=g","caption":"admin"},"sameAs":["https:\/\/kibrisdakik.com"],"url":"https:\/\/kibrisdakik.com\/?author=1"}]}},"_links":{"self":[{"href":"https:\/\/kibrisdakik.com\/index.php?rest_route=\/wp\/v2\/posts\/119846","targetHints":{"allow":["GET"]}}],"collection":[{"href":"https:\/\/kibrisdakik.com\/index.php?rest_route=\/wp\/v2\/posts"}],"about":[{"href":"https:\/\/kibrisdakik.com\/index.php?rest_route=\/wp\/v2\/types\/post"}],"author":[{"embeddable":true,"href":"https:\/\/kibrisdakik.com\/index.php?rest_route=\/wp\/v2\/users\/1"}],"replies":[{"embeddable":true,"href":"https:\/\/kibrisdakik.com\/index.php?rest_route=%2Fwp%2Fv2%2Fcomments&post=119846"}],"version-history":[{"count":0,"href":"https:\/\/kibrisdakik.com\/index.php?rest_route=\/wp\/v2\/posts\/119846\/revisions"}],"wp:featuredmedia":[{"embeddable":true,"href":"https:\/\/kibrisdakik.com\/index.php?rest_route=\/wp\/v2\/media\/119847"}],"wp:attachment":[{"href":"https:\/\/kibrisdakik.com\/index.php?rest_route=%2Fwp%2Fv2%2Fmedia&parent=119846"}],"wp:term":[{"taxonomy":"category","embeddable":true,"href":"https:\/\/kibrisdakik.com\/index.php?rest_route=%2Fwp%2Fv2%2Fcategories&post=119846"},{"taxonomy":"post_tag","embeddable":true,"href":"https:\/\/kibrisdakik.com\/index.php?rest_route=%2Fwp%2Fv2%2Ftags&post=119846"}],"curies":[{"name":"wp","href":"https:\/\/api.w.org\/{rel}","templated":true}]}}