{"id":119883,"date":"2026-09-03T09:42:53","date_gmt":"2026-09-03T06:42:53","guid":{"rendered":"https:\/\/kibrisdakik.com\/?p=119883"},"modified":"2026-09-03T09:42:53","modified_gmt":"2026-09-03T06:42:53","slug":"ariklidan-ustele-dikkat-ceken-tesekkur","status":"publish","type":"post","link":"https:\/\/kibrisdakik.com\/?p=119883","title":{"rendered":"ARIKLI\u2019DAN \u00dcSTEL\u2019E D\u0130KKAT \u00c7EKEN TE\u015eEKK\u00dcR"},"content":{"rendered":"<p><\/p>\n<div data-text-id=\"207206\" property=\"articleBody\">\n<p>Yeniden Do\u011fu\u015f Partisi (YDP) Genel Ba\u015fkan\u0131 Erhan Ar\u0131kl\u0131, Bay\u0131nd\u0131rl\u0131k ve Ula\u015ft\u0131rma Bakanl\u0131\u011f\u0131&#8217;ndan al\u0131nmas\u0131 sonras\u0131nda Parti Meclisi&#8217;nin verdi\u011fi h\u00fck\u00fcmetten \u00e7ekilme karar\u0131yla ilgili &#8220;Bu benim asl\u0131nda iki y\u0131ldan beri bekledi\u011fim bir f\u0131rsatt\u0131. Bana bu f\u0131rsat\u0131 verdi\u011fi i\u00e7in Ba\u015fbakan \u00dcnal \u00dcstel\u2019e te\u015fekk\u00fcr ederim.\u201d dedi.<\/p>\n<p>Ar\u0131kl\u0131, h\u00fck\u00fcmetin \u00e7ok daha \u00f6nceden se\u00e7ime gitmesi gerekti\u011fini s\u00f6yledi\u011fini de belirtti.<\/p>\n<p>Ar\u0131kl\u0131, Parti Meclisi\u2019nin ald\u0131\u011f\u0131 h\u00fck\u00fcmetten \u00e7ekilme karar\u0131n\u0131 yar\u0131n Ba\u015fbakan \u00dcnal \u00dcstel\u2019e yaz\u0131l\u0131 olarak bildireceklerini kaydetti.<\/p>\n<p>YDP Genel Merkezi\u2019nde yakla\u015f\u0131k bir saat s\u00fcren toplant\u0131n\u0131n ard\u0131ndan a\u00e7\u0131klama yapan YDP Genel Ba\u015fkan\u0131 Ar\u0131kl\u0131, soru\u015fturma tamamlanana kadar Limanlar Dairesi&#8217;nin Bay\u0131nd\u0131rl\u0131k ve Ula\u015ft\u0131rma Bakanl\u0131\u011f\u0131&#8217;ndan al\u0131narak Ba\u015fbakanl\u0131\u011fa ba\u011flanmas\u0131yla ilgili bir a\u00e7\u0131klama yapt\u0131\u011f\u0131n\u0131 an\u0131msatt\u0131.<\/p>\n<p>Dokunulmazl\u0131\u011f\u0131n\u0131n kald\u0131r\u0131lmas\u0131 konusunda yar\u0131n meclis ba\u015fkanl\u0131\u011f\u0131na dilek\u00e7e verece\u011fini hat\u0131rlatan Ar\u0131kl\u0131, \u201cBu a\u00e7\u0131klamam\u0131n \u00fczerinden bir s\u00fcre sonra Ba\u015fbakan \u00dcnal \u00dcstel beni arayarak, \u2018soru\u015fturman\u0131n selameti a\u00e7\u0131s\u0131ndan seni g\u00f6revden almak zorunday\u0131m\u2019 dedi. Ben de kendisine te\u015fekk\u00fcr ettim.\u201d \u015feklinde konu\u015ftu.<\/p>\n<p>S\u00f6ylenecek \u00e7ok \u015fey oldu\u011funu kaydeden Ar\u0131kl\u0131, &#8220;Kay\u0131p 19 insan\u0131m\u0131z var. Kay\u0131p yak\u0131nlar\u0131 infial i\u00e7erisinde bekliyorlar. Dolay\u0131s\u0131yla \u015fimdi bir siyasi bir tart\u0131\u015fma ortam\u0131 yaratmamak, konuyu \u00e7ok fazla dalgaland\u0131rmamak ve yeni tart\u0131\u015fmalara meydan vermemek ad\u0131na s\u00f6yleyece\u011fimiz \u015feyleri \u00f6n\u00fcm\u00fczdeki g\u00fcnlere sakl\u0131yoruz.&#8221; diye konu\u015ftu.<\/p>\n<p>&#8211; \u201cKay\u0131p ailelerinden ka\u00e7acak bir durumum yok\u201d<\/p>\n<p>Kay\u0131p yak\u0131nlar\u0131n\u0131n s\u00fcrekli provoke edildi\u011fini belirten Ar\u0131kl\u0131, \u201cIsrarla oraya gitmem istendi. Kar\u015f\u0131 bir sald\u0131r\u0131 yap\u0131ls\u0131n, arbede \u00e7\u0131ks\u0131n. Ertesi g\u00fcn de hem T\u00fcrkiye hem de burada \u2018YDP\u2019liler kay\u0131p aile yak\u0131nlar\u0131yla kavga etti.\u2019 \u015feklinde man\u015fetler at\u0131ls\u0131n istiyorlard\u0131.\u201d dedi.<\/p>\n<p>Kay\u0131p ailelerinden saklanacak, gizlenecek ve ka\u00e7acak bir durum olmad\u0131\u011f\u0131n\u0131 dile getiren Ar\u0131kl\u0131, \u201cArt\u0131k rahat\u0131z. H\u00fck\u00fcmette olmayan bir parti ve parti ba\u015fkan\u0131 olarak kay\u0131p ailelerine derdimizi anlat\u0131r\u0131z.\u201d \u015feklinde konu\u015ftu.<\/p>\n<p>Bir soru \u00fczerine Ar\u0131kl\u0131, olay\u0131n ara\u015ft\u0131r\u0131lmas\u0131 i\u00e7in T\u00fcrkiye Cumhuriyeti Ula\u015ft\u0131rma ve Altyap\u0131 Bakanl\u0131\u011f\u0131\u2019ndan kaza k\u0131r\u0131m ekibinin KKTC\u2019ye geldi\u011fini an\u0131msatt\u0131.<\/p>\n<p>Gemiye ge\u00e7erli belgeyi veren T\u00fcrk Loydu yetkililerinin de KKTC\u2019ye gelece\u011fini ifade eden Ar\u0131kl\u0131, teknik incelemelerin ard\u0131ndan \u00f6n rapor haz\u0131rlanaca\u011f\u0131n\u0131 ifade etti.<\/p>\n<p>\u201c\u015eu ana kadar yap\u0131lan b\u00fct\u00fcn yorumlar\u0131n hepsi spek\u00fclasyondur. Hepsi tahmine dayal\u0131d\u0131r.\u201d diye konu\u015fan Ar\u0131kl\u0131, kaza k\u0131r\u0131m ekibinin gerekli inceleme ve ara\u015ft\u0131rmalar\u0131n\u0131 yapt\u0131\u011f\u0131n\u0131 dile getirdi.<\/p>\n<\/p><\/div>\n","protected":false},"excerpt":{"rendered":"<p>Yeniden Do\u011fu\u015f Partisi (YDP) Genel Ba\u015fkan\u0131 Erhan Ar\u0131kl\u0131, Bay\u0131nd\u0131rl\u0131k ve Ula\u015ft\u0131rma Bakanl\u0131\u011f\u0131&#8217;ndan al\u0131nmas\u0131 sonras\u0131nda Parti Meclisi&#8217;nin verdi\u011fi h\u00fck\u00fcmetten \u00e7ekilme karar\u0131yla ilgili &#8220;Bu benim asl\u0131nda iki y\u0131ldan beri bekledi\u011fim bir f\u0131rsatt\u0131. Bana bu f\u0131rsat\u0131 verdi\u011fi i\u00e7in Ba\u015fbakan \u00dcnal \u00dcstel\u2019e te\u015fekk\u00fcr ederim.\u201d dedi. Ar\u0131kl\u0131, h\u00fck\u00fcmetin \u00e7ok daha \u00f6nceden se\u00e7ime gitmesi gerekti\u011fini s\u00f6yledi\u011fini de belirtti. Ar\u0131kl\u0131, Parti Meclisi\u2019nin<\/p>\n","protected":false},"author":1,"featured_media":119884,"comment_status":"open","ping_status":"open","sticky":false,"template":"","format":"standard","meta":{"footnotes":""},"categories":[81],"tags":[],"class_list":["post-119883","post","type-post","status-publish","format-standard","has-post-thumbnail","hentry","category-kibris"],"yoast_head":"<!-- This site is optimized with the Yoast SEO plugin v28.4 - https:\/\/yoast.com\/product\/yoast-seo-wordpress\/ -->\n<title>ARIKLI\u2019DAN \u00dcSTEL\u2019E D\u0130KKAT \u00c7EKEN TE\u015eEKK\u00dcR -<\/title>\n<meta name=\"robots\" content=\"index, follow, max-snippet:-1, max-image-preview:large, max-video-preview:-1\" \/>\n<link rel=\"canonical\" href=\"https:\/\/kibrisdakik.com\/?p=119883\" \/>\n<meta property=\"og:locale\" content=\"tr_TR\" \/>\n<meta property=\"og:type\" content=\"article\" \/>\n<meta property=\"og:title\" content=\"ARIKLI\u2019DAN \u00dcSTEL\u2019E D\u0130KKAT \u00c7EKEN TE\u015eEKK\u00dcR -\" \/>\n<meta property=\"og:description\" content=\"Yeniden Do\u011fu\u015f Partisi (YDP) Genel Ba\u015fkan\u0131 Erhan Ar\u0131kl\u0131, Bay\u0131nd\u0131rl\u0131k ve Ula\u015ft\u0131rma Bakanl\u0131\u011f\u0131&#8217;ndan al\u0131nmas\u0131 sonras\u0131nda Parti Meclisi&#8217;nin verdi\u011fi h\u00fck\u00fcmetten \u00e7ekilme karar\u0131yla ilgili &#8220;Bu benim asl\u0131nda iki y\u0131ldan beri bekledi\u011fim bir f\u0131rsatt\u0131. Bana bu f\u0131rsat\u0131 verdi\u011fi i\u00e7in Ba\u015fbakan \u00dcnal \u00dcstel\u2019e te\u015fekk\u00fcr ederim.\u201d dedi. Ar\u0131kl\u0131, h\u00fck\u00fcmetin \u00e7ok daha \u00f6nceden se\u00e7ime gitmesi gerekti\u011fini s\u00f6yledi\u011fini de belirtti. Ar\u0131kl\u0131, Parti Meclisi\u2019nin\" \/>\n<meta property=\"og:url\" content=\"https:\/\/kibrisdakik.com\/?p=119883\" \/>\n<meta property=\"article:published_time\" content=\"2026-09-03T06:42:53+00:00\" \/>\n<meta property=\"og:image\" content=\"https:\/\/mhahabercom.teimg.com\/crop\/1280x720\/mhahaber-com\/uploads\/2026\/09\/mha-sari-beyaz-7698.png\" \/>\n<meta name=\"author\" content=\"admin\" \/>\n<meta name=\"twitter:card\" content=\"summary_large_image\" \/>\n<meta name=\"twitter:label1\" content=\"Yazan:\" \/>\n\t<meta name=\"twitter:data1\" content=\"admin\" \/>\n\t<meta name=\"twitter:label2\" content=\"Tahmini okuma s\u00fcresi\" \/>\n\t<meta name=\"twitter:data2\" content=\"2 dakika\" \/>\n<script type=\"application\/ld+json\" class=\"yoast-schema-graph\">{\"@context\":\"https:\\\/\\\/schema.org\",\"@graph\":[{\"@type\":\"Article\",\"@id\":\"https:\\\/\\\/kibrisdakik.com\\\/?p=119883#article\",\"isPartOf\":{\"@id\":\"https:\\\/\\\/kibrisdakik.com\\\/?p=119883\"},\"author\":{\"name\":\"admin\",\"@id\":\"https:\\\/\\\/kibrisdakik.com\\\/#\\\/schema\\\/person\\\/9cd9d437bbb44f72b73ba127e06d8e79\"},\"headline\":\"ARIKLI\u2019DAN \u00dcSTEL\u2019E D\u0130KKAT \u00c7EKEN TE\u015eEKK\u00dcR\",\"datePublished\":\"2026-09-03T06:42:53+00:00\",\"mainEntityOfPage\":{\"@id\":\"https:\\\/\\\/kibrisdakik.com\\\/?p=119883\"},\"wordCount\":506,\"commentCount\":0,\"publisher\":{\"@id\":\"https:\\\/\\\/kibrisdakik.com\\\/#organization\"},\"image\":{\"@id\":\"https:\\\/\\\/kibrisdakik.com\\\/?p=119883#primaryimage\"},\"thumbnailUrl\":\"https:\\\/\\\/kibrisdakik.com\\\/wp-content\\\/uploads\\\/2026\\\/09\\\/mha-sari-beyaz-7698.png\",\"articleSection\":[\"K\u0131br\u0131s\"],\"inLanguage\":\"tr\",\"potentialAction\":[{\"@type\":\"CommentAction\",\"name\":\"Comment\",\"target\":[\"https:\\\/\\\/kibrisdakik.com\\\/?p=119883#respond\"]}]},{\"@type\":\"WebPage\",\"@id\":\"https:\\\/\\\/kibrisdakik.com\\\/?p=119883\",\"url\":\"https:\\\/\\\/kibrisdakik.com\\\/?p=119883\",\"name\":\"ARIKLI\u2019DAN \u00dcSTEL\u2019E D\u0130KKAT \u00c7EKEN TE\u015eEKK\u00dcR -\",\"isPartOf\":{\"@id\":\"https:\\\/\\\/kibrisdakik.com\\\/#website\"},\"primaryImageOfPage\":{\"@id\":\"https:\\\/\\\/kibrisdakik.com\\\/?p=119883#primaryimage\"},\"image\":{\"@id\":\"https:\\\/\\\/kibrisdakik.com\\\/?p=119883#primaryimage\"},\"thumbnailUrl\":\"https:\\\/\\\/kibrisdakik.com\\\/wp-content\\\/uploads\\\/2026\\\/09\\\/mha-sari-beyaz-7698.png\",\"datePublished\":\"2026-09-03T06:42:53+00:00\",\"breadcrumb\":{\"@id\":\"https:\\\/\\\/kibrisdakik.com\\\/?p=119883#breadcrumb\"},\"inLanguage\":\"tr\",\"potentialAction\":[{\"@type\":\"ReadAction\",\"target\":[\"https:\\\/\\\/kibrisdakik.com\\\/?p=119883\"]}]},{\"@type\":\"ImageObject\",\"inLanguage\":\"tr\",\"@id\":\"https:\\\/\\\/kibrisdakik.com\\\/?p=119883#primaryimage\",\"url\":\"https:\\\/\\\/kibrisdakik.com\\\/wp-content\\\/uploads\\\/2026\\\/09\\\/mha-sari-beyaz-7698.png\",\"contentUrl\":\"https:\\\/\\\/kibrisdakik.com\\\/wp-content\\\/uploads\\\/2026\\\/09\\\/mha-sari-beyaz-7698.png\",\"width\":1280,\"height\":720},{\"@type\":\"BreadcrumbList\",\"@id\":\"https:\\\/\\\/kibrisdakik.com\\\/?p=119883#breadcrumb\",\"itemListElement\":[{\"@type\":\"ListItem\",\"position\":1,\"name\":\"Home\",\"item\":\"https:\\\/\\\/kibrisdakik.com\\\/\"},{\"@type\":\"ListItem\",\"position\":2,\"name\":\"ARIKLI\u2019DAN \u00dcSTEL\u2019E D\u0130KKAT \u00c7EKEN TE\u015eEKK\u00dcR\"}]},{\"@type\":\"WebSite\",\"@id\":\"https:\\\/\\\/kibrisdakik.com\\\/#website\",\"url\":\"https:\\\/\\\/kibrisdakik.com\\\/\",\"name\":\"K\u0131br\u0131s Dakik\",\"description\":\"Tam vaktinde haber\",\"publisher\":{\"@id\":\"https:\\\/\\\/kibrisdakik.com\\\/#organization\"},\"potentialAction\":[{\"@type\":\"SearchAction\",\"target\":{\"@type\":\"EntryPoint\",\"urlTemplate\":\"https:\\\/\\\/kibrisdakik.com\\\/?s={search_term_string}\"},\"query-input\":{\"@type\":\"PropertyValueSpecification\",\"valueRequired\":true,\"valueName\":\"search_term_string\"}}],\"inLanguage\":\"tr\"},{\"@type\":\"Organization\",\"@id\":\"https:\\\/\\\/kibrisdakik.com\\\/#organization\",\"name\":\"K\u0131br\u0131s Dakik\",\"url\":\"https:\\\/\\\/kibrisdakik.com\\\/\",\"logo\":{\"@type\":\"ImageObject\",\"inLanguage\":\"tr\",\"@id\":\"https:\\\/\\\/kibrisdakik.com\\\/#\\\/schema\\\/logo\\\/image\\\/\",\"url\":\"https:\\\/\\\/kibrisdakik.com\\\/wp-content\\\/uploads\\\/2025\\\/10\\\/cropped-WhatsApp-Image-2025-10-02-at-12.58.31.jpeg\",\"contentUrl\":\"https:\\\/\\\/kibrisdakik.com\\\/wp-content\\\/uploads\\\/2025\\\/10\\\/cropped-WhatsApp-Image-2025-10-02-at-12.58.31.jpeg\",\"width\":1237,\"height\":190,\"caption\":\"K\u0131br\u0131s Dakik\"},\"image\":{\"@id\":\"https:\\\/\\\/kibrisdakik.com\\\/#\\\/schema\\\/logo\\\/image\\\/\"}},{\"@type\":\"Person\",\"@id\":\"https:\\\/\\\/kibrisdakik.com\\\/#\\\/schema\\\/person\\\/9cd9d437bbb44f72b73ba127e06d8e79\",\"name\":\"admin\",\"image\":{\"@type\":\"ImageObject\",\"inLanguage\":\"tr\",\"@id\":\"https:\\\/\\\/secure.gravatar.com\\\/avatar\\\/ccc17943b9d660506c869530f897617f7cb1c21a4bf30023f252596d83e1f007?s=96&d=mm&r=g\",\"url\":\"https:\\\/\\\/secure.gravatar.com\\\/avatar\\\/ccc17943b9d660506c869530f897617f7cb1c21a4bf30023f252596d83e1f007?s=96&d=mm&r=g\",\"contentUrl\":\"https:\\\/\\\/secure.gravatar.com\\\/avatar\\\/ccc17943b9d660506c869530f897617f7cb1c21a4bf30023f252596d83e1f007?s=96&d=mm&r=g\",\"caption\":\"admin\"},\"sameAs\":[\"https:\\\/\\\/kibrisdakik.com\"],\"url\":\"https:\\\/\\\/kibrisdakik.com\\\/?author=1\"}]}<\/script>\n<!-- \/ Yoast SEO plugin. -->","yoast_head_json":{"title":"ARIKLI\u2019DAN \u00dcSTEL\u2019E D\u0130KKAT \u00c7EKEN TE\u015eEKK\u00dcR -","robots":{"index":"index","follow":"follow","max-snippet":"max-snippet:-1","max-image-preview":"max-image-preview:large","max-video-preview":"max-video-preview:-1"},"canonical":"https:\/\/kibrisdakik.com\/?p=119883","og_locale":"tr_TR","og_type":"article","og_title":"ARIKLI\u2019DAN \u00dcSTEL\u2019E D\u0130KKAT \u00c7EKEN TE\u015eEKK\u00dcR -","og_description":"Yeniden Do\u011fu\u015f Partisi (YDP) Genel Ba\u015fkan\u0131 Erhan Ar\u0131kl\u0131, Bay\u0131nd\u0131rl\u0131k ve Ula\u015ft\u0131rma Bakanl\u0131\u011f\u0131&#8217;ndan al\u0131nmas\u0131 sonras\u0131nda Parti Meclisi&#8217;nin verdi\u011fi h\u00fck\u00fcmetten \u00e7ekilme karar\u0131yla ilgili &#8220;Bu benim asl\u0131nda iki y\u0131ldan beri bekledi\u011fim bir f\u0131rsatt\u0131. Bana bu f\u0131rsat\u0131 verdi\u011fi i\u00e7in Ba\u015fbakan \u00dcnal \u00dcstel\u2019e te\u015fekk\u00fcr ederim.\u201d dedi. Ar\u0131kl\u0131, h\u00fck\u00fcmetin \u00e7ok daha \u00f6nceden se\u00e7ime gitmesi gerekti\u011fini s\u00f6yledi\u011fini de belirtti. Ar\u0131kl\u0131, Parti Meclisi\u2019nin","og_url":"https:\/\/kibrisdakik.com\/?p=119883","article_published_time":"2026-09-03T06:42:53+00:00","og_image":[{"url":"https:\/\/mhahabercom.teimg.com\/crop\/1280x720\/mhahaber-com\/uploads\/2026\/09\/mha-sari-beyaz-7698.png","type":"","width":"","height":""}],"author":"admin","twitter_card":"summary_large_image","twitter_misc":{"Yazan:":"admin","Tahmini okuma s\u00fcresi":"2 dakika"},"schema":{"@context":"https:\/\/schema.org","@graph":[{"@type":"Article","@id":"https:\/\/kibrisdakik.com\/?p=119883#article","isPartOf":{"@id":"https:\/\/kibrisdakik.com\/?p=119883"},"author":{"name":"admin","@id":"https:\/\/kibrisdakik.com\/#\/schema\/person\/9cd9d437bbb44f72b73ba127e06d8e79"},"headline":"ARIKLI\u2019DAN \u00dcSTEL\u2019E D\u0130KKAT \u00c7EKEN TE\u015eEKK\u00dcR","datePublished":"2026-09-03T06:42:53+00:00","mainEntityOfPage":{"@id":"https:\/\/kibrisdakik.com\/?p=119883"},"wordCount":506,"commentCount":0,"publisher":{"@id":"https:\/\/kibrisdakik.com\/#organization"},"image":{"@id":"https:\/\/kibrisdakik.com\/?p=119883#primaryimage"},"thumbnailUrl":"https:\/\/kibrisdakik.com\/wp-content\/uploads\/2026\/09\/mha-sari-beyaz-7698.png","articleSection":["K\u0131br\u0131s"],"inLanguage":"tr","potentialAction":[{"@type":"CommentAction","name":"Comment","target":["https:\/\/kibrisdakik.com\/?p=119883#respond"]}]},{"@type":"WebPage","@id":"https:\/\/kibrisdakik.com\/?p=119883","url":"https:\/\/kibrisdakik.com\/?p=119883","name":"ARIKLI\u2019DAN \u00dcSTEL\u2019E D\u0130KKAT \u00c7EKEN TE\u015eEKK\u00dcR -","isPartOf":{"@id":"https:\/\/kibrisdakik.com\/#website"},"primaryImageOfPage":{"@id":"https:\/\/kibrisdakik.com\/?p=119883#primaryimage"},"image":{"@id":"https:\/\/kibrisdakik.com\/?p=119883#primaryimage"},"thumbnailUrl":"https:\/\/kibrisdakik.com\/wp-content\/uploads\/2026\/09\/mha-sari-beyaz-7698.png","datePublished":"2026-09-03T06:42:53+00:00","breadcrumb":{"@id":"https:\/\/kibrisdakik.com\/?p=119883#breadcrumb"},"inLanguage":"tr","potentialAction":[{"@type":"ReadAction","target":["https:\/\/kibrisdakik.com\/?p=119883"]}]},{"@type":"ImageObject","inLanguage":"tr","@id":"https:\/\/kibrisdakik.com\/?p=119883#primaryimage","url":"https:\/\/kibrisdakik.com\/wp-content\/uploads\/2026\/09\/mha-sari-beyaz-7698.png","contentUrl":"https:\/\/kibrisdakik.com\/wp-content\/uploads\/2026\/09\/mha-sari-beyaz-7698.png","width":1280,"height":720},{"@type":"BreadcrumbList","@id":"https:\/\/kibrisdakik.com\/?p=119883#breadcrumb","itemListElement":[{"@type":"ListItem","position":1,"name":"Home","item":"https:\/\/kibrisdakik.com\/"},{"@type":"ListItem","position":2,"name":"ARIKLI\u2019DAN \u00dcSTEL\u2019E D\u0130KKAT \u00c7EKEN TE\u015eEKK\u00dcR"}]},{"@type":"WebSite","@id":"https:\/\/kibrisdakik.com\/#website","url":"https:\/\/kibrisdakik.com\/","name":"K\u0131br\u0131s Dakik","description":"Tam vaktinde haber","publisher":{"@id":"https:\/\/kibrisdakik.com\/#organization"},"potentialAction":[{"@type":"SearchAction","target":{"@type":"EntryPoint","urlTemplate":"https:\/\/kibrisdakik.com\/?s={search_term_string}"},"query-input":{"@type":"PropertyValueSpecification","valueRequired":true,"valueName":"search_term_string"}}],"inLanguage":"tr"},{"@type":"Organization","@id":"https:\/\/kibrisdakik.com\/#organization","name":"K\u0131br\u0131s Dakik","url":"https:\/\/kibrisdakik.com\/","logo":{"@type":"ImageObject","inLanguage":"tr","@id":"https:\/\/kibrisdakik.com\/#\/schema\/logo\/image\/","url":"https:\/\/kibrisdakik.com\/wp-content\/uploads\/2025\/10\/cropped-WhatsApp-Image-2025-10-02-at-12.58.31.jpeg","contentUrl":"https:\/\/kibrisdakik.com\/wp-content\/uploads\/2025\/10\/cropped-WhatsApp-Image-2025-10-02-at-12.58.31.jpeg","width":1237,"height":190,"caption":"K\u0131br\u0131s Dakik"},"image":{"@id":"https:\/\/kibrisdakik.com\/#\/schema\/logo\/image\/"}},{"@type":"Person","@id":"https:\/\/kibrisdakik.com\/#\/schema\/person\/9cd9d437bbb44f72b73ba127e06d8e79","name":"admin","image":{"@type":"ImageObject","inLanguage":"tr","@id":"https:\/\/secure.gravatar.com\/avatar\/ccc17943b9d660506c869530f897617f7cb1c21a4bf30023f252596d83e1f007?s=96&d=mm&r=g","url":"https:\/\/secure.gravatar.com\/avatar\/ccc17943b9d660506c869530f897617f7cb1c21a4bf30023f252596d83e1f007?s=96&d=mm&r=g","contentUrl":"https:\/\/secure.gravatar.com\/avatar\/ccc17943b9d660506c869530f897617f7cb1c21a4bf30023f252596d83e1f007?s=96&d=mm&r=g","caption":"admin"},"sameAs":["https:\/\/kibrisdakik.com"],"url":"https:\/\/kibrisdakik.com\/?author=1"}]}},"_links":{"self":[{"href":"https:\/\/kibrisdakik.com\/index.php?rest_route=\/wp\/v2\/posts\/119883","targetHints":{"allow":["GET"]}}],"collection":[{"href":"https:\/\/kibrisdakik.com\/index.php?rest_route=\/wp\/v2\/posts"}],"about":[{"href":"https:\/\/kibrisdakik.com\/index.php?rest_route=\/wp\/v2\/types\/post"}],"author":[{"embeddable":true,"href":"https:\/\/kibrisdakik.com\/index.php?rest_route=\/wp\/v2\/users\/1"}],"replies":[{"embeddable":true,"href":"https:\/\/kibrisdakik.com\/index.php?rest_route=%2Fwp%2Fv2%2Fcomments&post=119883"}],"version-history":[{"count":0,"href":"https:\/\/kibrisdakik.com\/index.php?rest_route=\/wp\/v2\/posts\/119883\/revisions"}],"wp:featuredmedia":[{"embeddable":true,"href":"https:\/\/kibrisdakik.com\/index.php?rest_route=\/wp\/v2\/media\/119884"}],"wp:attachment":[{"href":"https:\/\/kibrisdakik.com\/index.php?rest_route=%2Fwp%2Fv2%2Fmedia&parent=119883"}],"wp:term":[{"taxonomy":"category","embeddable":true,"href":"https:\/\/kibrisdakik.com\/index.php?rest_route=%2Fwp%2Fv2%2Fcategories&post=119883"},{"taxonomy":"post_tag","embeddable":true,"href":"https:\/\/kibrisdakik.com\/index.php?rest_route=%2Fwp%2Fv2%2Ftags&post=119883"}],"curies":[{"name":"wp","href":"https:\/\/api.w.org\/{rel}","templated":true}]}}