{"id":119890,"date":"2026-09-03T10:21:09","date_gmt":"2026-09-03T07:21:09","guid":{"rendered":"https:\/\/kibrisdakik.com\/?p=119890"},"modified":"2026-09-03T10:21:09","modified_gmt":"2026-09-03T07:21:09","slug":"sencer-bir-bakanla-sinirli-kalmamali","status":"publish","type":"post","link":"https:\/\/kibrisdakik.com\/?p=119890","title":{"rendered":"Sencer: \u201cBir bakanla s\u0131n\u0131rl\u0131 kalmamal\u0131\u201d"},"content":{"rendered":"<p style=\"font-weight: 300;\"><span style=\"font-weight: 300 !important;\">Milliyet\u00e7i Demokrasi Partisi (MDP) Genel Sekreteri Sunalp Dervi\u015f Sencer,<\/span><span style=\"font-weight: 300 !important;\">\u00a0<\/span><span style=\"font-weight: 300 !important;\">ya\u015fanan gemi facias\u0131 neticesinde konuyla ilgili yetkililerin, kendi iradeleriyle g\u00f6revden uzakla\u015fmamalar\u0131 halinde, g\u00f6revden al\u0131nmalar\u0131n\u0131n do\u011fru oldu\u011funu ancak bunun sadece bir bakanla s\u0131n\u0131rl\u0131 kalmamas\u0131 gerekti\u011fini belirtti.<\/span><\/p>\n<p style=\"font-weight: 300;\"><span style=\"font-weight: 300 !important;\">Sencer yapt\u0131\u011f\u0131 yaz\u0131l\u0131 a\u00e7\u0131klamada, Ba\u015fbakan \u00dcnal \u00dcstel\u2019in, Bay\u0131nd\u0131rl\u0131k ve Ula\u015ft\u0131rma Bakan\u0131 Erhan Ar\u0131kl\u0131\u2019n\u0131n istifa etmeyece\u011fini bildi\u011fi i\u00e7in Ar\u0131kl\u0131\u2019y\u0131 g\u00f6revden ald\u0131\u011f\u0131n\u0131 ileri s\u00fcrerek, \u201cMaksad\u0131 her ne kadar has olmasa da yap\u0131lmas\u0131 gerekeni yapt\u0131\u201d dedi.<\/span><\/p>\n<p style=\"font-weight: 300;\"><span style=\"font-weight: 300 !important;\">\u201cMDP, Erhan Ar\u0131kl\u0131\u2019n\u0131n, siyasetin de erdem ve haysiyetle y\u00fcr\u00fct\u00fclebilece\u011fini g\u00f6stererek, kendi iradesiyle g\u00f6revden \u00e7ekilmesini bekliyordu. Maalesef bu olmad\u0131. Aksine, Yeniden Do\u011fu\u015f Partisi, h\u00fck\u00fcmetten \u00e7ekildi\u011fini il\u00e2n etti\u201d diyen Sencer, \u201cMu\u011flak olan husus ise \u015fudur: YDP salt h\u00fck\u00fcmetten mi \u00e7ekildi koalisyondan m\u0131 \u00e7ekildi?\u201d sorusunu sordu.<\/span><\/p>\n<p style=\"font-weight: 300;\"><span style=\"font-weight: 300 !important;\">YDP\u2019nin, h\u00fck\u00fcmetten \u00e7ekilebilece\u011fini fakat koalisyonu se\u00e7im arifesinde siyasi krize mahal vermemek i\u00e7in devam ettirebilece\u011fini s\u00f6yleyen Sencer, \u201cKanaatimizce YDP bu y\u00f6ntemi se\u00e7medi.\u201d dedi.<\/span><\/p>\n<p style=\"font-weight: 300;\"><span style=\"font-weight: 300 !important;\">Ar\u0131kl\u0131\u2019n\u0131n, \u201ciki senedir bu f\u0131rsat\u0131 bekliyordum\u201d a\u00e7\u0131klamas\u0131na at\u0131fta bulunan Sencer, \u201c\u0130ki senedir Ar\u0131kl\u0131\u2019n\u0131n\/YDP\u2019nin h\u00fck\u00fcmetten ve\/veya koalisyondan \u00e7ekilmesine ne mani vard\u0131 ki?\u201d diye sordu.<\/span><\/p>\n","protected":false},"excerpt":{"rendered":"<p>Milliyet\u00e7i Demokrasi Partisi (MDP) Genel Sekreteri Sunalp Dervi\u015f Sencer,\u00a0ya\u015fanan gemi facias\u0131 neticesinde konuyla ilgili yetkililerin, kendi iradeleriyle g\u00f6revden uzakla\u015fmamalar\u0131 halinde, g\u00f6revden al\u0131nmalar\u0131n\u0131n do\u011fru oldu\u011funu ancak bunun sadece bir bakanla s\u0131n\u0131rl\u0131 kalmamas\u0131 gerekti\u011fini belirtti. Sencer yapt\u0131\u011f\u0131 yaz\u0131l\u0131 a\u00e7\u0131klamada, Ba\u015fbakan \u00dcnal \u00dcstel\u2019in, Bay\u0131nd\u0131rl\u0131k ve Ula\u015ft\u0131rma Bakan\u0131 Erhan Ar\u0131kl\u0131\u2019n\u0131n istifa etmeyece\u011fini bildi\u011fi i\u00e7in Ar\u0131kl\u0131\u2019y\u0131 g\u00f6revden ald\u0131\u011f\u0131n\u0131 ileri s\u00fcrerek,<\/p>\n","protected":false},"author":1,"featured_media":119891,"comment_status":"open","ping_status":"open","sticky":false,"template":"","format":"standard","meta":{"footnotes":""},"categories":[1],"tags":[],"class_list":["post-119890","post","type-post","status-publish","format-standard","has-post-thumbnail","hentry","category-gundem"],"yoast_head":"<!-- This site is optimized with the Yoast SEO plugin v28.4 - https:\/\/yoast.com\/product\/yoast-seo-wordpress\/ -->\n<title>Sencer: \u201cBir bakanla s\u0131n\u0131rl\u0131 kalmamal\u0131\u201d -<\/title>\n<meta name=\"robots\" content=\"index, follow, max-snippet:-1, max-image-preview:large, max-video-preview:-1\" \/>\n<link rel=\"canonical\" href=\"https:\/\/kibrisdakik.com\/?p=119890\" \/>\n<meta property=\"og:locale\" content=\"tr_TR\" \/>\n<meta property=\"og:type\" content=\"article\" \/>\n<meta property=\"og:title\" content=\"Sencer: \u201cBir bakanla s\u0131n\u0131rl\u0131 kalmamal\u0131\u201d -\" \/>\n<meta property=\"og:description\" content=\"Milliyet\u00e7i Demokrasi Partisi (MDP) Genel Sekreteri Sunalp Dervi\u015f Sencer,\u00a0ya\u015fanan gemi facias\u0131 neticesinde konuyla ilgili yetkililerin, kendi iradeleriyle g\u00f6revden uzakla\u015fmamalar\u0131 halinde, g\u00f6revden al\u0131nmalar\u0131n\u0131n do\u011fru oldu\u011funu ancak bunun sadece bir bakanla s\u0131n\u0131rl\u0131 kalmamas\u0131 gerekti\u011fini belirtti. Sencer yapt\u0131\u011f\u0131 yaz\u0131l\u0131 a\u00e7\u0131klamada, Ba\u015fbakan \u00dcnal \u00dcstel\u2019in, Bay\u0131nd\u0131rl\u0131k ve Ula\u015ft\u0131rma Bakan\u0131 Erhan Ar\u0131kl\u0131\u2019n\u0131n istifa etmeyece\u011fini bildi\u011fi i\u00e7in Ar\u0131kl\u0131\u2019y\u0131 g\u00f6revden ald\u0131\u011f\u0131n\u0131 ileri s\u00fcrerek,\" \/>\n<meta property=\"og:url\" content=\"https:\/\/kibrisdakik.com\/?p=119890\" \/>\n<meta property=\"article:published_time\" content=\"2026-09-03T07:21:09+00:00\" \/>\n<meta property=\"og:image\" content=\"https:\/\/kibrisdakik.com\/wp-content\/uploads\/2026\/09\/1788418185083MDP.jpg\" \/>\n\t<meta property=\"og:image:width\" content=\"660\" \/>\n\t<meta property=\"og:image:height\" content=\"350\" \/>\n\t<meta property=\"og:image:type\" content=\"image\/jpeg\" \/>\n<meta name=\"author\" content=\"admin\" \/>\n<meta name=\"twitter:card\" content=\"summary_large_image\" \/>\n<meta name=\"twitter:label1\" content=\"Yazan:\" \/>\n\t<meta name=\"twitter:data1\" content=\"admin\" \/>\n\t<meta name=\"twitter:label2\" content=\"Tahmini okuma s\u00fcresi\" \/>\n\t<meta name=\"twitter:data2\" content=\"1 dakika\" \/>\n<script type=\"application\/ld+json\" class=\"yoast-schema-graph\">{\"@context\":\"https:\\\/\\\/schema.org\",\"@graph\":[{\"@type\":\"Article\",\"@id\":\"https:\\\/\\\/kibrisdakik.com\\\/?p=119890#article\",\"isPartOf\":{\"@id\":\"https:\\\/\\\/kibrisdakik.com\\\/?p=119890\"},\"author\":{\"name\":\"admin\",\"@id\":\"https:\\\/\\\/kibrisdakik.com\\\/#\\\/schema\\\/person\\\/9cd9d437bbb44f72b73ba127e06d8e79\"},\"headline\":\"Sencer: \u201cBir bakanla s\u0131n\u0131rl\u0131 kalmamal\u0131\u201d\",\"datePublished\":\"2026-09-03T07:21:09+00:00\",\"mainEntityOfPage\":{\"@id\":\"https:\\\/\\\/kibrisdakik.com\\\/?p=119890\"},\"wordCount\":238,\"commentCount\":0,\"publisher\":{\"@id\":\"https:\\\/\\\/kibrisdakik.com\\\/#organization\"},\"image\":{\"@id\":\"https:\\\/\\\/kibrisdakik.com\\\/?p=119890#primaryimage\"},\"thumbnailUrl\":\"https:\\\/\\\/kibrisdakik.com\\\/wp-content\\\/uploads\\\/2026\\\/09\\\/1788418185083MDP.jpg\",\"articleSection\":[\"G\u00fcndem\"],\"inLanguage\":\"tr\",\"potentialAction\":[{\"@type\":\"CommentAction\",\"name\":\"Comment\",\"target\":[\"https:\\\/\\\/kibrisdakik.com\\\/?p=119890#respond\"]}]},{\"@type\":\"WebPage\",\"@id\":\"https:\\\/\\\/kibrisdakik.com\\\/?p=119890\",\"url\":\"https:\\\/\\\/kibrisdakik.com\\\/?p=119890\",\"name\":\"Sencer: \u201cBir bakanla s\u0131n\u0131rl\u0131 kalmamal\u0131\u201d -\",\"isPartOf\":{\"@id\":\"https:\\\/\\\/kibrisdakik.com\\\/#website\"},\"primaryImageOfPage\":{\"@id\":\"https:\\\/\\\/kibrisdakik.com\\\/?p=119890#primaryimage\"},\"image\":{\"@id\":\"https:\\\/\\\/kibrisdakik.com\\\/?p=119890#primaryimage\"},\"thumbnailUrl\":\"https:\\\/\\\/kibrisdakik.com\\\/wp-content\\\/uploads\\\/2026\\\/09\\\/1788418185083MDP.jpg\",\"datePublished\":\"2026-09-03T07:21:09+00:00\",\"breadcrumb\":{\"@id\":\"https:\\\/\\\/kibrisdakik.com\\\/?p=119890#breadcrumb\"},\"inLanguage\":\"tr\",\"potentialAction\":[{\"@type\":\"ReadAction\",\"target\":[\"https:\\\/\\\/kibrisdakik.com\\\/?p=119890\"]}]},{\"@type\":\"ImageObject\",\"inLanguage\":\"tr\",\"@id\":\"https:\\\/\\\/kibrisdakik.com\\\/?p=119890#primaryimage\",\"url\":\"https:\\\/\\\/kibrisdakik.com\\\/wp-content\\\/uploads\\\/2026\\\/09\\\/1788418185083MDP.jpg\",\"contentUrl\":\"https:\\\/\\\/kibrisdakik.com\\\/wp-content\\\/uploads\\\/2026\\\/09\\\/1788418185083MDP.jpg\",\"width\":660,\"height\":350},{\"@type\":\"BreadcrumbList\",\"@id\":\"https:\\\/\\\/kibrisdakik.com\\\/?p=119890#breadcrumb\",\"itemListElement\":[{\"@type\":\"ListItem\",\"position\":1,\"name\":\"Home\",\"item\":\"https:\\\/\\\/kibrisdakik.com\\\/\"},{\"@type\":\"ListItem\",\"position\":2,\"name\":\"Sencer: \u201cBir bakanla s\u0131n\u0131rl\u0131 kalmamal\u0131\u201d\"}]},{\"@type\":\"WebSite\",\"@id\":\"https:\\\/\\\/kibrisdakik.com\\\/#website\",\"url\":\"https:\\\/\\\/kibrisdakik.com\\\/\",\"name\":\"K\u0131br\u0131s Dakik\",\"description\":\"Tam vaktinde haber\",\"publisher\":{\"@id\":\"https:\\\/\\\/kibrisdakik.com\\\/#organization\"},\"potentialAction\":[{\"@type\":\"SearchAction\",\"target\":{\"@type\":\"EntryPoint\",\"urlTemplate\":\"https:\\\/\\\/kibrisdakik.com\\\/?s={search_term_string}\"},\"query-input\":{\"@type\":\"PropertyValueSpecification\",\"valueRequired\":true,\"valueName\":\"search_term_string\"}}],\"inLanguage\":\"tr\"},{\"@type\":\"Organization\",\"@id\":\"https:\\\/\\\/kibrisdakik.com\\\/#organization\",\"name\":\"K\u0131br\u0131s Dakik\",\"url\":\"https:\\\/\\\/kibrisdakik.com\\\/\",\"logo\":{\"@type\":\"ImageObject\",\"inLanguage\":\"tr\",\"@id\":\"https:\\\/\\\/kibrisdakik.com\\\/#\\\/schema\\\/logo\\\/image\\\/\",\"url\":\"https:\\\/\\\/kibrisdakik.com\\\/wp-content\\\/uploads\\\/2025\\\/10\\\/cropped-WhatsApp-Image-2025-10-02-at-12.58.31.jpeg\",\"contentUrl\":\"https:\\\/\\\/kibrisdakik.com\\\/wp-content\\\/uploads\\\/2025\\\/10\\\/cropped-WhatsApp-Image-2025-10-02-at-12.58.31.jpeg\",\"width\":1237,\"height\":190,\"caption\":\"K\u0131br\u0131s Dakik\"},\"image\":{\"@id\":\"https:\\\/\\\/kibrisdakik.com\\\/#\\\/schema\\\/logo\\\/image\\\/\"}},{\"@type\":\"Person\",\"@id\":\"https:\\\/\\\/kibrisdakik.com\\\/#\\\/schema\\\/person\\\/9cd9d437bbb44f72b73ba127e06d8e79\",\"name\":\"admin\",\"image\":{\"@type\":\"ImageObject\",\"inLanguage\":\"tr\",\"@id\":\"https:\\\/\\\/secure.gravatar.com\\\/avatar\\\/ccc17943b9d660506c869530f897617f7cb1c21a4bf30023f252596d83e1f007?s=96&d=mm&r=g\",\"url\":\"https:\\\/\\\/secure.gravatar.com\\\/avatar\\\/ccc17943b9d660506c869530f897617f7cb1c21a4bf30023f252596d83e1f007?s=96&d=mm&r=g\",\"contentUrl\":\"https:\\\/\\\/secure.gravatar.com\\\/avatar\\\/ccc17943b9d660506c869530f897617f7cb1c21a4bf30023f252596d83e1f007?s=96&d=mm&r=g\",\"caption\":\"admin\"},\"sameAs\":[\"https:\\\/\\\/kibrisdakik.com\"],\"url\":\"https:\\\/\\\/kibrisdakik.com\\\/?author=1\"}]}<\/script>\n<!-- \/ Yoast SEO plugin. -->","yoast_head_json":{"title":"Sencer: \u201cBir bakanla s\u0131n\u0131rl\u0131 kalmamal\u0131\u201d -","robots":{"index":"index","follow":"follow","max-snippet":"max-snippet:-1","max-image-preview":"max-image-preview:large","max-video-preview":"max-video-preview:-1"},"canonical":"https:\/\/kibrisdakik.com\/?p=119890","og_locale":"tr_TR","og_type":"article","og_title":"Sencer: \u201cBir bakanla s\u0131n\u0131rl\u0131 kalmamal\u0131\u201d -","og_description":"Milliyet\u00e7i Demokrasi Partisi (MDP) Genel Sekreteri Sunalp Dervi\u015f Sencer,\u00a0ya\u015fanan gemi facias\u0131 neticesinde konuyla ilgili yetkililerin, kendi iradeleriyle g\u00f6revden uzakla\u015fmamalar\u0131 halinde, g\u00f6revden al\u0131nmalar\u0131n\u0131n do\u011fru oldu\u011funu ancak bunun sadece bir bakanla s\u0131n\u0131rl\u0131 kalmamas\u0131 gerekti\u011fini belirtti. Sencer yapt\u0131\u011f\u0131 yaz\u0131l\u0131 a\u00e7\u0131klamada, Ba\u015fbakan \u00dcnal \u00dcstel\u2019in, Bay\u0131nd\u0131rl\u0131k ve Ula\u015ft\u0131rma Bakan\u0131 Erhan Ar\u0131kl\u0131\u2019n\u0131n istifa etmeyece\u011fini bildi\u011fi i\u00e7in Ar\u0131kl\u0131\u2019y\u0131 g\u00f6revden ald\u0131\u011f\u0131n\u0131 ileri s\u00fcrerek,","og_url":"https:\/\/kibrisdakik.com\/?p=119890","article_published_time":"2026-09-03T07:21:09+00:00","og_image":[{"width":660,"height":350,"url":"https:\/\/kibrisdakik.com\/wp-content\/uploads\/2026\/09\/1788418185083MDP.jpg","type":"image\/jpeg"}],"author":"admin","twitter_card":"summary_large_image","twitter_misc":{"Yazan:":"admin","Tahmini okuma s\u00fcresi":"1 dakika"},"schema":{"@context":"https:\/\/schema.org","@graph":[{"@type":"Article","@id":"https:\/\/kibrisdakik.com\/?p=119890#article","isPartOf":{"@id":"https:\/\/kibrisdakik.com\/?p=119890"},"author":{"name":"admin","@id":"https:\/\/kibrisdakik.com\/#\/schema\/person\/9cd9d437bbb44f72b73ba127e06d8e79"},"headline":"Sencer: \u201cBir bakanla s\u0131n\u0131rl\u0131 kalmamal\u0131\u201d","datePublished":"2026-09-03T07:21:09+00:00","mainEntityOfPage":{"@id":"https:\/\/kibrisdakik.com\/?p=119890"},"wordCount":238,"commentCount":0,"publisher":{"@id":"https:\/\/kibrisdakik.com\/#organization"},"image":{"@id":"https:\/\/kibrisdakik.com\/?p=119890#primaryimage"},"thumbnailUrl":"https:\/\/kibrisdakik.com\/wp-content\/uploads\/2026\/09\/1788418185083MDP.jpg","articleSection":["G\u00fcndem"],"inLanguage":"tr","potentialAction":[{"@type":"CommentAction","name":"Comment","target":["https:\/\/kibrisdakik.com\/?p=119890#respond"]}]},{"@type":"WebPage","@id":"https:\/\/kibrisdakik.com\/?p=119890","url":"https:\/\/kibrisdakik.com\/?p=119890","name":"Sencer: \u201cBir bakanla s\u0131n\u0131rl\u0131 kalmamal\u0131\u201d -","isPartOf":{"@id":"https:\/\/kibrisdakik.com\/#website"},"primaryImageOfPage":{"@id":"https:\/\/kibrisdakik.com\/?p=119890#primaryimage"},"image":{"@id":"https:\/\/kibrisdakik.com\/?p=119890#primaryimage"},"thumbnailUrl":"https:\/\/kibrisdakik.com\/wp-content\/uploads\/2026\/09\/1788418185083MDP.jpg","datePublished":"2026-09-03T07:21:09+00:00","breadcrumb":{"@id":"https:\/\/kibrisdakik.com\/?p=119890#breadcrumb"},"inLanguage":"tr","potentialAction":[{"@type":"ReadAction","target":["https:\/\/kibrisdakik.com\/?p=119890"]}]},{"@type":"ImageObject","inLanguage":"tr","@id":"https:\/\/kibrisdakik.com\/?p=119890#primaryimage","url":"https:\/\/kibrisdakik.com\/wp-content\/uploads\/2026\/09\/1788418185083MDP.jpg","contentUrl":"https:\/\/kibrisdakik.com\/wp-content\/uploads\/2026\/09\/1788418185083MDP.jpg","width":660,"height":350},{"@type":"BreadcrumbList","@id":"https:\/\/kibrisdakik.com\/?p=119890#breadcrumb","itemListElement":[{"@type":"ListItem","position":1,"name":"Home","item":"https:\/\/kibrisdakik.com\/"},{"@type":"ListItem","position":2,"name":"Sencer: \u201cBir bakanla s\u0131n\u0131rl\u0131 kalmamal\u0131\u201d"}]},{"@type":"WebSite","@id":"https:\/\/kibrisdakik.com\/#website","url":"https:\/\/kibrisdakik.com\/","name":"K\u0131br\u0131s Dakik","description":"Tam vaktinde haber","publisher":{"@id":"https:\/\/kibrisdakik.com\/#organization"},"potentialAction":[{"@type":"SearchAction","target":{"@type":"EntryPoint","urlTemplate":"https:\/\/kibrisdakik.com\/?s={search_term_string}"},"query-input":{"@type":"PropertyValueSpecification","valueRequired":true,"valueName":"search_term_string"}}],"inLanguage":"tr"},{"@type":"Organization","@id":"https:\/\/kibrisdakik.com\/#organization","name":"K\u0131br\u0131s Dakik","url":"https:\/\/kibrisdakik.com\/","logo":{"@type":"ImageObject","inLanguage":"tr","@id":"https:\/\/kibrisdakik.com\/#\/schema\/logo\/image\/","url":"https:\/\/kibrisdakik.com\/wp-content\/uploads\/2025\/10\/cropped-WhatsApp-Image-2025-10-02-at-12.58.31.jpeg","contentUrl":"https:\/\/kibrisdakik.com\/wp-content\/uploads\/2025\/10\/cropped-WhatsApp-Image-2025-10-02-at-12.58.31.jpeg","width":1237,"height":190,"caption":"K\u0131br\u0131s Dakik"},"image":{"@id":"https:\/\/kibrisdakik.com\/#\/schema\/logo\/image\/"}},{"@type":"Person","@id":"https:\/\/kibrisdakik.com\/#\/schema\/person\/9cd9d437bbb44f72b73ba127e06d8e79","name":"admin","image":{"@type":"ImageObject","inLanguage":"tr","@id":"https:\/\/secure.gravatar.com\/avatar\/ccc17943b9d660506c869530f897617f7cb1c21a4bf30023f252596d83e1f007?s=96&d=mm&r=g","url":"https:\/\/secure.gravatar.com\/avatar\/ccc17943b9d660506c869530f897617f7cb1c21a4bf30023f252596d83e1f007?s=96&d=mm&r=g","contentUrl":"https:\/\/secure.gravatar.com\/avatar\/ccc17943b9d660506c869530f897617f7cb1c21a4bf30023f252596d83e1f007?s=96&d=mm&r=g","caption":"admin"},"sameAs":["https:\/\/kibrisdakik.com"],"url":"https:\/\/kibrisdakik.com\/?author=1"}]}},"_links":{"self":[{"href":"https:\/\/kibrisdakik.com\/index.php?rest_route=\/wp\/v2\/posts\/119890","targetHints":{"allow":["GET"]}}],"collection":[{"href":"https:\/\/kibrisdakik.com\/index.php?rest_route=\/wp\/v2\/posts"}],"about":[{"href":"https:\/\/kibrisdakik.com\/index.php?rest_route=\/wp\/v2\/types\/post"}],"author":[{"embeddable":true,"href":"https:\/\/kibrisdakik.com\/index.php?rest_route=\/wp\/v2\/users\/1"}],"replies":[{"embeddable":true,"href":"https:\/\/kibrisdakik.com\/index.php?rest_route=%2Fwp%2Fv2%2Fcomments&post=119890"}],"version-history":[{"count":1,"href":"https:\/\/kibrisdakik.com\/index.php?rest_route=\/wp\/v2\/posts\/119890\/revisions"}],"predecessor-version":[{"id":119892,"href":"https:\/\/kibrisdakik.com\/index.php?rest_route=\/wp\/v2\/posts\/119890\/revisions\/119892"}],"wp:featuredmedia":[{"embeddable":true,"href":"https:\/\/kibrisdakik.com\/index.php?rest_route=\/wp\/v2\/media\/119891"}],"wp:attachment":[{"href":"https:\/\/kibrisdakik.com\/index.php?rest_route=%2Fwp%2Fv2%2Fmedia&parent=119890"}],"wp:term":[{"taxonomy":"category","embeddable":true,"href":"https:\/\/kibrisdakik.com\/index.php?rest_route=%2Fwp%2Fv2%2Fcategories&post=119890"},{"taxonomy":"post_tag","embeddable":true,"href":"https:\/\/kibrisdakik.com\/index.php?rest_route=%2Fwp%2Fv2%2Ftags&post=119890"}],"curies":[{"name":"wp","href":"https:\/\/api.w.org\/{rel}","templated":true}]}}