{"id":119906,"date":"2026-09-03T13:14:53","date_gmt":"2026-09-03T10:14:53","guid":{"rendered":"https:\/\/kibrisdakik.com\/?p=119906"},"modified":"2026-09-03T13:14:53","modified_gmt":"2026-09-03T10:14:53","slug":"guney-kibris-su-krizine-karsi-dort-yeni-aritma-tesisi-kuracak","status":"publish","type":"post","link":"https:\/\/kibrisdakik.com\/?p=119906","title":{"rendered":"G\u00dcNEY KIBRIS SU KR\u0130Z\u0130NE KAR\u015eI D\u00d6RT YEN\u0130 ARITMA TES\u0130S\u0130 KURACAK"},"content":{"rendered":"<p><\/p>\n<div data-text-id=\"207218\" property=\"articleBody\">\n<h2>Rum Y\u00f6netimi Bakanlar Kurulu, \u00fclkede ya\u015fanan su krizine kar\u015f\u0131 k\u0131sa, orta ve uzun vadeli \u00f6nlemleri i\u00e7eren kapsaml\u0131 bir plan\u0131 onaylad\u0131.<\/h2>\n<p>Plan kapsam\u0131nda Dikelya, Ayia Thekla, Poli Hirsofu ve do\u011fu Limasol\u2019da toplam <strong>g\u00fcnl\u00fck 180 bin metrek\u00fcp \u00fcretim kapasitesine sahip d\u00f6rt yeni sabit tuzlu su ar\u0131tma tesisi<\/strong> kurulmas\u0131 kararla\u015ft\u0131r\u0131ld\u0131.<\/p>\n<p>Al\u0131nan karara g\u00f6re Dikelya\u2019da g\u00fcnl\u00fck 80 bin, Ayia Thekla\u2019da 30 bin ve Poli Hirsofu\u2019da 10 bin metrek\u00fcp kapasiteli tesisler kurulacak. Do\u011fu Limasol\u2019da ise g\u00fcnl\u00fck 60 bin metrek\u00fcp kapasiteli yeni bir tesis hayata ge\u00e7irilecek.<\/p>\n<h3>Y\u00fczer tesisin \u00e7al\u0131\u015fmas\u0131 durdurulacak<\/h3>\n<p>Bakanlar Kurulu ayr\u0131ca Yermasoya\u2019daki g\u00fcnl\u00fck 20 bin metrek\u00fcp kapasiteli y\u00fczer tuzlu su ar\u0131tma tesisinin faaliyetinin durdurulmas\u0131na karar verdi.<\/p>\n<p>Kararda, tesisin y\u00fcksek \u00fcretim maliyetinin etkili oldu\u011fu belirtildi. Di\u011fer ar\u0131tma tesislerinde suyun metrek\u00fcp\u00fcn\u00fcn 0,85 ila 1,82 euro aras\u0131nda \u00fcretildi\u011fi, Yermasoya\u2019daki tesisin ise metrek\u00fcp ba\u015f\u0131na 3,5 ila 5 euro maliyetle \u00fcretim yapt\u0131\u011f\u0131 ifade edildi.<\/p>\n<h3>2027\u2019ye kadar kapasite art\u0131r\u0131lacak<\/h3>\n<p>2025-2031 d\u00f6nemini kapsayan plan kapsam\u0131nda mevcut ve kurulmas\u0131 planlanan mobil ar\u0131tma tesislerinin de devreye al\u0131nmas\u0131 hedefleniyor.<\/p>\n<p>Piskopu\u2019daki g\u00fcnl\u00fck 15 bin metrek\u00fcp kapasiteli tesisin bu ay faaliyete ba\u015flamas\u0131 beklenirken, Vasiliko\/A\u0130K\u2019te planlanan g\u00fcnl\u00fck 20 bin metrek\u00fcp kapasiteli tesis i\u00e7in hukuki s\u00fcrecin tamamlanmas\u0131 bekleniyor.<\/p>\n<p>Mazoto\u2019daki g\u00fcnl\u00fck 40 bin metrek\u00fcp kapasiteli tesis i\u00e7in yap\u0131lan mahkeme ba\u015fvurusunun sonucu da bekleniyor.<\/p>\n<p>Yetkililer, 2027 yaz\u0131ndan \u00f6nce mobil ar\u0131tma tesislerinin tam kapasiteyle \u00e7al\u0131\u015fmas\u0131n\u0131 ve g\u00fcnl\u00fck 147 bin metrek\u00fcp su sa\u011flamas\u0131n\u0131 \u00f6ng\u00f6r\u00fcyor. Mevcut tesislerin \u00fcretimiyle birlikte toplam g\u00fcnl\u00fck \u00fcretimin <strong>377 bin metrek\u00fcpe ula\u015fmas\u0131<\/strong> hedefleniyor.<\/p>\n<h3>2050\u2019ye kadar uzun vadeli plan<\/h3>\n<p>Rum Y\u00f6netimi, ayr\u0131ca \u00fclkenin 2050 y\u0131l\u0131na kadar sulama suyu ihtiyac\u0131n\u0131 kar\u015f\u0131lamaya y\u00f6nelik uzun vadeli bir tuzlu su ar\u0131tma projesi haz\u0131rlanmas\u0131na karar verdi.<\/p>\n<p>Bu kapsamda Rum Su \u0130\u015fleri Dairesi taraf\u0131ndan yap\u0131lacak stratejik s\u00fcrd\u00fcr\u00fclebilirlik ara\u015ft\u0131rmas\u0131yla, sulama suyu ihtiyac\u0131n\u0131n tamam\u0131n\u0131n ar\u0131t\u0131lm\u0131\u015f suyla kar\u015f\u0131lanmas\u0131n\u0131n m\u00fcmk\u00fcn olup olmad\u0131\u011f\u0131 de\u011ferlendirilecek.<\/p>\n<\/p><\/div>\n","protected":false},"excerpt":{"rendered":"<p>Rum Y\u00f6netimi Bakanlar Kurulu, \u00fclkede ya\u015fanan su krizine kar\u015f\u0131 k\u0131sa, orta ve uzun vadeli \u00f6nlemleri i\u00e7eren kapsaml\u0131 bir plan\u0131 onaylad\u0131. Plan kapsam\u0131nda Dikelya, Ayia Thekla, Poli Hirsofu ve do\u011fu Limasol\u2019da toplam g\u00fcnl\u00fck 180 bin metrek\u00fcp \u00fcretim kapasitesine sahip d\u00f6rt yeni sabit tuzlu su ar\u0131tma tesisi kurulmas\u0131 kararla\u015ft\u0131r\u0131ld\u0131. Al\u0131nan karara g\u00f6re Dikelya\u2019da g\u00fcnl\u00fck 80 bin, Ayia<\/p>\n","protected":false},"author":1,"featured_media":119907,"comment_status":"open","ping_status":"open","sticky":false,"template":"","format":"standard","meta":{"footnotes":""},"categories":[81],"tags":[],"class_list":["post-119906","post","type-post","status-publish","format-standard","has-post-thumbnail","hentry","category-kibris"],"yoast_head":"<!-- This site is optimized with the Yoast SEO plugin v28.4 - https:\/\/yoast.com\/product\/yoast-seo-wordpress\/ -->\n<title>G\u00dcNEY KIBRIS SU KR\u0130Z\u0130NE KAR\u015eI D\u00d6RT YEN\u0130 ARITMA TES\u0130S\u0130 KURACAK -<\/title>\n<meta name=\"robots\" content=\"index, follow, max-snippet:-1, max-image-preview:large, max-video-preview:-1\" \/>\n<link rel=\"canonical\" href=\"https:\/\/kibrisdakik.com\/?p=119906\" \/>\n<meta property=\"og:locale\" content=\"tr_TR\" \/>\n<meta property=\"og:type\" content=\"article\" \/>\n<meta property=\"og:title\" content=\"G\u00dcNEY KIBRIS SU KR\u0130Z\u0130NE KAR\u015eI D\u00d6RT YEN\u0130 ARITMA TES\u0130S\u0130 KURACAK -\" \/>\n<meta property=\"og:description\" content=\"Rum Y\u00f6netimi Bakanlar Kurulu, \u00fclkede ya\u015fanan su krizine kar\u015f\u0131 k\u0131sa, orta ve uzun vadeli \u00f6nlemleri i\u00e7eren kapsaml\u0131 bir plan\u0131 onaylad\u0131. Plan kapsam\u0131nda Dikelya, Ayia Thekla, Poli Hirsofu ve do\u011fu Limasol\u2019da toplam g\u00fcnl\u00fck 180 bin metrek\u00fcp \u00fcretim kapasitesine sahip d\u00f6rt yeni sabit tuzlu su ar\u0131tma tesisi kurulmas\u0131 kararla\u015ft\u0131r\u0131ld\u0131. Al\u0131nan karara g\u00f6re Dikelya\u2019da g\u00fcnl\u00fck 80 bin, Ayia\" \/>\n<meta property=\"og:url\" content=\"https:\/\/kibrisdakik.com\/?p=119906\" \/>\n<meta property=\"article:published_time\" content=\"2026-09-03T10:14:53+00:00\" \/>\n<meta property=\"og:image\" content=\"https:\/\/mhahabercom.teimg.com\/crop\/1280x720\/mhahaber-com\/uploads\/2026\/09\/mha-sari-beyaz-7704.png\" \/>\n<meta name=\"author\" content=\"admin\" \/>\n<meta name=\"twitter:card\" content=\"summary_large_image\" \/>\n<meta name=\"twitter:label1\" content=\"Yazan:\" \/>\n\t<meta name=\"twitter:data1\" content=\"admin\" \/>\n\t<meta name=\"twitter:label2\" content=\"Tahmini okuma s\u00fcresi\" \/>\n\t<meta name=\"twitter:data2\" content=\"2 dakika\" \/>\n<script type=\"application\/ld+json\" class=\"yoast-schema-graph\">{\"@context\":\"https:\\\/\\\/schema.org\",\"@graph\":[{\"@type\":\"Article\",\"@id\":\"https:\\\/\\\/kibrisdakik.com\\\/?p=119906#article\",\"isPartOf\":{\"@id\":\"https:\\\/\\\/kibrisdakik.com\\\/?p=119906\"},\"author\":{\"name\":\"admin\",\"@id\":\"https:\\\/\\\/kibrisdakik.com\\\/#\\\/schema\\\/person\\\/9cd9d437bbb44f72b73ba127e06d8e79\"},\"headline\":\"G\u00dcNEY KIBRIS SU KR\u0130Z\u0130NE KAR\u015eI D\u00d6RT YEN\u0130 ARITMA TES\u0130S\u0130 KURACAK\",\"datePublished\":\"2026-09-03T10:14:53+00:00\",\"mainEntityOfPage\":{\"@id\":\"https:\\\/\\\/kibrisdakik.com\\\/?p=119906\"},\"wordCount\":394,\"commentCount\":0,\"publisher\":{\"@id\":\"https:\\\/\\\/kibrisdakik.com\\\/#organization\"},\"image\":{\"@id\":\"https:\\\/\\\/kibrisdakik.com\\\/?p=119906#primaryimage\"},\"thumbnailUrl\":\"https:\\\/\\\/kibrisdakik.com\\\/wp-content\\\/uploads\\\/2026\\\/09\\\/mha-sari-beyaz-7704.png\",\"articleSection\":[\"K\u0131br\u0131s\"],\"inLanguage\":\"tr\",\"potentialAction\":[{\"@type\":\"CommentAction\",\"name\":\"Comment\",\"target\":[\"https:\\\/\\\/kibrisdakik.com\\\/?p=119906#respond\"]}]},{\"@type\":\"WebPage\",\"@id\":\"https:\\\/\\\/kibrisdakik.com\\\/?p=119906\",\"url\":\"https:\\\/\\\/kibrisdakik.com\\\/?p=119906\",\"name\":\"G\u00dcNEY KIBRIS SU KR\u0130Z\u0130NE KAR\u015eI D\u00d6RT YEN\u0130 ARITMA TES\u0130S\u0130 KURACAK -\",\"isPartOf\":{\"@id\":\"https:\\\/\\\/kibrisdakik.com\\\/#website\"},\"primaryImageOfPage\":{\"@id\":\"https:\\\/\\\/kibrisdakik.com\\\/?p=119906#primaryimage\"},\"image\":{\"@id\":\"https:\\\/\\\/kibrisdakik.com\\\/?p=119906#primaryimage\"},\"thumbnailUrl\":\"https:\\\/\\\/kibrisdakik.com\\\/wp-content\\\/uploads\\\/2026\\\/09\\\/mha-sari-beyaz-7704.png\",\"datePublished\":\"2026-09-03T10:14:53+00:00\",\"breadcrumb\":{\"@id\":\"https:\\\/\\\/kibrisdakik.com\\\/?p=119906#breadcrumb\"},\"inLanguage\":\"tr\",\"potentialAction\":[{\"@type\":\"ReadAction\",\"target\":[\"https:\\\/\\\/kibrisdakik.com\\\/?p=119906\"]}]},{\"@type\":\"ImageObject\",\"inLanguage\":\"tr\",\"@id\":\"https:\\\/\\\/kibrisdakik.com\\\/?p=119906#primaryimage\",\"url\":\"https:\\\/\\\/kibrisdakik.com\\\/wp-content\\\/uploads\\\/2026\\\/09\\\/mha-sari-beyaz-7704.png\",\"contentUrl\":\"https:\\\/\\\/kibrisdakik.com\\\/wp-content\\\/uploads\\\/2026\\\/09\\\/mha-sari-beyaz-7704.png\",\"width\":1280,\"height\":720},{\"@type\":\"BreadcrumbList\",\"@id\":\"https:\\\/\\\/kibrisdakik.com\\\/?p=119906#breadcrumb\",\"itemListElement\":[{\"@type\":\"ListItem\",\"position\":1,\"name\":\"Home\",\"item\":\"https:\\\/\\\/kibrisdakik.com\\\/\"},{\"@type\":\"ListItem\",\"position\":2,\"name\":\"G\u00dcNEY KIBRIS SU KR\u0130Z\u0130NE KAR\u015eI D\u00d6RT YEN\u0130 ARITMA TES\u0130S\u0130 KURACAK\"}]},{\"@type\":\"WebSite\",\"@id\":\"https:\\\/\\\/kibrisdakik.com\\\/#website\",\"url\":\"https:\\\/\\\/kibrisdakik.com\\\/\",\"name\":\"K\u0131br\u0131s Dakik\",\"description\":\"Tam vaktinde haber\",\"publisher\":{\"@id\":\"https:\\\/\\\/kibrisdakik.com\\\/#organization\"},\"potentialAction\":[{\"@type\":\"SearchAction\",\"target\":{\"@type\":\"EntryPoint\",\"urlTemplate\":\"https:\\\/\\\/kibrisdakik.com\\\/?s={search_term_string}\"},\"query-input\":{\"@type\":\"PropertyValueSpecification\",\"valueRequired\":true,\"valueName\":\"search_term_string\"}}],\"inLanguage\":\"tr\"},{\"@type\":\"Organization\",\"@id\":\"https:\\\/\\\/kibrisdakik.com\\\/#organization\",\"name\":\"K\u0131br\u0131s Dakik\",\"url\":\"https:\\\/\\\/kibrisdakik.com\\\/\",\"logo\":{\"@type\":\"ImageObject\",\"inLanguage\":\"tr\",\"@id\":\"https:\\\/\\\/kibrisdakik.com\\\/#\\\/schema\\\/logo\\\/image\\\/\",\"url\":\"https:\\\/\\\/kibrisdakik.com\\\/wp-content\\\/uploads\\\/2025\\\/10\\\/cropped-WhatsApp-Image-2025-10-02-at-12.58.31.jpeg\",\"contentUrl\":\"https:\\\/\\\/kibrisdakik.com\\\/wp-content\\\/uploads\\\/2025\\\/10\\\/cropped-WhatsApp-Image-2025-10-02-at-12.58.31.jpeg\",\"width\":1237,\"height\":190,\"caption\":\"K\u0131br\u0131s Dakik\"},\"image\":{\"@id\":\"https:\\\/\\\/kibrisdakik.com\\\/#\\\/schema\\\/logo\\\/image\\\/\"}},{\"@type\":\"Person\",\"@id\":\"https:\\\/\\\/kibrisdakik.com\\\/#\\\/schema\\\/person\\\/9cd9d437bbb44f72b73ba127e06d8e79\",\"name\":\"admin\",\"image\":{\"@type\":\"ImageObject\",\"inLanguage\":\"tr\",\"@id\":\"https:\\\/\\\/secure.gravatar.com\\\/avatar\\\/ccc17943b9d660506c869530f897617f7cb1c21a4bf30023f252596d83e1f007?s=96&d=mm&r=g\",\"url\":\"https:\\\/\\\/secure.gravatar.com\\\/avatar\\\/ccc17943b9d660506c869530f897617f7cb1c21a4bf30023f252596d83e1f007?s=96&d=mm&r=g\",\"contentUrl\":\"https:\\\/\\\/secure.gravatar.com\\\/avatar\\\/ccc17943b9d660506c869530f897617f7cb1c21a4bf30023f252596d83e1f007?s=96&d=mm&r=g\",\"caption\":\"admin\"},\"sameAs\":[\"https:\\\/\\\/kibrisdakik.com\"],\"url\":\"https:\\\/\\\/kibrisdakik.com\\\/?author=1\"}]}<\/script>\n<!-- \/ Yoast SEO plugin. -->","yoast_head_json":{"title":"G\u00dcNEY KIBRIS SU KR\u0130Z\u0130NE KAR\u015eI D\u00d6RT YEN\u0130 ARITMA TES\u0130S\u0130 KURACAK -","robots":{"index":"index","follow":"follow","max-snippet":"max-snippet:-1","max-image-preview":"max-image-preview:large","max-video-preview":"max-video-preview:-1"},"canonical":"https:\/\/kibrisdakik.com\/?p=119906","og_locale":"tr_TR","og_type":"article","og_title":"G\u00dcNEY KIBRIS SU KR\u0130Z\u0130NE KAR\u015eI D\u00d6RT YEN\u0130 ARITMA TES\u0130S\u0130 KURACAK -","og_description":"Rum Y\u00f6netimi Bakanlar Kurulu, \u00fclkede ya\u015fanan su krizine kar\u015f\u0131 k\u0131sa, orta ve uzun vadeli \u00f6nlemleri i\u00e7eren kapsaml\u0131 bir plan\u0131 onaylad\u0131. Plan kapsam\u0131nda Dikelya, Ayia Thekla, Poli Hirsofu ve do\u011fu Limasol\u2019da toplam g\u00fcnl\u00fck 180 bin metrek\u00fcp \u00fcretim kapasitesine sahip d\u00f6rt yeni sabit tuzlu su ar\u0131tma tesisi kurulmas\u0131 kararla\u015ft\u0131r\u0131ld\u0131. Al\u0131nan karara g\u00f6re Dikelya\u2019da g\u00fcnl\u00fck 80 bin, Ayia","og_url":"https:\/\/kibrisdakik.com\/?p=119906","article_published_time":"2026-09-03T10:14:53+00:00","og_image":[{"url":"https:\/\/mhahabercom.teimg.com\/crop\/1280x720\/mhahaber-com\/uploads\/2026\/09\/mha-sari-beyaz-7704.png","type":"","width":"","height":""}],"author":"admin","twitter_card":"summary_large_image","twitter_misc":{"Yazan:":"admin","Tahmini okuma s\u00fcresi":"2 dakika"},"schema":{"@context":"https:\/\/schema.org","@graph":[{"@type":"Article","@id":"https:\/\/kibrisdakik.com\/?p=119906#article","isPartOf":{"@id":"https:\/\/kibrisdakik.com\/?p=119906"},"author":{"name":"admin","@id":"https:\/\/kibrisdakik.com\/#\/schema\/person\/9cd9d437bbb44f72b73ba127e06d8e79"},"headline":"G\u00dcNEY KIBRIS SU KR\u0130Z\u0130NE KAR\u015eI D\u00d6RT YEN\u0130 ARITMA TES\u0130S\u0130 KURACAK","datePublished":"2026-09-03T10:14:53+00:00","mainEntityOfPage":{"@id":"https:\/\/kibrisdakik.com\/?p=119906"},"wordCount":394,"commentCount":0,"publisher":{"@id":"https:\/\/kibrisdakik.com\/#organization"},"image":{"@id":"https:\/\/kibrisdakik.com\/?p=119906#primaryimage"},"thumbnailUrl":"https:\/\/kibrisdakik.com\/wp-content\/uploads\/2026\/09\/mha-sari-beyaz-7704.png","articleSection":["K\u0131br\u0131s"],"inLanguage":"tr","potentialAction":[{"@type":"CommentAction","name":"Comment","target":["https:\/\/kibrisdakik.com\/?p=119906#respond"]}]},{"@type":"WebPage","@id":"https:\/\/kibrisdakik.com\/?p=119906","url":"https:\/\/kibrisdakik.com\/?p=119906","name":"G\u00dcNEY KIBRIS SU KR\u0130Z\u0130NE KAR\u015eI D\u00d6RT YEN\u0130 ARITMA TES\u0130S\u0130 KURACAK -","isPartOf":{"@id":"https:\/\/kibrisdakik.com\/#website"},"primaryImageOfPage":{"@id":"https:\/\/kibrisdakik.com\/?p=119906#primaryimage"},"image":{"@id":"https:\/\/kibrisdakik.com\/?p=119906#primaryimage"},"thumbnailUrl":"https:\/\/kibrisdakik.com\/wp-content\/uploads\/2026\/09\/mha-sari-beyaz-7704.png","datePublished":"2026-09-03T10:14:53+00:00","breadcrumb":{"@id":"https:\/\/kibrisdakik.com\/?p=119906#breadcrumb"},"inLanguage":"tr","potentialAction":[{"@type":"ReadAction","target":["https:\/\/kibrisdakik.com\/?p=119906"]}]},{"@type":"ImageObject","inLanguage":"tr","@id":"https:\/\/kibrisdakik.com\/?p=119906#primaryimage","url":"https:\/\/kibrisdakik.com\/wp-content\/uploads\/2026\/09\/mha-sari-beyaz-7704.png","contentUrl":"https:\/\/kibrisdakik.com\/wp-content\/uploads\/2026\/09\/mha-sari-beyaz-7704.png","width":1280,"height":720},{"@type":"BreadcrumbList","@id":"https:\/\/kibrisdakik.com\/?p=119906#breadcrumb","itemListElement":[{"@type":"ListItem","position":1,"name":"Home","item":"https:\/\/kibrisdakik.com\/"},{"@type":"ListItem","position":2,"name":"G\u00dcNEY KIBRIS SU KR\u0130Z\u0130NE KAR\u015eI D\u00d6RT YEN\u0130 ARITMA TES\u0130S\u0130 KURACAK"}]},{"@type":"WebSite","@id":"https:\/\/kibrisdakik.com\/#website","url":"https:\/\/kibrisdakik.com\/","name":"K\u0131br\u0131s Dakik","description":"Tam vaktinde haber","publisher":{"@id":"https:\/\/kibrisdakik.com\/#organization"},"potentialAction":[{"@type":"SearchAction","target":{"@type":"EntryPoint","urlTemplate":"https:\/\/kibrisdakik.com\/?s={search_term_string}"},"query-input":{"@type":"PropertyValueSpecification","valueRequired":true,"valueName":"search_term_string"}}],"inLanguage":"tr"},{"@type":"Organization","@id":"https:\/\/kibrisdakik.com\/#organization","name":"K\u0131br\u0131s Dakik","url":"https:\/\/kibrisdakik.com\/","logo":{"@type":"ImageObject","inLanguage":"tr","@id":"https:\/\/kibrisdakik.com\/#\/schema\/logo\/image\/","url":"https:\/\/kibrisdakik.com\/wp-content\/uploads\/2025\/10\/cropped-WhatsApp-Image-2025-10-02-at-12.58.31.jpeg","contentUrl":"https:\/\/kibrisdakik.com\/wp-content\/uploads\/2025\/10\/cropped-WhatsApp-Image-2025-10-02-at-12.58.31.jpeg","width":1237,"height":190,"caption":"K\u0131br\u0131s Dakik"},"image":{"@id":"https:\/\/kibrisdakik.com\/#\/schema\/logo\/image\/"}},{"@type":"Person","@id":"https:\/\/kibrisdakik.com\/#\/schema\/person\/9cd9d437bbb44f72b73ba127e06d8e79","name":"admin","image":{"@type":"ImageObject","inLanguage":"tr","@id":"https:\/\/secure.gravatar.com\/avatar\/ccc17943b9d660506c869530f897617f7cb1c21a4bf30023f252596d83e1f007?s=96&d=mm&r=g","url":"https:\/\/secure.gravatar.com\/avatar\/ccc17943b9d660506c869530f897617f7cb1c21a4bf30023f252596d83e1f007?s=96&d=mm&r=g","contentUrl":"https:\/\/secure.gravatar.com\/avatar\/ccc17943b9d660506c869530f897617f7cb1c21a4bf30023f252596d83e1f007?s=96&d=mm&r=g","caption":"admin"},"sameAs":["https:\/\/kibrisdakik.com"],"url":"https:\/\/kibrisdakik.com\/?author=1"}]}},"_links":{"self":[{"href":"https:\/\/kibrisdakik.com\/index.php?rest_route=\/wp\/v2\/posts\/119906","targetHints":{"allow":["GET"]}}],"collection":[{"href":"https:\/\/kibrisdakik.com\/index.php?rest_route=\/wp\/v2\/posts"}],"about":[{"href":"https:\/\/kibrisdakik.com\/index.php?rest_route=\/wp\/v2\/types\/post"}],"author":[{"embeddable":true,"href":"https:\/\/kibrisdakik.com\/index.php?rest_route=\/wp\/v2\/users\/1"}],"replies":[{"embeddable":true,"href":"https:\/\/kibrisdakik.com\/index.php?rest_route=%2Fwp%2Fv2%2Fcomments&post=119906"}],"version-history":[{"count":0,"href":"https:\/\/kibrisdakik.com\/index.php?rest_route=\/wp\/v2\/posts\/119906\/revisions"}],"wp:featuredmedia":[{"embeddable":true,"href":"https:\/\/kibrisdakik.com\/index.php?rest_route=\/wp\/v2\/media\/119907"}],"wp:attachment":[{"href":"https:\/\/kibrisdakik.com\/index.php?rest_route=%2Fwp%2Fv2%2Fmedia&parent=119906"}],"wp:term":[{"taxonomy":"category","embeddable":true,"href":"https:\/\/kibrisdakik.com\/index.php?rest_route=%2Fwp%2Fv2%2Fcategories&post=119906"},{"taxonomy":"post_tag","embeddable":true,"href":"https:\/\/kibrisdakik.com\/index.php?rest_route=%2Fwp%2Fv2%2Ftags&post=119906"}],"curies":[{"name":"wp","href":"https:\/\/api.w.org\/{rel}","templated":true}]}}