{"id":119908,"date":"2026-09-03T13:22:11","date_gmt":"2026-09-03T10:22:11","guid":{"rendered":"https:\/\/kibrisdakik.com\/?p=119908"},"modified":"2026-09-03T13:22:11","modified_gmt":"2026-09-03T10:22:11","slug":"savasan-ydpnin-istifa-yazisi-henuz-elimize-ulasmadi","status":"publish","type":"post","link":"https:\/\/kibrisdakik.com\/?p=119908","title":{"rendered":"Sava\u015fan: \u201cYDP\u2019nin istifa yaz\u0131s\u0131 hen\u00fcz elimize ula\u015fmad\u0131\u201d"},"content":{"rendered":"<div class=\"qMYqUG_convSearchResultHighlightRoot\">\n<div class=\"\" data-turn-id-container=\"request-WEB:28018122-e267-4791-b5e6-46f663145343-5\" data-is-intersecting=\"true\">\n<section class=\"text-token-text-primary w-full focus:outline-none has-data-writing-block:pointer-events-none [&amp;:has([data-writing-block])&gt;*]:pointer-events-auto R6Vx5W_threadScrollVars scroll-mb-[calc(var(--scroll-root-safe-area-inset-bottom,0px)+var(--thread-response-height))] scroll-mt-[calc(var(--header-height)+min(200px,max(70px,20svh)))]\" dir=\"auto\" data-turn-id=\"request-WEB:28018122-e267-4791-b5e6-46f663145343-5\" data-turn-id-container=\"request-WEB:28018122-e267-4791-b5e6-46f663145343-5\" data-testid=\"conversation-turn-12\" data-turn=\"assistant\">\n<div class=\"text-base my-auto mx-auto pb-8 [--thread-content-margin:var(--thread-content-margin-xs,calc(var(--spacing)*4))] @w-sm\/main:[--thread-content-margin:var(--thread-content-margin-sm,calc(var(--spacing)*6))] @w-lg\/main:[--thread-content-margin:var(--thread-content-margin-lg,calc(var(--spacing)*16))] px-(--thread-content-margin)\">\n<div class=\"[--thread-content-max-width:40rem] @w-lg\/main:[--thread-content-max-width:48rem] mx-auto max-w-(--thread-content-max-width) flex-1 group\/turn-messages focus-visible:outline-hidden relative flex w-full min-w-0 flex-col agent-turn\" data-conversation-screenshot-content=\"\">\n<div class=\"flex max-w-full flex-col gap-4 grow\">\n<div class=\"min-h-8 text-message relative flex w-full flex-col items-end gap-2 text-start break-words whitespace-normal outline-none keyboard-focused:focus-ring [.text-message+&amp;]:mt-1\" dir=\"auto\" tabindex=\"0\" data-message-author-role=\"assistant\" data-message-id=\"fbe2faef-e400-4595-ad93-56dbca43c38d\" data-turn-start-message=\"true\" data-message-model-slug=\"gpt-5-6-mini\">\n<div class=\"flex w-full flex-col gap-1 empty:hidden\">\n<div class=\"fbskMG_root markdown prose dark:prose-invert wrap-break-word w-full light markdown-new-styling\">\n<p class=\"PDq2pG_selectionAnchorContainer\" data-start=\"60\" data-end=\"173\">UBP Genel Sekreteri Ahmet Sava\u015fan, BRT\u2019de kat\u0131ld\u0131\u011f\u0131 \u00f6zel yay\u0131nda h\u00fck\u00fcmette ya\u015fanan son geli\u015fmeleri de\u011ferlendirdi.<\/p>\n<p data-start=\"175\" data-end=\"366\">YDP Genel Ba\u015fkan\u0131 Erhan Ar\u0131kl\u0131\u2019n\u0131n h\u00fck\u00fcmetten \u00e7ekilme y\u00f6n\u00fcndeki a\u00e7\u0131klamas\u0131na de\u011finen Sava\u015fan, karar\u0131n UBP\u2019ye hen\u00fcz resmi olarak bildirilmedi\u011fini s\u00f6yledi.<\/p>\n<h3 data-section-id=\"1368jvo\" data-start=\"368\" data-end=\"409\">\u201cUla\u015ft\u0131\u011f\u0131nda de\u011ferlendirme yap\u0131lacak\u201d<\/h3>\n<p data-start=\"411\" data-end=\"615\">YDP\u2019nin h\u00fck\u00fcmetten \u00e7ekilmesine ili\u015fkin resmi s\u00fcrecin hen\u00fcz ba\u015flamad\u0131\u011f\u0131n\u0131 belirten Sava\u015fan, \u201cHen\u00fcz elimize istifa yaz\u0131s\u0131 ula\u015fmad\u0131. Ula\u015ft\u0131\u011f\u0131nda yetkili kurullar\u0131m\u0131z gerekli de\u011ferlendirmeyi yapacakt\u0131r\u201d dedi.<\/p>\n<p data-start=\"617\" data-end=\"824\" data-is-last-node=\"\" data-is-only-node=\"\">YDP Parti Meclisi, Erhan Ar\u0131kl\u0131\u2019n\u0131n g\u00f6revden al\u0131nmas\u0131n\u0131n ard\u0131ndan ger\u00e7ekle\u015ftirdi\u011fi toplant\u0131da h\u00fck\u00fcmetten \u00e7ekilme karar\u0131 alm\u0131\u015f ve s\u00f6z konusu karar\u0131 kamuoyuna a\u00e7\u0131klam\u0131\u015ft\u0131.<\/p>\n<\/div>\n<\/div>\n<\/div>\n<\/div>\n<div class=\"z-0 flex min-h-[46px] justify-start\"><\/div>\n<div class=\"mt-3 w-full empty:hidden has-[&gt;_:empty]:hidden\">\n<div class=\"text-center\"><\/div>\n<\/div>\n<\/div>\n<div class=\"[--thread-content-max-width:40rem] @w-lg\/main:[--thread-content-max-width:48rem] mx-auto max-w-(--thread-content-max-width) flex-1\" data-conversation-screenshot-content=\"\">\n<div><\/div>\n<\/div>\n<\/div>\n<\/section>\n<\/div>\n<\/div>\n<div class=\"pointer-events-none -mt-px h-px translate-y-(--scroll-root-safe-area-inset-bottom)\" aria-hidden=\"true\"><\/div>\n","protected":false},"excerpt":{"rendered":"<p>UBP Genel Sekreteri Ahmet Sava\u015fan, BRT\u2019de kat\u0131ld\u0131\u011f\u0131 \u00f6zel yay\u0131nda h\u00fck\u00fcmette ya\u015fanan son geli\u015fmeleri de\u011ferlendirdi. YDP Genel Ba\u015fkan\u0131 Erhan Ar\u0131kl\u0131\u2019n\u0131n h\u00fck\u00fcmetten \u00e7ekilme y\u00f6n\u00fcndeki a\u00e7\u0131klamas\u0131na de\u011finen Sava\u015fan, karar\u0131n UBP\u2019ye hen\u00fcz resmi olarak bildirilmedi\u011fini s\u00f6yledi. \u201cUla\u015ft\u0131\u011f\u0131nda de\u011ferlendirme yap\u0131lacak\u201d YDP\u2019nin h\u00fck\u00fcmetten \u00e7ekilmesine ili\u015fkin resmi s\u00fcrecin hen\u00fcz ba\u015flamad\u0131\u011f\u0131n\u0131 belirten Sava\u015fan, \u201cHen\u00fcz elimize istifa yaz\u0131s\u0131 ula\u015fmad\u0131. Ula\u015ft\u0131\u011f\u0131nda yetkili kurullar\u0131m\u0131z gerekli de\u011ferlendirmeyi<\/p>\n","protected":false},"author":1,"featured_media":119909,"comment_status":"open","ping_status":"open","sticky":false,"template":"","format":"standard","meta":{"footnotes":""},"categories":[1,81],"tags":[],"class_list":["post-119908","post","type-post","status-publish","format-standard","has-post-thumbnail","hentry","category-gundem","category-kibris"],"yoast_head":"<!-- This site is optimized with the Yoast SEO plugin v28.4 - https:\/\/yoast.com\/product\/yoast-seo-wordpress\/ -->\n<title>Sava\u015fan: \u201cYDP\u2019nin istifa yaz\u0131s\u0131 hen\u00fcz elimize ula\u015fmad\u0131\u201d -<\/title>\n<meta name=\"robots\" content=\"index, follow, max-snippet:-1, max-image-preview:large, max-video-preview:-1\" \/>\n<link rel=\"canonical\" href=\"https:\/\/kibrisdakik.com\/?p=119908\" \/>\n<meta property=\"og:locale\" content=\"tr_TR\" \/>\n<meta property=\"og:type\" content=\"article\" \/>\n<meta property=\"og:title\" content=\"Sava\u015fan: \u201cYDP\u2019nin istifa yaz\u0131s\u0131 hen\u00fcz elimize ula\u015fmad\u0131\u201d -\" \/>\n<meta property=\"og:description\" content=\"UBP Genel Sekreteri Ahmet Sava\u015fan, BRT\u2019de kat\u0131ld\u0131\u011f\u0131 \u00f6zel yay\u0131nda h\u00fck\u00fcmette ya\u015fanan son geli\u015fmeleri de\u011ferlendirdi. YDP Genel Ba\u015fkan\u0131 Erhan Ar\u0131kl\u0131\u2019n\u0131n h\u00fck\u00fcmetten \u00e7ekilme y\u00f6n\u00fcndeki a\u00e7\u0131klamas\u0131na de\u011finen Sava\u015fan, karar\u0131n UBP\u2019ye hen\u00fcz resmi olarak bildirilmedi\u011fini s\u00f6yledi. \u201cUla\u015ft\u0131\u011f\u0131nda de\u011ferlendirme yap\u0131lacak\u201d YDP\u2019nin h\u00fck\u00fcmetten \u00e7ekilmesine ili\u015fkin resmi s\u00fcrecin hen\u00fcz ba\u015flamad\u0131\u011f\u0131n\u0131 belirten Sava\u015fan, \u201cHen\u00fcz elimize istifa yaz\u0131s\u0131 ula\u015fmad\u0131. Ula\u015ft\u0131\u011f\u0131nda yetkili kurullar\u0131m\u0131z gerekli de\u011ferlendirmeyi\" \/>\n<meta property=\"og:url\" content=\"https:\/\/kibrisdakik.com\/?p=119908\" \/>\n<meta property=\"article:published_time\" content=\"2026-09-03T10:22:11+00:00\" \/>\n<meta property=\"og:image\" content=\"https:\/\/kibrisdakik.com\/wp-content\/uploads\/2026\/09\/v2yeniproje-2026-08-12t103732300_1786520266.webp\" \/>\n\t<meta property=\"og:image:width\" content=\"971\" \/>\n\t<meta property=\"og:image:height\" content=\"551\" \/>\n\t<meta property=\"og:image:type\" content=\"image\/webp\" \/>\n<meta name=\"author\" content=\"admin\" \/>\n<meta name=\"twitter:card\" content=\"summary_large_image\" \/>\n<meta name=\"twitter:label1\" content=\"Yazan:\" \/>\n\t<meta name=\"twitter:data1\" content=\"admin\" \/>\n\t<meta name=\"twitter:label2\" content=\"Tahmini okuma s\u00fcresi\" \/>\n\t<meta name=\"twitter:data2\" content=\"1 dakika\" \/>\n<script type=\"application\/ld+json\" class=\"yoast-schema-graph\">{\"@context\":\"https:\\\/\\\/schema.org\",\"@graph\":[{\"@type\":\"Article\",\"@id\":\"https:\\\/\\\/kibrisdakik.com\\\/?p=119908#article\",\"isPartOf\":{\"@id\":\"https:\\\/\\\/kibrisdakik.com\\\/?p=119908\"},\"author\":{\"name\":\"admin\",\"@id\":\"https:\\\/\\\/kibrisdakik.com\\\/#\\\/schema\\\/person\\\/9cd9d437bbb44f72b73ba127e06d8e79\"},\"headline\":\"Sava\u015fan: \u201cYDP\u2019nin istifa yaz\u0131s\u0131 hen\u00fcz elimize ula\u015fmad\u0131\u201d\",\"datePublished\":\"2026-09-03T10:22:11+00:00\",\"mainEntityOfPage\":{\"@id\":\"https:\\\/\\\/kibrisdakik.com\\\/?p=119908\"},\"wordCount\":154,\"commentCount\":0,\"publisher\":{\"@id\":\"https:\\\/\\\/kibrisdakik.com\\\/#organization\"},\"image\":{\"@id\":\"https:\\\/\\\/kibrisdakik.com\\\/?p=119908#primaryimage\"},\"thumbnailUrl\":\"https:\\\/\\\/kibrisdakik.com\\\/wp-content\\\/uploads\\\/2026\\\/09\\\/v2yeniproje-2026-08-12t103732300_1786520266.webp\",\"articleSection\":[\"G\u00fcndem\",\"K\u0131br\u0131s\"],\"inLanguage\":\"tr\",\"potentialAction\":[{\"@type\":\"CommentAction\",\"name\":\"Comment\",\"target\":[\"https:\\\/\\\/kibrisdakik.com\\\/?p=119908#respond\"]}]},{\"@type\":\"WebPage\",\"@id\":\"https:\\\/\\\/kibrisdakik.com\\\/?p=119908\",\"url\":\"https:\\\/\\\/kibrisdakik.com\\\/?p=119908\",\"name\":\"Sava\u015fan: \u201cYDP\u2019nin istifa yaz\u0131s\u0131 hen\u00fcz elimize ula\u015fmad\u0131\u201d -\",\"isPartOf\":{\"@id\":\"https:\\\/\\\/kibrisdakik.com\\\/#website\"},\"primaryImageOfPage\":{\"@id\":\"https:\\\/\\\/kibrisdakik.com\\\/?p=119908#primaryimage\"},\"image\":{\"@id\":\"https:\\\/\\\/kibrisdakik.com\\\/?p=119908#primaryimage\"},\"thumbnailUrl\":\"https:\\\/\\\/kibrisdakik.com\\\/wp-content\\\/uploads\\\/2026\\\/09\\\/v2yeniproje-2026-08-12t103732300_1786520266.webp\",\"datePublished\":\"2026-09-03T10:22:11+00:00\",\"breadcrumb\":{\"@id\":\"https:\\\/\\\/kibrisdakik.com\\\/?p=119908#breadcrumb\"},\"inLanguage\":\"tr\",\"potentialAction\":[{\"@type\":\"ReadAction\",\"target\":[\"https:\\\/\\\/kibrisdakik.com\\\/?p=119908\"]}]},{\"@type\":\"ImageObject\",\"inLanguage\":\"tr\",\"@id\":\"https:\\\/\\\/kibrisdakik.com\\\/?p=119908#primaryimage\",\"url\":\"https:\\\/\\\/kibrisdakik.com\\\/wp-content\\\/uploads\\\/2026\\\/09\\\/v2yeniproje-2026-08-12t103732300_1786520266.webp\",\"contentUrl\":\"https:\\\/\\\/kibrisdakik.com\\\/wp-content\\\/uploads\\\/2026\\\/09\\\/v2yeniproje-2026-08-12t103732300_1786520266.webp\",\"width\":971,\"height\":551},{\"@type\":\"BreadcrumbList\",\"@id\":\"https:\\\/\\\/kibrisdakik.com\\\/?p=119908#breadcrumb\",\"itemListElement\":[{\"@type\":\"ListItem\",\"position\":1,\"name\":\"Home\",\"item\":\"https:\\\/\\\/kibrisdakik.com\\\/\"},{\"@type\":\"ListItem\",\"position\":2,\"name\":\"Sava\u015fan: \u201cYDP\u2019nin istifa yaz\u0131s\u0131 hen\u00fcz elimize ula\u015fmad\u0131\u201d\"}]},{\"@type\":\"WebSite\",\"@id\":\"https:\\\/\\\/kibrisdakik.com\\\/#website\",\"url\":\"https:\\\/\\\/kibrisdakik.com\\\/\",\"name\":\"K\u0131br\u0131s Dakik\",\"description\":\"Tam vaktinde haber\",\"publisher\":{\"@id\":\"https:\\\/\\\/kibrisdakik.com\\\/#organization\"},\"potentialAction\":[{\"@type\":\"SearchAction\",\"target\":{\"@type\":\"EntryPoint\",\"urlTemplate\":\"https:\\\/\\\/kibrisdakik.com\\\/?s={search_term_string}\"},\"query-input\":{\"@type\":\"PropertyValueSpecification\",\"valueRequired\":true,\"valueName\":\"search_term_string\"}}],\"inLanguage\":\"tr\"},{\"@type\":\"Organization\",\"@id\":\"https:\\\/\\\/kibrisdakik.com\\\/#organization\",\"name\":\"K\u0131br\u0131s Dakik\",\"url\":\"https:\\\/\\\/kibrisdakik.com\\\/\",\"logo\":{\"@type\":\"ImageObject\",\"inLanguage\":\"tr\",\"@id\":\"https:\\\/\\\/kibrisdakik.com\\\/#\\\/schema\\\/logo\\\/image\\\/\",\"url\":\"https:\\\/\\\/kibrisdakik.com\\\/wp-content\\\/uploads\\\/2025\\\/10\\\/cropped-WhatsApp-Image-2025-10-02-at-12.58.31.jpeg\",\"contentUrl\":\"https:\\\/\\\/kibrisdakik.com\\\/wp-content\\\/uploads\\\/2025\\\/10\\\/cropped-WhatsApp-Image-2025-10-02-at-12.58.31.jpeg\",\"width\":1237,\"height\":190,\"caption\":\"K\u0131br\u0131s Dakik\"},\"image\":{\"@id\":\"https:\\\/\\\/kibrisdakik.com\\\/#\\\/schema\\\/logo\\\/image\\\/\"}},{\"@type\":\"Person\",\"@id\":\"https:\\\/\\\/kibrisdakik.com\\\/#\\\/schema\\\/person\\\/9cd9d437bbb44f72b73ba127e06d8e79\",\"name\":\"admin\",\"image\":{\"@type\":\"ImageObject\",\"inLanguage\":\"tr\",\"@id\":\"https:\\\/\\\/secure.gravatar.com\\\/avatar\\\/ccc17943b9d660506c869530f897617f7cb1c21a4bf30023f252596d83e1f007?s=96&d=mm&r=g\",\"url\":\"https:\\\/\\\/secure.gravatar.com\\\/avatar\\\/ccc17943b9d660506c869530f897617f7cb1c21a4bf30023f252596d83e1f007?s=96&d=mm&r=g\",\"contentUrl\":\"https:\\\/\\\/secure.gravatar.com\\\/avatar\\\/ccc17943b9d660506c869530f897617f7cb1c21a4bf30023f252596d83e1f007?s=96&d=mm&r=g\",\"caption\":\"admin\"},\"sameAs\":[\"https:\\\/\\\/kibrisdakik.com\"],\"url\":\"https:\\\/\\\/kibrisdakik.com\\\/?author=1\"}]}<\/script>\n<!-- \/ Yoast SEO plugin. -->","yoast_head_json":{"title":"Sava\u015fan: \u201cYDP\u2019nin istifa yaz\u0131s\u0131 hen\u00fcz elimize ula\u015fmad\u0131\u201d -","robots":{"index":"index","follow":"follow","max-snippet":"max-snippet:-1","max-image-preview":"max-image-preview:large","max-video-preview":"max-video-preview:-1"},"canonical":"https:\/\/kibrisdakik.com\/?p=119908","og_locale":"tr_TR","og_type":"article","og_title":"Sava\u015fan: \u201cYDP\u2019nin istifa yaz\u0131s\u0131 hen\u00fcz elimize ula\u015fmad\u0131\u201d -","og_description":"UBP Genel Sekreteri Ahmet Sava\u015fan, BRT\u2019de kat\u0131ld\u0131\u011f\u0131 \u00f6zel yay\u0131nda h\u00fck\u00fcmette ya\u015fanan son geli\u015fmeleri de\u011ferlendirdi. YDP Genel Ba\u015fkan\u0131 Erhan Ar\u0131kl\u0131\u2019n\u0131n h\u00fck\u00fcmetten \u00e7ekilme y\u00f6n\u00fcndeki a\u00e7\u0131klamas\u0131na de\u011finen Sava\u015fan, karar\u0131n UBP\u2019ye hen\u00fcz resmi olarak bildirilmedi\u011fini s\u00f6yledi. \u201cUla\u015ft\u0131\u011f\u0131nda de\u011ferlendirme yap\u0131lacak\u201d YDP\u2019nin h\u00fck\u00fcmetten \u00e7ekilmesine ili\u015fkin resmi s\u00fcrecin hen\u00fcz ba\u015flamad\u0131\u011f\u0131n\u0131 belirten Sava\u015fan, \u201cHen\u00fcz elimize istifa yaz\u0131s\u0131 ula\u015fmad\u0131. Ula\u015ft\u0131\u011f\u0131nda yetkili kurullar\u0131m\u0131z gerekli de\u011ferlendirmeyi","og_url":"https:\/\/kibrisdakik.com\/?p=119908","article_published_time":"2026-09-03T10:22:11+00:00","og_image":[{"width":971,"height":551,"url":"https:\/\/kibrisdakik.com\/wp-content\/uploads\/2026\/09\/v2yeniproje-2026-08-12t103732300_1786520266.webp","type":"image\/webp"}],"author":"admin","twitter_card":"summary_large_image","twitter_misc":{"Yazan:":"admin","Tahmini okuma s\u00fcresi":"1 dakika"},"schema":{"@context":"https:\/\/schema.org","@graph":[{"@type":"Article","@id":"https:\/\/kibrisdakik.com\/?p=119908#article","isPartOf":{"@id":"https:\/\/kibrisdakik.com\/?p=119908"},"author":{"name":"admin","@id":"https:\/\/kibrisdakik.com\/#\/schema\/person\/9cd9d437bbb44f72b73ba127e06d8e79"},"headline":"Sava\u015fan: \u201cYDP\u2019nin istifa yaz\u0131s\u0131 hen\u00fcz elimize ula\u015fmad\u0131\u201d","datePublished":"2026-09-03T10:22:11+00:00","mainEntityOfPage":{"@id":"https:\/\/kibrisdakik.com\/?p=119908"},"wordCount":154,"commentCount":0,"publisher":{"@id":"https:\/\/kibrisdakik.com\/#organization"},"image":{"@id":"https:\/\/kibrisdakik.com\/?p=119908#primaryimage"},"thumbnailUrl":"https:\/\/kibrisdakik.com\/wp-content\/uploads\/2026\/09\/v2yeniproje-2026-08-12t103732300_1786520266.webp","articleSection":["G\u00fcndem","K\u0131br\u0131s"],"inLanguage":"tr","potentialAction":[{"@type":"CommentAction","name":"Comment","target":["https:\/\/kibrisdakik.com\/?p=119908#respond"]}]},{"@type":"WebPage","@id":"https:\/\/kibrisdakik.com\/?p=119908","url":"https:\/\/kibrisdakik.com\/?p=119908","name":"Sava\u015fan: \u201cYDP\u2019nin istifa yaz\u0131s\u0131 hen\u00fcz elimize ula\u015fmad\u0131\u201d -","isPartOf":{"@id":"https:\/\/kibrisdakik.com\/#website"},"primaryImageOfPage":{"@id":"https:\/\/kibrisdakik.com\/?p=119908#primaryimage"},"image":{"@id":"https:\/\/kibrisdakik.com\/?p=119908#primaryimage"},"thumbnailUrl":"https:\/\/kibrisdakik.com\/wp-content\/uploads\/2026\/09\/v2yeniproje-2026-08-12t103732300_1786520266.webp","datePublished":"2026-09-03T10:22:11+00:00","breadcrumb":{"@id":"https:\/\/kibrisdakik.com\/?p=119908#breadcrumb"},"inLanguage":"tr","potentialAction":[{"@type":"ReadAction","target":["https:\/\/kibrisdakik.com\/?p=119908"]}]},{"@type":"ImageObject","inLanguage":"tr","@id":"https:\/\/kibrisdakik.com\/?p=119908#primaryimage","url":"https:\/\/kibrisdakik.com\/wp-content\/uploads\/2026\/09\/v2yeniproje-2026-08-12t103732300_1786520266.webp","contentUrl":"https:\/\/kibrisdakik.com\/wp-content\/uploads\/2026\/09\/v2yeniproje-2026-08-12t103732300_1786520266.webp","width":971,"height":551},{"@type":"BreadcrumbList","@id":"https:\/\/kibrisdakik.com\/?p=119908#breadcrumb","itemListElement":[{"@type":"ListItem","position":1,"name":"Home","item":"https:\/\/kibrisdakik.com\/"},{"@type":"ListItem","position":2,"name":"Sava\u015fan: \u201cYDP\u2019nin istifa yaz\u0131s\u0131 hen\u00fcz elimize ula\u015fmad\u0131\u201d"}]},{"@type":"WebSite","@id":"https:\/\/kibrisdakik.com\/#website","url":"https:\/\/kibrisdakik.com\/","name":"K\u0131br\u0131s Dakik","description":"Tam vaktinde haber","publisher":{"@id":"https:\/\/kibrisdakik.com\/#organization"},"potentialAction":[{"@type":"SearchAction","target":{"@type":"EntryPoint","urlTemplate":"https:\/\/kibrisdakik.com\/?s={search_term_string}"},"query-input":{"@type":"PropertyValueSpecification","valueRequired":true,"valueName":"search_term_string"}}],"inLanguage":"tr"},{"@type":"Organization","@id":"https:\/\/kibrisdakik.com\/#organization","name":"K\u0131br\u0131s Dakik","url":"https:\/\/kibrisdakik.com\/","logo":{"@type":"ImageObject","inLanguage":"tr","@id":"https:\/\/kibrisdakik.com\/#\/schema\/logo\/image\/","url":"https:\/\/kibrisdakik.com\/wp-content\/uploads\/2025\/10\/cropped-WhatsApp-Image-2025-10-02-at-12.58.31.jpeg","contentUrl":"https:\/\/kibrisdakik.com\/wp-content\/uploads\/2025\/10\/cropped-WhatsApp-Image-2025-10-02-at-12.58.31.jpeg","width":1237,"height":190,"caption":"K\u0131br\u0131s Dakik"},"image":{"@id":"https:\/\/kibrisdakik.com\/#\/schema\/logo\/image\/"}},{"@type":"Person","@id":"https:\/\/kibrisdakik.com\/#\/schema\/person\/9cd9d437bbb44f72b73ba127e06d8e79","name":"admin","image":{"@type":"ImageObject","inLanguage":"tr","@id":"https:\/\/secure.gravatar.com\/avatar\/ccc17943b9d660506c869530f897617f7cb1c21a4bf30023f252596d83e1f007?s=96&d=mm&r=g","url":"https:\/\/secure.gravatar.com\/avatar\/ccc17943b9d660506c869530f897617f7cb1c21a4bf30023f252596d83e1f007?s=96&d=mm&r=g","contentUrl":"https:\/\/secure.gravatar.com\/avatar\/ccc17943b9d660506c869530f897617f7cb1c21a4bf30023f252596d83e1f007?s=96&d=mm&r=g","caption":"admin"},"sameAs":["https:\/\/kibrisdakik.com"],"url":"https:\/\/kibrisdakik.com\/?author=1"}]}},"_links":{"self":[{"href":"https:\/\/kibrisdakik.com\/index.php?rest_route=\/wp\/v2\/posts\/119908","targetHints":{"allow":["GET"]}}],"collection":[{"href":"https:\/\/kibrisdakik.com\/index.php?rest_route=\/wp\/v2\/posts"}],"about":[{"href":"https:\/\/kibrisdakik.com\/index.php?rest_route=\/wp\/v2\/types\/post"}],"author":[{"embeddable":true,"href":"https:\/\/kibrisdakik.com\/index.php?rest_route=\/wp\/v2\/users\/1"}],"replies":[{"embeddable":true,"href":"https:\/\/kibrisdakik.com\/index.php?rest_route=%2Fwp%2Fv2%2Fcomments&post=119908"}],"version-history":[{"count":1,"href":"https:\/\/kibrisdakik.com\/index.php?rest_route=\/wp\/v2\/posts\/119908\/revisions"}],"predecessor-version":[{"id":119910,"href":"https:\/\/kibrisdakik.com\/index.php?rest_route=\/wp\/v2\/posts\/119908\/revisions\/119910"}],"wp:featuredmedia":[{"embeddable":true,"href":"https:\/\/kibrisdakik.com\/index.php?rest_route=\/wp\/v2\/media\/119909"}],"wp:attachment":[{"href":"https:\/\/kibrisdakik.com\/index.php?rest_route=%2Fwp%2Fv2%2Fmedia&parent=119908"}],"wp:term":[{"taxonomy":"category","embeddable":true,"href":"https:\/\/kibrisdakik.com\/index.php?rest_route=%2Fwp%2Fv2%2Fcategories&post=119908"},{"taxonomy":"post_tag","embeddable":true,"href":"https:\/\/kibrisdakik.com\/index.php?rest_route=%2Fwp%2Fv2%2Ftags&post=119908"}],"curies":[{"name":"wp","href":"https:\/\/api.w.org\/{rel}","templated":true}]}}