{"id":119911,"date":"2026-09-03T13:33:32","date_gmt":"2026-09-03T10:33:32","guid":{"rendered":"https:\/\/kibrisdakik.com\/?p=119911"},"modified":"2026-09-03T13:33:32","modified_gmt":"2026-09-03T10:33:32","slug":"esini-olumle-tehdit-eden-zanli-cezaevine-gonderildi","status":"publish","type":"post","link":"https:\/\/kibrisdakik.com\/?p=119911","title":{"rendered":"E\u015e\u0130N\u0130 \u00d6L\u00dcMLE TEHD\u0130T EDEN ZANLI CEZAEV\u0130NE G\u00d6NDER\u0130LD\u0130"},"content":{"rendered":"<p><\/p>\n<p>Lefko\u015fa\u2019ya ba\u011fl\u0131 G\u00f6khan k\u00f6y\u00fcnde meydana gelen <strong>\u201cCinsel Taciz ve \u015eiddet Kullanma Tehdidi\u201d<\/strong> su\u00e7lar\u0131yla ilgili tutuklanan M.D. yeniden mahkemeye \u00e7\u0131kar\u0131ld\u0131.<\/p>\n<div id=\"ad_121\" data-channel=\"121\" data-advert=\"temedya\" data-rotation=\"120\" class=\"mb-3 text-center\"><\/div>\n<div id=\"ad_121_mobile\" data-channel=\"121\" data-advert=\"temedya\" data-rotation=\"120\" class=\"mb-3 text-center\"><\/div>\n<p>Mahkemede olgular\u0131 aktaran polis memuru A\u00e7elya G\u00f6r\u00fcro\u011flu, zanl\u0131n\u0131n 1 Eyl\u00fcl 2026 tarihinde saat 23.00 s\u0131ralar\u0131nda e\u015fi H.D. ile ya\u015fad\u0131\u011f\u0131 s\u00f6zl\u00fc tart\u0131\u015fma s\u0131ras\u0131nda e\u015fine hakaret etti\u011fini s\u00f6yledi.<\/p>\n<p>Polis, H.D.\u2019nin ya\u015fananlar\u0131 polise bildirece\u011fini s\u00f6ylemesi \u00fczerine zanl\u0131n\u0131n, <strong>\u201cPolise gidersen seni bulup yine \u00f6ld\u00fcr\u00fcr\u00fcm\u201d<\/strong> \u015feklinde tehditte bulundu\u011funu mahkemeye aktard\u0131.<\/p>\n<h3>Daha \u00f6nce de su\u00e7lamalarla g\u00fcndeme geldi<\/h3>\n<p>Polis, 2 Eyl\u00fcl\u2019de tutuklanan M.D.\u2019nin daha \u00f6nce de e\u015fiyle ilgili su\u00e7lardan teminata ba\u011fland\u0131\u011f\u0131n\u0131 belirtti.<\/p>\n<p>Zanl\u0131n\u0131n 3 Haziran 2025\u2019te <strong>\u201c\u015eiddet Kullanma Tehdidi ve Ciddi Darp\u201d<\/strong> su\u00e7lar\u0131ndan teminata ba\u011fland\u0131\u011f\u0131 ve hakk\u0131nda dosya tanzim edildi\u011fi kaydedildi. Ayr\u0131ca 18 ve 23 Haziran 2025 tarihlerinde \u201cKoruma Emrine Riayetsizlik\u201d su\u00e7lar\u0131na ili\u015fkin \u015fik\u00e2yetler bulundu\u011fu ancak iddialar\u0131n ispatlanamad\u0131\u011f\u0131 i\u00e7in ileri g\u00f6t\u00fcr\u00fclemedi\u011fi belirtildi.<\/p>\n<p>Mahkemede, H.D.\u2019nin Ocak 2026\u2019da da darp iddialar\u0131yla ilgili polise bilgi verdi\u011fi ancak \u015fik\u00e2yet\u00e7i olmad\u0131\u011f\u0131 aktar\u0131ld\u0131.<\/p>\n<h3>15 g\u00fcn\u00fc a\u015fmayacak s\u00fcreyle cezaevinde<\/h3>\n<p>Polis, zanl\u0131n\u0131n serbest kalmas\u0131 halinde benzer su\u00e7lar\u0131 yeniden i\u015fleme ihtimalinin y\u00fcksek oldu\u011funu ve m\u00fc\u015ftekinin hayat\u0131ndan endi\u015fe duydu\u011funu ifade etti.<\/p>\n<p>Yarg\u0131\u00e7 Zehra Yalkut Bilge\u00e7, zanl\u0131 M.D.\u2019nin <strong>15 g\u00fcn\u00fc a\u015fmamak \u00fczere Merkezi Cezaevi\u2019ne g\u00f6nderilmesine<\/strong> emir verdi.<\/p>\n<\/p>\n<div class=\"article-source py-3 small \">\n                <\/div>\n","protected":false},"excerpt":{"rendered":"<p>Lefko\u015fa\u2019ya ba\u011fl\u0131 G\u00f6khan k\u00f6y\u00fcnde meydana gelen \u201cCinsel Taciz ve \u015eiddet Kullanma Tehdidi\u201d su\u00e7lar\u0131yla ilgili tutuklanan M.D. yeniden mahkemeye \u00e7\u0131kar\u0131ld\u0131. Mahkemede olgular\u0131 aktaran polis memuru A\u00e7elya G\u00f6r\u00fcro\u011flu, zanl\u0131n\u0131n 1 Eyl\u00fcl 2026 tarihinde saat 23.00 s\u0131ralar\u0131nda e\u015fi H.D. ile ya\u015fad\u0131\u011f\u0131 s\u00f6zl\u00fc tart\u0131\u015fma s\u0131ras\u0131nda e\u015fine hakaret etti\u011fini s\u00f6yledi. Polis, H.D.\u2019nin ya\u015fananlar\u0131 polise bildirece\u011fini s\u00f6ylemesi \u00fczerine zanl\u0131n\u0131n, \u201cPolise gidersen<\/p>\n","protected":false},"author":1,"featured_media":119912,"comment_status":"open","ping_status":"open","sticky":false,"template":"","format":"standard","meta":{"footnotes":""},"categories":[81],"tags":[],"class_list":["post-119911","post","type-post","status-publish","format-standard","has-post-thumbnail","hentry","category-kibris"],"yoast_head":"<!-- This site is optimized with the Yoast SEO plugin v28.4 - https:\/\/yoast.com\/product\/yoast-seo-wordpress\/ -->\n<title>E\u015e\u0130N\u0130 \u00d6L\u00dcMLE TEHD\u0130T EDEN ZANLI CEZAEV\u0130NE G\u00d6NDER\u0130LD\u0130 -<\/title>\n<meta name=\"robots\" content=\"index, follow, max-snippet:-1, max-image-preview:large, max-video-preview:-1\" \/>\n<link rel=\"canonical\" href=\"https:\/\/kibrisdakik.com\/?p=119911\" \/>\n<meta property=\"og:locale\" content=\"tr_TR\" \/>\n<meta property=\"og:type\" content=\"article\" \/>\n<meta property=\"og:title\" content=\"E\u015e\u0130N\u0130 \u00d6L\u00dcMLE TEHD\u0130T EDEN ZANLI CEZAEV\u0130NE G\u00d6NDER\u0130LD\u0130 -\" \/>\n<meta property=\"og:description\" content=\"Lefko\u015fa\u2019ya ba\u011fl\u0131 G\u00f6khan k\u00f6y\u00fcnde meydana gelen \u201cCinsel Taciz ve \u015eiddet Kullanma Tehdidi\u201d su\u00e7lar\u0131yla ilgili tutuklanan M.D. yeniden mahkemeye \u00e7\u0131kar\u0131ld\u0131. Mahkemede olgular\u0131 aktaran polis memuru A\u00e7elya G\u00f6r\u00fcro\u011flu, zanl\u0131n\u0131n 1 Eyl\u00fcl 2026 tarihinde saat 23.00 s\u0131ralar\u0131nda e\u015fi H.D. ile ya\u015fad\u0131\u011f\u0131 s\u00f6zl\u00fc tart\u0131\u015fma s\u0131ras\u0131nda e\u015fine hakaret etti\u011fini s\u00f6yledi. Polis, H.D.\u2019nin ya\u015fananlar\u0131 polise bildirece\u011fini s\u00f6ylemesi \u00fczerine zanl\u0131n\u0131n, \u201cPolise gidersen\" \/>\n<meta property=\"og:url\" content=\"https:\/\/kibrisdakik.com\/?p=119911\" \/>\n<meta property=\"article:published_time\" content=\"2026-09-03T10:33:32+00:00\" \/>\n<meta property=\"og:image\" content=\"https:\/\/mhahabercom.teimg.com\/crop\/1280x720\/mhahaber-com\/uploads\/2026\/09\/mha-sari-beyaz-7705.png\" \/>\n<meta name=\"author\" content=\"admin\" \/>\n<meta name=\"twitter:card\" content=\"summary_large_image\" \/>\n<meta name=\"twitter:label1\" content=\"Yazan:\" \/>\n\t<meta name=\"twitter:data1\" content=\"admin\" \/>\n\t<meta name=\"twitter:label2\" content=\"Tahmini okuma s\u00fcresi\" \/>\n\t<meta name=\"twitter:data2\" content=\"1 dakika\" \/>\n<script type=\"application\/ld+json\" class=\"yoast-schema-graph\">{\"@context\":\"https:\\\/\\\/schema.org\",\"@graph\":[{\"@type\":\"Article\",\"@id\":\"https:\\\/\\\/kibrisdakik.com\\\/?p=119911#article\",\"isPartOf\":{\"@id\":\"https:\\\/\\\/kibrisdakik.com\\\/?p=119911\"},\"author\":{\"name\":\"admin\",\"@id\":\"https:\\\/\\\/kibrisdakik.com\\\/#\\\/schema\\\/person\\\/9cd9d437bbb44f72b73ba127e06d8e79\"},\"headline\":\"E\u015e\u0130N\u0130 \u00d6L\u00dcMLE TEHD\u0130T EDEN ZANLI CEZAEV\u0130NE G\u00d6NDER\u0130LD\u0130\",\"datePublished\":\"2026-09-03T10:33:32+00:00\",\"mainEntityOfPage\":{\"@id\":\"https:\\\/\\\/kibrisdakik.com\\\/?p=119911\"},\"wordCount\":276,\"commentCount\":0,\"publisher\":{\"@id\":\"https:\\\/\\\/kibrisdakik.com\\\/#organization\"},\"image\":{\"@id\":\"https:\\\/\\\/kibrisdakik.com\\\/?p=119911#primaryimage\"},\"thumbnailUrl\":\"https:\\\/\\\/kibrisdakik.com\\\/wp-content\\\/uploads\\\/2026\\\/09\\\/mha-sari-beyaz-7705.png\",\"articleSection\":[\"K\u0131br\u0131s\"],\"inLanguage\":\"tr\",\"potentialAction\":[{\"@type\":\"CommentAction\",\"name\":\"Comment\",\"target\":[\"https:\\\/\\\/kibrisdakik.com\\\/?p=119911#respond\"]}]},{\"@type\":\"WebPage\",\"@id\":\"https:\\\/\\\/kibrisdakik.com\\\/?p=119911\",\"url\":\"https:\\\/\\\/kibrisdakik.com\\\/?p=119911\",\"name\":\"E\u015e\u0130N\u0130 \u00d6L\u00dcMLE TEHD\u0130T EDEN ZANLI CEZAEV\u0130NE G\u00d6NDER\u0130LD\u0130 -\",\"isPartOf\":{\"@id\":\"https:\\\/\\\/kibrisdakik.com\\\/#website\"},\"primaryImageOfPage\":{\"@id\":\"https:\\\/\\\/kibrisdakik.com\\\/?p=119911#primaryimage\"},\"image\":{\"@id\":\"https:\\\/\\\/kibrisdakik.com\\\/?p=119911#primaryimage\"},\"thumbnailUrl\":\"https:\\\/\\\/kibrisdakik.com\\\/wp-content\\\/uploads\\\/2026\\\/09\\\/mha-sari-beyaz-7705.png\",\"datePublished\":\"2026-09-03T10:33:32+00:00\",\"breadcrumb\":{\"@id\":\"https:\\\/\\\/kibrisdakik.com\\\/?p=119911#breadcrumb\"},\"inLanguage\":\"tr\",\"potentialAction\":[{\"@type\":\"ReadAction\",\"target\":[\"https:\\\/\\\/kibrisdakik.com\\\/?p=119911\"]}]},{\"@type\":\"ImageObject\",\"inLanguage\":\"tr\",\"@id\":\"https:\\\/\\\/kibrisdakik.com\\\/?p=119911#primaryimage\",\"url\":\"https:\\\/\\\/kibrisdakik.com\\\/wp-content\\\/uploads\\\/2026\\\/09\\\/mha-sari-beyaz-7705.png\",\"contentUrl\":\"https:\\\/\\\/kibrisdakik.com\\\/wp-content\\\/uploads\\\/2026\\\/09\\\/mha-sari-beyaz-7705.png\",\"width\":1280,\"height\":720},{\"@type\":\"BreadcrumbList\",\"@id\":\"https:\\\/\\\/kibrisdakik.com\\\/?p=119911#breadcrumb\",\"itemListElement\":[{\"@type\":\"ListItem\",\"position\":1,\"name\":\"Home\",\"item\":\"https:\\\/\\\/kibrisdakik.com\\\/\"},{\"@type\":\"ListItem\",\"position\":2,\"name\":\"E\u015e\u0130N\u0130 \u00d6L\u00dcMLE TEHD\u0130T EDEN ZANLI CEZAEV\u0130NE G\u00d6NDER\u0130LD\u0130\"}]},{\"@type\":\"WebSite\",\"@id\":\"https:\\\/\\\/kibrisdakik.com\\\/#website\",\"url\":\"https:\\\/\\\/kibrisdakik.com\\\/\",\"name\":\"K\u0131br\u0131s Dakik\",\"description\":\"Tam vaktinde haber\",\"publisher\":{\"@id\":\"https:\\\/\\\/kibrisdakik.com\\\/#organization\"},\"potentialAction\":[{\"@type\":\"SearchAction\",\"target\":{\"@type\":\"EntryPoint\",\"urlTemplate\":\"https:\\\/\\\/kibrisdakik.com\\\/?s={search_term_string}\"},\"query-input\":{\"@type\":\"PropertyValueSpecification\",\"valueRequired\":true,\"valueName\":\"search_term_string\"}}],\"inLanguage\":\"tr\"},{\"@type\":\"Organization\",\"@id\":\"https:\\\/\\\/kibrisdakik.com\\\/#organization\",\"name\":\"K\u0131br\u0131s Dakik\",\"url\":\"https:\\\/\\\/kibrisdakik.com\\\/\",\"logo\":{\"@type\":\"ImageObject\",\"inLanguage\":\"tr\",\"@id\":\"https:\\\/\\\/kibrisdakik.com\\\/#\\\/schema\\\/logo\\\/image\\\/\",\"url\":\"https:\\\/\\\/kibrisdakik.com\\\/wp-content\\\/uploads\\\/2025\\\/10\\\/cropped-WhatsApp-Image-2025-10-02-at-12.58.31.jpeg\",\"contentUrl\":\"https:\\\/\\\/kibrisdakik.com\\\/wp-content\\\/uploads\\\/2025\\\/10\\\/cropped-WhatsApp-Image-2025-10-02-at-12.58.31.jpeg\",\"width\":1237,\"height\":190,\"caption\":\"K\u0131br\u0131s Dakik\"},\"image\":{\"@id\":\"https:\\\/\\\/kibrisdakik.com\\\/#\\\/schema\\\/logo\\\/image\\\/\"}},{\"@type\":\"Person\",\"@id\":\"https:\\\/\\\/kibrisdakik.com\\\/#\\\/schema\\\/person\\\/9cd9d437bbb44f72b73ba127e06d8e79\",\"name\":\"admin\",\"image\":{\"@type\":\"ImageObject\",\"inLanguage\":\"tr\",\"@id\":\"https:\\\/\\\/secure.gravatar.com\\\/avatar\\\/ccc17943b9d660506c869530f897617f7cb1c21a4bf30023f252596d83e1f007?s=96&d=mm&r=g\",\"url\":\"https:\\\/\\\/secure.gravatar.com\\\/avatar\\\/ccc17943b9d660506c869530f897617f7cb1c21a4bf30023f252596d83e1f007?s=96&d=mm&r=g\",\"contentUrl\":\"https:\\\/\\\/secure.gravatar.com\\\/avatar\\\/ccc17943b9d660506c869530f897617f7cb1c21a4bf30023f252596d83e1f007?s=96&d=mm&r=g\",\"caption\":\"admin\"},\"sameAs\":[\"https:\\\/\\\/kibrisdakik.com\"],\"url\":\"https:\\\/\\\/kibrisdakik.com\\\/?author=1\"}]}<\/script>\n<!-- \/ Yoast SEO plugin. -->","yoast_head_json":{"title":"E\u015e\u0130N\u0130 \u00d6L\u00dcMLE TEHD\u0130T EDEN ZANLI CEZAEV\u0130NE G\u00d6NDER\u0130LD\u0130 -","robots":{"index":"index","follow":"follow","max-snippet":"max-snippet:-1","max-image-preview":"max-image-preview:large","max-video-preview":"max-video-preview:-1"},"canonical":"https:\/\/kibrisdakik.com\/?p=119911","og_locale":"tr_TR","og_type":"article","og_title":"E\u015e\u0130N\u0130 \u00d6L\u00dcMLE TEHD\u0130T EDEN ZANLI CEZAEV\u0130NE G\u00d6NDER\u0130LD\u0130 -","og_description":"Lefko\u015fa\u2019ya ba\u011fl\u0131 G\u00f6khan k\u00f6y\u00fcnde meydana gelen \u201cCinsel Taciz ve \u015eiddet Kullanma Tehdidi\u201d su\u00e7lar\u0131yla ilgili tutuklanan M.D. yeniden mahkemeye \u00e7\u0131kar\u0131ld\u0131. Mahkemede olgular\u0131 aktaran polis memuru A\u00e7elya G\u00f6r\u00fcro\u011flu, zanl\u0131n\u0131n 1 Eyl\u00fcl 2026 tarihinde saat 23.00 s\u0131ralar\u0131nda e\u015fi H.D. ile ya\u015fad\u0131\u011f\u0131 s\u00f6zl\u00fc tart\u0131\u015fma s\u0131ras\u0131nda e\u015fine hakaret etti\u011fini s\u00f6yledi. Polis, H.D.\u2019nin ya\u015fananlar\u0131 polise bildirece\u011fini s\u00f6ylemesi \u00fczerine zanl\u0131n\u0131n, \u201cPolise gidersen","og_url":"https:\/\/kibrisdakik.com\/?p=119911","article_published_time":"2026-09-03T10:33:32+00:00","og_image":[{"url":"https:\/\/mhahabercom.teimg.com\/crop\/1280x720\/mhahaber-com\/uploads\/2026\/09\/mha-sari-beyaz-7705.png","type":"","width":"","height":""}],"author":"admin","twitter_card":"summary_large_image","twitter_misc":{"Yazan:":"admin","Tahmini okuma s\u00fcresi":"1 dakika"},"schema":{"@context":"https:\/\/schema.org","@graph":[{"@type":"Article","@id":"https:\/\/kibrisdakik.com\/?p=119911#article","isPartOf":{"@id":"https:\/\/kibrisdakik.com\/?p=119911"},"author":{"name":"admin","@id":"https:\/\/kibrisdakik.com\/#\/schema\/person\/9cd9d437bbb44f72b73ba127e06d8e79"},"headline":"E\u015e\u0130N\u0130 \u00d6L\u00dcMLE TEHD\u0130T EDEN ZANLI CEZAEV\u0130NE G\u00d6NDER\u0130LD\u0130","datePublished":"2026-09-03T10:33:32+00:00","mainEntityOfPage":{"@id":"https:\/\/kibrisdakik.com\/?p=119911"},"wordCount":276,"commentCount":0,"publisher":{"@id":"https:\/\/kibrisdakik.com\/#organization"},"image":{"@id":"https:\/\/kibrisdakik.com\/?p=119911#primaryimage"},"thumbnailUrl":"https:\/\/kibrisdakik.com\/wp-content\/uploads\/2026\/09\/mha-sari-beyaz-7705.png","articleSection":["K\u0131br\u0131s"],"inLanguage":"tr","potentialAction":[{"@type":"CommentAction","name":"Comment","target":["https:\/\/kibrisdakik.com\/?p=119911#respond"]}]},{"@type":"WebPage","@id":"https:\/\/kibrisdakik.com\/?p=119911","url":"https:\/\/kibrisdakik.com\/?p=119911","name":"E\u015e\u0130N\u0130 \u00d6L\u00dcMLE TEHD\u0130T EDEN ZANLI CEZAEV\u0130NE G\u00d6NDER\u0130LD\u0130 -","isPartOf":{"@id":"https:\/\/kibrisdakik.com\/#website"},"primaryImageOfPage":{"@id":"https:\/\/kibrisdakik.com\/?p=119911#primaryimage"},"image":{"@id":"https:\/\/kibrisdakik.com\/?p=119911#primaryimage"},"thumbnailUrl":"https:\/\/kibrisdakik.com\/wp-content\/uploads\/2026\/09\/mha-sari-beyaz-7705.png","datePublished":"2026-09-03T10:33:32+00:00","breadcrumb":{"@id":"https:\/\/kibrisdakik.com\/?p=119911#breadcrumb"},"inLanguage":"tr","potentialAction":[{"@type":"ReadAction","target":["https:\/\/kibrisdakik.com\/?p=119911"]}]},{"@type":"ImageObject","inLanguage":"tr","@id":"https:\/\/kibrisdakik.com\/?p=119911#primaryimage","url":"https:\/\/kibrisdakik.com\/wp-content\/uploads\/2026\/09\/mha-sari-beyaz-7705.png","contentUrl":"https:\/\/kibrisdakik.com\/wp-content\/uploads\/2026\/09\/mha-sari-beyaz-7705.png","width":1280,"height":720},{"@type":"BreadcrumbList","@id":"https:\/\/kibrisdakik.com\/?p=119911#breadcrumb","itemListElement":[{"@type":"ListItem","position":1,"name":"Home","item":"https:\/\/kibrisdakik.com\/"},{"@type":"ListItem","position":2,"name":"E\u015e\u0130N\u0130 \u00d6L\u00dcMLE TEHD\u0130T EDEN ZANLI CEZAEV\u0130NE G\u00d6NDER\u0130LD\u0130"}]},{"@type":"WebSite","@id":"https:\/\/kibrisdakik.com\/#website","url":"https:\/\/kibrisdakik.com\/","name":"K\u0131br\u0131s Dakik","description":"Tam vaktinde haber","publisher":{"@id":"https:\/\/kibrisdakik.com\/#organization"},"potentialAction":[{"@type":"SearchAction","target":{"@type":"EntryPoint","urlTemplate":"https:\/\/kibrisdakik.com\/?s={search_term_string}"},"query-input":{"@type":"PropertyValueSpecification","valueRequired":true,"valueName":"search_term_string"}}],"inLanguage":"tr"},{"@type":"Organization","@id":"https:\/\/kibrisdakik.com\/#organization","name":"K\u0131br\u0131s Dakik","url":"https:\/\/kibrisdakik.com\/","logo":{"@type":"ImageObject","inLanguage":"tr","@id":"https:\/\/kibrisdakik.com\/#\/schema\/logo\/image\/","url":"https:\/\/kibrisdakik.com\/wp-content\/uploads\/2025\/10\/cropped-WhatsApp-Image-2025-10-02-at-12.58.31.jpeg","contentUrl":"https:\/\/kibrisdakik.com\/wp-content\/uploads\/2025\/10\/cropped-WhatsApp-Image-2025-10-02-at-12.58.31.jpeg","width":1237,"height":190,"caption":"K\u0131br\u0131s Dakik"},"image":{"@id":"https:\/\/kibrisdakik.com\/#\/schema\/logo\/image\/"}},{"@type":"Person","@id":"https:\/\/kibrisdakik.com\/#\/schema\/person\/9cd9d437bbb44f72b73ba127e06d8e79","name":"admin","image":{"@type":"ImageObject","inLanguage":"tr","@id":"https:\/\/secure.gravatar.com\/avatar\/ccc17943b9d660506c869530f897617f7cb1c21a4bf30023f252596d83e1f007?s=96&d=mm&r=g","url":"https:\/\/secure.gravatar.com\/avatar\/ccc17943b9d660506c869530f897617f7cb1c21a4bf30023f252596d83e1f007?s=96&d=mm&r=g","contentUrl":"https:\/\/secure.gravatar.com\/avatar\/ccc17943b9d660506c869530f897617f7cb1c21a4bf30023f252596d83e1f007?s=96&d=mm&r=g","caption":"admin"},"sameAs":["https:\/\/kibrisdakik.com"],"url":"https:\/\/kibrisdakik.com\/?author=1"}]}},"_links":{"self":[{"href":"https:\/\/kibrisdakik.com\/index.php?rest_route=\/wp\/v2\/posts\/119911","targetHints":{"allow":["GET"]}}],"collection":[{"href":"https:\/\/kibrisdakik.com\/index.php?rest_route=\/wp\/v2\/posts"}],"about":[{"href":"https:\/\/kibrisdakik.com\/index.php?rest_route=\/wp\/v2\/types\/post"}],"author":[{"embeddable":true,"href":"https:\/\/kibrisdakik.com\/index.php?rest_route=\/wp\/v2\/users\/1"}],"replies":[{"embeddable":true,"href":"https:\/\/kibrisdakik.com\/index.php?rest_route=%2Fwp%2Fv2%2Fcomments&post=119911"}],"version-history":[{"count":0,"href":"https:\/\/kibrisdakik.com\/index.php?rest_route=\/wp\/v2\/posts\/119911\/revisions"}],"wp:featuredmedia":[{"embeddable":true,"href":"https:\/\/kibrisdakik.com\/index.php?rest_route=\/wp\/v2\/media\/119912"}],"wp:attachment":[{"href":"https:\/\/kibrisdakik.com\/index.php?rest_route=%2Fwp%2Fv2%2Fmedia&parent=119911"}],"wp:term":[{"taxonomy":"category","embeddable":true,"href":"https:\/\/kibrisdakik.com\/index.php?rest_route=%2Fwp%2Fv2%2Fcategories&post=119911"},{"taxonomy":"post_tag","embeddable":true,"href":"https:\/\/kibrisdakik.com\/index.php?rest_route=%2Fwp%2Fv2%2Ftags&post=119911"}],"curies":[{"name":"wp","href":"https:\/\/api.w.org\/{rel}","templated":true}]}}