{"id":119925,"date":"2026-09-03T14:33:02","date_gmt":"2026-09-03T11:33:02","guid":{"rendered":"https:\/\/kibrisdakik.com\/?p=119925"},"modified":"2026-09-03T14:33:02","modified_gmt":"2026-09-03T11:33:02","slug":"chp-heyeti-girnede-gemi-faciasini-takip-edecegiz","status":"publish","type":"post","link":"https:\/\/kibrisdakik.com\/?p=119925","title":{"rendered":"CHP HEYET\u0130 G\u0130RNE\u2019DE: GEM\u0130 FAC\u0130ASINI TAK\u0130P EDECE\u011e\u0130Z"},"content":{"rendered":"<p><\/p>\n<p>Cumhuriyet Halk Partisi (CHP) Genel Ba\u015fkan Yard\u0131mc\u0131s\u0131 ve Ankara Milletvekili Semra Din\u00e7er, Filo Jet\u2019in batmas\u0131na ve ya\u015fanan gemi facias\u0131na ili\u015fkin olas\u0131 ihmal ve aksakl\u0131klar\u0131n takip\u00e7isi olacaklar\u0131n\u0131 belirtti.<\/p>\n<\/p>\n<p>CHP heyeti, Filo Jet\u2019in batmas\u0131n\u0131n ard\u0131ndan ya\u015fanan facia dolay\u0131s\u0131yla bug\u00fcn Girne\u2019de temaslarda bulundu. CHP Genel Ba\u015fkan Yard\u0131mc\u0131s\u0131 ve Ankara Milletvekili Din\u00e7er ba\u015fkanl\u0131\u011f\u0131ndaki heyette, Mersin Milletvekili G\u00fclcan K\u0131\u015f ile Hatay Milletvekili Nermin Y\u0131ld\u0131r\u0131m Kara yer ald\u0131.<\/p>\n<div id=\"ad_121\" data-channel=\"121\" data-advert=\"temedya\" data-rotation=\"120\" class=\"mb-3 text-center\"><\/div>\n<div id=\"ad_121_mobile\" data-channel=\"121\" data-advert=\"temedya\" data-rotation=\"120\" class=\"mb-3 text-center\"><\/div>\n<\/p>\n<p>Heyet, Girne\u2019de facian\u0131n ard\u0131ndan olu\u015fturulan kriz masas\u0131n\u0131 ziyaret ederek, arama-kurtarma \u00e7al\u0131\u015fmalar\u0131 ve y\u00fcr\u00fct\u00fclen s\u00fcre\u00e7 hakk\u0131nda bilgi ald\u0131. CHP heyeti daha sonra, liman b\u00f6lgesinde bekleyi\u015flerini s\u00fcrd\u00fcren kay\u0131p yak\u0131nlar\u0131yla bir araya geldi, aileleri dinleyerek, destek belirtti.<\/p>\n<\/p>\n<p>TBMM T\u00fcrkiye-KKTC Dostluk Grubu \u00dcyesi de olan Din\u00e7er, ziyaret s\u0131ras\u0131nda F\u0130LO JET facias\u0131na ili\u015fkin bas\u0131na de\u011ferlendirmelerde bulundu.<\/p>\n<\/p>\n<p>Din\u00e7er, burada yapt\u0131\u011f\u0131 a\u00e7\u0131klamada, 30 A\u011fustos\u2019ta Girne a\u00e7\u0131klar\u0131nda ya\u015fanan facian\u0131n b\u00fcy\u00fck bir ac\u0131ya neden oldu\u011funu belirterek, hayat\u0131n\u0131 kaybedenlere rahmet, yak\u0131nlar\u0131na sab\u0131r diledi.<\/p>\n<\/p>\n<p>&#8211; \u201cYa\u015fananlar \u2018kader\u2019 de\u011fildir\u2026 \u0130nsan hayat\u0131 bu kadar ucuz olmamal\u0131\u201d<\/p>\n<\/p>\n<p>Arama \u00e7al\u0131\u015fmalar\u0131 s\u00fcren kay\u0131p ki\u015filere bir an \u00f6nce ula\u015f\u0131lmas\u0131n\u0131 temenni eden Din\u00e7er, limanda bekleyen ailelerin g\u00fcnler ge\u00e7tik\u00e7e isyan\u0131n\u0131n artt\u0131\u011f\u0131n\u0131 s\u00f6yledi. Ailelerin ya\u015fad\u0131klar\u0131n\u0131 yerinde dinlediklerini s\u00f6yleyen Din\u00e7er, \u00f6zellikle \u00e7ocuklar\u0131n\u0131 ve yak\u0131nlar\u0131n\u0131 kaybeden ailelerin anlatt\u0131klar\u0131n\u0131n kendilerini derinden etkiledi\u011fini belirtti.<\/p>\n<p>\nDin\u00e7er, ya\u015fananlar\u0131n \u201ckader\u201d olarak de\u011ferlendirilemeyece\u011fini s\u00f6yleyerek, \u201cBir insan\u0131n hayat\u0131 bu kadar ucuz olmamal\u0131. \u0130nsan hayat\u0131 hepimiz i\u00e7in k\u0131ymetlidir.\u201d dedi. CHP olarak ya\u015fanan faciadaki olas\u0131 ihmal ve aksakl\u0131klar\u0131n takip\u00e7isi olacaklar\u0131n\u0131 belirten Din\u00e7er, Mersin Milletvekili K\u0131\u015f\u2019\u0131n konuyla ilgili TBMM\u2019ye soru \u00f6nergesi verdi\u011fini hat\u0131rlatt\u0131.<\/p>\n<\/p>\n<p>Girne\u2019deki temaslar\u0131n\u0131n ard\u0131ndan Gazima\u011fusa\u2019ya ge\u00e7eceklerini ve faciada ya\u015fam\u0131n\u0131 yitiren ki\u015finin ailesine taziye ziyaretinde bulunacaklar\u0131n\u0131 belirten Din\u00e7er, ailelerle ve T\u00fcrkiye\u2019nin Lefko\u015fa B\u00fcy\u00fckel\u00e7ili\u011fi\u2019yle irtibatlar\u0131n\u0131 s\u00fcrd\u00fcreceklerini ifade etti.<\/p>\n<\/p>\n<div class=\"article-source py-3 small \">\n                <\/div>\n","protected":false},"excerpt":{"rendered":"<p>Cumhuriyet Halk Partisi (CHP) Genel Ba\u015fkan Yard\u0131mc\u0131s\u0131 ve Ankara Milletvekili Semra Din\u00e7er, Filo Jet\u2019in batmas\u0131na ve ya\u015fanan gemi facias\u0131na ili\u015fkin olas\u0131 ihmal ve aksakl\u0131klar\u0131n takip\u00e7isi olacaklar\u0131n\u0131 belirtti. CHP heyeti, Filo Jet\u2019in batmas\u0131n\u0131n ard\u0131ndan ya\u015fanan facia dolay\u0131s\u0131yla bug\u00fcn Girne\u2019de temaslarda bulundu. CHP Genel Ba\u015fkan Yard\u0131mc\u0131s\u0131 ve Ankara Milletvekili Din\u00e7er ba\u015fkanl\u0131\u011f\u0131ndaki heyette, Mersin Milletvekili G\u00fclcan K\u0131\u015f ile<\/p>\n","protected":false},"author":1,"featured_media":119926,"comment_status":"open","ping_status":"open","sticky":false,"template":"","format":"standard","meta":{"footnotes":""},"categories":[81],"tags":[],"class_list":["post-119925","post","type-post","status-publish","format-standard","has-post-thumbnail","hentry","category-kibris"],"yoast_head":"<!-- This site is optimized with the Yoast SEO plugin v28.4 - https:\/\/yoast.com\/product\/yoast-seo-wordpress\/ -->\n<title>CHP HEYET\u0130 G\u0130RNE\u2019DE: GEM\u0130 FAC\u0130ASINI TAK\u0130P EDECE\u011e\u0130Z -<\/title>\n<meta name=\"robots\" content=\"index, follow, max-snippet:-1, max-image-preview:large, max-video-preview:-1\" \/>\n<link rel=\"canonical\" href=\"https:\/\/kibrisdakik.com\/?p=119925\" \/>\n<meta property=\"og:locale\" content=\"tr_TR\" \/>\n<meta property=\"og:type\" content=\"article\" \/>\n<meta property=\"og:title\" content=\"CHP HEYET\u0130 G\u0130RNE\u2019DE: GEM\u0130 FAC\u0130ASINI TAK\u0130P EDECE\u011e\u0130Z -\" \/>\n<meta property=\"og:description\" content=\"Cumhuriyet Halk Partisi (CHP) Genel Ba\u015fkan Yard\u0131mc\u0131s\u0131 ve Ankara Milletvekili Semra Din\u00e7er, Filo Jet\u2019in batmas\u0131na ve ya\u015fanan gemi facias\u0131na ili\u015fkin olas\u0131 ihmal ve aksakl\u0131klar\u0131n takip\u00e7isi olacaklar\u0131n\u0131 belirtti. CHP heyeti, Filo Jet\u2019in batmas\u0131n\u0131n ard\u0131ndan ya\u015fanan facia dolay\u0131s\u0131yla bug\u00fcn Girne\u2019de temaslarda bulundu. CHP Genel Ba\u015fkan Yard\u0131mc\u0131s\u0131 ve Ankara Milletvekili Din\u00e7er ba\u015fkanl\u0131\u011f\u0131ndaki heyette, Mersin Milletvekili G\u00fclcan K\u0131\u015f ile\" \/>\n<meta property=\"og:url\" content=\"https:\/\/kibrisdakik.com\/?p=119925\" \/>\n<meta property=\"article:published_time\" content=\"2026-09-03T11:33:02+00:00\" \/>\n<meta property=\"og:image\" content=\"https:\/\/mhahabercom.teimg.com\/crop\/1280x720\/mhahaber-com\/uploads\/2026\/09\/mha-sari-beyaz-7712.png\" \/>\n<meta name=\"author\" content=\"admin\" \/>\n<meta name=\"twitter:card\" content=\"summary_large_image\" \/>\n<meta name=\"twitter:label1\" content=\"Yazan:\" \/>\n\t<meta name=\"twitter:data1\" content=\"admin\" \/>\n\t<meta name=\"twitter:label2\" content=\"Tahmini okuma s\u00fcresi\" \/>\n\t<meta name=\"twitter:data2\" content=\"2 dakika\" \/>\n<script type=\"application\/ld+json\" class=\"yoast-schema-graph\">{\"@context\":\"https:\\\/\\\/schema.org\",\"@graph\":[{\"@type\":\"Article\",\"@id\":\"https:\\\/\\\/kibrisdakik.com\\\/?p=119925#article\",\"isPartOf\":{\"@id\":\"https:\\\/\\\/kibrisdakik.com\\\/?p=119925\"},\"author\":{\"name\":\"admin\",\"@id\":\"https:\\\/\\\/kibrisdakik.com\\\/#\\\/schema\\\/person\\\/9cd9d437bbb44f72b73ba127e06d8e79\"},\"headline\":\"CHP HEYET\u0130 G\u0130RNE\u2019DE: GEM\u0130 FAC\u0130ASINI TAK\u0130P EDECE\u011e\u0130Z\",\"datePublished\":\"2026-09-03T11:33:02+00:00\",\"mainEntityOfPage\":{\"@id\":\"https:\\\/\\\/kibrisdakik.com\\\/?p=119925\"},\"wordCount\":404,\"commentCount\":0,\"publisher\":{\"@id\":\"https:\\\/\\\/kibrisdakik.com\\\/#organization\"},\"image\":{\"@id\":\"https:\\\/\\\/kibrisdakik.com\\\/?p=119925#primaryimage\"},\"thumbnailUrl\":\"https:\\\/\\\/kibrisdakik.com\\\/wp-content\\\/uploads\\\/2026\\\/09\\\/mha-sari-beyaz-7712.png\",\"articleSection\":[\"K\u0131br\u0131s\"],\"inLanguage\":\"tr\",\"potentialAction\":[{\"@type\":\"CommentAction\",\"name\":\"Comment\",\"target\":[\"https:\\\/\\\/kibrisdakik.com\\\/?p=119925#respond\"]}]},{\"@type\":\"WebPage\",\"@id\":\"https:\\\/\\\/kibrisdakik.com\\\/?p=119925\",\"url\":\"https:\\\/\\\/kibrisdakik.com\\\/?p=119925\",\"name\":\"CHP HEYET\u0130 G\u0130RNE\u2019DE: GEM\u0130 FAC\u0130ASINI TAK\u0130P EDECE\u011e\u0130Z -\",\"isPartOf\":{\"@id\":\"https:\\\/\\\/kibrisdakik.com\\\/#website\"},\"primaryImageOfPage\":{\"@id\":\"https:\\\/\\\/kibrisdakik.com\\\/?p=119925#primaryimage\"},\"image\":{\"@id\":\"https:\\\/\\\/kibrisdakik.com\\\/?p=119925#primaryimage\"},\"thumbnailUrl\":\"https:\\\/\\\/kibrisdakik.com\\\/wp-content\\\/uploads\\\/2026\\\/09\\\/mha-sari-beyaz-7712.png\",\"datePublished\":\"2026-09-03T11:33:02+00:00\",\"breadcrumb\":{\"@id\":\"https:\\\/\\\/kibrisdakik.com\\\/?p=119925#breadcrumb\"},\"inLanguage\":\"tr\",\"potentialAction\":[{\"@type\":\"ReadAction\",\"target\":[\"https:\\\/\\\/kibrisdakik.com\\\/?p=119925\"]}]},{\"@type\":\"ImageObject\",\"inLanguage\":\"tr\",\"@id\":\"https:\\\/\\\/kibrisdakik.com\\\/?p=119925#primaryimage\",\"url\":\"https:\\\/\\\/kibrisdakik.com\\\/wp-content\\\/uploads\\\/2026\\\/09\\\/mha-sari-beyaz-7712.png\",\"contentUrl\":\"https:\\\/\\\/kibrisdakik.com\\\/wp-content\\\/uploads\\\/2026\\\/09\\\/mha-sari-beyaz-7712.png\",\"width\":1280,\"height\":720},{\"@type\":\"BreadcrumbList\",\"@id\":\"https:\\\/\\\/kibrisdakik.com\\\/?p=119925#breadcrumb\",\"itemListElement\":[{\"@type\":\"ListItem\",\"position\":1,\"name\":\"Home\",\"item\":\"https:\\\/\\\/kibrisdakik.com\\\/\"},{\"@type\":\"ListItem\",\"position\":2,\"name\":\"CHP HEYET\u0130 G\u0130RNE\u2019DE: GEM\u0130 FAC\u0130ASINI TAK\u0130P EDECE\u011e\u0130Z\"}]},{\"@type\":\"WebSite\",\"@id\":\"https:\\\/\\\/kibrisdakik.com\\\/#website\",\"url\":\"https:\\\/\\\/kibrisdakik.com\\\/\",\"name\":\"K\u0131br\u0131s Dakik\",\"description\":\"Tam vaktinde haber\",\"publisher\":{\"@id\":\"https:\\\/\\\/kibrisdakik.com\\\/#organization\"},\"potentialAction\":[{\"@type\":\"SearchAction\",\"target\":{\"@type\":\"EntryPoint\",\"urlTemplate\":\"https:\\\/\\\/kibrisdakik.com\\\/?s={search_term_string}\"},\"query-input\":{\"@type\":\"PropertyValueSpecification\",\"valueRequired\":true,\"valueName\":\"search_term_string\"}}],\"inLanguage\":\"tr\"},{\"@type\":\"Organization\",\"@id\":\"https:\\\/\\\/kibrisdakik.com\\\/#organization\",\"name\":\"K\u0131br\u0131s Dakik\",\"url\":\"https:\\\/\\\/kibrisdakik.com\\\/\",\"logo\":{\"@type\":\"ImageObject\",\"inLanguage\":\"tr\",\"@id\":\"https:\\\/\\\/kibrisdakik.com\\\/#\\\/schema\\\/logo\\\/image\\\/\",\"url\":\"https:\\\/\\\/kibrisdakik.com\\\/wp-content\\\/uploads\\\/2025\\\/10\\\/cropped-WhatsApp-Image-2025-10-02-at-12.58.31.jpeg\",\"contentUrl\":\"https:\\\/\\\/kibrisdakik.com\\\/wp-content\\\/uploads\\\/2025\\\/10\\\/cropped-WhatsApp-Image-2025-10-02-at-12.58.31.jpeg\",\"width\":1237,\"height\":190,\"caption\":\"K\u0131br\u0131s Dakik\"},\"image\":{\"@id\":\"https:\\\/\\\/kibrisdakik.com\\\/#\\\/schema\\\/logo\\\/image\\\/\"}},{\"@type\":\"Person\",\"@id\":\"https:\\\/\\\/kibrisdakik.com\\\/#\\\/schema\\\/person\\\/9cd9d437bbb44f72b73ba127e06d8e79\",\"name\":\"admin\",\"image\":{\"@type\":\"ImageObject\",\"inLanguage\":\"tr\",\"@id\":\"https:\\\/\\\/secure.gravatar.com\\\/avatar\\\/ccc17943b9d660506c869530f897617f7cb1c21a4bf30023f252596d83e1f007?s=96&d=mm&r=g\",\"url\":\"https:\\\/\\\/secure.gravatar.com\\\/avatar\\\/ccc17943b9d660506c869530f897617f7cb1c21a4bf30023f252596d83e1f007?s=96&d=mm&r=g\",\"contentUrl\":\"https:\\\/\\\/secure.gravatar.com\\\/avatar\\\/ccc17943b9d660506c869530f897617f7cb1c21a4bf30023f252596d83e1f007?s=96&d=mm&r=g\",\"caption\":\"admin\"},\"sameAs\":[\"https:\\\/\\\/kibrisdakik.com\"],\"url\":\"https:\\\/\\\/kibrisdakik.com\\\/?author=1\"}]}<\/script>\n<!-- \/ Yoast SEO plugin. -->","yoast_head_json":{"title":"CHP HEYET\u0130 G\u0130RNE\u2019DE: GEM\u0130 FAC\u0130ASINI TAK\u0130P EDECE\u011e\u0130Z -","robots":{"index":"index","follow":"follow","max-snippet":"max-snippet:-1","max-image-preview":"max-image-preview:large","max-video-preview":"max-video-preview:-1"},"canonical":"https:\/\/kibrisdakik.com\/?p=119925","og_locale":"tr_TR","og_type":"article","og_title":"CHP HEYET\u0130 G\u0130RNE\u2019DE: GEM\u0130 FAC\u0130ASINI TAK\u0130P EDECE\u011e\u0130Z -","og_description":"Cumhuriyet Halk Partisi (CHP) Genel Ba\u015fkan Yard\u0131mc\u0131s\u0131 ve Ankara Milletvekili Semra Din\u00e7er, Filo Jet\u2019in batmas\u0131na ve ya\u015fanan gemi facias\u0131na ili\u015fkin olas\u0131 ihmal ve aksakl\u0131klar\u0131n takip\u00e7isi olacaklar\u0131n\u0131 belirtti. CHP heyeti, Filo Jet\u2019in batmas\u0131n\u0131n ard\u0131ndan ya\u015fanan facia dolay\u0131s\u0131yla bug\u00fcn Girne\u2019de temaslarda bulundu. CHP Genel Ba\u015fkan Yard\u0131mc\u0131s\u0131 ve Ankara Milletvekili Din\u00e7er ba\u015fkanl\u0131\u011f\u0131ndaki heyette, Mersin Milletvekili G\u00fclcan K\u0131\u015f ile","og_url":"https:\/\/kibrisdakik.com\/?p=119925","article_published_time":"2026-09-03T11:33:02+00:00","og_image":[{"url":"https:\/\/mhahabercom.teimg.com\/crop\/1280x720\/mhahaber-com\/uploads\/2026\/09\/mha-sari-beyaz-7712.png","type":"","width":"","height":""}],"author":"admin","twitter_card":"summary_large_image","twitter_misc":{"Yazan:":"admin","Tahmini okuma s\u00fcresi":"2 dakika"},"schema":{"@context":"https:\/\/schema.org","@graph":[{"@type":"Article","@id":"https:\/\/kibrisdakik.com\/?p=119925#article","isPartOf":{"@id":"https:\/\/kibrisdakik.com\/?p=119925"},"author":{"name":"admin","@id":"https:\/\/kibrisdakik.com\/#\/schema\/person\/9cd9d437bbb44f72b73ba127e06d8e79"},"headline":"CHP HEYET\u0130 G\u0130RNE\u2019DE: GEM\u0130 FAC\u0130ASINI TAK\u0130P EDECE\u011e\u0130Z","datePublished":"2026-09-03T11:33:02+00:00","mainEntityOfPage":{"@id":"https:\/\/kibrisdakik.com\/?p=119925"},"wordCount":404,"commentCount":0,"publisher":{"@id":"https:\/\/kibrisdakik.com\/#organization"},"image":{"@id":"https:\/\/kibrisdakik.com\/?p=119925#primaryimage"},"thumbnailUrl":"https:\/\/kibrisdakik.com\/wp-content\/uploads\/2026\/09\/mha-sari-beyaz-7712.png","articleSection":["K\u0131br\u0131s"],"inLanguage":"tr","potentialAction":[{"@type":"CommentAction","name":"Comment","target":["https:\/\/kibrisdakik.com\/?p=119925#respond"]}]},{"@type":"WebPage","@id":"https:\/\/kibrisdakik.com\/?p=119925","url":"https:\/\/kibrisdakik.com\/?p=119925","name":"CHP HEYET\u0130 G\u0130RNE\u2019DE: GEM\u0130 FAC\u0130ASINI TAK\u0130P EDECE\u011e\u0130Z -","isPartOf":{"@id":"https:\/\/kibrisdakik.com\/#website"},"primaryImageOfPage":{"@id":"https:\/\/kibrisdakik.com\/?p=119925#primaryimage"},"image":{"@id":"https:\/\/kibrisdakik.com\/?p=119925#primaryimage"},"thumbnailUrl":"https:\/\/kibrisdakik.com\/wp-content\/uploads\/2026\/09\/mha-sari-beyaz-7712.png","datePublished":"2026-09-03T11:33:02+00:00","breadcrumb":{"@id":"https:\/\/kibrisdakik.com\/?p=119925#breadcrumb"},"inLanguage":"tr","potentialAction":[{"@type":"ReadAction","target":["https:\/\/kibrisdakik.com\/?p=119925"]}]},{"@type":"ImageObject","inLanguage":"tr","@id":"https:\/\/kibrisdakik.com\/?p=119925#primaryimage","url":"https:\/\/kibrisdakik.com\/wp-content\/uploads\/2026\/09\/mha-sari-beyaz-7712.png","contentUrl":"https:\/\/kibrisdakik.com\/wp-content\/uploads\/2026\/09\/mha-sari-beyaz-7712.png","width":1280,"height":720},{"@type":"BreadcrumbList","@id":"https:\/\/kibrisdakik.com\/?p=119925#breadcrumb","itemListElement":[{"@type":"ListItem","position":1,"name":"Home","item":"https:\/\/kibrisdakik.com\/"},{"@type":"ListItem","position":2,"name":"CHP HEYET\u0130 G\u0130RNE\u2019DE: GEM\u0130 FAC\u0130ASINI TAK\u0130P EDECE\u011e\u0130Z"}]},{"@type":"WebSite","@id":"https:\/\/kibrisdakik.com\/#website","url":"https:\/\/kibrisdakik.com\/","name":"K\u0131br\u0131s Dakik","description":"Tam vaktinde haber","publisher":{"@id":"https:\/\/kibrisdakik.com\/#organization"},"potentialAction":[{"@type":"SearchAction","target":{"@type":"EntryPoint","urlTemplate":"https:\/\/kibrisdakik.com\/?s={search_term_string}"},"query-input":{"@type":"PropertyValueSpecification","valueRequired":true,"valueName":"search_term_string"}}],"inLanguage":"tr"},{"@type":"Organization","@id":"https:\/\/kibrisdakik.com\/#organization","name":"K\u0131br\u0131s Dakik","url":"https:\/\/kibrisdakik.com\/","logo":{"@type":"ImageObject","inLanguage":"tr","@id":"https:\/\/kibrisdakik.com\/#\/schema\/logo\/image\/","url":"https:\/\/kibrisdakik.com\/wp-content\/uploads\/2025\/10\/cropped-WhatsApp-Image-2025-10-02-at-12.58.31.jpeg","contentUrl":"https:\/\/kibrisdakik.com\/wp-content\/uploads\/2025\/10\/cropped-WhatsApp-Image-2025-10-02-at-12.58.31.jpeg","width":1237,"height":190,"caption":"K\u0131br\u0131s Dakik"},"image":{"@id":"https:\/\/kibrisdakik.com\/#\/schema\/logo\/image\/"}},{"@type":"Person","@id":"https:\/\/kibrisdakik.com\/#\/schema\/person\/9cd9d437bbb44f72b73ba127e06d8e79","name":"admin","image":{"@type":"ImageObject","inLanguage":"tr","@id":"https:\/\/secure.gravatar.com\/avatar\/ccc17943b9d660506c869530f897617f7cb1c21a4bf30023f252596d83e1f007?s=96&d=mm&r=g","url":"https:\/\/secure.gravatar.com\/avatar\/ccc17943b9d660506c869530f897617f7cb1c21a4bf30023f252596d83e1f007?s=96&d=mm&r=g","contentUrl":"https:\/\/secure.gravatar.com\/avatar\/ccc17943b9d660506c869530f897617f7cb1c21a4bf30023f252596d83e1f007?s=96&d=mm&r=g","caption":"admin"},"sameAs":["https:\/\/kibrisdakik.com"],"url":"https:\/\/kibrisdakik.com\/?author=1"}]}},"_links":{"self":[{"href":"https:\/\/kibrisdakik.com\/index.php?rest_route=\/wp\/v2\/posts\/119925","targetHints":{"allow":["GET"]}}],"collection":[{"href":"https:\/\/kibrisdakik.com\/index.php?rest_route=\/wp\/v2\/posts"}],"about":[{"href":"https:\/\/kibrisdakik.com\/index.php?rest_route=\/wp\/v2\/types\/post"}],"author":[{"embeddable":true,"href":"https:\/\/kibrisdakik.com\/index.php?rest_route=\/wp\/v2\/users\/1"}],"replies":[{"embeddable":true,"href":"https:\/\/kibrisdakik.com\/index.php?rest_route=%2Fwp%2Fv2%2Fcomments&post=119925"}],"version-history":[{"count":0,"href":"https:\/\/kibrisdakik.com\/index.php?rest_route=\/wp\/v2\/posts\/119925\/revisions"}],"wp:featuredmedia":[{"embeddable":true,"href":"https:\/\/kibrisdakik.com\/index.php?rest_route=\/wp\/v2\/media\/119926"}],"wp:attachment":[{"href":"https:\/\/kibrisdakik.com\/index.php?rest_route=%2Fwp%2Fv2%2Fmedia&parent=119925"}],"wp:term":[{"taxonomy":"category","embeddable":true,"href":"https:\/\/kibrisdakik.com\/index.php?rest_route=%2Fwp%2Fv2%2Fcategories&post=119925"},{"taxonomy":"post_tag","embeddable":true,"href":"https:\/\/kibrisdakik.com\/index.php?rest_route=%2Fwp%2Fv2%2Ftags&post=119925"}],"curies":[{"name":"wp","href":"https:\/\/api.w.org\/{rel}","templated":true}]}}