{"id":119937,"date":"2026-09-03T16:44:00","date_gmt":"2026-09-03T13:44:00","guid":{"rendered":"https:\/\/kibrisdakik.com\/?p=119937"},"modified":"2026-09-03T16:44:00","modified_gmt":"2026-09-03T13:44:00","slug":"limanlar-dairesinden-arama-kurtarma-bolgesi-icin-seyir-ve-faaliyet-kisitlamasi","status":"publish","type":"post","link":"https:\/\/kibrisdakik.com\/?p=119937","title":{"rendered":"L\u0130MANLAR DA\u0130RES\u0130\u2019NDEN ARAMA KURTARMA B\u00d6LGES\u0130 \u0130\u00c7\u0130N SEY\u0130R VE FAAL\u0130YET KISITLAMASI"},"content":{"rendered":"<p><\/p>\n<div data-text-id=\"207242\" property=\"articleBody\">\n<p>Limanlar Dairesi M\u00fcd\u00fcrl\u00fc\u011f\u00fc, meydana gelen deniz kazas\u0131n\u0131n ard\u0131ndan s\u00fcrd\u00fcr\u00fclen arama kurtarma \u00e7al\u0131\u015fmalar\u0131 nedeniyle Kapl\u0131ca b\u00f6lgesinden Koru\u00e7am Burnu\u2019na kadar olan deniz sahas\u0131nda seyir ve faaliyet k\u0131s\u0131tlamalar\u0131 uygulanaca\u011f\u0131n\u0131 duyurdu.<\/p>\n<p>Limanlar Dairesi\u2019nden yap\u0131lan a\u00e7\u0131klamada, bug\u00fcnden itibaren ikinci bir emre kadar b\u00f6lgede su sporlar\u0131 faaliyetlerinin durduruldu\u011fu, tur teknelerinin faaliyetlerine s\u0131n\u0131rlama getirildi\u011fi, belirlenen arama kurtarma sahas\u0131nda tekne ve bal\u0131k\u00e7\u0131 teknelerinin seyir ve faaliyetlerinin yasakland\u0131\u011f\u0131, marina giri\u015f-\u00e7\u0131k\u0131\u015flar\u0131 i\u00e7in ise emniyetli ge\u00e7i\u015f rotas\u0131 olu\u015fturuldu\u011fu belirtildi.<\/p>\n<p>A\u00e7\u0131klamaya g\u00f6re, Antik Liman\u2019da faaliyet g\u00f6steren ticari tur tekneleri, liman\u0131n do\u011fusuna ge\u00e7meden ve kuzey y\u00f6n\u00fcnde k\u0131y\u0131dan 500 metre mesafenin d\u0131\u015f\u0131na \u00e7\u0131kmadan bat\u0131 sahil \u015feridi boyunca faaliyetlerini s\u00fcrd\u00fcrebilecek.<\/p>\n<p>Ticari tur tekneleriyle birlikte jet ski kullan\u0131lmas\u0131 ve tur teknelerinde m\u00fczikli e\u011flence d\u00fczenlenmesi yasaklan\u0131rken, b\u00f6lgedeki t\u00fcm otel, i\u015fletme ve plajlarda parasailing, banana, jet ski ve benzeri su sporlar\u0131 faaliyetleri durduruldu.<\/p>\n<p><strong>&#8211;<\/strong><strong>Marina giri\u015f-\u00e7\u0131k\u0131\u015flar\u0131 i\u00e7in emniyetli ge\u00e7i\u015f rotas\u0131<\/strong><\/p>\n<p>Delta Marina ve Girne Marina\u2019dan giri\u015f-\u00e7\u0131k\u0131\u015f yapacak teknelerin, belirlenen mevkileri takip ederek emniyetli ge\u00e7i\u015f rotas\u0131nda ve d\u00fc\u015f\u00fck s\u00fcratle seyretmeleri gerekti\u011fi kaydedildi.<\/p>\n<p>Emniyetli ge\u00e7i\u015f rotas\u0131 i\u00e7in belirlenen koordinatlar \u015f\u00f6yle:<\/p>\n<p>35\u00b0 34,2&#8242; Kuzey \u2013 033\u00b0 20,6&#8242; Do\u011fu<\/p>\n<p>35\u00b0 33,5&#8242; Kuzey \u2013 033\u00b0 09,4&#8242; Do\u011fu<\/p>\n<p>35\u00b0 24&#8242; Kuzey \u2013 033\u00b0 11&#8242; Do\u011fu<\/p>\n<p>35\u00b0 21&#8242; Kuzey \u2013 033\u00b0 21&#8242; Do\u011fu<\/p>\n<p>&#8211;<strong>Arama kurtarma sahas\u0131nda seyir ve faaliyet yasa\u011f\u0131<\/strong><\/p>\n<p>A\u00e7\u0131klamada, 15 NRT\u2019den b\u00fcy\u00fck veya k\u00fc\u00e7\u00fck t\u00fcm tekneler, tekne s\u0131n\u0131f\u0131na giren t\u00fcm deniz ara\u00e7lar\u0131 ile amat\u00f6r ve profesyonel bal\u0131k\u00e7\u0131l\u0131k faaliyeti y\u00fcr\u00fcten teknelerin, koordinatlarla belirlenen arama kurtarma sahas\u0131nda seyretmeleri veya herhangi bir faaliyette bulunmalar\u0131n\u0131n yasak oldu\u011fu bildirildi.<\/p>\n<p>Arama kurtarma sahas\u0131n\u0131n koordinatlar\u0131 ise \u015f\u00f6yle:<\/p>\n<p>35\u00b0 28,4&#8242; Kuzey \u2013 033\u00b0 39,4&#8242; Do\u011fu<\/p>\n<p>35\u00b0 24,4&#8242; Kuzey \u2013 033\u00b0 39,4&#8242; Do\u011fu<\/p>\n<p>35\u00b0 32,6&#8242; Kuzey \u2013 033\u00b0 12,4&#8242; Do\u011fu<\/p>\n<p>35\u00b0 21,3&#8242; Kuzey \u2013 033\u00b0 04,9&#8242; Do\u011fu<\/p>\n<p>Belirlenen k\u0131s\u0131tlamalara ayk\u0131r\u0131 hareket edenler hakk\u0131nda Liman D\u00fczenleme Yasas\u0131 uyar\u0131nca cezai i\u015flem uygulanabilece\u011fi belirtilen a\u00e7\u0131klamada, arama kurtarma \u00e7al\u0131\u015fmalar\u0131n\u0131n aksamamas\u0131 ve seyir emniyetinin sa\u011flanmas\u0131 i\u00e7in deniz kullan\u0131c\u0131lar\u0131n\u0131n tedbirlere titizlikle uymalar\u0131 istendi.<\/p>\n<\/p><\/div>\n","protected":false},"excerpt":{"rendered":"<p>Limanlar Dairesi M\u00fcd\u00fcrl\u00fc\u011f\u00fc, meydana gelen deniz kazas\u0131n\u0131n ard\u0131ndan s\u00fcrd\u00fcr\u00fclen arama kurtarma \u00e7al\u0131\u015fmalar\u0131 nedeniyle Kapl\u0131ca b\u00f6lgesinden Koru\u00e7am Burnu\u2019na kadar olan deniz sahas\u0131nda seyir ve faaliyet k\u0131s\u0131tlamalar\u0131 uygulanaca\u011f\u0131n\u0131 duyurdu. Limanlar Dairesi\u2019nden yap\u0131lan a\u00e7\u0131klamada, bug\u00fcnden itibaren ikinci bir emre kadar b\u00f6lgede su sporlar\u0131 faaliyetlerinin durduruldu\u011fu, tur teknelerinin faaliyetlerine s\u0131n\u0131rlama getirildi\u011fi, belirlenen arama kurtarma sahas\u0131nda tekne ve bal\u0131k\u00e7\u0131 teknelerinin<\/p>\n","protected":false},"author":1,"featured_media":119938,"comment_status":"open","ping_status":"open","sticky":false,"template":"","format":"standard","meta":{"footnotes":""},"categories":[81],"tags":[],"class_list":["post-119937","post","type-post","status-publish","format-standard","has-post-thumbnail","hentry","category-kibris"],"yoast_head":"<!-- This site is optimized with the Yoast SEO plugin v28.4 - https:\/\/yoast.com\/product\/yoast-seo-wordpress\/ -->\n<title>L\u0130MANLAR DA\u0130RES\u0130\u2019NDEN ARAMA KURTARMA B\u00d6LGES\u0130 \u0130\u00c7\u0130N SEY\u0130R VE FAAL\u0130YET KISITLAMASI -<\/title>\n<meta name=\"robots\" content=\"index, follow, max-snippet:-1, max-image-preview:large, max-video-preview:-1\" \/>\n<link rel=\"canonical\" href=\"https:\/\/kibrisdakik.com\/?p=119937\" \/>\n<meta property=\"og:locale\" content=\"tr_TR\" \/>\n<meta property=\"og:type\" content=\"article\" \/>\n<meta property=\"og:title\" content=\"L\u0130MANLAR DA\u0130RES\u0130\u2019NDEN ARAMA KURTARMA B\u00d6LGES\u0130 \u0130\u00c7\u0130N SEY\u0130R VE FAAL\u0130YET KISITLAMASI -\" \/>\n<meta property=\"og:description\" content=\"Limanlar Dairesi M\u00fcd\u00fcrl\u00fc\u011f\u00fc, meydana gelen deniz kazas\u0131n\u0131n ard\u0131ndan s\u00fcrd\u00fcr\u00fclen arama kurtarma \u00e7al\u0131\u015fmalar\u0131 nedeniyle Kapl\u0131ca b\u00f6lgesinden Koru\u00e7am Burnu\u2019na kadar olan deniz sahas\u0131nda seyir ve faaliyet k\u0131s\u0131tlamalar\u0131 uygulanaca\u011f\u0131n\u0131 duyurdu. Limanlar Dairesi\u2019nden yap\u0131lan a\u00e7\u0131klamada, bug\u00fcnden itibaren ikinci bir emre kadar b\u00f6lgede su sporlar\u0131 faaliyetlerinin durduruldu\u011fu, tur teknelerinin faaliyetlerine s\u0131n\u0131rlama getirildi\u011fi, belirlenen arama kurtarma sahas\u0131nda tekne ve bal\u0131k\u00e7\u0131 teknelerinin\" \/>\n<meta property=\"og:url\" content=\"https:\/\/kibrisdakik.com\/?p=119937\" \/>\n<meta property=\"article:published_time\" content=\"2026-09-03T13:44:00+00:00\" \/>\n<meta property=\"og:image\" content=\"https:\/\/mhahabercom.teimg.com\/crop\/1280x720\/mhahaber-com\/uploads\/2026\/09\/mha-sari-beyaz-7718.png\" \/>\n<meta name=\"author\" content=\"admin\" \/>\n<meta name=\"twitter:card\" content=\"summary_large_image\" \/>\n<meta name=\"twitter:label1\" content=\"Yazan:\" \/>\n\t<meta name=\"twitter:data1\" content=\"admin\" \/>\n\t<meta name=\"twitter:label2\" content=\"Tahmini okuma s\u00fcresi\" \/>\n\t<meta name=\"twitter:data2\" content=\"2 dakika\" \/>\n<script type=\"application\/ld+json\" class=\"yoast-schema-graph\">{\"@context\":\"https:\\\/\\\/schema.org\",\"@graph\":[{\"@type\":\"Article\",\"@id\":\"https:\\\/\\\/kibrisdakik.com\\\/?p=119937#article\",\"isPartOf\":{\"@id\":\"https:\\\/\\\/kibrisdakik.com\\\/?p=119937\"},\"author\":{\"name\":\"admin\",\"@id\":\"https:\\\/\\\/kibrisdakik.com\\\/#\\\/schema\\\/person\\\/9cd9d437bbb44f72b73ba127e06d8e79\"},\"headline\":\"L\u0130MANLAR DA\u0130RES\u0130\u2019NDEN ARAMA KURTARMA B\u00d6LGES\u0130 \u0130\u00c7\u0130N SEY\u0130R VE FAAL\u0130YET KISITLAMASI\",\"datePublished\":\"2026-09-03T13:44:00+00:00\",\"mainEntityOfPage\":{\"@id\":\"https:\\\/\\\/kibrisdakik.com\\\/?p=119937\"},\"wordCount\":391,\"commentCount\":0,\"publisher\":{\"@id\":\"https:\\\/\\\/kibrisdakik.com\\\/#organization\"},\"image\":{\"@id\":\"https:\\\/\\\/kibrisdakik.com\\\/?p=119937#primaryimage\"},\"thumbnailUrl\":\"https:\\\/\\\/kibrisdakik.com\\\/wp-content\\\/uploads\\\/2026\\\/09\\\/mha-sari-beyaz-7718.png\",\"articleSection\":[\"K\u0131br\u0131s\"],\"inLanguage\":\"tr\",\"potentialAction\":[{\"@type\":\"CommentAction\",\"name\":\"Comment\",\"target\":[\"https:\\\/\\\/kibrisdakik.com\\\/?p=119937#respond\"]}]},{\"@type\":\"WebPage\",\"@id\":\"https:\\\/\\\/kibrisdakik.com\\\/?p=119937\",\"url\":\"https:\\\/\\\/kibrisdakik.com\\\/?p=119937\",\"name\":\"L\u0130MANLAR DA\u0130RES\u0130\u2019NDEN ARAMA KURTARMA B\u00d6LGES\u0130 \u0130\u00c7\u0130N SEY\u0130R VE FAAL\u0130YET KISITLAMASI -\",\"isPartOf\":{\"@id\":\"https:\\\/\\\/kibrisdakik.com\\\/#website\"},\"primaryImageOfPage\":{\"@id\":\"https:\\\/\\\/kibrisdakik.com\\\/?p=119937#primaryimage\"},\"image\":{\"@id\":\"https:\\\/\\\/kibrisdakik.com\\\/?p=119937#primaryimage\"},\"thumbnailUrl\":\"https:\\\/\\\/kibrisdakik.com\\\/wp-content\\\/uploads\\\/2026\\\/09\\\/mha-sari-beyaz-7718.png\",\"datePublished\":\"2026-09-03T13:44:00+00:00\",\"breadcrumb\":{\"@id\":\"https:\\\/\\\/kibrisdakik.com\\\/?p=119937#breadcrumb\"},\"inLanguage\":\"tr\",\"potentialAction\":[{\"@type\":\"ReadAction\",\"target\":[\"https:\\\/\\\/kibrisdakik.com\\\/?p=119937\"]}]},{\"@type\":\"ImageObject\",\"inLanguage\":\"tr\",\"@id\":\"https:\\\/\\\/kibrisdakik.com\\\/?p=119937#primaryimage\",\"url\":\"https:\\\/\\\/kibrisdakik.com\\\/wp-content\\\/uploads\\\/2026\\\/09\\\/mha-sari-beyaz-7718.png\",\"contentUrl\":\"https:\\\/\\\/kibrisdakik.com\\\/wp-content\\\/uploads\\\/2026\\\/09\\\/mha-sari-beyaz-7718.png\",\"width\":1280,\"height\":720},{\"@type\":\"BreadcrumbList\",\"@id\":\"https:\\\/\\\/kibrisdakik.com\\\/?p=119937#breadcrumb\",\"itemListElement\":[{\"@type\":\"ListItem\",\"position\":1,\"name\":\"Home\",\"item\":\"https:\\\/\\\/kibrisdakik.com\\\/\"},{\"@type\":\"ListItem\",\"position\":2,\"name\":\"L\u0130MANLAR DA\u0130RES\u0130\u2019NDEN ARAMA KURTARMA B\u00d6LGES\u0130 \u0130\u00c7\u0130N SEY\u0130R VE FAAL\u0130YET KISITLAMASI\"}]},{\"@type\":\"WebSite\",\"@id\":\"https:\\\/\\\/kibrisdakik.com\\\/#website\",\"url\":\"https:\\\/\\\/kibrisdakik.com\\\/\",\"name\":\"K\u0131br\u0131s Dakik\",\"description\":\"Tam vaktinde haber\",\"publisher\":{\"@id\":\"https:\\\/\\\/kibrisdakik.com\\\/#organization\"},\"potentialAction\":[{\"@type\":\"SearchAction\",\"target\":{\"@type\":\"EntryPoint\",\"urlTemplate\":\"https:\\\/\\\/kibrisdakik.com\\\/?s={search_term_string}\"},\"query-input\":{\"@type\":\"PropertyValueSpecification\",\"valueRequired\":true,\"valueName\":\"search_term_string\"}}],\"inLanguage\":\"tr\"},{\"@type\":\"Organization\",\"@id\":\"https:\\\/\\\/kibrisdakik.com\\\/#organization\",\"name\":\"K\u0131br\u0131s Dakik\",\"url\":\"https:\\\/\\\/kibrisdakik.com\\\/\",\"logo\":{\"@type\":\"ImageObject\",\"inLanguage\":\"tr\",\"@id\":\"https:\\\/\\\/kibrisdakik.com\\\/#\\\/schema\\\/logo\\\/image\\\/\",\"url\":\"https:\\\/\\\/kibrisdakik.com\\\/wp-content\\\/uploads\\\/2025\\\/10\\\/cropped-WhatsApp-Image-2025-10-02-at-12.58.31.jpeg\",\"contentUrl\":\"https:\\\/\\\/kibrisdakik.com\\\/wp-content\\\/uploads\\\/2025\\\/10\\\/cropped-WhatsApp-Image-2025-10-02-at-12.58.31.jpeg\",\"width\":1237,\"height\":190,\"caption\":\"K\u0131br\u0131s Dakik\"},\"image\":{\"@id\":\"https:\\\/\\\/kibrisdakik.com\\\/#\\\/schema\\\/logo\\\/image\\\/\"}},{\"@type\":\"Person\",\"@id\":\"https:\\\/\\\/kibrisdakik.com\\\/#\\\/schema\\\/person\\\/9cd9d437bbb44f72b73ba127e06d8e79\",\"name\":\"admin\",\"image\":{\"@type\":\"ImageObject\",\"inLanguage\":\"tr\",\"@id\":\"https:\\\/\\\/secure.gravatar.com\\\/avatar\\\/ccc17943b9d660506c869530f897617f7cb1c21a4bf30023f252596d83e1f007?s=96&d=mm&r=g\",\"url\":\"https:\\\/\\\/secure.gravatar.com\\\/avatar\\\/ccc17943b9d660506c869530f897617f7cb1c21a4bf30023f252596d83e1f007?s=96&d=mm&r=g\",\"contentUrl\":\"https:\\\/\\\/secure.gravatar.com\\\/avatar\\\/ccc17943b9d660506c869530f897617f7cb1c21a4bf30023f252596d83e1f007?s=96&d=mm&r=g\",\"caption\":\"admin\"},\"sameAs\":[\"https:\\\/\\\/kibrisdakik.com\"],\"url\":\"https:\\\/\\\/kibrisdakik.com\\\/?author=1\"}]}<\/script>\n<!-- \/ Yoast SEO plugin. -->","yoast_head_json":{"title":"L\u0130MANLAR DA\u0130RES\u0130\u2019NDEN ARAMA KURTARMA B\u00d6LGES\u0130 \u0130\u00c7\u0130N SEY\u0130R VE FAAL\u0130YET KISITLAMASI -","robots":{"index":"index","follow":"follow","max-snippet":"max-snippet:-1","max-image-preview":"max-image-preview:large","max-video-preview":"max-video-preview:-1"},"canonical":"https:\/\/kibrisdakik.com\/?p=119937","og_locale":"tr_TR","og_type":"article","og_title":"L\u0130MANLAR DA\u0130RES\u0130\u2019NDEN ARAMA KURTARMA B\u00d6LGES\u0130 \u0130\u00c7\u0130N SEY\u0130R VE FAAL\u0130YET KISITLAMASI -","og_description":"Limanlar Dairesi M\u00fcd\u00fcrl\u00fc\u011f\u00fc, meydana gelen deniz kazas\u0131n\u0131n ard\u0131ndan s\u00fcrd\u00fcr\u00fclen arama kurtarma \u00e7al\u0131\u015fmalar\u0131 nedeniyle Kapl\u0131ca b\u00f6lgesinden Koru\u00e7am Burnu\u2019na kadar olan deniz sahas\u0131nda seyir ve faaliyet k\u0131s\u0131tlamalar\u0131 uygulanaca\u011f\u0131n\u0131 duyurdu. Limanlar Dairesi\u2019nden yap\u0131lan a\u00e7\u0131klamada, bug\u00fcnden itibaren ikinci bir emre kadar b\u00f6lgede su sporlar\u0131 faaliyetlerinin durduruldu\u011fu, tur teknelerinin faaliyetlerine s\u0131n\u0131rlama getirildi\u011fi, belirlenen arama kurtarma sahas\u0131nda tekne ve bal\u0131k\u00e7\u0131 teknelerinin","og_url":"https:\/\/kibrisdakik.com\/?p=119937","article_published_time":"2026-09-03T13:44:00+00:00","og_image":[{"url":"https:\/\/mhahabercom.teimg.com\/crop\/1280x720\/mhahaber-com\/uploads\/2026\/09\/mha-sari-beyaz-7718.png","type":"","width":"","height":""}],"author":"admin","twitter_card":"summary_large_image","twitter_misc":{"Yazan:":"admin","Tahmini okuma s\u00fcresi":"2 dakika"},"schema":{"@context":"https:\/\/schema.org","@graph":[{"@type":"Article","@id":"https:\/\/kibrisdakik.com\/?p=119937#article","isPartOf":{"@id":"https:\/\/kibrisdakik.com\/?p=119937"},"author":{"name":"admin","@id":"https:\/\/kibrisdakik.com\/#\/schema\/person\/9cd9d437bbb44f72b73ba127e06d8e79"},"headline":"L\u0130MANLAR DA\u0130RES\u0130\u2019NDEN ARAMA KURTARMA B\u00d6LGES\u0130 \u0130\u00c7\u0130N SEY\u0130R VE FAAL\u0130YET KISITLAMASI","datePublished":"2026-09-03T13:44:00+00:00","mainEntityOfPage":{"@id":"https:\/\/kibrisdakik.com\/?p=119937"},"wordCount":391,"commentCount":0,"publisher":{"@id":"https:\/\/kibrisdakik.com\/#organization"},"image":{"@id":"https:\/\/kibrisdakik.com\/?p=119937#primaryimage"},"thumbnailUrl":"https:\/\/kibrisdakik.com\/wp-content\/uploads\/2026\/09\/mha-sari-beyaz-7718.png","articleSection":["K\u0131br\u0131s"],"inLanguage":"tr","potentialAction":[{"@type":"CommentAction","name":"Comment","target":["https:\/\/kibrisdakik.com\/?p=119937#respond"]}]},{"@type":"WebPage","@id":"https:\/\/kibrisdakik.com\/?p=119937","url":"https:\/\/kibrisdakik.com\/?p=119937","name":"L\u0130MANLAR DA\u0130RES\u0130\u2019NDEN ARAMA KURTARMA B\u00d6LGES\u0130 \u0130\u00c7\u0130N SEY\u0130R VE FAAL\u0130YET KISITLAMASI -","isPartOf":{"@id":"https:\/\/kibrisdakik.com\/#website"},"primaryImageOfPage":{"@id":"https:\/\/kibrisdakik.com\/?p=119937#primaryimage"},"image":{"@id":"https:\/\/kibrisdakik.com\/?p=119937#primaryimage"},"thumbnailUrl":"https:\/\/kibrisdakik.com\/wp-content\/uploads\/2026\/09\/mha-sari-beyaz-7718.png","datePublished":"2026-09-03T13:44:00+00:00","breadcrumb":{"@id":"https:\/\/kibrisdakik.com\/?p=119937#breadcrumb"},"inLanguage":"tr","potentialAction":[{"@type":"ReadAction","target":["https:\/\/kibrisdakik.com\/?p=119937"]}]},{"@type":"ImageObject","inLanguage":"tr","@id":"https:\/\/kibrisdakik.com\/?p=119937#primaryimage","url":"https:\/\/kibrisdakik.com\/wp-content\/uploads\/2026\/09\/mha-sari-beyaz-7718.png","contentUrl":"https:\/\/kibrisdakik.com\/wp-content\/uploads\/2026\/09\/mha-sari-beyaz-7718.png","width":1280,"height":720},{"@type":"BreadcrumbList","@id":"https:\/\/kibrisdakik.com\/?p=119937#breadcrumb","itemListElement":[{"@type":"ListItem","position":1,"name":"Home","item":"https:\/\/kibrisdakik.com\/"},{"@type":"ListItem","position":2,"name":"L\u0130MANLAR DA\u0130RES\u0130\u2019NDEN ARAMA KURTARMA B\u00d6LGES\u0130 \u0130\u00c7\u0130N SEY\u0130R VE FAAL\u0130YET KISITLAMASI"}]},{"@type":"WebSite","@id":"https:\/\/kibrisdakik.com\/#website","url":"https:\/\/kibrisdakik.com\/","name":"K\u0131br\u0131s Dakik","description":"Tam vaktinde haber","publisher":{"@id":"https:\/\/kibrisdakik.com\/#organization"},"potentialAction":[{"@type":"SearchAction","target":{"@type":"EntryPoint","urlTemplate":"https:\/\/kibrisdakik.com\/?s={search_term_string}"},"query-input":{"@type":"PropertyValueSpecification","valueRequired":true,"valueName":"search_term_string"}}],"inLanguage":"tr"},{"@type":"Organization","@id":"https:\/\/kibrisdakik.com\/#organization","name":"K\u0131br\u0131s Dakik","url":"https:\/\/kibrisdakik.com\/","logo":{"@type":"ImageObject","inLanguage":"tr","@id":"https:\/\/kibrisdakik.com\/#\/schema\/logo\/image\/","url":"https:\/\/kibrisdakik.com\/wp-content\/uploads\/2025\/10\/cropped-WhatsApp-Image-2025-10-02-at-12.58.31.jpeg","contentUrl":"https:\/\/kibrisdakik.com\/wp-content\/uploads\/2025\/10\/cropped-WhatsApp-Image-2025-10-02-at-12.58.31.jpeg","width":1237,"height":190,"caption":"K\u0131br\u0131s Dakik"},"image":{"@id":"https:\/\/kibrisdakik.com\/#\/schema\/logo\/image\/"}},{"@type":"Person","@id":"https:\/\/kibrisdakik.com\/#\/schema\/person\/9cd9d437bbb44f72b73ba127e06d8e79","name":"admin","image":{"@type":"ImageObject","inLanguage":"tr","@id":"https:\/\/secure.gravatar.com\/avatar\/ccc17943b9d660506c869530f897617f7cb1c21a4bf30023f252596d83e1f007?s=96&d=mm&r=g","url":"https:\/\/secure.gravatar.com\/avatar\/ccc17943b9d660506c869530f897617f7cb1c21a4bf30023f252596d83e1f007?s=96&d=mm&r=g","contentUrl":"https:\/\/secure.gravatar.com\/avatar\/ccc17943b9d660506c869530f897617f7cb1c21a4bf30023f252596d83e1f007?s=96&d=mm&r=g","caption":"admin"},"sameAs":["https:\/\/kibrisdakik.com"],"url":"https:\/\/kibrisdakik.com\/?author=1"}]}},"_links":{"self":[{"href":"https:\/\/kibrisdakik.com\/index.php?rest_route=\/wp\/v2\/posts\/119937","targetHints":{"allow":["GET"]}}],"collection":[{"href":"https:\/\/kibrisdakik.com\/index.php?rest_route=\/wp\/v2\/posts"}],"about":[{"href":"https:\/\/kibrisdakik.com\/index.php?rest_route=\/wp\/v2\/types\/post"}],"author":[{"embeddable":true,"href":"https:\/\/kibrisdakik.com\/index.php?rest_route=\/wp\/v2\/users\/1"}],"replies":[{"embeddable":true,"href":"https:\/\/kibrisdakik.com\/index.php?rest_route=%2Fwp%2Fv2%2Fcomments&post=119937"}],"version-history":[{"count":0,"href":"https:\/\/kibrisdakik.com\/index.php?rest_route=\/wp\/v2\/posts\/119937\/revisions"}],"wp:featuredmedia":[{"embeddable":true,"href":"https:\/\/kibrisdakik.com\/index.php?rest_route=\/wp\/v2\/media\/119938"}],"wp:attachment":[{"href":"https:\/\/kibrisdakik.com\/index.php?rest_route=%2Fwp%2Fv2%2Fmedia&parent=119937"}],"wp:term":[{"taxonomy":"category","embeddable":true,"href":"https:\/\/kibrisdakik.com\/index.php?rest_route=%2Fwp%2Fv2%2Fcategories&post=119937"},{"taxonomy":"post_tag","embeddable":true,"href":"https:\/\/kibrisdakik.com\/index.php?rest_route=%2Fwp%2Fv2%2Ftags&post=119937"}],"curies":[{"name":"wp","href":"https:\/\/api.w.org\/{rel}","templated":true}]}}