{"id":119939,"date":"2026-09-03T16:44:56","date_gmt":"2026-09-03T13:44:56","guid":{"rendered":"https:\/\/kibrisdakik.com\/?p=119939"},"modified":"2026-09-03T16:44:56","modified_gmt":"2026-09-03T13:44:56","slug":"ctp-genel-sekreteri-kisi-siyasi-sorumluluk-hukumetin-butunune-ait","status":"publish","type":"post","link":"https:\/\/kibrisdakik.com\/?p=119939","title":{"rendered":"CTP Genel Sekreteri Ki\u015fi: \u201cSiyasi sorumluluk h\u00fck\u00fcmetin b\u00fct\u00fcn\u00fcne ait\u201d"},"content":{"rendered":"<p style=\"font-weight: 300;\"><span style=\"font-weight: 300 !important;\">Cumhuriyet\u00e7i T\u00fcrk Partisi (CTP) Genel Sekreteri Mehmet Kale Ki\u015fi, Girne a\u00e7\u0131klar\u0131nda meydana gelen gemi facias\u0131na ili\u015fkin sorumlulu\u011fun h\u00fck\u00fcmetin b\u00fct\u00fcn\u00fcne ait oldu\u011funu s\u00f6yledi.<\/span><\/p>\n<p style=\"font-weight: 300;\">CTP Bas\u0131n B\u00fcrosu\u2019ndan yap\u0131lan a\u00e7\u0131klamaya g\u00f6re Ki\u015fi, gemi facias\u0131n\u0131n ciddi ihmaller sonucunda meydana geldi\u011fine ve sorumlulu\u011fun yaln\u0131zca bir bakana y\u00fcklenemeyece\u011fine dikkat \u00e7ekti.<\/p>\n<p style=\"font-weight: 300;\">Ki\u015fi, \u201cSiyasi sorumluluk h\u00fck\u00fcmetin b\u00fct\u00fcn\u00fcne ait. Tek ba\u015f\u0131na Say\u0131n Ar\u0131kl\u0131\u2019n\u0131n g\u00f6revden al\u0131nmas\u0131 bu sorumlulu\u011fu ortadan kald\u0131rmaz. H\u00fck\u00fcmetin bir an \u00f6nce g\u00f6revi b\u0131rakmas\u0131 ve toplumun yakas\u0131ndan d\u00fc\u015fmesi gerekiyor.\u201d ifadelerini kulland\u0131.<\/p>\n<p style=\"font-weight: 300;\">-\u201cYa\u015fanan facia \u00e7ok ciddi bir ihmaller silsilesi sonucu meydana geldi\u201d<\/p>\n<p style=\"font-weight: 300;\">BRTK\u2019da kat\u0131ld\u0131\u011f\u0131 canl\u0131 yay\u0131nda a\u00e7\u0131klamalarda bulunan CTP Genel Sekreteri Mehmet Kale Ki\u015fi, CTP\u2019nin ya\u015fanan facian\u0131n ard\u0131ndan b\u00fcy\u00fck bir hassasiyetle hareket etti\u011fini ifade ederek, \u201cS\u00fcrecin ba\u015f\u0131ndan beri olay\u0131 \u00e7ok yak\u0131ndan takip ediyoruz.\u201d dedi. Ya\u015fanan ac\u0131n\u0131n toplum tarihine ge\u00e7ecek b\u00fcy\u00fckl\u00fckte oldu\u011funu belirten Ki\u015fi, hayat\u0131n\u0131 kaybedenlerin ve kay\u0131p ki\u015filerin yak\u0131nlar\u0131n\u0131n ilk g\u00fcnden itibaren \u00f6ncelikleri oldu\u011funu s\u00f6yledi. Ki\u015fi, facian\u0131n ilk anlar\u0131nda ailelerin do\u011fru ve sa\u011fl\u0131kl\u0131 bilgiye ula\u015fmas\u0131 konusunda aksakl\u0131klar ya\u015fand\u0131\u011f\u0131na dikkat \u00e7ekerek, CTP olarak bu konuda bir\u00e7ok uyar\u0131da bulunduklar\u0131n\u0131 belirtti.<\/p>\n<p style=\"font-weight: 300;\">Ki\u015fi, facian\u0131n nedenlerine ili\u015fkin CTP\u2019nin \u00e7al\u0131\u015fmalar y\u00fcr\u00fctt\u00fc\u011f\u00fcn\u00fc de ifade ederek \u201cYa\u015fanan facian\u0131n \u00e7ok ciddi bir ihmaller silsilesi sonucu meydana geldi\u011fini not ettik ve buna dair ad\u0131mlar\u0131m\u0131z\u0131 atmaya ba\u015flad\u0131k.\u201d dedi. Denizcilik alan\u0131nda uzman ki\u015filerle g\u00f6r\u00fc\u015ferek teknik bilgiler edindiklerini ifade eden Ki\u015fi, konunun b\u00fct\u00fcn y\u00f6nleriyle takip edildi\u011fini s\u00f6yledi.<\/p>\n<p style=\"font-weight: 300;\">-\u201cTek ba\u015f\u0131na Erhan Ar\u0131kl\u0131\u2019n\u0131n g\u00f6revden al\u0131nmas\u0131 bu sorumlulu\u011fu ortadan kald\u0131rmaz\u201d<\/p>\n<p style=\"font-weight: 300;\">Eski Bay\u0131nd\u0131rl\u0131k ve Ula\u015ft\u0131rma Bakan\u0131 Erhan Ar\u0131kl\u0131\u2019n\u0131n ya\u015fananlarla ilgili sorumlulu\u011funun bulundu\u011funu ifade eden Ki\u015fi, ancak meselenin yaln\u0131zca bir bakan\u0131n sorumlulu\u011funa indirgenemeyece\u011finin alt\u0131n\u0131 \u00e7izdi. Ki\u015fi, \u201cE\u011fer bir ihmal varsa birinci derece sorumludur ama bunu sadece Say\u0131n Erhan Ar\u0131kl\u0131\u2019n\u0131n sorumlulu\u011funda b\u0131rakmak da son derece kolayc\u0131 bir yakla\u015f\u0131md\u0131r. Bize g\u00f6re bu konu sistem sorunudur.\u201d diye konu\u015ftu. Daha \u00f6nce ya\u015fanan silo kazas\u0131 ve alkoll\u00fc mama skandal\u0131 olay\u0131n\u0131 da hat\u0131rlatan Ki\u015fi, ya\u015fananlar\u0131n birbirinden ba\u011f\u0131ms\u0131z de\u011ferlendirilmemesi gerekti\u011fini belirtti. Ki\u015fi, bu olaylar\u0131n \u00fclkeyi y\u00f6netenlerin ihmallerini a\u00e7\u0131k\u00e7a g\u00f6sterdi\u011fini ifade ederek, liyakat ve kurumlar\u0131n i\u015fleyi\u015fi konusunda ciddi sorunlar bulundu\u011funu s\u00f6yledi. Ki\u015fi, siyasi sorumlulu\u011fun h\u00fck\u00fcmetin b\u00fct\u00fcn\u00fcne ait oldu\u011funu vurgulayarak \u201cTek ba\u015f\u0131na Say\u0131n Ar\u0131kl\u0131\u2019n\u0131n g\u00f6revden al\u0131nmas\u0131 bu sorumlulu\u011fu ortadan kald\u0131rmaz. H\u00fck\u00fcmetin bir an \u00f6nce g\u00f6revi b\u0131rakmas\u0131 ve toplumun yakas\u0131ndan d\u00fc\u015fmesi gerekiyor.\u201d dedi.<\/p>\n","protected":false},"excerpt":{"rendered":"<p>Cumhuriyet\u00e7i T\u00fcrk Partisi (CTP) Genel Sekreteri Mehmet Kale Ki\u015fi, Girne a\u00e7\u0131klar\u0131nda meydana gelen gemi facias\u0131na ili\u015fkin sorumlulu\u011fun h\u00fck\u00fcmetin b\u00fct\u00fcn\u00fcne ait oldu\u011funu s\u00f6yledi. CTP Bas\u0131n B\u00fcrosu\u2019ndan yap\u0131lan a\u00e7\u0131klamaya g\u00f6re Ki\u015fi, gemi facias\u0131n\u0131n ciddi ihmaller sonucunda meydana geldi\u011fine ve sorumlulu\u011fun yaln\u0131zca bir bakana y\u00fcklenemeyece\u011fine dikkat \u00e7ekti. Ki\u015fi, \u201cSiyasi sorumluluk h\u00fck\u00fcmetin b\u00fct\u00fcn\u00fcne ait. Tek ba\u015f\u0131na Say\u0131n Ar\u0131kl\u0131\u2019n\u0131n g\u00f6revden<\/p>\n","protected":false},"author":1,"featured_media":119940,"comment_status":"open","ping_status":"open","sticky":false,"template":"","format":"standard","meta":{"footnotes":""},"categories":[1,81],"tags":[],"class_list":["post-119939","post","type-post","status-publish","format-standard","has-post-thumbnail","hentry","category-gundem","category-kibris"],"yoast_head":"<!-- This site is optimized with the Yoast SEO plugin v28.4 - https:\/\/yoast.com\/product\/yoast-seo-wordpress\/ -->\n<title>CTP Genel Sekreteri Ki\u015fi: \u201cSiyasi sorumluluk h\u00fck\u00fcmetin b\u00fct\u00fcn\u00fcne ait\u201d -<\/title>\n<meta name=\"robots\" content=\"index, follow, max-snippet:-1, max-image-preview:large, max-video-preview:-1\" \/>\n<link rel=\"canonical\" href=\"https:\/\/kibrisdakik.com\/?p=119939\" \/>\n<meta property=\"og:locale\" content=\"tr_TR\" \/>\n<meta property=\"og:type\" content=\"article\" \/>\n<meta property=\"og:title\" content=\"CTP Genel Sekreteri Ki\u015fi: \u201cSiyasi sorumluluk h\u00fck\u00fcmetin b\u00fct\u00fcn\u00fcne ait\u201d -\" \/>\n<meta property=\"og:description\" content=\"Cumhuriyet\u00e7i T\u00fcrk Partisi (CTP) Genel Sekreteri Mehmet Kale Ki\u015fi, Girne a\u00e7\u0131klar\u0131nda meydana gelen gemi facias\u0131na ili\u015fkin sorumlulu\u011fun h\u00fck\u00fcmetin b\u00fct\u00fcn\u00fcne ait oldu\u011funu s\u00f6yledi. CTP Bas\u0131n B\u00fcrosu\u2019ndan yap\u0131lan a\u00e7\u0131klamaya g\u00f6re Ki\u015fi, gemi facias\u0131n\u0131n ciddi ihmaller sonucunda meydana geldi\u011fine ve sorumlulu\u011fun yaln\u0131zca bir bakana y\u00fcklenemeyece\u011fine dikkat \u00e7ekti. Ki\u015fi, \u201cSiyasi sorumluluk h\u00fck\u00fcmetin b\u00fct\u00fcn\u00fcne ait. Tek ba\u015f\u0131na Say\u0131n Ar\u0131kl\u0131\u2019n\u0131n g\u00f6revden\" \/>\n<meta property=\"og:url\" content=\"https:\/\/kibrisdakik.com\/?p=119939\" \/>\n<meta property=\"article:published_time\" content=\"2026-09-03T13:44:56+00:00\" \/>\n<meta property=\"og:image\" content=\"https:\/\/kibrisdakik.com\/wp-content\/uploads\/2026\/09\/1788439314514MEHMET-KALE-KISI1.png\" \/>\n\t<meta property=\"og:image:width\" content=\"600\" \/>\n\t<meta property=\"og:image:height\" content=\"400\" \/>\n\t<meta property=\"og:image:type\" content=\"image\/png\" \/>\n<meta name=\"author\" content=\"admin\" \/>\n<meta name=\"twitter:card\" content=\"summary_large_image\" \/>\n<meta name=\"twitter:label1\" content=\"Yazan:\" \/>\n\t<meta name=\"twitter:data1\" content=\"admin\" \/>\n\t<meta name=\"twitter:label2\" content=\"Tahmini okuma s\u00fcresi\" \/>\n\t<meta name=\"twitter:data2\" content=\"3 dakika\" \/>\n<script type=\"application\/ld+json\" class=\"yoast-schema-graph\">{\"@context\":\"https:\\\/\\\/schema.org\",\"@graph\":[{\"@type\":\"Article\",\"@id\":\"https:\\\/\\\/kibrisdakik.com\\\/?p=119939#article\",\"isPartOf\":{\"@id\":\"https:\\\/\\\/kibrisdakik.com\\\/?p=119939\"},\"author\":{\"name\":\"admin\",\"@id\":\"https:\\\/\\\/kibrisdakik.com\\\/#\\\/schema\\\/person\\\/9cd9d437bbb44f72b73ba127e06d8e79\"},\"headline\":\"CTP Genel Sekreteri Ki\u015fi: \u201cSiyasi sorumluluk h\u00fck\u00fcmetin b\u00fct\u00fcn\u00fcne ait\u201d\",\"datePublished\":\"2026-09-03T13:44:56+00:00\",\"mainEntityOfPage\":{\"@id\":\"https:\\\/\\\/kibrisdakik.com\\\/?p=119939\"},\"wordCount\":558,\"commentCount\":0,\"publisher\":{\"@id\":\"https:\\\/\\\/kibrisdakik.com\\\/#organization\"},\"image\":{\"@id\":\"https:\\\/\\\/kibrisdakik.com\\\/?p=119939#primaryimage\"},\"thumbnailUrl\":\"https:\\\/\\\/kibrisdakik.com\\\/wp-content\\\/uploads\\\/2026\\\/09\\\/1788439314514MEHMET-KALE-KISI1.png\",\"articleSection\":[\"G\u00fcndem\",\"K\u0131br\u0131s\"],\"inLanguage\":\"tr\",\"potentialAction\":[{\"@type\":\"CommentAction\",\"name\":\"Comment\",\"target\":[\"https:\\\/\\\/kibrisdakik.com\\\/?p=119939#respond\"]}]},{\"@type\":\"WebPage\",\"@id\":\"https:\\\/\\\/kibrisdakik.com\\\/?p=119939\",\"url\":\"https:\\\/\\\/kibrisdakik.com\\\/?p=119939\",\"name\":\"CTP Genel Sekreteri Ki\u015fi: \u201cSiyasi sorumluluk h\u00fck\u00fcmetin b\u00fct\u00fcn\u00fcne ait\u201d -\",\"isPartOf\":{\"@id\":\"https:\\\/\\\/kibrisdakik.com\\\/#website\"},\"primaryImageOfPage\":{\"@id\":\"https:\\\/\\\/kibrisdakik.com\\\/?p=119939#primaryimage\"},\"image\":{\"@id\":\"https:\\\/\\\/kibrisdakik.com\\\/?p=119939#primaryimage\"},\"thumbnailUrl\":\"https:\\\/\\\/kibrisdakik.com\\\/wp-content\\\/uploads\\\/2026\\\/09\\\/1788439314514MEHMET-KALE-KISI1.png\",\"datePublished\":\"2026-09-03T13:44:56+00:00\",\"breadcrumb\":{\"@id\":\"https:\\\/\\\/kibrisdakik.com\\\/?p=119939#breadcrumb\"},\"inLanguage\":\"tr\",\"potentialAction\":[{\"@type\":\"ReadAction\",\"target\":[\"https:\\\/\\\/kibrisdakik.com\\\/?p=119939\"]}]},{\"@type\":\"ImageObject\",\"inLanguage\":\"tr\",\"@id\":\"https:\\\/\\\/kibrisdakik.com\\\/?p=119939#primaryimage\",\"url\":\"https:\\\/\\\/kibrisdakik.com\\\/wp-content\\\/uploads\\\/2026\\\/09\\\/1788439314514MEHMET-KALE-KISI1.png\",\"contentUrl\":\"https:\\\/\\\/kibrisdakik.com\\\/wp-content\\\/uploads\\\/2026\\\/09\\\/1788439314514MEHMET-KALE-KISI1.png\",\"width\":600,\"height\":400},{\"@type\":\"BreadcrumbList\",\"@id\":\"https:\\\/\\\/kibrisdakik.com\\\/?p=119939#breadcrumb\",\"itemListElement\":[{\"@type\":\"ListItem\",\"position\":1,\"name\":\"Home\",\"item\":\"https:\\\/\\\/kibrisdakik.com\\\/\"},{\"@type\":\"ListItem\",\"position\":2,\"name\":\"CTP Genel Sekreteri Ki\u015fi: \u201cSiyasi sorumluluk h\u00fck\u00fcmetin b\u00fct\u00fcn\u00fcne ait\u201d\"}]},{\"@type\":\"WebSite\",\"@id\":\"https:\\\/\\\/kibrisdakik.com\\\/#website\",\"url\":\"https:\\\/\\\/kibrisdakik.com\\\/\",\"name\":\"K\u0131br\u0131s Dakik\",\"description\":\"Tam vaktinde haber\",\"publisher\":{\"@id\":\"https:\\\/\\\/kibrisdakik.com\\\/#organization\"},\"potentialAction\":[{\"@type\":\"SearchAction\",\"target\":{\"@type\":\"EntryPoint\",\"urlTemplate\":\"https:\\\/\\\/kibrisdakik.com\\\/?s={search_term_string}\"},\"query-input\":{\"@type\":\"PropertyValueSpecification\",\"valueRequired\":true,\"valueName\":\"search_term_string\"}}],\"inLanguage\":\"tr\"},{\"@type\":\"Organization\",\"@id\":\"https:\\\/\\\/kibrisdakik.com\\\/#organization\",\"name\":\"K\u0131br\u0131s Dakik\",\"url\":\"https:\\\/\\\/kibrisdakik.com\\\/\",\"logo\":{\"@type\":\"ImageObject\",\"inLanguage\":\"tr\",\"@id\":\"https:\\\/\\\/kibrisdakik.com\\\/#\\\/schema\\\/logo\\\/image\\\/\",\"url\":\"https:\\\/\\\/kibrisdakik.com\\\/wp-content\\\/uploads\\\/2025\\\/10\\\/cropped-WhatsApp-Image-2025-10-02-at-12.58.31.jpeg\",\"contentUrl\":\"https:\\\/\\\/kibrisdakik.com\\\/wp-content\\\/uploads\\\/2025\\\/10\\\/cropped-WhatsApp-Image-2025-10-02-at-12.58.31.jpeg\",\"width\":1237,\"height\":190,\"caption\":\"K\u0131br\u0131s Dakik\"},\"image\":{\"@id\":\"https:\\\/\\\/kibrisdakik.com\\\/#\\\/schema\\\/logo\\\/image\\\/\"}},{\"@type\":\"Person\",\"@id\":\"https:\\\/\\\/kibrisdakik.com\\\/#\\\/schema\\\/person\\\/9cd9d437bbb44f72b73ba127e06d8e79\",\"name\":\"admin\",\"image\":{\"@type\":\"ImageObject\",\"inLanguage\":\"tr\",\"@id\":\"https:\\\/\\\/secure.gravatar.com\\\/avatar\\\/ccc17943b9d660506c869530f897617f7cb1c21a4bf30023f252596d83e1f007?s=96&d=mm&r=g\",\"url\":\"https:\\\/\\\/secure.gravatar.com\\\/avatar\\\/ccc17943b9d660506c869530f897617f7cb1c21a4bf30023f252596d83e1f007?s=96&d=mm&r=g\",\"contentUrl\":\"https:\\\/\\\/secure.gravatar.com\\\/avatar\\\/ccc17943b9d660506c869530f897617f7cb1c21a4bf30023f252596d83e1f007?s=96&d=mm&r=g\",\"caption\":\"admin\"},\"sameAs\":[\"https:\\\/\\\/kibrisdakik.com\"],\"url\":\"https:\\\/\\\/kibrisdakik.com\\\/?author=1\"}]}<\/script>\n<!-- \/ Yoast SEO plugin. -->","yoast_head_json":{"title":"CTP Genel Sekreteri Ki\u015fi: \u201cSiyasi sorumluluk h\u00fck\u00fcmetin b\u00fct\u00fcn\u00fcne ait\u201d -","robots":{"index":"index","follow":"follow","max-snippet":"max-snippet:-1","max-image-preview":"max-image-preview:large","max-video-preview":"max-video-preview:-1"},"canonical":"https:\/\/kibrisdakik.com\/?p=119939","og_locale":"tr_TR","og_type":"article","og_title":"CTP Genel Sekreteri Ki\u015fi: \u201cSiyasi sorumluluk h\u00fck\u00fcmetin b\u00fct\u00fcn\u00fcne ait\u201d -","og_description":"Cumhuriyet\u00e7i T\u00fcrk Partisi (CTP) Genel Sekreteri Mehmet Kale Ki\u015fi, Girne a\u00e7\u0131klar\u0131nda meydana gelen gemi facias\u0131na ili\u015fkin sorumlulu\u011fun h\u00fck\u00fcmetin b\u00fct\u00fcn\u00fcne ait oldu\u011funu s\u00f6yledi. CTP Bas\u0131n B\u00fcrosu\u2019ndan yap\u0131lan a\u00e7\u0131klamaya g\u00f6re Ki\u015fi, gemi facias\u0131n\u0131n ciddi ihmaller sonucunda meydana geldi\u011fine ve sorumlulu\u011fun yaln\u0131zca bir bakana y\u00fcklenemeyece\u011fine dikkat \u00e7ekti. Ki\u015fi, \u201cSiyasi sorumluluk h\u00fck\u00fcmetin b\u00fct\u00fcn\u00fcne ait. Tek ba\u015f\u0131na Say\u0131n Ar\u0131kl\u0131\u2019n\u0131n g\u00f6revden","og_url":"https:\/\/kibrisdakik.com\/?p=119939","article_published_time":"2026-09-03T13:44:56+00:00","og_image":[{"width":600,"height":400,"url":"https:\/\/kibrisdakik.com\/wp-content\/uploads\/2026\/09\/1788439314514MEHMET-KALE-KISI1.png","type":"image\/png"}],"author":"admin","twitter_card":"summary_large_image","twitter_misc":{"Yazan:":"admin","Tahmini okuma s\u00fcresi":"3 dakika"},"schema":{"@context":"https:\/\/schema.org","@graph":[{"@type":"Article","@id":"https:\/\/kibrisdakik.com\/?p=119939#article","isPartOf":{"@id":"https:\/\/kibrisdakik.com\/?p=119939"},"author":{"name":"admin","@id":"https:\/\/kibrisdakik.com\/#\/schema\/person\/9cd9d437bbb44f72b73ba127e06d8e79"},"headline":"CTP Genel Sekreteri Ki\u015fi: \u201cSiyasi sorumluluk h\u00fck\u00fcmetin b\u00fct\u00fcn\u00fcne ait\u201d","datePublished":"2026-09-03T13:44:56+00:00","mainEntityOfPage":{"@id":"https:\/\/kibrisdakik.com\/?p=119939"},"wordCount":558,"commentCount":0,"publisher":{"@id":"https:\/\/kibrisdakik.com\/#organization"},"image":{"@id":"https:\/\/kibrisdakik.com\/?p=119939#primaryimage"},"thumbnailUrl":"https:\/\/kibrisdakik.com\/wp-content\/uploads\/2026\/09\/1788439314514MEHMET-KALE-KISI1.png","articleSection":["G\u00fcndem","K\u0131br\u0131s"],"inLanguage":"tr","potentialAction":[{"@type":"CommentAction","name":"Comment","target":["https:\/\/kibrisdakik.com\/?p=119939#respond"]}]},{"@type":"WebPage","@id":"https:\/\/kibrisdakik.com\/?p=119939","url":"https:\/\/kibrisdakik.com\/?p=119939","name":"CTP Genel Sekreteri Ki\u015fi: \u201cSiyasi sorumluluk h\u00fck\u00fcmetin b\u00fct\u00fcn\u00fcne ait\u201d -","isPartOf":{"@id":"https:\/\/kibrisdakik.com\/#website"},"primaryImageOfPage":{"@id":"https:\/\/kibrisdakik.com\/?p=119939#primaryimage"},"image":{"@id":"https:\/\/kibrisdakik.com\/?p=119939#primaryimage"},"thumbnailUrl":"https:\/\/kibrisdakik.com\/wp-content\/uploads\/2026\/09\/1788439314514MEHMET-KALE-KISI1.png","datePublished":"2026-09-03T13:44:56+00:00","breadcrumb":{"@id":"https:\/\/kibrisdakik.com\/?p=119939#breadcrumb"},"inLanguage":"tr","potentialAction":[{"@type":"ReadAction","target":["https:\/\/kibrisdakik.com\/?p=119939"]}]},{"@type":"ImageObject","inLanguage":"tr","@id":"https:\/\/kibrisdakik.com\/?p=119939#primaryimage","url":"https:\/\/kibrisdakik.com\/wp-content\/uploads\/2026\/09\/1788439314514MEHMET-KALE-KISI1.png","contentUrl":"https:\/\/kibrisdakik.com\/wp-content\/uploads\/2026\/09\/1788439314514MEHMET-KALE-KISI1.png","width":600,"height":400},{"@type":"BreadcrumbList","@id":"https:\/\/kibrisdakik.com\/?p=119939#breadcrumb","itemListElement":[{"@type":"ListItem","position":1,"name":"Home","item":"https:\/\/kibrisdakik.com\/"},{"@type":"ListItem","position":2,"name":"CTP Genel Sekreteri Ki\u015fi: \u201cSiyasi sorumluluk h\u00fck\u00fcmetin b\u00fct\u00fcn\u00fcne ait\u201d"}]},{"@type":"WebSite","@id":"https:\/\/kibrisdakik.com\/#website","url":"https:\/\/kibrisdakik.com\/","name":"K\u0131br\u0131s Dakik","description":"Tam vaktinde haber","publisher":{"@id":"https:\/\/kibrisdakik.com\/#organization"},"potentialAction":[{"@type":"SearchAction","target":{"@type":"EntryPoint","urlTemplate":"https:\/\/kibrisdakik.com\/?s={search_term_string}"},"query-input":{"@type":"PropertyValueSpecification","valueRequired":true,"valueName":"search_term_string"}}],"inLanguage":"tr"},{"@type":"Organization","@id":"https:\/\/kibrisdakik.com\/#organization","name":"K\u0131br\u0131s Dakik","url":"https:\/\/kibrisdakik.com\/","logo":{"@type":"ImageObject","inLanguage":"tr","@id":"https:\/\/kibrisdakik.com\/#\/schema\/logo\/image\/","url":"https:\/\/kibrisdakik.com\/wp-content\/uploads\/2025\/10\/cropped-WhatsApp-Image-2025-10-02-at-12.58.31.jpeg","contentUrl":"https:\/\/kibrisdakik.com\/wp-content\/uploads\/2025\/10\/cropped-WhatsApp-Image-2025-10-02-at-12.58.31.jpeg","width":1237,"height":190,"caption":"K\u0131br\u0131s Dakik"},"image":{"@id":"https:\/\/kibrisdakik.com\/#\/schema\/logo\/image\/"}},{"@type":"Person","@id":"https:\/\/kibrisdakik.com\/#\/schema\/person\/9cd9d437bbb44f72b73ba127e06d8e79","name":"admin","image":{"@type":"ImageObject","inLanguage":"tr","@id":"https:\/\/secure.gravatar.com\/avatar\/ccc17943b9d660506c869530f897617f7cb1c21a4bf30023f252596d83e1f007?s=96&d=mm&r=g","url":"https:\/\/secure.gravatar.com\/avatar\/ccc17943b9d660506c869530f897617f7cb1c21a4bf30023f252596d83e1f007?s=96&d=mm&r=g","contentUrl":"https:\/\/secure.gravatar.com\/avatar\/ccc17943b9d660506c869530f897617f7cb1c21a4bf30023f252596d83e1f007?s=96&d=mm&r=g","caption":"admin"},"sameAs":["https:\/\/kibrisdakik.com"],"url":"https:\/\/kibrisdakik.com\/?author=1"}]}},"_links":{"self":[{"href":"https:\/\/kibrisdakik.com\/index.php?rest_route=\/wp\/v2\/posts\/119939","targetHints":{"allow":["GET"]}}],"collection":[{"href":"https:\/\/kibrisdakik.com\/index.php?rest_route=\/wp\/v2\/posts"}],"about":[{"href":"https:\/\/kibrisdakik.com\/index.php?rest_route=\/wp\/v2\/types\/post"}],"author":[{"embeddable":true,"href":"https:\/\/kibrisdakik.com\/index.php?rest_route=\/wp\/v2\/users\/1"}],"replies":[{"embeddable":true,"href":"https:\/\/kibrisdakik.com\/index.php?rest_route=%2Fwp%2Fv2%2Fcomments&post=119939"}],"version-history":[{"count":1,"href":"https:\/\/kibrisdakik.com\/index.php?rest_route=\/wp\/v2\/posts\/119939\/revisions"}],"predecessor-version":[{"id":119941,"href":"https:\/\/kibrisdakik.com\/index.php?rest_route=\/wp\/v2\/posts\/119939\/revisions\/119941"}],"wp:featuredmedia":[{"embeddable":true,"href":"https:\/\/kibrisdakik.com\/index.php?rest_route=\/wp\/v2\/media\/119940"}],"wp:attachment":[{"href":"https:\/\/kibrisdakik.com\/index.php?rest_route=%2Fwp%2Fv2%2Fmedia&parent=119939"}],"wp:term":[{"taxonomy":"category","embeddable":true,"href":"https:\/\/kibrisdakik.com\/index.php?rest_route=%2Fwp%2Fv2%2Fcategories&post=119939"},{"taxonomy":"post_tag","embeddable":true,"href":"https:\/\/kibrisdakik.com\/index.php?rest_route=%2Fwp%2Fv2%2Ftags&post=119939"}],"curies":[{"name":"wp","href":"https:\/\/api.w.org\/{rel}","templated":true}]}}