{"id":119955,"date":"2026-09-03T18:04:11","date_gmt":"2026-09-03T15:04:11","guid":{"rendered":"https:\/\/kibrisdakik.com\/?p=119955"},"modified":"2026-09-03T18:04:11","modified_gmt":"2026-09-03T15:04:11","slug":"nihat-pancarin-ailesi-umutla-gelecek-haberi-bekliyor","status":"publish","type":"post","link":"https:\/\/kibrisdakik.com\/?p=119955","title":{"rendered":"N\u0130HAT PANCAR\u2019IN A\u0130LES\u0130 UMUTLA GELECEK HABER\u0130 BEKL\u0130YOR"},"content":{"rendered":"<p><\/p>\n<p>Girne a\u00e7\u0131klar\u0131nda 30 A\u011fustos\u2019ta alabora olarak batan Filo Jet isimli feribotta kaybolan yolcular aras\u0131nda Hatay\u2019\u0131n Samanda\u011f il\u00e7esinden Nihat Pancar\u2019\u0131n da bulundu\u011fu \u00f6\u011frenildi.<\/p>\n<p>Yakla\u015f\u0131k \u00fc\u00e7 ay \u00f6nce i\u015f bulmak amac\u0131yla KKTC\u2019ye gelen Pancar\u2019\u0131n, olay g\u00fcn\u00fc ailesine haber vermeden feribota bindi\u011fi ve ailesine s\u00fcrpriz yapmak istedi\u011fi belirtildi.<\/p>\n<p>Pancar\u2019\u0131n e\u015fi \u00d6zlem Pancar, e\u015finin kendilerine haber vermeden yola \u00e7\u0131kt\u0131\u011f\u0131n\u0131 ve en son saat 10.30\u2019da g\u00f6r\u00fc\u015ft\u00fcklerini s\u00f6yledi. K\u0131zlar\u0131n\u0131n babas\u0131na ne zaman gelece\u011fini sordu\u011funu belirten Pancar, e\u015finin \u201cGelece\u011fim\u201d yan\u0131t\u0131n\u0131 verdi\u011fini aktard\u0131.<\/p>\n<p>E\u015finin 1 Eyl\u00fcl\u2019de gelece\u011fini kay\u0131nbabas\u0131na da s\u00f6yledi\u011fini ifade eden \u00d6zlem Pancar, kendilerinin ise yolculuktan haberdar olmad\u0131\u011f\u0131n\u0131 belirtti.<\/p>\n<div id=\"ad_121\" data-channel=\"121\" data-advert=\"temedya\" data-rotation=\"120\" class=\"mb-3 text-center\"><\/div>\n<div id=\"ad_121_mobile\" data-channel=\"121\" data-advert=\"temedya\" data-rotation=\"120\" class=\"mb-3 text-center\"><\/div>\n<p>\u201cGelecekti, s\u00fcrpriz yapacakt\u0131 bize ama k\u0131smet olmad\u0131\u201d diyen Pancar, e\u015finin feribota binerken de ailesine haber vermedi\u011fini s\u00f6yledi.<\/p>\n<h3>\u201cGemiye giri\u015fi var ama \u00e7\u0131k\u0131\u015f\u0131 yok\u201d<\/h3>\n<p>E\u015finin bulunaca\u011f\u0131na dair umudunu korudu\u011funu belirten \u00d6zlem Pancar, \u201cUmutluyum, bizi arayaca\u011f\u0131na dair i\u00e7imde bir his var. Hastanede ve vefat edenlerin aras\u0131nda yok. Kay\u0131p olarak aran\u0131yor, gemiye giri\u015fi var ama \u00e7\u0131k\u0131\u015f\u0131 yok\u201d dedi.<\/p>\n<p>Nihat Pancar\u2019\u0131n k\u0131z\u0131 Sanem Pancar da babas\u0131yla 30 A\u011fustos\u2019ta g\u00f6r\u00fc\u015ft\u00fcklerini ancak yolculuk yapaca\u011f\u0131na ili\u015fkin kendilerine herhangi bir bilgi vermedi\u011fini s\u00f6yledi.<\/p>\n<p>Babalar\u0131n\u0131n feribota bindi\u011fini haberlerden \u00f6\u011frendiklerini belirten Sanem Pancar, \u201cBabamla 30 A\u011fustos&#8217;ta g\u00f6r\u00fc\u015ft\u00fck, gelece\u011fine ya da yolculuk yapaca\u011f\u0131na dair bir \u015fey s\u00f6ylemedi. \u015eans eseri haberlerde g\u00f6rd\u00fck. Her yeri arad\u0131k ama babam\u0131 bulamad\u0131k\u201d ifadelerini kulland\u0131.<\/p>\n<h3>\u201cTek iste\u011fimiz a\u011fabeyimin sa\u011f salim geri gelmesi\u201d<\/h3>\n<p>Nihat Pancar\u2019\u0131n a\u011fabeyi Oktay Pancar ise karde\u015flerinin sa\u011f salim bulunmas\u0131n\u0131 beklediklerini s\u00f6yledi.<\/p>\n<p>Oktay Pancar, \u201cBatan gemide a\u011fabeyim de vard\u0131. Tek iste\u011fimiz a\u011fabeyimin sa\u011f salim geri gelmesi. Devletimize g\u00fcveniyoruz. \u0130n\u015fallah g\u00fczel haberini bize verirler\u201d dedi.<\/p>\n<p>Filo Jet feribotunda kaybolan yolcular\u0131n bulunmas\u0131na y\u00f6nelik arama-kurtarma \u00e7al\u0131\u015fmalar\u0131 devam ediyor.<\/p>\n<\/p>\n<div class=\"article-source py-3 small \">\n                <\/div>\n","protected":false},"excerpt":{"rendered":"<p>Girne a\u00e7\u0131klar\u0131nda 30 A\u011fustos\u2019ta alabora olarak batan Filo Jet isimli feribotta kaybolan yolcular aras\u0131nda Hatay\u2019\u0131n Samanda\u011f il\u00e7esinden Nihat Pancar\u2019\u0131n da bulundu\u011fu \u00f6\u011frenildi. Yakla\u015f\u0131k \u00fc\u00e7 ay \u00f6nce i\u015f bulmak amac\u0131yla KKTC\u2019ye gelen Pancar\u2019\u0131n, olay g\u00fcn\u00fc ailesine haber vermeden feribota bindi\u011fi ve ailesine s\u00fcrpriz yapmak istedi\u011fi belirtildi. Pancar\u2019\u0131n e\u015fi \u00d6zlem Pancar, e\u015finin kendilerine haber vermeden yola \u00e7\u0131kt\u0131\u011f\u0131n\u0131<\/p>\n","protected":false},"author":1,"featured_media":119956,"comment_status":"open","ping_status":"open","sticky":false,"template":"","format":"standard","meta":{"footnotes":""},"categories":[81],"tags":[],"class_list":["post-119955","post","type-post","status-publish","format-standard","has-post-thumbnail","hentry","category-kibris"],"yoast_head":"<!-- This site is optimized with the Yoast SEO plugin v28.4 - https:\/\/yoast.com\/product\/yoast-seo-wordpress\/ -->\n<title>N\u0130HAT PANCAR\u2019IN A\u0130LES\u0130 UMUTLA GELECEK HABER\u0130 BEKL\u0130YOR -<\/title>\n<meta name=\"robots\" content=\"index, follow, max-snippet:-1, max-image-preview:large, max-video-preview:-1\" \/>\n<link rel=\"canonical\" href=\"https:\/\/kibrisdakik.com\/?p=119955\" \/>\n<meta property=\"og:locale\" content=\"tr_TR\" \/>\n<meta property=\"og:type\" content=\"article\" \/>\n<meta property=\"og:title\" content=\"N\u0130HAT PANCAR\u2019IN A\u0130LES\u0130 UMUTLA GELECEK HABER\u0130 BEKL\u0130YOR -\" \/>\n<meta property=\"og:description\" content=\"Girne a\u00e7\u0131klar\u0131nda 30 A\u011fustos\u2019ta alabora olarak batan Filo Jet isimli feribotta kaybolan yolcular aras\u0131nda Hatay\u2019\u0131n Samanda\u011f il\u00e7esinden Nihat Pancar\u2019\u0131n da bulundu\u011fu \u00f6\u011frenildi. Yakla\u015f\u0131k \u00fc\u00e7 ay \u00f6nce i\u015f bulmak amac\u0131yla KKTC\u2019ye gelen Pancar\u2019\u0131n, olay g\u00fcn\u00fc ailesine haber vermeden feribota bindi\u011fi ve ailesine s\u00fcrpriz yapmak istedi\u011fi belirtildi. Pancar\u2019\u0131n e\u015fi \u00d6zlem Pancar, e\u015finin kendilerine haber vermeden yola \u00e7\u0131kt\u0131\u011f\u0131n\u0131\" \/>\n<meta property=\"og:url\" content=\"https:\/\/kibrisdakik.com\/?p=119955\" \/>\n<meta property=\"article:published_time\" content=\"2026-09-03T15:04:11+00:00\" \/>\n<meta property=\"og:image\" content=\"https:\/\/mhahabercom.teimg.com\/crop\/1280x720\/mhahaber-com\/uploads\/2026\/09\/mha-sari-beyaz-7724.png\" \/>\n<meta name=\"author\" content=\"admin\" \/>\n<meta name=\"twitter:card\" content=\"summary_large_image\" \/>\n<meta name=\"twitter:label1\" content=\"Yazan:\" \/>\n\t<meta name=\"twitter:data1\" content=\"admin\" \/>\n\t<meta name=\"twitter:label2\" content=\"Tahmini okuma s\u00fcresi\" \/>\n\t<meta name=\"twitter:data2\" content=\"2 dakika\" \/>\n<script type=\"application\/ld+json\" class=\"yoast-schema-graph\">{\"@context\":\"https:\\\/\\\/schema.org\",\"@graph\":[{\"@type\":\"Article\",\"@id\":\"https:\\\/\\\/kibrisdakik.com\\\/?p=119955#article\",\"isPartOf\":{\"@id\":\"https:\\\/\\\/kibrisdakik.com\\\/?p=119955\"},\"author\":{\"name\":\"admin\",\"@id\":\"https:\\\/\\\/kibrisdakik.com\\\/#\\\/schema\\\/person\\\/9cd9d437bbb44f72b73ba127e06d8e79\"},\"headline\":\"N\u0130HAT PANCAR\u2019IN A\u0130LES\u0130 UMUTLA GELECEK HABER\u0130 BEKL\u0130YOR\",\"datePublished\":\"2026-09-03T15:04:11+00:00\",\"mainEntityOfPage\":{\"@id\":\"https:\\\/\\\/kibrisdakik.com\\\/?p=119955\"},\"wordCount\":362,\"commentCount\":0,\"publisher\":{\"@id\":\"https:\\\/\\\/kibrisdakik.com\\\/#organization\"},\"image\":{\"@id\":\"https:\\\/\\\/kibrisdakik.com\\\/?p=119955#primaryimage\"},\"thumbnailUrl\":\"https:\\\/\\\/kibrisdakik.com\\\/wp-content\\\/uploads\\\/2026\\\/09\\\/mha-sari-beyaz-7724.png\",\"articleSection\":[\"K\u0131br\u0131s\"],\"inLanguage\":\"tr\",\"potentialAction\":[{\"@type\":\"CommentAction\",\"name\":\"Comment\",\"target\":[\"https:\\\/\\\/kibrisdakik.com\\\/?p=119955#respond\"]}]},{\"@type\":\"WebPage\",\"@id\":\"https:\\\/\\\/kibrisdakik.com\\\/?p=119955\",\"url\":\"https:\\\/\\\/kibrisdakik.com\\\/?p=119955\",\"name\":\"N\u0130HAT PANCAR\u2019IN A\u0130LES\u0130 UMUTLA GELECEK HABER\u0130 BEKL\u0130YOR -\",\"isPartOf\":{\"@id\":\"https:\\\/\\\/kibrisdakik.com\\\/#website\"},\"primaryImageOfPage\":{\"@id\":\"https:\\\/\\\/kibrisdakik.com\\\/?p=119955#primaryimage\"},\"image\":{\"@id\":\"https:\\\/\\\/kibrisdakik.com\\\/?p=119955#primaryimage\"},\"thumbnailUrl\":\"https:\\\/\\\/kibrisdakik.com\\\/wp-content\\\/uploads\\\/2026\\\/09\\\/mha-sari-beyaz-7724.png\",\"datePublished\":\"2026-09-03T15:04:11+00:00\",\"breadcrumb\":{\"@id\":\"https:\\\/\\\/kibrisdakik.com\\\/?p=119955#breadcrumb\"},\"inLanguage\":\"tr\",\"potentialAction\":[{\"@type\":\"ReadAction\",\"target\":[\"https:\\\/\\\/kibrisdakik.com\\\/?p=119955\"]}]},{\"@type\":\"ImageObject\",\"inLanguage\":\"tr\",\"@id\":\"https:\\\/\\\/kibrisdakik.com\\\/?p=119955#primaryimage\",\"url\":\"https:\\\/\\\/kibrisdakik.com\\\/wp-content\\\/uploads\\\/2026\\\/09\\\/mha-sari-beyaz-7724.png\",\"contentUrl\":\"https:\\\/\\\/kibrisdakik.com\\\/wp-content\\\/uploads\\\/2026\\\/09\\\/mha-sari-beyaz-7724.png\",\"width\":1280,\"height\":720},{\"@type\":\"BreadcrumbList\",\"@id\":\"https:\\\/\\\/kibrisdakik.com\\\/?p=119955#breadcrumb\",\"itemListElement\":[{\"@type\":\"ListItem\",\"position\":1,\"name\":\"Home\",\"item\":\"https:\\\/\\\/kibrisdakik.com\\\/\"},{\"@type\":\"ListItem\",\"position\":2,\"name\":\"N\u0130HAT PANCAR\u2019IN A\u0130LES\u0130 UMUTLA GELECEK HABER\u0130 BEKL\u0130YOR\"}]},{\"@type\":\"WebSite\",\"@id\":\"https:\\\/\\\/kibrisdakik.com\\\/#website\",\"url\":\"https:\\\/\\\/kibrisdakik.com\\\/\",\"name\":\"K\u0131br\u0131s Dakik\",\"description\":\"Tam vaktinde haber\",\"publisher\":{\"@id\":\"https:\\\/\\\/kibrisdakik.com\\\/#organization\"},\"potentialAction\":[{\"@type\":\"SearchAction\",\"target\":{\"@type\":\"EntryPoint\",\"urlTemplate\":\"https:\\\/\\\/kibrisdakik.com\\\/?s={search_term_string}\"},\"query-input\":{\"@type\":\"PropertyValueSpecification\",\"valueRequired\":true,\"valueName\":\"search_term_string\"}}],\"inLanguage\":\"tr\"},{\"@type\":\"Organization\",\"@id\":\"https:\\\/\\\/kibrisdakik.com\\\/#organization\",\"name\":\"K\u0131br\u0131s Dakik\",\"url\":\"https:\\\/\\\/kibrisdakik.com\\\/\",\"logo\":{\"@type\":\"ImageObject\",\"inLanguage\":\"tr\",\"@id\":\"https:\\\/\\\/kibrisdakik.com\\\/#\\\/schema\\\/logo\\\/image\\\/\",\"url\":\"https:\\\/\\\/kibrisdakik.com\\\/wp-content\\\/uploads\\\/2025\\\/10\\\/cropped-WhatsApp-Image-2025-10-02-at-12.58.31.jpeg\",\"contentUrl\":\"https:\\\/\\\/kibrisdakik.com\\\/wp-content\\\/uploads\\\/2025\\\/10\\\/cropped-WhatsApp-Image-2025-10-02-at-12.58.31.jpeg\",\"width\":1237,\"height\":190,\"caption\":\"K\u0131br\u0131s Dakik\"},\"image\":{\"@id\":\"https:\\\/\\\/kibrisdakik.com\\\/#\\\/schema\\\/logo\\\/image\\\/\"}},{\"@type\":\"Person\",\"@id\":\"https:\\\/\\\/kibrisdakik.com\\\/#\\\/schema\\\/person\\\/9cd9d437bbb44f72b73ba127e06d8e79\",\"name\":\"admin\",\"image\":{\"@type\":\"ImageObject\",\"inLanguage\":\"tr\",\"@id\":\"https:\\\/\\\/secure.gravatar.com\\\/avatar\\\/ccc17943b9d660506c869530f897617f7cb1c21a4bf30023f252596d83e1f007?s=96&d=mm&r=g\",\"url\":\"https:\\\/\\\/secure.gravatar.com\\\/avatar\\\/ccc17943b9d660506c869530f897617f7cb1c21a4bf30023f252596d83e1f007?s=96&d=mm&r=g\",\"contentUrl\":\"https:\\\/\\\/secure.gravatar.com\\\/avatar\\\/ccc17943b9d660506c869530f897617f7cb1c21a4bf30023f252596d83e1f007?s=96&d=mm&r=g\",\"caption\":\"admin\"},\"sameAs\":[\"https:\\\/\\\/kibrisdakik.com\"],\"url\":\"https:\\\/\\\/kibrisdakik.com\\\/?author=1\"}]}<\/script>\n<!-- \/ Yoast SEO plugin. -->","yoast_head_json":{"title":"N\u0130HAT PANCAR\u2019IN A\u0130LES\u0130 UMUTLA GELECEK HABER\u0130 BEKL\u0130YOR -","robots":{"index":"index","follow":"follow","max-snippet":"max-snippet:-1","max-image-preview":"max-image-preview:large","max-video-preview":"max-video-preview:-1"},"canonical":"https:\/\/kibrisdakik.com\/?p=119955","og_locale":"tr_TR","og_type":"article","og_title":"N\u0130HAT PANCAR\u2019IN A\u0130LES\u0130 UMUTLA GELECEK HABER\u0130 BEKL\u0130YOR -","og_description":"Girne a\u00e7\u0131klar\u0131nda 30 A\u011fustos\u2019ta alabora olarak batan Filo Jet isimli feribotta kaybolan yolcular aras\u0131nda Hatay\u2019\u0131n Samanda\u011f il\u00e7esinden Nihat Pancar\u2019\u0131n da bulundu\u011fu \u00f6\u011frenildi. Yakla\u015f\u0131k \u00fc\u00e7 ay \u00f6nce i\u015f bulmak amac\u0131yla KKTC\u2019ye gelen Pancar\u2019\u0131n, olay g\u00fcn\u00fc ailesine haber vermeden feribota bindi\u011fi ve ailesine s\u00fcrpriz yapmak istedi\u011fi belirtildi. Pancar\u2019\u0131n e\u015fi \u00d6zlem Pancar, e\u015finin kendilerine haber vermeden yola \u00e7\u0131kt\u0131\u011f\u0131n\u0131","og_url":"https:\/\/kibrisdakik.com\/?p=119955","article_published_time":"2026-09-03T15:04:11+00:00","og_image":[{"url":"https:\/\/mhahabercom.teimg.com\/crop\/1280x720\/mhahaber-com\/uploads\/2026\/09\/mha-sari-beyaz-7724.png","type":"","width":"","height":""}],"author":"admin","twitter_card":"summary_large_image","twitter_misc":{"Yazan:":"admin","Tahmini okuma s\u00fcresi":"2 dakika"},"schema":{"@context":"https:\/\/schema.org","@graph":[{"@type":"Article","@id":"https:\/\/kibrisdakik.com\/?p=119955#article","isPartOf":{"@id":"https:\/\/kibrisdakik.com\/?p=119955"},"author":{"name":"admin","@id":"https:\/\/kibrisdakik.com\/#\/schema\/person\/9cd9d437bbb44f72b73ba127e06d8e79"},"headline":"N\u0130HAT PANCAR\u2019IN A\u0130LES\u0130 UMUTLA GELECEK HABER\u0130 BEKL\u0130YOR","datePublished":"2026-09-03T15:04:11+00:00","mainEntityOfPage":{"@id":"https:\/\/kibrisdakik.com\/?p=119955"},"wordCount":362,"commentCount":0,"publisher":{"@id":"https:\/\/kibrisdakik.com\/#organization"},"image":{"@id":"https:\/\/kibrisdakik.com\/?p=119955#primaryimage"},"thumbnailUrl":"https:\/\/kibrisdakik.com\/wp-content\/uploads\/2026\/09\/mha-sari-beyaz-7724.png","articleSection":["K\u0131br\u0131s"],"inLanguage":"tr","potentialAction":[{"@type":"CommentAction","name":"Comment","target":["https:\/\/kibrisdakik.com\/?p=119955#respond"]}]},{"@type":"WebPage","@id":"https:\/\/kibrisdakik.com\/?p=119955","url":"https:\/\/kibrisdakik.com\/?p=119955","name":"N\u0130HAT PANCAR\u2019IN A\u0130LES\u0130 UMUTLA GELECEK HABER\u0130 BEKL\u0130YOR -","isPartOf":{"@id":"https:\/\/kibrisdakik.com\/#website"},"primaryImageOfPage":{"@id":"https:\/\/kibrisdakik.com\/?p=119955#primaryimage"},"image":{"@id":"https:\/\/kibrisdakik.com\/?p=119955#primaryimage"},"thumbnailUrl":"https:\/\/kibrisdakik.com\/wp-content\/uploads\/2026\/09\/mha-sari-beyaz-7724.png","datePublished":"2026-09-03T15:04:11+00:00","breadcrumb":{"@id":"https:\/\/kibrisdakik.com\/?p=119955#breadcrumb"},"inLanguage":"tr","potentialAction":[{"@type":"ReadAction","target":["https:\/\/kibrisdakik.com\/?p=119955"]}]},{"@type":"ImageObject","inLanguage":"tr","@id":"https:\/\/kibrisdakik.com\/?p=119955#primaryimage","url":"https:\/\/kibrisdakik.com\/wp-content\/uploads\/2026\/09\/mha-sari-beyaz-7724.png","contentUrl":"https:\/\/kibrisdakik.com\/wp-content\/uploads\/2026\/09\/mha-sari-beyaz-7724.png","width":1280,"height":720},{"@type":"BreadcrumbList","@id":"https:\/\/kibrisdakik.com\/?p=119955#breadcrumb","itemListElement":[{"@type":"ListItem","position":1,"name":"Home","item":"https:\/\/kibrisdakik.com\/"},{"@type":"ListItem","position":2,"name":"N\u0130HAT PANCAR\u2019IN A\u0130LES\u0130 UMUTLA GELECEK HABER\u0130 BEKL\u0130YOR"}]},{"@type":"WebSite","@id":"https:\/\/kibrisdakik.com\/#website","url":"https:\/\/kibrisdakik.com\/","name":"K\u0131br\u0131s Dakik","description":"Tam vaktinde haber","publisher":{"@id":"https:\/\/kibrisdakik.com\/#organization"},"potentialAction":[{"@type":"SearchAction","target":{"@type":"EntryPoint","urlTemplate":"https:\/\/kibrisdakik.com\/?s={search_term_string}"},"query-input":{"@type":"PropertyValueSpecification","valueRequired":true,"valueName":"search_term_string"}}],"inLanguage":"tr"},{"@type":"Organization","@id":"https:\/\/kibrisdakik.com\/#organization","name":"K\u0131br\u0131s Dakik","url":"https:\/\/kibrisdakik.com\/","logo":{"@type":"ImageObject","inLanguage":"tr","@id":"https:\/\/kibrisdakik.com\/#\/schema\/logo\/image\/","url":"https:\/\/kibrisdakik.com\/wp-content\/uploads\/2025\/10\/cropped-WhatsApp-Image-2025-10-02-at-12.58.31.jpeg","contentUrl":"https:\/\/kibrisdakik.com\/wp-content\/uploads\/2025\/10\/cropped-WhatsApp-Image-2025-10-02-at-12.58.31.jpeg","width":1237,"height":190,"caption":"K\u0131br\u0131s Dakik"},"image":{"@id":"https:\/\/kibrisdakik.com\/#\/schema\/logo\/image\/"}},{"@type":"Person","@id":"https:\/\/kibrisdakik.com\/#\/schema\/person\/9cd9d437bbb44f72b73ba127e06d8e79","name":"admin","image":{"@type":"ImageObject","inLanguage":"tr","@id":"https:\/\/secure.gravatar.com\/avatar\/ccc17943b9d660506c869530f897617f7cb1c21a4bf30023f252596d83e1f007?s=96&d=mm&r=g","url":"https:\/\/secure.gravatar.com\/avatar\/ccc17943b9d660506c869530f897617f7cb1c21a4bf30023f252596d83e1f007?s=96&d=mm&r=g","contentUrl":"https:\/\/secure.gravatar.com\/avatar\/ccc17943b9d660506c869530f897617f7cb1c21a4bf30023f252596d83e1f007?s=96&d=mm&r=g","caption":"admin"},"sameAs":["https:\/\/kibrisdakik.com"],"url":"https:\/\/kibrisdakik.com\/?author=1"}]}},"_links":{"self":[{"href":"https:\/\/kibrisdakik.com\/index.php?rest_route=\/wp\/v2\/posts\/119955","targetHints":{"allow":["GET"]}}],"collection":[{"href":"https:\/\/kibrisdakik.com\/index.php?rest_route=\/wp\/v2\/posts"}],"about":[{"href":"https:\/\/kibrisdakik.com\/index.php?rest_route=\/wp\/v2\/types\/post"}],"author":[{"embeddable":true,"href":"https:\/\/kibrisdakik.com\/index.php?rest_route=\/wp\/v2\/users\/1"}],"replies":[{"embeddable":true,"href":"https:\/\/kibrisdakik.com\/index.php?rest_route=%2Fwp%2Fv2%2Fcomments&post=119955"}],"version-history":[{"count":0,"href":"https:\/\/kibrisdakik.com\/index.php?rest_route=\/wp\/v2\/posts\/119955\/revisions"}],"wp:featuredmedia":[{"embeddable":true,"href":"https:\/\/kibrisdakik.com\/index.php?rest_route=\/wp\/v2\/media\/119956"}],"wp:attachment":[{"href":"https:\/\/kibrisdakik.com\/index.php?rest_route=%2Fwp%2Fv2%2Fmedia&parent=119955"}],"wp:term":[{"taxonomy":"category","embeddable":true,"href":"https:\/\/kibrisdakik.com\/index.php?rest_route=%2Fwp%2Fv2%2Fcategories&post=119955"},{"taxonomy":"post_tag","embeddable":true,"href":"https:\/\/kibrisdakik.com\/index.php?rest_route=%2Fwp%2Fv2%2Ftags&post=119955"}],"curies":[{"name":"wp","href":"https:\/\/api.w.org\/{rel}","templated":true}]}}