{"id":119962,"date":"2026-09-03T20:20:53","date_gmt":"2026-09-03T17:20:53","guid":{"rendered":"https:\/\/kibrisdakik.com\/?p=119962"},"modified":"2026-09-03T20:20:53","modified_gmt":"2026-09-03T17:20:53","slug":"gemi-faciasinda-bir-kisinin-daha-cansiz-bedenine-ulasildi","status":"publish","type":"post","link":"https:\/\/kibrisdakik.com\/?p=119962","title":{"rendered":"GEM\u0130 FAC\u0130ASINDA B\u0130R K\u0130\u015e\u0130N\u0130N DAHA CANSIZ BEDEN\u0130NE ULA\u015eILDI"},"content":{"rendered":"<div data-text-id=\"207256\" property=\"articleBody\">\n<p>\u00dcstel: \u201cKim olursa olsun, sorumlulu\u011fu varsa hukuk \u00f6n\u00fcnde hesab\u0131n\u0131 verecektir\u201d<\/p>\n<p>Ba\u015fbakan \u00dcnal \u00dcstel ile T\u00fcrkiye Cumhuriyeti Cumhurba\u015fkan\u0131 Yard\u0131mc\u0131s\u0131 Cevdet Y\u0131lmaz, Girne a\u00e7\u0131klar\u0131nda meydana gelen gemi facias\u0131n\u0131n ard\u0131ndan ortak bas\u0131n toplant\u0131s\u0131 d\u00fczenledi.<\/p>\n<p>Ba\u015fbakan \u00dcnal \u00dcstel, Cevdet Y\u0131lmaz\u2019\u0131n K\u0131br\u0131s T\u00fcrk halk\u0131n\u0131n ya\u015fad\u0131\u011f\u0131 b\u00fcy\u00fck deniz felaketinin hemen ard\u0131ndan KKTC\u2019ye gelerek ac\u0131y\u0131 ve dayan\u0131\u015fmay\u0131 payla\u015ft\u0131\u011f\u0131n\u0131 belirterek, ziyaretin kendilerine g\u00fc\u00e7 verdi\u011fini s\u00f6yledi.<\/p>\n<p>\u00dcstel, Y\u0131lmaz ile ger\u00e7ekle\u015ftirdikleri g\u00f6r\u00fc\u015fmede devam eden arama kurtarma \u00e7al\u0131\u015fmalar\u0131 ile y\u00fcr\u00fct\u00fclen s\u00fcre\u00e7leri t\u00fcm ayr\u0131nt\u0131lar\u0131yla ele ald\u0131klar\u0131n\u0131, ard\u0131ndan kay\u0131p yak\u0131nlar\u0131yla bir araya gelerek aileleri dinlediklerini ve ac\u0131lar\u0131n\u0131 payla\u015ft\u0131klar\u0131n\u0131 ifade etti.<\/p>\n<p>T\u00fcrkiye\u2019nin facian\u0131n ilk an\u0131ndan itibaren KKTC\u2019nin yan\u0131nda oldu\u011funu vurgulayan \u00dcstel, Cumhurba\u015fkan\u0131 Recep Tayyip Erdo\u011fan ve Cumhurba\u015fkan\u0131 Yard\u0131mc\u0131s\u0131 Cevdet Y\u0131lmaz\u2019\u0131n kazan\u0131n ger\u00e7ekle\u015fti\u011fi ilk andan itibaren geli\u015fmeleri yak\u0131ndan takip etti\u011fini ve ihtiya\u00e7 duyulan noktalarda T\u00fcrkiye Cumhuriyeti\u2019nin imkanlar\u0131n\u0131 harekete ge\u00e7irdi\u011fini kaydetti.<\/p>\n<h3>\u201cArama kurtarma \u00e7al\u0131\u015fmalar\u0131 7 g\u00fcn 24 saat devam ediyor\u201d<\/h3>\n<p>\u00dcstel, T\u00fcrkiye taraf\u0131ndan g\u00f6revlendirilen \u00e7ok say\u0131da hava, deniz ve kara unsurunun arama kurtarma \u00e7al\u0131\u015fmalar\u0131na destek verdi\u011fini belirterek, TCG I\u015eIN ve TCG ALEMDAR\u2019\u0131n da denizin derinliklerinde y\u00fcr\u00fct\u00fclen \u00e7al\u0131\u015fmalara kat\u0131ld\u0131\u011f\u0131n\u0131 s\u00f6yledi.<img loading=\"lazy\" decoding=\"async\" height=\"1066\" src=\"https:\/\/mhahabercom.teimg.com\/mhahaber-com\/uploads\/2026\/09\/photo-2026-09-03-20-06-14-2.jpg\" width=\"1600\"\/><\/p>\n<p>Arama kurtarma \u00e7al\u0131\u015fmalar\u0131n\u0131n 7 g\u00fcn 24 saat esas\u0131na g\u00f6re s\u00fcrd\u00fc\u011f\u00fcn\u00fc ifade eden \u00dcstel, T\u00fcrk Silahl\u0131 Kuvvetleri, K\u0131br\u0131s T\u00fcrk Bar\u0131\u015f Kuvvetleri Komutanl\u0131\u011f\u0131, G\u00fcvenlik Kuvvetleri Komutanl\u0131\u011f\u0131 ile \u00e7al\u0131\u015fmalara kat\u0131lan t\u00fcm personel ve g\u00f6revlilere te\u015fekk\u00fcr etti.<\/p>\n<h3>\u201c18 ki\u015fiye halen ula\u015famad\u0131k\u201d<\/h3>\n<p>Gemide 267 ki\u015finin bulundu\u011funu belirten \u00dcstel, 239 ki\u015finin sa\u011f olarak kurtar\u0131ld\u0131\u011f\u0131n\u0131, faciada hayat\u0131n\u0131 kaybedenlerin say\u0131s\u0131n\u0131n ise 10\u2019a y\u00fckseldi\u011fini a\u00e7\u0131klad\u0131.<\/p>\n<p>\u00dcstel, \u201c\u015eu anda halen ula\u015famad\u0131\u011f\u0131m\u0131z 18 insan\u0131m\u0131z var\u201d diyerek, kay\u0131plara ula\u015fmak i\u00e7in \u00e7al\u0131\u015fmalar\u0131n ayn\u0131 kararl\u0131l\u0131kla s\u00fcrd\u00fc\u011f\u00fcn\u00fc ve bunun en b\u00fcy\u00fck \u00f6ncelikleri oldu\u011funu vurgulad\u0131.<\/p>\n<p>\u00dcstel, hayat\u0131n\u0131 kaybedenlere Allah\u2019tan rahmet, ailelerine ve yak\u0131nlar\u0131na sab\u0131r diledi.<\/p>\n<h3>\u201cSorumlulu\u011fu varsa hukuk \u00f6n\u00fcnde hesab\u0131n\u0131 verecektir\u201d<\/h3>\n<p>Facian\u0131n nas\u0131l ve neden meydana geldi\u011finin t\u00fcm y\u00f6nleriyle ortaya \u00e7\u0131kar\u0131lmas\u0131 gerekti\u011fini belirten \u00dcstel, sorumlular\u0131n kim olursa olsun hesap verece\u011fini s\u00f6yledi.<\/p>\n<p>\u00dcstel, \u201cKim olursa olsun. Hangi makamda veya g\u00f6revde bulunursa bulunsun. Bu faciada bir kusuru, ihmali veya sorumlulu\u011fu varsa hukuk \u00f6n\u00fcnde hesab\u0131n\u0131 verecektir\u201d dedi.<\/p>\n<p>Soru\u015fturman\u0131n \u00e7ok y\u00f6nl\u00fc olarak s\u00fcrd\u00fc\u011f\u00fcn\u00fc belirten \u00dcstel, kaptan ve \u015firket sorumlusu dahil t\u00fcm gemi personelinin yarg\u0131land\u0131\u011f\u0131n\u0131 ve bug\u00fcn yeniden hakim kar\u015f\u0131s\u0131na \u00e7\u0131kt\u0131klar\u0131n\u0131 kaydetti.<\/p>\n<p>Bilgi ve belgelerin incelendi\u011fini, teknik de\u011ferlendirmelerin yap\u0131ld\u0131\u011f\u0131n\u0131 ifade eden \u00dcstel, h\u00fck\u00fcmet olarak soru\u015fturman\u0131n herhangi bir \u015f\u00fcpheye mahal vermeden sa\u011fl\u0131kl\u0131 ve g\u00fcvenilir \u015fekilde y\u00fcr\u00fct\u00fclmesi i\u00e7in \u00fczerlerine d\u00fc\u015feni yapt\u0131klar\u0131n\u0131 s\u00f6yledi.<\/p>\n<h3>\u201cGer\u00e7e\u011fin ortaya \u00e7\u0131kmas\u0131 ve adaletin tecelli etmesi \u00f6nemli\u201d<\/h3>\n<p>\u00dcstel, makamlar\u0131n, ki\u015filerin veya siyasi dengelerin korunmas\u0131ndan daha \u00f6nemli olan\u0131n ger\u00e7e\u011fin ortaya \u00e7\u0131kmas\u0131 ve adaletin tecelli etmesi oldu\u011funu belirtti.<\/p>\n<p>Soru\u015fturman\u0131n ilerleyen a\u015famalar\u0131nda ihtiya\u00e7 duyulmas\u0131 halinde gerekli ba\u015fka idari tedbirleri almaktan \u00e7ekinmeyece\u011fini s\u00f6yleyen \u00dcstel, devam eden soru\u015fturman\u0131n sonucunu h\u00fck\u00fcmetin pe\u015finen ilan etmesinin do\u011fru olmad\u0131\u011f\u0131n\u0131 ifade etti.<\/p>\n<p>Masumiyet karinesinin korunmas\u0131 gerekti\u011fini vurgulayan \u00dcstel, kimin su\u00e7lu veya kusurlu oldu\u011funa ba\u011f\u0131ms\u0131z yarg\u0131n\u0131n karar verece\u011fini belirtti.<\/p>\n<h3>\u201cEksiklik varsa giderece\u011fiz\u201d<\/h3>\n<p>Facian\u0131n ortaya koydu\u011fu eksikliklerin de ciddi \u015fekilde de\u011ferlendirildi\u011fini belirten \u00dcstel, mevzuatta eksiklik bulunmas\u0131 halinde bunlar\u0131n giderilece\u011fini, uygulamalarda de\u011fi\u015fiklik yap\u0131lmas\u0131 gerekiyorsa gerekli ad\u0131mlar\u0131n at\u0131laca\u011f\u0131n\u0131 s\u00f6yledi.<\/p>\n<p>\u00dcstel, devlet y\u00f6netiminin yaln\u0131zca ya\u015fanan olaylara m\u00fcdahale etmekten ibaret olmad\u0131\u011f\u0131n\u0131, ya\u015fananlardan ders \u00e7\u0131karmak ve ayn\u0131 ac\u0131lar\u0131n yeniden ya\u015fanmamas\u0131 i\u00e7in gerekli tedbirleri almak oldu\u011funu kaydetti.<\/p>\n<h3>\u201cH\u00fck\u00fcmet g\u00f6revinin ba\u015f\u0131ndad\u0131r\u201d<\/h3>\n<p>Siyasi partilerin ve kamuoyunun ele\u015ftirilerinin demokrasinin gere\u011fi oldu\u011funu ifade eden \u00dcstel, h\u00fck\u00fcmet olarak yap\u0131c\u0131 ele\u015ftirileri dinlemeye ve eksiklikleri gidermeye haz\u0131r olduklar\u0131n\u0131 s\u00f6yledi.<\/p>\n<p>Ancak b\u00f6ylesine b\u00fcy\u00fck bir ac\u0131n\u0131n siyasi hesapla\u015fmalar\u0131n malzemesi haline getirilmemesi gerekti\u011fini belirten \u00dcstel, kriz d\u00f6nemlerinin siyasi f\u0131rsata \u00e7evrilerek devlet otoritesinin zay\u0131flat\u0131lmas\u0131na ve T\u00fcrkiye-KKTC ili\u015fkilerinin tart\u0131\u015fmaya a\u00e7\u0131lmas\u0131na izin verilmeyece\u011fini ifade etti.<\/p>\n<p>\u00dcstel, \u201cH\u00fck\u00fcmetimiz g\u00f6revinin ba\u015f\u0131ndad\u0131r. Devletimizin t\u00fcm kurumlar\u0131 \u00e7al\u0131\u015fmaktad\u0131r\u201d dedi.<\/p>\n<h3>\u201cKay\u0131plar\u0131m\u0131za ula\u015faca\u011f\u0131z, ger\u00e7ekleri ortaya \u00e7\u0131karaca\u011f\u0131z\u201d<\/h3>\n<p>\u00dclkenin ge\u00e7mi\u015fte de b\u00fcy\u00fck zorluklar\u0131 birlik ve beraberlik i\u00e7erisinde a\u015ft\u0131\u011f\u0131n\u0131 belirten \u00dcstel, pandemi ve depremin ard\u0131ndan bu b\u00fcy\u00fck ac\u0131n\u0131n yaralar\u0131n\u0131n da birlikte sar\u0131laca\u011f\u0131n\u0131 s\u00f6yledi.<\/p>\n<p>\u00dcstel, kay\u0131plara ula\u015fmak i\u00e7in \u00e7al\u0131\u015fmaya devam edeceklerini, ger\u00e7eklerin ortaya \u00e7\u0131kar\u0131laca\u011f\u0131n\u0131, adaletin tecelli etmesi ve ya\u015fananlardan gerekli derslerin \u00e7\u0131kar\u0131lmas\u0131 i\u00e7in gereken ad\u0131mlar\u0131n at\u0131laca\u011f\u0131n\u0131 belirtti.<\/p>\n<p>T\u00fcrkiye\u2019nin deste\u011finin \u00f6nemine de dikkat \u00e7eken \u00dcstel, Cevdet Y\u0131lmaz\u2019\u0131n ziyaretinin K\u0131br\u0131s T\u00fcrk halk\u0131n\u0131n yaln\u0131z olmad\u0131\u011f\u0131n\u0131 bir kez daha g\u00f6sterdi\u011fini s\u00f6yledi.<\/p>\n<h3>Y\u0131lmaz: \u201cBir ki\u015finin daha naa\u015f\u0131na ula\u015f\u0131ld\u0131\u201d<\/h3>\n<p>T\u00fcrkiye Cumhuriyeti Cumhurba\u015fkan\u0131 Yard\u0131mc\u0131s\u0131 Cevdet Y\u0131lmaz ise kay\u0131plar\u0131 arama \u00e7al\u0131\u015fmalar\u0131 kapsam\u0131nda bir ki\u015finin daha naa\u015f\u0131na ula\u015f\u0131ld\u0131\u011f\u0131n\u0131 a\u00e7\u0131klad\u0131.<\/p>\n<p>Y\u0131lmaz, bulunan naa\u015f\u0131n denizden \u00e7\u0131kar\u0131ld\u0131\u011f\u0131n\u0131 ve gerekli kimliklendirme \u00e7al\u0131\u015fmalar\u0131n\u0131n yap\u0131laca\u011f\u0131n\u0131 belirtti. Bulunan naa\u015fla birlikte faciada hayat\u0131n\u0131 kaybedenlerin say\u0131s\u0131n\u0131n 10\u2019a y\u00fckseldi\u011fini kaydetti.<\/p>\n<\/p><\/div>\n","protected":false},"excerpt":{"rendered":"<p>\u00dcstel: \u201cKim olursa olsun, sorumlulu\u011fu varsa hukuk \u00f6n\u00fcnde hesab\u0131n\u0131 verecektir\u201d Ba\u015fbakan \u00dcnal \u00dcstel ile T\u00fcrkiye Cumhuriyeti Cumhurba\u015fkan\u0131 Yard\u0131mc\u0131s\u0131 Cevdet Y\u0131lmaz, Girne a\u00e7\u0131klar\u0131nda meydana gelen gemi facias\u0131n\u0131n ard\u0131ndan ortak bas\u0131n toplant\u0131s\u0131 d\u00fczenledi. Ba\u015fbakan \u00dcnal \u00dcstel, Cevdet Y\u0131lmaz\u2019\u0131n K\u0131br\u0131s T\u00fcrk halk\u0131n\u0131n ya\u015fad\u0131\u011f\u0131 b\u00fcy\u00fck deniz felaketinin hemen ard\u0131ndan KKTC\u2019ye gelerek ac\u0131y\u0131 ve dayan\u0131\u015fmay\u0131 payla\u015ft\u0131\u011f\u0131n\u0131 belirterek, ziyaretin kendilerine g\u00fc\u00e7<\/p>\n","protected":false},"author":1,"featured_media":119963,"comment_status":"open","ping_status":"open","sticky":false,"template":"","format":"standard","meta":{"footnotes":""},"categories":[81],"tags":[],"class_list":["post-119962","post","type-post","status-publish","format-standard","has-post-thumbnail","hentry","category-kibris"],"yoast_head":"<!-- This site is optimized with the Yoast SEO plugin v28.4 - https:\/\/yoast.com\/product\/yoast-seo-wordpress\/ -->\n<title>GEM\u0130 FAC\u0130ASINDA B\u0130R K\u0130\u015e\u0130N\u0130N DAHA CANSIZ BEDEN\u0130NE ULA\u015eILDI -<\/title>\n<meta name=\"robots\" content=\"index, follow, max-snippet:-1, max-image-preview:large, max-video-preview:-1\" \/>\n<link rel=\"canonical\" href=\"https:\/\/kibrisdakik.com\/?p=119962\" \/>\n<meta property=\"og:locale\" content=\"tr_TR\" \/>\n<meta property=\"og:type\" content=\"article\" \/>\n<meta property=\"og:title\" content=\"GEM\u0130 FAC\u0130ASINDA B\u0130R K\u0130\u015e\u0130N\u0130N DAHA CANSIZ BEDEN\u0130NE ULA\u015eILDI -\" \/>\n<meta property=\"og:description\" content=\"\u00dcstel: \u201cKim olursa olsun, sorumlulu\u011fu varsa hukuk \u00f6n\u00fcnde hesab\u0131n\u0131 verecektir\u201d Ba\u015fbakan \u00dcnal \u00dcstel ile T\u00fcrkiye Cumhuriyeti Cumhurba\u015fkan\u0131 Yard\u0131mc\u0131s\u0131 Cevdet Y\u0131lmaz, Girne a\u00e7\u0131klar\u0131nda meydana gelen gemi facias\u0131n\u0131n ard\u0131ndan ortak bas\u0131n toplant\u0131s\u0131 d\u00fczenledi. Ba\u015fbakan \u00dcnal \u00dcstel, Cevdet Y\u0131lmaz\u2019\u0131n K\u0131br\u0131s T\u00fcrk halk\u0131n\u0131n ya\u015fad\u0131\u011f\u0131 b\u00fcy\u00fck deniz felaketinin hemen ard\u0131ndan KKTC\u2019ye gelerek ac\u0131y\u0131 ve dayan\u0131\u015fmay\u0131 payla\u015ft\u0131\u011f\u0131n\u0131 belirterek, ziyaretin kendilerine g\u00fc\u00e7\" \/>\n<meta property=\"og:url\" content=\"https:\/\/kibrisdakik.com\/?p=119962\" \/>\n<meta property=\"article:published_time\" content=\"2026-09-03T17:20:53+00:00\" \/>\n<meta property=\"og:image\" content=\"https:\/\/mhahabercom.teimg.com\/mhahaber-com\/uploads\/2026\/09\/photo-2026-09-03-20-06-14-3.jpg\" \/>\n<meta name=\"author\" content=\"admin\" \/>\n<meta name=\"twitter:card\" content=\"summary_large_image\" \/>\n<meta name=\"twitter:label1\" content=\"Yazan:\" \/>\n\t<meta name=\"twitter:data1\" content=\"admin\" \/>\n\t<meta name=\"twitter:label2\" content=\"Tahmini okuma s\u00fcresi\" \/>\n\t<meta name=\"twitter:data2\" content=\"5 dakika\" \/>\n<script type=\"application\/ld+json\" class=\"yoast-schema-graph\">{\"@context\":\"https:\\\/\\\/schema.org\",\"@graph\":[{\"@type\":\"Article\",\"@id\":\"https:\\\/\\\/kibrisdakik.com\\\/?p=119962#article\",\"isPartOf\":{\"@id\":\"https:\\\/\\\/kibrisdakik.com\\\/?p=119962\"},\"author\":{\"name\":\"admin\",\"@id\":\"https:\\\/\\\/kibrisdakik.com\\\/#\\\/schema\\\/person\\\/9cd9d437bbb44f72b73ba127e06d8e79\"},\"headline\":\"GEM\u0130 FAC\u0130ASINDA B\u0130R K\u0130\u015e\u0130N\u0130N DAHA CANSIZ BEDEN\u0130NE ULA\u015eILDI\",\"datePublished\":\"2026-09-03T17:20:53+00:00\",\"mainEntityOfPage\":{\"@id\":\"https:\\\/\\\/kibrisdakik.com\\\/?p=119962\"},\"wordCount\":1054,\"commentCount\":0,\"publisher\":{\"@id\":\"https:\\\/\\\/kibrisdakik.com\\\/#organization\"},\"image\":{\"@id\":\"https:\\\/\\\/kibrisdakik.com\\\/?p=119962#primaryimage\"},\"thumbnailUrl\":\"https:\\\/\\\/kibrisdakik.com\\\/wp-content\\\/uploads\\\/2026\\\/09\\\/m-h-a-m-h-a-633.png\",\"articleSection\":[\"K\u0131br\u0131s\"],\"inLanguage\":\"tr\",\"potentialAction\":[{\"@type\":\"CommentAction\",\"name\":\"Comment\",\"target\":[\"https:\\\/\\\/kibrisdakik.com\\\/?p=119962#respond\"]}]},{\"@type\":\"WebPage\",\"@id\":\"https:\\\/\\\/kibrisdakik.com\\\/?p=119962\",\"url\":\"https:\\\/\\\/kibrisdakik.com\\\/?p=119962\",\"name\":\"GEM\u0130 FAC\u0130ASINDA B\u0130R K\u0130\u015e\u0130N\u0130N DAHA CANSIZ BEDEN\u0130NE ULA\u015eILDI -\",\"isPartOf\":{\"@id\":\"https:\\\/\\\/kibrisdakik.com\\\/#website\"},\"primaryImageOfPage\":{\"@id\":\"https:\\\/\\\/kibrisdakik.com\\\/?p=119962#primaryimage\"},\"image\":{\"@id\":\"https:\\\/\\\/kibrisdakik.com\\\/?p=119962#primaryimage\"},\"thumbnailUrl\":\"https:\\\/\\\/kibrisdakik.com\\\/wp-content\\\/uploads\\\/2026\\\/09\\\/m-h-a-m-h-a-633.png\",\"datePublished\":\"2026-09-03T17:20:53+00:00\",\"breadcrumb\":{\"@id\":\"https:\\\/\\\/kibrisdakik.com\\\/?p=119962#breadcrumb\"},\"inLanguage\":\"tr\",\"potentialAction\":[{\"@type\":\"ReadAction\",\"target\":[\"https:\\\/\\\/kibrisdakik.com\\\/?p=119962\"]}]},{\"@type\":\"ImageObject\",\"inLanguage\":\"tr\",\"@id\":\"https:\\\/\\\/kibrisdakik.com\\\/?p=119962#primaryimage\",\"url\":\"https:\\\/\\\/kibrisdakik.com\\\/wp-content\\\/uploads\\\/2026\\\/09\\\/m-h-a-m-h-a-633.png\",\"contentUrl\":\"https:\\\/\\\/kibrisdakik.com\\\/wp-content\\\/uploads\\\/2026\\\/09\\\/m-h-a-m-h-a-633.png\",\"width\":1280,\"height\":720},{\"@type\":\"BreadcrumbList\",\"@id\":\"https:\\\/\\\/kibrisdakik.com\\\/?p=119962#breadcrumb\",\"itemListElement\":[{\"@type\":\"ListItem\",\"position\":1,\"name\":\"Home\",\"item\":\"https:\\\/\\\/kibrisdakik.com\\\/\"},{\"@type\":\"ListItem\",\"position\":2,\"name\":\"GEM\u0130 FAC\u0130ASINDA B\u0130R K\u0130\u015e\u0130N\u0130N DAHA CANSIZ BEDEN\u0130NE ULA\u015eILDI\"}]},{\"@type\":\"WebSite\",\"@id\":\"https:\\\/\\\/kibrisdakik.com\\\/#website\",\"url\":\"https:\\\/\\\/kibrisdakik.com\\\/\",\"name\":\"K\u0131br\u0131s Dakik\",\"description\":\"Tam vaktinde haber\",\"publisher\":{\"@id\":\"https:\\\/\\\/kibrisdakik.com\\\/#organization\"},\"potentialAction\":[{\"@type\":\"SearchAction\",\"target\":{\"@type\":\"EntryPoint\",\"urlTemplate\":\"https:\\\/\\\/kibrisdakik.com\\\/?s={search_term_string}\"},\"query-input\":{\"@type\":\"PropertyValueSpecification\",\"valueRequired\":true,\"valueName\":\"search_term_string\"}}],\"inLanguage\":\"tr\"},{\"@type\":\"Organization\",\"@id\":\"https:\\\/\\\/kibrisdakik.com\\\/#organization\",\"name\":\"K\u0131br\u0131s Dakik\",\"url\":\"https:\\\/\\\/kibrisdakik.com\\\/\",\"logo\":{\"@type\":\"ImageObject\",\"inLanguage\":\"tr\",\"@id\":\"https:\\\/\\\/kibrisdakik.com\\\/#\\\/schema\\\/logo\\\/image\\\/\",\"url\":\"https:\\\/\\\/kibrisdakik.com\\\/wp-content\\\/uploads\\\/2025\\\/10\\\/cropped-WhatsApp-Image-2025-10-02-at-12.58.31.jpeg\",\"contentUrl\":\"https:\\\/\\\/kibrisdakik.com\\\/wp-content\\\/uploads\\\/2025\\\/10\\\/cropped-WhatsApp-Image-2025-10-02-at-12.58.31.jpeg\",\"width\":1237,\"height\":190,\"caption\":\"K\u0131br\u0131s Dakik\"},\"image\":{\"@id\":\"https:\\\/\\\/kibrisdakik.com\\\/#\\\/schema\\\/logo\\\/image\\\/\"}},{\"@type\":\"Person\",\"@id\":\"https:\\\/\\\/kibrisdakik.com\\\/#\\\/schema\\\/person\\\/9cd9d437bbb44f72b73ba127e06d8e79\",\"name\":\"admin\",\"image\":{\"@type\":\"ImageObject\",\"inLanguage\":\"tr\",\"@id\":\"https:\\\/\\\/secure.gravatar.com\\\/avatar\\\/ccc17943b9d660506c869530f897617f7cb1c21a4bf30023f252596d83e1f007?s=96&d=mm&r=g\",\"url\":\"https:\\\/\\\/secure.gravatar.com\\\/avatar\\\/ccc17943b9d660506c869530f897617f7cb1c21a4bf30023f252596d83e1f007?s=96&d=mm&r=g\",\"contentUrl\":\"https:\\\/\\\/secure.gravatar.com\\\/avatar\\\/ccc17943b9d660506c869530f897617f7cb1c21a4bf30023f252596d83e1f007?s=96&d=mm&r=g\",\"caption\":\"admin\"},\"sameAs\":[\"https:\\\/\\\/kibrisdakik.com\"],\"url\":\"https:\\\/\\\/kibrisdakik.com\\\/?author=1\"}]}<\/script>\n<!-- \/ Yoast SEO plugin. -->","yoast_head_json":{"title":"GEM\u0130 FAC\u0130ASINDA B\u0130R K\u0130\u015e\u0130N\u0130N DAHA CANSIZ BEDEN\u0130NE ULA\u015eILDI -","robots":{"index":"index","follow":"follow","max-snippet":"max-snippet:-1","max-image-preview":"max-image-preview:large","max-video-preview":"max-video-preview:-1"},"canonical":"https:\/\/kibrisdakik.com\/?p=119962","og_locale":"tr_TR","og_type":"article","og_title":"GEM\u0130 FAC\u0130ASINDA B\u0130R K\u0130\u015e\u0130N\u0130N DAHA CANSIZ BEDEN\u0130NE ULA\u015eILDI -","og_description":"\u00dcstel: \u201cKim olursa olsun, sorumlulu\u011fu varsa hukuk \u00f6n\u00fcnde hesab\u0131n\u0131 verecektir\u201d Ba\u015fbakan \u00dcnal \u00dcstel ile T\u00fcrkiye Cumhuriyeti Cumhurba\u015fkan\u0131 Yard\u0131mc\u0131s\u0131 Cevdet Y\u0131lmaz, Girne a\u00e7\u0131klar\u0131nda meydana gelen gemi facias\u0131n\u0131n ard\u0131ndan ortak bas\u0131n toplant\u0131s\u0131 d\u00fczenledi. Ba\u015fbakan \u00dcnal \u00dcstel, Cevdet Y\u0131lmaz\u2019\u0131n K\u0131br\u0131s T\u00fcrk halk\u0131n\u0131n ya\u015fad\u0131\u011f\u0131 b\u00fcy\u00fck deniz felaketinin hemen ard\u0131ndan KKTC\u2019ye gelerek ac\u0131y\u0131 ve dayan\u0131\u015fmay\u0131 payla\u015ft\u0131\u011f\u0131n\u0131 belirterek, ziyaretin kendilerine g\u00fc\u00e7","og_url":"https:\/\/kibrisdakik.com\/?p=119962","article_published_time":"2026-09-03T17:20:53+00:00","og_image":[{"url":"https:\/\/mhahabercom.teimg.com\/mhahaber-com\/uploads\/2026\/09\/photo-2026-09-03-20-06-14-3.jpg","type":"","width":"","height":""}],"author":"admin","twitter_card":"summary_large_image","twitter_misc":{"Yazan:":"admin","Tahmini okuma s\u00fcresi":"5 dakika"},"schema":{"@context":"https:\/\/schema.org","@graph":[{"@type":"Article","@id":"https:\/\/kibrisdakik.com\/?p=119962#article","isPartOf":{"@id":"https:\/\/kibrisdakik.com\/?p=119962"},"author":{"name":"admin","@id":"https:\/\/kibrisdakik.com\/#\/schema\/person\/9cd9d437bbb44f72b73ba127e06d8e79"},"headline":"GEM\u0130 FAC\u0130ASINDA B\u0130R K\u0130\u015e\u0130N\u0130N DAHA CANSIZ BEDEN\u0130NE ULA\u015eILDI","datePublished":"2026-09-03T17:20:53+00:00","mainEntityOfPage":{"@id":"https:\/\/kibrisdakik.com\/?p=119962"},"wordCount":1054,"commentCount":0,"publisher":{"@id":"https:\/\/kibrisdakik.com\/#organization"},"image":{"@id":"https:\/\/kibrisdakik.com\/?p=119962#primaryimage"},"thumbnailUrl":"https:\/\/kibrisdakik.com\/wp-content\/uploads\/2026\/09\/m-h-a-m-h-a-633.png","articleSection":["K\u0131br\u0131s"],"inLanguage":"tr","potentialAction":[{"@type":"CommentAction","name":"Comment","target":["https:\/\/kibrisdakik.com\/?p=119962#respond"]}]},{"@type":"WebPage","@id":"https:\/\/kibrisdakik.com\/?p=119962","url":"https:\/\/kibrisdakik.com\/?p=119962","name":"GEM\u0130 FAC\u0130ASINDA B\u0130R K\u0130\u015e\u0130N\u0130N DAHA CANSIZ BEDEN\u0130NE ULA\u015eILDI -","isPartOf":{"@id":"https:\/\/kibrisdakik.com\/#website"},"primaryImageOfPage":{"@id":"https:\/\/kibrisdakik.com\/?p=119962#primaryimage"},"image":{"@id":"https:\/\/kibrisdakik.com\/?p=119962#primaryimage"},"thumbnailUrl":"https:\/\/kibrisdakik.com\/wp-content\/uploads\/2026\/09\/m-h-a-m-h-a-633.png","datePublished":"2026-09-03T17:20:53+00:00","breadcrumb":{"@id":"https:\/\/kibrisdakik.com\/?p=119962#breadcrumb"},"inLanguage":"tr","potentialAction":[{"@type":"ReadAction","target":["https:\/\/kibrisdakik.com\/?p=119962"]}]},{"@type":"ImageObject","inLanguage":"tr","@id":"https:\/\/kibrisdakik.com\/?p=119962#primaryimage","url":"https:\/\/kibrisdakik.com\/wp-content\/uploads\/2026\/09\/m-h-a-m-h-a-633.png","contentUrl":"https:\/\/kibrisdakik.com\/wp-content\/uploads\/2026\/09\/m-h-a-m-h-a-633.png","width":1280,"height":720},{"@type":"BreadcrumbList","@id":"https:\/\/kibrisdakik.com\/?p=119962#breadcrumb","itemListElement":[{"@type":"ListItem","position":1,"name":"Home","item":"https:\/\/kibrisdakik.com\/"},{"@type":"ListItem","position":2,"name":"GEM\u0130 FAC\u0130ASINDA B\u0130R K\u0130\u015e\u0130N\u0130N DAHA CANSIZ BEDEN\u0130NE ULA\u015eILDI"}]},{"@type":"WebSite","@id":"https:\/\/kibrisdakik.com\/#website","url":"https:\/\/kibrisdakik.com\/","name":"K\u0131br\u0131s Dakik","description":"Tam vaktinde haber","publisher":{"@id":"https:\/\/kibrisdakik.com\/#organization"},"potentialAction":[{"@type":"SearchAction","target":{"@type":"EntryPoint","urlTemplate":"https:\/\/kibrisdakik.com\/?s={search_term_string}"},"query-input":{"@type":"PropertyValueSpecification","valueRequired":true,"valueName":"search_term_string"}}],"inLanguage":"tr"},{"@type":"Organization","@id":"https:\/\/kibrisdakik.com\/#organization","name":"K\u0131br\u0131s Dakik","url":"https:\/\/kibrisdakik.com\/","logo":{"@type":"ImageObject","inLanguage":"tr","@id":"https:\/\/kibrisdakik.com\/#\/schema\/logo\/image\/","url":"https:\/\/kibrisdakik.com\/wp-content\/uploads\/2025\/10\/cropped-WhatsApp-Image-2025-10-02-at-12.58.31.jpeg","contentUrl":"https:\/\/kibrisdakik.com\/wp-content\/uploads\/2025\/10\/cropped-WhatsApp-Image-2025-10-02-at-12.58.31.jpeg","width":1237,"height":190,"caption":"K\u0131br\u0131s Dakik"},"image":{"@id":"https:\/\/kibrisdakik.com\/#\/schema\/logo\/image\/"}},{"@type":"Person","@id":"https:\/\/kibrisdakik.com\/#\/schema\/person\/9cd9d437bbb44f72b73ba127e06d8e79","name":"admin","image":{"@type":"ImageObject","inLanguage":"tr","@id":"https:\/\/secure.gravatar.com\/avatar\/ccc17943b9d660506c869530f897617f7cb1c21a4bf30023f252596d83e1f007?s=96&d=mm&r=g","url":"https:\/\/secure.gravatar.com\/avatar\/ccc17943b9d660506c869530f897617f7cb1c21a4bf30023f252596d83e1f007?s=96&d=mm&r=g","contentUrl":"https:\/\/secure.gravatar.com\/avatar\/ccc17943b9d660506c869530f897617f7cb1c21a4bf30023f252596d83e1f007?s=96&d=mm&r=g","caption":"admin"},"sameAs":["https:\/\/kibrisdakik.com"],"url":"https:\/\/kibrisdakik.com\/?author=1"}]}},"_links":{"self":[{"href":"https:\/\/kibrisdakik.com\/index.php?rest_route=\/wp\/v2\/posts\/119962","targetHints":{"allow":["GET"]}}],"collection":[{"href":"https:\/\/kibrisdakik.com\/index.php?rest_route=\/wp\/v2\/posts"}],"about":[{"href":"https:\/\/kibrisdakik.com\/index.php?rest_route=\/wp\/v2\/types\/post"}],"author":[{"embeddable":true,"href":"https:\/\/kibrisdakik.com\/index.php?rest_route=\/wp\/v2\/users\/1"}],"replies":[{"embeddable":true,"href":"https:\/\/kibrisdakik.com\/index.php?rest_route=%2Fwp%2Fv2%2Fcomments&post=119962"}],"version-history":[{"count":0,"href":"https:\/\/kibrisdakik.com\/index.php?rest_route=\/wp\/v2\/posts\/119962\/revisions"}],"wp:featuredmedia":[{"embeddable":true,"href":"https:\/\/kibrisdakik.com\/index.php?rest_route=\/wp\/v2\/media\/119963"}],"wp:attachment":[{"href":"https:\/\/kibrisdakik.com\/index.php?rest_route=%2Fwp%2Fv2%2Fmedia&parent=119962"}],"wp:term":[{"taxonomy":"category","embeddable":true,"href":"https:\/\/kibrisdakik.com\/index.php?rest_route=%2Fwp%2Fv2%2Fcategories&post=119962"},{"taxonomy":"post_tag","embeddable":true,"href":"https:\/\/kibrisdakik.com\/index.php?rest_route=%2Fwp%2Fv2%2Ftags&post=119962"}],"curies":[{"name":"wp","href":"https:\/\/api.w.org\/{rel}","templated":true}]}}