{"id":120000,"date":"2026-09-04T09:19:54","date_gmt":"2026-09-04T06:19:54","guid":{"rendered":"https:\/\/kibrisdakik.com\/?p=120000"},"modified":"2026-09-04T09:19:54","modified_gmt":"2026-09-04T06:19:54","slug":"elmas-demirin-aci-bekleyisi-sona-erdi","status":"publish","type":"post","link":"https:\/\/kibrisdakik.com\/?p=120000","title":{"rendered":"ELMAS DEM\u0130R\u2019\u0130N ACI BEKLEY\u0130\u015e\u0130 SONA ERD\u0130"},"content":{"rendered":"<p><\/p>\n<div data-text-id=\"207262\" property=\"articleBody\">\n<p>Ba\u015fbakan \u00dcnal \u00dcstel, T\u00fcrkiye Cumhuriyeti Cumhurba\u015fkan\u0131 Yard\u0131mc\u0131s\u0131 Cevdet Y\u0131lmaz\u2019\u0131n \u00fclkeden ayr\u0131lmas\u0131n\u0131n ard\u0131ndan Girne Liman\u0131\u2019nda bekleyen kay\u0131p yak\u0131nlar\u0131n\u0131n yan\u0131na giderek, bug\u00fcn enkazdan \u00e7\u0131kar\u0131lan naa\u015f hakk\u0131nda ailelere bilgi verdi. Enkazdan \u00e7\u0131kar\u0131lan naa\u015f\u0131n 50-55 ya\u015f\u0131nda bir kad\u0131na ait oldu\u011funu a\u00e7\u0131klarken, s\u00f6z konusu naa\u015f\u0131n aslen Mersinli olan ve Eski\u015fehir\u2019de ya\u015fam\u0131n\u0131 s\u00fcrd\u00fcren Elmas Demir\u2019e ait oldu\u011fu \u00f6\u011frenildi.<\/p>\n<p>Demir\u2019in g\u00fcnlerdir Girne Liman\u0131\u2019nda bekleyen g\u00f6z\u00fc ya\u015fl\u0131 kocas\u0131 ve T\u00fcrkiye\u2019de \u201cannemi bulun\u201d diye hayk\u0131ran 5 \u00e7ocu\u011funun ac\u0131 bekleyi\u015fi sona erdi.<\/p>\n<\/p><\/div>\n","protected":false},"excerpt":{"rendered":"<p>Ba\u015fbakan \u00dcnal \u00dcstel, T\u00fcrkiye Cumhuriyeti Cumhurba\u015fkan\u0131 Yard\u0131mc\u0131s\u0131 Cevdet Y\u0131lmaz\u2019\u0131n \u00fclkeden ayr\u0131lmas\u0131n\u0131n ard\u0131ndan Girne Liman\u0131\u2019nda bekleyen kay\u0131p yak\u0131nlar\u0131n\u0131n yan\u0131na giderek, bug\u00fcn enkazdan \u00e7\u0131kar\u0131lan naa\u015f hakk\u0131nda ailelere bilgi verdi. Enkazdan \u00e7\u0131kar\u0131lan naa\u015f\u0131n 50-55 ya\u015f\u0131nda bir kad\u0131na ait oldu\u011funu a\u00e7\u0131klarken, s\u00f6z konusu naa\u015f\u0131n aslen Mersinli olan ve Eski\u015fehir\u2019de ya\u015fam\u0131n\u0131 s\u00fcrd\u00fcren Elmas Demir\u2019e ait oldu\u011fu \u00f6\u011frenildi. Demir\u2019in g\u00fcnlerdir Girne<\/p>\n","protected":false},"author":1,"featured_media":120001,"comment_status":"open","ping_status":"open","sticky":false,"template":"","format":"standard","meta":{"footnotes":""},"categories":[81],"tags":[],"class_list":["post-120000","post","type-post","status-publish","format-standard","has-post-thumbnail","hentry","category-kibris"],"yoast_head":"<!-- This site is optimized with the Yoast SEO plugin v28.4 - https:\/\/yoast.com\/product\/yoast-seo-wordpress\/ -->\n<title>ELMAS DEM\u0130R\u2019\u0130N ACI BEKLEY\u0130\u015e\u0130 SONA ERD\u0130 -<\/title>\n<meta name=\"robots\" content=\"index, follow, max-snippet:-1, max-image-preview:large, max-video-preview:-1\" \/>\n<link rel=\"canonical\" href=\"https:\/\/kibrisdakik.com\/?p=120000\" \/>\n<meta property=\"og:locale\" content=\"tr_TR\" \/>\n<meta property=\"og:type\" content=\"article\" \/>\n<meta property=\"og:title\" content=\"ELMAS DEM\u0130R\u2019\u0130N ACI BEKLEY\u0130\u015e\u0130 SONA ERD\u0130 -\" \/>\n<meta property=\"og:description\" content=\"Ba\u015fbakan \u00dcnal \u00dcstel, T\u00fcrkiye Cumhuriyeti Cumhurba\u015fkan\u0131 Yard\u0131mc\u0131s\u0131 Cevdet Y\u0131lmaz\u2019\u0131n \u00fclkeden ayr\u0131lmas\u0131n\u0131n ard\u0131ndan Girne Liman\u0131\u2019nda bekleyen kay\u0131p yak\u0131nlar\u0131n\u0131n yan\u0131na giderek, bug\u00fcn enkazdan \u00e7\u0131kar\u0131lan naa\u015f hakk\u0131nda ailelere bilgi verdi. Enkazdan \u00e7\u0131kar\u0131lan naa\u015f\u0131n 50-55 ya\u015f\u0131nda bir kad\u0131na ait oldu\u011funu a\u00e7\u0131klarken, s\u00f6z konusu naa\u015f\u0131n aslen Mersinli olan ve Eski\u015fehir\u2019de ya\u015fam\u0131n\u0131 s\u00fcrd\u00fcren Elmas Demir\u2019e ait oldu\u011fu \u00f6\u011frenildi. Demir\u2019in g\u00fcnlerdir Girne\" \/>\n<meta property=\"og:url\" content=\"https:\/\/kibrisdakik.com\/?p=120000\" \/>\n<meta property=\"article:published_time\" content=\"2026-09-04T06:19:54+00:00\" \/>\n<meta property=\"og:image\" content=\"https:\/\/mhahabercom.teimg.com\/crop\/1280x720\/mhahaber-com\/uploads\/2026\/09\/m-h-a-m-h-a-634.png\" \/>\n<meta name=\"author\" content=\"admin\" \/>\n<meta name=\"twitter:card\" content=\"summary_large_image\" \/>\n<meta name=\"twitter:label1\" content=\"Yazan:\" \/>\n\t<meta name=\"twitter:data1\" content=\"admin\" \/>\n\t<meta name=\"twitter:label2\" content=\"Tahmini okuma s\u00fcresi\" \/>\n\t<meta name=\"twitter:data2\" content=\"1 dakika\" \/>\n<script type=\"application\/ld+json\" class=\"yoast-schema-graph\">{\"@context\":\"https:\\\/\\\/schema.org\",\"@graph\":[{\"@type\":\"Article\",\"@id\":\"https:\\\/\\\/kibrisdakik.com\\\/?p=120000#article\",\"isPartOf\":{\"@id\":\"https:\\\/\\\/kibrisdakik.com\\\/?p=120000\"},\"author\":{\"name\":\"admin\",\"@id\":\"https:\\\/\\\/kibrisdakik.com\\\/#\\\/schema\\\/person\\\/9cd9d437bbb44f72b73ba127e06d8e79\"},\"headline\":\"ELMAS DEM\u0130R\u2019\u0130N ACI BEKLEY\u0130\u015e\u0130 SONA ERD\u0130\",\"datePublished\":\"2026-09-04T06:19:54+00:00\",\"mainEntityOfPage\":{\"@id\":\"https:\\\/\\\/kibrisdakik.com\\\/?p=120000\"},\"wordCount\":125,\"commentCount\":0,\"publisher\":{\"@id\":\"https:\\\/\\\/kibrisdakik.com\\\/#organization\"},\"image\":{\"@id\":\"https:\\\/\\\/kibrisdakik.com\\\/?p=120000#primaryimage\"},\"thumbnailUrl\":\"https:\\\/\\\/kibrisdakik.com\\\/wp-content\\\/uploads\\\/2026\\\/09\\\/m-h-a-m-h-a-634.png\",\"articleSection\":[\"K\u0131br\u0131s\"],\"inLanguage\":\"tr\",\"potentialAction\":[{\"@type\":\"CommentAction\",\"name\":\"Comment\",\"target\":[\"https:\\\/\\\/kibrisdakik.com\\\/?p=120000#respond\"]}]},{\"@type\":\"WebPage\",\"@id\":\"https:\\\/\\\/kibrisdakik.com\\\/?p=120000\",\"url\":\"https:\\\/\\\/kibrisdakik.com\\\/?p=120000\",\"name\":\"ELMAS DEM\u0130R\u2019\u0130N ACI BEKLEY\u0130\u015e\u0130 SONA ERD\u0130 -\",\"isPartOf\":{\"@id\":\"https:\\\/\\\/kibrisdakik.com\\\/#website\"},\"primaryImageOfPage\":{\"@id\":\"https:\\\/\\\/kibrisdakik.com\\\/?p=120000#primaryimage\"},\"image\":{\"@id\":\"https:\\\/\\\/kibrisdakik.com\\\/?p=120000#primaryimage\"},\"thumbnailUrl\":\"https:\\\/\\\/kibrisdakik.com\\\/wp-content\\\/uploads\\\/2026\\\/09\\\/m-h-a-m-h-a-634.png\",\"datePublished\":\"2026-09-04T06:19:54+00:00\",\"breadcrumb\":{\"@id\":\"https:\\\/\\\/kibrisdakik.com\\\/?p=120000#breadcrumb\"},\"inLanguage\":\"tr\",\"potentialAction\":[{\"@type\":\"ReadAction\",\"target\":[\"https:\\\/\\\/kibrisdakik.com\\\/?p=120000\"]}]},{\"@type\":\"ImageObject\",\"inLanguage\":\"tr\",\"@id\":\"https:\\\/\\\/kibrisdakik.com\\\/?p=120000#primaryimage\",\"url\":\"https:\\\/\\\/kibrisdakik.com\\\/wp-content\\\/uploads\\\/2026\\\/09\\\/m-h-a-m-h-a-634.png\",\"contentUrl\":\"https:\\\/\\\/kibrisdakik.com\\\/wp-content\\\/uploads\\\/2026\\\/09\\\/m-h-a-m-h-a-634.png\",\"width\":1280,\"height\":720},{\"@type\":\"BreadcrumbList\",\"@id\":\"https:\\\/\\\/kibrisdakik.com\\\/?p=120000#breadcrumb\",\"itemListElement\":[{\"@type\":\"ListItem\",\"position\":1,\"name\":\"Home\",\"item\":\"https:\\\/\\\/kibrisdakik.com\\\/\"},{\"@type\":\"ListItem\",\"position\":2,\"name\":\"ELMAS DEM\u0130R\u2019\u0130N ACI BEKLEY\u0130\u015e\u0130 SONA ERD\u0130\"}]},{\"@type\":\"WebSite\",\"@id\":\"https:\\\/\\\/kibrisdakik.com\\\/#website\",\"url\":\"https:\\\/\\\/kibrisdakik.com\\\/\",\"name\":\"K\u0131br\u0131s Dakik\",\"description\":\"Tam vaktinde haber\",\"publisher\":{\"@id\":\"https:\\\/\\\/kibrisdakik.com\\\/#organization\"},\"potentialAction\":[{\"@type\":\"SearchAction\",\"target\":{\"@type\":\"EntryPoint\",\"urlTemplate\":\"https:\\\/\\\/kibrisdakik.com\\\/?s={search_term_string}\"},\"query-input\":{\"@type\":\"PropertyValueSpecification\",\"valueRequired\":true,\"valueName\":\"search_term_string\"}}],\"inLanguage\":\"tr\"},{\"@type\":\"Organization\",\"@id\":\"https:\\\/\\\/kibrisdakik.com\\\/#organization\",\"name\":\"K\u0131br\u0131s Dakik\",\"url\":\"https:\\\/\\\/kibrisdakik.com\\\/\",\"logo\":{\"@type\":\"ImageObject\",\"inLanguage\":\"tr\",\"@id\":\"https:\\\/\\\/kibrisdakik.com\\\/#\\\/schema\\\/logo\\\/image\\\/\",\"url\":\"https:\\\/\\\/kibrisdakik.com\\\/wp-content\\\/uploads\\\/2025\\\/10\\\/cropped-WhatsApp-Image-2025-10-02-at-12.58.31.jpeg\",\"contentUrl\":\"https:\\\/\\\/kibrisdakik.com\\\/wp-content\\\/uploads\\\/2025\\\/10\\\/cropped-WhatsApp-Image-2025-10-02-at-12.58.31.jpeg\",\"width\":1237,\"height\":190,\"caption\":\"K\u0131br\u0131s Dakik\"},\"image\":{\"@id\":\"https:\\\/\\\/kibrisdakik.com\\\/#\\\/schema\\\/logo\\\/image\\\/\"}},{\"@type\":\"Person\",\"@id\":\"https:\\\/\\\/kibrisdakik.com\\\/#\\\/schema\\\/person\\\/9cd9d437bbb44f72b73ba127e06d8e79\",\"name\":\"admin\",\"image\":{\"@type\":\"ImageObject\",\"inLanguage\":\"tr\",\"@id\":\"https:\\\/\\\/secure.gravatar.com\\\/avatar\\\/ccc17943b9d660506c869530f897617f7cb1c21a4bf30023f252596d83e1f007?s=96&d=mm&r=g\",\"url\":\"https:\\\/\\\/secure.gravatar.com\\\/avatar\\\/ccc17943b9d660506c869530f897617f7cb1c21a4bf30023f252596d83e1f007?s=96&d=mm&r=g\",\"contentUrl\":\"https:\\\/\\\/secure.gravatar.com\\\/avatar\\\/ccc17943b9d660506c869530f897617f7cb1c21a4bf30023f252596d83e1f007?s=96&d=mm&r=g\",\"caption\":\"admin\"},\"sameAs\":[\"https:\\\/\\\/kibrisdakik.com\"],\"url\":\"https:\\\/\\\/kibrisdakik.com\\\/?author=1\"}]}<\/script>\n<!-- \/ Yoast SEO plugin. -->","yoast_head_json":{"title":"ELMAS DEM\u0130R\u2019\u0130N ACI BEKLEY\u0130\u015e\u0130 SONA ERD\u0130 -","robots":{"index":"index","follow":"follow","max-snippet":"max-snippet:-1","max-image-preview":"max-image-preview:large","max-video-preview":"max-video-preview:-1"},"canonical":"https:\/\/kibrisdakik.com\/?p=120000","og_locale":"tr_TR","og_type":"article","og_title":"ELMAS DEM\u0130R\u2019\u0130N ACI BEKLEY\u0130\u015e\u0130 SONA ERD\u0130 -","og_description":"Ba\u015fbakan \u00dcnal \u00dcstel, T\u00fcrkiye Cumhuriyeti Cumhurba\u015fkan\u0131 Yard\u0131mc\u0131s\u0131 Cevdet Y\u0131lmaz\u2019\u0131n \u00fclkeden ayr\u0131lmas\u0131n\u0131n ard\u0131ndan Girne Liman\u0131\u2019nda bekleyen kay\u0131p yak\u0131nlar\u0131n\u0131n yan\u0131na giderek, bug\u00fcn enkazdan \u00e7\u0131kar\u0131lan naa\u015f hakk\u0131nda ailelere bilgi verdi. Enkazdan \u00e7\u0131kar\u0131lan naa\u015f\u0131n 50-55 ya\u015f\u0131nda bir kad\u0131na ait oldu\u011funu a\u00e7\u0131klarken, s\u00f6z konusu naa\u015f\u0131n aslen Mersinli olan ve Eski\u015fehir\u2019de ya\u015fam\u0131n\u0131 s\u00fcrd\u00fcren Elmas Demir\u2019e ait oldu\u011fu \u00f6\u011frenildi. Demir\u2019in g\u00fcnlerdir Girne","og_url":"https:\/\/kibrisdakik.com\/?p=120000","article_published_time":"2026-09-04T06:19:54+00:00","og_image":[{"url":"https:\/\/mhahabercom.teimg.com\/crop\/1280x720\/mhahaber-com\/uploads\/2026\/09\/m-h-a-m-h-a-634.png","type":"","width":"","height":""}],"author":"admin","twitter_card":"summary_large_image","twitter_misc":{"Yazan:":"admin","Tahmini okuma s\u00fcresi":"1 dakika"},"schema":{"@context":"https:\/\/schema.org","@graph":[{"@type":"Article","@id":"https:\/\/kibrisdakik.com\/?p=120000#article","isPartOf":{"@id":"https:\/\/kibrisdakik.com\/?p=120000"},"author":{"name":"admin","@id":"https:\/\/kibrisdakik.com\/#\/schema\/person\/9cd9d437bbb44f72b73ba127e06d8e79"},"headline":"ELMAS DEM\u0130R\u2019\u0130N ACI BEKLEY\u0130\u015e\u0130 SONA ERD\u0130","datePublished":"2026-09-04T06:19:54+00:00","mainEntityOfPage":{"@id":"https:\/\/kibrisdakik.com\/?p=120000"},"wordCount":125,"commentCount":0,"publisher":{"@id":"https:\/\/kibrisdakik.com\/#organization"},"image":{"@id":"https:\/\/kibrisdakik.com\/?p=120000#primaryimage"},"thumbnailUrl":"https:\/\/kibrisdakik.com\/wp-content\/uploads\/2026\/09\/m-h-a-m-h-a-634.png","articleSection":["K\u0131br\u0131s"],"inLanguage":"tr","potentialAction":[{"@type":"CommentAction","name":"Comment","target":["https:\/\/kibrisdakik.com\/?p=120000#respond"]}]},{"@type":"WebPage","@id":"https:\/\/kibrisdakik.com\/?p=120000","url":"https:\/\/kibrisdakik.com\/?p=120000","name":"ELMAS DEM\u0130R\u2019\u0130N ACI BEKLEY\u0130\u015e\u0130 SONA ERD\u0130 -","isPartOf":{"@id":"https:\/\/kibrisdakik.com\/#website"},"primaryImageOfPage":{"@id":"https:\/\/kibrisdakik.com\/?p=120000#primaryimage"},"image":{"@id":"https:\/\/kibrisdakik.com\/?p=120000#primaryimage"},"thumbnailUrl":"https:\/\/kibrisdakik.com\/wp-content\/uploads\/2026\/09\/m-h-a-m-h-a-634.png","datePublished":"2026-09-04T06:19:54+00:00","breadcrumb":{"@id":"https:\/\/kibrisdakik.com\/?p=120000#breadcrumb"},"inLanguage":"tr","potentialAction":[{"@type":"ReadAction","target":["https:\/\/kibrisdakik.com\/?p=120000"]}]},{"@type":"ImageObject","inLanguage":"tr","@id":"https:\/\/kibrisdakik.com\/?p=120000#primaryimage","url":"https:\/\/kibrisdakik.com\/wp-content\/uploads\/2026\/09\/m-h-a-m-h-a-634.png","contentUrl":"https:\/\/kibrisdakik.com\/wp-content\/uploads\/2026\/09\/m-h-a-m-h-a-634.png","width":1280,"height":720},{"@type":"BreadcrumbList","@id":"https:\/\/kibrisdakik.com\/?p=120000#breadcrumb","itemListElement":[{"@type":"ListItem","position":1,"name":"Home","item":"https:\/\/kibrisdakik.com\/"},{"@type":"ListItem","position":2,"name":"ELMAS DEM\u0130R\u2019\u0130N ACI BEKLEY\u0130\u015e\u0130 SONA ERD\u0130"}]},{"@type":"WebSite","@id":"https:\/\/kibrisdakik.com\/#website","url":"https:\/\/kibrisdakik.com\/","name":"K\u0131br\u0131s Dakik","description":"Tam vaktinde haber","publisher":{"@id":"https:\/\/kibrisdakik.com\/#organization"},"potentialAction":[{"@type":"SearchAction","target":{"@type":"EntryPoint","urlTemplate":"https:\/\/kibrisdakik.com\/?s={search_term_string}"},"query-input":{"@type":"PropertyValueSpecification","valueRequired":true,"valueName":"search_term_string"}}],"inLanguage":"tr"},{"@type":"Organization","@id":"https:\/\/kibrisdakik.com\/#organization","name":"K\u0131br\u0131s Dakik","url":"https:\/\/kibrisdakik.com\/","logo":{"@type":"ImageObject","inLanguage":"tr","@id":"https:\/\/kibrisdakik.com\/#\/schema\/logo\/image\/","url":"https:\/\/kibrisdakik.com\/wp-content\/uploads\/2025\/10\/cropped-WhatsApp-Image-2025-10-02-at-12.58.31.jpeg","contentUrl":"https:\/\/kibrisdakik.com\/wp-content\/uploads\/2025\/10\/cropped-WhatsApp-Image-2025-10-02-at-12.58.31.jpeg","width":1237,"height":190,"caption":"K\u0131br\u0131s Dakik"},"image":{"@id":"https:\/\/kibrisdakik.com\/#\/schema\/logo\/image\/"}},{"@type":"Person","@id":"https:\/\/kibrisdakik.com\/#\/schema\/person\/9cd9d437bbb44f72b73ba127e06d8e79","name":"admin","image":{"@type":"ImageObject","inLanguage":"tr","@id":"https:\/\/secure.gravatar.com\/avatar\/ccc17943b9d660506c869530f897617f7cb1c21a4bf30023f252596d83e1f007?s=96&d=mm&r=g","url":"https:\/\/secure.gravatar.com\/avatar\/ccc17943b9d660506c869530f897617f7cb1c21a4bf30023f252596d83e1f007?s=96&d=mm&r=g","contentUrl":"https:\/\/secure.gravatar.com\/avatar\/ccc17943b9d660506c869530f897617f7cb1c21a4bf30023f252596d83e1f007?s=96&d=mm&r=g","caption":"admin"},"sameAs":["https:\/\/kibrisdakik.com"],"url":"https:\/\/kibrisdakik.com\/?author=1"}]}},"_links":{"self":[{"href":"https:\/\/kibrisdakik.com\/index.php?rest_route=\/wp\/v2\/posts\/120000","targetHints":{"allow":["GET"]}}],"collection":[{"href":"https:\/\/kibrisdakik.com\/index.php?rest_route=\/wp\/v2\/posts"}],"about":[{"href":"https:\/\/kibrisdakik.com\/index.php?rest_route=\/wp\/v2\/types\/post"}],"author":[{"embeddable":true,"href":"https:\/\/kibrisdakik.com\/index.php?rest_route=\/wp\/v2\/users\/1"}],"replies":[{"embeddable":true,"href":"https:\/\/kibrisdakik.com\/index.php?rest_route=%2Fwp%2Fv2%2Fcomments&post=120000"}],"version-history":[{"count":0,"href":"https:\/\/kibrisdakik.com\/index.php?rest_route=\/wp\/v2\/posts\/120000\/revisions"}],"wp:featuredmedia":[{"embeddable":true,"href":"https:\/\/kibrisdakik.com\/index.php?rest_route=\/wp\/v2\/media\/120001"}],"wp:attachment":[{"href":"https:\/\/kibrisdakik.com\/index.php?rest_route=%2Fwp%2Fv2%2Fmedia&parent=120000"}],"wp:term":[{"taxonomy":"category","embeddable":true,"href":"https:\/\/kibrisdakik.com\/index.php?rest_route=%2Fwp%2Fv2%2Fcategories&post=120000"},{"taxonomy":"post_tag","embeddable":true,"href":"https:\/\/kibrisdakik.com\/index.php?rest_route=%2Fwp%2Fv2%2Ftags&post=120000"}],"curies":[{"name":"wp","href":"https:\/\/api.w.org\/{rel}","templated":true}]}}