{"id":120005,"date":"2026-09-04T09:35:53","date_gmt":"2026-09-04T06:35:53","guid":{"rendered":"https:\/\/kibrisdakik.com\/?p=120005"},"modified":"2026-09-04T09:35:53","modified_gmt":"2026-09-04T06:35:53","slug":"gemi-faciasinda-18-kayip-icin-arama-calismalari-suruyor","status":"publish","type":"post","link":"https:\/\/kibrisdakik.com\/?p=120005","title":{"rendered":"GEM\u0130 FAC\u0130ASINDA 18 KAYIP \u0130\u00c7\u0130N ARAMA \u00c7ALI\u015eMALARI S\u00dcR\u00dcYOR"},"content":{"rendered":"<p><\/p>\n<div data-text-id=\"207266\" property=\"articleBody\">\n<p>Girne-Ta\u015fucu seferi s\u0131ras\u0131nda alabora olan Filo Jet yolcu gemisinde kaybolan ki\u015fileri arama \u00e7al\u0131\u015fmalar\u0131, alt\u0131nc\u0131 g\u00fcn\u00fcnde devam ediyor. Kay\u0131p yak\u0131nlar\u0131 ise, Girne Turizm Liman\u0131 giri\u015finde kurulan \u00e7ad\u0131rlar\u0131n alt\u0131nda endi\u015feli bekleyi\u015flerini s\u00fcrd\u00fcr\u00fcyor.<\/p>\n<p>Bir ki\u015finin daha d\u00fcn naa\u015f\u0131na ula\u015f\u0131lmas\u0131yla faciada hayat\u0131n\u0131 kaybedenlerin say\u0131s\u0131 10\u2019a y\u00fckseldi, kay\u0131p 18 ki\u015fi ise aran\u0131yor.<\/p>\n<p>T\u00fcrk Deniz Kuvvetleri\u2019ne ait TCG I\u015f\u0131n ve TCG Alemdar gemilerinin kat\u0131l\u0131m\u0131yla arama kurtarma faaliyetleri devam ediyor. Yakla\u015f\u0131k 550 metre derinlikte bulunan gemi enkaz\u0131 \u00e7evresinde teknik ekipler ve sualt\u0131 sistemleriyle \u00e7al\u0131\u015fmalar y\u00fcr\u00fct\u00fcl\u00fcyor.<\/p>\n<p>Arama kurtarma \u00e7al\u0131\u015fmalar\u0131na T\u00fcrkiye ve KKTC\u2019ye ait askeri gemi ve botlar\u0131n yan\u0131 s\u0131ra T\u00fcrkiye\u2019den b\u00f6lgeye g\u00f6nderilen askeri u\u00e7ak, insans\u0131z hava ara\u00e7lar\u0131 (\u0130HA) ve helikopterler destek veriyor.<\/p>\n<p>&#8211; Cevdet Y\u0131lmaz\u2019dan taziye ziyareti<\/p>\n<p>T\u00fcrkiye Cumhurba\u015fkan\u0131 Yard\u0131mc\u0131s\u0131 Cevdet Y\u0131lmaz, gemi kazas\u0131 sebebiyle d\u00fcn KKTC\u2019ye taziye ziyaretinde bulundu.<\/p>\n<p>Kay\u0131plar\u0131n yak\u0131nlar\u0131yla g\u00f6r\u00fc\u015fen Y\u0131lmaz, Cumhurba\u015fkan\u0131 Tufan Erh\u00fcrman ile de bir araya geldi.<\/p>\n<p>Y\u0131lmaz, adadan ayr\u0131l\u0131rken Ercan Havaliman\u0131\u2019nda Ba\u015fbakan \u00dcnal \u00dcstel ile d\u00fczenledi\u011fi ortak bas\u0131n a\u00e7\u0131klamas\u0131nda bir ki\u015finin daha naa\u015f\u0131na ula\u015f\u0131ld\u0131\u011f\u0131n\u0131 a\u00e7\u0131klad\u0131.<\/p>\n<p>Hastanelerde tedavisi s\u00fcren iki ki\u015fi kald\u0131\u011f\u0131n\u0131 belirten Y\u0131lmaz, hayati tehlikelerinin olmad\u0131\u011f\u0131n\u0131 ifade etti.<\/p>\n<p>Ba\u015fbakan \u00dcnal \u00dcstel de, T\u00fcrkiye Cumhurba\u015fkan\u0131 Yard\u0131mc\u0131s\u0131 Y\u0131lmaz\u2019\u0131n K\u0131br\u0131s T\u00fcrk halk\u0131n\u0131n ya\u015fad\u0131\u011f\u0131 en b\u00fcy\u00fck ve ac\u0131 deniz felaketinin ard\u0131ndan KKTC\u2019ye gelerek K\u0131br\u0131s T\u00fcrk\u00fc ile dayan\u0131\u015fmas\u0131n\u0131 g\u00f6sterdi\u011fini ve ac\u0131s\u0131n\u0131 payla\u015ft\u0131\u011f\u0131n\u0131 belirtti.<\/p>\n<p>\u00dcstel, deniz facias\u0131yla ilgili kusuru, ihmali veya sorumlulu\u011fu olan kim olursa olsun hukuk \u00f6n\u00fcnde hesab\u0131n\u0131 verece\u011fini s\u00f6yledi.<\/p>\n<p>Baz\u0131 siyasi parti ve sendika ba\u015fkanlar\u0131 ile CHP heyeti de, d\u00fcn Girne\u2019de kay\u0131p yak\u0131nlar\u0131n\u0131 ziyaret etti.<\/p>\n<p>Halk\u0131n Partisi (HP) Genel Ba\u015fkan\u0131 Kudret \u00d6zersay da, bu sabah ailelerle bir araya geldi.<\/p>\n<p>&#8211; Seyir ve faaliyet k\u0131s\u0131tlamas\u0131<\/p>\n<p>Limanlar Dairesi M\u00fcd\u00fcrl\u00fc\u011f\u00fc, arama kurtarma \u00e7al\u0131\u015fmalar\u0131 nedeniyle d\u00fcn Kapl\u0131ca b\u00f6lgesinden Koru\u00e7am Burnu\u2019na kadar olan deniz sahas\u0131nda seyir ve faaliyet k\u0131s\u0131tlamas\u0131 uygulanaca\u011f\u0131n\u0131 a\u00e7\u0131klad\u0131.<\/p>\n<p>\u0130kinci bir emre kadar b\u00f6lgede su sporlar\u0131 faaliyetlerinin durduruldu\u011fu, tur teknelerinin faaliyetlerine s\u0131n\u0131rlama getirildi\u011fi, belirlenen arama kurtarma sahas\u0131nda tekne ve bal\u0131k\u00e7\u0131 teknelerinin seyir ve faaliyetlerinin yasakland\u0131\u011f\u0131, marina giri\u015f-\u00e7\u0131k\u0131\u015flar\u0131 i\u00e7in ise emniyetli ge\u00e7i\u015f rotas\u0131 olu\u015fturuldu.<\/p>\n<p>&#8211; Teknik rapor haz\u0131rlan\u0131yor<\/p>\n<p>T\u00fcrkiye Cumhuriyeti Ula\u015ft\u0131rma ve Altyap\u0131 Bakanl\u0131\u011f\u0131 Ula\u015f\u0131m Emniyeti \u0130nceleme Merkezi Ba\u015fkanl\u0131\u011f\u0131 Deniz Kazalar\u0131 \u0130nceleme Daire Ba\u015fkan\u0131 Durali \u0130\u015fler ve beraberindeki teknik heyet, \u00fclkeye gelerek Girne a\u00e7\u0131klar\u0131nda meydana gelen gemi kazas\u0131yla ilgili incelemelerine ba\u015flad\u0131.<\/p>\n<p>Ekip, kazayla ilgili ara\u015ft\u0131rma ve incelemelerde bulunarak kazaya kar\u0131\u015fan FiloJet adl\u0131 gemi hakk\u0131nda teknik bir rapor haz\u0131rlayacak.<\/p>\n<p>Gemiyle ilgili t\u00fcm belgeleri detayl\u0131 bir \u015fekilde inceleyecek ekibe, T\u00fcrk Loydu\u2019ndan uzmanlar\u0131n da kat\u0131laca\u011f\u0131 bildirildi.<\/p>\n<p>&#8211; Kurum ve kurulu\u015flardan ailelere destek<\/p>\n<p>Girne Belediyesi, b\u00f6lgedeki oteller, kurum, kurulu\u015f ve i\u015fletmeler liman \u00f6n\u00fcnde bekleyen ailelerin ihtiya\u00e7lar\u0131n\u0131n kar\u015f\u0131lanmas\u0131na destek veriyor. Ailelere g\u00fcn boyunca su ve yiyecek temin ediliyor.<\/p>\n<\/p><\/div>\n","protected":false},"excerpt":{"rendered":"<p>Girne-Ta\u015fucu seferi s\u0131ras\u0131nda alabora olan Filo Jet yolcu gemisinde kaybolan ki\u015fileri arama \u00e7al\u0131\u015fmalar\u0131, alt\u0131nc\u0131 g\u00fcn\u00fcnde devam ediyor. Kay\u0131p yak\u0131nlar\u0131 ise, Girne Turizm Liman\u0131 giri\u015finde kurulan \u00e7ad\u0131rlar\u0131n alt\u0131nda endi\u015feli bekleyi\u015flerini s\u00fcrd\u00fcr\u00fcyor. Bir ki\u015finin daha d\u00fcn naa\u015f\u0131na ula\u015f\u0131lmas\u0131yla faciada hayat\u0131n\u0131 kaybedenlerin say\u0131s\u0131 10\u2019a y\u00fckseldi, kay\u0131p 18 ki\u015fi ise aran\u0131yor. T\u00fcrk Deniz Kuvvetleri\u2019ne ait TCG I\u015f\u0131n ve TCG<\/p>\n","protected":false},"author":1,"featured_media":120006,"comment_status":"open","ping_status":"open","sticky":false,"template":"","format":"standard","meta":{"footnotes":""},"categories":[81],"tags":[],"class_list":["post-120005","post","type-post","status-publish","format-standard","has-post-thumbnail","hentry","category-kibris"],"yoast_head":"<!-- This site is optimized with the Yoast SEO plugin v28.4 - https:\/\/yoast.com\/product\/yoast-seo-wordpress\/ -->\n<title>GEM\u0130 FAC\u0130ASINDA 18 KAYIP \u0130\u00c7\u0130N ARAMA \u00c7ALI\u015eMALARI S\u00dcR\u00dcYOR -<\/title>\n<meta name=\"robots\" content=\"index, follow, max-snippet:-1, max-image-preview:large, max-video-preview:-1\" \/>\n<link rel=\"canonical\" href=\"https:\/\/kibrisdakik.com\/?p=120005\" \/>\n<meta property=\"og:locale\" content=\"tr_TR\" \/>\n<meta property=\"og:type\" content=\"article\" \/>\n<meta property=\"og:title\" content=\"GEM\u0130 FAC\u0130ASINDA 18 KAYIP \u0130\u00c7\u0130N ARAMA \u00c7ALI\u015eMALARI S\u00dcR\u00dcYOR -\" \/>\n<meta property=\"og:description\" content=\"Girne-Ta\u015fucu seferi s\u0131ras\u0131nda alabora olan Filo Jet yolcu gemisinde kaybolan ki\u015fileri arama \u00e7al\u0131\u015fmalar\u0131, alt\u0131nc\u0131 g\u00fcn\u00fcnde devam ediyor. Kay\u0131p yak\u0131nlar\u0131 ise, Girne Turizm Liman\u0131 giri\u015finde kurulan \u00e7ad\u0131rlar\u0131n alt\u0131nda endi\u015feli bekleyi\u015flerini s\u00fcrd\u00fcr\u00fcyor. Bir ki\u015finin daha d\u00fcn naa\u015f\u0131na ula\u015f\u0131lmas\u0131yla faciada hayat\u0131n\u0131 kaybedenlerin say\u0131s\u0131 10\u2019a y\u00fckseldi, kay\u0131p 18 ki\u015fi ise aran\u0131yor. T\u00fcrk Deniz Kuvvetleri\u2019ne ait TCG I\u015f\u0131n ve TCG\" \/>\n<meta property=\"og:url\" content=\"https:\/\/kibrisdakik.com\/?p=120005\" \/>\n<meta property=\"article:published_time\" content=\"2026-09-04T06:35:53+00:00\" \/>\n<meta property=\"og:image\" content=\"https:\/\/mhahabercom.teimg.com\/crop\/1280x720\/mhahaber-com\/uploads\/2026\/09\/mha-sari-beyaz-7728.png\" \/>\n<meta name=\"author\" content=\"admin\" \/>\n<meta name=\"twitter:card\" content=\"summary_large_image\" \/>\n<meta name=\"twitter:label1\" content=\"Yazan:\" \/>\n\t<meta name=\"twitter:data1\" content=\"admin\" \/>\n\t<meta name=\"twitter:label2\" content=\"Tahmini okuma s\u00fcresi\" \/>\n\t<meta name=\"twitter:data2\" content=\"3 dakika\" \/>\n<script type=\"application\/ld+json\" class=\"yoast-schema-graph\">{\"@context\":\"https:\\\/\\\/schema.org\",\"@graph\":[{\"@type\":\"Article\",\"@id\":\"https:\\\/\\\/kibrisdakik.com\\\/?p=120005#article\",\"isPartOf\":{\"@id\":\"https:\\\/\\\/kibrisdakik.com\\\/?p=120005\"},\"author\":{\"name\":\"admin\",\"@id\":\"https:\\\/\\\/kibrisdakik.com\\\/#\\\/schema\\\/person\\\/9cd9d437bbb44f72b73ba127e06d8e79\"},\"headline\":\"GEM\u0130 FAC\u0130ASINDA 18 KAYIP \u0130\u00c7\u0130N ARAMA \u00c7ALI\u015eMALARI S\u00dcR\u00dcYOR\",\"datePublished\":\"2026-09-04T06:35:53+00:00\",\"mainEntityOfPage\":{\"@id\":\"https:\\\/\\\/kibrisdakik.com\\\/?p=120005\"},\"wordCount\":607,\"commentCount\":0,\"publisher\":{\"@id\":\"https:\\\/\\\/kibrisdakik.com\\\/#organization\"},\"image\":{\"@id\":\"https:\\\/\\\/kibrisdakik.com\\\/?p=120005#primaryimage\"},\"thumbnailUrl\":\"https:\\\/\\\/kibrisdakik.com\\\/wp-content\\\/uploads\\\/2026\\\/09\\\/mha-sari-beyaz-7728.png\",\"articleSection\":[\"K\u0131br\u0131s\"],\"inLanguage\":\"tr\",\"potentialAction\":[{\"@type\":\"CommentAction\",\"name\":\"Comment\",\"target\":[\"https:\\\/\\\/kibrisdakik.com\\\/?p=120005#respond\"]}]},{\"@type\":\"WebPage\",\"@id\":\"https:\\\/\\\/kibrisdakik.com\\\/?p=120005\",\"url\":\"https:\\\/\\\/kibrisdakik.com\\\/?p=120005\",\"name\":\"GEM\u0130 FAC\u0130ASINDA 18 KAYIP \u0130\u00c7\u0130N ARAMA \u00c7ALI\u015eMALARI S\u00dcR\u00dcYOR -\",\"isPartOf\":{\"@id\":\"https:\\\/\\\/kibrisdakik.com\\\/#website\"},\"primaryImageOfPage\":{\"@id\":\"https:\\\/\\\/kibrisdakik.com\\\/?p=120005#primaryimage\"},\"image\":{\"@id\":\"https:\\\/\\\/kibrisdakik.com\\\/?p=120005#primaryimage\"},\"thumbnailUrl\":\"https:\\\/\\\/kibrisdakik.com\\\/wp-content\\\/uploads\\\/2026\\\/09\\\/mha-sari-beyaz-7728.png\",\"datePublished\":\"2026-09-04T06:35:53+00:00\",\"breadcrumb\":{\"@id\":\"https:\\\/\\\/kibrisdakik.com\\\/?p=120005#breadcrumb\"},\"inLanguage\":\"tr\",\"potentialAction\":[{\"@type\":\"ReadAction\",\"target\":[\"https:\\\/\\\/kibrisdakik.com\\\/?p=120005\"]}]},{\"@type\":\"ImageObject\",\"inLanguage\":\"tr\",\"@id\":\"https:\\\/\\\/kibrisdakik.com\\\/?p=120005#primaryimage\",\"url\":\"https:\\\/\\\/kibrisdakik.com\\\/wp-content\\\/uploads\\\/2026\\\/09\\\/mha-sari-beyaz-7728.png\",\"contentUrl\":\"https:\\\/\\\/kibrisdakik.com\\\/wp-content\\\/uploads\\\/2026\\\/09\\\/mha-sari-beyaz-7728.png\",\"width\":1280,\"height\":720},{\"@type\":\"BreadcrumbList\",\"@id\":\"https:\\\/\\\/kibrisdakik.com\\\/?p=120005#breadcrumb\",\"itemListElement\":[{\"@type\":\"ListItem\",\"position\":1,\"name\":\"Home\",\"item\":\"https:\\\/\\\/kibrisdakik.com\\\/\"},{\"@type\":\"ListItem\",\"position\":2,\"name\":\"GEM\u0130 FAC\u0130ASINDA 18 KAYIP \u0130\u00c7\u0130N ARAMA \u00c7ALI\u015eMALARI S\u00dcR\u00dcYOR\"}]},{\"@type\":\"WebSite\",\"@id\":\"https:\\\/\\\/kibrisdakik.com\\\/#website\",\"url\":\"https:\\\/\\\/kibrisdakik.com\\\/\",\"name\":\"K\u0131br\u0131s Dakik\",\"description\":\"Tam vaktinde haber\",\"publisher\":{\"@id\":\"https:\\\/\\\/kibrisdakik.com\\\/#organization\"},\"potentialAction\":[{\"@type\":\"SearchAction\",\"target\":{\"@type\":\"EntryPoint\",\"urlTemplate\":\"https:\\\/\\\/kibrisdakik.com\\\/?s={search_term_string}\"},\"query-input\":{\"@type\":\"PropertyValueSpecification\",\"valueRequired\":true,\"valueName\":\"search_term_string\"}}],\"inLanguage\":\"tr\"},{\"@type\":\"Organization\",\"@id\":\"https:\\\/\\\/kibrisdakik.com\\\/#organization\",\"name\":\"K\u0131br\u0131s Dakik\",\"url\":\"https:\\\/\\\/kibrisdakik.com\\\/\",\"logo\":{\"@type\":\"ImageObject\",\"inLanguage\":\"tr\",\"@id\":\"https:\\\/\\\/kibrisdakik.com\\\/#\\\/schema\\\/logo\\\/image\\\/\",\"url\":\"https:\\\/\\\/kibrisdakik.com\\\/wp-content\\\/uploads\\\/2025\\\/10\\\/cropped-WhatsApp-Image-2025-10-02-at-12.58.31.jpeg\",\"contentUrl\":\"https:\\\/\\\/kibrisdakik.com\\\/wp-content\\\/uploads\\\/2025\\\/10\\\/cropped-WhatsApp-Image-2025-10-02-at-12.58.31.jpeg\",\"width\":1237,\"height\":190,\"caption\":\"K\u0131br\u0131s Dakik\"},\"image\":{\"@id\":\"https:\\\/\\\/kibrisdakik.com\\\/#\\\/schema\\\/logo\\\/image\\\/\"}},{\"@type\":\"Person\",\"@id\":\"https:\\\/\\\/kibrisdakik.com\\\/#\\\/schema\\\/person\\\/9cd9d437bbb44f72b73ba127e06d8e79\",\"name\":\"admin\",\"image\":{\"@type\":\"ImageObject\",\"inLanguage\":\"tr\",\"@id\":\"https:\\\/\\\/secure.gravatar.com\\\/avatar\\\/ccc17943b9d660506c869530f897617f7cb1c21a4bf30023f252596d83e1f007?s=96&d=mm&r=g\",\"url\":\"https:\\\/\\\/secure.gravatar.com\\\/avatar\\\/ccc17943b9d660506c869530f897617f7cb1c21a4bf30023f252596d83e1f007?s=96&d=mm&r=g\",\"contentUrl\":\"https:\\\/\\\/secure.gravatar.com\\\/avatar\\\/ccc17943b9d660506c869530f897617f7cb1c21a4bf30023f252596d83e1f007?s=96&d=mm&r=g\",\"caption\":\"admin\"},\"sameAs\":[\"https:\\\/\\\/kibrisdakik.com\"],\"url\":\"https:\\\/\\\/kibrisdakik.com\\\/?author=1\"}]}<\/script>\n<!-- \/ Yoast SEO plugin. -->","yoast_head_json":{"title":"GEM\u0130 FAC\u0130ASINDA 18 KAYIP \u0130\u00c7\u0130N ARAMA \u00c7ALI\u015eMALARI S\u00dcR\u00dcYOR -","robots":{"index":"index","follow":"follow","max-snippet":"max-snippet:-1","max-image-preview":"max-image-preview:large","max-video-preview":"max-video-preview:-1"},"canonical":"https:\/\/kibrisdakik.com\/?p=120005","og_locale":"tr_TR","og_type":"article","og_title":"GEM\u0130 FAC\u0130ASINDA 18 KAYIP \u0130\u00c7\u0130N ARAMA \u00c7ALI\u015eMALARI S\u00dcR\u00dcYOR -","og_description":"Girne-Ta\u015fucu seferi s\u0131ras\u0131nda alabora olan Filo Jet yolcu gemisinde kaybolan ki\u015fileri arama \u00e7al\u0131\u015fmalar\u0131, alt\u0131nc\u0131 g\u00fcn\u00fcnde devam ediyor. Kay\u0131p yak\u0131nlar\u0131 ise, Girne Turizm Liman\u0131 giri\u015finde kurulan \u00e7ad\u0131rlar\u0131n alt\u0131nda endi\u015feli bekleyi\u015flerini s\u00fcrd\u00fcr\u00fcyor. Bir ki\u015finin daha d\u00fcn naa\u015f\u0131na ula\u015f\u0131lmas\u0131yla faciada hayat\u0131n\u0131 kaybedenlerin say\u0131s\u0131 10\u2019a y\u00fckseldi, kay\u0131p 18 ki\u015fi ise aran\u0131yor. T\u00fcrk Deniz Kuvvetleri\u2019ne ait TCG I\u015f\u0131n ve TCG","og_url":"https:\/\/kibrisdakik.com\/?p=120005","article_published_time":"2026-09-04T06:35:53+00:00","og_image":[{"url":"https:\/\/mhahabercom.teimg.com\/crop\/1280x720\/mhahaber-com\/uploads\/2026\/09\/mha-sari-beyaz-7728.png","type":"","width":"","height":""}],"author":"admin","twitter_card":"summary_large_image","twitter_misc":{"Yazan:":"admin","Tahmini okuma s\u00fcresi":"3 dakika"},"schema":{"@context":"https:\/\/schema.org","@graph":[{"@type":"Article","@id":"https:\/\/kibrisdakik.com\/?p=120005#article","isPartOf":{"@id":"https:\/\/kibrisdakik.com\/?p=120005"},"author":{"name":"admin","@id":"https:\/\/kibrisdakik.com\/#\/schema\/person\/9cd9d437bbb44f72b73ba127e06d8e79"},"headline":"GEM\u0130 FAC\u0130ASINDA 18 KAYIP \u0130\u00c7\u0130N ARAMA \u00c7ALI\u015eMALARI S\u00dcR\u00dcYOR","datePublished":"2026-09-04T06:35:53+00:00","mainEntityOfPage":{"@id":"https:\/\/kibrisdakik.com\/?p=120005"},"wordCount":607,"commentCount":0,"publisher":{"@id":"https:\/\/kibrisdakik.com\/#organization"},"image":{"@id":"https:\/\/kibrisdakik.com\/?p=120005#primaryimage"},"thumbnailUrl":"https:\/\/kibrisdakik.com\/wp-content\/uploads\/2026\/09\/mha-sari-beyaz-7728.png","articleSection":["K\u0131br\u0131s"],"inLanguage":"tr","potentialAction":[{"@type":"CommentAction","name":"Comment","target":["https:\/\/kibrisdakik.com\/?p=120005#respond"]}]},{"@type":"WebPage","@id":"https:\/\/kibrisdakik.com\/?p=120005","url":"https:\/\/kibrisdakik.com\/?p=120005","name":"GEM\u0130 FAC\u0130ASINDA 18 KAYIP \u0130\u00c7\u0130N ARAMA \u00c7ALI\u015eMALARI S\u00dcR\u00dcYOR -","isPartOf":{"@id":"https:\/\/kibrisdakik.com\/#website"},"primaryImageOfPage":{"@id":"https:\/\/kibrisdakik.com\/?p=120005#primaryimage"},"image":{"@id":"https:\/\/kibrisdakik.com\/?p=120005#primaryimage"},"thumbnailUrl":"https:\/\/kibrisdakik.com\/wp-content\/uploads\/2026\/09\/mha-sari-beyaz-7728.png","datePublished":"2026-09-04T06:35:53+00:00","breadcrumb":{"@id":"https:\/\/kibrisdakik.com\/?p=120005#breadcrumb"},"inLanguage":"tr","potentialAction":[{"@type":"ReadAction","target":["https:\/\/kibrisdakik.com\/?p=120005"]}]},{"@type":"ImageObject","inLanguage":"tr","@id":"https:\/\/kibrisdakik.com\/?p=120005#primaryimage","url":"https:\/\/kibrisdakik.com\/wp-content\/uploads\/2026\/09\/mha-sari-beyaz-7728.png","contentUrl":"https:\/\/kibrisdakik.com\/wp-content\/uploads\/2026\/09\/mha-sari-beyaz-7728.png","width":1280,"height":720},{"@type":"BreadcrumbList","@id":"https:\/\/kibrisdakik.com\/?p=120005#breadcrumb","itemListElement":[{"@type":"ListItem","position":1,"name":"Home","item":"https:\/\/kibrisdakik.com\/"},{"@type":"ListItem","position":2,"name":"GEM\u0130 FAC\u0130ASINDA 18 KAYIP \u0130\u00c7\u0130N ARAMA \u00c7ALI\u015eMALARI S\u00dcR\u00dcYOR"}]},{"@type":"WebSite","@id":"https:\/\/kibrisdakik.com\/#website","url":"https:\/\/kibrisdakik.com\/","name":"K\u0131br\u0131s Dakik","description":"Tam vaktinde haber","publisher":{"@id":"https:\/\/kibrisdakik.com\/#organization"},"potentialAction":[{"@type":"SearchAction","target":{"@type":"EntryPoint","urlTemplate":"https:\/\/kibrisdakik.com\/?s={search_term_string}"},"query-input":{"@type":"PropertyValueSpecification","valueRequired":true,"valueName":"search_term_string"}}],"inLanguage":"tr"},{"@type":"Organization","@id":"https:\/\/kibrisdakik.com\/#organization","name":"K\u0131br\u0131s Dakik","url":"https:\/\/kibrisdakik.com\/","logo":{"@type":"ImageObject","inLanguage":"tr","@id":"https:\/\/kibrisdakik.com\/#\/schema\/logo\/image\/","url":"https:\/\/kibrisdakik.com\/wp-content\/uploads\/2025\/10\/cropped-WhatsApp-Image-2025-10-02-at-12.58.31.jpeg","contentUrl":"https:\/\/kibrisdakik.com\/wp-content\/uploads\/2025\/10\/cropped-WhatsApp-Image-2025-10-02-at-12.58.31.jpeg","width":1237,"height":190,"caption":"K\u0131br\u0131s Dakik"},"image":{"@id":"https:\/\/kibrisdakik.com\/#\/schema\/logo\/image\/"}},{"@type":"Person","@id":"https:\/\/kibrisdakik.com\/#\/schema\/person\/9cd9d437bbb44f72b73ba127e06d8e79","name":"admin","image":{"@type":"ImageObject","inLanguage":"tr","@id":"https:\/\/secure.gravatar.com\/avatar\/ccc17943b9d660506c869530f897617f7cb1c21a4bf30023f252596d83e1f007?s=96&d=mm&r=g","url":"https:\/\/secure.gravatar.com\/avatar\/ccc17943b9d660506c869530f897617f7cb1c21a4bf30023f252596d83e1f007?s=96&d=mm&r=g","contentUrl":"https:\/\/secure.gravatar.com\/avatar\/ccc17943b9d660506c869530f897617f7cb1c21a4bf30023f252596d83e1f007?s=96&d=mm&r=g","caption":"admin"},"sameAs":["https:\/\/kibrisdakik.com"],"url":"https:\/\/kibrisdakik.com\/?author=1"}]}},"_links":{"self":[{"href":"https:\/\/kibrisdakik.com\/index.php?rest_route=\/wp\/v2\/posts\/120005","targetHints":{"allow":["GET"]}}],"collection":[{"href":"https:\/\/kibrisdakik.com\/index.php?rest_route=\/wp\/v2\/posts"}],"about":[{"href":"https:\/\/kibrisdakik.com\/index.php?rest_route=\/wp\/v2\/types\/post"}],"author":[{"embeddable":true,"href":"https:\/\/kibrisdakik.com\/index.php?rest_route=\/wp\/v2\/users\/1"}],"replies":[{"embeddable":true,"href":"https:\/\/kibrisdakik.com\/index.php?rest_route=%2Fwp%2Fv2%2Fcomments&post=120005"}],"version-history":[{"count":0,"href":"https:\/\/kibrisdakik.com\/index.php?rest_route=\/wp\/v2\/posts\/120005\/revisions"}],"wp:featuredmedia":[{"embeddable":true,"href":"https:\/\/kibrisdakik.com\/index.php?rest_route=\/wp\/v2\/media\/120006"}],"wp:attachment":[{"href":"https:\/\/kibrisdakik.com\/index.php?rest_route=%2Fwp%2Fv2%2Fmedia&parent=120005"}],"wp:term":[{"taxonomy":"category","embeddable":true,"href":"https:\/\/kibrisdakik.com\/index.php?rest_route=%2Fwp%2Fv2%2Fcategories&post=120005"},{"taxonomy":"post_tag","embeddable":true,"href":"https:\/\/kibrisdakik.com\/index.php?rest_route=%2Fwp%2Fv2%2Ftags&post=120005"}],"curies":[{"name":"wp","href":"https:\/\/api.w.org\/{rel}","templated":true}]}}