{"id":120011,"date":"2026-09-04T09:49:58","date_gmt":"2026-09-04T06:49:58","guid":{"rendered":"https:\/\/kibrisdakik.com\/?p=120011"},"modified":"2026-09-04T09:49:58","modified_gmt":"2026-09-04T06:49:58","slug":"meteorolojiden-sicak-hava-ve-sis-uyarisi","status":"publish","type":"post","link":"https:\/\/kibrisdakik.com\/?p=120011","title":{"rendered":"METEOROLOJ\u0130DEN SICAK HAVA VE S\u0130S UYARISI"},"content":{"rendered":"<p><\/p>\n<div data-text-id=\"207268\" property=\"articleBody\">\n<p>Meteoroloji Dairesi, 3-9 Eyl\u00fcl tarihlerini kapsayan hava tahmin raporunu yay\u0131mlad\u0131. Rapora g\u00f6re, \u00f6n\u00fcm\u00fczdeki g\u00fcnlerde havan\u0131n genellikle a\u00e7\u0131k ve az bulutlu olmas\u0131 bekleniyor. Yar\u0131n \u00f6\u011fle saatlerinde ise baz\u0131 b\u00f6lgelerde k\u0131sa s\u00fcreli sa\u011fanak ya\u011f\u0131\u015f g\u00f6r\u00fclebilece\u011fi tahmin ediliyor.<\/p>\n<p><strong>Bug\u00fcn ve pazar sabah\u0131 sis bekleniyor<\/strong><\/p>\n<p>Meteoroloji Dairesi, bug\u00fcn ve pazar sabah\u0131 saatlerinde baz\u0131 b\u00f6lgelerde yer yer sis olu\u015fabilece\u011fi uyar\u0131s\u0131nda bulundu.<\/p>\n<p><strong>S\u0131cakl\u0131k 38 dereceye kadar \u00e7\u0131kacak<\/strong><\/p>\n<p>Tahmin periyodu boyunca en y\u00fcksek hava s\u0131cakl\u0131\u011f\u0131n\u0131n i\u00e7 kesimlerde 35-38, sahillerde 31-34, da\u011fl\u0131k b\u00f6lgelerde ise 28-31 derece civar\u0131nda seyretmesi bekleniyor.<\/p>\n<p>Gece s\u0131cakl\u0131klar\u0131n\u0131n ise i\u00e7 kesimlerde 19-21, sahillerde 23-26, da\u011fl\u0131k b\u00f6lgelerde 17-21 derece dolaylar\u0131nda olaca\u011f\u0131 tahmin ediliyor.<\/p>\n<p><strong>R\u00fczg\u00e2r zaman zaman kuvvetli esecek<\/strong><\/p>\n<p>R\u00fczg\u00e2r\u0131n tahmin periyodunun ilk g\u00fcnlerinde g\u00fcney ve bat\u0131, di\u011fer g\u00fcnlerde ise kuzey ve bat\u0131 y\u00f6nlerden orta kuvvette, zaman zaman kuvvetli esmesi bekleniyor.<\/p>\n<\/p><\/div>\n","protected":false},"excerpt":{"rendered":"<p>Meteoroloji Dairesi, 3-9 Eyl\u00fcl tarihlerini kapsayan hava tahmin raporunu yay\u0131mlad\u0131. Rapora g\u00f6re, \u00f6n\u00fcm\u00fczdeki g\u00fcnlerde havan\u0131n genellikle a\u00e7\u0131k ve az bulutlu olmas\u0131 bekleniyor. Yar\u0131n \u00f6\u011fle saatlerinde ise baz\u0131 b\u00f6lgelerde k\u0131sa s\u00fcreli sa\u011fanak ya\u011f\u0131\u015f g\u00f6r\u00fclebilece\u011fi tahmin ediliyor. Bug\u00fcn ve pazar sabah\u0131 sis bekleniyor Meteoroloji Dairesi, bug\u00fcn ve pazar sabah\u0131 saatlerinde baz\u0131 b\u00f6lgelerde yer yer sis olu\u015fabilece\u011fi uyar\u0131s\u0131nda<\/p>\n","protected":false},"author":1,"featured_media":96398,"comment_status":"open","ping_status":"open","sticky":false,"template":"","format":"standard","meta":{"footnotes":""},"categories":[81],"tags":[],"class_list":["post-120011","post","type-post","status-publish","format-standard","has-post-thumbnail","hentry","category-kibris"],"yoast_head":"<!-- This site is optimized with the Yoast SEO plugin v28.4 - https:\/\/yoast.com\/product\/yoast-seo-wordpress\/ -->\n<title>METEOROLOJ\u0130DEN SICAK HAVA VE S\u0130S UYARISI -<\/title>\n<meta name=\"robots\" content=\"index, follow, max-snippet:-1, max-image-preview:large, max-video-preview:-1\" \/>\n<link rel=\"canonical\" href=\"https:\/\/kibrisdakik.com\/?p=120011\" \/>\n<meta property=\"og:locale\" content=\"tr_TR\" \/>\n<meta property=\"og:type\" content=\"article\" \/>\n<meta property=\"og:title\" content=\"METEOROLOJ\u0130DEN SICAK HAVA VE S\u0130S UYARISI -\" \/>\n<meta property=\"og:description\" content=\"Meteoroloji Dairesi, 3-9 Eyl\u00fcl tarihlerini kapsayan hava tahmin raporunu yay\u0131mlad\u0131. Rapora g\u00f6re, \u00f6n\u00fcm\u00fczdeki g\u00fcnlerde havan\u0131n genellikle a\u00e7\u0131k ve az bulutlu olmas\u0131 bekleniyor. Yar\u0131n \u00f6\u011fle saatlerinde ise baz\u0131 b\u00f6lgelerde k\u0131sa s\u00fcreli sa\u011fanak ya\u011f\u0131\u015f g\u00f6r\u00fclebilece\u011fi tahmin ediliyor. Bug\u00fcn ve pazar sabah\u0131 sis bekleniyor Meteoroloji Dairesi, bug\u00fcn ve pazar sabah\u0131 saatlerinde baz\u0131 b\u00f6lgelerde yer yer sis olu\u015fabilece\u011fi uyar\u0131s\u0131nda\" \/>\n<meta property=\"og:url\" content=\"https:\/\/kibrisdakik.com\/?p=120011\" \/>\n<meta property=\"article:published_time\" content=\"2026-09-04T06:49:58+00:00\" \/>\n<meta property=\"og:image\" content=\"https:\/\/mhahabercom.teimg.com\/crop\/1280x720\/mhahaber-com\/uploads\/2025\/06\/mansetler\/untitled-1.png\" \/>\n<meta name=\"author\" content=\"admin\" \/>\n<meta name=\"twitter:card\" content=\"summary_large_image\" \/>\n<meta name=\"twitter:label1\" content=\"Yazan:\" \/>\n\t<meta name=\"twitter:data1\" content=\"admin\" \/>\n\t<meta name=\"twitter:label2\" content=\"Tahmini okuma s\u00fcresi\" \/>\n\t<meta name=\"twitter:data2\" content=\"1 dakika\" \/>\n<script type=\"application\/ld+json\" class=\"yoast-schema-graph\">{\"@context\":\"https:\\\/\\\/schema.org\",\"@graph\":[{\"@type\":\"Article\",\"@id\":\"https:\\\/\\\/kibrisdakik.com\\\/?p=120011#article\",\"isPartOf\":{\"@id\":\"https:\\\/\\\/kibrisdakik.com\\\/?p=120011\"},\"author\":{\"name\":\"admin\",\"@id\":\"https:\\\/\\\/kibrisdakik.com\\\/#\\\/schema\\\/person\\\/9cd9d437bbb44f72b73ba127e06d8e79\"},\"headline\":\"METEOROLOJ\u0130DEN SICAK HAVA VE S\u0130S UYARISI\",\"datePublished\":\"2026-09-04T06:49:58+00:00\",\"mainEntityOfPage\":{\"@id\":\"https:\\\/\\\/kibrisdakik.com\\\/?p=120011\"},\"wordCount\":182,\"commentCount\":0,\"publisher\":{\"@id\":\"https:\\\/\\\/kibrisdakik.com\\\/#organization\"},\"image\":{\"@id\":\"https:\\\/\\\/kibrisdakik.com\\\/?p=120011#primaryimage\"},\"thumbnailUrl\":\"https:\\\/\\\/kibrisdakik.com\\\/wp-content\\\/uploads\\\/2025\\\/10\\\/untitled-1.png\",\"articleSection\":[\"K\u0131br\u0131s\"],\"inLanguage\":\"tr\",\"potentialAction\":[{\"@type\":\"CommentAction\",\"name\":\"Comment\",\"target\":[\"https:\\\/\\\/kibrisdakik.com\\\/?p=120011#respond\"]}]},{\"@type\":\"WebPage\",\"@id\":\"https:\\\/\\\/kibrisdakik.com\\\/?p=120011\",\"url\":\"https:\\\/\\\/kibrisdakik.com\\\/?p=120011\",\"name\":\"METEOROLOJ\u0130DEN SICAK HAVA VE S\u0130S UYARISI -\",\"isPartOf\":{\"@id\":\"https:\\\/\\\/kibrisdakik.com\\\/#website\"},\"primaryImageOfPage\":{\"@id\":\"https:\\\/\\\/kibrisdakik.com\\\/?p=120011#primaryimage\"},\"image\":{\"@id\":\"https:\\\/\\\/kibrisdakik.com\\\/?p=120011#primaryimage\"},\"thumbnailUrl\":\"https:\\\/\\\/kibrisdakik.com\\\/wp-content\\\/uploads\\\/2025\\\/10\\\/untitled-1.png\",\"datePublished\":\"2026-09-04T06:49:58+00:00\",\"breadcrumb\":{\"@id\":\"https:\\\/\\\/kibrisdakik.com\\\/?p=120011#breadcrumb\"},\"inLanguage\":\"tr\",\"potentialAction\":[{\"@type\":\"ReadAction\",\"target\":[\"https:\\\/\\\/kibrisdakik.com\\\/?p=120011\"]}]},{\"@type\":\"ImageObject\",\"inLanguage\":\"tr\",\"@id\":\"https:\\\/\\\/kibrisdakik.com\\\/?p=120011#primaryimage\",\"url\":\"https:\\\/\\\/kibrisdakik.com\\\/wp-content\\\/uploads\\\/2025\\\/10\\\/untitled-1.png\",\"contentUrl\":\"https:\\\/\\\/kibrisdakik.com\\\/wp-content\\\/uploads\\\/2025\\\/10\\\/untitled-1.png\",\"width\":1280,\"height\":720},{\"@type\":\"BreadcrumbList\",\"@id\":\"https:\\\/\\\/kibrisdakik.com\\\/?p=120011#breadcrumb\",\"itemListElement\":[{\"@type\":\"ListItem\",\"position\":1,\"name\":\"Home\",\"item\":\"https:\\\/\\\/kibrisdakik.com\\\/\"},{\"@type\":\"ListItem\",\"position\":2,\"name\":\"METEOROLOJ\u0130DEN SICAK HAVA VE S\u0130S UYARISI\"}]},{\"@type\":\"WebSite\",\"@id\":\"https:\\\/\\\/kibrisdakik.com\\\/#website\",\"url\":\"https:\\\/\\\/kibrisdakik.com\\\/\",\"name\":\"K\u0131br\u0131s Dakik\",\"description\":\"Tam vaktinde haber\",\"publisher\":{\"@id\":\"https:\\\/\\\/kibrisdakik.com\\\/#organization\"},\"potentialAction\":[{\"@type\":\"SearchAction\",\"target\":{\"@type\":\"EntryPoint\",\"urlTemplate\":\"https:\\\/\\\/kibrisdakik.com\\\/?s={search_term_string}\"},\"query-input\":{\"@type\":\"PropertyValueSpecification\",\"valueRequired\":true,\"valueName\":\"search_term_string\"}}],\"inLanguage\":\"tr\"},{\"@type\":\"Organization\",\"@id\":\"https:\\\/\\\/kibrisdakik.com\\\/#organization\",\"name\":\"K\u0131br\u0131s Dakik\",\"url\":\"https:\\\/\\\/kibrisdakik.com\\\/\",\"logo\":{\"@type\":\"ImageObject\",\"inLanguage\":\"tr\",\"@id\":\"https:\\\/\\\/kibrisdakik.com\\\/#\\\/schema\\\/logo\\\/image\\\/\",\"url\":\"https:\\\/\\\/kibrisdakik.com\\\/wp-content\\\/uploads\\\/2025\\\/10\\\/cropped-WhatsApp-Image-2025-10-02-at-12.58.31.jpeg\",\"contentUrl\":\"https:\\\/\\\/kibrisdakik.com\\\/wp-content\\\/uploads\\\/2025\\\/10\\\/cropped-WhatsApp-Image-2025-10-02-at-12.58.31.jpeg\",\"width\":1237,\"height\":190,\"caption\":\"K\u0131br\u0131s Dakik\"},\"image\":{\"@id\":\"https:\\\/\\\/kibrisdakik.com\\\/#\\\/schema\\\/logo\\\/image\\\/\"}},{\"@type\":\"Person\",\"@id\":\"https:\\\/\\\/kibrisdakik.com\\\/#\\\/schema\\\/person\\\/9cd9d437bbb44f72b73ba127e06d8e79\",\"name\":\"admin\",\"image\":{\"@type\":\"ImageObject\",\"inLanguage\":\"tr\",\"@id\":\"https:\\\/\\\/secure.gravatar.com\\\/avatar\\\/ccc17943b9d660506c869530f897617f7cb1c21a4bf30023f252596d83e1f007?s=96&d=mm&r=g\",\"url\":\"https:\\\/\\\/secure.gravatar.com\\\/avatar\\\/ccc17943b9d660506c869530f897617f7cb1c21a4bf30023f252596d83e1f007?s=96&d=mm&r=g\",\"contentUrl\":\"https:\\\/\\\/secure.gravatar.com\\\/avatar\\\/ccc17943b9d660506c869530f897617f7cb1c21a4bf30023f252596d83e1f007?s=96&d=mm&r=g\",\"caption\":\"admin\"},\"sameAs\":[\"https:\\\/\\\/kibrisdakik.com\"],\"url\":\"https:\\\/\\\/kibrisdakik.com\\\/?author=1\"}]}<\/script>\n<!-- \/ Yoast SEO plugin. -->","yoast_head_json":{"title":"METEOROLOJ\u0130DEN SICAK HAVA VE S\u0130S UYARISI -","robots":{"index":"index","follow":"follow","max-snippet":"max-snippet:-1","max-image-preview":"max-image-preview:large","max-video-preview":"max-video-preview:-1"},"canonical":"https:\/\/kibrisdakik.com\/?p=120011","og_locale":"tr_TR","og_type":"article","og_title":"METEOROLOJ\u0130DEN SICAK HAVA VE S\u0130S UYARISI -","og_description":"Meteoroloji Dairesi, 3-9 Eyl\u00fcl tarihlerini kapsayan hava tahmin raporunu yay\u0131mlad\u0131. Rapora g\u00f6re, \u00f6n\u00fcm\u00fczdeki g\u00fcnlerde havan\u0131n genellikle a\u00e7\u0131k ve az bulutlu olmas\u0131 bekleniyor. Yar\u0131n \u00f6\u011fle saatlerinde ise baz\u0131 b\u00f6lgelerde k\u0131sa s\u00fcreli sa\u011fanak ya\u011f\u0131\u015f g\u00f6r\u00fclebilece\u011fi tahmin ediliyor. Bug\u00fcn ve pazar sabah\u0131 sis bekleniyor Meteoroloji Dairesi, bug\u00fcn ve pazar sabah\u0131 saatlerinde baz\u0131 b\u00f6lgelerde yer yer sis olu\u015fabilece\u011fi uyar\u0131s\u0131nda","og_url":"https:\/\/kibrisdakik.com\/?p=120011","article_published_time":"2026-09-04T06:49:58+00:00","og_image":[{"url":"https:\/\/mhahabercom.teimg.com\/crop\/1280x720\/mhahaber-com\/uploads\/2025\/06\/mansetler\/untitled-1.png","type":"","width":"","height":""}],"author":"admin","twitter_card":"summary_large_image","twitter_misc":{"Yazan:":"admin","Tahmini okuma s\u00fcresi":"1 dakika"},"schema":{"@context":"https:\/\/schema.org","@graph":[{"@type":"Article","@id":"https:\/\/kibrisdakik.com\/?p=120011#article","isPartOf":{"@id":"https:\/\/kibrisdakik.com\/?p=120011"},"author":{"name":"admin","@id":"https:\/\/kibrisdakik.com\/#\/schema\/person\/9cd9d437bbb44f72b73ba127e06d8e79"},"headline":"METEOROLOJ\u0130DEN SICAK HAVA VE S\u0130S UYARISI","datePublished":"2026-09-04T06:49:58+00:00","mainEntityOfPage":{"@id":"https:\/\/kibrisdakik.com\/?p=120011"},"wordCount":182,"commentCount":0,"publisher":{"@id":"https:\/\/kibrisdakik.com\/#organization"},"image":{"@id":"https:\/\/kibrisdakik.com\/?p=120011#primaryimage"},"thumbnailUrl":"https:\/\/kibrisdakik.com\/wp-content\/uploads\/2025\/10\/untitled-1.png","articleSection":["K\u0131br\u0131s"],"inLanguage":"tr","potentialAction":[{"@type":"CommentAction","name":"Comment","target":["https:\/\/kibrisdakik.com\/?p=120011#respond"]}]},{"@type":"WebPage","@id":"https:\/\/kibrisdakik.com\/?p=120011","url":"https:\/\/kibrisdakik.com\/?p=120011","name":"METEOROLOJ\u0130DEN SICAK HAVA VE S\u0130S UYARISI -","isPartOf":{"@id":"https:\/\/kibrisdakik.com\/#website"},"primaryImageOfPage":{"@id":"https:\/\/kibrisdakik.com\/?p=120011#primaryimage"},"image":{"@id":"https:\/\/kibrisdakik.com\/?p=120011#primaryimage"},"thumbnailUrl":"https:\/\/kibrisdakik.com\/wp-content\/uploads\/2025\/10\/untitled-1.png","datePublished":"2026-09-04T06:49:58+00:00","breadcrumb":{"@id":"https:\/\/kibrisdakik.com\/?p=120011#breadcrumb"},"inLanguage":"tr","potentialAction":[{"@type":"ReadAction","target":["https:\/\/kibrisdakik.com\/?p=120011"]}]},{"@type":"ImageObject","inLanguage":"tr","@id":"https:\/\/kibrisdakik.com\/?p=120011#primaryimage","url":"https:\/\/kibrisdakik.com\/wp-content\/uploads\/2025\/10\/untitled-1.png","contentUrl":"https:\/\/kibrisdakik.com\/wp-content\/uploads\/2025\/10\/untitled-1.png","width":1280,"height":720},{"@type":"BreadcrumbList","@id":"https:\/\/kibrisdakik.com\/?p=120011#breadcrumb","itemListElement":[{"@type":"ListItem","position":1,"name":"Home","item":"https:\/\/kibrisdakik.com\/"},{"@type":"ListItem","position":2,"name":"METEOROLOJ\u0130DEN SICAK HAVA VE S\u0130S UYARISI"}]},{"@type":"WebSite","@id":"https:\/\/kibrisdakik.com\/#website","url":"https:\/\/kibrisdakik.com\/","name":"K\u0131br\u0131s Dakik","description":"Tam vaktinde haber","publisher":{"@id":"https:\/\/kibrisdakik.com\/#organization"},"potentialAction":[{"@type":"SearchAction","target":{"@type":"EntryPoint","urlTemplate":"https:\/\/kibrisdakik.com\/?s={search_term_string}"},"query-input":{"@type":"PropertyValueSpecification","valueRequired":true,"valueName":"search_term_string"}}],"inLanguage":"tr"},{"@type":"Organization","@id":"https:\/\/kibrisdakik.com\/#organization","name":"K\u0131br\u0131s Dakik","url":"https:\/\/kibrisdakik.com\/","logo":{"@type":"ImageObject","inLanguage":"tr","@id":"https:\/\/kibrisdakik.com\/#\/schema\/logo\/image\/","url":"https:\/\/kibrisdakik.com\/wp-content\/uploads\/2025\/10\/cropped-WhatsApp-Image-2025-10-02-at-12.58.31.jpeg","contentUrl":"https:\/\/kibrisdakik.com\/wp-content\/uploads\/2025\/10\/cropped-WhatsApp-Image-2025-10-02-at-12.58.31.jpeg","width":1237,"height":190,"caption":"K\u0131br\u0131s Dakik"},"image":{"@id":"https:\/\/kibrisdakik.com\/#\/schema\/logo\/image\/"}},{"@type":"Person","@id":"https:\/\/kibrisdakik.com\/#\/schema\/person\/9cd9d437bbb44f72b73ba127e06d8e79","name":"admin","image":{"@type":"ImageObject","inLanguage":"tr","@id":"https:\/\/secure.gravatar.com\/avatar\/ccc17943b9d660506c869530f897617f7cb1c21a4bf30023f252596d83e1f007?s=96&d=mm&r=g","url":"https:\/\/secure.gravatar.com\/avatar\/ccc17943b9d660506c869530f897617f7cb1c21a4bf30023f252596d83e1f007?s=96&d=mm&r=g","contentUrl":"https:\/\/secure.gravatar.com\/avatar\/ccc17943b9d660506c869530f897617f7cb1c21a4bf30023f252596d83e1f007?s=96&d=mm&r=g","caption":"admin"},"sameAs":["https:\/\/kibrisdakik.com"],"url":"https:\/\/kibrisdakik.com\/?author=1"}]}},"_links":{"self":[{"href":"https:\/\/kibrisdakik.com\/index.php?rest_route=\/wp\/v2\/posts\/120011","targetHints":{"allow":["GET"]}}],"collection":[{"href":"https:\/\/kibrisdakik.com\/index.php?rest_route=\/wp\/v2\/posts"}],"about":[{"href":"https:\/\/kibrisdakik.com\/index.php?rest_route=\/wp\/v2\/types\/post"}],"author":[{"embeddable":true,"href":"https:\/\/kibrisdakik.com\/index.php?rest_route=\/wp\/v2\/users\/1"}],"replies":[{"embeddable":true,"href":"https:\/\/kibrisdakik.com\/index.php?rest_route=%2Fwp%2Fv2%2Fcomments&post=120011"}],"version-history":[{"count":0,"href":"https:\/\/kibrisdakik.com\/index.php?rest_route=\/wp\/v2\/posts\/120011\/revisions"}],"wp:featuredmedia":[{"embeddable":true,"href":"https:\/\/kibrisdakik.com\/index.php?rest_route=\/wp\/v2\/media\/96398"}],"wp:attachment":[{"href":"https:\/\/kibrisdakik.com\/index.php?rest_route=%2Fwp%2Fv2%2Fmedia&parent=120011"}],"wp:term":[{"taxonomy":"category","embeddable":true,"href":"https:\/\/kibrisdakik.com\/index.php?rest_route=%2Fwp%2Fv2%2Fcategories&post=120011"},{"taxonomy":"post_tag","embeddable":true,"href":"https:\/\/kibrisdakik.com\/index.php?rest_route=%2Fwp%2Fv2%2Ftags&post=120011"}],"curies":[{"name":"wp","href":"https:\/\/api.w.org\/{rel}","templated":true}]}}