{"id":120012,"date":"2026-09-04T10:01:50","date_gmt":"2026-09-04T07:01:50","guid":{"rendered":"https:\/\/kibrisdakik.com\/?p=120012"},"modified":"2026-09-04T10:01:50","modified_gmt":"2026-09-04T07:01:50","slug":"akpinar-alperin-felaket-anindaki-mucadelesi-hayat-kurtardi","status":"publish","type":"post","link":"https:\/\/kibrisdakik.com\/?p=120012","title":{"rendered":"Akp\u0131nar: Alper\u2019in felaket an\u0131ndaki m\u00fccadelesi hayat kurtard\u0131"},"content":{"rendered":"<p>Demokrat Parti (DP) Genel Sekreteri ve Girne Milletvekili Serhat Akp\u0131nar, 30 A\u011fustos\u2019ta Girne a\u00e7\u0131klar\u0131nda meydana gelen deniz kazas\u0131ndan kurtulan Girne Amerikan \u00dcniversitesi (GA\u00dc) M\u00fctercim-Terc\u00fcmanl\u0131k B\u00f6l\u00fcm\u00fc 3. s\u0131n\u0131f \u00f6\u011frencisi Alper Akkaya ve ailesini ziyaret etti.<\/p>\n<p>Ziyaretin ard\u0131ndan a\u00e7\u0131klama yapan Akp\u0131nar, Alper Akkaya\u2019n\u0131n kazan\u0131n en kritik anlar\u0131nda g\u00f6sterdi\u011fi cesaret ve so\u011fukkanl\u0131l\u0131kla ailesinin ve \u00e7ok say\u0131da kazazedenin kurtulmas\u0131na katk\u0131 sa\u011flad\u0131\u011f\u0131n\u0131 belirtti.<\/p>\n<p>Akp\u0131nar, Akkaya ailesinin, Alper\u2019in kay\u0131t i\u015flemlerinin ard\u0131ndan K\u00fctahya\u2019dan gelen annesi, babas\u0131, 8 ayl\u0131k hamile ablas\u0131 ve 9 ya\u015f\u0131ndaki k\u0131z karde\u015fiyle birlikte d\u00f6n\u00fc\u015f yolculu\u011funda oldu\u011funu ifade etti.<\/p>\n<p>Kazan\u0131n ard\u0131ndan Alper Akkaya\u2019n\u0131n geminin tavan cam\u0131n\u0131 k\u0131rarak bir \u00e7\u0131k\u0131\u015f yolu olu\u015fturdu\u011funu aktaran Akp\u0131nar, bu sayede kendisinin, ailesinin ve di\u011fer baz\u0131 kazazedelerin kurtulma imk\u00e2n\u0131 buldu\u011funu kaydetti. Akp\u0131nar, Alper\u2019in bu s\u0131rada elinden yaraland\u0131\u011f\u0131n\u0131 da belirtti.<\/p>\n<p><strong>Aile fertleri hastanede yeniden bir araya geldi<\/strong><\/p>\n<p>Akp\u0131nar, askeri helikopterler ve \u00f6zel teknelerle y\u00fcr\u00fct\u00fclen kurtarma \u00e7al\u0131\u015fmalar\u0131n\u0131n ard\u0131ndan aile fertlerinin farkl\u0131 \u015fekillerde hastanelere ula\u015ft\u0131r\u0131ld\u0131\u011f\u0131n\u0131 ve daha sonra Dr. Burhan Nalbanto\u011flu Devlet Hastanesi\u2019nde yeniden bir araya gelebildiklerini aktard\u0131.<\/p>\n<p>Kazadan kaynaklanan yaralanmalar\u0131n yan\u0131 s\u0131ra Alper\u2019in annesinin kalp rahats\u0131zl\u0131\u011f\u0131 nedeniyle anjiyo olmak zorunda kald\u0131\u011f\u0131n\u0131 belirten Akp\u0131nar, 8 ayl\u0131k hamile ablan\u0131n ise yo\u011fun kanama ya\u015famas\u0131 ve bebe\u011finin sa\u011fl\u0131\u011f\u0131n\u0131n korunmas\u0131 amac\u0131yla ambulans u\u00e7akla T\u00fcrkiye\u2019ye sevk edildi\u011fini ifade etti.<\/p>\n<p><strong>\u201cAlper\u2019le b\u00fcy\u00fck bir gurur duydum\u201d<\/strong><\/p>\n<p>Bir ailenin b\u00f6ylesine b\u00fcy\u00fck bir felaketin i\u00e7erisinden sa\u011f \u00e7\u0131kabilmesinin kendileri a\u00e7\u0131s\u0131ndan b\u00fcy\u00fck bir \u015f\u00fck\u00fcr vesilesi oldu\u011funu belirten Akp\u0131nar, Alper Akkaya\u2019n\u0131n kendi ya\u015fam\u0131 tehlikedeyken ailesini ve ba\u015fka insanlar\u0131 kurtarmak i\u00e7in m\u00fccadele etti\u011fini s\u00f6yledi.<\/p>\n<p>Akp\u0131nar, \u201cBug\u00fcn Alper\u2019e bir \u00f6\u011frencimiz olarak bakt\u0131\u011f\u0131mda, kar\u015f\u0131mda kazadan kurtulmu\u015f, kendi ya\u015fam\u0131 tehlikedeyken ailesini ve ba\u015fka insanlar\u0131 kurtarmak i\u00e7in amans\u0131z m\u00fccadele veren, korkunun kar\u015f\u0131s\u0131na cesaretini ve insanl\u0131\u011f\u0131n\u0131 koyan gen\u00e7 bir insan g\u00f6rd\u00fcm. Bir e\u011fitimci ve kurucusu oldu\u011fum Girne Amerikan \u00dcniversitesi ailesinin bir ferdi olarak Alper\u2019le b\u00fcy\u00fck bir gurur duydum\u201d ifadelerini kulland\u0131.<\/p>\n<p><strong>\u201c\u00dcniversiten seninle gurur duyuyor\u201d<\/strong><\/p>\n<p>Alper Akkaya\u2019ya yeni akademik y\u0131lda yeniden \u00fcniversitesinde ve derslerinin ba\u015f\u0131nda g\u00f6rmenin kendileri i\u00e7in b\u00fcy\u00fck mutluluk olaca\u011f\u0131n\u0131 ifade eden Akp\u0131nar, \u00f6\u011frencisine sa\u011fl\u0131k, ba\u015far\u0131 ve umut dolu bir akademik y\u0131l diledi.<\/p>\n<p>Akp\u0131nar, \u201cYa\u015fad\u0131klar\u0131n\u0131n izlerini silmek zaman alabilir; ancak bilmeni isterim ki \u00fcniversiten seninle gurur duyuyor ve her zaman yan\u0131nda olacak\u201d dedi.<\/p>\n<p>Akkaya ailesine ge\u00e7mi\u015f olsun dileklerini yineleyen Akp\u0131nar, deniz kazas\u0131nda hayat\u0131n\u0131 kaybedenlere Allah\u2019tan rahmet, ailelerine sab\u0131r ve yaral\u0131lara acil \u015fifalar diledi.<\/p>\n<p>Akp\u0131nar a\u00e7\u0131klamas\u0131n\u0131, \u201cGe\u00e7mi\u015f olsun Alper. Seninle gurur duyuyoruz\u201d s\u00f6zleriyle tamamlad\u0131.<\/p>\n","protected":false},"excerpt":{"rendered":"<p>Demokrat Parti (DP) Genel Sekreteri ve Girne Milletvekili Serhat Akp\u0131nar, 30 A\u011fustos\u2019ta Girne a\u00e7\u0131klar\u0131nda meydana gelen deniz kazas\u0131ndan kurtulan Girne Amerikan \u00dcniversitesi (GA\u00dc) M\u00fctercim-Terc\u00fcmanl\u0131k B\u00f6l\u00fcm\u00fc 3. s\u0131n\u0131f \u00f6\u011frencisi Alper Akkaya ve ailesini ziyaret etti. Ziyaretin ard\u0131ndan a\u00e7\u0131klama yapan Akp\u0131nar, Alper Akkaya\u2019n\u0131n kazan\u0131n en kritik anlar\u0131nda g\u00f6sterdi\u011fi cesaret ve so\u011fukkanl\u0131l\u0131kla ailesinin ve \u00e7ok say\u0131da kazazedenin kurtulmas\u0131na<\/p>\n","protected":false},"author":1,"featured_media":120013,"comment_status":"open","ping_status":"open","sticky":false,"template":"","format":"standard","meta":{"footnotes":""},"categories":[1,81],"tags":[],"class_list":["post-120012","post","type-post","status-publish","format-standard","has-post-thumbnail","hentry","category-gundem","category-kibris"],"yoast_head":"<!-- This site is optimized with the Yoast SEO plugin v28.4 - https:\/\/yoast.com\/product\/yoast-seo-wordpress\/ -->\n<title>Akp\u0131nar: Alper\u2019in felaket an\u0131ndaki m\u00fccadelesi hayat kurtard\u0131 -<\/title>\n<meta name=\"robots\" content=\"index, follow, max-snippet:-1, max-image-preview:large, max-video-preview:-1\" \/>\n<link rel=\"canonical\" href=\"https:\/\/kibrisdakik.com\/?p=120012\" \/>\n<meta property=\"og:locale\" content=\"tr_TR\" \/>\n<meta property=\"og:type\" content=\"article\" \/>\n<meta property=\"og:title\" content=\"Akp\u0131nar: Alper\u2019in felaket an\u0131ndaki m\u00fccadelesi hayat kurtard\u0131 -\" \/>\n<meta property=\"og:description\" content=\"Demokrat Parti (DP) Genel Sekreteri ve Girne Milletvekili Serhat Akp\u0131nar, 30 A\u011fustos\u2019ta Girne a\u00e7\u0131klar\u0131nda meydana gelen deniz kazas\u0131ndan kurtulan Girne Amerikan \u00dcniversitesi (GA\u00dc) M\u00fctercim-Terc\u00fcmanl\u0131k B\u00f6l\u00fcm\u00fc 3. s\u0131n\u0131f \u00f6\u011frencisi Alper Akkaya ve ailesini ziyaret etti. Ziyaretin ard\u0131ndan a\u00e7\u0131klama yapan Akp\u0131nar, Alper Akkaya\u2019n\u0131n kazan\u0131n en kritik anlar\u0131nda g\u00f6sterdi\u011fi cesaret ve so\u011fukkanl\u0131l\u0131kla ailesinin ve \u00e7ok say\u0131da kazazedenin kurtulmas\u0131na\" \/>\n<meta property=\"og:url\" content=\"https:\/\/kibrisdakik.com\/?p=120012\" \/>\n<meta property=\"article:published_time\" content=\"2026-09-04T07:01:50+00:00\" \/>\n<meta property=\"og:image\" content=\"https:\/\/kibrisdakik.com\/wp-content\/uploads\/2026\/09\/1.png\" \/>\n\t<meta property=\"og:image:width\" content=\"706\" \/>\n\t<meta property=\"og:image:height\" content=\"431\" \/>\n\t<meta property=\"og:image:type\" content=\"image\/png\" \/>\n<meta name=\"author\" content=\"admin\" \/>\n<meta name=\"twitter:card\" content=\"summary_large_image\" \/>\n<meta name=\"twitter:label1\" content=\"Yazan:\" \/>\n\t<meta name=\"twitter:data1\" content=\"admin\" \/>\n\t<meta name=\"twitter:label2\" content=\"Tahmini okuma s\u00fcresi\" \/>\n\t<meta name=\"twitter:data2\" content=\"3 dakika\" \/>\n<script type=\"application\/ld+json\" class=\"yoast-schema-graph\">{\"@context\":\"https:\\\/\\\/schema.org\",\"@graph\":[{\"@type\":\"Article\",\"@id\":\"https:\\\/\\\/kibrisdakik.com\\\/?p=120012#article\",\"isPartOf\":{\"@id\":\"https:\\\/\\\/kibrisdakik.com\\\/?p=120012\"},\"author\":{\"name\":\"admin\",\"@id\":\"https:\\\/\\\/kibrisdakik.com\\\/#\\\/schema\\\/person\\\/9cd9d437bbb44f72b73ba127e06d8e79\"},\"headline\":\"Akp\u0131nar: Alper\u2019in felaket an\u0131ndaki m\u00fccadelesi hayat kurtard\u0131\",\"datePublished\":\"2026-09-04T07:01:50+00:00\",\"mainEntityOfPage\":{\"@id\":\"https:\\\/\\\/kibrisdakik.com\\\/?p=120012\"},\"wordCount\":532,\"commentCount\":0,\"publisher\":{\"@id\":\"https:\\\/\\\/kibrisdakik.com\\\/#organization\"},\"image\":{\"@id\":\"https:\\\/\\\/kibrisdakik.com\\\/?p=120012#primaryimage\"},\"thumbnailUrl\":\"https:\\\/\\\/kibrisdakik.com\\\/wp-content\\\/uploads\\\/2026\\\/09\\\/1.png\",\"articleSection\":[\"G\u00fcndem\",\"K\u0131br\u0131s\"],\"inLanguage\":\"tr\",\"potentialAction\":[{\"@type\":\"CommentAction\",\"name\":\"Comment\",\"target\":[\"https:\\\/\\\/kibrisdakik.com\\\/?p=120012#respond\"]}]},{\"@type\":\"WebPage\",\"@id\":\"https:\\\/\\\/kibrisdakik.com\\\/?p=120012\",\"url\":\"https:\\\/\\\/kibrisdakik.com\\\/?p=120012\",\"name\":\"Akp\u0131nar: Alper\u2019in felaket an\u0131ndaki m\u00fccadelesi hayat kurtard\u0131 -\",\"isPartOf\":{\"@id\":\"https:\\\/\\\/kibrisdakik.com\\\/#website\"},\"primaryImageOfPage\":{\"@id\":\"https:\\\/\\\/kibrisdakik.com\\\/?p=120012#primaryimage\"},\"image\":{\"@id\":\"https:\\\/\\\/kibrisdakik.com\\\/?p=120012#primaryimage\"},\"thumbnailUrl\":\"https:\\\/\\\/kibrisdakik.com\\\/wp-content\\\/uploads\\\/2026\\\/09\\\/1.png\",\"datePublished\":\"2026-09-04T07:01:50+00:00\",\"breadcrumb\":{\"@id\":\"https:\\\/\\\/kibrisdakik.com\\\/?p=120012#breadcrumb\"},\"inLanguage\":\"tr\",\"potentialAction\":[{\"@type\":\"ReadAction\",\"target\":[\"https:\\\/\\\/kibrisdakik.com\\\/?p=120012\"]}]},{\"@type\":\"ImageObject\",\"inLanguage\":\"tr\",\"@id\":\"https:\\\/\\\/kibrisdakik.com\\\/?p=120012#primaryimage\",\"url\":\"https:\\\/\\\/kibrisdakik.com\\\/wp-content\\\/uploads\\\/2026\\\/09\\\/1.png\",\"contentUrl\":\"https:\\\/\\\/kibrisdakik.com\\\/wp-content\\\/uploads\\\/2026\\\/09\\\/1.png\",\"width\":706,\"height\":431},{\"@type\":\"BreadcrumbList\",\"@id\":\"https:\\\/\\\/kibrisdakik.com\\\/?p=120012#breadcrumb\",\"itemListElement\":[{\"@type\":\"ListItem\",\"position\":1,\"name\":\"Home\",\"item\":\"https:\\\/\\\/kibrisdakik.com\\\/\"},{\"@type\":\"ListItem\",\"position\":2,\"name\":\"Akp\u0131nar: Alper\u2019in felaket an\u0131ndaki m\u00fccadelesi hayat kurtard\u0131\"}]},{\"@type\":\"WebSite\",\"@id\":\"https:\\\/\\\/kibrisdakik.com\\\/#website\",\"url\":\"https:\\\/\\\/kibrisdakik.com\\\/\",\"name\":\"K\u0131br\u0131s Dakik\",\"description\":\"Tam vaktinde haber\",\"publisher\":{\"@id\":\"https:\\\/\\\/kibrisdakik.com\\\/#organization\"},\"potentialAction\":[{\"@type\":\"SearchAction\",\"target\":{\"@type\":\"EntryPoint\",\"urlTemplate\":\"https:\\\/\\\/kibrisdakik.com\\\/?s={search_term_string}\"},\"query-input\":{\"@type\":\"PropertyValueSpecification\",\"valueRequired\":true,\"valueName\":\"search_term_string\"}}],\"inLanguage\":\"tr\"},{\"@type\":\"Organization\",\"@id\":\"https:\\\/\\\/kibrisdakik.com\\\/#organization\",\"name\":\"K\u0131br\u0131s Dakik\",\"url\":\"https:\\\/\\\/kibrisdakik.com\\\/\",\"logo\":{\"@type\":\"ImageObject\",\"inLanguage\":\"tr\",\"@id\":\"https:\\\/\\\/kibrisdakik.com\\\/#\\\/schema\\\/logo\\\/image\\\/\",\"url\":\"https:\\\/\\\/kibrisdakik.com\\\/wp-content\\\/uploads\\\/2025\\\/10\\\/cropped-WhatsApp-Image-2025-10-02-at-12.58.31.jpeg\",\"contentUrl\":\"https:\\\/\\\/kibrisdakik.com\\\/wp-content\\\/uploads\\\/2025\\\/10\\\/cropped-WhatsApp-Image-2025-10-02-at-12.58.31.jpeg\",\"width\":1237,\"height\":190,\"caption\":\"K\u0131br\u0131s Dakik\"},\"image\":{\"@id\":\"https:\\\/\\\/kibrisdakik.com\\\/#\\\/schema\\\/logo\\\/image\\\/\"}},{\"@type\":\"Person\",\"@id\":\"https:\\\/\\\/kibrisdakik.com\\\/#\\\/schema\\\/person\\\/9cd9d437bbb44f72b73ba127e06d8e79\",\"name\":\"admin\",\"image\":{\"@type\":\"ImageObject\",\"inLanguage\":\"tr\",\"@id\":\"https:\\\/\\\/secure.gravatar.com\\\/avatar\\\/ccc17943b9d660506c869530f897617f7cb1c21a4bf30023f252596d83e1f007?s=96&d=mm&r=g\",\"url\":\"https:\\\/\\\/secure.gravatar.com\\\/avatar\\\/ccc17943b9d660506c869530f897617f7cb1c21a4bf30023f252596d83e1f007?s=96&d=mm&r=g\",\"contentUrl\":\"https:\\\/\\\/secure.gravatar.com\\\/avatar\\\/ccc17943b9d660506c869530f897617f7cb1c21a4bf30023f252596d83e1f007?s=96&d=mm&r=g\",\"caption\":\"admin\"},\"sameAs\":[\"https:\\\/\\\/kibrisdakik.com\"],\"url\":\"https:\\\/\\\/kibrisdakik.com\\\/?author=1\"}]}<\/script>\n<!-- \/ Yoast SEO plugin. -->","yoast_head_json":{"title":"Akp\u0131nar: Alper\u2019in felaket an\u0131ndaki m\u00fccadelesi hayat kurtard\u0131 -","robots":{"index":"index","follow":"follow","max-snippet":"max-snippet:-1","max-image-preview":"max-image-preview:large","max-video-preview":"max-video-preview:-1"},"canonical":"https:\/\/kibrisdakik.com\/?p=120012","og_locale":"tr_TR","og_type":"article","og_title":"Akp\u0131nar: Alper\u2019in felaket an\u0131ndaki m\u00fccadelesi hayat kurtard\u0131 -","og_description":"Demokrat Parti (DP) Genel Sekreteri ve Girne Milletvekili Serhat Akp\u0131nar, 30 A\u011fustos\u2019ta Girne a\u00e7\u0131klar\u0131nda meydana gelen deniz kazas\u0131ndan kurtulan Girne Amerikan \u00dcniversitesi (GA\u00dc) M\u00fctercim-Terc\u00fcmanl\u0131k B\u00f6l\u00fcm\u00fc 3. s\u0131n\u0131f \u00f6\u011frencisi Alper Akkaya ve ailesini ziyaret etti. Ziyaretin ard\u0131ndan a\u00e7\u0131klama yapan Akp\u0131nar, Alper Akkaya\u2019n\u0131n kazan\u0131n en kritik anlar\u0131nda g\u00f6sterdi\u011fi cesaret ve so\u011fukkanl\u0131l\u0131kla ailesinin ve \u00e7ok say\u0131da kazazedenin kurtulmas\u0131na","og_url":"https:\/\/kibrisdakik.com\/?p=120012","article_published_time":"2026-09-04T07:01:50+00:00","og_image":[{"width":706,"height":431,"url":"https:\/\/kibrisdakik.com\/wp-content\/uploads\/2026\/09\/1.png","type":"image\/png"}],"author":"admin","twitter_card":"summary_large_image","twitter_misc":{"Yazan:":"admin","Tahmini okuma s\u00fcresi":"3 dakika"},"schema":{"@context":"https:\/\/schema.org","@graph":[{"@type":"Article","@id":"https:\/\/kibrisdakik.com\/?p=120012#article","isPartOf":{"@id":"https:\/\/kibrisdakik.com\/?p=120012"},"author":{"name":"admin","@id":"https:\/\/kibrisdakik.com\/#\/schema\/person\/9cd9d437bbb44f72b73ba127e06d8e79"},"headline":"Akp\u0131nar: Alper\u2019in felaket an\u0131ndaki m\u00fccadelesi hayat kurtard\u0131","datePublished":"2026-09-04T07:01:50+00:00","mainEntityOfPage":{"@id":"https:\/\/kibrisdakik.com\/?p=120012"},"wordCount":532,"commentCount":0,"publisher":{"@id":"https:\/\/kibrisdakik.com\/#organization"},"image":{"@id":"https:\/\/kibrisdakik.com\/?p=120012#primaryimage"},"thumbnailUrl":"https:\/\/kibrisdakik.com\/wp-content\/uploads\/2026\/09\/1.png","articleSection":["G\u00fcndem","K\u0131br\u0131s"],"inLanguage":"tr","potentialAction":[{"@type":"CommentAction","name":"Comment","target":["https:\/\/kibrisdakik.com\/?p=120012#respond"]}]},{"@type":"WebPage","@id":"https:\/\/kibrisdakik.com\/?p=120012","url":"https:\/\/kibrisdakik.com\/?p=120012","name":"Akp\u0131nar: Alper\u2019in felaket an\u0131ndaki m\u00fccadelesi hayat kurtard\u0131 -","isPartOf":{"@id":"https:\/\/kibrisdakik.com\/#website"},"primaryImageOfPage":{"@id":"https:\/\/kibrisdakik.com\/?p=120012#primaryimage"},"image":{"@id":"https:\/\/kibrisdakik.com\/?p=120012#primaryimage"},"thumbnailUrl":"https:\/\/kibrisdakik.com\/wp-content\/uploads\/2026\/09\/1.png","datePublished":"2026-09-04T07:01:50+00:00","breadcrumb":{"@id":"https:\/\/kibrisdakik.com\/?p=120012#breadcrumb"},"inLanguage":"tr","potentialAction":[{"@type":"ReadAction","target":["https:\/\/kibrisdakik.com\/?p=120012"]}]},{"@type":"ImageObject","inLanguage":"tr","@id":"https:\/\/kibrisdakik.com\/?p=120012#primaryimage","url":"https:\/\/kibrisdakik.com\/wp-content\/uploads\/2026\/09\/1.png","contentUrl":"https:\/\/kibrisdakik.com\/wp-content\/uploads\/2026\/09\/1.png","width":706,"height":431},{"@type":"BreadcrumbList","@id":"https:\/\/kibrisdakik.com\/?p=120012#breadcrumb","itemListElement":[{"@type":"ListItem","position":1,"name":"Home","item":"https:\/\/kibrisdakik.com\/"},{"@type":"ListItem","position":2,"name":"Akp\u0131nar: Alper\u2019in felaket an\u0131ndaki m\u00fccadelesi hayat kurtard\u0131"}]},{"@type":"WebSite","@id":"https:\/\/kibrisdakik.com\/#website","url":"https:\/\/kibrisdakik.com\/","name":"K\u0131br\u0131s Dakik","description":"Tam vaktinde haber","publisher":{"@id":"https:\/\/kibrisdakik.com\/#organization"},"potentialAction":[{"@type":"SearchAction","target":{"@type":"EntryPoint","urlTemplate":"https:\/\/kibrisdakik.com\/?s={search_term_string}"},"query-input":{"@type":"PropertyValueSpecification","valueRequired":true,"valueName":"search_term_string"}}],"inLanguage":"tr"},{"@type":"Organization","@id":"https:\/\/kibrisdakik.com\/#organization","name":"K\u0131br\u0131s Dakik","url":"https:\/\/kibrisdakik.com\/","logo":{"@type":"ImageObject","inLanguage":"tr","@id":"https:\/\/kibrisdakik.com\/#\/schema\/logo\/image\/","url":"https:\/\/kibrisdakik.com\/wp-content\/uploads\/2025\/10\/cropped-WhatsApp-Image-2025-10-02-at-12.58.31.jpeg","contentUrl":"https:\/\/kibrisdakik.com\/wp-content\/uploads\/2025\/10\/cropped-WhatsApp-Image-2025-10-02-at-12.58.31.jpeg","width":1237,"height":190,"caption":"K\u0131br\u0131s Dakik"},"image":{"@id":"https:\/\/kibrisdakik.com\/#\/schema\/logo\/image\/"}},{"@type":"Person","@id":"https:\/\/kibrisdakik.com\/#\/schema\/person\/9cd9d437bbb44f72b73ba127e06d8e79","name":"admin","image":{"@type":"ImageObject","inLanguage":"tr","@id":"https:\/\/secure.gravatar.com\/avatar\/ccc17943b9d660506c869530f897617f7cb1c21a4bf30023f252596d83e1f007?s=96&d=mm&r=g","url":"https:\/\/secure.gravatar.com\/avatar\/ccc17943b9d660506c869530f897617f7cb1c21a4bf30023f252596d83e1f007?s=96&d=mm&r=g","contentUrl":"https:\/\/secure.gravatar.com\/avatar\/ccc17943b9d660506c869530f897617f7cb1c21a4bf30023f252596d83e1f007?s=96&d=mm&r=g","caption":"admin"},"sameAs":["https:\/\/kibrisdakik.com"],"url":"https:\/\/kibrisdakik.com\/?author=1"}]}},"_links":{"self":[{"href":"https:\/\/kibrisdakik.com\/index.php?rest_route=\/wp\/v2\/posts\/120012","targetHints":{"allow":["GET"]}}],"collection":[{"href":"https:\/\/kibrisdakik.com\/index.php?rest_route=\/wp\/v2\/posts"}],"about":[{"href":"https:\/\/kibrisdakik.com\/index.php?rest_route=\/wp\/v2\/types\/post"}],"author":[{"embeddable":true,"href":"https:\/\/kibrisdakik.com\/index.php?rest_route=\/wp\/v2\/users\/1"}],"replies":[{"embeddable":true,"href":"https:\/\/kibrisdakik.com\/index.php?rest_route=%2Fwp%2Fv2%2Fcomments&post=120012"}],"version-history":[{"count":1,"href":"https:\/\/kibrisdakik.com\/index.php?rest_route=\/wp\/v2\/posts\/120012\/revisions"}],"predecessor-version":[{"id":120014,"href":"https:\/\/kibrisdakik.com\/index.php?rest_route=\/wp\/v2\/posts\/120012\/revisions\/120014"}],"wp:featuredmedia":[{"embeddable":true,"href":"https:\/\/kibrisdakik.com\/index.php?rest_route=\/wp\/v2\/media\/120013"}],"wp:attachment":[{"href":"https:\/\/kibrisdakik.com\/index.php?rest_route=%2Fwp%2Fv2%2Fmedia&parent=120012"}],"wp:term":[{"taxonomy":"category","embeddable":true,"href":"https:\/\/kibrisdakik.com\/index.php?rest_route=%2Fwp%2Fv2%2Fcategories&post=120012"},{"taxonomy":"post_tag","embeddable":true,"href":"https:\/\/kibrisdakik.com\/index.php?rest_route=%2Fwp%2Fv2%2Ftags&post=120012"}],"curies":[{"name":"wp","href":"https:\/\/api.w.org\/{rel}","templated":true}]}}