{"id":120018,"date":"2026-09-04T10:15:54","date_gmt":"2026-09-04T07:15:54","guid":{"rendered":"https:\/\/kibrisdakik.com\/?p=120018"},"modified":"2026-09-04T10:15:54","modified_gmt":"2026-09-04T07:15:54","slug":"kimlik-tespiti-tamamlanan-15-sehit-pazartesi-gunu-atlilar-sehitligine-defnedilecek","status":"publish","type":"post","link":"https:\/\/kibrisdakik.com\/?p=120018","title":{"rendered":"K\u0130ML\u0130K TESP\u0130T\u0130 TAMAMLANAN 15 \u015eEH\u0130T, PAZARTES\u0130 G\u00dcN\u00dc ATLILAR \u015eEH\u0130TL\u0130\u011e\u0130\u2019NE DEFNED\u0130LECEK"},"content":{"rendered":"<p><\/p>\n<div data-text-id=\"207270\" property=\"articleBody\">\n<p>Kay\u0131p \u015eah\u0131slar Komitesi (K\u015eK) taraf\u0131ndan kimlik tespitleri tamamlanan 15 K\u0131br\u0131sl\u0131 T\u00fcrk \u015fehit, 7 Eyl\u00fcl Pazartesi g\u00fcn\u00fc saat 10.00\u2019da Atl\u0131lar \u015eehitli\u011fi\u2019nde d\u00fczenlenecek t\u00f6renle topra\u011fa verilecek.<\/p>\n<p>Atl\u0131lar \u015eehitli\u011fi\u2019nde 1 Eyl\u00fcl\u2019de yap\u0131lmas\u0131 planlanan defin t\u00f6reni, Girne a\u00e7\u0131klar\u0131nda meydana gelen ve can kay\u0131plar\u0131na neden olan feribot kazas\u0131 nedeniyle ertelenmi\u015fti.<\/p>\n<p>Milli G\u00fcnleri Kutlama Merkez Komitesi Ba\u015fkan\u0131 Asu Muhtaro\u011flu taraf\u0131ndan yap\u0131lan a\u00e7\u0131klamaya g\u00f6re, 15 K\u0131br\u0131sl\u0131 T\u00fcrk \u015fehit, 7 Eyl\u00fcl Pazartesi g\u00fcn\u00fc saat 10.00\u2019da Atl\u0131lar \u015eehitli\u011fi\u2019nde d\u00fczenlenecek t\u00f6renle topra\u011fa verilecek.<\/p>\n<p>Kay\u0131p \u015eah\u0131slar Komitesi\u2019nin Atl\u0131lar \u015eehitli\u011fi\u2019nde 24 Temmuz 2023 ile 23 Nisan 2024 tarihleri aras\u0131nda y\u00fcr\u00fctt\u00fc\u011f\u00fc kaz\u0131larda ula\u015f\u0131lan kal\u0131nt\u0131lar \u00fczerinde yap\u0131lan \u00e7al\u0131\u015fmalar sonucunda 15 \u015fehidin kimli\u011fi belirlenmi\u015f durumda.<\/p>\n<p>Kay\u0131p \u015eah\u0131slar Komitesi taraf\u0131ndan a\u00e7\u0131klanan listeye g\u00f6re topra\u011fa verilecek \u015fehitlerin isimleri ve ya\u015flar\u0131 \u015f\u00f6yle:<\/p>\n<p>T\u00fclay S\u00fcleyman (28), Hasan S\u00fcleyman (10), Kemal S\u00fcleyman (6), Okan S\u00fcleyman (3), G\u00fcrhan Ali \u00c7erkez (12), Ay\u015fe Hasan (56), Narin Hasan (16), K\u0131ymet Hasan (22), Bet\u00fcl Arnavut (16 ayl\u0131k), Mualla Ali Osman (Pipal\u0131) (36), G\u00fclden Ali Osman (Pipal\u0131) (4), \u00d6zlem Ali Osman (Pipal\u0131) (2), Seldem Ali Osman (Pipal\u0131) (40 g\u00fcnl\u00fck), Fatma Tahir (46) ve Emine Tahir (22).<\/p>\n<p>Defnedilecek 15 \u015fehit aras\u0131nda 40 g\u00fcnl\u00fck bir bebek, 16 ayl\u0131k bir \u00e7ocuk ile 2, 3, 4, 6, 10 ve 12 ya\u015flar\u0131nda \u00e7ocuklar da bulunuyor.<\/p>\n<\/p><\/div>\n","protected":false},"excerpt":{"rendered":"<p>Kay\u0131p \u015eah\u0131slar Komitesi (K\u015eK) taraf\u0131ndan kimlik tespitleri tamamlanan 15 K\u0131br\u0131sl\u0131 T\u00fcrk \u015fehit, 7 Eyl\u00fcl Pazartesi g\u00fcn\u00fc saat 10.00\u2019da Atl\u0131lar \u015eehitli\u011fi\u2019nde d\u00fczenlenecek t\u00f6renle topra\u011fa verilecek. Atl\u0131lar \u015eehitli\u011fi\u2019nde 1 Eyl\u00fcl\u2019de yap\u0131lmas\u0131 planlanan defin t\u00f6reni, Girne a\u00e7\u0131klar\u0131nda meydana gelen ve can kay\u0131plar\u0131na neden olan feribot kazas\u0131 nedeniyle ertelenmi\u015fti. Milli G\u00fcnleri Kutlama Merkez Komitesi Ba\u015fkan\u0131 Asu Muhtaro\u011flu taraf\u0131ndan yap\u0131lan<\/p>\n","protected":false},"author":1,"featured_media":120019,"comment_status":"open","ping_status":"open","sticky":false,"template":"","format":"standard","meta":{"footnotes":""},"categories":[81],"tags":[],"class_list":["post-120018","post","type-post","status-publish","format-standard","has-post-thumbnail","hentry","category-kibris"],"yoast_head":"<!-- This site is optimized with the Yoast SEO plugin v28.4 - https:\/\/yoast.com\/product\/yoast-seo-wordpress\/ -->\n<title>K\u0130ML\u0130K TESP\u0130T\u0130 TAMAMLANAN 15 \u015eEH\u0130T, PAZARTES\u0130 G\u00dcN\u00dc ATLILAR \u015eEH\u0130TL\u0130\u011e\u0130\u2019NE DEFNED\u0130LECEK -<\/title>\n<meta name=\"robots\" content=\"index, follow, max-snippet:-1, max-image-preview:large, max-video-preview:-1\" \/>\n<link rel=\"canonical\" href=\"https:\/\/kibrisdakik.com\/?p=120018\" \/>\n<meta property=\"og:locale\" content=\"tr_TR\" \/>\n<meta property=\"og:type\" content=\"article\" \/>\n<meta property=\"og:title\" content=\"K\u0130ML\u0130K TESP\u0130T\u0130 TAMAMLANAN 15 \u015eEH\u0130T, PAZARTES\u0130 G\u00dcN\u00dc ATLILAR \u015eEH\u0130TL\u0130\u011e\u0130\u2019NE DEFNED\u0130LECEK -\" \/>\n<meta property=\"og:description\" content=\"Kay\u0131p \u015eah\u0131slar Komitesi (K\u015eK) taraf\u0131ndan kimlik tespitleri tamamlanan 15 K\u0131br\u0131sl\u0131 T\u00fcrk \u015fehit, 7 Eyl\u00fcl Pazartesi g\u00fcn\u00fc saat 10.00\u2019da Atl\u0131lar \u015eehitli\u011fi\u2019nde d\u00fczenlenecek t\u00f6renle topra\u011fa verilecek. Atl\u0131lar \u015eehitli\u011fi\u2019nde 1 Eyl\u00fcl\u2019de yap\u0131lmas\u0131 planlanan defin t\u00f6reni, Girne a\u00e7\u0131klar\u0131nda meydana gelen ve can kay\u0131plar\u0131na neden olan feribot kazas\u0131 nedeniyle ertelenmi\u015fti. Milli G\u00fcnleri Kutlama Merkez Komitesi Ba\u015fkan\u0131 Asu Muhtaro\u011flu taraf\u0131ndan yap\u0131lan\" \/>\n<meta property=\"og:url\" content=\"https:\/\/kibrisdakik.com\/?p=120018\" \/>\n<meta property=\"article:published_time\" content=\"2026-09-04T07:15:54+00:00\" \/>\n<meta property=\"og:image\" content=\"https:\/\/mhahabercom.teimg.com\/crop\/1280x720\/mhahaber-com\/uploads\/2026\/09\/mha-sari-beyaz-7729.png\" \/>\n<meta name=\"author\" content=\"admin\" \/>\n<meta name=\"twitter:card\" content=\"summary_large_image\" \/>\n<meta name=\"twitter:label1\" content=\"Yazan:\" \/>\n\t<meta name=\"twitter:data1\" content=\"admin\" \/>\n\t<meta name=\"twitter:label2\" content=\"Tahmini okuma s\u00fcresi\" \/>\n\t<meta name=\"twitter:data2\" content=\"1 dakika\" \/>\n<script type=\"application\/ld+json\" class=\"yoast-schema-graph\">{\"@context\":\"https:\\\/\\\/schema.org\",\"@graph\":[{\"@type\":\"Article\",\"@id\":\"https:\\\/\\\/kibrisdakik.com\\\/?p=120018#article\",\"isPartOf\":{\"@id\":\"https:\\\/\\\/kibrisdakik.com\\\/?p=120018\"},\"author\":{\"name\":\"admin\",\"@id\":\"https:\\\/\\\/kibrisdakik.com\\\/#\\\/schema\\\/person\\\/9cd9d437bbb44f72b73ba127e06d8e79\"},\"headline\":\"K\u0130ML\u0130K TESP\u0130T\u0130 TAMAMLANAN 15 \u015eEH\u0130T, PAZARTES\u0130 G\u00dcN\u00dc ATLILAR \u015eEH\u0130TL\u0130\u011e\u0130\u2019NE DEFNED\u0130LECEK\",\"datePublished\":\"2026-09-04T07:15:54+00:00\",\"mainEntityOfPage\":{\"@id\":\"https:\\\/\\\/kibrisdakik.com\\\/?p=120018\"},\"wordCount\":265,\"commentCount\":0,\"publisher\":{\"@id\":\"https:\\\/\\\/kibrisdakik.com\\\/#organization\"},\"image\":{\"@id\":\"https:\\\/\\\/kibrisdakik.com\\\/?p=120018#primaryimage\"},\"thumbnailUrl\":\"https:\\\/\\\/kibrisdakik.com\\\/wp-content\\\/uploads\\\/2026\\\/09\\\/mha-sari-beyaz-7729.png\",\"articleSection\":[\"K\u0131br\u0131s\"],\"inLanguage\":\"tr\",\"potentialAction\":[{\"@type\":\"CommentAction\",\"name\":\"Comment\",\"target\":[\"https:\\\/\\\/kibrisdakik.com\\\/?p=120018#respond\"]}]},{\"@type\":\"WebPage\",\"@id\":\"https:\\\/\\\/kibrisdakik.com\\\/?p=120018\",\"url\":\"https:\\\/\\\/kibrisdakik.com\\\/?p=120018\",\"name\":\"K\u0130ML\u0130K TESP\u0130T\u0130 TAMAMLANAN 15 \u015eEH\u0130T, PAZARTES\u0130 G\u00dcN\u00dc ATLILAR \u015eEH\u0130TL\u0130\u011e\u0130\u2019NE DEFNED\u0130LECEK -\",\"isPartOf\":{\"@id\":\"https:\\\/\\\/kibrisdakik.com\\\/#website\"},\"primaryImageOfPage\":{\"@id\":\"https:\\\/\\\/kibrisdakik.com\\\/?p=120018#primaryimage\"},\"image\":{\"@id\":\"https:\\\/\\\/kibrisdakik.com\\\/?p=120018#primaryimage\"},\"thumbnailUrl\":\"https:\\\/\\\/kibrisdakik.com\\\/wp-content\\\/uploads\\\/2026\\\/09\\\/mha-sari-beyaz-7729.png\",\"datePublished\":\"2026-09-04T07:15:54+00:00\",\"breadcrumb\":{\"@id\":\"https:\\\/\\\/kibrisdakik.com\\\/?p=120018#breadcrumb\"},\"inLanguage\":\"tr\",\"potentialAction\":[{\"@type\":\"ReadAction\",\"target\":[\"https:\\\/\\\/kibrisdakik.com\\\/?p=120018\"]}]},{\"@type\":\"ImageObject\",\"inLanguage\":\"tr\",\"@id\":\"https:\\\/\\\/kibrisdakik.com\\\/?p=120018#primaryimage\",\"url\":\"https:\\\/\\\/kibrisdakik.com\\\/wp-content\\\/uploads\\\/2026\\\/09\\\/mha-sari-beyaz-7729.png\",\"contentUrl\":\"https:\\\/\\\/kibrisdakik.com\\\/wp-content\\\/uploads\\\/2026\\\/09\\\/mha-sari-beyaz-7729.png\",\"width\":1280,\"height\":720},{\"@type\":\"BreadcrumbList\",\"@id\":\"https:\\\/\\\/kibrisdakik.com\\\/?p=120018#breadcrumb\",\"itemListElement\":[{\"@type\":\"ListItem\",\"position\":1,\"name\":\"Home\",\"item\":\"https:\\\/\\\/kibrisdakik.com\\\/\"},{\"@type\":\"ListItem\",\"position\":2,\"name\":\"K\u0130ML\u0130K TESP\u0130T\u0130 TAMAMLANAN 15 \u015eEH\u0130T, PAZARTES\u0130 G\u00dcN\u00dc ATLILAR \u015eEH\u0130TL\u0130\u011e\u0130\u2019NE DEFNED\u0130LECEK\"}]},{\"@type\":\"WebSite\",\"@id\":\"https:\\\/\\\/kibrisdakik.com\\\/#website\",\"url\":\"https:\\\/\\\/kibrisdakik.com\\\/\",\"name\":\"K\u0131br\u0131s Dakik\",\"description\":\"Tam vaktinde haber\",\"publisher\":{\"@id\":\"https:\\\/\\\/kibrisdakik.com\\\/#organization\"},\"potentialAction\":[{\"@type\":\"SearchAction\",\"target\":{\"@type\":\"EntryPoint\",\"urlTemplate\":\"https:\\\/\\\/kibrisdakik.com\\\/?s={search_term_string}\"},\"query-input\":{\"@type\":\"PropertyValueSpecification\",\"valueRequired\":true,\"valueName\":\"search_term_string\"}}],\"inLanguage\":\"tr\"},{\"@type\":\"Organization\",\"@id\":\"https:\\\/\\\/kibrisdakik.com\\\/#organization\",\"name\":\"K\u0131br\u0131s Dakik\",\"url\":\"https:\\\/\\\/kibrisdakik.com\\\/\",\"logo\":{\"@type\":\"ImageObject\",\"inLanguage\":\"tr\",\"@id\":\"https:\\\/\\\/kibrisdakik.com\\\/#\\\/schema\\\/logo\\\/image\\\/\",\"url\":\"https:\\\/\\\/kibrisdakik.com\\\/wp-content\\\/uploads\\\/2025\\\/10\\\/cropped-WhatsApp-Image-2025-10-02-at-12.58.31.jpeg\",\"contentUrl\":\"https:\\\/\\\/kibrisdakik.com\\\/wp-content\\\/uploads\\\/2025\\\/10\\\/cropped-WhatsApp-Image-2025-10-02-at-12.58.31.jpeg\",\"width\":1237,\"height\":190,\"caption\":\"K\u0131br\u0131s Dakik\"},\"image\":{\"@id\":\"https:\\\/\\\/kibrisdakik.com\\\/#\\\/schema\\\/logo\\\/image\\\/\"}},{\"@type\":\"Person\",\"@id\":\"https:\\\/\\\/kibrisdakik.com\\\/#\\\/schema\\\/person\\\/9cd9d437bbb44f72b73ba127e06d8e79\",\"name\":\"admin\",\"image\":{\"@type\":\"ImageObject\",\"inLanguage\":\"tr\",\"@id\":\"https:\\\/\\\/secure.gravatar.com\\\/avatar\\\/ccc17943b9d660506c869530f897617f7cb1c21a4bf30023f252596d83e1f007?s=96&d=mm&r=g\",\"url\":\"https:\\\/\\\/secure.gravatar.com\\\/avatar\\\/ccc17943b9d660506c869530f897617f7cb1c21a4bf30023f252596d83e1f007?s=96&d=mm&r=g\",\"contentUrl\":\"https:\\\/\\\/secure.gravatar.com\\\/avatar\\\/ccc17943b9d660506c869530f897617f7cb1c21a4bf30023f252596d83e1f007?s=96&d=mm&r=g\",\"caption\":\"admin\"},\"sameAs\":[\"https:\\\/\\\/kibrisdakik.com\"],\"url\":\"https:\\\/\\\/kibrisdakik.com\\\/?author=1\"}]}<\/script>\n<!-- \/ Yoast SEO plugin. -->","yoast_head_json":{"title":"K\u0130ML\u0130K TESP\u0130T\u0130 TAMAMLANAN 15 \u015eEH\u0130T, PAZARTES\u0130 G\u00dcN\u00dc ATLILAR \u015eEH\u0130TL\u0130\u011e\u0130\u2019NE DEFNED\u0130LECEK -","robots":{"index":"index","follow":"follow","max-snippet":"max-snippet:-1","max-image-preview":"max-image-preview:large","max-video-preview":"max-video-preview:-1"},"canonical":"https:\/\/kibrisdakik.com\/?p=120018","og_locale":"tr_TR","og_type":"article","og_title":"K\u0130ML\u0130K TESP\u0130T\u0130 TAMAMLANAN 15 \u015eEH\u0130T, PAZARTES\u0130 G\u00dcN\u00dc ATLILAR \u015eEH\u0130TL\u0130\u011e\u0130\u2019NE DEFNED\u0130LECEK -","og_description":"Kay\u0131p \u015eah\u0131slar Komitesi (K\u015eK) taraf\u0131ndan kimlik tespitleri tamamlanan 15 K\u0131br\u0131sl\u0131 T\u00fcrk \u015fehit, 7 Eyl\u00fcl Pazartesi g\u00fcn\u00fc saat 10.00\u2019da Atl\u0131lar \u015eehitli\u011fi\u2019nde d\u00fczenlenecek t\u00f6renle topra\u011fa verilecek. Atl\u0131lar \u015eehitli\u011fi\u2019nde 1 Eyl\u00fcl\u2019de yap\u0131lmas\u0131 planlanan defin t\u00f6reni, Girne a\u00e7\u0131klar\u0131nda meydana gelen ve can kay\u0131plar\u0131na neden olan feribot kazas\u0131 nedeniyle ertelenmi\u015fti. Milli G\u00fcnleri Kutlama Merkez Komitesi Ba\u015fkan\u0131 Asu Muhtaro\u011flu taraf\u0131ndan yap\u0131lan","og_url":"https:\/\/kibrisdakik.com\/?p=120018","article_published_time":"2026-09-04T07:15:54+00:00","og_image":[{"url":"https:\/\/mhahabercom.teimg.com\/crop\/1280x720\/mhahaber-com\/uploads\/2026\/09\/mha-sari-beyaz-7729.png","type":"","width":"","height":""}],"author":"admin","twitter_card":"summary_large_image","twitter_misc":{"Yazan:":"admin","Tahmini okuma s\u00fcresi":"1 dakika"},"schema":{"@context":"https:\/\/schema.org","@graph":[{"@type":"Article","@id":"https:\/\/kibrisdakik.com\/?p=120018#article","isPartOf":{"@id":"https:\/\/kibrisdakik.com\/?p=120018"},"author":{"name":"admin","@id":"https:\/\/kibrisdakik.com\/#\/schema\/person\/9cd9d437bbb44f72b73ba127e06d8e79"},"headline":"K\u0130ML\u0130K TESP\u0130T\u0130 TAMAMLANAN 15 \u015eEH\u0130T, PAZARTES\u0130 G\u00dcN\u00dc ATLILAR \u015eEH\u0130TL\u0130\u011e\u0130\u2019NE DEFNED\u0130LECEK","datePublished":"2026-09-04T07:15:54+00:00","mainEntityOfPage":{"@id":"https:\/\/kibrisdakik.com\/?p=120018"},"wordCount":265,"commentCount":0,"publisher":{"@id":"https:\/\/kibrisdakik.com\/#organization"},"image":{"@id":"https:\/\/kibrisdakik.com\/?p=120018#primaryimage"},"thumbnailUrl":"https:\/\/kibrisdakik.com\/wp-content\/uploads\/2026\/09\/mha-sari-beyaz-7729.png","articleSection":["K\u0131br\u0131s"],"inLanguage":"tr","potentialAction":[{"@type":"CommentAction","name":"Comment","target":["https:\/\/kibrisdakik.com\/?p=120018#respond"]}]},{"@type":"WebPage","@id":"https:\/\/kibrisdakik.com\/?p=120018","url":"https:\/\/kibrisdakik.com\/?p=120018","name":"K\u0130ML\u0130K TESP\u0130T\u0130 TAMAMLANAN 15 \u015eEH\u0130T, PAZARTES\u0130 G\u00dcN\u00dc ATLILAR \u015eEH\u0130TL\u0130\u011e\u0130\u2019NE DEFNED\u0130LECEK -","isPartOf":{"@id":"https:\/\/kibrisdakik.com\/#website"},"primaryImageOfPage":{"@id":"https:\/\/kibrisdakik.com\/?p=120018#primaryimage"},"image":{"@id":"https:\/\/kibrisdakik.com\/?p=120018#primaryimage"},"thumbnailUrl":"https:\/\/kibrisdakik.com\/wp-content\/uploads\/2026\/09\/mha-sari-beyaz-7729.png","datePublished":"2026-09-04T07:15:54+00:00","breadcrumb":{"@id":"https:\/\/kibrisdakik.com\/?p=120018#breadcrumb"},"inLanguage":"tr","potentialAction":[{"@type":"ReadAction","target":["https:\/\/kibrisdakik.com\/?p=120018"]}]},{"@type":"ImageObject","inLanguage":"tr","@id":"https:\/\/kibrisdakik.com\/?p=120018#primaryimage","url":"https:\/\/kibrisdakik.com\/wp-content\/uploads\/2026\/09\/mha-sari-beyaz-7729.png","contentUrl":"https:\/\/kibrisdakik.com\/wp-content\/uploads\/2026\/09\/mha-sari-beyaz-7729.png","width":1280,"height":720},{"@type":"BreadcrumbList","@id":"https:\/\/kibrisdakik.com\/?p=120018#breadcrumb","itemListElement":[{"@type":"ListItem","position":1,"name":"Home","item":"https:\/\/kibrisdakik.com\/"},{"@type":"ListItem","position":2,"name":"K\u0130ML\u0130K TESP\u0130T\u0130 TAMAMLANAN 15 \u015eEH\u0130T, PAZARTES\u0130 G\u00dcN\u00dc ATLILAR \u015eEH\u0130TL\u0130\u011e\u0130\u2019NE DEFNED\u0130LECEK"}]},{"@type":"WebSite","@id":"https:\/\/kibrisdakik.com\/#website","url":"https:\/\/kibrisdakik.com\/","name":"K\u0131br\u0131s Dakik","description":"Tam vaktinde haber","publisher":{"@id":"https:\/\/kibrisdakik.com\/#organization"},"potentialAction":[{"@type":"SearchAction","target":{"@type":"EntryPoint","urlTemplate":"https:\/\/kibrisdakik.com\/?s={search_term_string}"},"query-input":{"@type":"PropertyValueSpecification","valueRequired":true,"valueName":"search_term_string"}}],"inLanguage":"tr"},{"@type":"Organization","@id":"https:\/\/kibrisdakik.com\/#organization","name":"K\u0131br\u0131s Dakik","url":"https:\/\/kibrisdakik.com\/","logo":{"@type":"ImageObject","inLanguage":"tr","@id":"https:\/\/kibrisdakik.com\/#\/schema\/logo\/image\/","url":"https:\/\/kibrisdakik.com\/wp-content\/uploads\/2025\/10\/cropped-WhatsApp-Image-2025-10-02-at-12.58.31.jpeg","contentUrl":"https:\/\/kibrisdakik.com\/wp-content\/uploads\/2025\/10\/cropped-WhatsApp-Image-2025-10-02-at-12.58.31.jpeg","width":1237,"height":190,"caption":"K\u0131br\u0131s Dakik"},"image":{"@id":"https:\/\/kibrisdakik.com\/#\/schema\/logo\/image\/"}},{"@type":"Person","@id":"https:\/\/kibrisdakik.com\/#\/schema\/person\/9cd9d437bbb44f72b73ba127e06d8e79","name":"admin","image":{"@type":"ImageObject","inLanguage":"tr","@id":"https:\/\/secure.gravatar.com\/avatar\/ccc17943b9d660506c869530f897617f7cb1c21a4bf30023f252596d83e1f007?s=96&d=mm&r=g","url":"https:\/\/secure.gravatar.com\/avatar\/ccc17943b9d660506c869530f897617f7cb1c21a4bf30023f252596d83e1f007?s=96&d=mm&r=g","contentUrl":"https:\/\/secure.gravatar.com\/avatar\/ccc17943b9d660506c869530f897617f7cb1c21a4bf30023f252596d83e1f007?s=96&d=mm&r=g","caption":"admin"},"sameAs":["https:\/\/kibrisdakik.com"],"url":"https:\/\/kibrisdakik.com\/?author=1"}]}},"_links":{"self":[{"href":"https:\/\/kibrisdakik.com\/index.php?rest_route=\/wp\/v2\/posts\/120018","targetHints":{"allow":["GET"]}}],"collection":[{"href":"https:\/\/kibrisdakik.com\/index.php?rest_route=\/wp\/v2\/posts"}],"about":[{"href":"https:\/\/kibrisdakik.com\/index.php?rest_route=\/wp\/v2\/types\/post"}],"author":[{"embeddable":true,"href":"https:\/\/kibrisdakik.com\/index.php?rest_route=\/wp\/v2\/users\/1"}],"replies":[{"embeddable":true,"href":"https:\/\/kibrisdakik.com\/index.php?rest_route=%2Fwp%2Fv2%2Fcomments&post=120018"}],"version-history":[{"count":0,"href":"https:\/\/kibrisdakik.com\/index.php?rest_route=\/wp\/v2\/posts\/120018\/revisions"}],"wp:featuredmedia":[{"embeddable":true,"href":"https:\/\/kibrisdakik.com\/index.php?rest_route=\/wp\/v2\/media\/120019"}],"wp:attachment":[{"href":"https:\/\/kibrisdakik.com\/index.php?rest_route=%2Fwp%2Fv2%2Fmedia&parent=120018"}],"wp:term":[{"taxonomy":"category","embeddable":true,"href":"https:\/\/kibrisdakik.com\/index.php?rest_route=%2Fwp%2Fv2%2Fcategories&post=120018"},{"taxonomy":"post_tag","embeddable":true,"href":"https:\/\/kibrisdakik.com\/index.php?rest_route=%2Fwp%2Fv2%2Ftags&post=120018"}],"curies":[{"name":"wp","href":"https:\/\/api.w.org\/{rel}","templated":true}]}}