{"id":120022,"date":"2026-09-04T10:38:58","date_gmt":"2026-09-04T07:38:58","guid":{"rendered":"https:\/\/kibrisdakik.com\/?p=120022"},"modified":"2026-09-04T10:38:58","modified_gmt":"2026-09-04T07:38:58","slug":"kahramanmarastaki-okul-saldirisinda-silahlar-babaya-ait-cikti","status":"publish","type":"post","link":"https:\/\/kibrisdakik.com\/?p=120022","title":{"rendered":"KAHRAMANMARA\u015e\u2019TAK\u0130 OKUL SALDIRISINDA S\u0130LAHLAR BABAYA A\u0130T \u00c7IKTI"},"content":{"rendered":"<p><\/p>\n<div data-text-id=\"207272\" property=\"articleBody\">\n<p>KAHRAMANMARA\u015e\u2019TAK\u0130 OKUL SALDIRISINDA \u0130DD\u0130ANAME TAMAMLANDI<\/p>\n<p>Kahramanmara\u015f\u2019\u0131n Oniki\u015fubat il\u00e7esindeki Ayser \u00c7al\u0131k Ortaokulu\u2019nda 9 \u00f6\u011frenci ile bir \u00f6\u011fretmenin hayat\u0131n\u0131 kaybetti\u011fi silahl\u0131 sald\u0131r\u0131ya ili\u015fkin soru\u015fturma tamamland\u0131.<\/p>\n<p>Kahramanmara\u015f Cumhuriyet Ba\u015fsavc\u0131l\u0131\u011f\u0131 taraf\u0131ndan haz\u0131rlanan iddianamede, sald\u0131rgan \u0130sa Aras Mersinli\u2019nin babas\u0131 U\u011fur Mersinli ile annesi Peyman P\u0131nar Mersinli hakk\u0131nda \u00e7e\u015fitli su\u00e7lamalar y\u00f6neltildi.<\/p>\n<h2>\u0130stenen cezalar<\/h2>\n<p>Kahramanmara\u015f 3. A\u011f\u0131r Ceza Mahkemesi\u2019nde g\u00f6r\u00fclecek davada U\u011fur Mersinli\u2019nin, \u201colas\u0131 kastla \u00f6ld\u00fcrme\u201d su\u00e7undan 10 kez m\u00fcebbet ve \u201colas\u0131 kastla yaralama\u201d su\u00e7undan 30 y\u0131la kadar hapis cezas\u0131 istemiyle yarg\u0131lanmas\u0131 talep edildi.<\/p>\n<p>Peyman P\u0131nar Mersinli hakk\u0131nda ise \u201cbilin\u00e7li taksirle birden fazla ki\u015finin \u00f6l\u00fcm\u00fcne ve yaralanmas\u0131na neden olma\u201d su\u00e7undan 22,5 y\u0131la kadar hapis cezas\u0131 istendi.<\/p>\n<p>Sald\u0131rgan\u0131n anne ve babas\u0131 bug\u00fcn hakim kar\u015f\u0131s\u0131na \u00e7\u0131kt\u0131.<\/p>\n<p>Duru\u015fma \u00f6ncesinde ailelerin avukat\u0131 \u00d6zcan Kara, davada verilecek karar\u0131n ebeveynlerin \u00e7ocuklar\u0131n\u0131n e\u011fitimi ve g\u00f6zetimi konusundaki sorumluluklar\u0131 a\u00e7\u0131s\u0131ndan \u00f6nemli bir hukuki belge niteli\u011fi ta\u015f\u0131yaca\u011f\u0131n\u0131 ve topluma y\u00f6n verebilece\u011fini s\u00f6yledi.<\/p>\n<p>Kara, iddianamenin temel gerek\u00e7eleri aras\u0131nda evde bulunan silahlar\u0131n yer ald\u0131\u011f\u0131n\u0131 belirterek, 7 adet dolu \u015farj\u00f6rl\u00fc tabanca ile 2 av t\u00fcfe\u011finin bulundu\u011funu ifade etti.<\/p>\n<p>Kara, ailenin \u00e7ocu\u011fun psikolojik sorunlar\u0131n\u0131n bulundu\u011funu bildi\u011fini ve buna ra\u011fmen silahlar\u0131n evde muhafaza edildi\u011fini \u00f6ne s\u00fcrerek, \u201cSavc\u0131l\u0131\u011f\u0131n en temel gerek\u00e7esi bunlard\u0131r. Bunun d\u0131\u015f\u0131nda \u00e7ocu\u011fa at\u0131\u015f poligonunda at\u0131\u015f yapt\u0131rmas\u0131 da ayr\u0131 bir kusurlar\u0131d\u0131r\u201d dedi.<\/p>\n<h2>\u0130ddianamede silah ve g\u00f6zetim detaylar\u0131<\/h2>\n<p>\u0130ddianamede savc\u0131l\u0131k, polis ba\u015fm\u00fcfetti\u015fi olan U\u011fur Mersinli\u2019nin \u00e7ocu\u011funun psikolojik durumunu, kendisine zarar verme davran\u0131\u015flar\u0131n\u0131 ve silahlara y\u00f6nelik ilgisini bildi\u011fi halde gerekli tedbirleri almad\u0131\u011f\u0131n\u0131 ileri s\u00fcrd\u00fc.<\/p>\n<p>Baban\u0131n, sald\u0131rgan\u0131 at\u0131\u015f poligonuna g\u00f6t\u00fcrerek silah kullanmas\u0131na izin verdi\u011fi, \u00e7ok say\u0131da silah\u0131 evde kolay ula\u015f\u0131labilir \u015fekilde bulundurdu\u011fu ve dijital faaliyetlerini yeterince denetlemedi\u011fi iddia edildi.<\/p>\n<p>\u0130ddianamede, Mersinli\u2019nin sald\u0131r\u0131 sonucunda meydana gelebilecek \u00f6l\u00fcm ve yaralanmalar\u0131 \u00f6ng\u00f6rebilecek durumda oldu\u011fu savunuldu.<\/p>\n<p>Anne Peyman P\u0131nar Mersinli hakk\u0131nda ise \u00e7ocu\u011funun psikolojik sorunlar\u0131na ili\u015fkin uyar\u0131lara ra\u011fmen gerekli sa\u011fl\u0131k ba\u015fvurular\u0131n\u0131 yapt\u0131rmad\u0131\u011f\u0131 ve tehlikeyi \u00f6ng\u00f6rmesine kar\u015f\u0131n gerekli dikkat ve \u00f6zeni g\u00f6stermedi\u011fi iddias\u0131na yer verildi.<\/p>\n<p>Her iki \u015f\u00fcpheli de ifadelerinde \u00fczerlerine y\u00f6neltilen su\u00e7lamalar\u0131 kabul etmedi.<\/p>\n<h2>Olay yerinde 5 tabanca ve 84 kovan bulundu<\/h2>\n<p>Soru\u015fturma kapsam\u0131nda yap\u0131lan incelemelerde koridorun sonunda 5 tabanca, 2 bo\u015f \u015farj\u00f6r ve silahlar\u0131n ta\u015f\u0131nmas\u0131nda kullan\u0131ld\u0131\u011f\u0131 de\u011ferlendirilen bir \u00e7anta bulundu.<\/p>\n<p>Olay yerinden toplam 84 kovan topland\u0131.<\/p>\n<p>Kriminal incelemelerde, sald\u0131r\u0131da hayat\u0131n\u0131 kaybeden ve yaralanan ki\u015filere isabet eden mermilerin olayda kullan\u0131lan silahlardan ate\u015flendi\u011fi tespit edildi.<\/p>\n<p>\u0130ddianamede, sald\u0131r\u0131da kullan\u0131lan silahlar\u0131n U\u011fur Mersinli ad\u0131na ruhsatl\u0131 oldu\u011fu belirtildi.<\/p>\n<h2>Sald\u0131r\u0131 \u00f6ncesinde okul krokisi \u00e7izilmi\u015f<\/h2>\n<p>Sald\u0131rgan\u0131n cep telefonu ve bilgisayar\u0131nda yap\u0131lan incelemelerde okulun t\u00fckenmez kalemle \u00e7izilmi\u015f krokilerine ula\u015f\u0131ld\u0131.<\/p>\n<p>Cep telefonunda, farkl\u0131 tarihlerde babas\u0131na ait silahlarla \u00e7ekilmi\u015f foto\u011fraflar\u0131n yan\u0131 s\u0131ra sald\u0131r\u0131dan iki g\u00fcn \u00f6nce babas\u0131yla birlikte gitti\u011fi at\u0131\u015f poligonuna ait g\u00f6r\u00fcnt\u00fcler de tespit edildi.<\/p>\n<p>\u0130ddianamede ayr\u0131ca sald\u0131rgan\u0131n bilgisayar\u0131nda 11 Nisan 2026 tarihli bir belge bulundu\u011fu belirtildi. Belgede sald\u0131r\u0131n\u0131n nas\u0131l ger\u00e7ekle\u015ftirilece\u011fine ili\u015fkin ayr\u0131nt\u0131l\u0131 planlar\u0131n yer ald\u0131\u011f\u0131, silah ve \u015farj\u00f6rlerin haz\u0131rlanmas\u0131, okulun \u00e7\u0131k\u0131\u015flar\u0131n\u0131n kapat\u0131lmas\u0131, tuvaletlerde silahlan\u0131lmas\u0131 ve s\u0131n\u0131flara girilerek ate\u015f edilmesine ili\u015fkin ifadelerin bulundu\u011fu aktar\u0131ld\u0131.<\/p>\n<\/p><\/div>\n","protected":false},"excerpt":{"rendered":"<p>KAHRAMANMARA\u015e\u2019TAK\u0130 OKUL SALDIRISINDA \u0130DD\u0130ANAME TAMAMLANDI Kahramanmara\u015f\u2019\u0131n Oniki\u015fubat il\u00e7esindeki Ayser \u00c7al\u0131k Ortaokulu\u2019nda 9 \u00f6\u011frenci ile bir \u00f6\u011fretmenin hayat\u0131n\u0131 kaybetti\u011fi silahl\u0131 sald\u0131r\u0131ya ili\u015fkin soru\u015fturma tamamland\u0131. Kahramanmara\u015f Cumhuriyet Ba\u015fsavc\u0131l\u0131\u011f\u0131 taraf\u0131ndan haz\u0131rlanan iddianamede, sald\u0131rgan \u0130sa Aras Mersinli\u2019nin babas\u0131 U\u011fur Mersinli ile annesi Peyman P\u0131nar Mersinli hakk\u0131nda \u00e7e\u015fitli su\u00e7lamalar y\u00f6neltildi. \u0130stenen cezalar Kahramanmara\u015f 3. A\u011f\u0131r Ceza Mahkemesi\u2019nde g\u00f6r\u00fclecek davada U\u011fur<\/p>\n","protected":false},"author":1,"featured_media":120023,"comment_status":"open","ping_status":"open","sticky":false,"template":"","format":"standard","meta":{"footnotes":""},"categories":[81],"tags":[],"class_list":["post-120022","post","type-post","status-publish","format-standard","has-post-thumbnail","hentry","category-kibris"],"yoast_head":"<!-- This site is optimized with the Yoast SEO plugin v28.4 - https:\/\/yoast.com\/product\/yoast-seo-wordpress\/ -->\n<title>KAHRAMANMARA\u015e\u2019TAK\u0130 OKUL SALDIRISINDA S\u0130LAHLAR BABAYA A\u0130T \u00c7IKTI -<\/title>\n<meta name=\"robots\" content=\"index, follow, max-snippet:-1, max-image-preview:large, max-video-preview:-1\" \/>\n<link rel=\"canonical\" href=\"https:\/\/kibrisdakik.com\/?p=120022\" \/>\n<meta property=\"og:locale\" content=\"tr_TR\" \/>\n<meta property=\"og:type\" content=\"article\" \/>\n<meta property=\"og:title\" content=\"KAHRAMANMARA\u015e\u2019TAK\u0130 OKUL SALDIRISINDA S\u0130LAHLAR BABAYA A\u0130T \u00c7IKTI -\" \/>\n<meta property=\"og:description\" content=\"KAHRAMANMARA\u015e\u2019TAK\u0130 OKUL SALDIRISINDA \u0130DD\u0130ANAME TAMAMLANDI Kahramanmara\u015f\u2019\u0131n Oniki\u015fubat il\u00e7esindeki Ayser \u00c7al\u0131k Ortaokulu\u2019nda 9 \u00f6\u011frenci ile bir \u00f6\u011fretmenin hayat\u0131n\u0131 kaybetti\u011fi silahl\u0131 sald\u0131r\u0131ya ili\u015fkin soru\u015fturma tamamland\u0131. Kahramanmara\u015f Cumhuriyet Ba\u015fsavc\u0131l\u0131\u011f\u0131 taraf\u0131ndan haz\u0131rlanan iddianamede, sald\u0131rgan \u0130sa Aras Mersinli\u2019nin babas\u0131 U\u011fur Mersinli ile annesi Peyman P\u0131nar Mersinli hakk\u0131nda \u00e7e\u015fitli su\u00e7lamalar y\u00f6neltildi. \u0130stenen cezalar Kahramanmara\u015f 3. A\u011f\u0131r Ceza Mahkemesi\u2019nde g\u00f6r\u00fclecek davada U\u011fur\" \/>\n<meta property=\"og:url\" content=\"https:\/\/kibrisdakik.com\/?p=120022\" \/>\n<meta property=\"article:published_time\" content=\"2026-09-04T07:38:58+00:00\" \/>\n<meta property=\"og:image\" content=\"https:\/\/mhahabercom.teimg.com\/crop\/1280x720\/mhahaber-com\/uploads\/2026\/09\/mha-sari-beyaz-7731.png\" \/>\n<meta name=\"author\" content=\"admin\" \/>\n<meta name=\"twitter:card\" content=\"summary_large_image\" \/>\n<meta name=\"twitter:label1\" content=\"Yazan:\" \/>\n\t<meta name=\"twitter:data1\" content=\"admin\" \/>\n\t<meta name=\"twitter:label2\" content=\"Tahmini okuma s\u00fcresi\" \/>\n\t<meta name=\"twitter:data2\" content=\"3 dakika\" \/>\n<script type=\"application\/ld+json\" class=\"yoast-schema-graph\">{\"@context\":\"https:\\\/\\\/schema.org\",\"@graph\":[{\"@type\":\"Article\",\"@id\":\"https:\\\/\\\/kibrisdakik.com\\\/?p=120022#article\",\"isPartOf\":{\"@id\":\"https:\\\/\\\/kibrisdakik.com\\\/?p=120022\"},\"author\":{\"name\":\"admin\",\"@id\":\"https:\\\/\\\/kibrisdakik.com\\\/#\\\/schema\\\/person\\\/9cd9d437bbb44f72b73ba127e06d8e79\"},\"headline\":\"KAHRAMANMARA\u015e\u2019TAK\u0130 OKUL SALDIRISINDA S\u0130LAHLAR BABAYA A\u0130T \u00c7IKTI\",\"datePublished\":\"2026-09-04T07:38:58+00:00\",\"mainEntityOfPage\":{\"@id\":\"https:\\\/\\\/kibrisdakik.com\\\/?p=120022\"},\"wordCount\":644,\"commentCount\":0,\"publisher\":{\"@id\":\"https:\\\/\\\/kibrisdakik.com\\\/#organization\"},\"image\":{\"@id\":\"https:\\\/\\\/kibrisdakik.com\\\/?p=120022#primaryimage\"},\"thumbnailUrl\":\"https:\\\/\\\/kibrisdakik.com\\\/wp-content\\\/uploads\\\/2026\\\/09\\\/mha-sari-beyaz-7731.png\",\"articleSection\":[\"K\u0131br\u0131s\"],\"inLanguage\":\"tr\",\"potentialAction\":[{\"@type\":\"CommentAction\",\"name\":\"Comment\",\"target\":[\"https:\\\/\\\/kibrisdakik.com\\\/?p=120022#respond\"]}]},{\"@type\":\"WebPage\",\"@id\":\"https:\\\/\\\/kibrisdakik.com\\\/?p=120022\",\"url\":\"https:\\\/\\\/kibrisdakik.com\\\/?p=120022\",\"name\":\"KAHRAMANMARA\u015e\u2019TAK\u0130 OKUL SALDIRISINDA S\u0130LAHLAR BABAYA A\u0130T \u00c7IKTI -\",\"isPartOf\":{\"@id\":\"https:\\\/\\\/kibrisdakik.com\\\/#website\"},\"primaryImageOfPage\":{\"@id\":\"https:\\\/\\\/kibrisdakik.com\\\/?p=120022#primaryimage\"},\"image\":{\"@id\":\"https:\\\/\\\/kibrisdakik.com\\\/?p=120022#primaryimage\"},\"thumbnailUrl\":\"https:\\\/\\\/kibrisdakik.com\\\/wp-content\\\/uploads\\\/2026\\\/09\\\/mha-sari-beyaz-7731.png\",\"datePublished\":\"2026-09-04T07:38:58+00:00\",\"breadcrumb\":{\"@id\":\"https:\\\/\\\/kibrisdakik.com\\\/?p=120022#breadcrumb\"},\"inLanguage\":\"tr\",\"potentialAction\":[{\"@type\":\"ReadAction\",\"target\":[\"https:\\\/\\\/kibrisdakik.com\\\/?p=120022\"]}]},{\"@type\":\"ImageObject\",\"inLanguage\":\"tr\",\"@id\":\"https:\\\/\\\/kibrisdakik.com\\\/?p=120022#primaryimage\",\"url\":\"https:\\\/\\\/kibrisdakik.com\\\/wp-content\\\/uploads\\\/2026\\\/09\\\/mha-sari-beyaz-7731.png\",\"contentUrl\":\"https:\\\/\\\/kibrisdakik.com\\\/wp-content\\\/uploads\\\/2026\\\/09\\\/mha-sari-beyaz-7731.png\",\"width\":1280,\"height\":720},{\"@type\":\"BreadcrumbList\",\"@id\":\"https:\\\/\\\/kibrisdakik.com\\\/?p=120022#breadcrumb\",\"itemListElement\":[{\"@type\":\"ListItem\",\"position\":1,\"name\":\"Home\",\"item\":\"https:\\\/\\\/kibrisdakik.com\\\/\"},{\"@type\":\"ListItem\",\"position\":2,\"name\":\"KAHRAMANMARA\u015e\u2019TAK\u0130 OKUL SALDIRISINDA S\u0130LAHLAR BABAYA A\u0130T \u00c7IKTI\"}]},{\"@type\":\"WebSite\",\"@id\":\"https:\\\/\\\/kibrisdakik.com\\\/#website\",\"url\":\"https:\\\/\\\/kibrisdakik.com\\\/\",\"name\":\"K\u0131br\u0131s Dakik\",\"description\":\"Tam vaktinde haber\",\"publisher\":{\"@id\":\"https:\\\/\\\/kibrisdakik.com\\\/#organization\"},\"potentialAction\":[{\"@type\":\"SearchAction\",\"target\":{\"@type\":\"EntryPoint\",\"urlTemplate\":\"https:\\\/\\\/kibrisdakik.com\\\/?s={search_term_string}\"},\"query-input\":{\"@type\":\"PropertyValueSpecification\",\"valueRequired\":true,\"valueName\":\"search_term_string\"}}],\"inLanguage\":\"tr\"},{\"@type\":\"Organization\",\"@id\":\"https:\\\/\\\/kibrisdakik.com\\\/#organization\",\"name\":\"K\u0131br\u0131s Dakik\",\"url\":\"https:\\\/\\\/kibrisdakik.com\\\/\",\"logo\":{\"@type\":\"ImageObject\",\"inLanguage\":\"tr\",\"@id\":\"https:\\\/\\\/kibrisdakik.com\\\/#\\\/schema\\\/logo\\\/image\\\/\",\"url\":\"https:\\\/\\\/kibrisdakik.com\\\/wp-content\\\/uploads\\\/2025\\\/10\\\/cropped-WhatsApp-Image-2025-10-02-at-12.58.31.jpeg\",\"contentUrl\":\"https:\\\/\\\/kibrisdakik.com\\\/wp-content\\\/uploads\\\/2025\\\/10\\\/cropped-WhatsApp-Image-2025-10-02-at-12.58.31.jpeg\",\"width\":1237,\"height\":190,\"caption\":\"K\u0131br\u0131s Dakik\"},\"image\":{\"@id\":\"https:\\\/\\\/kibrisdakik.com\\\/#\\\/schema\\\/logo\\\/image\\\/\"}},{\"@type\":\"Person\",\"@id\":\"https:\\\/\\\/kibrisdakik.com\\\/#\\\/schema\\\/person\\\/9cd9d437bbb44f72b73ba127e06d8e79\",\"name\":\"admin\",\"image\":{\"@type\":\"ImageObject\",\"inLanguage\":\"tr\",\"@id\":\"https:\\\/\\\/secure.gravatar.com\\\/avatar\\\/ccc17943b9d660506c869530f897617f7cb1c21a4bf30023f252596d83e1f007?s=96&d=mm&r=g\",\"url\":\"https:\\\/\\\/secure.gravatar.com\\\/avatar\\\/ccc17943b9d660506c869530f897617f7cb1c21a4bf30023f252596d83e1f007?s=96&d=mm&r=g\",\"contentUrl\":\"https:\\\/\\\/secure.gravatar.com\\\/avatar\\\/ccc17943b9d660506c869530f897617f7cb1c21a4bf30023f252596d83e1f007?s=96&d=mm&r=g\",\"caption\":\"admin\"},\"sameAs\":[\"https:\\\/\\\/kibrisdakik.com\"],\"url\":\"https:\\\/\\\/kibrisdakik.com\\\/?author=1\"}]}<\/script>\n<!-- \/ Yoast SEO plugin. -->","yoast_head_json":{"title":"KAHRAMANMARA\u015e\u2019TAK\u0130 OKUL SALDIRISINDA S\u0130LAHLAR BABAYA A\u0130T \u00c7IKTI -","robots":{"index":"index","follow":"follow","max-snippet":"max-snippet:-1","max-image-preview":"max-image-preview:large","max-video-preview":"max-video-preview:-1"},"canonical":"https:\/\/kibrisdakik.com\/?p=120022","og_locale":"tr_TR","og_type":"article","og_title":"KAHRAMANMARA\u015e\u2019TAK\u0130 OKUL SALDIRISINDA S\u0130LAHLAR BABAYA A\u0130T \u00c7IKTI -","og_description":"KAHRAMANMARA\u015e\u2019TAK\u0130 OKUL SALDIRISINDA \u0130DD\u0130ANAME TAMAMLANDI Kahramanmara\u015f\u2019\u0131n Oniki\u015fubat il\u00e7esindeki Ayser \u00c7al\u0131k Ortaokulu\u2019nda 9 \u00f6\u011frenci ile bir \u00f6\u011fretmenin hayat\u0131n\u0131 kaybetti\u011fi silahl\u0131 sald\u0131r\u0131ya ili\u015fkin soru\u015fturma tamamland\u0131. Kahramanmara\u015f Cumhuriyet Ba\u015fsavc\u0131l\u0131\u011f\u0131 taraf\u0131ndan haz\u0131rlanan iddianamede, sald\u0131rgan \u0130sa Aras Mersinli\u2019nin babas\u0131 U\u011fur Mersinli ile annesi Peyman P\u0131nar Mersinli hakk\u0131nda \u00e7e\u015fitli su\u00e7lamalar y\u00f6neltildi. \u0130stenen cezalar Kahramanmara\u015f 3. A\u011f\u0131r Ceza Mahkemesi\u2019nde g\u00f6r\u00fclecek davada U\u011fur","og_url":"https:\/\/kibrisdakik.com\/?p=120022","article_published_time":"2026-09-04T07:38:58+00:00","og_image":[{"url":"https:\/\/mhahabercom.teimg.com\/crop\/1280x720\/mhahaber-com\/uploads\/2026\/09\/mha-sari-beyaz-7731.png","type":"","width":"","height":""}],"author":"admin","twitter_card":"summary_large_image","twitter_misc":{"Yazan:":"admin","Tahmini okuma s\u00fcresi":"3 dakika"},"schema":{"@context":"https:\/\/schema.org","@graph":[{"@type":"Article","@id":"https:\/\/kibrisdakik.com\/?p=120022#article","isPartOf":{"@id":"https:\/\/kibrisdakik.com\/?p=120022"},"author":{"name":"admin","@id":"https:\/\/kibrisdakik.com\/#\/schema\/person\/9cd9d437bbb44f72b73ba127e06d8e79"},"headline":"KAHRAMANMARA\u015e\u2019TAK\u0130 OKUL SALDIRISINDA S\u0130LAHLAR BABAYA A\u0130T \u00c7IKTI","datePublished":"2026-09-04T07:38:58+00:00","mainEntityOfPage":{"@id":"https:\/\/kibrisdakik.com\/?p=120022"},"wordCount":644,"commentCount":0,"publisher":{"@id":"https:\/\/kibrisdakik.com\/#organization"},"image":{"@id":"https:\/\/kibrisdakik.com\/?p=120022#primaryimage"},"thumbnailUrl":"https:\/\/kibrisdakik.com\/wp-content\/uploads\/2026\/09\/mha-sari-beyaz-7731.png","articleSection":["K\u0131br\u0131s"],"inLanguage":"tr","potentialAction":[{"@type":"CommentAction","name":"Comment","target":["https:\/\/kibrisdakik.com\/?p=120022#respond"]}]},{"@type":"WebPage","@id":"https:\/\/kibrisdakik.com\/?p=120022","url":"https:\/\/kibrisdakik.com\/?p=120022","name":"KAHRAMANMARA\u015e\u2019TAK\u0130 OKUL SALDIRISINDA S\u0130LAHLAR BABAYA A\u0130T \u00c7IKTI -","isPartOf":{"@id":"https:\/\/kibrisdakik.com\/#website"},"primaryImageOfPage":{"@id":"https:\/\/kibrisdakik.com\/?p=120022#primaryimage"},"image":{"@id":"https:\/\/kibrisdakik.com\/?p=120022#primaryimage"},"thumbnailUrl":"https:\/\/kibrisdakik.com\/wp-content\/uploads\/2026\/09\/mha-sari-beyaz-7731.png","datePublished":"2026-09-04T07:38:58+00:00","breadcrumb":{"@id":"https:\/\/kibrisdakik.com\/?p=120022#breadcrumb"},"inLanguage":"tr","potentialAction":[{"@type":"ReadAction","target":["https:\/\/kibrisdakik.com\/?p=120022"]}]},{"@type":"ImageObject","inLanguage":"tr","@id":"https:\/\/kibrisdakik.com\/?p=120022#primaryimage","url":"https:\/\/kibrisdakik.com\/wp-content\/uploads\/2026\/09\/mha-sari-beyaz-7731.png","contentUrl":"https:\/\/kibrisdakik.com\/wp-content\/uploads\/2026\/09\/mha-sari-beyaz-7731.png","width":1280,"height":720},{"@type":"BreadcrumbList","@id":"https:\/\/kibrisdakik.com\/?p=120022#breadcrumb","itemListElement":[{"@type":"ListItem","position":1,"name":"Home","item":"https:\/\/kibrisdakik.com\/"},{"@type":"ListItem","position":2,"name":"KAHRAMANMARA\u015e\u2019TAK\u0130 OKUL SALDIRISINDA S\u0130LAHLAR BABAYA A\u0130T \u00c7IKTI"}]},{"@type":"WebSite","@id":"https:\/\/kibrisdakik.com\/#website","url":"https:\/\/kibrisdakik.com\/","name":"K\u0131br\u0131s Dakik","description":"Tam vaktinde haber","publisher":{"@id":"https:\/\/kibrisdakik.com\/#organization"},"potentialAction":[{"@type":"SearchAction","target":{"@type":"EntryPoint","urlTemplate":"https:\/\/kibrisdakik.com\/?s={search_term_string}"},"query-input":{"@type":"PropertyValueSpecification","valueRequired":true,"valueName":"search_term_string"}}],"inLanguage":"tr"},{"@type":"Organization","@id":"https:\/\/kibrisdakik.com\/#organization","name":"K\u0131br\u0131s Dakik","url":"https:\/\/kibrisdakik.com\/","logo":{"@type":"ImageObject","inLanguage":"tr","@id":"https:\/\/kibrisdakik.com\/#\/schema\/logo\/image\/","url":"https:\/\/kibrisdakik.com\/wp-content\/uploads\/2025\/10\/cropped-WhatsApp-Image-2025-10-02-at-12.58.31.jpeg","contentUrl":"https:\/\/kibrisdakik.com\/wp-content\/uploads\/2025\/10\/cropped-WhatsApp-Image-2025-10-02-at-12.58.31.jpeg","width":1237,"height":190,"caption":"K\u0131br\u0131s Dakik"},"image":{"@id":"https:\/\/kibrisdakik.com\/#\/schema\/logo\/image\/"}},{"@type":"Person","@id":"https:\/\/kibrisdakik.com\/#\/schema\/person\/9cd9d437bbb44f72b73ba127e06d8e79","name":"admin","image":{"@type":"ImageObject","inLanguage":"tr","@id":"https:\/\/secure.gravatar.com\/avatar\/ccc17943b9d660506c869530f897617f7cb1c21a4bf30023f252596d83e1f007?s=96&d=mm&r=g","url":"https:\/\/secure.gravatar.com\/avatar\/ccc17943b9d660506c869530f897617f7cb1c21a4bf30023f252596d83e1f007?s=96&d=mm&r=g","contentUrl":"https:\/\/secure.gravatar.com\/avatar\/ccc17943b9d660506c869530f897617f7cb1c21a4bf30023f252596d83e1f007?s=96&d=mm&r=g","caption":"admin"},"sameAs":["https:\/\/kibrisdakik.com"],"url":"https:\/\/kibrisdakik.com\/?author=1"}]}},"_links":{"self":[{"href":"https:\/\/kibrisdakik.com\/index.php?rest_route=\/wp\/v2\/posts\/120022","targetHints":{"allow":["GET"]}}],"collection":[{"href":"https:\/\/kibrisdakik.com\/index.php?rest_route=\/wp\/v2\/posts"}],"about":[{"href":"https:\/\/kibrisdakik.com\/index.php?rest_route=\/wp\/v2\/types\/post"}],"author":[{"embeddable":true,"href":"https:\/\/kibrisdakik.com\/index.php?rest_route=\/wp\/v2\/users\/1"}],"replies":[{"embeddable":true,"href":"https:\/\/kibrisdakik.com\/index.php?rest_route=%2Fwp%2Fv2%2Fcomments&post=120022"}],"version-history":[{"count":0,"href":"https:\/\/kibrisdakik.com\/index.php?rest_route=\/wp\/v2\/posts\/120022\/revisions"}],"wp:featuredmedia":[{"embeddable":true,"href":"https:\/\/kibrisdakik.com\/index.php?rest_route=\/wp\/v2\/media\/120023"}],"wp:attachment":[{"href":"https:\/\/kibrisdakik.com\/index.php?rest_route=%2Fwp%2Fv2%2Fmedia&parent=120022"}],"wp:term":[{"taxonomy":"category","embeddable":true,"href":"https:\/\/kibrisdakik.com\/index.php?rest_route=%2Fwp%2Fv2%2Fcategories&post=120022"},{"taxonomy":"post_tag","embeddable":true,"href":"https:\/\/kibrisdakik.com\/index.php?rest_route=%2Fwp%2Fv2%2Ftags&post=120022"}],"curies":[{"name":"wp","href":"https:\/\/api.w.org\/{rel}","templated":true}]}}