{"id":120024,"date":"2026-09-04T10:56:53","date_gmt":"2026-09-04T07:56:53","guid":{"rendered":"https:\/\/kibrisdakik.com\/?p=120024"},"modified":"2026-09-04T10:56:53","modified_gmt":"2026-09-04T07:56:53","slug":"abbas-demirin-bekleyisi-aciyla-sonlandi","status":"publish","type":"post","link":"https:\/\/kibrisdakik.com\/?p=120024","title":{"rendered":"ABBAS DEM\u0130R\u2019\u0130N BEKLEY\u0130\u015e\u0130 ACIYLA SONLANDI"},"content":{"rendered":"<p><\/p>\n<div data-text-id=\"207274\" property=\"articleBody\">\n<p>Girne a\u00e7\u0131klar\u0131nda meydana gelen gemi facias\u0131nda yaral\u0131 olarak kurtulan Abbas Demir\u2019in, kazan\u0131n ard\u0131ndan kay\u0131p olarak aranan e\u015fi Elmas Demir\u2019den ac\u0131 haber geldi.<\/p>\n<p>Facian\u0131n ard\u0131ndan e\u015finden gelecek haberi umutla bekleyen Abbas Demir, daha \u00f6nce verdi\u011fi bir r\u00f6portajda ya\u015fad\u0131\u011f\u0131 ac\u0131y\u0131, <strong>\u201cBen g\u00fcl\u00fcm\u00fc istiyorum\u201d<\/strong> s\u00f6zleriyle dile getirmi\u015f ve e\u015fine bir an \u00f6nce ula\u015f\u0131lmas\u0131n\u0131 istemi\u015fti.<\/p>\n<p>Arama-kurtarma \u00e7al\u0131\u015fmalar\u0131 kapsam\u0131nda yakla\u015f\u0131k 550 metre derinlikte bulunan gemi enkaz\u0131ndan d\u00fcn \u00e7\u0131kar\u0131lan cans\u0131z bedenin <strong>Elmas Demir\u2019e ait oldu\u011fu belirlendi.<\/strong><\/p>\n<p>G\u00fcnlerdir e\u015finden gelecek haberi bekleyen Abbas Demir, yap\u0131lan i\u015flemlerin ard\u0131ndan Elmas Demir\u2019in cenazesini teslim ald\u0131.<\/p>\n<p>Gemi facias\u0131nda kay\u0131p ki\u015filere y\u00f6nelik arama-kurtarma \u00e7al\u0131\u015fmalar\u0131 ile enkaz b\u00f6lgesindeki \u00e7al\u0131\u015fmalar\u0131n s\u00fcrd\u00fc\u011f\u00fc bildirildi.<\/p>\n<\/p><\/div>\n","protected":false},"excerpt":{"rendered":"<p>Girne a\u00e7\u0131klar\u0131nda meydana gelen gemi facias\u0131nda yaral\u0131 olarak kurtulan Abbas Demir\u2019in, kazan\u0131n ard\u0131ndan kay\u0131p olarak aranan e\u015fi Elmas Demir\u2019den ac\u0131 haber geldi. Facian\u0131n ard\u0131ndan e\u015finden gelecek haberi umutla bekleyen Abbas Demir, daha \u00f6nce verdi\u011fi bir r\u00f6portajda ya\u015fad\u0131\u011f\u0131 ac\u0131y\u0131, \u201cBen g\u00fcl\u00fcm\u00fc istiyorum\u201d s\u00f6zleriyle dile getirmi\u015f ve e\u015fine bir an \u00f6nce ula\u015f\u0131lmas\u0131n\u0131 istemi\u015fti. Arama-kurtarma \u00e7al\u0131\u015fmalar\u0131 kapsam\u0131nda yakla\u015f\u0131k<\/p>\n","protected":false},"author":1,"featured_media":120025,"comment_status":"open","ping_status":"open","sticky":false,"template":"","format":"standard","meta":{"footnotes":""},"categories":[81],"tags":[],"class_list":["post-120024","post","type-post","status-publish","format-standard","has-post-thumbnail","hentry","category-kibris"],"yoast_head":"<!-- This site is optimized with the Yoast SEO plugin v28.4 - https:\/\/yoast.com\/product\/yoast-seo-wordpress\/ -->\n<title>ABBAS DEM\u0130R\u2019\u0130N BEKLEY\u0130\u015e\u0130 ACIYLA SONLANDI -<\/title>\n<meta name=\"robots\" content=\"index, follow, max-snippet:-1, max-image-preview:large, max-video-preview:-1\" \/>\n<link rel=\"canonical\" href=\"https:\/\/kibrisdakik.com\/?p=120024\" \/>\n<meta property=\"og:locale\" content=\"tr_TR\" \/>\n<meta property=\"og:type\" content=\"article\" \/>\n<meta property=\"og:title\" content=\"ABBAS DEM\u0130R\u2019\u0130N BEKLEY\u0130\u015e\u0130 ACIYLA SONLANDI -\" \/>\n<meta property=\"og:description\" content=\"Girne a\u00e7\u0131klar\u0131nda meydana gelen gemi facias\u0131nda yaral\u0131 olarak kurtulan Abbas Demir\u2019in, kazan\u0131n ard\u0131ndan kay\u0131p olarak aranan e\u015fi Elmas Demir\u2019den ac\u0131 haber geldi. Facian\u0131n ard\u0131ndan e\u015finden gelecek haberi umutla bekleyen Abbas Demir, daha \u00f6nce verdi\u011fi bir r\u00f6portajda ya\u015fad\u0131\u011f\u0131 ac\u0131y\u0131, \u201cBen g\u00fcl\u00fcm\u00fc istiyorum\u201d s\u00f6zleriyle dile getirmi\u015f ve e\u015fine bir an \u00f6nce ula\u015f\u0131lmas\u0131n\u0131 istemi\u015fti. Arama-kurtarma \u00e7al\u0131\u015fmalar\u0131 kapsam\u0131nda yakla\u015f\u0131k\" \/>\n<meta property=\"og:url\" content=\"https:\/\/kibrisdakik.com\/?p=120024\" \/>\n<meta property=\"article:published_time\" content=\"2026-09-04T07:56:53+00:00\" \/>\n<meta property=\"og:image\" content=\"https:\/\/mhahabercom.teimg.com\/crop\/1280x720\/mhahaber-com\/uploads\/2026\/09\/mha-sari-beyaz-7732.png\" \/>\n<meta name=\"author\" content=\"admin\" \/>\n<meta name=\"twitter:card\" content=\"summary_large_image\" \/>\n<meta name=\"twitter:label1\" content=\"Yazan:\" \/>\n\t<meta name=\"twitter:data1\" content=\"admin\" \/>\n\t<meta name=\"twitter:label2\" content=\"Tahmini okuma s\u00fcresi\" \/>\n\t<meta name=\"twitter:data2\" content=\"1 dakika\" \/>\n<script type=\"application\/ld+json\" class=\"yoast-schema-graph\">{\"@context\":\"https:\\\/\\\/schema.org\",\"@graph\":[{\"@type\":\"Article\",\"@id\":\"https:\\\/\\\/kibrisdakik.com\\\/?p=120024#article\",\"isPartOf\":{\"@id\":\"https:\\\/\\\/kibrisdakik.com\\\/?p=120024\"},\"author\":{\"name\":\"admin\",\"@id\":\"https:\\\/\\\/kibrisdakik.com\\\/#\\\/schema\\\/person\\\/9cd9d437bbb44f72b73ba127e06d8e79\"},\"headline\":\"ABBAS DEM\u0130R\u2019\u0130N BEKLEY\u0130\u015e\u0130 ACIYLA SONLANDI\",\"datePublished\":\"2026-09-04T07:56:53+00:00\",\"mainEntityOfPage\":{\"@id\":\"https:\\\/\\\/kibrisdakik.com\\\/?p=120024\"},\"wordCount\":151,\"commentCount\":0,\"publisher\":{\"@id\":\"https:\\\/\\\/kibrisdakik.com\\\/#organization\"},\"image\":{\"@id\":\"https:\\\/\\\/kibrisdakik.com\\\/?p=120024#primaryimage\"},\"thumbnailUrl\":\"https:\\\/\\\/kibrisdakik.com\\\/wp-content\\\/uploads\\\/2026\\\/09\\\/mha-sari-beyaz-7732.png\",\"articleSection\":[\"K\u0131br\u0131s\"],\"inLanguage\":\"tr\",\"potentialAction\":[{\"@type\":\"CommentAction\",\"name\":\"Comment\",\"target\":[\"https:\\\/\\\/kibrisdakik.com\\\/?p=120024#respond\"]}]},{\"@type\":\"WebPage\",\"@id\":\"https:\\\/\\\/kibrisdakik.com\\\/?p=120024\",\"url\":\"https:\\\/\\\/kibrisdakik.com\\\/?p=120024\",\"name\":\"ABBAS DEM\u0130R\u2019\u0130N BEKLEY\u0130\u015e\u0130 ACIYLA SONLANDI -\",\"isPartOf\":{\"@id\":\"https:\\\/\\\/kibrisdakik.com\\\/#website\"},\"primaryImageOfPage\":{\"@id\":\"https:\\\/\\\/kibrisdakik.com\\\/?p=120024#primaryimage\"},\"image\":{\"@id\":\"https:\\\/\\\/kibrisdakik.com\\\/?p=120024#primaryimage\"},\"thumbnailUrl\":\"https:\\\/\\\/kibrisdakik.com\\\/wp-content\\\/uploads\\\/2026\\\/09\\\/mha-sari-beyaz-7732.png\",\"datePublished\":\"2026-09-04T07:56:53+00:00\",\"breadcrumb\":{\"@id\":\"https:\\\/\\\/kibrisdakik.com\\\/?p=120024#breadcrumb\"},\"inLanguage\":\"tr\",\"potentialAction\":[{\"@type\":\"ReadAction\",\"target\":[\"https:\\\/\\\/kibrisdakik.com\\\/?p=120024\"]}]},{\"@type\":\"ImageObject\",\"inLanguage\":\"tr\",\"@id\":\"https:\\\/\\\/kibrisdakik.com\\\/?p=120024#primaryimage\",\"url\":\"https:\\\/\\\/kibrisdakik.com\\\/wp-content\\\/uploads\\\/2026\\\/09\\\/mha-sari-beyaz-7732.png\",\"contentUrl\":\"https:\\\/\\\/kibrisdakik.com\\\/wp-content\\\/uploads\\\/2026\\\/09\\\/mha-sari-beyaz-7732.png\",\"width\":1280,\"height\":720},{\"@type\":\"BreadcrumbList\",\"@id\":\"https:\\\/\\\/kibrisdakik.com\\\/?p=120024#breadcrumb\",\"itemListElement\":[{\"@type\":\"ListItem\",\"position\":1,\"name\":\"Home\",\"item\":\"https:\\\/\\\/kibrisdakik.com\\\/\"},{\"@type\":\"ListItem\",\"position\":2,\"name\":\"ABBAS DEM\u0130R\u2019\u0130N BEKLEY\u0130\u015e\u0130 ACIYLA SONLANDI\"}]},{\"@type\":\"WebSite\",\"@id\":\"https:\\\/\\\/kibrisdakik.com\\\/#website\",\"url\":\"https:\\\/\\\/kibrisdakik.com\\\/\",\"name\":\"K\u0131br\u0131s Dakik\",\"description\":\"Tam vaktinde haber\",\"publisher\":{\"@id\":\"https:\\\/\\\/kibrisdakik.com\\\/#organization\"},\"potentialAction\":[{\"@type\":\"SearchAction\",\"target\":{\"@type\":\"EntryPoint\",\"urlTemplate\":\"https:\\\/\\\/kibrisdakik.com\\\/?s={search_term_string}\"},\"query-input\":{\"@type\":\"PropertyValueSpecification\",\"valueRequired\":true,\"valueName\":\"search_term_string\"}}],\"inLanguage\":\"tr\"},{\"@type\":\"Organization\",\"@id\":\"https:\\\/\\\/kibrisdakik.com\\\/#organization\",\"name\":\"K\u0131br\u0131s Dakik\",\"url\":\"https:\\\/\\\/kibrisdakik.com\\\/\",\"logo\":{\"@type\":\"ImageObject\",\"inLanguage\":\"tr\",\"@id\":\"https:\\\/\\\/kibrisdakik.com\\\/#\\\/schema\\\/logo\\\/image\\\/\",\"url\":\"https:\\\/\\\/kibrisdakik.com\\\/wp-content\\\/uploads\\\/2025\\\/10\\\/cropped-WhatsApp-Image-2025-10-02-at-12.58.31.jpeg\",\"contentUrl\":\"https:\\\/\\\/kibrisdakik.com\\\/wp-content\\\/uploads\\\/2025\\\/10\\\/cropped-WhatsApp-Image-2025-10-02-at-12.58.31.jpeg\",\"width\":1237,\"height\":190,\"caption\":\"K\u0131br\u0131s Dakik\"},\"image\":{\"@id\":\"https:\\\/\\\/kibrisdakik.com\\\/#\\\/schema\\\/logo\\\/image\\\/\"}},{\"@type\":\"Person\",\"@id\":\"https:\\\/\\\/kibrisdakik.com\\\/#\\\/schema\\\/person\\\/9cd9d437bbb44f72b73ba127e06d8e79\",\"name\":\"admin\",\"image\":{\"@type\":\"ImageObject\",\"inLanguage\":\"tr\",\"@id\":\"https:\\\/\\\/secure.gravatar.com\\\/avatar\\\/ccc17943b9d660506c869530f897617f7cb1c21a4bf30023f252596d83e1f007?s=96&d=mm&r=g\",\"url\":\"https:\\\/\\\/secure.gravatar.com\\\/avatar\\\/ccc17943b9d660506c869530f897617f7cb1c21a4bf30023f252596d83e1f007?s=96&d=mm&r=g\",\"contentUrl\":\"https:\\\/\\\/secure.gravatar.com\\\/avatar\\\/ccc17943b9d660506c869530f897617f7cb1c21a4bf30023f252596d83e1f007?s=96&d=mm&r=g\",\"caption\":\"admin\"},\"sameAs\":[\"https:\\\/\\\/kibrisdakik.com\"],\"url\":\"https:\\\/\\\/kibrisdakik.com\\\/?author=1\"}]}<\/script>\n<!-- \/ Yoast SEO plugin. -->","yoast_head_json":{"title":"ABBAS DEM\u0130R\u2019\u0130N BEKLEY\u0130\u015e\u0130 ACIYLA SONLANDI -","robots":{"index":"index","follow":"follow","max-snippet":"max-snippet:-1","max-image-preview":"max-image-preview:large","max-video-preview":"max-video-preview:-1"},"canonical":"https:\/\/kibrisdakik.com\/?p=120024","og_locale":"tr_TR","og_type":"article","og_title":"ABBAS DEM\u0130R\u2019\u0130N BEKLEY\u0130\u015e\u0130 ACIYLA SONLANDI -","og_description":"Girne a\u00e7\u0131klar\u0131nda meydana gelen gemi facias\u0131nda yaral\u0131 olarak kurtulan Abbas Demir\u2019in, kazan\u0131n ard\u0131ndan kay\u0131p olarak aranan e\u015fi Elmas Demir\u2019den ac\u0131 haber geldi. Facian\u0131n ard\u0131ndan e\u015finden gelecek haberi umutla bekleyen Abbas Demir, daha \u00f6nce verdi\u011fi bir r\u00f6portajda ya\u015fad\u0131\u011f\u0131 ac\u0131y\u0131, \u201cBen g\u00fcl\u00fcm\u00fc istiyorum\u201d s\u00f6zleriyle dile getirmi\u015f ve e\u015fine bir an \u00f6nce ula\u015f\u0131lmas\u0131n\u0131 istemi\u015fti. Arama-kurtarma \u00e7al\u0131\u015fmalar\u0131 kapsam\u0131nda yakla\u015f\u0131k","og_url":"https:\/\/kibrisdakik.com\/?p=120024","article_published_time":"2026-09-04T07:56:53+00:00","og_image":[{"url":"https:\/\/mhahabercom.teimg.com\/crop\/1280x720\/mhahaber-com\/uploads\/2026\/09\/mha-sari-beyaz-7732.png","type":"","width":"","height":""}],"author":"admin","twitter_card":"summary_large_image","twitter_misc":{"Yazan:":"admin","Tahmini okuma s\u00fcresi":"1 dakika"},"schema":{"@context":"https:\/\/schema.org","@graph":[{"@type":"Article","@id":"https:\/\/kibrisdakik.com\/?p=120024#article","isPartOf":{"@id":"https:\/\/kibrisdakik.com\/?p=120024"},"author":{"name":"admin","@id":"https:\/\/kibrisdakik.com\/#\/schema\/person\/9cd9d437bbb44f72b73ba127e06d8e79"},"headline":"ABBAS DEM\u0130R\u2019\u0130N BEKLEY\u0130\u015e\u0130 ACIYLA SONLANDI","datePublished":"2026-09-04T07:56:53+00:00","mainEntityOfPage":{"@id":"https:\/\/kibrisdakik.com\/?p=120024"},"wordCount":151,"commentCount":0,"publisher":{"@id":"https:\/\/kibrisdakik.com\/#organization"},"image":{"@id":"https:\/\/kibrisdakik.com\/?p=120024#primaryimage"},"thumbnailUrl":"https:\/\/kibrisdakik.com\/wp-content\/uploads\/2026\/09\/mha-sari-beyaz-7732.png","articleSection":["K\u0131br\u0131s"],"inLanguage":"tr","potentialAction":[{"@type":"CommentAction","name":"Comment","target":["https:\/\/kibrisdakik.com\/?p=120024#respond"]}]},{"@type":"WebPage","@id":"https:\/\/kibrisdakik.com\/?p=120024","url":"https:\/\/kibrisdakik.com\/?p=120024","name":"ABBAS DEM\u0130R\u2019\u0130N BEKLEY\u0130\u015e\u0130 ACIYLA SONLANDI -","isPartOf":{"@id":"https:\/\/kibrisdakik.com\/#website"},"primaryImageOfPage":{"@id":"https:\/\/kibrisdakik.com\/?p=120024#primaryimage"},"image":{"@id":"https:\/\/kibrisdakik.com\/?p=120024#primaryimage"},"thumbnailUrl":"https:\/\/kibrisdakik.com\/wp-content\/uploads\/2026\/09\/mha-sari-beyaz-7732.png","datePublished":"2026-09-04T07:56:53+00:00","breadcrumb":{"@id":"https:\/\/kibrisdakik.com\/?p=120024#breadcrumb"},"inLanguage":"tr","potentialAction":[{"@type":"ReadAction","target":["https:\/\/kibrisdakik.com\/?p=120024"]}]},{"@type":"ImageObject","inLanguage":"tr","@id":"https:\/\/kibrisdakik.com\/?p=120024#primaryimage","url":"https:\/\/kibrisdakik.com\/wp-content\/uploads\/2026\/09\/mha-sari-beyaz-7732.png","contentUrl":"https:\/\/kibrisdakik.com\/wp-content\/uploads\/2026\/09\/mha-sari-beyaz-7732.png","width":1280,"height":720},{"@type":"BreadcrumbList","@id":"https:\/\/kibrisdakik.com\/?p=120024#breadcrumb","itemListElement":[{"@type":"ListItem","position":1,"name":"Home","item":"https:\/\/kibrisdakik.com\/"},{"@type":"ListItem","position":2,"name":"ABBAS DEM\u0130R\u2019\u0130N BEKLEY\u0130\u015e\u0130 ACIYLA SONLANDI"}]},{"@type":"WebSite","@id":"https:\/\/kibrisdakik.com\/#website","url":"https:\/\/kibrisdakik.com\/","name":"K\u0131br\u0131s Dakik","description":"Tam vaktinde haber","publisher":{"@id":"https:\/\/kibrisdakik.com\/#organization"},"potentialAction":[{"@type":"SearchAction","target":{"@type":"EntryPoint","urlTemplate":"https:\/\/kibrisdakik.com\/?s={search_term_string}"},"query-input":{"@type":"PropertyValueSpecification","valueRequired":true,"valueName":"search_term_string"}}],"inLanguage":"tr"},{"@type":"Organization","@id":"https:\/\/kibrisdakik.com\/#organization","name":"K\u0131br\u0131s Dakik","url":"https:\/\/kibrisdakik.com\/","logo":{"@type":"ImageObject","inLanguage":"tr","@id":"https:\/\/kibrisdakik.com\/#\/schema\/logo\/image\/","url":"https:\/\/kibrisdakik.com\/wp-content\/uploads\/2025\/10\/cropped-WhatsApp-Image-2025-10-02-at-12.58.31.jpeg","contentUrl":"https:\/\/kibrisdakik.com\/wp-content\/uploads\/2025\/10\/cropped-WhatsApp-Image-2025-10-02-at-12.58.31.jpeg","width":1237,"height":190,"caption":"K\u0131br\u0131s Dakik"},"image":{"@id":"https:\/\/kibrisdakik.com\/#\/schema\/logo\/image\/"}},{"@type":"Person","@id":"https:\/\/kibrisdakik.com\/#\/schema\/person\/9cd9d437bbb44f72b73ba127e06d8e79","name":"admin","image":{"@type":"ImageObject","inLanguage":"tr","@id":"https:\/\/secure.gravatar.com\/avatar\/ccc17943b9d660506c869530f897617f7cb1c21a4bf30023f252596d83e1f007?s=96&d=mm&r=g","url":"https:\/\/secure.gravatar.com\/avatar\/ccc17943b9d660506c869530f897617f7cb1c21a4bf30023f252596d83e1f007?s=96&d=mm&r=g","contentUrl":"https:\/\/secure.gravatar.com\/avatar\/ccc17943b9d660506c869530f897617f7cb1c21a4bf30023f252596d83e1f007?s=96&d=mm&r=g","caption":"admin"},"sameAs":["https:\/\/kibrisdakik.com"],"url":"https:\/\/kibrisdakik.com\/?author=1"}]}},"_links":{"self":[{"href":"https:\/\/kibrisdakik.com\/index.php?rest_route=\/wp\/v2\/posts\/120024","targetHints":{"allow":["GET"]}}],"collection":[{"href":"https:\/\/kibrisdakik.com\/index.php?rest_route=\/wp\/v2\/posts"}],"about":[{"href":"https:\/\/kibrisdakik.com\/index.php?rest_route=\/wp\/v2\/types\/post"}],"author":[{"embeddable":true,"href":"https:\/\/kibrisdakik.com\/index.php?rest_route=\/wp\/v2\/users\/1"}],"replies":[{"embeddable":true,"href":"https:\/\/kibrisdakik.com\/index.php?rest_route=%2Fwp%2Fv2%2Fcomments&post=120024"}],"version-history":[{"count":0,"href":"https:\/\/kibrisdakik.com\/index.php?rest_route=\/wp\/v2\/posts\/120024\/revisions"}],"wp:featuredmedia":[{"embeddable":true,"href":"https:\/\/kibrisdakik.com\/index.php?rest_route=\/wp\/v2\/media\/120025"}],"wp:attachment":[{"href":"https:\/\/kibrisdakik.com\/index.php?rest_route=%2Fwp%2Fv2%2Fmedia&parent=120024"}],"wp:term":[{"taxonomy":"category","embeddable":true,"href":"https:\/\/kibrisdakik.com\/index.php?rest_route=%2Fwp%2Fv2%2Fcategories&post=120024"},{"taxonomy":"post_tag","embeddable":true,"href":"https:\/\/kibrisdakik.com\/index.php?rest_route=%2Fwp%2Fv2%2Ftags&post=120024"}],"curies":[{"name":"wp","href":"https:\/\/api.w.org\/{rel}","templated":true}]}}