{"id":120043,"date":"2026-09-04T13:40:26","date_gmt":"2026-09-04T10:40:26","guid":{"rendered":"https:\/\/kibrisdakik.com\/?p=120043"},"modified":"2026-09-04T13:40:26","modified_gmt":"2026-09-04T10:40:26","slug":"ciklosta-arac-alev-alev-yandi","status":"publish","type":"post","link":"https:\/\/kibrisdakik.com\/?p=120043","title":{"rendered":"C\u0130KLOS\u2019TA ARA\u00c7 ALEV ALEV YANDI!"},"content":{"rendered":"<p><\/p>\n<p>Polis Bas\u0131n Subayl\u0131\u011f\u0131\u2019ndan al\u0131nan bilgiye g\u00f6re  03.09.2026 tarihinde, saat 22:00 s\u0131ralar\u0131nda, Lefko\u015fa-Girne Anayolu \u00fczerinde Ciklos mevkiinde, seyir halinde olan PP 721 plakal\u0131 ara\u00e7ta, muhtemelen motor b\u00f6l\u00fcm\u00fcndeki elektrik aksamlar\u0131n\u0131n k\u0131sa devre yap\u0131p alevlenmesi sonucu yang\u0131n meydana gelmi\u015ftir.<\/p>\n<p>Yang\u0131n \u0130tfaiye Ekipleri taraf\u0131ndan s\u00f6nd\u00fcr\u00fclm\u00fc\u015f olup \u00e7\u0131kan yang\u0131n sonucu, arac\u0131n motor b\u00f6l\u00fcm\u00fcnde bulunan plastik ve elektrik aksamlar\u0131 yanarak zarar g\u00f6r\u00fcrken, olu\u015fan \u0131s\u0131dan dolay\u0131 ise \u00f6n kaputu da zarar g\u00f6rm\u00fc\u015ft\u00fcr. Soru\u015fturma devam etmektedir.<\/p>\n<div id=\"ad_121\" data-channel=\"121\" data-advert=\"temedya\" data-rotation=\"120\" class=\"mb-3 text-center\"><\/div>\n<div id=\"ad_121_mobile\" data-channel=\"121\" data-advert=\"temedya\" data-rotation=\"120\" class=\"mb-3 text-center\"><\/div>\n<\/p>\n<div class=\"article-source py-3 small \">\n                <\/div>\n","protected":false},"excerpt":{"rendered":"<p>Polis Bas\u0131n Subayl\u0131\u011f\u0131\u2019ndan al\u0131nan bilgiye g\u00f6re 03.09.2026 tarihinde, saat 22:00 s\u0131ralar\u0131nda, Lefko\u015fa-Girne Anayolu \u00fczerinde Ciklos mevkiinde, seyir halinde olan PP 721 plakal\u0131 ara\u00e7ta, muhtemelen motor b\u00f6l\u00fcm\u00fcndeki elektrik aksamlar\u0131n\u0131n k\u0131sa devre yap\u0131p alevlenmesi sonucu yang\u0131n meydana gelmi\u015ftir. Yang\u0131n \u0130tfaiye Ekipleri taraf\u0131ndan s\u00f6nd\u00fcr\u00fclm\u00fc\u015f olup \u00e7\u0131kan yang\u0131n sonucu, arac\u0131n motor b\u00f6l\u00fcm\u00fcnde bulunan plastik ve elektrik aksamlar\u0131 yanarak zarar<\/p>\n","protected":false},"author":1,"featured_media":120044,"comment_status":"open","ping_status":"open","sticky":false,"template":"","format":"standard","meta":{"footnotes":""},"categories":[81],"tags":[],"class_list":["post-120043","post","type-post","status-publish","format-standard","has-post-thumbnail","hentry","category-kibris"],"yoast_head":"<!-- This site is optimized with the Yoast SEO plugin v28.4 - https:\/\/yoast.com\/product\/yoast-seo-wordpress\/ -->\n<title>C\u0130KLOS\u2019TA ARA\u00c7 ALEV ALEV YANDI! -<\/title>\n<meta name=\"robots\" content=\"index, follow, max-snippet:-1, max-image-preview:large, max-video-preview:-1\" \/>\n<link rel=\"canonical\" href=\"https:\/\/kibrisdakik.com\/?p=120043\" \/>\n<meta property=\"og:locale\" content=\"tr_TR\" \/>\n<meta property=\"og:type\" content=\"article\" \/>\n<meta property=\"og:title\" content=\"C\u0130KLOS\u2019TA ARA\u00c7 ALEV ALEV YANDI! -\" \/>\n<meta property=\"og:description\" content=\"Polis Bas\u0131n Subayl\u0131\u011f\u0131\u2019ndan al\u0131nan bilgiye g\u00f6re 03.09.2026 tarihinde, saat 22:00 s\u0131ralar\u0131nda, Lefko\u015fa-Girne Anayolu \u00fczerinde Ciklos mevkiinde, seyir halinde olan PP 721 plakal\u0131 ara\u00e7ta, muhtemelen motor b\u00f6l\u00fcm\u00fcndeki elektrik aksamlar\u0131n\u0131n k\u0131sa devre yap\u0131p alevlenmesi sonucu yang\u0131n meydana gelmi\u015ftir. Yang\u0131n \u0130tfaiye Ekipleri taraf\u0131ndan s\u00f6nd\u00fcr\u00fclm\u00fc\u015f olup \u00e7\u0131kan yang\u0131n sonucu, arac\u0131n motor b\u00f6l\u00fcm\u00fcnde bulunan plastik ve elektrik aksamlar\u0131 yanarak zarar\" \/>\n<meta property=\"og:url\" content=\"https:\/\/kibrisdakik.com\/?p=120043\" \/>\n<meta property=\"article:published_time\" content=\"2026-09-04T10:40:26+00:00\" \/>\n<meta property=\"og:image\" content=\"https:\/\/mhahabercom.teimg.com\/crop\/1280x720\/mhahaber-com\/uploads\/2026\/09\/mha-sari-beyaz-7741.png\" \/>\n<meta name=\"author\" content=\"admin\" \/>\n<meta name=\"twitter:card\" content=\"summary_large_image\" \/>\n<meta name=\"twitter:label1\" content=\"Yazan:\" \/>\n\t<meta name=\"twitter:data1\" content=\"admin\" \/>\n\t<meta name=\"twitter:label2\" content=\"Tahmini okuma s\u00fcresi\" \/>\n\t<meta name=\"twitter:data2\" content=\"1 dakika\" \/>\n<script type=\"application\/ld+json\" class=\"yoast-schema-graph\">{\"@context\":\"https:\\\/\\\/schema.org\",\"@graph\":[{\"@type\":\"Article\",\"@id\":\"https:\\\/\\\/kibrisdakik.com\\\/?p=120043#article\",\"isPartOf\":{\"@id\":\"https:\\\/\\\/kibrisdakik.com\\\/?p=120043\"},\"author\":{\"name\":\"admin\",\"@id\":\"https:\\\/\\\/kibrisdakik.com\\\/#\\\/schema\\\/person\\\/9cd9d437bbb44f72b73ba127e06d8e79\"},\"headline\":\"C\u0130KLOS\u2019TA ARA\u00c7 ALEV ALEV YANDI!\",\"datePublished\":\"2026-09-04T10:40:26+00:00\",\"mainEntityOfPage\":{\"@id\":\"https:\\\/\\\/kibrisdakik.com\\\/?p=120043\"},\"wordCount\":107,\"commentCount\":0,\"publisher\":{\"@id\":\"https:\\\/\\\/kibrisdakik.com\\\/#organization\"},\"image\":{\"@id\":\"https:\\\/\\\/kibrisdakik.com\\\/?p=120043#primaryimage\"},\"thumbnailUrl\":\"https:\\\/\\\/kibrisdakik.com\\\/wp-content\\\/uploads\\\/2026\\\/09\\\/mha-sari-beyaz-7741.png\",\"articleSection\":[\"K\u0131br\u0131s\"],\"inLanguage\":\"tr\",\"potentialAction\":[{\"@type\":\"CommentAction\",\"name\":\"Comment\",\"target\":[\"https:\\\/\\\/kibrisdakik.com\\\/?p=120043#respond\"]}]},{\"@type\":\"WebPage\",\"@id\":\"https:\\\/\\\/kibrisdakik.com\\\/?p=120043\",\"url\":\"https:\\\/\\\/kibrisdakik.com\\\/?p=120043\",\"name\":\"C\u0130KLOS\u2019TA ARA\u00c7 ALEV ALEV YANDI! -\",\"isPartOf\":{\"@id\":\"https:\\\/\\\/kibrisdakik.com\\\/#website\"},\"primaryImageOfPage\":{\"@id\":\"https:\\\/\\\/kibrisdakik.com\\\/?p=120043#primaryimage\"},\"image\":{\"@id\":\"https:\\\/\\\/kibrisdakik.com\\\/?p=120043#primaryimage\"},\"thumbnailUrl\":\"https:\\\/\\\/kibrisdakik.com\\\/wp-content\\\/uploads\\\/2026\\\/09\\\/mha-sari-beyaz-7741.png\",\"datePublished\":\"2026-09-04T10:40:26+00:00\",\"breadcrumb\":{\"@id\":\"https:\\\/\\\/kibrisdakik.com\\\/?p=120043#breadcrumb\"},\"inLanguage\":\"tr\",\"potentialAction\":[{\"@type\":\"ReadAction\",\"target\":[\"https:\\\/\\\/kibrisdakik.com\\\/?p=120043\"]}]},{\"@type\":\"ImageObject\",\"inLanguage\":\"tr\",\"@id\":\"https:\\\/\\\/kibrisdakik.com\\\/?p=120043#primaryimage\",\"url\":\"https:\\\/\\\/kibrisdakik.com\\\/wp-content\\\/uploads\\\/2026\\\/09\\\/mha-sari-beyaz-7741.png\",\"contentUrl\":\"https:\\\/\\\/kibrisdakik.com\\\/wp-content\\\/uploads\\\/2026\\\/09\\\/mha-sari-beyaz-7741.png\",\"width\":1280,\"height\":720},{\"@type\":\"BreadcrumbList\",\"@id\":\"https:\\\/\\\/kibrisdakik.com\\\/?p=120043#breadcrumb\",\"itemListElement\":[{\"@type\":\"ListItem\",\"position\":1,\"name\":\"Home\",\"item\":\"https:\\\/\\\/kibrisdakik.com\\\/\"},{\"@type\":\"ListItem\",\"position\":2,\"name\":\"C\u0130KLOS\u2019TA ARA\u00c7 ALEV ALEV YANDI!\"}]},{\"@type\":\"WebSite\",\"@id\":\"https:\\\/\\\/kibrisdakik.com\\\/#website\",\"url\":\"https:\\\/\\\/kibrisdakik.com\\\/\",\"name\":\"K\u0131br\u0131s Dakik\",\"description\":\"Tam vaktinde haber\",\"publisher\":{\"@id\":\"https:\\\/\\\/kibrisdakik.com\\\/#organization\"},\"potentialAction\":[{\"@type\":\"SearchAction\",\"target\":{\"@type\":\"EntryPoint\",\"urlTemplate\":\"https:\\\/\\\/kibrisdakik.com\\\/?s={search_term_string}\"},\"query-input\":{\"@type\":\"PropertyValueSpecification\",\"valueRequired\":true,\"valueName\":\"search_term_string\"}}],\"inLanguage\":\"tr\"},{\"@type\":\"Organization\",\"@id\":\"https:\\\/\\\/kibrisdakik.com\\\/#organization\",\"name\":\"K\u0131br\u0131s Dakik\",\"url\":\"https:\\\/\\\/kibrisdakik.com\\\/\",\"logo\":{\"@type\":\"ImageObject\",\"inLanguage\":\"tr\",\"@id\":\"https:\\\/\\\/kibrisdakik.com\\\/#\\\/schema\\\/logo\\\/image\\\/\",\"url\":\"https:\\\/\\\/kibrisdakik.com\\\/wp-content\\\/uploads\\\/2025\\\/10\\\/cropped-WhatsApp-Image-2025-10-02-at-12.58.31.jpeg\",\"contentUrl\":\"https:\\\/\\\/kibrisdakik.com\\\/wp-content\\\/uploads\\\/2025\\\/10\\\/cropped-WhatsApp-Image-2025-10-02-at-12.58.31.jpeg\",\"width\":1237,\"height\":190,\"caption\":\"K\u0131br\u0131s Dakik\"},\"image\":{\"@id\":\"https:\\\/\\\/kibrisdakik.com\\\/#\\\/schema\\\/logo\\\/image\\\/\"}},{\"@type\":\"Person\",\"@id\":\"https:\\\/\\\/kibrisdakik.com\\\/#\\\/schema\\\/person\\\/9cd9d437bbb44f72b73ba127e06d8e79\",\"name\":\"admin\",\"image\":{\"@type\":\"ImageObject\",\"inLanguage\":\"tr\",\"@id\":\"https:\\\/\\\/secure.gravatar.com\\\/avatar\\\/ccc17943b9d660506c869530f897617f7cb1c21a4bf30023f252596d83e1f007?s=96&d=mm&r=g\",\"url\":\"https:\\\/\\\/secure.gravatar.com\\\/avatar\\\/ccc17943b9d660506c869530f897617f7cb1c21a4bf30023f252596d83e1f007?s=96&d=mm&r=g\",\"contentUrl\":\"https:\\\/\\\/secure.gravatar.com\\\/avatar\\\/ccc17943b9d660506c869530f897617f7cb1c21a4bf30023f252596d83e1f007?s=96&d=mm&r=g\",\"caption\":\"admin\"},\"sameAs\":[\"https:\\\/\\\/kibrisdakik.com\"],\"url\":\"https:\\\/\\\/kibrisdakik.com\\\/?author=1\"}]}<\/script>\n<!-- \/ Yoast SEO plugin. -->","yoast_head_json":{"title":"C\u0130KLOS\u2019TA ARA\u00c7 ALEV ALEV YANDI! -","robots":{"index":"index","follow":"follow","max-snippet":"max-snippet:-1","max-image-preview":"max-image-preview:large","max-video-preview":"max-video-preview:-1"},"canonical":"https:\/\/kibrisdakik.com\/?p=120043","og_locale":"tr_TR","og_type":"article","og_title":"C\u0130KLOS\u2019TA ARA\u00c7 ALEV ALEV YANDI! -","og_description":"Polis Bas\u0131n Subayl\u0131\u011f\u0131\u2019ndan al\u0131nan bilgiye g\u00f6re 03.09.2026 tarihinde, saat 22:00 s\u0131ralar\u0131nda, Lefko\u015fa-Girne Anayolu \u00fczerinde Ciklos mevkiinde, seyir halinde olan PP 721 plakal\u0131 ara\u00e7ta, muhtemelen motor b\u00f6l\u00fcm\u00fcndeki elektrik aksamlar\u0131n\u0131n k\u0131sa devre yap\u0131p alevlenmesi sonucu yang\u0131n meydana gelmi\u015ftir. Yang\u0131n \u0130tfaiye Ekipleri taraf\u0131ndan s\u00f6nd\u00fcr\u00fclm\u00fc\u015f olup \u00e7\u0131kan yang\u0131n sonucu, arac\u0131n motor b\u00f6l\u00fcm\u00fcnde bulunan plastik ve elektrik aksamlar\u0131 yanarak zarar","og_url":"https:\/\/kibrisdakik.com\/?p=120043","article_published_time":"2026-09-04T10:40:26+00:00","og_image":[{"url":"https:\/\/mhahabercom.teimg.com\/crop\/1280x720\/mhahaber-com\/uploads\/2026\/09\/mha-sari-beyaz-7741.png","type":"","width":"","height":""}],"author":"admin","twitter_card":"summary_large_image","twitter_misc":{"Yazan:":"admin","Tahmini okuma s\u00fcresi":"1 dakika"},"schema":{"@context":"https:\/\/schema.org","@graph":[{"@type":"Article","@id":"https:\/\/kibrisdakik.com\/?p=120043#article","isPartOf":{"@id":"https:\/\/kibrisdakik.com\/?p=120043"},"author":{"name":"admin","@id":"https:\/\/kibrisdakik.com\/#\/schema\/person\/9cd9d437bbb44f72b73ba127e06d8e79"},"headline":"C\u0130KLOS\u2019TA ARA\u00c7 ALEV ALEV YANDI!","datePublished":"2026-09-04T10:40:26+00:00","mainEntityOfPage":{"@id":"https:\/\/kibrisdakik.com\/?p=120043"},"wordCount":107,"commentCount":0,"publisher":{"@id":"https:\/\/kibrisdakik.com\/#organization"},"image":{"@id":"https:\/\/kibrisdakik.com\/?p=120043#primaryimage"},"thumbnailUrl":"https:\/\/kibrisdakik.com\/wp-content\/uploads\/2026\/09\/mha-sari-beyaz-7741.png","articleSection":["K\u0131br\u0131s"],"inLanguage":"tr","potentialAction":[{"@type":"CommentAction","name":"Comment","target":["https:\/\/kibrisdakik.com\/?p=120043#respond"]}]},{"@type":"WebPage","@id":"https:\/\/kibrisdakik.com\/?p=120043","url":"https:\/\/kibrisdakik.com\/?p=120043","name":"C\u0130KLOS\u2019TA ARA\u00c7 ALEV ALEV YANDI! -","isPartOf":{"@id":"https:\/\/kibrisdakik.com\/#website"},"primaryImageOfPage":{"@id":"https:\/\/kibrisdakik.com\/?p=120043#primaryimage"},"image":{"@id":"https:\/\/kibrisdakik.com\/?p=120043#primaryimage"},"thumbnailUrl":"https:\/\/kibrisdakik.com\/wp-content\/uploads\/2026\/09\/mha-sari-beyaz-7741.png","datePublished":"2026-09-04T10:40:26+00:00","breadcrumb":{"@id":"https:\/\/kibrisdakik.com\/?p=120043#breadcrumb"},"inLanguage":"tr","potentialAction":[{"@type":"ReadAction","target":["https:\/\/kibrisdakik.com\/?p=120043"]}]},{"@type":"ImageObject","inLanguage":"tr","@id":"https:\/\/kibrisdakik.com\/?p=120043#primaryimage","url":"https:\/\/kibrisdakik.com\/wp-content\/uploads\/2026\/09\/mha-sari-beyaz-7741.png","contentUrl":"https:\/\/kibrisdakik.com\/wp-content\/uploads\/2026\/09\/mha-sari-beyaz-7741.png","width":1280,"height":720},{"@type":"BreadcrumbList","@id":"https:\/\/kibrisdakik.com\/?p=120043#breadcrumb","itemListElement":[{"@type":"ListItem","position":1,"name":"Home","item":"https:\/\/kibrisdakik.com\/"},{"@type":"ListItem","position":2,"name":"C\u0130KLOS\u2019TA ARA\u00c7 ALEV ALEV YANDI!"}]},{"@type":"WebSite","@id":"https:\/\/kibrisdakik.com\/#website","url":"https:\/\/kibrisdakik.com\/","name":"K\u0131br\u0131s Dakik","description":"Tam vaktinde haber","publisher":{"@id":"https:\/\/kibrisdakik.com\/#organization"},"potentialAction":[{"@type":"SearchAction","target":{"@type":"EntryPoint","urlTemplate":"https:\/\/kibrisdakik.com\/?s={search_term_string}"},"query-input":{"@type":"PropertyValueSpecification","valueRequired":true,"valueName":"search_term_string"}}],"inLanguage":"tr"},{"@type":"Organization","@id":"https:\/\/kibrisdakik.com\/#organization","name":"K\u0131br\u0131s Dakik","url":"https:\/\/kibrisdakik.com\/","logo":{"@type":"ImageObject","inLanguage":"tr","@id":"https:\/\/kibrisdakik.com\/#\/schema\/logo\/image\/","url":"https:\/\/kibrisdakik.com\/wp-content\/uploads\/2025\/10\/cropped-WhatsApp-Image-2025-10-02-at-12.58.31.jpeg","contentUrl":"https:\/\/kibrisdakik.com\/wp-content\/uploads\/2025\/10\/cropped-WhatsApp-Image-2025-10-02-at-12.58.31.jpeg","width":1237,"height":190,"caption":"K\u0131br\u0131s Dakik"},"image":{"@id":"https:\/\/kibrisdakik.com\/#\/schema\/logo\/image\/"}},{"@type":"Person","@id":"https:\/\/kibrisdakik.com\/#\/schema\/person\/9cd9d437bbb44f72b73ba127e06d8e79","name":"admin","image":{"@type":"ImageObject","inLanguage":"tr","@id":"https:\/\/secure.gravatar.com\/avatar\/ccc17943b9d660506c869530f897617f7cb1c21a4bf30023f252596d83e1f007?s=96&d=mm&r=g","url":"https:\/\/secure.gravatar.com\/avatar\/ccc17943b9d660506c869530f897617f7cb1c21a4bf30023f252596d83e1f007?s=96&d=mm&r=g","contentUrl":"https:\/\/secure.gravatar.com\/avatar\/ccc17943b9d660506c869530f897617f7cb1c21a4bf30023f252596d83e1f007?s=96&d=mm&r=g","caption":"admin"},"sameAs":["https:\/\/kibrisdakik.com"],"url":"https:\/\/kibrisdakik.com\/?author=1"}]}},"_links":{"self":[{"href":"https:\/\/kibrisdakik.com\/index.php?rest_route=\/wp\/v2\/posts\/120043","targetHints":{"allow":["GET"]}}],"collection":[{"href":"https:\/\/kibrisdakik.com\/index.php?rest_route=\/wp\/v2\/posts"}],"about":[{"href":"https:\/\/kibrisdakik.com\/index.php?rest_route=\/wp\/v2\/types\/post"}],"author":[{"embeddable":true,"href":"https:\/\/kibrisdakik.com\/index.php?rest_route=\/wp\/v2\/users\/1"}],"replies":[{"embeddable":true,"href":"https:\/\/kibrisdakik.com\/index.php?rest_route=%2Fwp%2Fv2%2Fcomments&post=120043"}],"version-history":[{"count":0,"href":"https:\/\/kibrisdakik.com\/index.php?rest_route=\/wp\/v2\/posts\/120043\/revisions"}],"wp:featuredmedia":[{"embeddable":true,"href":"https:\/\/kibrisdakik.com\/index.php?rest_route=\/wp\/v2\/media\/120044"}],"wp:attachment":[{"href":"https:\/\/kibrisdakik.com\/index.php?rest_route=%2Fwp%2Fv2%2Fmedia&parent=120043"}],"wp:term":[{"taxonomy":"category","embeddable":true,"href":"https:\/\/kibrisdakik.com\/index.php?rest_route=%2Fwp%2Fv2%2Fcategories&post=120043"},{"taxonomy":"post_tag","embeddable":true,"href":"https:\/\/kibrisdakik.com\/index.php?rest_route=%2Fwp%2Fv2%2Ftags&post=120043"}],"curies":[{"name":"wp","href":"https:\/\/api.w.org\/{rel}","templated":true}]}}