{"id":120045,"date":"2026-09-04T14:10:06","date_gmt":"2026-09-04T11:10:06","guid":{"rendered":"https:\/\/kibrisdakik.com\/?p=120045"},"modified":"2026-09-04T14:10:06","modified_gmt":"2026-09-04T11:10:06","slug":"ustalik-ve-kalfalik-belgesi-icin-sinav-tarihi-aciklandi","status":"publish","type":"post","link":"https:\/\/kibrisdakik.com\/?p=120045","title":{"rendered":"USTALIK VE KALFALIK BELGES\u0130 \u0130\u00c7\u0130N SINAV TAR\u0130H\u0130 A\u00c7IKLANDI"},"content":{"rendered":"<p><\/p>\n<p>Milli E\u011fitim Bakanl\u0131\u011f\u0131 Mesleki Teknik \u00d6\u011fretim Dairesi, Ustal\u0131k ve Kalfal\u0131k Belgesi Yaz\u0131l\u0131 S\u0131navlar\u0131n\u0131n 30 Eyl\u00fcl \u00c7ar\u015famba g\u00fcn\u00fc yap\u0131laca\u011f\u0131n\u0131 bildirdi.<\/p>\n<p>Daire M\u00fcd\u00fcr\u00fc G\u00fcl\u015fen Hocan\u0131n\u2019\u0131n yapt\u0131\u011f\u0131 yaz\u0131l\u0131 a\u00e7\u0131klamaya g\u00f6re, \u00c7\u0131rakl\u0131k ve Mesleki E\u011fitim Yasas\u0131 uyar\u0131nca d\u00fczenlenen Ustal\u0131k ve Kalfal\u0131k Belgesi Yaz\u0131l\u0131 S\u0131navlar\u0131, saat 14.00&#8217;te Osman \u00d6rek Meslek Lisesi&#8217;nde ger\u00e7ekle\u015ftirilecek.<\/p>\n<div id=\"ad_121\" data-channel=\"121\" data-advert=\"temedya\" data-rotation=\"120\" class=\"mb-3 text-center\"><\/div>\n<div id=\"ad_121_mobile\" data-channel=\"121\" data-advert=\"temedya\" data-rotation=\"120\" class=\"mb-3 text-center\"><\/div>\n<p>Yaz\u0131l\u0131 s\u0131nava kat\u0131lmak isteyen adaylar\u0131n, 7\u201321 Eyl\u00fcl tarihleri aras\u0131nda 08.00 &#8211; 15.00 saatleri aras\u0131nda Milli E\u011fitim Bakanl\u0131\u011f\u0131 Mesleki Teknik \u00d6\u011fretim Dairesi\u2019ne \u015fahsen ba\u015fvurmalar\u0131 gerekti\u011fi kaydedildi.<\/p>\n<\/p>\n<div class=\"article-source py-3 small \">\n                <\/div>\n","protected":false},"excerpt":{"rendered":"<p>Milli E\u011fitim Bakanl\u0131\u011f\u0131 Mesleki Teknik \u00d6\u011fretim Dairesi, Ustal\u0131k ve Kalfal\u0131k Belgesi Yaz\u0131l\u0131 S\u0131navlar\u0131n\u0131n 30 Eyl\u00fcl \u00c7ar\u015famba g\u00fcn\u00fc yap\u0131laca\u011f\u0131n\u0131 bildirdi. Daire M\u00fcd\u00fcr\u00fc G\u00fcl\u015fen Hocan\u0131n\u2019\u0131n yapt\u0131\u011f\u0131 yaz\u0131l\u0131 a\u00e7\u0131klamaya g\u00f6re, \u00c7\u0131rakl\u0131k ve Mesleki E\u011fitim Yasas\u0131 uyar\u0131nca d\u00fczenlenen Ustal\u0131k ve Kalfal\u0131k Belgesi Yaz\u0131l\u0131 S\u0131navlar\u0131, saat 14.00&#8217;te Osman \u00d6rek Meslek Lisesi&#8217;nde ger\u00e7ekle\u015ftirilecek. Yaz\u0131l\u0131 s\u0131nava kat\u0131lmak isteyen adaylar\u0131n, 7\u201321 Eyl\u00fcl tarihleri<\/p>\n","protected":false},"author":1,"featured_media":120046,"comment_status":"open","ping_status":"open","sticky":false,"template":"","format":"standard","meta":{"footnotes":""},"categories":[81],"tags":[],"class_list":["post-120045","post","type-post","status-publish","format-standard","has-post-thumbnail","hentry","category-kibris"],"yoast_head":"<!-- This site is optimized with the Yoast SEO plugin v28.4 - https:\/\/yoast.com\/product\/yoast-seo-wordpress\/ -->\n<title>USTALIK VE KALFALIK BELGES\u0130 \u0130\u00c7\u0130N SINAV TAR\u0130H\u0130 A\u00c7IKLANDI -<\/title>\n<meta name=\"robots\" content=\"index, follow, max-snippet:-1, max-image-preview:large, max-video-preview:-1\" \/>\n<link rel=\"canonical\" href=\"https:\/\/kibrisdakik.com\/?p=120045\" \/>\n<meta property=\"og:locale\" content=\"tr_TR\" \/>\n<meta property=\"og:type\" content=\"article\" \/>\n<meta property=\"og:title\" content=\"USTALIK VE KALFALIK BELGES\u0130 \u0130\u00c7\u0130N SINAV TAR\u0130H\u0130 A\u00c7IKLANDI -\" \/>\n<meta property=\"og:description\" content=\"Milli E\u011fitim Bakanl\u0131\u011f\u0131 Mesleki Teknik \u00d6\u011fretim Dairesi, Ustal\u0131k ve Kalfal\u0131k Belgesi Yaz\u0131l\u0131 S\u0131navlar\u0131n\u0131n 30 Eyl\u00fcl \u00c7ar\u015famba g\u00fcn\u00fc yap\u0131laca\u011f\u0131n\u0131 bildirdi. Daire M\u00fcd\u00fcr\u00fc G\u00fcl\u015fen Hocan\u0131n\u2019\u0131n yapt\u0131\u011f\u0131 yaz\u0131l\u0131 a\u00e7\u0131klamaya g\u00f6re, \u00c7\u0131rakl\u0131k ve Mesleki E\u011fitim Yasas\u0131 uyar\u0131nca d\u00fczenlenen Ustal\u0131k ve Kalfal\u0131k Belgesi Yaz\u0131l\u0131 S\u0131navlar\u0131, saat 14.00&#8217;te Osman \u00d6rek Meslek Lisesi&#8217;nde ger\u00e7ekle\u015ftirilecek. Yaz\u0131l\u0131 s\u0131nava kat\u0131lmak isteyen adaylar\u0131n, 7\u201321 Eyl\u00fcl tarihleri\" \/>\n<meta property=\"og:url\" content=\"https:\/\/kibrisdakik.com\/?p=120045\" \/>\n<meta property=\"article:published_time\" content=\"2026-09-04T11:10:06+00:00\" \/>\n<meta property=\"og:image\" content=\"https:\/\/mhahabercom.teimg.com\/crop\/1280x720\/mhahaber-com\/uploads\/2026\/09\/mha-sari-beyaz-7742.png\" \/>\n<meta name=\"author\" content=\"admin\" \/>\n<meta name=\"twitter:card\" content=\"summary_large_image\" \/>\n<meta name=\"twitter:label1\" content=\"Yazan:\" \/>\n\t<meta name=\"twitter:data1\" content=\"admin\" \/>\n\t<meta name=\"twitter:label2\" content=\"Tahmini okuma s\u00fcresi\" \/>\n\t<meta name=\"twitter:data2\" content=\"1 dakika\" \/>\n<script type=\"application\/ld+json\" class=\"yoast-schema-graph\">{\"@context\":\"https:\\\/\\\/schema.org\",\"@graph\":[{\"@type\":\"Article\",\"@id\":\"https:\\\/\\\/kibrisdakik.com\\\/?p=120045#article\",\"isPartOf\":{\"@id\":\"https:\\\/\\\/kibrisdakik.com\\\/?p=120045\"},\"author\":{\"name\":\"admin\",\"@id\":\"https:\\\/\\\/kibrisdakik.com\\\/#\\\/schema\\\/person\\\/9cd9d437bbb44f72b73ba127e06d8e79\"},\"headline\":\"USTALIK VE KALFALIK BELGES\u0130 \u0130\u00c7\u0130N SINAV TAR\u0130H\u0130 A\u00c7IKLANDI\",\"datePublished\":\"2026-09-04T11:10:06+00:00\",\"mainEntityOfPage\":{\"@id\":\"https:\\\/\\\/kibrisdakik.com\\\/?p=120045\"},\"wordCount\":121,\"commentCount\":0,\"publisher\":{\"@id\":\"https:\\\/\\\/kibrisdakik.com\\\/#organization\"},\"image\":{\"@id\":\"https:\\\/\\\/kibrisdakik.com\\\/?p=120045#primaryimage\"},\"thumbnailUrl\":\"https:\\\/\\\/kibrisdakik.com\\\/wp-content\\\/uploads\\\/2026\\\/09\\\/mha-sari-beyaz-7742.png\",\"articleSection\":[\"K\u0131br\u0131s\"],\"inLanguage\":\"tr\",\"potentialAction\":[{\"@type\":\"CommentAction\",\"name\":\"Comment\",\"target\":[\"https:\\\/\\\/kibrisdakik.com\\\/?p=120045#respond\"]}]},{\"@type\":\"WebPage\",\"@id\":\"https:\\\/\\\/kibrisdakik.com\\\/?p=120045\",\"url\":\"https:\\\/\\\/kibrisdakik.com\\\/?p=120045\",\"name\":\"USTALIK VE KALFALIK BELGES\u0130 \u0130\u00c7\u0130N SINAV TAR\u0130H\u0130 A\u00c7IKLANDI -\",\"isPartOf\":{\"@id\":\"https:\\\/\\\/kibrisdakik.com\\\/#website\"},\"primaryImageOfPage\":{\"@id\":\"https:\\\/\\\/kibrisdakik.com\\\/?p=120045#primaryimage\"},\"image\":{\"@id\":\"https:\\\/\\\/kibrisdakik.com\\\/?p=120045#primaryimage\"},\"thumbnailUrl\":\"https:\\\/\\\/kibrisdakik.com\\\/wp-content\\\/uploads\\\/2026\\\/09\\\/mha-sari-beyaz-7742.png\",\"datePublished\":\"2026-09-04T11:10:06+00:00\",\"breadcrumb\":{\"@id\":\"https:\\\/\\\/kibrisdakik.com\\\/?p=120045#breadcrumb\"},\"inLanguage\":\"tr\",\"potentialAction\":[{\"@type\":\"ReadAction\",\"target\":[\"https:\\\/\\\/kibrisdakik.com\\\/?p=120045\"]}]},{\"@type\":\"ImageObject\",\"inLanguage\":\"tr\",\"@id\":\"https:\\\/\\\/kibrisdakik.com\\\/?p=120045#primaryimage\",\"url\":\"https:\\\/\\\/kibrisdakik.com\\\/wp-content\\\/uploads\\\/2026\\\/09\\\/mha-sari-beyaz-7742.png\",\"contentUrl\":\"https:\\\/\\\/kibrisdakik.com\\\/wp-content\\\/uploads\\\/2026\\\/09\\\/mha-sari-beyaz-7742.png\",\"width\":1280,\"height\":720},{\"@type\":\"BreadcrumbList\",\"@id\":\"https:\\\/\\\/kibrisdakik.com\\\/?p=120045#breadcrumb\",\"itemListElement\":[{\"@type\":\"ListItem\",\"position\":1,\"name\":\"Home\",\"item\":\"https:\\\/\\\/kibrisdakik.com\\\/\"},{\"@type\":\"ListItem\",\"position\":2,\"name\":\"USTALIK VE KALFALIK BELGES\u0130 \u0130\u00c7\u0130N SINAV TAR\u0130H\u0130 A\u00c7IKLANDI\"}]},{\"@type\":\"WebSite\",\"@id\":\"https:\\\/\\\/kibrisdakik.com\\\/#website\",\"url\":\"https:\\\/\\\/kibrisdakik.com\\\/\",\"name\":\"K\u0131br\u0131s Dakik\",\"description\":\"Tam vaktinde haber\",\"publisher\":{\"@id\":\"https:\\\/\\\/kibrisdakik.com\\\/#organization\"},\"potentialAction\":[{\"@type\":\"SearchAction\",\"target\":{\"@type\":\"EntryPoint\",\"urlTemplate\":\"https:\\\/\\\/kibrisdakik.com\\\/?s={search_term_string}\"},\"query-input\":{\"@type\":\"PropertyValueSpecification\",\"valueRequired\":true,\"valueName\":\"search_term_string\"}}],\"inLanguage\":\"tr\"},{\"@type\":\"Organization\",\"@id\":\"https:\\\/\\\/kibrisdakik.com\\\/#organization\",\"name\":\"K\u0131br\u0131s Dakik\",\"url\":\"https:\\\/\\\/kibrisdakik.com\\\/\",\"logo\":{\"@type\":\"ImageObject\",\"inLanguage\":\"tr\",\"@id\":\"https:\\\/\\\/kibrisdakik.com\\\/#\\\/schema\\\/logo\\\/image\\\/\",\"url\":\"https:\\\/\\\/kibrisdakik.com\\\/wp-content\\\/uploads\\\/2025\\\/10\\\/cropped-WhatsApp-Image-2025-10-02-at-12.58.31.jpeg\",\"contentUrl\":\"https:\\\/\\\/kibrisdakik.com\\\/wp-content\\\/uploads\\\/2025\\\/10\\\/cropped-WhatsApp-Image-2025-10-02-at-12.58.31.jpeg\",\"width\":1237,\"height\":190,\"caption\":\"K\u0131br\u0131s Dakik\"},\"image\":{\"@id\":\"https:\\\/\\\/kibrisdakik.com\\\/#\\\/schema\\\/logo\\\/image\\\/\"}},{\"@type\":\"Person\",\"@id\":\"https:\\\/\\\/kibrisdakik.com\\\/#\\\/schema\\\/person\\\/9cd9d437bbb44f72b73ba127e06d8e79\",\"name\":\"admin\",\"image\":{\"@type\":\"ImageObject\",\"inLanguage\":\"tr\",\"@id\":\"https:\\\/\\\/secure.gravatar.com\\\/avatar\\\/ccc17943b9d660506c869530f897617f7cb1c21a4bf30023f252596d83e1f007?s=96&d=mm&r=g\",\"url\":\"https:\\\/\\\/secure.gravatar.com\\\/avatar\\\/ccc17943b9d660506c869530f897617f7cb1c21a4bf30023f252596d83e1f007?s=96&d=mm&r=g\",\"contentUrl\":\"https:\\\/\\\/secure.gravatar.com\\\/avatar\\\/ccc17943b9d660506c869530f897617f7cb1c21a4bf30023f252596d83e1f007?s=96&d=mm&r=g\",\"caption\":\"admin\"},\"sameAs\":[\"https:\\\/\\\/kibrisdakik.com\"],\"url\":\"https:\\\/\\\/kibrisdakik.com\\\/?author=1\"}]}<\/script>\n<!-- \/ Yoast SEO plugin. -->","yoast_head_json":{"title":"USTALIK VE KALFALIK BELGES\u0130 \u0130\u00c7\u0130N SINAV TAR\u0130H\u0130 A\u00c7IKLANDI -","robots":{"index":"index","follow":"follow","max-snippet":"max-snippet:-1","max-image-preview":"max-image-preview:large","max-video-preview":"max-video-preview:-1"},"canonical":"https:\/\/kibrisdakik.com\/?p=120045","og_locale":"tr_TR","og_type":"article","og_title":"USTALIK VE KALFALIK BELGES\u0130 \u0130\u00c7\u0130N SINAV TAR\u0130H\u0130 A\u00c7IKLANDI -","og_description":"Milli E\u011fitim Bakanl\u0131\u011f\u0131 Mesleki Teknik \u00d6\u011fretim Dairesi, Ustal\u0131k ve Kalfal\u0131k Belgesi Yaz\u0131l\u0131 S\u0131navlar\u0131n\u0131n 30 Eyl\u00fcl \u00c7ar\u015famba g\u00fcn\u00fc yap\u0131laca\u011f\u0131n\u0131 bildirdi. Daire M\u00fcd\u00fcr\u00fc G\u00fcl\u015fen Hocan\u0131n\u2019\u0131n yapt\u0131\u011f\u0131 yaz\u0131l\u0131 a\u00e7\u0131klamaya g\u00f6re, \u00c7\u0131rakl\u0131k ve Mesleki E\u011fitim Yasas\u0131 uyar\u0131nca d\u00fczenlenen Ustal\u0131k ve Kalfal\u0131k Belgesi Yaz\u0131l\u0131 S\u0131navlar\u0131, saat 14.00&#8217;te Osman \u00d6rek Meslek Lisesi&#8217;nde ger\u00e7ekle\u015ftirilecek. Yaz\u0131l\u0131 s\u0131nava kat\u0131lmak isteyen adaylar\u0131n, 7\u201321 Eyl\u00fcl tarihleri","og_url":"https:\/\/kibrisdakik.com\/?p=120045","article_published_time":"2026-09-04T11:10:06+00:00","og_image":[{"url":"https:\/\/mhahabercom.teimg.com\/crop\/1280x720\/mhahaber-com\/uploads\/2026\/09\/mha-sari-beyaz-7742.png","type":"","width":"","height":""}],"author":"admin","twitter_card":"summary_large_image","twitter_misc":{"Yazan:":"admin","Tahmini okuma s\u00fcresi":"1 dakika"},"schema":{"@context":"https:\/\/schema.org","@graph":[{"@type":"Article","@id":"https:\/\/kibrisdakik.com\/?p=120045#article","isPartOf":{"@id":"https:\/\/kibrisdakik.com\/?p=120045"},"author":{"name":"admin","@id":"https:\/\/kibrisdakik.com\/#\/schema\/person\/9cd9d437bbb44f72b73ba127e06d8e79"},"headline":"USTALIK VE KALFALIK BELGES\u0130 \u0130\u00c7\u0130N SINAV TAR\u0130H\u0130 A\u00c7IKLANDI","datePublished":"2026-09-04T11:10:06+00:00","mainEntityOfPage":{"@id":"https:\/\/kibrisdakik.com\/?p=120045"},"wordCount":121,"commentCount":0,"publisher":{"@id":"https:\/\/kibrisdakik.com\/#organization"},"image":{"@id":"https:\/\/kibrisdakik.com\/?p=120045#primaryimage"},"thumbnailUrl":"https:\/\/kibrisdakik.com\/wp-content\/uploads\/2026\/09\/mha-sari-beyaz-7742.png","articleSection":["K\u0131br\u0131s"],"inLanguage":"tr","potentialAction":[{"@type":"CommentAction","name":"Comment","target":["https:\/\/kibrisdakik.com\/?p=120045#respond"]}]},{"@type":"WebPage","@id":"https:\/\/kibrisdakik.com\/?p=120045","url":"https:\/\/kibrisdakik.com\/?p=120045","name":"USTALIK VE KALFALIK BELGES\u0130 \u0130\u00c7\u0130N SINAV TAR\u0130H\u0130 A\u00c7IKLANDI -","isPartOf":{"@id":"https:\/\/kibrisdakik.com\/#website"},"primaryImageOfPage":{"@id":"https:\/\/kibrisdakik.com\/?p=120045#primaryimage"},"image":{"@id":"https:\/\/kibrisdakik.com\/?p=120045#primaryimage"},"thumbnailUrl":"https:\/\/kibrisdakik.com\/wp-content\/uploads\/2026\/09\/mha-sari-beyaz-7742.png","datePublished":"2026-09-04T11:10:06+00:00","breadcrumb":{"@id":"https:\/\/kibrisdakik.com\/?p=120045#breadcrumb"},"inLanguage":"tr","potentialAction":[{"@type":"ReadAction","target":["https:\/\/kibrisdakik.com\/?p=120045"]}]},{"@type":"ImageObject","inLanguage":"tr","@id":"https:\/\/kibrisdakik.com\/?p=120045#primaryimage","url":"https:\/\/kibrisdakik.com\/wp-content\/uploads\/2026\/09\/mha-sari-beyaz-7742.png","contentUrl":"https:\/\/kibrisdakik.com\/wp-content\/uploads\/2026\/09\/mha-sari-beyaz-7742.png","width":1280,"height":720},{"@type":"BreadcrumbList","@id":"https:\/\/kibrisdakik.com\/?p=120045#breadcrumb","itemListElement":[{"@type":"ListItem","position":1,"name":"Home","item":"https:\/\/kibrisdakik.com\/"},{"@type":"ListItem","position":2,"name":"USTALIK VE KALFALIK BELGES\u0130 \u0130\u00c7\u0130N SINAV TAR\u0130H\u0130 A\u00c7IKLANDI"}]},{"@type":"WebSite","@id":"https:\/\/kibrisdakik.com\/#website","url":"https:\/\/kibrisdakik.com\/","name":"K\u0131br\u0131s Dakik","description":"Tam vaktinde haber","publisher":{"@id":"https:\/\/kibrisdakik.com\/#organization"},"potentialAction":[{"@type":"SearchAction","target":{"@type":"EntryPoint","urlTemplate":"https:\/\/kibrisdakik.com\/?s={search_term_string}"},"query-input":{"@type":"PropertyValueSpecification","valueRequired":true,"valueName":"search_term_string"}}],"inLanguage":"tr"},{"@type":"Organization","@id":"https:\/\/kibrisdakik.com\/#organization","name":"K\u0131br\u0131s Dakik","url":"https:\/\/kibrisdakik.com\/","logo":{"@type":"ImageObject","inLanguage":"tr","@id":"https:\/\/kibrisdakik.com\/#\/schema\/logo\/image\/","url":"https:\/\/kibrisdakik.com\/wp-content\/uploads\/2025\/10\/cropped-WhatsApp-Image-2025-10-02-at-12.58.31.jpeg","contentUrl":"https:\/\/kibrisdakik.com\/wp-content\/uploads\/2025\/10\/cropped-WhatsApp-Image-2025-10-02-at-12.58.31.jpeg","width":1237,"height":190,"caption":"K\u0131br\u0131s Dakik"},"image":{"@id":"https:\/\/kibrisdakik.com\/#\/schema\/logo\/image\/"}},{"@type":"Person","@id":"https:\/\/kibrisdakik.com\/#\/schema\/person\/9cd9d437bbb44f72b73ba127e06d8e79","name":"admin","image":{"@type":"ImageObject","inLanguage":"tr","@id":"https:\/\/secure.gravatar.com\/avatar\/ccc17943b9d660506c869530f897617f7cb1c21a4bf30023f252596d83e1f007?s=96&d=mm&r=g","url":"https:\/\/secure.gravatar.com\/avatar\/ccc17943b9d660506c869530f897617f7cb1c21a4bf30023f252596d83e1f007?s=96&d=mm&r=g","contentUrl":"https:\/\/secure.gravatar.com\/avatar\/ccc17943b9d660506c869530f897617f7cb1c21a4bf30023f252596d83e1f007?s=96&d=mm&r=g","caption":"admin"},"sameAs":["https:\/\/kibrisdakik.com"],"url":"https:\/\/kibrisdakik.com\/?author=1"}]}},"_links":{"self":[{"href":"https:\/\/kibrisdakik.com\/index.php?rest_route=\/wp\/v2\/posts\/120045","targetHints":{"allow":["GET"]}}],"collection":[{"href":"https:\/\/kibrisdakik.com\/index.php?rest_route=\/wp\/v2\/posts"}],"about":[{"href":"https:\/\/kibrisdakik.com\/index.php?rest_route=\/wp\/v2\/types\/post"}],"author":[{"embeddable":true,"href":"https:\/\/kibrisdakik.com\/index.php?rest_route=\/wp\/v2\/users\/1"}],"replies":[{"embeddable":true,"href":"https:\/\/kibrisdakik.com\/index.php?rest_route=%2Fwp%2Fv2%2Fcomments&post=120045"}],"version-history":[{"count":0,"href":"https:\/\/kibrisdakik.com\/index.php?rest_route=\/wp\/v2\/posts\/120045\/revisions"}],"wp:featuredmedia":[{"embeddable":true,"href":"https:\/\/kibrisdakik.com\/index.php?rest_route=\/wp\/v2\/media\/120046"}],"wp:attachment":[{"href":"https:\/\/kibrisdakik.com\/index.php?rest_route=%2Fwp%2Fv2%2Fmedia&parent=120045"}],"wp:term":[{"taxonomy":"category","embeddable":true,"href":"https:\/\/kibrisdakik.com\/index.php?rest_route=%2Fwp%2Fv2%2Fcategories&post=120045"},{"taxonomy":"post_tag","embeddable":true,"href":"https:\/\/kibrisdakik.com\/index.php?rest_route=%2Fwp%2Fv2%2Ftags&post=120045"}],"curies":[{"name":"wp","href":"https:\/\/api.w.org\/{rel}","templated":true}]}}