{"id":120069,"date":"2026-09-04T16:23:50","date_gmt":"2026-09-04T13:23:50","guid":{"rendered":"https:\/\/kibrisdakik.com\/?p=120069"},"modified":"2026-09-04T16:23:50","modified_gmt":"2026-09-04T13:23:50","slug":"tosunoglu-bu-donemde-bakanlik-ustlenme-tercihim-kesinlikle-olmayacaktir","status":"publish","type":"post","link":"https:\/\/kibrisdakik.com\/?p=120069","title":{"rendered":"Tosuno\u011flu: \u201cBu d\u00f6nemde bakanl\u0131k \u00fcstlenme tercihim kesinlikle olmayacakt\u0131r\u201d"},"content":{"rendered":"<p>Milletvekili Hasan Tosuno\u011flu, Girne a\u00e7\u0131klar\u0131nda meydana gelen deniz facias\u0131n\u0131n ard\u0131ndan g\u00fcndeme gelen olas\u0131 h\u00fck\u00fcmet senaryolar\u0131 ve kendisinin \u201ckilit milletvekili\u201d olarak de\u011ferlendirilmesine tepki g\u00f6sterdi.<\/p>\n<p>Tosuno\u011flu, \u00fclkenin g\u00fcndeminin Meclis aritmeti\u011fi ve siyasi senaryolar yerine deniz facias\u0131n\u0131n t\u00fcm y\u00f6nleriyle ayd\u0131nlat\u0131lmas\u0131 ve kay\u0131plar\u0131n bulunmas\u0131na odaklanmas\u0131 gerekti\u011fini belirtti.<\/p>\n<p>Facian\u0131n, \u00fclkedeki i\u015f yapma bi\u00e7iminin yeniden sorgulanmas\u0131n\u0131 zorunlu hale getirdi\u011fini ifade eden Tosuno\u011flu, \u00f6zellikle insan hayat\u0131n\u0131 ilgilendiren konularda kurall\u0131 ve disiplinli bir y\u00f6netim anlay\u0131\u015f\u0131n\u0131n tavizsiz \u015fekilde uygulanmas\u0131 gerekti\u011fini vurgulad\u0131.<\/p>\n<p>\u201cDevletimizdeki her kurum bu olaydan pay\u0131na d\u00fc\u015fen dersi \u00e7\u0131karmal\u0131d\u0131r\u201d diyen Tosuno\u011flu, siyasetin polemiklerle vakit ge\u00e7irmek yerine benzer ac\u0131lar\u0131n yeniden ya\u015fanmamas\u0131 i\u00e7in gerekli ad\u0131mlar\u0131 atmas\u0131 gerekti\u011fini kaydetti.<\/p>\n<p>Deniz facias\u0131n\u0131n t\u00fcm boyutlar\u0131yla ara\u015ft\u0131r\u0131lmas\u0131 ve soru\u015fturulmas\u0131n\u0131n b\u00fcy\u00fck \u00f6nem ta\u015f\u0131d\u0131\u011f\u0131n\u0131 belirten Tosuno\u011flu, iktidar ve muhalefetin ac\u0131l\u0131 ailelerin yaralar\u0131n\u0131n sar\u0131lmas\u0131 ve olay\u0131n ayd\u0131nlat\u0131lmas\u0131 i\u00e7in birlikte hareket etmesi gerekti\u011fini s\u00f6yledi.<\/p>\n<p>Yakla\u015fan se\u00e7imlere de i\u015faret eden Tosuno\u011flu, siyasi hesapla\u015fman\u0131n yerinin se\u00e7im oldu\u011funu belirterek, \u201cZaten yak\u0131n bir zamanda se\u00e7im vard\u0131r. Kozlar orada payla\u015f\u0131l\u0131r\u201d dedi.<\/p>\n<h3>\u201cKilit milletvekili\u201d tart\u0131\u015fmalar\u0131na yan\u0131t<\/h3>\n<p>Tosuno\u011flu, hakk\u0131nda medyada yer alan \u201ckilit milletvekili\u201d, \u201cH\u00fck\u00fcmeti d\u00fc\u015f\u00fcrecek mi?\u201d ve \u201cYeni bakan Tosuno\u011flu mu?\u201d \u015feklindeki de\u011ferlendirmelere de yan\u0131t verdi.<\/p>\n<p>Meclis\u2019te mevcut d\u00f6nemde siyasi avantaj elde etmeye y\u00f6nelik giri\u015fimlerin do\u011fru olmad\u0131\u011f\u0131n\u0131 ifade eden Tosuno\u011flu, yak\u0131n zamanda se\u00e7im yap\u0131lacak olmas\u0131 nedeniyle Meclis dengeleri \u00fczerinden y\u00fcr\u00fct\u00fclecek siyasi hesaplar\u0131n \u201csa\u00e7ma, yarars\u0131z ve ahlaki olmayan\u201d \u00e7abalar oldu\u011funu s\u00f6yledi.<\/p>\n<p>Meclis\u2019in \u00fclkeyi se\u00e7ime g\u00f6t\u00fcrecek olgunlukla hareket etmesi gerekti\u011fini belirten Tosuno\u011flu, zamans\u0131z siyasi \u00e7eki\u015fmelerden uzak durulmas\u0131 \u00e7a\u011fr\u0131s\u0131nda bulundu.<\/p>\n<p>Hakk\u0131ndaki spek\u00fclasyonlara son vermek amac\u0131yla tutumunu a\u00e7\u0131k\u00e7a ortaya koyan Tosuno\u011flu, \u201cBu d\u00f6nemde bakanl\u0131k \u00fcstlenme gibi bir tercihim kesinlikle olmayacakt\u0131r. Meclis\u2019te \u2018kilit\u2019 kaprisiyle hareket etmem, nisap krizleri yaratmam da asla s\u00f6z konusu olmayacakt\u0131r. Ben siyaset\u00e7inin \u2018kilit\u2019 de\u011fil \u2018anahtar\u2019 olmas\u0131 gerekti\u011fine inan\u0131yorum\u201d ifadelerini kulland\u0131.<\/p>\n<p>Tosuno\u011flu, kamuoyunun g\u00fcndeminin siyasi tart\u0131\u015fmalarla daha fazla me\u015fgul edilmemesi gerekti\u011fini belirterek, \u201cL\u00fctfen hepimiz esas g\u00fcndeme odaklanal\u0131m\u201d \u00e7a\u011fr\u0131s\u0131nda bulundu.<\/p>\n","protected":false},"excerpt":{"rendered":"<p>Milletvekili Hasan Tosuno\u011flu, Girne a\u00e7\u0131klar\u0131nda meydana gelen deniz facias\u0131n\u0131n ard\u0131ndan g\u00fcndeme gelen olas\u0131 h\u00fck\u00fcmet senaryolar\u0131 ve kendisinin \u201ckilit milletvekili\u201d olarak de\u011ferlendirilmesine tepki g\u00f6sterdi. Tosuno\u011flu, \u00fclkenin g\u00fcndeminin Meclis aritmeti\u011fi ve siyasi senaryolar yerine deniz facias\u0131n\u0131n t\u00fcm y\u00f6nleriyle ayd\u0131nlat\u0131lmas\u0131 ve kay\u0131plar\u0131n bulunmas\u0131na odaklanmas\u0131 gerekti\u011fini belirtti. Facian\u0131n, \u00fclkedeki i\u015f yapma bi\u00e7iminin yeniden sorgulanmas\u0131n\u0131 zorunlu hale getirdi\u011fini ifade eden<\/p>\n","protected":false},"author":1,"featured_media":120071,"comment_status":"open","ping_status":"open","sticky":false,"template":"","format":"standard","meta":{"footnotes":""},"categories":[1,81],"tags":[],"class_list":["post-120069","post","type-post","status-publish","format-standard","has-post-thumbnail","hentry","category-gundem","category-kibris"],"yoast_head":"<!-- This site is optimized with the Yoast SEO plugin v28.4 - https:\/\/yoast.com\/product\/yoast-seo-wordpress\/ -->\n<title>Tosuno\u011flu: \u201cBu d\u00f6nemde bakanl\u0131k \u00fcstlenme tercihim kesinlikle olmayacakt\u0131r\u201d -<\/title>\n<meta name=\"robots\" content=\"index, follow, max-snippet:-1, max-image-preview:large, max-video-preview:-1\" \/>\n<link rel=\"canonical\" href=\"https:\/\/kibrisdakik.com\/?p=120069\" \/>\n<meta property=\"og:locale\" content=\"tr_TR\" \/>\n<meta property=\"og:type\" content=\"article\" \/>\n<meta property=\"og:title\" content=\"Tosuno\u011flu: \u201cBu d\u00f6nemde bakanl\u0131k \u00fcstlenme tercihim kesinlikle olmayacakt\u0131r\u201d -\" \/>\n<meta property=\"og:description\" content=\"Milletvekili Hasan Tosuno\u011flu, Girne a\u00e7\u0131klar\u0131nda meydana gelen deniz facias\u0131n\u0131n ard\u0131ndan g\u00fcndeme gelen olas\u0131 h\u00fck\u00fcmet senaryolar\u0131 ve kendisinin \u201ckilit milletvekili\u201d olarak de\u011ferlendirilmesine tepki g\u00f6sterdi. Tosuno\u011flu, \u00fclkenin g\u00fcndeminin Meclis aritmeti\u011fi ve siyasi senaryolar yerine deniz facias\u0131n\u0131n t\u00fcm y\u00f6nleriyle ayd\u0131nlat\u0131lmas\u0131 ve kay\u0131plar\u0131n bulunmas\u0131na odaklanmas\u0131 gerekti\u011fini belirtti. Facian\u0131n, \u00fclkedeki i\u015f yapma bi\u00e7iminin yeniden sorgulanmas\u0131n\u0131 zorunlu hale getirdi\u011fini ifade eden\" \/>\n<meta property=\"og:url\" content=\"https:\/\/kibrisdakik.com\/?p=120069\" \/>\n<meta property=\"article:published_time\" content=\"2026-09-04T13:23:50+00:00\" \/>\n<meta property=\"og:image\" content=\"https:\/\/kibrisdakik.com\/wp-content\/uploads\/2026\/09\/v2yeniproje4_1774465663.webp\" \/>\n\t<meta property=\"og:image:width\" content=\"971\" \/>\n\t<meta property=\"og:image:height\" content=\"551\" \/>\n\t<meta property=\"og:image:type\" content=\"image\/webp\" \/>\n<meta name=\"author\" content=\"admin\" \/>\n<meta name=\"twitter:card\" content=\"summary_large_image\" \/>\n<meta name=\"twitter:label1\" content=\"Yazan:\" \/>\n\t<meta name=\"twitter:data1\" content=\"admin\" \/>\n\t<meta name=\"twitter:label2\" content=\"Tahmini okuma s\u00fcresi\" \/>\n\t<meta name=\"twitter:data2\" content=\"2 dakika\" \/>\n<script type=\"application\/ld+json\" class=\"yoast-schema-graph\">{\"@context\":\"https:\\\/\\\/schema.org\",\"@graph\":[{\"@type\":\"Article\",\"@id\":\"https:\\\/\\\/kibrisdakik.com\\\/?p=120069#article\",\"isPartOf\":{\"@id\":\"https:\\\/\\\/kibrisdakik.com\\\/?p=120069\"},\"author\":{\"name\":\"admin\",\"@id\":\"https:\\\/\\\/kibrisdakik.com\\\/#\\\/schema\\\/person\\\/9cd9d437bbb44f72b73ba127e06d8e79\"},\"headline\":\"Tosuno\u011flu: \u201cBu d\u00f6nemde bakanl\u0131k \u00fcstlenme tercihim kesinlikle olmayacakt\u0131r\u201d\",\"datePublished\":\"2026-09-04T13:23:50+00:00\",\"mainEntityOfPage\":{\"@id\":\"https:\\\/\\\/kibrisdakik.com\\\/?p=120069\"},\"wordCount\":446,\"commentCount\":0,\"publisher\":{\"@id\":\"https:\\\/\\\/kibrisdakik.com\\\/#organization\"},\"image\":{\"@id\":\"https:\\\/\\\/kibrisdakik.com\\\/?p=120069#primaryimage\"},\"thumbnailUrl\":\"https:\\\/\\\/kibrisdakik.com\\\/wp-content\\\/uploads\\\/2026\\\/09\\\/v2yeniproje4_1774465663.webp\",\"articleSection\":[\"G\u00fcndem\",\"K\u0131br\u0131s\"],\"inLanguage\":\"tr\",\"potentialAction\":[{\"@type\":\"CommentAction\",\"name\":\"Comment\",\"target\":[\"https:\\\/\\\/kibrisdakik.com\\\/?p=120069#respond\"]}]},{\"@type\":\"WebPage\",\"@id\":\"https:\\\/\\\/kibrisdakik.com\\\/?p=120069\",\"url\":\"https:\\\/\\\/kibrisdakik.com\\\/?p=120069\",\"name\":\"Tosuno\u011flu: \u201cBu d\u00f6nemde bakanl\u0131k \u00fcstlenme tercihim kesinlikle olmayacakt\u0131r\u201d -\",\"isPartOf\":{\"@id\":\"https:\\\/\\\/kibrisdakik.com\\\/#website\"},\"primaryImageOfPage\":{\"@id\":\"https:\\\/\\\/kibrisdakik.com\\\/?p=120069#primaryimage\"},\"image\":{\"@id\":\"https:\\\/\\\/kibrisdakik.com\\\/?p=120069#primaryimage\"},\"thumbnailUrl\":\"https:\\\/\\\/kibrisdakik.com\\\/wp-content\\\/uploads\\\/2026\\\/09\\\/v2yeniproje4_1774465663.webp\",\"datePublished\":\"2026-09-04T13:23:50+00:00\",\"breadcrumb\":{\"@id\":\"https:\\\/\\\/kibrisdakik.com\\\/?p=120069#breadcrumb\"},\"inLanguage\":\"tr\",\"potentialAction\":[{\"@type\":\"ReadAction\",\"target\":[\"https:\\\/\\\/kibrisdakik.com\\\/?p=120069\"]}]},{\"@type\":\"ImageObject\",\"inLanguage\":\"tr\",\"@id\":\"https:\\\/\\\/kibrisdakik.com\\\/?p=120069#primaryimage\",\"url\":\"https:\\\/\\\/kibrisdakik.com\\\/wp-content\\\/uploads\\\/2026\\\/09\\\/v2yeniproje4_1774465663.webp\",\"contentUrl\":\"https:\\\/\\\/kibrisdakik.com\\\/wp-content\\\/uploads\\\/2026\\\/09\\\/v2yeniproje4_1774465663.webp\",\"width\":971,\"height\":551},{\"@type\":\"BreadcrumbList\",\"@id\":\"https:\\\/\\\/kibrisdakik.com\\\/?p=120069#breadcrumb\",\"itemListElement\":[{\"@type\":\"ListItem\",\"position\":1,\"name\":\"Home\",\"item\":\"https:\\\/\\\/kibrisdakik.com\\\/\"},{\"@type\":\"ListItem\",\"position\":2,\"name\":\"Tosuno\u011flu: \u201cBu d\u00f6nemde bakanl\u0131k \u00fcstlenme tercihim kesinlikle olmayacakt\u0131r\u201d\"}]},{\"@type\":\"WebSite\",\"@id\":\"https:\\\/\\\/kibrisdakik.com\\\/#website\",\"url\":\"https:\\\/\\\/kibrisdakik.com\\\/\",\"name\":\"K\u0131br\u0131s Dakik\",\"description\":\"Tam vaktinde haber\",\"publisher\":{\"@id\":\"https:\\\/\\\/kibrisdakik.com\\\/#organization\"},\"potentialAction\":[{\"@type\":\"SearchAction\",\"target\":{\"@type\":\"EntryPoint\",\"urlTemplate\":\"https:\\\/\\\/kibrisdakik.com\\\/?s={search_term_string}\"},\"query-input\":{\"@type\":\"PropertyValueSpecification\",\"valueRequired\":true,\"valueName\":\"search_term_string\"}}],\"inLanguage\":\"tr\"},{\"@type\":\"Organization\",\"@id\":\"https:\\\/\\\/kibrisdakik.com\\\/#organization\",\"name\":\"K\u0131br\u0131s Dakik\",\"url\":\"https:\\\/\\\/kibrisdakik.com\\\/\",\"logo\":{\"@type\":\"ImageObject\",\"inLanguage\":\"tr\",\"@id\":\"https:\\\/\\\/kibrisdakik.com\\\/#\\\/schema\\\/logo\\\/image\\\/\",\"url\":\"https:\\\/\\\/kibrisdakik.com\\\/wp-content\\\/uploads\\\/2025\\\/10\\\/cropped-WhatsApp-Image-2025-10-02-at-12.58.31.jpeg\",\"contentUrl\":\"https:\\\/\\\/kibrisdakik.com\\\/wp-content\\\/uploads\\\/2025\\\/10\\\/cropped-WhatsApp-Image-2025-10-02-at-12.58.31.jpeg\",\"width\":1237,\"height\":190,\"caption\":\"K\u0131br\u0131s Dakik\"},\"image\":{\"@id\":\"https:\\\/\\\/kibrisdakik.com\\\/#\\\/schema\\\/logo\\\/image\\\/\"}},{\"@type\":\"Person\",\"@id\":\"https:\\\/\\\/kibrisdakik.com\\\/#\\\/schema\\\/person\\\/9cd9d437bbb44f72b73ba127e06d8e79\",\"name\":\"admin\",\"image\":{\"@type\":\"ImageObject\",\"inLanguage\":\"tr\",\"@id\":\"https:\\\/\\\/secure.gravatar.com\\\/avatar\\\/ccc17943b9d660506c869530f897617f7cb1c21a4bf30023f252596d83e1f007?s=96&d=mm&r=g\",\"url\":\"https:\\\/\\\/secure.gravatar.com\\\/avatar\\\/ccc17943b9d660506c869530f897617f7cb1c21a4bf30023f252596d83e1f007?s=96&d=mm&r=g\",\"contentUrl\":\"https:\\\/\\\/secure.gravatar.com\\\/avatar\\\/ccc17943b9d660506c869530f897617f7cb1c21a4bf30023f252596d83e1f007?s=96&d=mm&r=g\",\"caption\":\"admin\"},\"sameAs\":[\"https:\\\/\\\/kibrisdakik.com\"],\"url\":\"https:\\\/\\\/kibrisdakik.com\\\/?author=1\"}]}<\/script>\n<!-- \/ Yoast SEO plugin. -->","yoast_head_json":{"title":"Tosuno\u011flu: \u201cBu d\u00f6nemde bakanl\u0131k \u00fcstlenme tercihim kesinlikle olmayacakt\u0131r\u201d -","robots":{"index":"index","follow":"follow","max-snippet":"max-snippet:-1","max-image-preview":"max-image-preview:large","max-video-preview":"max-video-preview:-1"},"canonical":"https:\/\/kibrisdakik.com\/?p=120069","og_locale":"tr_TR","og_type":"article","og_title":"Tosuno\u011flu: \u201cBu d\u00f6nemde bakanl\u0131k \u00fcstlenme tercihim kesinlikle olmayacakt\u0131r\u201d -","og_description":"Milletvekili Hasan Tosuno\u011flu, Girne a\u00e7\u0131klar\u0131nda meydana gelen deniz facias\u0131n\u0131n ard\u0131ndan g\u00fcndeme gelen olas\u0131 h\u00fck\u00fcmet senaryolar\u0131 ve kendisinin \u201ckilit milletvekili\u201d olarak de\u011ferlendirilmesine tepki g\u00f6sterdi. Tosuno\u011flu, \u00fclkenin g\u00fcndeminin Meclis aritmeti\u011fi ve siyasi senaryolar yerine deniz facias\u0131n\u0131n t\u00fcm y\u00f6nleriyle ayd\u0131nlat\u0131lmas\u0131 ve kay\u0131plar\u0131n bulunmas\u0131na odaklanmas\u0131 gerekti\u011fini belirtti. Facian\u0131n, \u00fclkedeki i\u015f yapma bi\u00e7iminin yeniden sorgulanmas\u0131n\u0131 zorunlu hale getirdi\u011fini ifade eden","og_url":"https:\/\/kibrisdakik.com\/?p=120069","article_published_time":"2026-09-04T13:23:50+00:00","og_image":[{"width":971,"height":551,"url":"https:\/\/kibrisdakik.com\/wp-content\/uploads\/2026\/09\/v2yeniproje4_1774465663.webp","type":"image\/webp"}],"author":"admin","twitter_card":"summary_large_image","twitter_misc":{"Yazan:":"admin","Tahmini okuma s\u00fcresi":"2 dakika"},"schema":{"@context":"https:\/\/schema.org","@graph":[{"@type":"Article","@id":"https:\/\/kibrisdakik.com\/?p=120069#article","isPartOf":{"@id":"https:\/\/kibrisdakik.com\/?p=120069"},"author":{"name":"admin","@id":"https:\/\/kibrisdakik.com\/#\/schema\/person\/9cd9d437bbb44f72b73ba127e06d8e79"},"headline":"Tosuno\u011flu: \u201cBu d\u00f6nemde bakanl\u0131k \u00fcstlenme tercihim kesinlikle olmayacakt\u0131r\u201d","datePublished":"2026-09-04T13:23:50+00:00","mainEntityOfPage":{"@id":"https:\/\/kibrisdakik.com\/?p=120069"},"wordCount":446,"commentCount":0,"publisher":{"@id":"https:\/\/kibrisdakik.com\/#organization"},"image":{"@id":"https:\/\/kibrisdakik.com\/?p=120069#primaryimage"},"thumbnailUrl":"https:\/\/kibrisdakik.com\/wp-content\/uploads\/2026\/09\/v2yeniproje4_1774465663.webp","articleSection":["G\u00fcndem","K\u0131br\u0131s"],"inLanguage":"tr","potentialAction":[{"@type":"CommentAction","name":"Comment","target":["https:\/\/kibrisdakik.com\/?p=120069#respond"]}]},{"@type":"WebPage","@id":"https:\/\/kibrisdakik.com\/?p=120069","url":"https:\/\/kibrisdakik.com\/?p=120069","name":"Tosuno\u011flu: \u201cBu d\u00f6nemde bakanl\u0131k \u00fcstlenme tercihim kesinlikle olmayacakt\u0131r\u201d -","isPartOf":{"@id":"https:\/\/kibrisdakik.com\/#website"},"primaryImageOfPage":{"@id":"https:\/\/kibrisdakik.com\/?p=120069#primaryimage"},"image":{"@id":"https:\/\/kibrisdakik.com\/?p=120069#primaryimage"},"thumbnailUrl":"https:\/\/kibrisdakik.com\/wp-content\/uploads\/2026\/09\/v2yeniproje4_1774465663.webp","datePublished":"2026-09-04T13:23:50+00:00","breadcrumb":{"@id":"https:\/\/kibrisdakik.com\/?p=120069#breadcrumb"},"inLanguage":"tr","potentialAction":[{"@type":"ReadAction","target":["https:\/\/kibrisdakik.com\/?p=120069"]}]},{"@type":"ImageObject","inLanguage":"tr","@id":"https:\/\/kibrisdakik.com\/?p=120069#primaryimage","url":"https:\/\/kibrisdakik.com\/wp-content\/uploads\/2026\/09\/v2yeniproje4_1774465663.webp","contentUrl":"https:\/\/kibrisdakik.com\/wp-content\/uploads\/2026\/09\/v2yeniproje4_1774465663.webp","width":971,"height":551},{"@type":"BreadcrumbList","@id":"https:\/\/kibrisdakik.com\/?p=120069#breadcrumb","itemListElement":[{"@type":"ListItem","position":1,"name":"Home","item":"https:\/\/kibrisdakik.com\/"},{"@type":"ListItem","position":2,"name":"Tosuno\u011flu: \u201cBu d\u00f6nemde bakanl\u0131k \u00fcstlenme tercihim kesinlikle olmayacakt\u0131r\u201d"}]},{"@type":"WebSite","@id":"https:\/\/kibrisdakik.com\/#website","url":"https:\/\/kibrisdakik.com\/","name":"K\u0131br\u0131s Dakik","description":"Tam vaktinde haber","publisher":{"@id":"https:\/\/kibrisdakik.com\/#organization"},"potentialAction":[{"@type":"SearchAction","target":{"@type":"EntryPoint","urlTemplate":"https:\/\/kibrisdakik.com\/?s={search_term_string}"},"query-input":{"@type":"PropertyValueSpecification","valueRequired":true,"valueName":"search_term_string"}}],"inLanguage":"tr"},{"@type":"Organization","@id":"https:\/\/kibrisdakik.com\/#organization","name":"K\u0131br\u0131s Dakik","url":"https:\/\/kibrisdakik.com\/","logo":{"@type":"ImageObject","inLanguage":"tr","@id":"https:\/\/kibrisdakik.com\/#\/schema\/logo\/image\/","url":"https:\/\/kibrisdakik.com\/wp-content\/uploads\/2025\/10\/cropped-WhatsApp-Image-2025-10-02-at-12.58.31.jpeg","contentUrl":"https:\/\/kibrisdakik.com\/wp-content\/uploads\/2025\/10\/cropped-WhatsApp-Image-2025-10-02-at-12.58.31.jpeg","width":1237,"height":190,"caption":"K\u0131br\u0131s Dakik"},"image":{"@id":"https:\/\/kibrisdakik.com\/#\/schema\/logo\/image\/"}},{"@type":"Person","@id":"https:\/\/kibrisdakik.com\/#\/schema\/person\/9cd9d437bbb44f72b73ba127e06d8e79","name":"admin","image":{"@type":"ImageObject","inLanguage":"tr","@id":"https:\/\/secure.gravatar.com\/avatar\/ccc17943b9d660506c869530f897617f7cb1c21a4bf30023f252596d83e1f007?s=96&d=mm&r=g","url":"https:\/\/secure.gravatar.com\/avatar\/ccc17943b9d660506c869530f897617f7cb1c21a4bf30023f252596d83e1f007?s=96&d=mm&r=g","contentUrl":"https:\/\/secure.gravatar.com\/avatar\/ccc17943b9d660506c869530f897617f7cb1c21a4bf30023f252596d83e1f007?s=96&d=mm&r=g","caption":"admin"},"sameAs":["https:\/\/kibrisdakik.com"],"url":"https:\/\/kibrisdakik.com\/?author=1"}]}},"_links":{"self":[{"href":"https:\/\/kibrisdakik.com\/index.php?rest_route=\/wp\/v2\/posts\/120069","targetHints":{"allow":["GET"]}}],"collection":[{"href":"https:\/\/kibrisdakik.com\/index.php?rest_route=\/wp\/v2\/posts"}],"about":[{"href":"https:\/\/kibrisdakik.com\/index.php?rest_route=\/wp\/v2\/types\/post"}],"author":[{"embeddable":true,"href":"https:\/\/kibrisdakik.com\/index.php?rest_route=\/wp\/v2\/users\/1"}],"replies":[{"embeddable":true,"href":"https:\/\/kibrisdakik.com\/index.php?rest_route=%2Fwp%2Fv2%2Fcomments&post=120069"}],"version-history":[{"count":1,"href":"https:\/\/kibrisdakik.com\/index.php?rest_route=\/wp\/v2\/posts\/120069\/revisions"}],"predecessor-version":[{"id":120072,"href":"https:\/\/kibrisdakik.com\/index.php?rest_route=\/wp\/v2\/posts\/120069\/revisions\/120072"}],"wp:featuredmedia":[{"embeddable":true,"href":"https:\/\/kibrisdakik.com\/index.php?rest_route=\/wp\/v2\/media\/120071"}],"wp:attachment":[{"href":"https:\/\/kibrisdakik.com\/index.php?rest_route=%2Fwp%2Fv2%2Fmedia&parent=120069"}],"wp:term":[{"taxonomy":"category","embeddable":true,"href":"https:\/\/kibrisdakik.com\/index.php?rest_route=%2Fwp%2Fv2%2Fcategories&post=120069"},{"taxonomy":"post_tag","embeddable":true,"href":"https:\/\/kibrisdakik.com\/index.php?rest_route=%2Fwp%2Fv2%2Ftags&post=120069"}],"curies":[{"name":"wp","href":"https:\/\/api.w.org\/{rel}","templated":true}]}}