{"id":120073,"date":"2026-09-04T16:27:18","date_gmt":"2026-09-04T13:27:18","guid":{"rendered":"https:\/\/kibrisdakik.com\/?p=120073"},"modified":"2026-09-04T16:27:18","modified_gmt":"2026-09-04T13:27:18","slug":"ozturkler-filo-jet-faciasi-mecliste-tum-detaylariyla-arastirilacak","status":"publish","type":"post","link":"https:\/\/kibrisdakik.com\/?p=120073","title":{"rendered":"\u00d6zt\u00fcrkler: \u201cFilo Jet facias\u0131 Meclis\u2019te t\u00fcm detaylar\u0131yla ara\u015ft\u0131r\u0131lacak\u201d"},"content":{"rendered":"<p>Cumhuriyet Meclisi Ba\u015fkan\u0131 Ziya \u00d6zt\u00fcrkler, Girne a\u00e7\u0131klar\u0131nda alabora olarak batan Filo Jet gemisiyle ilgili Meclis Ara\u015ft\u0131rma Komitesi kurulmas\u0131na y\u00f6nelik dilek\u00e7elerin hem ana muhalefet hem de h\u00fck\u00fcmet taraf\u0131ndan Meclis\u2019e sunuldu\u011funu a\u00e7\u0131klad\u0131.<\/p>\n<p>\u00d6zt\u00fcrkler, Girne Turizm Liman\u0131\u2019nda yapt\u0131\u011f\u0131 a\u00e7\u0131klamada, CTP Genel Ba\u015fkan\u0131 S\u0131la Usar \u0130ncirli ve CTP milletvekillerinin imzas\u0131yla ara\u015ft\u0131rma komitesi kurulmas\u0131na ili\u015fkin dilek\u00e7enin \u00f6\u011fleden sonra Meclis\u2019e sunuldu\u011funu belirtti. \u00d6zt\u00fcrkler, ak\u015fam saatlerinde ise Ba\u015fbakan \u00dcnal \u00dcstel ve Ba\u015fbakan Yard\u0131mc\u0131s\u0131 Fikri Atao\u011flu\u2019nun da komite kurulmas\u0131na y\u00f6nelik dilek\u00e7eleri sundu\u011funu kaydetti.<\/p>\n<p>Ana muhalefet ve h\u00fck\u00fcmetin olay\u0131n ayr\u0131nt\u0131l\u0131 \u015fekilde ara\u015ft\u0131r\u0131lmas\u0131n\u0131 istedi\u011fini belirten \u00d6zt\u00fcrkler, \u201cAna muhalefet de h\u00fck\u00fcmet de elbette konunun ince ayr\u0131nt\u0131s\u0131na kadar ara\u015ft\u0131r\u0131lmas\u0131n\u0131 talep ediyor\u201d dedi.<\/p>\n<p>\u00d6zt\u00fcrkler, facian\u0131n ara\u015ft\u0131r\u0131lmas\u0131, gerek\u00e7elerinin ortaya \u00e7\u0131kar\u0131lmas\u0131 ve ya\u015fanan s\u00fcrecin t\u00fcm y\u00f6nleriyle ayd\u0131nlat\u0131lmas\u0131n\u0131n ama\u00e7land\u0131\u011f\u0131n\u0131 ifade etti.<\/p>\n<h3>\u201cMeclis\u2019te detayl\u0131 konu\u015fulacak\u201d<\/h3>\n<p>Konunun Meclis\u2019te ayr\u0131nt\u0131l\u0131 \u015fekilde ele al\u0131naca\u011f\u0131n\u0131 belirten \u00d6zt\u00fcrkler, devam eden arama-kurtarma \u00e7al\u0131\u015fmalar\u0131na dikkat \u00e7ekerek mevcut s\u00fcre\u00e7te biraz daha sab\u0131rl\u0131 olunmas\u0131 gerekti\u011fini s\u00f6yledi.<\/p>\n<p>\u00d6zt\u00fcrkler, \u201cMeclis\u2019te de detayl\u0131 konu\u015fulacak. Devam eden kritik bir s\u00fcre\u00e7 var. H\u00fck\u00fcmet yetkilileri de bu s\u00fcrecin i\u00e7inde. Biraz daha sabredip m\u00fccadeleye destek olal\u0131m. Hemen arkas\u0131ndan ola\u011fan\u00fcst\u00fc toplant\u0131 s\u00fcrecinde de bu konu\u015fulacak\u201d ifadelerini kulland\u0131.<\/p>\n<h3>\u201cTarihi do\u011fru ayarlamak \u00f6nemli\u201d<\/h3>\n<p>Ola\u011fan\u00fcst\u00fc Meclis toplant\u0131s\u0131n\u0131n tarihinin do\u011fru belirlenmesinin \u00f6nemine i\u015faret eden \u00d6zt\u00fcrkler, t\u00fcm milletvekillerinin toplant\u0131da haz\u0131r bulunmas\u0131n\u0131n \u00f6nemli oldu\u011funu vurgulad\u0131.<\/p>\n<p>Toplant\u0131 tarihinin buna g\u00f6re ayarlanaca\u011f\u0131n\u0131 belirten \u00d6zt\u00fcrkler, konunun Meclis\u2019te ve kamuoyu \u00f6n\u00fcnde kapsaml\u0131 \u015fekilde de\u011ferlendirilece\u011fini kaydetti.<\/p>\n<h3>\u201cAileler bu kay\u0131plara ula\u015fmak istiyor\u201d<\/h3>\n<p>Devam eden arama-kurtarma \u00e7al\u0131\u015fmalar\u0131na da de\u011finen \u00d6zt\u00fcrkler, halen kay\u0131plar\u0131n bulundu\u011funu ve ailelerin yak\u0131nlar\u0131na ula\u015fmak istedi\u011fini ifade etti.<\/p>\n<p>\u00d6zt\u00fcrkler, \u00f6nceli\u011fin devam eden \u00e7al\u0131\u015fmalara verilmesi gerekti\u011fini belirterek, \u201cBirka\u00e7 g\u00fcn bu s\u00fcreci atlatal\u0131m, arkas\u0131ndan s\u00fcre\u00e7ler Meclis\u2019te tart\u0131\u015f\u0131lacakt\u0131r\u201d dedi.<\/p>\n","protected":false},"excerpt":{"rendered":"<p>Cumhuriyet Meclisi Ba\u015fkan\u0131 Ziya \u00d6zt\u00fcrkler, Girne a\u00e7\u0131klar\u0131nda alabora olarak batan Filo Jet gemisiyle ilgili Meclis Ara\u015ft\u0131rma Komitesi kurulmas\u0131na y\u00f6nelik dilek\u00e7elerin hem ana muhalefet hem de h\u00fck\u00fcmet taraf\u0131ndan Meclis\u2019e sunuldu\u011funu a\u00e7\u0131klad\u0131. \u00d6zt\u00fcrkler, Girne Turizm Liman\u0131\u2019nda yapt\u0131\u011f\u0131 a\u00e7\u0131klamada, CTP Genel Ba\u015fkan\u0131 S\u0131la Usar \u0130ncirli ve CTP milletvekillerinin imzas\u0131yla ara\u015ft\u0131rma komitesi kurulmas\u0131na ili\u015fkin dilek\u00e7enin \u00f6\u011fleden sonra Meclis\u2019e sunuldu\u011funu<\/p>\n","protected":false},"author":1,"featured_media":120074,"comment_status":"open","ping_status":"open","sticky":false,"template":"","format":"standard","meta":{"footnotes":""},"categories":[1,81],"tags":[],"class_list":["post-120073","post","type-post","status-publish","format-standard","has-post-thumbnail","hentry","category-gundem","category-kibris"],"yoast_head":"<!-- This site is optimized with the Yoast SEO plugin v28.4 - https:\/\/yoast.com\/product\/yoast-seo-wordpress\/ -->\n<title>\u00d6zt\u00fcrkler: \u201cFilo Jet facias\u0131 Meclis\u2019te t\u00fcm detaylar\u0131yla ara\u015ft\u0131r\u0131lacak\u201d -<\/title>\n<meta name=\"robots\" content=\"index, follow, max-snippet:-1, max-image-preview:large, max-video-preview:-1\" \/>\n<link rel=\"canonical\" href=\"https:\/\/kibrisdakik.com\/?p=120073\" \/>\n<meta property=\"og:locale\" content=\"tr_TR\" \/>\n<meta property=\"og:type\" content=\"article\" \/>\n<meta property=\"og:title\" content=\"\u00d6zt\u00fcrkler: \u201cFilo Jet facias\u0131 Meclis\u2019te t\u00fcm detaylar\u0131yla ara\u015ft\u0131r\u0131lacak\u201d -\" \/>\n<meta property=\"og:description\" content=\"Cumhuriyet Meclisi Ba\u015fkan\u0131 Ziya \u00d6zt\u00fcrkler, Girne a\u00e7\u0131klar\u0131nda alabora olarak batan Filo Jet gemisiyle ilgili Meclis Ara\u015ft\u0131rma Komitesi kurulmas\u0131na y\u00f6nelik dilek\u00e7elerin hem ana muhalefet hem de h\u00fck\u00fcmet taraf\u0131ndan Meclis\u2019e sunuldu\u011funu a\u00e7\u0131klad\u0131. \u00d6zt\u00fcrkler, Girne Turizm Liman\u0131\u2019nda yapt\u0131\u011f\u0131 a\u00e7\u0131klamada, CTP Genel Ba\u015fkan\u0131 S\u0131la Usar \u0130ncirli ve CTP milletvekillerinin imzas\u0131yla ara\u015ft\u0131rma komitesi kurulmas\u0131na ili\u015fkin dilek\u00e7enin \u00f6\u011fleden sonra Meclis\u2019e sunuldu\u011funu\" \/>\n<meta property=\"og:url\" content=\"https:\/\/kibrisdakik.com\/?p=120073\" \/>\n<meta property=\"article:published_time\" content=\"2026-09-04T13:27:18+00:00\" \/>\n<meta property=\"og:image\" content=\"https:\/\/kibrisdakik.com\/wp-content\/uploads\/2026\/09\/Unknown.jpeg\" \/>\n\t<meta property=\"og:image:width\" content=\"1600\" \/>\n\t<meta property=\"og:image:height\" content=\"1066\" \/>\n\t<meta property=\"og:image:type\" content=\"image\/jpeg\" \/>\n<meta name=\"author\" content=\"admin\" \/>\n<meta name=\"twitter:card\" content=\"summary_large_image\" \/>\n<meta name=\"twitter:label1\" content=\"Yazan:\" \/>\n\t<meta name=\"twitter:data1\" content=\"admin\" \/>\n\t<meta name=\"twitter:label2\" content=\"Tahmini okuma s\u00fcresi\" \/>\n\t<meta name=\"twitter:data2\" content=\"2 dakika\" \/>\n<script type=\"application\/ld+json\" class=\"yoast-schema-graph\">{\"@context\":\"https:\\\/\\\/schema.org\",\"@graph\":[{\"@type\":\"Article\",\"@id\":\"https:\\\/\\\/kibrisdakik.com\\\/?p=120073#article\",\"isPartOf\":{\"@id\":\"https:\\\/\\\/kibrisdakik.com\\\/?p=120073\"},\"author\":{\"name\":\"admin\",\"@id\":\"https:\\\/\\\/kibrisdakik.com\\\/#\\\/schema\\\/person\\\/9cd9d437bbb44f72b73ba127e06d8e79\"},\"headline\":\"\u00d6zt\u00fcrkler: \u201cFilo Jet facias\u0131 Meclis\u2019te t\u00fcm detaylar\u0131yla ara\u015ft\u0131r\u0131lacak\u201d\",\"datePublished\":\"2026-09-04T13:27:18+00:00\",\"mainEntityOfPage\":{\"@id\":\"https:\\\/\\\/kibrisdakik.com\\\/?p=120073\"},\"wordCount\":421,\"commentCount\":0,\"publisher\":{\"@id\":\"https:\\\/\\\/kibrisdakik.com\\\/#organization\"},\"image\":{\"@id\":\"https:\\\/\\\/kibrisdakik.com\\\/?p=120073#primaryimage\"},\"thumbnailUrl\":\"https:\\\/\\\/kibrisdakik.com\\\/wp-content\\\/uploads\\\/2026\\\/09\\\/Unknown.jpeg\",\"articleSection\":[\"G\u00fcndem\",\"K\u0131br\u0131s\"],\"inLanguage\":\"tr\",\"potentialAction\":[{\"@type\":\"CommentAction\",\"name\":\"Comment\",\"target\":[\"https:\\\/\\\/kibrisdakik.com\\\/?p=120073#respond\"]}]},{\"@type\":\"WebPage\",\"@id\":\"https:\\\/\\\/kibrisdakik.com\\\/?p=120073\",\"url\":\"https:\\\/\\\/kibrisdakik.com\\\/?p=120073\",\"name\":\"\u00d6zt\u00fcrkler: \u201cFilo Jet facias\u0131 Meclis\u2019te t\u00fcm detaylar\u0131yla ara\u015ft\u0131r\u0131lacak\u201d -\",\"isPartOf\":{\"@id\":\"https:\\\/\\\/kibrisdakik.com\\\/#website\"},\"primaryImageOfPage\":{\"@id\":\"https:\\\/\\\/kibrisdakik.com\\\/?p=120073#primaryimage\"},\"image\":{\"@id\":\"https:\\\/\\\/kibrisdakik.com\\\/?p=120073#primaryimage\"},\"thumbnailUrl\":\"https:\\\/\\\/kibrisdakik.com\\\/wp-content\\\/uploads\\\/2026\\\/09\\\/Unknown.jpeg\",\"datePublished\":\"2026-09-04T13:27:18+00:00\",\"breadcrumb\":{\"@id\":\"https:\\\/\\\/kibrisdakik.com\\\/?p=120073#breadcrumb\"},\"inLanguage\":\"tr\",\"potentialAction\":[{\"@type\":\"ReadAction\",\"target\":[\"https:\\\/\\\/kibrisdakik.com\\\/?p=120073\"]}]},{\"@type\":\"ImageObject\",\"inLanguage\":\"tr\",\"@id\":\"https:\\\/\\\/kibrisdakik.com\\\/?p=120073#primaryimage\",\"url\":\"https:\\\/\\\/kibrisdakik.com\\\/wp-content\\\/uploads\\\/2026\\\/09\\\/Unknown.jpeg\",\"contentUrl\":\"https:\\\/\\\/kibrisdakik.com\\\/wp-content\\\/uploads\\\/2026\\\/09\\\/Unknown.jpeg\",\"width\":1600,\"height\":1066},{\"@type\":\"BreadcrumbList\",\"@id\":\"https:\\\/\\\/kibrisdakik.com\\\/?p=120073#breadcrumb\",\"itemListElement\":[{\"@type\":\"ListItem\",\"position\":1,\"name\":\"Home\",\"item\":\"https:\\\/\\\/kibrisdakik.com\\\/\"},{\"@type\":\"ListItem\",\"position\":2,\"name\":\"\u00d6zt\u00fcrkler: \u201cFilo Jet facias\u0131 Meclis\u2019te t\u00fcm detaylar\u0131yla ara\u015ft\u0131r\u0131lacak\u201d\"}]},{\"@type\":\"WebSite\",\"@id\":\"https:\\\/\\\/kibrisdakik.com\\\/#website\",\"url\":\"https:\\\/\\\/kibrisdakik.com\\\/\",\"name\":\"K\u0131br\u0131s Dakik\",\"description\":\"Tam vaktinde haber\",\"publisher\":{\"@id\":\"https:\\\/\\\/kibrisdakik.com\\\/#organization\"},\"potentialAction\":[{\"@type\":\"SearchAction\",\"target\":{\"@type\":\"EntryPoint\",\"urlTemplate\":\"https:\\\/\\\/kibrisdakik.com\\\/?s={search_term_string}\"},\"query-input\":{\"@type\":\"PropertyValueSpecification\",\"valueRequired\":true,\"valueName\":\"search_term_string\"}}],\"inLanguage\":\"tr\"},{\"@type\":\"Organization\",\"@id\":\"https:\\\/\\\/kibrisdakik.com\\\/#organization\",\"name\":\"K\u0131br\u0131s Dakik\",\"url\":\"https:\\\/\\\/kibrisdakik.com\\\/\",\"logo\":{\"@type\":\"ImageObject\",\"inLanguage\":\"tr\",\"@id\":\"https:\\\/\\\/kibrisdakik.com\\\/#\\\/schema\\\/logo\\\/image\\\/\",\"url\":\"https:\\\/\\\/kibrisdakik.com\\\/wp-content\\\/uploads\\\/2025\\\/10\\\/cropped-WhatsApp-Image-2025-10-02-at-12.58.31.jpeg\",\"contentUrl\":\"https:\\\/\\\/kibrisdakik.com\\\/wp-content\\\/uploads\\\/2025\\\/10\\\/cropped-WhatsApp-Image-2025-10-02-at-12.58.31.jpeg\",\"width\":1237,\"height\":190,\"caption\":\"K\u0131br\u0131s Dakik\"},\"image\":{\"@id\":\"https:\\\/\\\/kibrisdakik.com\\\/#\\\/schema\\\/logo\\\/image\\\/\"}},{\"@type\":\"Person\",\"@id\":\"https:\\\/\\\/kibrisdakik.com\\\/#\\\/schema\\\/person\\\/9cd9d437bbb44f72b73ba127e06d8e79\",\"name\":\"admin\",\"image\":{\"@type\":\"ImageObject\",\"inLanguage\":\"tr\",\"@id\":\"https:\\\/\\\/secure.gravatar.com\\\/avatar\\\/ccc17943b9d660506c869530f897617f7cb1c21a4bf30023f252596d83e1f007?s=96&d=mm&r=g\",\"url\":\"https:\\\/\\\/secure.gravatar.com\\\/avatar\\\/ccc17943b9d660506c869530f897617f7cb1c21a4bf30023f252596d83e1f007?s=96&d=mm&r=g\",\"contentUrl\":\"https:\\\/\\\/secure.gravatar.com\\\/avatar\\\/ccc17943b9d660506c869530f897617f7cb1c21a4bf30023f252596d83e1f007?s=96&d=mm&r=g\",\"caption\":\"admin\"},\"sameAs\":[\"https:\\\/\\\/kibrisdakik.com\"],\"url\":\"https:\\\/\\\/kibrisdakik.com\\\/?author=1\"}]}<\/script>\n<!-- \/ Yoast SEO plugin. -->","yoast_head_json":{"title":"\u00d6zt\u00fcrkler: \u201cFilo Jet facias\u0131 Meclis\u2019te t\u00fcm detaylar\u0131yla ara\u015ft\u0131r\u0131lacak\u201d -","robots":{"index":"index","follow":"follow","max-snippet":"max-snippet:-1","max-image-preview":"max-image-preview:large","max-video-preview":"max-video-preview:-1"},"canonical":"https:\/\/kibrisdakik.com\/?p=120073","og_locale":"tr_TR","og_type":"article","og_title":"\u00d6zt\u00fcrkler: \u201cFilo Jet facias\u0131 Meclis\u2019te t\u00fcm detaylar\u0131yla ara\u015ft\u0131r\u0131lacak\u201d -","og_description":"Cumhuriyet Meclisi Ba\u015fkan\u0131 Ziya \u00d6zt\u00fcrkler, Girne a\u00e7\u0131klar\u0131nda alabora olarak batan Filo Jet gemisiyle ilgili Meclis Ara\u015ft\u0131rma Komitesi kurulmas\u0131na y\u00f6nelik dilek\u00e7elerin hem ana muhalefet hem de h\u00fck\u00fcmet taraf\u0131ndan Meclis\u2019e sunuldu\u011funu a\u00e7\u0131klad\u0131. \u00d6zt\u00fcrkler, Girne Turizm Liman\u0131\u2019nda yapt\u0131\u011f\u0131 a\u00e7\u0131klamada, CTP Genel Ba\u015fkan\u0131 S\u0131la Usar \u0130ncirli ve CTP milletvekillerinin imzas\u0131yla ara\u015ft\u0131rma komitesi kurulmas\u0131na ili\u015fkin dilek\u00e7enin \u00f6\u011fleden sonra Meclis\u2019e sunuldu\u011funu","og_url":"https:\/\/kibrisdakik.com\/?p=120073","article_published_time":"2026-09-04T13:27:18+00:00","og_image":[{"width":1600,"height":1066,"url":"https:\/\/kibrisdakik.com\/wp-content\/uploads\/2026\/09\/Unknown.jpeg","type":"image\/jpeg"}],"author":"admin","twitter_card":"summary_large_image","twitter_misc":{"Yazan:":"admin","Tahmini okuma s\u00fcresi":"2 dakika"},"schema":{"@context":"https:\/\/schema.org","@graph":[{"@type":"Article","@id":"https:\/\/kibrisdakik.com\/?p=120073#article","isPartOf":{"@id":"https:\/\/kibrisdakik.com\/?p=120073"},"author":{"name":"admin","@id":"https:\/\/kibrisdakik.com\/#\/schema\/person\/9cd9d437bbb44f72b73ba127e06d8e79"},"headline":"\u00d6zt\u00fcrkler: \u201cFilo Jet facias\u0131 Meclis\u2019te t\u00fcm detaylar\u0131yla ara\u015ft\u0131r\u0131lacak\u201d","datePublished":"2026-09-04T13:27:18+00:00","mainEntityOfPage":{"@id":"https:\/\/kibrisdakik.com\/?p=120073"},"wordCount":421,"commentCount":0,"publisher":{"@id":"https:\/\/kibrisdakik.com\/#organization"},"image":{"@id":"https:\/\/kibrisdakik.com\/?p=120073#primaryimage"},"thumbnailUrl":"https:\/\/kibrisdakik.com\/wp-content\/uploads\/2026\/09\/Unknown.jpeg","articleSection":["G\u00fcndem","K\u0131br\u0131s"],"inLanguage":"tr","potentialAction":[{"@type":"CommentAction","name":"Comment","target":["https:\/\/kibrisdakik.com\/?p=120073#respond"]}]},{"@type":"WebPage","@id":"https:\/\/kibrisdakik.com\/?p=120073","url":"https:\/\/kibrisdakik.com\/?p=120073","name":"\u00d6zt\u00fcrkler: \u201cFilo Jet facias\u0131 Meclis\u2019te t\u00fcm detaylar\u0131yla ara\u015ft\u0131r\u0131lacak\u201d -","isPartOf":{"@id":"https:\/\/kibrisdakik.com\/#website"},"primaryImageOfPage":{"@id":"https:\/\/kibrisdakik.com\/?p=120073#primaryimage"},"image":{"@id":"https:\/\/kibrisdakik.com\/?p=120073#primaryimage"},"thumbnailUrl":"https:\/\/kibrisdakik.com\/wp-content\/uploads\/2026\/09\/Unknown.jpeg","datePublished":"2026-09-04T13:27:18+00:00","breadcrumb":{"@id":"https:\/\/kibrisdakik.com\/?p=120073#breadcrumb"},"inLanguage":"tr","potentialAction":[{"@type":"ReadAction","target":["https:\/\/kibrisdakik.com\/?p=120073"]}]},{"@type":"ImageObject","inLanguage":"tr","@id":"https:\/\/kibrisdakik.com\/?p=120073#primaryimage","url":"https:\/\/kibrisdakik.com\/wp-content\/uploads\/2026\/09\/Unknown.jpeg","contentUrl":"https:\/\/kibrisdakik.com\/wp-content\/uploads\/2026\/09\/Unknown.jpeg","width":1600,"height":1066},{"@type":"BreadcrumbList","@id":"https:\/\/kibrisdakik.com\/?p=120073#breadcrumb","itemListElement":[{"@type":"ListItem","position":1,"name":"Home","item":"https:\/\/kibrisdakik.com\/"},{"@type":"ListItem","position":2,"name":"\u00d6zt\u00fcrkler: \u201cFilo Jet facias\u0131 Meclis\u2019te t\u00fcm detaylar\u0131yla ara\u015ft\u0131r\u0131lacak\u201d"}]},{"@type":"WebSite","@id":"https:\/\/kibrisdakik.com\/#website","url":"https:\/\/kibrisdakik.com\/","name":"K\u0131br\u0131s Dakik","description":"Tam vaktinde haber","publisher":{"@id":"https:\/\/kibrisdakik.com\/#organization"},"potentialAction":[{"@type":"SearchAction","target":{"@type":"EntryPoint","urlTemplate":"https:\/\/kibrisdakik.com\/?s={search_term_string}"},"query-input":{"@type":"PropertyValueSpecification","valueRequired":true,"valueName":"search_term_string"}}],"inLanguage":"tr"},{"@type":"Organization","@id":"https:\/\/kibrisdakik.com\/#organization","name":"K\u0131br\u0131s Dakik","url":"https:\/\/kibrisdakik.com\/","logo":{"@type":"ImageObject","inLanguage":"tr","@id":"https:\/\/kibrisdakik.com\/#\/schema\/logo\/image\/","url":"https:\/\/kibrisdakik.com\/wp-content\/uploads\/2025\/10\/cropped-WhatsApp-Image-2025-10-02-at-12.58.31.jpeg","contentUrl":"https:\/\/kibrisdakik.com\/wp-content\/uploads\/2025\/10\/cropped-WhatsApp-Image-2025-10-02-at-12.58.31.jpeg","width":1237,"height":190,"caption":"K\u0131br\u0131s Dakik"},"image":{"@id":"https:\/\/kibrisdakik.com\/#\/schema\/logo\/image\/"}},{"@type":"Person","@id":"https:\/\/kibrisdakik.com\/#\/schema\/person\/9cd9d437bbb44f72b73ba127e06d8e79","name":"admin","image":{"@type":"ImageObject","inLanguage":"tr","@id":"https:\/\/secure.gravatar.com\/avatar\/ccc17943b9d660506c869530f897617f7cb1c21a4bf30023f252596d83e1f007?s=96&d=mm&r=g","url":"https:\/\/secure.gravatar.com\/avatar\/ccc17943b9d660506c869530f897617f7cb1c21a4bf30023f252596d83e1f007?s=96&d=mm&r=g","contentUrl":"https:\/\/secure.gravatar.com\/avatar\/ccc17943b9d660506c869530f897617f7cb1c21a4bf30023f252596d83e1f007?s=96&d=mm&r=g","caption":"admin"},"sameAs":["https:\/\/kibrisdakik.com"],"url":"https:\/\/kibrisdakik.com\/?author=1"}]}},"_links":{"self":[{"href":"https:\/\/kibrisdakik.com\/index.php?rest_route=\/wp\/v2\/posts\/120073","targetHints":{"allow":["GET"]}}],"collection":[{"href":"https:\/\/kibrisdakik.com\/index.php?rest_route=\/wp\/v2\/posts"}],"about":[{"href":"https:\/\/kibrisdakik.com\/index.php?rest_route=\/wp\/v2\/types\/post"}],"author":[{"embeddable":true,"href":"https:\/\/kibrisdakik.com\/index.php?rest_route=\/wp\/v2\/users\/1"}],"replies":[{"embeddable":true,"href":"https:\/\/kibrisdakik.com\/index.php?rest_route=%2Fwp%2Fv2%2Fcomments&post=120073"}],"version-history":[{"count":1,"href":"https:\/\/kibrisdakik.com\/index.php?rest_route=\/wp\/v2\/posts\/120073\/revisions"}],"predecessor-version":[{"id":120075,"href":"https:\/\/kibrisdakik.com\/index.php?rest_route=\/wp\/v2\/posts\/120073\/revisions\/120075"}],"wp:featuredmedia":[{"embeddable":true,"href":"https:\/\/kibrisdakik.com\/index.php?rest_route=\/wp\/v2\/media\/120074"}],"wp:attachment":[{"href":"https:\/\/kibrisdakik.com\/index.php?rest_route=%2Fwp%2Fv2%2Fmedia&parent=120073"}],"wp:term":[{"taxonomy":"category","embeddable":true,"href":"https:\/\/kibrisdakik.com\/index.php?rest_route=%2Fwp%2Fv2%2Fcategories&post=120073"},{"taxonomy":"post_tag","embeddable":true,"href":"https:\/\/kibrisdakik.com\/index.php?rest_route=%2Fwp%2Fv2%2Ftags&post=120073"}],"curies":[{"name":"wp","href":"https:\/\/api.w.org\/{rel}","templated":true}]}}