{"id":120076,"date":"2026-09-04T16:34:39","date_gmt":"2026-09-04T13:34:39","guid":{"rendered":"https:\/\/kibrisdakik.com\/?p=120076"},"modified":"2026-09-04T16:34:39","modified_gmt":"2026-09-04T13:34:39","slug":"incirliden-gemi-faciasi-icin-meclise-arastirma-onergesi","status":"publish","type":"post","link":"https:\/\/kibrisdakik.com\/?p=120076","title":{"rendered":"\u0130NC\u0130RL\u0130\u2019DEN GEM\u0130 FAC\u0130ASI \u0130\u00c7\u0130N MECL\u0130S\u2019E ARA\u015eTIRMA \u00d6NERGES\u0130"},"content":{"rendered":"<p><\/p>\n<h3>Cumhuriyet\u00e7i T\u00fcrk Partisi (CTP) Genel Ba\u015fkan\u0131 S\u0131la Usar \u0130ncirli, Girne a\u00e7\u0131klar\u0131nda meydana gelen ve can kay\u0131plar\u0131na yol a\u00e7an tekne kazas\u0131n\u0131n t\u00fcm y\u00f6nleriyle ara\u015ft\u0131r\u0131lmas\u0131 amac\u0131yla Meclis Ara\u015ft\u0131rma Komitesi kurulmas\u0131n\u0131 istedi.<\/h3>\n<p>CTP Genel Ba\u015fkan\u0131 S\u0131la Usar \u0130ncirli, kazan\u0131n t\u00fcm y\u00f6nleriyle ara\u015ft\u0131r\u0131lmas\u0131, varsa ihmallerin ve idari sorumluluklar\u0131n ortaya \u00e7\u0131kar\u0131lmas\u0131 amac\u0131yla Meclis Ara\u015ft\u0131rma Komitesi kurulmas\u0131 i\u00e7in \u00f6nerge sunduklar\u0131n\u0131 a\u00e7\u0131klad\u0131.<\/p>\n<p>\u0130ncirli, \u00f6nergenin d\u00fcn Meclis Ba\u015fkanl\u0131\u011f\u0131na sunuldu\u011funu, bug\u00fcn ise milletvekillerinin bilgisine getirildi\u011fini belirtti.<\/p>\n<div id=\"ad_121\" data-channel=\"121\" data-advert=\"temedya\" data-rotation=\"120\" class=\"mb-3 text-center\"><\/div>\n<div id=\"ad_121_mobile\" data-channel=\"121\" data-advert=\"temedya\" data-rotation=\"120\" class=\"mb-3 text-center\"><\/div>\n<p>Ba\u015fbakan \u00dcnal \u00dcstel\u2019in de bug\u00fcn h\u00fck\u00fcmet ad\u0131na ayn\u0131 konuda Meclis Ara\u015ft\u0131rma Komitesi kurulmas\u0131 i\u00e7in ba\u015fvuruda bulunuldu\u011funu a\u00e7\u0131klad\u0131\u011f\u0131n\u0131 aktaran \u0130ncirli, b\u00f6ylece kazan\u0131n ara\u015ft\u0131r\u0131lmas\u0131 konusunda siyasi iradenin ortak oldu\u011funu ifade etti.<\/p>\n<p>\u0130ncirli, siyasi iradenin ortak oldu\u011fu noktada s\u00fcrecin daha fazla bekletilmemesi gerekti\u011fini belirterek, Meclis Ba\u015fkanl\u0131\u011f\u0131na \u00e7a\u011fr\u0131da bulundu.<\/p>\n<p>\u0130ncirli, <strong>\u201cBu konudaki irade ortak oldu\u011funa g\u00f6re, art\u0131k herhangi bir ilave giri\u015fime gerek kalmaks\u0131z\u0131n Meclis Ba\u015fkanl\u0131\u011f\u0131n\u0131n yetkisini kullanarak Genel Kurulu en k\u0131sa s\u00fcrede ola\u011fan\u00fcst\u00fc toplant\u0131ya \u00e7a\u011f\u0131rmas\u0131 gerekmektedir\u201d<\/strong> dedi.<\/p>\n<p>CTP Genel Ba\u015fkan\u0131 \u0130ncirli, kurulacak Meclis Ara\u015ft\u0131rma Komitesi arac\u0131l\u0131\u011f\u0131yla kazan\u0131n nedenlerinin, varsa ihmallerin ve idari sorumluluklar\u0131n kapsaml\u0131 \u015fekilde ortaya \u00e7\u0131kar\u0131lmas\u0131n\u0131 hedeflediklerini belirtti.<\/p>\n<\/p>\n<div class=\"article-source py-3 small \">\n                <\/div>\n","protected":false},"excerpt":{"rendered":"<p>Cumhuriyet\u00e7i T\u00fcrk Partisi (CTP) Genel Ba\u015fkan\u0131 S\u0131la Usar \u0130ncirli, Girne a\u00e7\u0131klar\u0131nda meydana gelen ve can kay\u0131plar\u0131na yol a\u00e7an tekne kazas\u0131n\u0131n t\u00fcm y\u00f6nleriyle ara\u015ft\u0131r\u0131lmas\u0131 amac\u0131yla Meclis Ara\u015ft\u0131rma Komitesi kurulmas\u0131n\u0131 istedi. CTP Genel Ba\u015fkan\u0131 S\u0131la Usar \u0130ncirli, kazan\u0131n t\u00fcm y\u00f6nleriyle ara\u015ft\u0131r\u0131lmas\u0131, varsa ihmallerin ve idari sorumluluklar\u0131n ortaya \u00e7\u0131kar\u0131lmas\u0131 amac\u0131yla Meclis Ara\u015ft\u0131rma Komitesi kurulmas\u0131 i\u00e7in \u00f6nerge sunduklar\u0131n\u0131 a\u00e7\u0131klad\u0131.<\/p>\n","protected":false},"author":1,"featured_media":120077,"comment_status":"open","ping_status":"open","sticky":false,"template":"","format":"standard","meta":{"footnotes":""},"categories":[81],"tags":[],"class_list":["post-120076","post","type-post","status-publish","format-standard","has-post-thumbnail","hentry","category-kibris"],"yoast_head":"<!-- This site is optimized with the Yoast SEO plugin v28.4 - https:\/\/yoast.com\/product\/yoast-seo-wordpress\/ -->\n<title>\u0130NC\u0130RL\u0130\u2019DEN GEM\u0130 FAC\u0130ASI \u0130\u00c7\u0130N MECL\u0130S\u2019E ARA\u015eTIRMA \u00d6NERGES\u0130 -<\/title>\n<meta name=\"robots\" content=\"index, follow, max-snippet:-1, max-image-preview:large, max-video-preview:-1\" \/>\n<link rel=\"canonical\" href=\"https:\/\/kibrisdakik.com\/?p=120076\" \/>\n<meta property=\"og:locale\" content=\"tr_TR\" \/>\n<meta property=\"og:type\" content=\"article\" \/>\n<meta property=\"og:title\" content=\"\u0130NC\u0130RL\u0130\u2019DEN GEM\u0130 FAC\u0130ASI \u0130\u00c7\u0130N MECL\u0130S\u2019E ARA\u015eTIRMA \u00d6NERGES\u0130 -\" \/>\n<meta property=\"og:description\" content=\"Cumhuriyet\u00e7i T\u00fcrk Partisi (CTP) Genel Ba\u015fkan\u0131 S\u0131la Usar \u0130ncirli, Girne a\u00e7\u0131klar\u0131nda meydana gelen ve can kay\u0131plar\u0131na yol a\u00e7an tekne kazas\u0131n\u0131n t\u00fcm y\u00f6nleriyle ara\u015ft\u0131r\u0131lmas\u0131 amac\u0131yla Meclis Ara\u015ft\u0131rma Komitesi kurulmas\u0131n\u0131 istedi. CTP Genel Ba\u015fkan\u0131 S\u0131la Usar \u0130ncirli, kazan\u0131n t\u00fcm y\u00f6nleriyle ara\u015ft\u0131r\u0131lmas\u0131, varsa ihmallerin ve idari sorumluluklar\u0131n ortaya \u00e7\u0131kar\u0131lmas\u0131 amac\u0131yla Meclis Ara\u015ft\u0131rma Komitesi kurulmas\u0131 i\u00e7in \u00f6nerge sunduklar\u0131n\u0131 a\u00e7\u0131klad\u0131.\" \/>\n<meta property=\"og:url\" content=\"https:\/\/kibrisdakik.com\/?p=120076\" \/>\n<meta property=\"article:published_time\" content=\"2026-09-04T13:34:39+00:00\" \/>\n<meta property=\"og:image\" content=\"https:\/\/mhahabercom.teimg.com\/crop\/1280x720\/mhahaber-com\/uploads\/2026\/09\/mha-sari-beyaz-7749.png\" \/>\n<meta name=\"author\" content=\"admin\" \/>\n<meta name=\"twitter:card\" content=\"summary_large_image\" \/>\n<meta name=\"twitter:label1\" content=\"Yazan:\" \/>\n\t<meta name=\"twitter:data1\" content=\"admin\" \/>\n\t<meta name=\"twitter:label2\" content=\"Tahmini okuma s\u00fcresi\" \/>\n\t<meta name=\"twitter:data2\" content=\"1 dakika\" \/>\n<script type=\"application\/ld+json\" class=\"yoast-schema-graph\">{\"@context\":\"https:\\\/\\\/schema.org\",\"@graph\":[{\"@type\":\"Article\",\"@id\":\"https:\\\/\\\/kibrisdakik.com\\\/?p=120076#article\",\"isPartOf\":{\"@id\":\"https:\\\/\\\/kibrisdakik.com\\\/?p=120076\"},\"author\":{\"name\":\"admin\",\"@id\":\"https:\\\/\\\/kibrisdakik.com\\\/#\\\/schema\\\/person\\\/9cd9d437bbb44f72b73ba127e06d8e79\"},\"headline\":\"\u0130NC\u0130RL\u0130\u2019DEN GEM\u0130 FAC\u0130ASI \u0130\u00c7\u0130N MECL\u0130S\u2019E ARA\u015eTIRMA \u00d6NERGES\u0130\",\"datePublished\":\"2026-09-04T13:34:39+00:00\",\"mainEntityOfPage\":{\"@id\":\"https:\\\/\\\/kibrisdakik.com\\\/?p=120076\"},\"wordCount\":267,\"commentCount\":0,\"publisher\":{\"@id\":\"https:\\\/\\\/kibrisdakik.com\\\/#organization\"},\"image\":{\"@id\":\"https:\\\/\\\/kibrisdakik.com\\\/?p=120076#primaryimage\"},\"thumbnailUrl\":\"https:\\\/\\\/kibrisdakik.com\\\/wp-content\\\/uploads\\\/2026\\\/09\\\/mha-sari-beyaz-7749.png\",\"articleSection\":[\"K\u0131br\u0131s\"],\"inLanguage\":\"tr\",\"potentialAction\":[{\"@type\":\"CommentAction\",\"name\":\"Comment\",\"target\":[\"https:\\\/\\\/kibrisdakik.com\\\/?p=120076#respond\"]}]},{\"@type\":\"WebPage\",\"@id\":\"https:\\\/\\\/kibrisdakik.com\\\/?p=120076\",\"url\":\"https:\\\/\\\/kibrisdakik.com\\\/?p=120076\",\"name\":\"\u0130NC\u0130RL\u0130\u2019DEN GEM\u0130 FAC\u0130ASI \u0130\u00c7\u0130N MECL\u0130S\u2019E ARA\u015eTIRMA \u00d6NERGES\u0130 -\",\"isPartOf\":{\"@id\":\"https:\\\/\\\/kibrisdakik.com\\\/#website\"},\"primaryImageOfPage\":{\"@id\":\"https:\\\/\\\/kibrisdakik.com\\\/?p=120076#primaryimage\"},\"image\":{\"@id\":\"https:\\\/\\\/kibrisdakik.com\\\/?p=120076#primaryimage\"},\"thumbnailUrl\":\"https:\\\/\\\/kibrisdakik.com\\\/wp-content\\\/uploads\\\/2026\\\/09\\\/mha-sari-beyaz-7749.png\",\"datePublished\":\"2026-09-04T13:34:39+00:00\",\"breadcrumb\":{\"@id\":\"https:\\\/\\\/kibrisdakik.com\\\/?p=120076#breadcrumb\"},\"inLanguage\":\"tr\",\"potentialAction\":[{\"@type\":\"ReadAction\",\"target\":[\"https:\\\/\\\/kibrisdakik.com\\\/?p=120076\"]}]},{\"@type\":\"ImageObject\",\"inLanguage\":\"tr\",\"@id\":\"https:\\\/\\\/kibrisdakik.com\\\/?p=120076#primaryimage\",\"url\":\"https:\\\/\\\/kibrisdakik.com\\\/wp-content\\\/uploads\\\/2026\\\/09\\\/mha-sari-beyaz-7749.png\",\"contentUrl\":\"https:\\\/\\\/kibrisdakik.com\\\/wp-content\\\/uploads\\\/2026\\\/09\\\/mha-sari-beyaz-7749.png\",\"width\":1280,\"height\":720},{\"@type\":\"BreadcrumbList\",\"@id\":\"https:\\\/\\\/kibrisdakik.com\\\/?p=120076#breadcrumb\",\"itemListElement\":[{\"@type\":\"ListItem\",\"position\":1,\"name\":\"Home\",\"item\":\"https:\\\/\\\/kibrisdakik.com\\\/\"},{\"@type\":\"ListItem\",\"position\":2,\"name\":\"\u0130NC\u0130RL\u0130\u2019DEN GEM\u0130 FAC\u0130ASI \u0130\u00c7\u0130N MECL\u0130S\u2019E ARA\u015eTIRMA \u00d6NERGES\u0130\"}]},{\"@type\":\"WebSite\",\"@id\":\"https:\\\/\\\/kibrisdakik.com\\\/#website\",\"url\":\"https:\\\/\\\/kibrisdakik.com\\\/\",\"name\":\"K\u0131br\u0131s Dakik\",\"description\":\"Tam vaktinde haber\",\"publisher\":{\"@id\":\"https:\\\/\\\/kibrisdakik.com\\\/#organization\"},\"potentialAction\":[{\"@type\":\"SearchAction\",\"target\":{\"@type\":\"EntryPoint\",\"urlTemplate\":\"https:\\\/\\\/kibrisdakik.com\\\/?s={search_term_string}\"},\"query-input\":{\"@type\":\"PropertyValueSpecification\",\"valueRequired\":true,\"valueName\":\"search_term_string\"}}],\"inLanguage\":\"tr\"},{\"@type\":\"Organization\",\"@id\":\"https:\\\/\\\/kibrisdakik.com\\\/#organization\",\"name\":\"K\u0131br\u0131s Dakik\",\"url\":\"https:\\\/\\\/kibrisdakik.com\\\/\",\"logo\":{\"@type\":\"ImageObject\",\"inLanguage\":\"tr\",\"@id\":\"https:\\\/\\\/kibrisdakik.com\\\/#\\\/schema\\\/logo\\\/image\\\/\",\"url\":\"https:\\\/\\\/kibrisdakik.com\\\/wp-content\\\/uploads\\\/2025\\\/10\\\/cropped-WhatsApp-Image-2025-10-02-at-12.58.31.jpeg\",\"contentUrl\":\"https:\\\/\\\/kibrisdakik.com\\\/wp-content\\\/uploads\\\/2025\\\/10\\\/cropped-WhatsApp-Image-2025-10-02-at-12.58.31.jpeg\",\"width\":1237,\"height\":190,\"caption\":\"K\u0131br\u0131s Dakik\"},\"image\":{\"@id\":\"https:\\\/\\\/kibrisdakik.com\\\/#\\\/schema\\\/logo\\\/image\\\/\"}},{\"@type\":\"Person\",\"@id\":\"https:\\\/\\\/kibrisdakik.com\\\/#\\\/schema\\\/person\\\/9cd9d437bbb44f72b73ba127e06d8e79\",\"name\":\"admin\",\"image\":{\"@type\":\"ImageObject\",\"inLanguage\":\"tr\",\"@id\":\"https:\\\/\\\/secure.gravatar.com\\\/avatar\\\/ccc17943b9d660506c869530f897617f7cb1c21a4bf30023f252596d83e1f007?s=96&d=mm&r=g\",\"url\":\"https:\\\/\\\/secure.gravatar.com\\\/avatar\\\/ccc17943b9d660506c869530f897617f7cb1c21a4bf30023f252596d83e1f007?s=96&d=mm&r=g\",\"contentUrl\":\"https:\\\/\\\/secure.gravatar.com\\\/avatar\\\/ccc17943b9d660506c869530f897617f7cb1c21a4bf30023f252596d83e1f007?s=96&d=mm&r=g\",\"caption\":\"admin\"},\"sameAs\":[\"https:\\\/\\\/kibrisdakik.com\"],\"url\":\"https:\\\/\\\/kibrisdakik.com\\\/?author=1\"}]}<\/script>\n<!-- \/ Yoast SEO plugin. -->","yoast_head_json":{"title":"\u0130NC\u0130RL\u0130\u2019DEN GEM\u0130 FAC\u0130ASI \u0130\u00c7\u0130N MECL\u0130S\u2019E ARA\u015eTIRMA \u00d6NERGES\u0130 -","robots":{"index":"index","follow":"follow","max-snippet":"max-snippet:-1","max-image-preview":"max-image-preview:large","max-video-preview":"max-video-preview:-1"},"canonical":"https:\/\/kibrisdakik.com\/?p=120076","og_locale":"tr_TR","og_type":"article","og_title":"\u0130NC\u0130RL\u0130\u2019DEN GEM\u0130 FAC\u0130ASI \u0130\u00c7\u0130N MECL\u0130S\u2019E ARA\u015eTIRMA \u00d6NERGES\u0130 -","og_description":"Cumhuriyet\u00e7i T\u00fcrk Partisi (CTP) Genel Ba\u015fkan\u0131 S\u0131la Usar \u0130ncirli, Girne a\u00e7\u0131klar\u0131nda meydana gelen ve can kay\u0131plar\u0131na yol a\u00e7an tekne kazas\u0131n\u0131n t\u00fcm y\u00f6nleriyle ara\u015ft\u0131r\u0131lmas\u0131 amac\u0131yla Meclis Ara\u015ft\u0131rma Komitesi kurulmas\u0131n\u0131 istedi. CTP Genel Ba\u015fkan\u0131 S\u0131la Usar \u0130ncirli, kazan\u0131n t\u00fcm y\u00f6nleriyle ara\u015ft\u0131r\u0131lmas\u0131, varsa ihmallerin ve idari sorumluluklar\u0131n ortaya \u00e7\u0131kar\u0131lmas\u0131 amac\u0131yla Meclis Ara\u015ft\u0131rma Komitesi kurulmas\u0131 i\u00e7in \u00f6nerge sunduklar\u0131n\u0131 a\u00e7\u0131klad\u0131.","og_url":"https:\/\/kibrisdakik.com\/?p=120076","article_published_time":"2026-09-04T13:34:39+00:00","og_image":[{"url":"https:\/\/mhahabercom.teimg.com\/crop\/1280x720\/mhahaber-com\/uploads\/2026\/09\/mha-sari-beyaz-7749.png","type":"","width":"","height":""}],"author":"admin","twitter_card":"summary_large_image","twitter_misc":{"Yazan:":"admin","Tahmini okuma s\u00fcresi":"1 dakika"},"schema":{"@context":"https:\/\/schema.org","@graph":[{"@type":"Article","@id":"https:\/\/kibrisdakik.com\/?p=120076#article","isPartOf":{"@id":"https:\/\/kibrisdakik.com\/?p=120076"},"author":{"name":"admin","@id":"https:\/\/kibrisdakik.com\/#\/schema\/person\/9cd9d437bbb44f72b73ba127e06d8e79"},"headline":"\u0130NC\u0130RL\u0130\u2019DEN GEM\u0130 FAC\u0130ASI \u0130\u00c7\u0130N MECL\u0130S\u2019E ARA\u015eTIRMA \u00d6NERGES\u0130","datePublished":"2026-09-04T13:34:39+00:00","mainEntityOfPage":{"@id":"https:\/\/kibrisdakik.com\/?p=120076"},"wordCount":267,"commentCount":0,"publisher":{"@id":"https:\/\/kibrisdakik.com\/#organization"},"image":{"@id":"https:\/\/kibrisdakik.com\/?p=120076#primaryimage"},"thumbnailUrl":"https:\/\/kibrisdakik.com\/wp-content\/uploads\/2026\/09\/mha-sari-beyaz-7749.png","articleSection":["K\u0131br\u0131s"],"inLanguage":"tr","potentialAction":[{"@type":"CommentAction","name":"Comment","target":["https:\/\/kibrisdakik.com\/?p=120076#respond"]}]},{"@type":"WebPage","@id":"https:\/\/kibrisdakik.com\/?p=120076","url":"https:\/\/kibrisdakik.com\/?p=120076","name":"\u0130NC\u0130RL\u0130\u2019DEN GEM\u0130 FAC\u0130ASI \u0130\u00c7\u0130N MECL\u0130S\u2019E ARA\u015eTIRMA \u00d6NERGES\u0130 -","isPartOf":{"@id":"https:\/\/kibrisdakik.com\/#website"},"primaryImageOfPage":{"@id":"https:\/\/kibrisdakik.com\/?p=120076#primaryimage"},"image":{"@id":"https:\/\/kibrisdakik.com\/?p=120076#primaryimage"},"thumbnailUrl":"https:\/\/kibrisdakik.com\/wp-content\/uploads\/2026\/09\/mha-sari-beyaz-7749.png","datePublished":"2026-09-04T13:34:39+00:00","breadcrumb":{"@id":"https:\/\/kibrisdakik.com\/?p=120076#breadcrumb"},"inLanguage":"tr","potentialAction":[{"@type":"ReadAction","target":["https:\/\/kibrisdakik.com\/?p=120076"]}]},{"@type":"ImageObject","inLanguage":"tr","@id":"https:\/\/kibrisdakik.com\/?p=120076#primaryimage","url":"https:\/\/kibrisdakik.com\/wp-content\/uploads\/2026\/09\/mha-sari-beyaz-7749.png","contentUrl":"https:\/\/kibrisdakik.com\/wp-content\/uploads\/2026\/09\/mha-sari-beyaz-7749.png","width":1280,"height":720},{"@type":"BreadcrumbList","@id":"https:\/\/kibrisdakik.com\/?p=120076#breadcrumb","itemListElement":[{"@type":"ListItem","position":1,"name":"Home","item":"https:\/\/kibrisdakik.com\/"},{"@type":"ListItem","position":2,"name":"\u0130NC\u0130RL\u0130\u2019DEN GEM\u0130 FAC\u0130ASI \u0130\u00c7\u0130N MECL\u0130S\u2019E ARA\u015eTIRMA \u00d6NERGES\u0130"}]},{"@type":"WebSite","@id":"https:\/\/kibrisdakik.com\/#website","url":"https:\/\/kibrisdakik.com\/","name":"K\u0131br\u0131s Dakik","description":"Tam vaktinde haber","publisher":{"@id":"https:\/\/kibrisdakik.com\/#organization"},"potentialAction":[{"@type":"SearchAction","target":{"@type":"EntryPoint","urlTemplate":"https:\/\/kibrisdakik.com\/?s={search_term_string}"},"query-input":{"@type":"PropertyValueSpecification","valueRequired":true,"valueName":"search_term_string"}}],"inLanguage":"tr"},{"@type":"Organization","@id":"https:\/\/kibrisdakik.com\/#organization","name":"K\u0131br\u0131s Dakik","url":"https:\/\/kibrisdakik.com\/","logo":{"@type":"ImageObject","inLanguage":"tr","@id":"https:\/\/kibrisdakik.com\/#\/schema\/logo\/image\/","url":"https:\/\/kibrisdakik.com\/wp-content\/uploads\/2025\/10\/cropped-WhatsApp-Image-2025-10-02-at-12.58.31.jpeg","contentUrl":"https:\/\/kibrisdakik.com\/wp-content\/uploads\/2025\/10\/cropped-WhatsApp-Image-2025-10-02-at-12.58.31.jpeg","width":1237,"height":190,"caption":"K\u0131br\u0131s Dakik"},"image":{"@id":"https:\/\/kibrisdakik.com\/#\/schema\/logo\/image\/"}},{"@type":"Person","@id":"https:\/\/kibrisdakik.com\/#\/schema\/person\/9cd9d437bbb44f72b73ba127e06d8e79","name":"admin","image":{"@type":"ImageObject","inLanguage":"tr","@id":"https:\/\/secure.gravatar.com\/avatar\/ccc17943b9d660506c869530f897617f7cb1c21a4bf30023f252596d83e1f007?s=96&d=mm&r=g","url":"https:\/\/secure.gravatar.com\/avatar\/ccc17943b9d660506c869530f897617f7cb1c21a4bf30023f252596d83e1f007?s=96&d=mm&r=g","contentUrl":"https:\/\/secure.gravatar.com\/avatar\/ccc17943b9d660506c869530f897617f7cb1c21a4bf30023f252596d83e1f007?s=96&d=mm&r=g","caption":"admin"},"sameAs":["https:\/\/kibrisdakik.com"],"url":"https:\/\/kibrisdakik.com\/?author=1"}]}},"_links":{"self":[{"href":"https:\/\/kibrisdakik.com\/index.php?rest_route=\/wp\/v2\/posts\/120076","targetHints":{"allow":["GET"]}}],"collection":[{"href":"https:\/\/kibrisdakik.com\/index.php?rest_route=\/wp\/v2\/posts"}],"about":[{"href":"https:\/\/kibrisdakik.com\/index.php?rest_route=\/wp\/v2\/types\/post"}],"author":[{"embeddable":true,"href":"https:\/\/kibrisdakik.com\/index.php?rest_route=\/wp\/v2\/users\/1"}],"replies":[{"embeddable":true,"href":"https:\/\/kibrisdakik.com\/index.php?rest_route=%2Fwp%2Fv2%2Fcomments&post=120076"}],"version-history":[{"count":0,"href":"https:\/\/kibrisdakik.com\/index.php?rest_route=\/wp\/v2\/posts\/120076\/revisions"}],"wp:featuredmedia":[{"embeddable":true,"href":"https:\/\/kibrisdakik.com\/index.php?rest_route=\/wp\/v2\/media\/120077"}],"wp:attachment":[{"href":"https:\/\/kibrisdakik.com\/index.php?rest_route=%2Fwp%2Fv2%2Fmedia&parent=120076"}],"wp:term":[{"taxonomy":"category","embeddable":true,"href":"https:\/\/kibrisdakik.com\/index.php?rest_route=%2Fwp%2Fv2%2Fcategories&post=120076"},{"taxonomy":"post_tag","embeddable":true,"href":"https:\/\/kibrisdakik.com\/index.php?rest_route=%2Fwp%2Fv2%2Ftags&post=120076"}],"curies":[{"name":"wp","href":"https:\/\/api.w.org\/{rel}","templated":true}]}}