{"id":120085,"date":"2026-09-04T17:46:13","date_gmt":"2026-09-04T14:46:13","guid":{"rendered":"https:\/\/kibrisdakik.com\/?p=120085"},"modified":"2026-09-04T17:46:13","modified_gmt":"2026-09-04T14:46:13","slug":"saglik-bakanligindan-bati-nil-virusu-aciklamasi","status":"publish","type":"post","link":"https:\/\/kibrisdakik.com\/?p=120085","title":{"rendered":"SA\u011eLIK BAKANLI\u011eI\u2019NDAN BATI N\u0130L V\u0130R\u00dcS\u00dc A\u00c7IKLAMASI"},"content":{"rendered":"<p><\/p>\n<p>Sa\u011fl\u0131k Bakanl\u0131\u011f\u0131, G\u00fcney K\u0131br\u0131s&#8217;ta, \u201cBat\u0131 Nil Vir\u00fcs\u00fc vakalar\u0131n\u0131n 10\u2019a \u00e7\u0131kt\u0131\u011f\u0131n\u0131n ve bir ki\u015finin hayat\u0131n\u0131 kaybetti\u011finin\u201d Kuzeye bildirildi\u011fini belirtti.<\/p>\n<p>Sa\u011fl\u0131k Bakanl\u0131\u011f\u0131 yapt\u0131\u011f\u0131 yaz\u0131l\u0131 a\u00e7\u0131klamada, bas\u0131ndaki \u201cG\u00fcney K\u0131br\u0131s\u2019ta Bat\u0131 Nil Vir\u00fcs\u00fc vakalar\u0131n\u0131n ortaya \u00e7\u0131kmas\u0131\u201d haberlerinin ard\u0131ndan \u0130ki Toplumlu Sa\u011fl\u0131k Komitesi arac\u0131l\u0131\u011f\u0131yla g\u00fcneydeki Bat\u0131 Nil Vir\u00fcs\u00fc vakalar\u0131n\u0131n son durumuyla ilgili isti\u015farede bulunuldu\u011funu s\u00f6yledi.<\/p>\n<div id=\"ad_121\" data-channel=\"121\" data-advert=\"temedya\" data-rotation=\"120\" class=\"mb-3 text-center\"><\/div>\n<div id=\"ad_121_mobile\" data-channel=\"121\" data-advert=\"temedya\" data-rotation=\"120\" class=\"mb-3 text-center\"><\/div>\n<p>A\u00e7\u0131klamada, \u0130ki Toplumlu Sa\u011fl\u0131k Komitesinin d\u00fcn konuyu g\u00fcndemine ald\u0131\u011f\u0131, bug\u00fcn ise \u201cBat\u0131 Nil Vir\u00fcs\u00fc vakalar\u0131n\u0131n 10\u2019a \u00e7\u0131kt\u0131\u011f\u0131n\u0131n ve bir ki\u015finin hayat\u0131n\u0131 kaybetti\u011finin\u201d Kuzeye bildirildi\u011fi kaydedildi.<\/p>\n<p>Bakanl\u0131k ayr\u0131ca, Sa\u011fl\u0131k Bakan\u0131 Dr. Hakan Din\u00e7y\u00fcrek\u2019in, Lefko\u015fa T\u00fcrk Belediyesi (LTB) Ba\u015fkan\u0131 Mehmet Harmanc\u0131\u2019y\u0131 da arayarak konuyla ilgili son g\u00fcncel bilgileri payla\u015ft\u0131\u011f\u0131n\u0131 da aktard\u0131.<\/p>\n<p>Lefko\u015fa\u2019da s\u0131n\u0131ra yak\u0131n iki vakan\u0131n tespit edilmesi \u00fczerine, e\u015f zamanl\u0131 Temel Sa\u011fl\u0131k Hizmetleri Dairesi ve LTB taraf\u0131ndan b\u00f6lgedeki tedbirlerin de art\u0131r\u0131ld\u0131\u011f\u0131 ifade edilen a\u00e7\u0131klamada, gerekli \u00f6nlemlerin al\u0131nd\u0131\u011f\u0131, ayr\u0131ca Sa\u011fl\u0131k Bakanl\u0131\u011f\u0131\u2019n\u0131n Belediyeler Birli\u011fine (KTBB) bilgi vererek Ada genelinde e\u015f zamanl\u0131 tedbirlerin en \u00fcst d\u00fczeye \u00e7\u0131kar\u0131lmas\u0131n\u0131 talep etti\u011fi de vurguland\u0131.<\/p>\n<\/p>\n<div class=\"article-source py-3 small \">\n                <\/div>\n","protected":false},"excerpt":{"rendered":"<p>Sa\u011fl\u0131k Bakanl\u0131\u011f\u0131, G\u00fcney K\u0131br\u0131s&#8217;ta, \u201cBat\u0131 Nil Vir\u00fcs\u00fc vakalar\u0131n\u0131n 10\u2019a \u00e7\u0131kt\u0131\u011f\u0131n\u0131n ve bir ki\u015finin hayat\u0131n\u0131 kaybetti\u011finin\u201d Kuzeye bildirildi\u011fini belirtti. Sa\u011fl\u0131k Bakanl\u0131\u011f\u0131 yapt\u0131\u011f\u0131 yaz\u0131l\u0131 a\u00e7\u0131klamada, bas\u0131ndaki \u201cG\u00fcney K\u0131br\u0131s\u2019ta Bat\u0131 Nil Vir\u00fcs\u00fc vakalar\u0131n\u0131n ortaya \u00e7\u0131kmas\u0131\u201d haberlerinin ard\u0131ndan \u0130ki Toplumlu Sa\u011fl\u0131k Komitesi arac\u0131l\u0131\u011f\u0131yla g\u00fcneydeki Bat\u0131 Nil Vir\u00fcs\u00fc vakalar\u0131n\u0131n son durumuyla ilgili isti\u015farede bulunuldu\u011funu s\u00f6yledi. A\u00e7\u0131klamada, \u0130ki Toplumlu Sa\u011fl\u0131k Komitesinin<\/p>\n","protected":false},"author":1,"featured_media":120086,"comment_status":"open","ping_status":"open","sticky":false,"template":"","format":"standard","meta":{"footnotes":""},"categories":[81],"tags":[],"class_list":["post-120085","post","type-post","status-publish","format-standard","has-post-thumbnail","hentry","category-kibris"],"yoast_head":"<!-- This site is optimized with the Yoast SEO plugin v28.4 - https:\/\/yoast.com\/product\/yoast-seo-wordpress\/ -->\n<title>SA\u011eLIK BAKANLI\u011eI\u2019NDAN BATI N\u0130L V\u0130R\u00dcS\u00dc A\u00c7IKLAMASI -<\/title>\n<meta name=\"robots\" content=\"index, follow, max-snippet:-1, max-image-preview:large, max-video-preview:-1\" \/>\n<link rel=\"canonical\" href=\"https:\/\/kibrisdakik.com\/?p=120085\" \/>\n<meta property=\"og:locale\" content=\"tr_TR\" \/>\n<meta property=\"og:type\" content=\"article\" \/>\n<meta property=\"og:title\" content=\"SA\u011eLIK BAKANLI\u011eI\u2019NDAN BATI N\u0130L V\u0130R\u00dcS\u00dc A\u00c7IKLAMASI -\" \/>\n<meta property=\"og:description\" content=\"Sa\u011fl\u0131k Bakanl\u0131\u011f\u0131, G\u00fcney K\u0131br\u0131s&#8217;ta, \u201cBat\u0131 Nil Vir\u00fcs\u00fc vakalar\u0131n\u0131n 10\u2019a \u00e7\u0131kt\u0131\u011f\u0131n\u0131n ve bir ki\u015finin hayat\u0131n\u0131 kaybetti\u011finin\u201d Kuzeye bildirildi\u011fini belirtti. Sa\u011fl\u0131k Bakanl\u0131\u011f\u0131 yapt\u0131\u011f\u0131 yaz\u0131l\u0131 a\u00e7\u0131klamada, bas\u0131ndaki \u201cG\u00fcney K\u0131br\u0131s\u2019ta Bat\u0131 Nil Vir\u00fcs\u00fc vakalar\u0131n\u0131n ortaya \u00e7\u0131kmas\u0131\u201d haberlerinin ard\u0131ndan \u0130ki Toplumlu Sa\u011fl\u0131k Komitesi arac\u0131l\u0131\u011f\u0131yla g\u00fcneydeki Bat\u0131 Nil Vir\u00fcs\u00fc vakalar\u0131n\u0131n son durumuyla ilgili isti\u015farede bulunuldu\u011funu s\u00f6yledi. A\u00e7\u0131klamada, \u0130ki Toplumlu Sa\u011fl\u0131k Komitesinin\" \/>\n<meta property=\"og:url\" content=\"https:\/\/kibrisdakik.com\/?p=120085\" \/>\n<meta property=\"article:published_time\" content=\"2026-09-04T14:46:13+00:00\" \/>\n<meta property=\"og:image\" content=\"https:\/\/mhahabercom.teimg.com\/crop\/1280x720\/mhahaber-com\/uploads\/2026\/09\/mha-sari-beyaz-7752.png\" \/>\n<meta name=\"author\" content=\"admin\" \/>\n<meta name=\"twitter:card\" content=\"summary_large_image\" \/>\n<meta name=\"twitter:label1\" content=\"Yazan:\" \/>\n\t<meta name=\"twitter:data1\" content=\"admin\" \/>\n\t<meta name=\"twitter:label2\" content=\"Tahmini okuma s\u00fcresi\" \/>\n\t<meta name=\"twitter:data2\" content=\"1 dakika\" \/>\n<script type=\"application\/ld+json\" class=\"yoast-schema-graph\">{\"@context\":\"https:\\\/\\\/schema.org\",\"@graph\":[{\"@type\":\"Article\",\"@id\":\"https:\\\/\\\/kibrisdakik.com\\\/?p=120085#article\",\"isPartOf\":{\"@id\":\"https:\\\/\\\/kibrisdakik.com\\\/?p=120085\"},\"author\":{\"name\":\"admin\",\"@id\":\"https:\\\/\\\/kibrisdakik.com\\\/#\\\/schema\\\/person\\\/9cd9d437bbb44f72b73ba127e06d8e79\"},\"headline\":\"SA\u011eLIK BAKANLI\u011eI\u2019NDAN BATI N\u0130L V\u0130R\u00dcS\u00dc A\u00c7IKLAMASI\",\"datePublished\":\"2026-09-04T14:46:13+00:00\",\"mainEntityOfPage\":{\"@id\":\"https:\\\/\\\/kibrisdakik.com\\\/?p=120085\"},\"wordCount\":252,\"commentCount\":0,\"publisher\":{\"@id\":\"https:\\\/\\\/kibrisdakik.com\\\/#organization\"},\"image\":{\"@id\":\"https:\\\/\\\/kibrisdakik.com\\\/?p=120085#primaryimage\"},\"thumbnailUrl\":\"https:\\\/\\\/kibrisdakik.com\\\/wp-content\\\/uploads\\\/2026\\\/09\\\/mha-sari-beyaz-7752.png\",\"articleSection\":[\"K\u0131br\u0131s\"],\"inLanguage\":\"tr\",\"potentialAction\":[{\"@type\":\"CommentAction\",\"name\":\"Comment\",\"target\":[\"https:\\\/\\\/kibrisdakik.com\\\/?p=120085#respond\"]}]},{\"@type\":\"WebPage\",\"@id\":\"https:\\\/\\\/kibrisdakik.com\\\/?p=120085\",\"url\":\"https:\\\/\\\/kibrisdakik.com\\\/?p=120085\",\"name\":\"SA\u011eLIK BAKANLI\u011eI\u2019NDAN BATI N\u0130L V\u0130R\u00dcS\u00dc A\u00c7IKLAMASI -\",\"isPartOf\":{\"@id\":\"https:\\\/\\\/kibrisdakik.com\\\/#website\"},\"primaryImageOfPage\":{\"@id\":\"https:\\\/\\\/kibrisdakik.com\\\/?p=120085#primaryimage\"},\"image\":{\"@id\":\"https:\\\/\\\/kibrisdakik.com\\\/?p=120085#primaryimage\"},\"thumbnailUrl\":\"https:\\\/\\\/kibrisdakik.com\\\/wp-content\\\/uploads\\\/2026\\\/09\\\/mha-sari-beyaz-7752.png\",\"datePublished\":\"2026-09-04T14:46:13+00:00\",\"breadcrumb\":{\"@id\":\"https:\\\/\\\/kibrisdakik.com\\\/?p=120085#breadcrumb\"},\"inLanguage\":\"tr\",\"potentialAction\":[{\"@type\":\"ReadAction\",\"target\":[\"https:\\\/\\\/kibrisdakik.com\\\/?p=120085\"]}]},{\"@type\":\"ImageObject\",\"inLanguage\":\"tr\",\"@id\":\"https:\\\/\\\/kibrisdakik.com\\\/?p=120085#primaryimage\",\"url\":\"https:\\\/\\\/kibrisdakik.com\\\/wp-content\\\/uploads\\\/2026\\\/09\\\/mha-sari-beyaz-7752.png\",\"contentUrl\":\"https:\\\/\\\/kibrisdakik.com\\\/wp-content\\\/uploads\\\/2026\\\/09\\\/mha-sari-beyaz-7752.png\",\"width\":1280,\"height\":720},{\"@type\":\"BreadcrumbList\",\"@id\":\"https:\\\/\\\/kibrisdakik.com\\\/?p=120085#breadcrumb\",\"itemListElement\":[{\"@type\":\"ListItem\",\"position\":1,\"name\":\"Home\",\"item\":\"https:\\\/\\\/kibrisdakik.com\\\/\"},{\"@type\":\"ListItem\",\"position\":2,\"name\":\"SA\u011eLIK BAKANLI\u011eI\u2019NDAN BATI N\u0130L V\u0130R\u00dcS\u00dc A\u00c7IKLAMASI\"}]},{\"@type\":\"WebSite\",\"@id\":\"https:\\\/\\\/kibrisdakik.com\\\/#website\",\"url\":\"https:\\\/\\\/kibrisdakik.com\\\/\",\"name\":\"K\u0131br\u0131s Dakik\",\"description\":\"Tam vaktinde haber\",\"publisher\":{\"@id\":\"https:\\\/\\\/kibrisdakik.com\\\/#organization\"},\"potentialAction\":[{\"@type\":\"SearchAction\",\"target\":{\"@type\":\"EntryPoint\",\"urlTemplate\":\"https:\\\/\\\/kibrisdakik.com\\\/?s={search_term_string}\"},\"query-input\":{\"@type\":\"PropertyValueSpecification\",\"valueRequired\":true,\"valueName\":\"search_term_string\"}}],\"inLanguage\":\"tr\"},{\"@type\":\"Organization\",\"@id\":\"https:\\\/\\\/kibrisdakik.com\\\/#organization\",\"name\":\"K\u0131br\u0131s Dakik\",\"url\":\"https:\\\/\\\/kibrisdakik.com\\\/\",\"logo\":{\"@type\":\"ImageObject\",\"inLanguage\":\"tr\",\"@id\":\"https:\\\/\\\/kibrisdakik.com\\\/#\\\/schema\\\/logo\\\/image\\\/\",\"url\":\"https:\\\/\\\/kibrisdakik.com\\\/wp-content\\\/uploads\\\/2025\\\/10\\\/cropped-WhatsApp-Image-2025-10-02-at-12.58.31.jpeg\",\"contentUrl\":\"https:\\\/\\\/kibrisdakik.com\\\/wp-content\\\/uploads\\\/2025\\\/10\\\/cropped-WhatsApp-Image-2025-10-02-at-12.58.31.jpeg\",\"width\":1237,\"height\":190,\"caption\":\"K\u0131br\u0131s Dakik\"},\"image\":{\"@id\":\"https:\\\/\\\/kibrisdakik.com\\\/#\\\/schema\\\/logo\\\/image\\\/\"}},{\"@type\":\"Person\",\"@id\":\"https:\\\/\\\/kibrisdakik.com\\\/#\\\/schema\\\/person\\\/9cd9d437bbb44f72b73ba127e06d8e79\",\"name\":\"admin\",\"image\":{\"@type\":\"ImageObject\",\"inLanguage\":\"tr\",\"@id\":\"https:\\\/\\\/secure.gravatar.com\\\/avatar\\\/ccc17943b9d660506c869530f897617f7cb1c21a4bf30023f252596d83e1f007?s=96&d=mm&r=g\",\"url\":\"https:\\\/\\\/secure.gravatar.com\\\/avatar\\\/ccc17943b9d660506c869530f897617f7cb1c21a4bf30023f252596d83e1f007?s=96&d=mm&r=g\",\"contentUrl\":\"https:\\\/\\\/secure.gravatar.com\\\/avatar\\\/ccc17943b9d660506c869530f897617f7cb1c21a4bf30023f252596d83e1f007?s=96&d=mm&r=g\",\"caption\":\"admin\"},\"sameAs\":[\"https:\\\/\\\/kibrisdakik.com\"],\"url\":\"https:\\\/\\\/kibrisdakik.com\\\/?author=1\"}]}<\/script>\n<!-- \/ Yoast SEO plugin. -->","yoast_head_json":{"title":"SA\u011eLIK BAKANLI\u011eI\u2019NDAN BATI N\u0130L V\u0130R\u00dcS\u00dc A\u00c7IKLAMASI -","robots":{"index":"index","follow":"follow","max-snippet":"max-snippet:-1","max-image-preview":"max-image-preview:large","max-video-preview":"max-video-preview:-1"},"canonical":"https:\/\/kibrisdakik.com\/?p=120085","og_locale":"tr_TR","og_type":"article","og_title":"SA\u011eLIK BAKANLI\u011eI\u2019NDAN BATI N\u0130L V\u0130R\u00dcS\u00dc A\u00c7IKLAMASI -","og_description":"Sa\u011fl\u0131k Bakanl\u0131\u011f\u0131, G\u00fcney K\u0131br\u0131s&#8217;ta, \u201cBat\u0131 Nil Vir\u00fcs\u00fc vakalar\u0131n\u0131n 10\u2019a \u00e7\u0131kt\u0131\u011f\u0131n\u0131n ve bir ki\u015finin hayat\u0131n\u0131 kaybetti\u011finin\u201d Kuzeye bildirildi\u011fini belirtti. Sa\u011fl\u0131k Bakanl\u0131\u011f\u0131 yapt\u0131\u011f\u0131 yaz\u0131l\u0131 a\u00e7\u0131klamada, bas\u0131ndaki \u201cG\u00fcney K\u0131br\u0131s\u2019ta Bat\u0131 Nil Vir\u00fcs\u00fc vakalar\u0131n\u0131n ortaya \u00e7\u0131kmas\u0131\u201d haberlerinin ard\u0131ndan \u0130ki Toplumlu Sa\u011fl\u0131k Komitesi arac\u0131l\u0131\u011f\u0131yla g\u00fcneydeki Bat\u0131 Nil Vir\u00fcs\u00fc vakalar\u0131n\u0131n son durumuyla ilgili isti\u015farede bulunuldu\u011funu s\u00f6yledi. A\u00e7\u0131klamada, \u0130ki Toplumlu Sa\u011fl\u0131k Komitesinin","og_url":"https:\/\/kibrisdakik.com\/?p=120085","article_published_time":"2026-09-04T14:46:13+00:00","og_image":[{"url":"https:\/\/mhahabercom.teimg.com\/crop\/1280x720\/mhahaber-com\/uploads\/2026\/09\/mha-sari-beyaz-7752.png","type":"","width":"","height":""}],"author":"admin","twitter_card":"summary_large_image","twitter_misc":{"Yazan:":"admin","Tahmini okuma s\u00fcresi":"1 dakika"},"schema":{"@context":"https:\/\/schema.org","@graph":[{"@type":"Article","@id":"https:\/\/kibrisdakik.com\/?p=120085#article","isPartOf":{"@id":"https:\/\/kibrisdakik.com\/?p=120085"},"author":{"name":"admin","@id":"https:\/\/kibrisdakik.com\/#\/schema\/person\/9cd9d437bbb44f72b73ba127e06d8e79"},"headline":"SA\u011eLIK BAKANLI\u011eI\u2019NDAN BATI N\u0130L V\u0130R\u00dcS\u00dc A\u00c7IKLAMASI","datePublished":"2026-09-04T14:46:13+00:00","mainEntityOfPage":{"@id":"https:\/\/kibrisdakik.com\/?p=120085"},"wordCount":252,"commentCount":0,"publisher":{"@id":"https:\/\/kibrisdakik.com\/#organization"},"image":{"@id":"https:\/\/kibrisdakik.com\/?p=120085#primaryimage"},"thumbnailUrl":"https:\/\/kibrisdakik.com\/wp-content\/uploads\/2026\/09\/mha-sari-beyaz-7752.png","articleSection":["K\u0131br\u0131s"],"inLanguage":"tr","potentialAction":[{"@type":"CommentAction","name":"Comment","target":["https:\/\/kibrisdakik.com\/?p=120085#respond"]}]},{"@type":"WebPage","@id":"https:\/\/kibrisdakik.com\/?p=120085","url":"https:\/\/kibrisdakik.com\/?p=120085","name":"SA\u011eLIK BAKANLI\u011eI\u2019NDAN BATI N\u0130L V\u0130R\u00dcS\u00dc A\u00c7IKLAMASI -","isPartOf":{"@id":"https:\/\/kibrisdakik.com\/#website"},"primaryImageOfPage":{"@id":"https:\/\/kibrisdakik.com\/?p=120085#primaryimage"},"image":{"@id":"https:\/\/kibrisdakik.com\/?p=120085#primaryimage"},"thumbnailUrl":"https:\/\/kibrisdakik.com\/wp-content\/uploads\/2026\/09\/mha-sari-beyaz-7752.png","datePublished":"2026-09-04T14:46:13+00:00","breadcrumb":{"@id":"https:\/\/kibrisdakik.com\/?p=120085#breadcrumb"},"inLanguage":"tr","potentialAction":[{"@type":"ReadAction","target":["https:\/\/kibrisdakik.com\/?p=120085"]}]},{"@type":"ImageObject","inLanguage":"tr","@id":"https:\/\/kibrisdakik.com\/?p=120085#primaryimage","url":"https:\/\/kibrisdakik.com\/wp-content\/uploads\/2026\/09\/mha-sari-beyaz-7752.png","contentUrl":"https:\/\/kibrisdakik.com\/wp-content\/uploads\/2026\/09\/mha-sari-beyaz-7752.png","width":1280,"height":720},{"@type":"BreadcrumbList","@id":"https:\/\/kibrisdakik.com\/?p=120085#breadcrumb","itemListElement":[{"@type":"ListItem","position":1,"name":"Home","item":"https:\/\/kibrisdakik.com\/"},{"@type":"ListItem","position":2,"name":"SA\u011eLIK BAKANLI\u011eI\u2019NDAN BATI N\u0130L V\u0130R\u00dcS\u00dc A\u00c7IKLAMASI"}]},{"@type":"WebSite","@id":"https:\/\/kibrisdakik.com\/#website","url":"https:\/\/kibrisdakik.com\/","name":"K\u0131br\u0131s Dakik","description":"Tam vaktinde haber","publisher":{"@id":"https:\/\/kibrisdakik.com\/#organization"},"potentialAction":[{"@type":"SearchAction","target":{"@type":"EntryPoint","urlTemplate":"https:\/\/kibrisdakik.com\/?s={search_term_string}"},"query-input":{"@type":"PropertyValueSpecification","valueRequired":true,"valueName":"search_term_string"}}],"inLanguage":"tr"},{"@type":"Organization","@id":"https:\/\/kibrisdakik.com\/#organization","name":"K\u0131br\u0131s Dakik","url":"https:\/\/kibrisdakik.com\/","logo":{"@type":"ImageObject","inLanguage":"tr","@id":"https:\/\/kibrisdakik.com\/#\/schema\/logo\/image\/","url":"https:\/\/kibrisdakik.com\/wp-content\/uploads\/2025\/10\/cropped-WhatsApp-Image-2025-10-02-at-12.58.31.jpeg","contentUrl":"https:\/\/kibrisdakik.com\/wp-content\/uploads\/2025\/10\/cropped-WhatsApp-Image-2025-10-02-at-12.58.31.jpeg","width":1237,"height":190,"caption":"K\u0131br\u0131s Dakik"},"image":{"@id":"https:\/\/kibrisdakik.com\/#\/schema\/logo\/image\/"}},{"@type":"Person","@id":"https:\/\/kibrisdakik.com\/#\/schema\/person\/9cd9d437bbb44f72b73ba127e06d8e79","name":"admin","image":{"@type":"ImageObject","inLanguage":"tr","@id":"https:\/\/secure.gravatar.com\/avatar\/ccc17943b9d660506c869530f897617f7cb1c21a4bf30023f252596d83e1f007?s=96&d=mm&r=g","url":"https:\/\/secure.gravatar.com\/avatar\/ccc17943b9d660506c869530f897617f7cb1c21a4bf30023f252596d83e1f007?s=96&d=mm&r=g","contentUrl":"https:\/\/secure.gravatar.com\/avatar\/ccc17943b9d660506c869530f897617f7cb1c21a4bf30023f252596d83e1f007?s=96&d=mm&r=g","caption":"admin"},"sameAs":["https:\/\/kibrisdakik.com"],"url":"https:\/\/kibrisdakik.com\/?author=1"}]}},"_links":{"self":[{"href":"https:\/\/kibrisdakik.com\/index.php?rest_route=\/wp\/v2\/posts\/120085","targetHints":{"allow":["GET"]}}],"collection":[{"href":"https:\/\/kibrisdakik.com\/index.php?rest_route=\/wp\/v2\/posts"}],"about":[{"href":"https:\/\/kibrisdakik.com\/index.php?rest_route=\/wp\/v2\/types\/post"}],"author":[{"embeddable":true,"href":"https:\/\/kibrisdakik.com\/index.php?rest_route=\/wp\/v2\/users\/1"}],"replies":[{"embeddable":true,"href":"https:\/\/kibrisdakik.com\/index.php?rest_route=%2Fwp%2Fv2%2Fcomments&post=120085"}],"version-history":[{"count":0,"href":"https:\/\/kibrisdakik.com\/index.php?rest_route=\/wp\/v2\/posts\/120085\/revisions"}],"wp:featuredmedia":[{"embeddable":true,"href":"https:\/\/kibrisdakik.com\/index.php?rest_route=\/wp\/v2\/media\/120086"}],"wp:attachment":[{"href":"https:\/\/kibrisdakik.com\/index.php?rest_route=%2Fwp%2Fv2%2Fmedia&parent=120085"}],"wp:term":[{"taxonomy":"category","embeddable":true,"href":"https:\/\/kibrisdakik.com\/index.php?rest_route=%2Fwp%2Fv2%2Fcategories&post=120085"},{"taxonomy":"post_tag","embeddable":true,"href":"https:\/\/kibrisdakik.com\/index.php?rest_route=%2Fwp%2Fv2%2Ftags&post=120085"}],"curies":[{"name":"wp","href":"https:\/\/api.w.org\/{rel}","templated":true}]}}