{"id":120130,"date":"2026-09-05T11:03:56","date_gmt":"2026-09-05T08:03:56","guid":{"rendered":"https:\/\/kibrisdakik.com\/?p=120130"},"modified":"2026-09-05T11:03:56","modified_gmt":"2026-09-05T08:03:56","slug":"gemi-faciasinda-arama-calismalari-7nci-gununde-devam-ediyor","status":"publish","type":"post","link":"https:\/\/kibrisdakik.com\/?p=120130","title":{"rendered":"GEM\u0130 FAC\u0130ASINDA ARAMA \u00c7ALI\u015eMALARI 7\u2019NC\u0130 G\u00dcN\u00dcNDE DEVAM ED\u0130YOR"},"content":{"rendered":"<p><\/p>\n<div data-text-id=\"207314\" property=\"articleBody\">\n<p>Girne a\u00e7\u0131klar\u0131nda 30 A\u011fustos\u2019ta batan yolcu gemisinde arama kurtarma \u00e7al\u0131\u015fmalar\u0131 7\u2019nci g\u00fcn\u00fcnde devam ediyor. Facia nedeniyle hayat\u0131n\u0131 kaybedenlerin say\u0131s\u0131 12\u2019ye y\u00fckselirken, kay\u0131p 16 ki\u015fiye ula\u015f\u0131lmas\u0131 i\u00e7in 554 metre derinlikteki enkazda robotik sistemlerle \u00e7al\u0131\u015fmalar s\u00fcrd\u00fcr\u00fcl\u00fcyor.<\/p>\n<p>Girne-Ta\u015fucu seferini yapmak \u00fczere 30 A\u011fustos Pazar g\u00fcn\u00fc Girne Liman\u0131\u2019ndan ayr\u0131ld\u0131ktan k\u0131sa s\u00fcre sonra su alarak batan yolcu gemisinin enkaz\u0131, Girne a\u00e7\u0131klar\u0131nda yakla\u015f\u0131k 554 metre derinlikte bulunuyor.<\/p>\n<p>Son a\u00e7\u0131klamalara g\u00f6re kazada 12 ki\u015fi ya\u015fam\u0131n\u0131 yitirirken, 16 ki\u015fiden ise halen haber al\u0131nam\u0131yor. Gece boyunca s\u00fcrd\u00fcr\u00fclen \u00e7al\u0131\u015fmalarda yeni bir naa\u015fa ula\u015f\u0131ld\u0131\u011f\u0131na ili\u015fkin resmi a\u00e7\u0131klama yap\u0131lmad\u0131.<\/p>\n<h3>ENKAZDA ROBOT\u0130K ARAMA<\/h3>\n<p>\u0130nsanl\u0131 dal\u0131\u015f\u0131n m\u00fcmk\u00fcn olmad\u0131\u011f\u0131 derinlikteki enkazda \u00e7al\u0131\u015fmalar, uzaktan kumandal\u0131 su alt\u0131 ara\u00e7lar\u0131yla y\u00fcr\u00fct\u00fcl\u00fcyor.<\/p>\n<p>T\u00fcrk Deniz Kuvvetleri\u2019ne ait TCG I\u015f\u0131n ve TCG Alemdar gemilerinin g\u00f6rev ald\u0131\u011f\u0131 operasyonda, enkaz\u0131n i\u00e7i ve \u00e7evresi taran\u0131yor. \u00c7al\u0131\u015fmalarda kay\u0131p ki\u015filere ula\u015f\u0131lmas\u0131n\u0131n yan\u0131 s\u0131ra geminin kara kutusunun \u00e7\u0131kar\u0131lmas\u0131 da hedefleniyor.<\/p>\n<p>Arama kurtarma faaliyetleri denizden ve havadan 7 g\u00fcn 24 saat esas\u0131na g\u00f6re s\u00fcrd\u00fcr\u00fcl\u00fcyor.<\/p>\n<h3>ENKAZDAN 4 NAA\u015e \u00c7IKARILDI<\/h3>\n<p>Ba\u015fbakan \u00dcnal \u00dcstel\u2019in a\u00e7\u0131klad\u0131\u011f\u0131 son bilgilere g\u00f6re, 554 metre derinlikteki enkazdan bug\u00fcne kadar 4 ki\u015finin naa\u015f\u0131 \u00e7\u0131kar\u0131ld\u0131.<\/p>\n<p>Son olarak ula\u015f\u0131lan iki kad\u0131n naa\u015f\u0131n\u0131n \u015eerife \u00d6zdemir ve Nazmiye \u00d6zbolat\u2019a ait oldu\u011fu, polis taraf\u0131ndan y\u00fcr\u00fct\u00fclen kimlik tespit \u00e7al\u0131\u015fmalar\u0131n\u0131n ard\u0131ndan a\u00e7\u0131kland\u0131.<\/p>\n<p>Bu geli\u015fmeyle birlikte faciada hayat\u0131n\u0131 kaybedenlerin say\u0131s\u0131 12\u2019ye y\u00fckselirken, kay\u0131p 16 ki\u015fi i\u00e7in arama \u00e7al\u0131\u015fmalar\u0131 devam ediyor.<\/p>\n<h3>SORU\u015eTURMA S\u00dcR\u00dcYOR<\/h3>\n<p>Gemi facias\u0131na ili\u015fkin adli soru\u015fturma da \u00e7ok y\u00f6nl\u00fc olarak devam ediyor. \u015eirket direkt\u00f6r\u00fc, kaptan, ikinci kaptan, makinistler ve m\u00fcrettebattan olu\u015fan 9 zanl\u0131n\u0131n tutukluluk s\u00fcresi 8 g\u00fcn daha uzat\u0131ld\u0131.<\/p>\n<p>Soru\u015fturma kapsam\u0131nda geminin teknik durumu, ge\u00e7mi\u015f denetimleri, sefer izinleri ile m\u00fcrettebat\u0131n kaza \u00f6ncesinde ve kaza s\u0131ras\u0131nda ger\u00e7ekle\u015ftirdi\u011fi i\u015flemler inceleniyor.<\/p>\n<p>Facian\u0131n ard\u0131ndan Bay\u0131nd\u0131rl\u0131k ve Ula\u015ft\u0131rma Bakanl\u0131\u011f\u0131\u2019nda da \u00fcst d\u00fczey g\u00f6rev de\u011fi\u015fiklikleri yap\u0131ld\u0131. M\u00fcste\u015far Enver \u00d6zt\u00fcrk, Bakanl\u0131k M\u00fcd\u00fcr\u00fc Mustafa Ambar ve Limanlar Dairesi M\u00fcd\u00fcr\u00fc Emsal Emirzadeo\u011flular\u0131 g\u00f6revden al\u0131n\u0131rken, M\u00fcste\u015farl\u0131k g\u00f6revine Murat Salel atand\u0131.<\/p>\n<h3>A\u0130LELER\u0130N BEKLEY\u0130\u015e\u0130 S\u00dcR\u00dcYOR<\/h3>\n<p>Arama ekiplerinin denizde ve enkazdaki \u00e7al\u0131\u015fmalar\u0131 devam ederken, kay\u0131p yak\u0131nlar\u0131n\u0131n Girne Turizm Liman\u0131 \u00f6n\u00fcndeki bekleyi\u015fi de 7\u2019nci g\u00fcnde s\u00fcr\u00fcyor.<\/p>\n<p>G\u00f6zler, 554 metre derinlikte y\u00fcr\u00fct\u00fclen arama kurtarma \u00e7al\u0131\u015fmalar\u0131ndan gelecek yeni haberlere \u00e7evrildi.<\/p>\n<\/p><\/div>\n","protected":false},"excerpt":{"rendered":"<p>Girne a\u00e7\u0131klar\u0131nda 30 A\u011fustos\u2019ta batan yolcu gemisinde arama kurtarma \u00e7al\u0131\u015fmalar\u0131 7\u2019nci g\u00fcn\u00fcnde devam ediyor. Facia nedeniyle hayat\u0131n\u0131 kaybedenlerin say\u0131s\u0131 12\u2019ye y\u00fckselirken, kay\u0131p 16 ki\u015fiye ula\u015f\u0131lmas\u0131 i\u00e7in 554 metre derinlikteki enkazda robotik sistemlerle \u00e7al\u0131\u015fmalar s\u00fcrd\u00fcr\u00fcl\u00fcyor. Girne-Ta\u015fucu seferini yapmak \u00fczere 30 A\u011fustos Pazar g\u00fcn\u00fc Girne Liman\u0131\u2019ndan ayr\u0131ld\u0131ktan k\u0131sa s\u00fcre sonra su alarak batan yolcu gemisinin enkaz\u0131, Girne<\/p>\n","protected":false},"author":1,"featured_media":120131,"comment_status":"open","ping_status":"open","sticky":false,"template":"","format":"standard","meta":{"footnotes":""},"categories":[81],"tags":[],"class_list":["post-120130","post","type-post","status-publish","format-standard","has-post-thumbnail","hentry","category-kibris"],"yoast_head":"<!-- This site is optimized with the Yoast SEO plugin v28.4 - https:\/\/yoast.com\/product\/yoast-seo-wordpress\/ -->\n<title>GEM\u0130 FAC\u0130ASINDA ARAMA \u00c7ALI\u015eMALARI 7\u2019NC\u0130 G\u00dcN\u00dcNDE DEVAM ED\u0130YOR -<\/title>\n<meta name=\"robots\" content=\"index, follow, max-snippet:-1, max-image-preview:large, max-video-preview:-1\" \/>\n<link rel=\"canonical\" href=\"https:\/\/kibrisdakik.com\/?p=120130\" \/>\n<meta property=\"og:locale\" content=\"tr_TR\" \/>\n<meta property=\"og:type\" content=\"article\" \/>\n<meta property=\"og:title\" content=\"GEM\u0130 FAC\u0130ASINDA ARAMA \u00c7ALI\u015eMALARI 7\u2019NC\u0130 G\u00dcN\u00dcNDE DEVAM ED\u0130YOR -\" \/>\n<meta property=\"og:description\" content=\"Girne a\u00e7\u0131klar\u0131nda 30 A\u011fustos\u2019ta batan yolcu gemisinde arama kurtarma \u00e7al\u0131\u015fmalar\u0131 7\u2019nci g\u00fcn\u00fcnde devam ediyor. Facia nedeniyle hayat\u0131n\u0131 kaybedenlerin say\u0131s\u0131 12\u2019ye y\u00fckselirken, kay\u0131p 16 ki\u015fiye ula\u015f\u0131lmas\u0131 i\u00e7in 554 metre derinlikteki enkazda robotik sistemlerle \u00e7al\u0131\u015fmalar s\u00fcrd\u00fcr\u00fcl\u00fcyor. Girne-Ta\u015fucu seferini yapmak \u00fczere 30 A\u011fustos Pazar g\u00fcn\u00fc Girne Liman\u0131\u2019ndan ayr\u0131ld\u0131ktan k\u0131sa s\u00fcre sonra su alarak batan yolcu gemisinin enkaz\u0131, Girne\" \/>\n<meta property=\"og:url\" content=\"https:\/\/kibrisdakik.com\/?p=120130\" \/>\n<meta property=\"article:published_time\" content=\"2026-09-05T08:03:56+00:00\" \/>\n<meta property=\"og:image\" content=\"https:\/\/mhahabercom.teimg.com\/crop\/1280x720\/mhahaber-com\/uploads\/2026\/09\/mha-sari-beyaz-7758.png\" \/>\n<meta name=\"author\" content=\"admin\" \/>\n<meta name=\"twitter:card\" content=\"summary_large_image\" \/>\n<meta name=\"twitter:label1\" content=\"Yazan:\" \/>\n\t<meta name=\"twitter:data1\" content=\"admin\" \/>\n\t<meta name=\"twitter:label2\" content=\"Tahmini okuma s\u00fcresi\" \/>\n\t<meta name=\"twitter:data2\" content=\"2 dakika\" \/>\n<script type=\"application\/ld+json\" class=\"yoast-schema-graph\">{\"@context\":\"https:\\\/\\\/schema.org\",\"@graph\":[{\"@type\":\"Article\",\"@id\":\"https:\\\/\\\/kibrisdakik.com\\\/?p=120130#article\",\"isPartOf\":{\"@id\":\"https:\\\/\\\/kibrisdakik.com\\\/?p=120130\"},\"author\":{\"name\":\"admin\",\"@id\":\"https:\\\/\\\/kibrisdakik.com\\\/#\\\/schema\\\/person\\\/9cd9d437bbb44f72b73ba127e06d8e79\"},\"headline\":\"GEM\u0130 FAC\u0130ASINDA ARAMA \u00c7ALI\u015eMALARI 7\u2019NC\u0130 G\u00dcN\u00dcNDE DEVAM ED\u0130YOR\",\"datePublished\":\"2026-09-05T08:03:56+00:00\",\"mainEntityOfPage\":{\"@id\":\"https:\\\/\\\/kibrisdakik.com\\\/?p=120130\"},\"wordCount\":503,\"commentCount\":0,\"publisher\":{\"@id\":\"https:\\\/\\\/kibrisdakik.com\\\/#organization\"},\"image\":{\"@id\":\"https:\\\/\\\/kibrisdakik.com\\\/?p=120130#primaryimage\"},\"thumbnailUrl\":\"https:\\\/\\\/kibrisdakik.com\\\/wp-content\\\/uploads\\\/2026\\\/09\\\/mha-sari-beyaz-7758.png\",\"articleSection\":[\"K\u0131br\u0131s\"],\"inLanguage\":\"tr\",\"potentialAction\":[{\"@type\":\"CommentAction\",\"name\":\"Comment\",\"target\":[\"https:\\\/\\\/kibrisdakik.com\\\/?p=120130#respond\"]}]},{\"@type\":\"WebPage\",\"@id\":\"https:\\\/\\\/kibrisdakik.com\\\/?p=120130\",\"url\":\"https:\\\/\\\/kibrisdakik.com\\\/?p=120130\",\"name\":\"GEM\u0130 FAC\u0130ASINDA ARAMA \u00c7ALI\u015eMALARI 7\u2019NC\u0130 G\u00dcN\u00dcNDE DEVAM ED\u0130YOR -\",\"isPartOf\":{\"@id\":\"https:\\\/\\\/kibrisdakik.com\\\/#website\"},\"primaryImageOfPage\":{\"@id\":\"https:\\\/\\\/kibrisdakik.com\\\/?p=120130#primaryimage\"},\"image\":{\"@id\":\"https:\\\/\\\/kibrisdakik.com\\\/?p=120130#primaryimage\"},\"thumbnailUrl\":\"https:\\\/\\\/kibrisdakik.com\\\/wp-content\\\/uploads\\\/2026\\\/09\\\/mha-sari-beyaz-7758.png\",\"datePublished\":\"2026-09-05T08:03:56+00:00\",\"breadcrumb\":{\"@id\":\"https:\\\/\\\/kibrisdakik.com\\\/?p=120130#breadcrumb\"},\"inLanguage\":\"tr\",\"potentialAction\":[{\"@type\":\"ReadAction\",\"target\":[\"https:\\\/\\\/kibrisdakik.com\\\/?p=120130\"]}]},{\"@type\":\"ImageObject\",\"inLanguage\":\"tr\",\"@id\":\"https:\\\/\\\/kibrisdakik.com\\\/?p=120130#primaryimage\",\"url\":\"https:\\\/\\\/kibrisdakik.com\\\/wp-content\\\/uploads\\\/2026\\\/09\\\/mha-sari-beyaz-7758.png\",\"contentUrl\":\"https:\\\/\\\/kibrisdakik.com\\\/wp-content\\\/uploads\\\/2026\\\/09\\\/mha-sari-beyaz-7758.png\",\"width\":1280,\"height\":720},{\"@type\":\"BreadcrumbList\",\"@id\":\"https:\\\/\\\/kibrisdakik.com\\\/?p=120130#breadcrumb\",\"itemListElement\":[{\"@type\":\"ListItem\",\"position\":1,\"name\":\"Home\",\"item\":\"https:\\\/\\\/kibrisdakik.com\\\/\"},{\"@type\":\"ListItem\",\"position\":2,\"name\":\"GEM\u0130 FAC\u0130ASINDA ARAMA \u00c7ALI\u015eMALARI 7\u2019NC\u0130 G\u00dcN\u00dcNDE DEVAM ED\u0130YOR\"}]},{\"@type\":\"WebSite\",\"@id\":\"https:\\\/\\\/kibrisdakik.com\\\/#website\",\"url\":\"https:\\\/\\\/kibrisdakik.com\\\/\",\"name\":\"K\u0131br\u0131s Dakik\",\"description\":\"Tam vaktinde haber\",\"publisher\":{\"@id\":\"https:\\\/\\\/kibrisdakik.com\\\/#organization\"},\"potentialAction\":[{\"@type\":\"SearchAction\",\"target\":{\"@type\":\"EntryPoint\",\"urlTemplate\":\"https:\\\/\\\/kibrisdakik.com\\\/?s={search_term_string}\"},\"query-input\":{\"@type\":\"PropertyValueSpecification\",\"valueRequired\":true,\"valueName\":\"search_term_string\"}}],\"inLanguage\":\"tr\"},{\"@type\":\"Organization\",\"@id\":\"https:\\\/\\\/kibrisdakik.com\\\/#organization\",\"name\":\"K\u0131br\u0131s Dakik\",\"url\":\"https:\\\/\\\/kibrisdakik.com\\\/\",\"logo\":{\"@type\":\"ImageObject\",\"inLanguage\":\"tr\",\"@id\":\"https:\\\/\\\/kibrisdakik.com\\\/#\\\/schema\\\/logo\\\/image\\\/\",\"url\":\"https:\\\/\\\/kibrisdakik.com\\\/wp-content\\\/uploads\\\/2025\\\/10\\\/cropped-WhatsApp-Image-2025-10-02-at-12.58.31.jpeg\",\"contentUrl\":\"https:\\\/\\\/kibrisdakik.com\\\/wp-content\\\/uploads\\\/2025\\\/10\\\/cropped-WhatsApp-Image-2025-10-02-at-12.58.31.jpeg\",\"width\":1237,\"height\":190,\"caption\":\"K\u0131br\u0131s Dakik\"},\"image\":{\"@id\":\"https:\\\/\\\/kibrisdakik.com\\\/#\\\/schema\\\/logo\\\/image\\\/\"}},{\"@type\":\"Person\",\"@id\":\"https:\\\/\\\/kibrisdakik.com\\\/#\\\/schema\\\/person\\\/9cd9d437bbb44f72b73ba127e06d8e79\",\"name\":\"admin\",\"image\":{\"@type\":\"ImageObject\",\"inLanguage\":\"tr\",\"@id\":\"https:\\\/\\\/secure.gravatar.com\\\/avatar\\\/ccc17943b9d660506c869530f897617f7cb1c21a4bf30023f252596d83e1f007?s=96&d=mm&r=g\",\"url\":\"https:\\\/\\\/secure.gravatar.com\\\/avatar\\\/ccc17943b9d660506c869530f897617f7cb1c21a4bf30023f252596d83e1f007?s=96&d=mm&r=g\",\"contentUrl\":\"https:\\\/\\\/secure.gravatar.com\\\/avatar\\\/ccc17943b9d660506c869530f897617f7cb1c21a4bf30023f252596d83e1f007?s=96&d=mm&r=g\",\"caption\":\"admin\"},\"sameAs\":[\"https:\\\/\\\/kibrisdakik.com\"],\"url\":\"https:\\\/\\\/kibrisdakik.com\\\/?author=1\"}]}<\/script>\n<!-- \/ Yoast SEO plugin. -->","yoast_head_json":{"title":"GEM\u0130 FAC\u0130ASINDA ARAMA \u00c7ALI\u015eMALARI 7\u2019NC\u0130 G\u00dcN\u00dcNDE DEVAM ED\u0130YOR -","robots":{"index":"index","follow":"follow","max-snippet":"max-snippet:-1","max-image-preview":"max-image-preview:large","max-video-preview":"max-video-preview:-1"},"canonical":"https:\/\/kibrisdakik.com\/?p=120130","og_locale":"tr_TR","og_type":"article","og_title":"GEM\u0130 FAC\u0130ASINDA ARAMA \u00c7ALI\u015eMALARI 7\u2019NC\u0130 G\u00dcN\u00dcNDE DEVAM ED\u0130YOR -","og_description":"Girne a\u00e7\u0131klar\u0131nda 30 A\u011fustos\u2019ta batan yolcu gemisinde arama kurtarma \u00e7al\u0131\u015fmalar\u0131 7\u2019nci g\u00fcn\u00fcnde devam ediyor. Facia nedeniyle hayat\u0131n\u0131 kaybedenlerin say\u0131s\u0131 12\u2019ye y\u00fckselirken, kay\u0131p 16 ki\u015fiye ula\u015f\u0131lmas\u0131 i\u00e7in 554 metre derinlikteki enkazda robotik sistemlerle \u00e7al\u0131\u015fmalar s\u00fcrd\u00fcr\u00fcl\u00fcyor. Girne-Ta\u015fucu seferini yapmak \u00fczere 30 A\u011fustos Pazar g\u00fcn\u00fc Girne Liman\u0131\u2019ndan ayr\u0131ld\u0131ktan k\u0131sa s\u00fcre sonra su alarak batan yolcu gemisinin enkaz\u0131, Girne","og_url":"https:\/\/kibrisdakik.com\/?p=120130","article_published_time":"2026-09-05T08:03:56+00:00","og_image":[{"url":"https:\/\/mhahabercom.teimg.com\/crop\/1280x720\/mhahaber-com\/uploads\/2026\/09\/mha-sari-beyaz-7758.png","type":"","width":"","height":""}],"author":"admin","twitter_card":"summary_large_image","twitter_misc":{"Yazan:":"admin","Tahmini okuma s\u00fcresi":"2 dakika"},"schema":{"@context":"https:\/\/schema.org","@graph":[{"@type":"Article","@id":"https:\/\/kibrisdakik.com\/?p=120130#article","isPartOf":{"@id":"https:\/\/kibrisdakik.com\/?p=120130"},"author":{"name":"admin","@id":"https:\/\/kibrisdakik.com\/#\/schema\/person\/9cd9d437bbb44f72b73ba127e06d8e79"},"headline":"GEM\u0130 FAC\u0130ASINDA ARAMA \u00c7ALI\u015eMALARI 7\u2019NC\u0130 G\u00dcN\u00dcNDE DEVAM ED\u0130YOR","datePublished":"2026-09-05T08:03:56+00:00","mainEntityOfPage":{"@id":"https:\/\/kibrisdakik.com\/?p=120130"},"wordCount":503,"commentCount":0,"publisher":{"@id":"https:\/\/kibrisdakik.com\/#organization"},"image":{"@id":"https:\/\/kibrisdakik.com\/?p=120130#primaryimage"},"thumbnailUrl":"https:\/\/kibrisdakik.com\/wp-content\/uploads\/2026\/09\/mha-sari-beyaz-7758.png","articleSection":["K\u0131br\u0131s"],"inLanguage":"tr","potentialAction":[{"@type":"CommentAction","name":"Comment","target":["https:\/\/kibrisdakik.com\/?p=120130#respond"]}]},{"@type":"WebPage","@id":"https:\/\/kibrisdakik.com\/?p=120130","url":"https:\/\/kibrisdakik.com\/?p=120130","name":"GEM\u0130 FAC\u0130ASINDA ARAMA \u00c7ALI\u015eMALARI 7\u2019NC\u0130 G\u00dcN\u00dcNDE DEVAM ED\u0130YOR -","isPartOf":{"@id":"https:\/\/kibrisdakik.com\/#website"},"primaryImageOfPage":{"@id":"https:\/\/kibrisdakik.com\/?p=120130#primaryimage"},"image":{"@id":"https:\/\/kibrisdakik.com\/?p=120130#primaryimage"},"thumbnailUrl":"https:\/\/kibrisdakik.com\/wp-content\/uploads\/2026\/09\/mha-sari-beyaz-7758.png","datePublished":"2026-09-05T08:03:56+00:00","breadcrumb":{"@id":"https:\/\/kibrisdakik.com\/?p=120130#breadcrumb"},"inLanguage":"tr","potentialAction":[{"@type":"ReadAction","target":["https:\/\/kibrisdakik.com\/?p=120130"]}]},{"@type":"ImageObject","inLanguage":"tr","@id":"https:\/\/kibrisdakik.com\/?p=120130#primaryimage","url":"https:\/\/kibrisdakik.com\/wp-content\/uploads\/2026\/09\/mha-sari-beyaz-7758.png","contentUrl":"https:\/\/kibrisdakik.com\/wp-content\/uploads\/2026\/09\/mha-sari-beyaz-7758.png","width":1280,"height":720},{"@type":"BreadcrumbList","@id":"https:\/\/kibrisdakik.com\/?p=120130#breadcrumb","itemListElement":[{"@type":"ListItem","position":1,"name":"Home","item":"https:\/\/kibrisdakik.com\/"},{"@type":"ListItem","position":2,"name":"GEM\u0130 FAC\u0130ASINDA ARAMA \u00c7ALI\u015eMALARI 7\u2019NC\u0130 G\u00dcN\u00dcNDE DEVAM ED\u0130YOR"}]},{"@type":"WebSite","@id":"https:\/\/kibrisdakik.com\/#website","url":"https:\/\/kibrisdakik.com\/","name":"K\u0131br\u0131s Dakik","description":"Tam vaktinde haber","publisher":{"@id":"https:\/\/kibrisdakik.com\/#organization"},"potentialAction":[{"@type":"SearchAction","target":{"@type":"EntryPoint","urlTemplate":"https:\/\/kibrisdakik.com\/?s={search_term_string}"},"query-input":{"@type":"PropertyValueSpecification","valueRequired":true,"valueName":"search_term_string"}}],"inLanguage":"tr"},{"@type":"Organization","@id":"https:\/\/kibrisdakik.com\/#organization","name":"K\u0131br\u0131s Dakik","url":"https:\/\/kibrisdakik.com\/","logo":{"@type":"ImageObject","inLanguage":"tr","@id":"https:\/\/kibrisdakik.com\/#\/schema\/logo\/image\/","url":"https:\/\/kibrisdakik.com\/wp-content\/uploads\/2025\/10\/cropped-WhatsApp-Image-2025-10-02-at-12.58.31.jpeg","contentUrl":"https:\/\/kibrisdakik.com\/wp-content\/uploads\/2025\/10\/cropped-WhatsApp-Image-2025-10-02-at-12.58.31.jpeg","width":1237,"height":190,"caption":"K\u0131br\u0131s Dakik"},"image":{"@id":"https:\/\/kibrisdakik.com\/#\/schema\/logo\/image\/"}},{"@type":"Person","@id":"https:\/\/kibrisdakik.com\/#\/schema\/person\/9cd9d437bbb44f72b73ba127e06d8e79","name":"admin","image":{"@type":"ImageObject","inLanguage":"tr","@id":"https:\/\/secure.gravatar.com\/avatar\/ccc17943b9d660506c869530f897617f7cb1c21a4bf30023f252596d83e1f007?s=96&d=mm&r=g","url":"https:\/\/secure.gravatar.com\/avatar\/ccc17943b9d660506c869530f897617f7cb1c21a4bf30023f252596d83e1f007?s=96&d=mm&r=g","contentUrl":"https:\/\/secure.gravatar.com\/avatar\/ccc17943b9d660506c869530f897617f7cb1c21a4bf30023f252596d83e1f007?s=96&d=mm&r=g","caption":"admin"},"sameAs":["https:\/\/kibrisdakik.com"],"url":"https:\/\/kibrisdakik.com\/?author=1"}]}},"_links":{"self":[{"href":"https:\/\/kibrisdakik.com\/index.php?rest_route=\/wp\/v2\/posts\/120130","targetHints":{"allow":["GET"]}}],"collection":[{"href":"https:\/\/kibrisdakik.com\/index.php?rest_route=\/wp\/v2\/posts"}],"about":[{"href":"https:\/\/kibrisdakik.com\/index.php?rest_route=\/wp\/v2\/types\/post"}],"author":[{"embeddable":true,"href":"https:\/\/kibrisdakik.com\/index.php?rest_route=\/wp\/v2\/users\/1"}],"replies":[{"embeddable":true,"href":"https:\/\/kibrisdakik.com\/index.php?rest_route=%2Fwp%2Fv2%2Fcomments&post=120130"}],"version-history":[{"count":0,"href":"https:\/\/kibrisdakik.com\/index.php?rest_route=\/wp\/v2\/posts\/120130\/revisions"}],"wp:featuredmedia":[{"embeddable":true,"href":"https:\/\/kibrisdakik.com\/index.php?rest_route=\/wp\/v2\/media\/120131"}],"wp:attachment":[{"href":"https:\/\/kibrisdakik.com\/index.php?rest_route=%2Fwp%2Fv2%2Fmedia&parent=120130"}],"wp:term":[{"taxonomy":"category","embeddable":true,"href":"https:\/\/kibrisdakik.com\/index.php?rest_route=%2Fwp%2Fv2%2Fcategories&post=120130"},{"taxonomy":"post_tag","embeddable":true,"href":"https:\/\/kibrisdakik.com\/index.php?rest_route=%2Fwp%2Fv2%2Ftags&post=120130"}],"curies":[{"name":"wp","href":"https:\/\/api.w.org\/{rel}","templated":true}]}}