{"id":120156,"date":"2026-09-05T13:57:22","date_gmt":"2026-09-05T10:57:22","guid":{"rendered":"https:\/\/kibrisdakik.com\/?p=120156"},"modified":"2026-09-05T13:57:22","modified_gmt":"2026-09-05T10:57:22","slug":"akpinar-554-metre-derinlikte-dahi-bir-insanimizdan-vazgecmeyenlere-tesekkur-ediyoruz","status":"publish","type":"post","link":"https:\/\/kibrisdakik.com\/?p=120156","title":{"rendered":"AKPINAR: 554 METRE DER\u0130NL\u0130KTE DAH\u0130 B\u0130R \u0130NSANIMIZDAN VAZGE\u00c7MEYENLERE TE\u015eEKK\u00dcR ED\u0130YORUZ"},"content":{"rendered":"<p class=\"isSelectedEnd\">Demokrat Parti Genel Sekreteri ve Girne Milletvekili Serhat Akp\u0131nar, 30 A\u011fustos 2026 tarihinde Girne a\u00e7\u0131klar\u0131nda meydana gelen F\u0130LO JET facias\u0131n\u0131n ard\u0131ndan arama-kurtarma \u00e7al\u0131\u015fmalar\u0131na kat\u0131lan T\u00fcrkiye Cumhuriyeti, KKTC ve sivil unsurlara te\u015fekk\u00fcr etti.<\/p>\n<p class=\"isSelectedEnd\">\u201cAc\u0131m\u0131z Ortak, Minnetimiz B\u00fcy\u00fckt\u00fcr\u201d ba\u015fl\u0131\u011f\u0131yla yay\u0131mlad\u0131\u011f\u0131 mesaj\u0131nda Akp\u0131nar, 554 metre derinlikte dahi bir insan\u0131m\u0131zdan vazge\u00e7meyenlere te\u015fekk\u00fcr ederek, facian\u0131n K\u0131br\u0131s T\u00fcrk halk\u0131n\u0131 derin bir ac\u0131ya bo\u011fdu\u011funu belirtti.<\/p>\n<p class=\"isSelectedEnd\">Akp\u0131nar, kaybedilen canlar, kay\u0131p insanlara ula\u015fma \u00e7abas\u0131, yaral\u0131lar ve b\u00fcy\u00fck travmay\u0131 ya\u015fayan vatanda\u015flar\u0131n ya\u015fad\u0131klar\u0131n\u0131n toplumun ortak meselesi oldu\u011funu ifade ederek, b\u00f6ylesi b\u00fcy\u00fck felaketlerin ya\u015fatt\u0131klar\u0131 ac\u0131n\u0131n yan\u0131 s\u0131ra en zor anda ortaya \u00e7\u0131kan dayan\u0131\u015fma, fedakarl\u0131k ve insan hayat\u0131n\u0131 her \u015feyin \u00fczerinde tutan iradeyle toplumlar\u0131n haf\u0131zas\u0131na kaz\u0131nd\u0131\u011f\u0131n\u0131 kaydetti.<\/p>\n<h2>T\u00dcRK\u0130YE&#8217;N\u0130N T\u00dcM \u0130MKANLARI SEFERBER ED\u0130LD\u0130<\/h2>\n<p class=\"isSelectedEnd\">Facian\u0131n meydana geldi\u011fi ilk dakikalardan itibaren T\u00fcrkiye Cumhuriyeti\u2019nin b\u00fct\u00fcn imkanlar\u0131yla K\u0131br\u0131s T\u00fcrk halk\u0131n\u0131n yan\u0131nda oldu\u011funu g\u00f6rd\u00fcklerini belirten Akp\u0131nar, ba\u015fta T\u00fcrkiye Cumhuriyeti Cumhurba\u015fkan\u0131 Recep Tayyip Erdo\u011fan olmak \u00fczere Cumhurba\u015fkan\u0131 Yard\u0131mc\u0131s\u0131 Cevdet Y\u0131lmaz\u2019\u0131n, T\u00fcrk Silahl\u0131 Kuvvetlerinin, T\u00fcrk Deniz Kuvvetleri Komutanl\u0131\u011f\u0131n\u0131n ve T\u00fcrkiye Cumhuriyeti\u2019nin ilgili t\u00fcm kurumlar\u0131n\u0131n s\u00fcratle harekete ge\u00e7ti\u011fini ifade etti.<\/p>\n<p class=\"isSelectedEnd\">Akp\u0131nar, arama-kurtarmadan sa\u011fl\u0131k hizmetlerine, teknik ve lojistik destekten kazazedeler ile ailelerinin ihtiya\u00e7lar\u0131na kadar geni\u015f bir alanda ortaya konulan dayan\u0131\u015fman\u0131n kendileri i\u00e7in son derece k\u0131ymetli oldu\u011funu belirtti.<\/p>\n<p class=\"isSelectedEnd\">T\u00fcrkiye Cumhuriyeti Lefko\u015fa B\u00fcy\u00fckel\u00e7ili\u011finin de ilk g\u00fcnden itibaren s\u00fcrecin i\u00e7erisinde bulundu\u011funu ifade eden Akp\u0131nar, KKTC makamlar\u0131yla sa\u011flanan koordinasyonun b\u00fcy\u00fck ac\u0131n\u0131n yaralar\u0131n\u0131n sar\u0131lmas\u0131nda \u00f6nemli bir g\u00fc\u00e7 olu\u015fturdu\u011funu kaydetti.<\/p>\n<h2>554 METRE DER\u0130NL\u0130KTE TEKNOLOJ\u0130K ARAMA<\/h2>\n<p class=\"isSelectedEnd\">Bug\u00fcn gelinen a\u015famada y\u00fcr\u00fct\u00fclen arama faaliyetlerinin ne derece g\u00fc\u00e7 ve y\u00fcksek teknoloji gerektiren bir operasyon oldu\u011funun toplum taraf\u0131ndan daha a\u00e7\u0131k bi\u00e7imde g\u00f6r\u00fcld\u00fc\u011f\u00fcn\u00fc belirten Akp\u0131nar, bat\u0131\u011f\u0131n 554 metre derinlikte tespit edilmesinin ard\u0131ndan \u00e7al\u0131\u015fmalar\u0131n insanl\u0131 dal\u0131\u015f imkanlar\u0131n\u0131n \u00e7ok \u00f6tesindeki bu derinlikte, T\u00fcrk Deniz Kuvvetlerinin ileri teknolojiye sahip denizalt\u0131 arama ve kurtarma imkanlar\u0131yla s\u00fcrd\u00fcr\u00fcld\u00fc\u011f\u00fcn\u00fc ifade etti.<\/p>\n<p class=\"isSelectedEnd\">Akp\u0131nar, TCG I\u015f\u0131n taraf\u0131ndan bat\u0131\u011f\u0131n yerinin tespit edilmesinin ard\u0131ndan TCG Alemdar Denizalt\u0131 Kurtarma Gemisi ve \u00fczerinde bulunan, binlerce metre derinlikte g\u00f6rev yapabilecek kapasiteye sahip uzaktan kumandal\u0131 sualt\u0131 ara\u00e7lar\u0131 ile ROV sistemlerinin operasyonun en kritik unsurlar\u0131ndan biri haline geldi\u011fini belirtti.<\/p>\n<p class=\"isSelectedEnd\">Bu sistemlerle y\u00fczlerce metre a\u015fa\u011f\u0131daki enkaz\u0131n g\u00f6r\u00fcnt\u00fclenebildi\u011fini, \u00e7evresinin incelenebildi\u011fini, giri\u015f noktalar\u0131n\u0131n de\u011ferlendirilebildi\u011fini ve sualt\u0131ndaki en k\u00fc\u00e7\u00fck ayr\u0131nt\u0131ya ula\u015fabilmek i\u00e7in son derece hassas \u00e7al\u0131\u015fmalar y\u00fcr\u00fct\u00fclebildi\u011fini ifade eden Akp\u0131nar, y\u00fczeydeki gemilerden y\u00fczlerce metre a\u015fa\u011f\u0131ya indirilen robotik sistemler, geli\u015fmi\u015f kameralar ve sens\u00f6rlerden sonar ve sualt\u0131 g\u00f6r\u00fcnt\u00fcleme teknolojilerine kadar \u00e7ok b\u00fcy\u00fck bir teknik kapasitenin kay\u0131p insanlara ula\u015fabilmek i\u00e7in gece g\u00fcnd\u00fcz seferber edildi\u011fini kaydetti.<\/p>\n<p class=\"isSelectedEnd\">Akp\u0131nar, s\u00fcrecin yaln\u0131zca teknolojik bir arama-kurtarma operasyonu olmad\u0131\u011f\u0131n\u0131 vurgulayarak, \u201c554 metre derinlikte dahi bir insan\u0131m\u0131zdan vazge\u00e7meme iradesidir\u201d dedi.<\/p>\n<p class=\"isSelectedEnd\">Ailelerin bekleyi\u015fi s\u00fcrd\u00fck\u00e7e denizin y\u00fczlerce metre alt\u0131nda s\u00fcrd\u00fcr\u00fclen \u00e7aban\u0131n kendileri i\u00e7in son derece de\u011ferli oldu\u011funu belirtti.<\/p>\n<h2>\u201c\u0130LK DAK\u0130KALARIN KAHRAMANLARIMIZI H\u0130\u00c7 UNUTMAYACA\u011eIZ\u201d<\/h2>\n<p class=\"isSelectedEnd\">Facian\u0131n ilk dakikalar\u0131nda denizde ya\u015fanan b\u00fcy\u00fck insanl\u0131k ve dayan\u0131\u015fma \u00f6rne\u011fine de dikkat \u00e7eken Akp\u0131nar, hen\u00fcz b\u00fcy\u00fck arama-kurtarma organizasyonu kurulurken, saniyelerin dahi insan hayat\u0131 anlam\u0131na geldi\u011fi ilk anlarda \u00e7evrede bulunan \u00f6zel tekne sahipleri, kaptanlar, denizciler ve m\u00fcrettebatlar\u0131n hi\u00e7bir \u00e7a\u011fr\u0131 beklemeden teknelerini kazazedelere \u00e7evirdi\u011fini ifade etti.<\/p>\n<p class=\"isSelectedEnd\">Akp\u0131nar, s\u00f6z konusu ki\u015filerin kendi g\u00fcvenliklerini ikinci plana atarak denizdeki insanlara ula\u015ft\u0131\u011f\u0131n\u0131, teknelerine alabildikleri kadar ki\u015fiyi ald\u0131\u011f\u0131n\u0131 ve \u00e7ok say\u0131da vatanda\u015f\u0131n hayatta kalmas\u0131na vesile oldu\u011funu belirtti.<\/p>\n<p class=\"isSelectedEnd\">Bas\u0131na yans\u0131yan anlat\u0131mlar\u0131yla F\u0131rat Gencer\u2019in \u00e7ok say\u0131da insan\u0131n kurtar\u0131lmas\u0131na sa\u011flad\u0131\u011f\u0131 ola\u011fan\u00fcst\u00fc katk\u0131y\u0131 ve Kaptan Mustafa Ko\u00e7 ile m\u00fcrettebat\u0131n\u0131n onlarca vatanda\u015f\u0131 teknelerine alarak g\u00fcvenli bi\u00e7imde limana ula\u015ft\u0131rmas\u0131n\u0131 \u201c\u00e7ok b\u00fcy\u00fck bir ba\u015far\u0131\u201d olarak nitelendiren Akp\u0131nar, isimleri bug\u00fcn bilinmeyen ki\u015filerin de unutulmamas\u0131 gerekti\u011fini vurgulad\u0131.<\/p>\n<p class=\"isSelectedEnd\">Akp\u0131nar, o g\u00fcn teknesinin y\u00f6n\u00fcn\u00fc felakete \u00e7eviren, denize bir can daha kurtarmak i\u00e7in a\u00e7\u0131lan, kazazedeleri teknesine alan, can yele\u011fi uzatan, yaral\u0131 ta\u015f\u0131yan ve elinden gelen ne varsa yapan b\u00fct\u00fcn sivil denizcilere, tekne sahiplerine ve m\u00fcrettebatlar\u0131na K\u0131br\u0131s T\u00fcrk halk\u0131 ad\u0131na y\u00fcrekten te\u015fekk\u00fcr etti.<\/p>\n<p class=\"isSelectedEnd\">\u201c\u00c7\u00fcnk\u00fc onlar\u0131n m\u00fcdahalesinde dakikalar de\u011fil, kimi zaman saniyeler hayat kurtard\u0131. O g\u00fcn denizde insanlar\u0131m\u0131z\u0131, dayan\u0131\u015fman\u0131n, cesaretin ve insanl\u0131\u011f\u0131n onurunu da kurtard\u0131n\u0131z\u201d ifadelerini kulland\u0131.<\/p>\n<h2>DEVLET\u0130N VE T\u00dcRK\u0130YE&#8217;N\u0130N KAHRAMANLARINA TE\u015eEKK\u00dcR<\/h2>\n<p class=\"isSelectedEnd\">Akp\u0131nar, facian\u0131n ilk an\u0131ndan itibaren geli\u015fmeleri yak\u0131ndan takip eden ve T\u00fcrkiye Cumhuriyeti\u2019nin imkanlar\u0131n\u0131n seferber edilmesini sa\u011flayan Cumhurba\u015fkan\u0131 Recep Tayyip Erdo\u011fan\u2019a, adaya gelerek ac\u0131y\u0131 payla\u015fan ve T\u00fcrkiye Cumhuriyeti\u2019nin dayan\u0131\u015fmas\u0131n\u0131 en \u00fcst d\u00fczeyde ortaya koyan Cumhurba\u015fkan\u0131 Yard\u0131mc\u0131s\u0131 Cevdet Y\u0131lmaz\u2019a te\u015fekk\u00fcr etti.<\/p>\n<p class=\"isSelectedEnd\">T\u00fcrk Silahl\u0131 Kuvvetleri, T\u00fcrk Deniz Kuvvetleri Komutanl\u0131\u011f\u0131, K\u0131br\u0131s T\u00fcrk Bar\u0131\u015f Kuvvetleri Komutanl\u0131\u011f\u0131, G\u00fcvenlik Kuvvetleri Komutanl\u0131\u011f\u0131, Sahil G\u00fcvenlik ve Sivil Savunma unsurlar\u0131na da te\u015fekk\u00fcr eden Akp\u0131nar, TCG I\u015f\u0131n ve TCG Alemdar ba\u015fta olmak \u00fczere denizde, havada ve suyun y\u00fczlerce metre alt\u0131nda g\u00f6rev yapan b\u00fct\u00fcn gemilerin komutanlar\u0131na, subaylar\u0131na, astsubaylar\u0131na, uzman personeline ve arama-kurtarma ekiplerine minnetlerini ifade etti.<\/p>\n<p class=\"isSelectedEnd\">Akp\u0131nar ayr\u0131ca T\u00fcrkiye Cumhuriyeti Lefko\u015fa B\u00fcy\u00fckel\u00e7ili\u011fine, yaral\u0131lar\u0131n tedavisi i\u00e7in gece g\u00fcnd\u00fcz \u00e7al\u0131\u015fan doktorlara, hem\u015firelere ve t\u00fcm sa\u011fl\u0131k \u00e7al\u0131\u015fanlar\u0131na, kazazedeler ve yak\u0131nlar\u0131n\u0131n ya\u015fad\u0131\u011f\u0131 a\u011f\u0131r travman\u0131n hafifletilmesi i\u00e7in g\u00f6rev yapan psikolojik destek ekiplerine ve ilk dakikalardan itibaren hi\u00e7bir kar\u015f\u0131l\u0131k beklemeden yard\u0131ma ko\u015fan b\u00fct\u00fcn sivil kaptanlara, tekne sahiplerine, denizcilere ve g\u00f6n\u00fcll\u00fclere ayr\u0131 ayr\u0131 te\u015fekk\u00fcr etti.<\/p>\n<p class=\"isSelectedEnd\">Bu te\u015fekk\u00fcr\u00fc, kaybedilen insanlar\u0131n hat\u0131ras\u0131, kay\u0131p yak\u0131nlar\u0131n\u0131n umutla bekleyen aileleri, yaral\u0131lar, karanl\u0131k denizden sa\u011f olarak \u00e7\u0131kar\u0131lan vatanda\u015flar ve K\u0131br\u0131s T\u00fcrk halk\u0131 ad\u0131na ifade etti\u011fini belirtti.<\/p>\n<h2>\u201cUMUDUMUZU KORUYORUZ\u201d<\/h2>\n<p class=\"isSelectedEnd\">Akp\u0131nar, bug\u00fcn hala denizde g\u00f6rev yapan insanlar\u0131n bulundu\u011funu, 554 metre a\u015fa\u011f\u0131ya g\u00f6nderilen bir robotun kameras\u0131ndan gelecek g\u00f6r\u00fcnt\u00fcy\u00fc umutla bekleyen ailelerin oldu\u011funu ve \u201cbir insan\u0131m\u0131za daha ula\u015fabiliriz\u201d diyerek g\u00f6revini s\u00fcrd\u00fcren kahramanlar\u0131n bulundu\u011funu belirtti.<\/p>\n<p class=\"isSelectedEnd\">\u201cOnlara borcumuz sade bir te\u015fekk\u00fcrle kalamaz\u201d diyen Akp\u0131nar, facian\u0131n b\u00fct\u00fcn y\u00f6nleriyle ayd\u0131nlat\u0131lmas\u0131, sorumluluklar\u0131n eksiksiz bi\u00e7imde ortaya \u00e7\u0131kar\u0131lmas\u0131 ve b\u00f6ylesi bir ac\u0131n\u0131n bir daha ya\u015fanmamas\u0131 i\u00e7in gereken b\u00fct\u00fcn derslerin \u00e7\u0131kar\u0131lmas\u0131n\u0131n kaybedilen insanlara kar\u015f\u0131 sorumluluk oldu\u011funu vurgulad\u0131.<\/p>\n<p class=\"isSelectedEnd\">Arama-kurtarma \u00e7al\u0131\u015fmalar\u0131n\u0131n devam etti\u011fini belirten Akp\u0131nar, umudun korunmas\u0131 gerekti\u011fini ifade ederek mesaj\u0131n\u0131 \u015fu s\u00f6zlerle tamamlad\u0131:<\/p>\n<p class=\"isSelectedEnd\">\u201cDenizin 554 metre alt\u0131nda dahi insan\u0131m\u0131z\u0131 yaln\u0131z b\u0131rakmayan herkese K\u0131br\u0131s T\u00fcrk halk\u0131n\u0131n duas\u0131 ve minneti e\u015flik etmektedir.<\/p>\n<p class=\"isSelectedEnd\">Ac\u0131m\u0131z ortakt\u0131r.<br \/>\nDayan\u0131\u015fmam\u0131z g\u00fcc\u00fcm\u00fczd\u00fcr.<br \/>\nKarde\u015fli\u011fimiz daimdir.<br \/>\nMinnetimiz b\u00fcy\u00fckt\u00fcr.\u201d<\/p>\n<p><strong>Serhat Akp\u0131nar<\/strong><br \/>\n<strong>Girne Milletvekili<\/strong><br \/>\n<strong>Demokrat Parti Genel Sekreteri<\/strong><\/p>\n","protected":false},"excerpt":{"rendered":"<p>Demokrat Parti Genel Sekreteri ve Girne Milletvekili Serhat Akp\u0131nar, 30 A\u011fustos 2026 tarihinde Girne a\u00e7\u0131klar\u0131nda meydana gelen F\u0130LO JET facias\u0131n\u0131n ard\u0131ndan arama-kurtarma \u00e7al\u0131\u015fmalar\u0131na kat\u0131lan T\u00fcrkiye Cumhuriyeti, KKTC ve sivil unsurlara te\u015fekk\u00fcr etti. \u201cAc\u0131m\u0131z Ortak, Minnetimiz B\u00fcy\u00fckt\u00fcr\u201d ba\u015fl\u0131\u011f\u0131yla yay\u0131mlad\u0131\u011f\u0131 mesaj\u0131nda Akp\u0131nar, 554 metre derinlikte dahi bir insan\u0131m\u0131zdan vazge\u00e7meyenlere te\u015fekk\u00fcr ederek, facian\u0131n K\u0131br\u0131s T\u00fcrk halk\u0131n\u0131 derin bir<\/p>\n","protected":false},"author":1,"featured_media":120157,"comment_status":"open","ping_status":"open","sticky":false,"template":"","format":"standard","meta":{"footnotes":""},"categories":[1,81],"tags":[],"class_list":["post-120156","post","type-post","status-publish","format-standard","has-post-thumbnail","hentry","category-gundem","category-kibris"],"yoast_head":"<!-- This site is optimized with the Yoast SEO plugin v28.4 - https:\/\/yoast.com\/product\/yoast-seo-wordpress\/ -->\n<title>AKPINAR: 554 METRE DER\u0130NL\u0130KTE DAH\u0130 B\u0130R \u0130NSANIMIZDAN VAZGE\u00c7MEYENLERE TE\u015eEKK\u00dcR ED\u0130YORUZ -<\/title>\n<meta name=\"robots\" content=\"index, follow, max-snippet:-1, max-image-preview:large, max-video-preview:-1\" \/>\n<link rel=\"canonical\" href=\"https:\/\/kibrisdakik.com\/?p=120156\" \/>\n<meta property=\"og:locale\" content=\"tr_TR\" \/>\n<meta property=\"og:type\" content=\"article\" \/>\n<meta property=\"og:title\" content=\"AKPINAR: 554 METRE DER\u0130NL\u0130KTE DAH\u0130 B\u0130R \u0130NSANIMIZDAN VAZGE\u00c7MEYENLERE TE\u015eEKK\u00dcR ED\u0130YORUZ -\" \/>\n<meta property=\"og:description\" content=\"Demokrat Parti Genel Sekreteri ve Girne Milletvekili Serhat Akp\u0131nar, 30 A\u011fustos 2026 tarihinde Girne a\u00e7\u0131klar\u0131nda meydana gelen F\u0130LO JET facias\u0131n\u0131n ard\u0131ndan arama-kurtarma \u00e7al\u0131\u015fmalar\u0131na kat\u0131lan T\u00fcrkiye Cumhuriyeti, KKTC ve sivil unsurlara te\u015fekk\u00fcr etti. \u201cAc\u0131m\u0131z Ortak, Minnetimiz B\u00fcy\u00fckt\u00fcr\u201d ba\u015fl\u0131\u011f\u0131yla yay\u0131mlad\u0131\u011f\u0131 mesaj\u0131nda Akp\u0131nar, 554 metre derinlikte dahi bir insan\u0131m\u0131zdan vazge\u00e7meyenlere te\u015fekk\u00fcr ederek, facian\u0131n K\u0131br\u0131s T\u00fcrk halk\u0131n\u0131 derin bir\" \/>\n<meta property=\"og:url\" content=\"https:\/\/kibrisdakik.com\/?p=120156\" \/>\n<meta property=\"article:published_time\" content=\"2026-09-05T10:57:22+00:00\" \/>\n<meta property=\"og:image\" content=\"https:\/\/kibrisdakik.com\/wp-content\/uploads\/2026\/09\/v2serhatakpnar_1724504787.jpg\" \/>\n\t<meta property=\"og:image:width\" content=\"971\" \/>\n\t<meta property=\"og:image:height\" content=\"551\" \/>\n\t<meta property=\"og:image:type\" content=\"image\/jpeg\" \/>\n<meta name=\"author\" content=\"admin\" \/>\n<meta name=\"twitter:card\" content=\"summary_large_image\" \/>\n<meta name=\"twitter:label1\" content=\"Yazan:\" \/>\n\t<meta name=\"twitter:data1\" content=\"admin\" \/>\n\t<meta name=\"twitter:label2\" content=\"Tahmini okuma s\u00fcresi\" \/>\n\t<meta name=\"twitter:data2\" content=\"6 dakika\" \/>\n<script type=\"application\/ld+json\" class=\"yoast-schema-graph\">{\"@context\":\"https:\\\/\\\/schema.org\",\"@graph\":[{\"@type\":\"Article\",\"@id\":\"https:\\\/\\\/kibrisdakik.com\\\/?p=120156#article\",\"isPartOf\":{\"@id\":\"https:\\\/\\\/kibrisdakik.com\\\/?p=120156\"},\"author\":{\"name\":\"admin\",\"@id\":\"https:\\\/\\\/kibrisdakik.com\\\/#\\\/schema\\\/person\\\/9cd9d437bbb44f72b73ba127e06d8e79\"},\"headline\":\"AKPINAR: 554 METRE DER\u0130NL\u0130KTE DAH\u0130 B\u0130R \u0130NSANIMIZDAN VAZGE\u00c7MEYENLERE TE\u015eEKK\u00dcR ED\u0130YORUZ\",\"datePublished\":\"2026-09-05T10:57:22+00:00\",\"mainEntityOfPage\":{\"@id\":\"https:\\\/\\\/kibrisdakik.com\\\/?p=120156\"},\"wordCount\":1409,\"commentCount\":0,\"publisher\":{\"@id\":\"https:\\\/\\\/kibrisdakik.com\\\/#organization\"},\"image\":{\"@id\":\"https:\\\/\\\/kibrisdakik.com\\\/?p=120156#primaryimage\"},\"thumbnailUrl\":\"https:\\\/\\\/kibrisdakik.com\\\/wp-content\\\/uploads\\\/2026\\\/09\\\/v2serhatakpnar_1724504787.jpg\",\"articleSection\":[\"G\u00fcndem\",\"K\u0131br\u0131s\"],\"inLanguage\":\"tr\",\"potentialAction\":[{\"@type\":\"CommentAction\",\"name\":\"Comment\",\"target\":[\"https:\\\/\\\/kibrisdakik.com\\\/?p=120156#respond\"]}]},{\"@type\":\"WebPage\",\"@id\":\"https:\\\/\\\/kibrisdakik.com\\\/?p=120156\",\"url\":\"https:\\\/\\\/kibrisdakik.com\\\/?p=120156\",\"name\":\"AKPINAR: 554 METRE DER\u0130NL\u0130KTE DAH\u0130 B\u0130R \u0130NSANIMIZDAN VAZGE\u00c7MEYENLERE TE\u015eEKK\u00dcR ED\u0130YORUZ -\",\"isPartOf\":{\"@id\":\"https:\\\/\\\/kibrisdakik.com\\\/#website\"},\"primaryImageOfPage\":{\"@id\":\"https:\\\/\\\/kibrisdakik.com\\\/?p=120156#primaryimage\"},\"image\":{\"@id\":\"https:\\\/\\\/kibrisdakik.com\\\/?p=120156#primaryimage\"},\"thumbnailUrl\":\"https:\\\/\\\/kibrisdakik.com\\\/wp-content\\\/uploads\\\/2026\\\/09\\\/v2serhatakpnar_1724504787.jpg\",\"datePublished\":\"2026-09-05T10:57:22+00:00\",\"breadcrumb\":{\"@id\":\"https:\\\/\\\/kibrisdakik.com\\\/?p=120156#breadcrumb\"},\"inLanguage\":\"tr\",\"potentialAction\":[{\"@type\":\"ReadAction\",\"target\":[\"https:\\\/\\\/kibrisdakik.com\\\/?p=120156\"]}]},{\"@type\":\"ImageObject\",\"inLanguage\":\"tr\",\"@id\":\"https:\\\/\\\/kibrisdakik.com\\\/?p=120156#primaryimage\",\"url\":\"https:\\\/\\\/kibrisdakik.com\\\/wp-content\\\/uploads\\\/2026\\\/09\\\/v2serhatakpnar_1724504787.jpg\",\"contentUrl\":\"https:\\\/\\\/kibrisdakik.com\\\/wp-content\\\/uploads\\\/2026\\\/09\\\/v2serhatakpnar_1724504787.jpg\",\"width\":971,\"height\":551},{\"@type\":\"BreadcrumbList\",\"@id\":\"https:\\\/\\\/kibrisdakik.com\\\/?p=120156#breadcrumb\",\"itemListElement\":[{\"@type\":\"ListItem\",\"position\":1,\"name\":\"Home\",\"item\":\"https:\\\/\\\/kibrisdakik.com\\\/\"},{\"@type\":\"ListItem\",\"position\":2,\"name\":\"AKPINAR: 554 METRE DER\u0130NL\u0130KTE DAH\u0130 B\u0130R \u0130NSANIMIZDAN VAZGE\u00c7MEYENLERE TE\u015eEKK\u00dcR ED\u0130YORUZ\"}]},{\"@type\":\"WebSite\",\"@id\":\"https:\\\/\\\/kibrisdakik.com\\\/#website\",\"url\":\"https:\\\/\\\/kibrisdakik.com\\\/\",\"name\":\"K\u0131br\u0131s Dakik\",\"description\":\"Tam vaktinde haber\",\"publisher\":{\"@id\":\"https:\\\/\\\/kibrisdakik.com\\\/#organization\"},\"potentialAction\":[{\"@type\":\"SearchAction\",\"target\":{\"@type\":\"EntryPoint\",\"urlTemplate\":\"https:\\\/\\\/kibrisdakik.com\\\/?s={search_term_string}\"},\"query-input\":{\"@type\":\"PropertyValueSpecification\",\"valueRequired\":true,\"valueName\":\"search_term_string\"}}],\"inLanguage\":\"tr\"},{\"@type\":\"Organization\",\"@id\":\"https:\\\/\\\/kibrisdakik.com\\\/#organization\",\"name\":\"K\u0131br\u0131s Dakik\",\"url\":\"https:\\\/\\\/kibrisdakik.com\\\/\",\"logo\":{\"@type\":\"ImageObject\",\"inLanguage\":\"tr\",\"@id\":\"https:\\\/\\\/kibrisdakik.com\\\/#\\\/schema\\\/logo\\\/image\\\/\",\"url\":\"https:\\\/\\\/kibrisdakik.com\\\/wp-content\\\/uploads\\\/2025\\\/10\\\/cropped-WhatsApp-Image-2025-10-02-at-12.58.31.jpeg\",\"contentUrl\":\"https:\\\/\\\/kibrisdakik.com\\\/wp-content\\\/uploads\\\/2025\\\/10\\\/cropped-WhatsApp-Image-2025-10-02-at-12.58.31.jpeg\",\"width\":1237,\"height\":190,\"caption\":\"K\u0131br\u0131s Dakik\"},\"image\":{\"@id\":\"https:\\\/\\\/kibrisdakik.com\\\/#\\\/schema\\\/logo\\\/image\\\/\"}},{\"@type\":\"Person\",\"@id\":\"https:\\\/\\\/kibrisdakik.com\\\/#\\\/schema\\\/person\\\/9cd9d437bbb44f72b73ba127e06d8e79\",\"name\":\"admin\",\"image\":{\"@type\":\"ImageObject\",\"inLanguage\":\"tr\",\"@id\":\"https:\\\/\\\/secure.gravatar.com\\\/avatar\\\/ccc17943b9d660506c869530f897617f7cb1c21a4bf30023f252596d83e1f007?s=96&d=mm&r=g\",\"url\":\"https:\\\/\\\/secure.gravatar.com\\\/avatar\\\/ccc17943b9d660506c869530f897617f7cb1c21a4bf30023f252596d83e1f007?s=96&d=mm&r=g\",\"contentUrl\":\"https:\\\/\\\/secure.gravatar.com\\\/avatar\\\/ccc17943b9d660506c869530f897617f7cb1c21a4bf30023f252596d83e1f007?s=96&d=mm&r=g\",\"caption\":\"admin\"},\"sameAs\":[\"https:\\\/\\\/kibrisdakik.com\"],\"url\":\"https:\\\/\\\/kibrisdakik.com\\\/?author=1\"}]}<\/script>\n<!-- \/ Yoast SEO plugin. -->","yoast_head_json":{"title":"AKPINAR: 554 METRE DER\u0130NL\u0130KTE DAH\u0130 B\u0130R \u0130NSANIMIZDAN VAZGE\u00c7MEYENLERE TE\u015eEKK\u00dcR ED\u0130YORUZ -","robots":{"index":"index","follow":"follow","max-snippet":"max-snippet:-1","max-image-preview":"max-image-preview:large","max-video-preview":"max-video-preview:-1"},"canonical":"https:\/\/kibrisdakik.com\/?p=120156","og_locale":"tr_TR","og_type":"article","og_title":"AKPINAR: 554 METRE DER\u0130NL\u0130KTE DAH\u0130 B\u0130R \u0130NSANIMIZDAN VAZGE\u00c7MEYENLERE TE\u015eEKK\u00dcR ED\u0130YORUZ -","og_description":"Demokrat Parti Genel Sekreteri ve Girne Milletvekili Serhat Akp\u0131nar, 30 A\u011fustos 2026 tarihinde Girne a\u00e7\u0131klar\u0131nda meydana gelen F\u0130LO JET facias\u0131n\u0131n ard\u0131ndan arama-kurtarma \u00e7al\u0131\u015fmalar\u0131na kat\u0131lan T\u00fcrkiye Cumhuriyeti, KKTC ve sivil unsurlara te\u015fekk\u00fcr etti. \u201cAc\u0131m\u0131z Ortak, Minnetimiz B\u00fcy\u00fckt\u00fcr\u201d ba\u015fl\u0131\u011f\u0131yla yay\u0131mlad\u0131\u011f\u0131 mesaj\u0131nda Akp\u0131nar, 554 metre derinlikte dahi bir insan\u0131m\u0131zdan vazge\u00e7meyenlere te\u015fekk\u00fcr ederek, facian\u0131n K\u0131br\u0131s T\u00fcrk halk\u0131n\u0131 derin bir","og_url":"https:\/\/kibrisdakik.com\/?p=120156","article_published_time":"2026-09-05T10:57:22+00:00","og_image":[{"width":971,"height":551,"url":"https:\/\/kibrisdakik.com\/wp-content\/uploads\/2026\/09\/v2serhatakpnar_1724504787.jpg","type":"image\/jpeg"}],"author":"admin","twitter_card":"summary_large_image","twitter_misc":{"Yazan:":"admin","Tahmini okuma s\u00fcresi":"6 dakika"},"schema":{"@context":"https:\/\/schema.org","@graph":[{"@type":"Article","@id":"https:\/\/kibrisdakik.com\/?p=120156#article","isPartOf":{"@id":"https:\/\/kibrisdakik.com\/?p=120156"},"author":{"name":"admin","@id":"https:\/\/kibrisdakik.com\/#\/schema\/person\/9cd9d437bbb44f72b73ba127e06d8e79"},"headline":"AKPINAR: 554 METRE DER\u0130NL\u0130KTE DAH\u0130 B\u0130R \u0130NSANIMIZDAN VAZGE\u00c7MEYENLERE TE\u015eEKK\u00dcR ED\u0130YORUZ","datePublished":"2026-09-05T10:57:22+00:00","mainEntityOfPage":{"@id":"https:\/\/kibrisdakik.com\/?p=120156"},"wordCount":1409,"commentCount":0,"publisher":{"@id":"https:\/\/kibrisdakik.com\/#organization"},"image":{"@id":"https:\/\/kibrisdakik.com\/?p=120156#primaryimage"},"thumbnailUrl":"https:\/\/kibrisdakik.com\/wp-content\/uploads\/2026\/09\/v2serhatakpnar_1724504787.jpg","articleSection":["G\u00fcndem","K\u0131br\u0131s"],"inLanguage":"tr","potentialAction":[{"@type":"CommentAction","name":"Comment","target":["https:\/\/kibrisdakik.com\/?p=120156#respond"]}]},{"@type":"WebPage","@id":"https:\/\/kibrisdakik.com\/?p=120156","url":"https:\/\/kibrisdakik.com\/?p=120156","name":"AKPINAR: 554 METRE DER\u0130NL\u0130KTE DAH\u0130 B\u0130R \u0130NSANIMIZDAN VAZGE\u00c7MEYENLERE TE\u015eEKK\u00dcR ED\u0130YORUZ -","isPartOf":{"@id":"https:\/\/kibrisdakik.com\/#website"},"primaryImageOfPage":{"@id":"https:\/\/kibrisdakik.com\/?p=120156#primaryimage"},"image":{"@id":"https:\/\/kibrisdakik.com\/?p=120156#primaryimage"},"thumbnailUrl":"https:\/\/kibrisdakik.com\/wp-content\/uploads\/2026\/09\/v2serhatakpnar_1724504787.jpg","datePublished":"2026-09-05T10:57:22+00:00","breadcrumb":{"@id":"https:\/\/kibrisdakik.com\/?p=120156#breadcrumb"},"inLanguage":"tr","potentialAction":[{"@type":"ReadAction","target":["https:\/\/kibrisdakik.com\/?p=120156"]}]},{"@type":"ImageObject","inLanguage":"tr","@id":"https:\/\/kibrisdakik.com\/?p=120156#primaryimage","url":"https:\/\/kibrisdakik.com\/wp-content\/uploads\/2026\/09\/v2serhatakpnar_1724504787.jpg","contentUrl":"https:\/\/kibrisdakik.com\/wp-content\/uploads\/2026\/09\/v2serhatakpnar_1724504787.jpg","width":971,"height":551},{"@type":"BreadcrumbList","@id":"https:\/\/kibrisdakik.com\/?p=120156#breadcrumb","itemListElement":[{"@type":"ListItem","position":1,"name":"Home","item":"https:\/\/kibrisdakik.com\/"},{"@type":"ListItem","position":2,"name":"AKPINAR: 554 METRE DER\u0130NL\u0130KTE DAH\u0130 B\u0130R \u0130NSANIMIZDAN VAZGE\u00c7MEYENLERE TE\u015eEKK\u00dcR ED\u0130YORUZ"}]},{"@type":"WebSite","@id":"https:\/\/kibrisdakik.com\/#website","url":"https:\/\/kibrisdakik.com\/","name":"K\u0131br\u0131s Dakik","description":"Tam vaktinde haber","publisher":{"@id":"https:\/\/kibrisdakik.com\/#organization"},"potentialAction":[{"@type":"SearchAction","target":{"@type":"EntryPoint","urlTemplate":"https:\/\/kibrisdakik.com\/?s={search_term_string}"},"query-input":{"@type":"PropertyValueSpecification","valueRequired":true,"valueName":"search_term_string"}}],"inLanguage":"tr"},{"@type":"Organization","@id":"https:\/\/kibrisdakik.com\/#organization","name":"K\u0131br\u0131s Dakik","url":"https:\/\/kibrisdakik.com\/","logo":{"@type":"ImageObject","inLanguage":"tr","@id":"https:\/\/kibrisdakik.com\/#\/schema\/logo\/image\/","url":"https:\/\/kibrisdakik.com\/wp-content\/uploads\/2025\/10\/cropped-WhatsApp-Image-2025-10-02-at-12.58.31.jpeg","contentUrl":"https:\/\/kibrisdakik.com\/wp-content\/uploads\/2025\/10\/cropped-WhatsApp-Image-2025-10-02-at-12.58.31.jpeg","width":1237,"height":190,"caption":"K\u0131br\u0131s Dakik"},"image":{"@id":"https:\/\/kibrisdakik.com\/#\/schema\/logo\/image\/"}},{"@type":"Person","@id":"https:\/\/kibrisdakik.com\/#\/schema\/person\/9cd9d437bbb44f72b73ba127e06d8e79","name":"admin","image":{"@type":"ImageObject","inLanguage":"tr","@id":"https:\/\/secure.gravatar.com\/avatar\/ccc17943b9d660506c869530f897617f7cb1c21a4bf30023f252596d83e1f007?s=96&d=mm&r=g","url":"https:\/\/secure.gravatar.com\/avatar\/ccc17943b9d660506c869530f897617f7cb1c21a4bf30023f252596d83e1f007?s=96&d=mm&r=g","contentUrl":"https:\/\/secure.gravatar.com\/avatar\/ccc17943b9d660506c869530f897617f7cb1c21a4bf30023f252596d83e1f007?s=96&d=mm&r=g","caption":"admin"},"sameAs":["https:\/\/kibrisdakik.com"],"url":"https:\/\/kibrisdakik.com\/?author=1"}]}},"_links":{"self":[{"href":"https:\/\/kibrisdakik.com\/index.php?rest_route=\/wp\/v2\/posts\/120156","targetHints":{"allow":["GET"]}}],"collection":[{"href":"https:\/\/kibrisdakik.com\/index.php?rest_route=\/wp\/v2\/posts"}],"about":[{"href":"https:\/\/kibrisdakik.com\/index.php?rest_route=\/wp\/v2\/types\/post"}],"author":[{"embeddable":true,"href":"https:\/\/kibrisdakik.com\/index.php?rest_route=\/wp\/v2\/users\/1"}],"replies":[{"embeddable":true,"href":"https:\/\/kibrisdakik.com\/index.php?rest_route=%2Fwp%2Fv2%2Fcomments&post=120156"}],"version-history":[{"count":1,"href":"https:\/\/kibrisdakik.com\/index.php?rest_route=\/wp\/v2\/posts\/120156\/revisions"}],"predecessor-version":[{"id":120158,"href":"https:\/\/kibrisdakik.com\/index.php?rest_route=\/wp\/v2\/posts\/120156\/revisions\/120158"}],"wp:featuredmedia":[{"embeddable":true,"href":"https:\/\/kibrisdakik.com\/index.php?rest_route=\/wp\/v2\/media\/120157"}],"wp:attachment":[{"href":"https:\/\/kibrisdakik.com\/index.php?rest_route=%2Fwp%2Fv2%2Fmedia&parent=120156"}],"wp:term":[{"taxonomy":"category","embeddable":true,"href":"https:\/\/kibrisdakik.com\/index.php?rest_route=%2Fwp%2Fv2%2Fcategories&post=120156"},{"taxonomy":"post_tag","embeddable":true,"href":"https:\/\/kibrisdakik.com\/index.php?rest_route=%2Fwp%2Fv2%2Ftags&post=120156"}],"curies":[{"name":"wp","href":"https:\/\/api.w.org\/{rel}","templated":true}]}}