{"id":120174,"date":"2026-09-05T17:45:00","date_gmt":"2026-09-05T14:45:00","guid":{"rendered":"https:\/\/kibrisdakik.com\/?p=120174"},"modified":"2026-09-05T17:45:00","modified_gmt":"2026-09-05T14:45:00","slug":"gemi-faciasinda-kayip-yakinlarindan-dna-ornegi-aliniyor","status":"publish","type":"post","link":"https:\/\/kibrisdakik.com\/?p=120174","title":{"rendered":"GEM\u0130 FAC\u0130ASINDA KAYIP YAKINLARINDAN DNA \u00d6RNE\u011e\u0130 ALINIYOR"},"content":{"rendered":"<p><\/p>\n<p>Ba\u015fbakan \u00dcnal \u00dcstel, Girne a\u00e7\u0131klar\u0131nda meydana gelen deniz kazas\u0131nda kay\u0131p ki\u015filere ula\u015f\u0131lmas\u0131 halinde kimliklerinin kesin olarak belirlenmesi amac\u0131yla DNA incelemelerinden de yararlan\u0131laca\u011f\u0131n\u0131 a\u00e7\u0131klad\u0131. Kay\u0131p yak\u0131nlar\u0131ndan DNA \u00f6rneklerinin al\u0131nmas\u0131na bug\u00fcn ba\u015fland\u0131\u011f\u0131 bildirildi.<\/p>\n<p>Girne a\u00e7\u0131klar\u0131nda meydana gelen deniz kazas\u0131n\u0131n ard\u0131ndan kay\u0131p ki\u015filere ula\u015f\u0131lmas\u0131 amac\u0131yla deniz alt\u0131nda y\u00fcr\u00fct\u00fclen arama-kurtarma \u00e7al\u0131\u015fmalar\u0131 s\u00fcrerken, kimlik tespitine y\u00f6nelik \u00f6nemli bir ad\u0131m at\u0131ld\u0131.<\/p>\n<p>Ba\u015fbakan \u00dcnal \u00dcstel, ula\u015f\u0131lacak naa\u015flar\u0131n kimliklerinin herhangi bir \u015f\u00fcpheye yer b\u0131rakmayacak \u015fekilde belirlenmesi amac\u0131yla g\u00f6rsel te\u015fhis ve di\u011fer y\u00f6ntemlerin yan\u0131 s\u0131ra DNA incelemelerinin de kullan\u0131laca\u011f\u0131n\u0131 a\u00e7\u0131klad\u0131.<\/p>\n<p>\u00dcstel, Sa\u011fl\u0131k Bakanl\u0131\u011f\u0131 taraf\u0131ndan kay\u0131p yak\u0131nlar\u0131ndan DNA \u00f6rneklerinin al\u0131nmas\u0131na bug\u00fcn ba\u015fland\u0131\u011f\u0131n\u0131 belirtti.<\/p>\n<p>Al\u0131nan \u00f6rneklerin, arama \u00e7al\u0131\u015fmalar\u0131 s\u0131ras\u0131nda ula\u015f\u0131lacak naa\u015flar\u0131n kimlik tespitinde kullan\u0131laca\u011f\u0131 ifade edildi.<\/p>\n<div id=\"ad_121\" data-channel=\"121\" data-advert=\"temedya\" data-rotation=\"120\" class=\"mb-3 text-center\"><\/div>\n<div id=\"ad_121_mobile\" data-channel=\"121\" data-advert=\"temedya\" data-rotation=\"120\" class=\"mb-3 text-center\"><\/div>\n<p>Ba\u015fbakan \u00dcstel, ama\u00e7lar\u0131n\u0131n her bir ki\u015finin kimli\u011fini bilimsel ve kesin verilerle belirleyerek ailelere do\u011fru bilgi vermek oldu\u011funu vurgulad\u0131.<\/p>\n<p>Kay\u0131p yak\u0131nlar\u0131n\u0131n ya\u015fad\u0131klar\u0131 b\u00fcy\u00fck ac\u0131ya ra\u011fmen devlet kurumlar\u0131yla i\u015f birli\u011fi i\u00e7erisinde hareket etti\u011fini belirten \u00dcstel, ailelere te\u015fekk\u00fcr etti.<\/p>\n<p>\u00dcstel, \u201cDevletimiz, kay\u0131p insanlar\u0131m\u0131za ula\u015fmak ve kimlik tespitlerini en sa\u011fl\u0131kl\u0131 \u015fekilde ger\u00e7ekle\u015ftirmek i\u00e7in t\u00fcm imkanlar\u0131yla \u00e7al\u0131\u015fmalar\u0131n\u0131 s\u00fcrd\u00fcrecektir\u201d dedi.<\/p>\n<p>Deniz alt\u0131nda y\u00fcr\u00fct\u00fclen arama-kurtarma \u00e7al\u0131\u015fmalar\u0131n\u0131n ise kay\u0131p ki\u015filere ula\u015fmak amac\u0131yla aral\u0131ks\u0131z devam etti\u011fi bildirildi.\n <\/p>\n<\/p>\n<div class=\"article-source py-3 small \">\n                <\/div>\n","protected":false},"excerpt":{"rendered":"<p>Ba\u015fbakan \u00dcnal \u00dcstel, Girne a\u00e7\u0131klar\u0131nda meydana gelen deniz kazas\u0131nda kay\u0131p ki\u015filere ula\u015f\u0131lmas\u0131 halinde kimliklerinin kesin olarak belirlenmesi amac\u0131yla DNA incelemelerinden de yararlan\u0131laca\u011f\u0131n\u0131 a\u00e7\u0131klad\u0131. Kay\u0131p yak\u0131nlar\u0131ndan DNA \u00f6rneklerinin al\u0131nmas\u0131na bug\u00fcn ba\u015fland\u0131\u011f\u0131 bildirildi. Girne a\u00e7\u0131klar\u0131nda meydana gelen deniz kazas\u0131n\u0131n ard\u0131ndan kay\u0131p ki\u015filere ula\u015f\u0131lmas\u0131 amac\u0131yla deniz alt\u0131nda y\u00fcr\u00fct\u00fclen arama-kurtarma \u00e7al\u0131\u015fmalar\u0131 s\u00fcrerken, kimlik tespitine y\u00f6nelik \u00f6nemli bir ad\u0131m at\u0131ld\u0131.<\/p>\n","protected":false},"author":1,"featured_media":120175,"comment_status":"open","ping_status":"open","sticky":false,"template":"","format":"standard","meta":{"footnotes":""},"categories":[81],"tags":[],"class_list":["post-120174","post","type-post","status-publish","format-standard","has-post-thumbnail","hentry","category-kibris"],"yoast_head":"<!-- This site is optimized with the Yoast SEO plugin v28.4 - https:\/\/yoast.com\/product\/yoast-seo-wordpress\/ -->\n<title>GEM\u0130 FAC\u0130ASINDA KAYIP YAKINLARINDAN DNA \u00d6RNE\u011e\u0130 ALINIYOR -<\/title>\n<meta name=\"robots\" content=\"index, follow, max-snippet:-1, max-image-preview:large, max-video-preview:-1\" \/>\n<link rel=\"canonical\" href=\"https:\/\/kibrisdakik.com\/?p=120174\" \/>\n<meta property=\"og:locale\" content=\"tr_TR\" \/>\n<meta property=\"og:type\" content=\"article\" \/>\n<meta property=\"og:title\" content=\"GEM\u0130 FAC\u0130ASINDA KAYIP YAKINLARINDAN DNA \u00d6RNE\u011e\u0130 ALINIYOR -\" \/>\n<meta property=\"og:description\" content=\"Ba\u015fbakan \u00dcnal \u00dcstel, Girne a\u00e7\u0131klar\u0131nda meydana gelen deniz kazas\u0131nda kay\u0131p ki\u015filere ula\u015f\u0131lmas\u0131 halinde kimliklerinin kesin olarak belirlenmesi amac\u0131yla DNA incelemelerinden de yararlan\u0131laca\u011f\u0131n\u0131 a\u00e7\u0131klad\u0131. Kay\u0131p yak\u0131nlar\u0131ndan DNA \u00f6rneklerinin al\u0131nmas\u0131na bug\u00fcn ba\u015fland\u0131\u011f\u0131 bildirildi. Girne a\u00e7\u0131klar\u0131nda meydana gelen deniz kazas\u0131n\u0131n ard\u0131ndan kay\u0131p ki\u015filere ula\u015f\u0131lmas\u0131 amac\u0131yla deniz alt\u0131nda y\u00fcr\u00fct\u00fclen arama-kurtarma \u00e7al\u0131\u015fmalar\u0131 s\u00fcrerken, kimlik tespitine y\u00f6nelik \u00f6nemli bir ad\u0131m at\u0131ld\u0131.\" \/>\n<meta property=\"og:url\" content=\"https:\/\/kibrisdakik.com\/?p=120174\" \/>\n<meta property=\"article:published_time\" content=\"2026-09-05T14:45:00+00:00\" \/>\n<meta property=\"og:image\" content=\"https:\/\/mhahabercom.teimg.com\/crop\/1280x720\/mhahaber-com\/uploads\/2026\/09\/mha-sari-beyaz-7774.png\" \/>\n<meta name=\"author\" content=\"admin\" \/>\n<meta name=\"twitter:card\" content=\"summary_large_image\" \/>\n<meta name=\"twitter:label1\" content=\"Yazan:\" \/>\n\t<meta name=\"twitter:data1\" content=\"admin\" \/>\n\t<meta name=\"twitter:label2\" content=\"Tahmini okuma s\u00fcresi\" \/>\n\t<meta name=\"twitter:data2\" content=\"1 dakika\" \/>\n<script type=\"application\/ld+json\" class=\"yoast-schema-graph\">{\"@context\":\"https:\\\/\\\/schema.org\",\"@graph\":[{\"@type\":\"Article\",\"@id\":\"https:\\\/\\\/kibrisdakik.com\\\/?p=120174#article\",\"isPartOf\":{\"@id\":\"https:\\\/\\\/kibrisdakik.com\\\/?p=120174\"},\"author\":{\"name\":\"admin\",\"@id\":\"https:\\\/\\\/kibrisdakik.com\\\/#\\\/schema\\\/person\\\/9cd9d437bbb44f72b73ba127e06d8e79\"},\"headline\":\"GEM\u0130 FAC\u0130ASINDA KAYIP YAKINLARINDAN DNA \u00d6RNE\u011e\u0130 ALINIYOR\",\"datePublished\":\"2026-09-05T14:45:00+00:00\",\"mainEntityOfPage\":{\"@id\":\"https:\\\/\\\/kibrisdakik.com\\\/?p=120174\"},\"wordCount\":303,\"commentCount\":0,\"publisher\":{\"@id\":\"https:\\\/\\\/kibrisdakik.com\\\/#organization\"},\"image\":{\"@id\":\"https:\\\/\\\/kibrisdakik.com\\\/?p=120174#primaryimage\"},\"thumbnailUrl\":\"https:\\\/\\\/kibrisdakik.com\\\/wp-content\\\/uploads\\\/2026\\\/09\\\/mha-sari-beyaz-7774.png\",\"articleSection\":[\"K\u0131br\u0131s\"],\"inLanguage\":\"tr\",\"potentialAction\":[{\"@type\":\"CommentAction\",\"name\":\"Comment\",\"target\":[\"https:\\\/\\\/kibrisdakik.com\\\/?p=120174#respond\"]}]},{\"@type\":\"WebPage\",\"@id\":\"https:\\\/\\\/kibrisdakik.com\\\/?p=120174\",\"url\":\"https:\\\/\\\/kibrisdakik.com\\\/?p=120174\",\"name\":\"GEM\u0130 FAC\u0130ASINDA KAYIP YAKINLARINDAN DNA \u00d6RNE\u011e\u0130 ALINIYOR -\",\"isPartOf\":{\"@id\":\"https:\\\/\\\/kibrisdakik.com\\\/#website\"},\"primaryImageOfPage\":{\"@id\":\"https:\\\/\\\/kibrisdakik.com\\\/?p=120174#primaryimage\"},\"image\":{\"@id\":\"https:\\\/\\\/kibrisdakik.com\\\/?p=120174#primaryimage\"},\"thumbnailUrl\":\"https:\\\/\\\/kibrisdakik.com\\\/wp-content\\\/uploads\\\/2026\\\/09\\\/mha-sari-beyaz-7774.png\",\"datePublished\":\"2026-09-05T14:45:00+00:00\",\"breadcrumb\":{\"@id\":\"https:\\\/\\\/kibrisdakik.com\\\/?p=120174#breadcrumb\"},\"inLanguage\":\"tr\",\"potentialAction\":[{\"@type\":\"ReadAction\",\"target\":[\"https:\\\/\\\/kibrisdakik.com\\\/?p=120174\"]}]},{\"@type\":\"ImageObject\",\"inLanguage\":\"tr\",\"@id\":\"https:\\\/\\\/kibrisdakik.com\\\/?p=120174#primaryimage\",\"url\":\"https:\\\/\\\/kibrisdakik.com\\\/wp-content\\\/uploads\\\/2026\\\/09\\\/mha-sari-beyaz-7774.png\",\"contentUrl\":\"https:\\\/\\\/kibrisdakik.com\\\/wp-content\\\/uploads\\\/2026\\\/09\\\/mha-sari-beyaz-7774.png\",\"width\":1280,\"height\":720},{\"@type\":\"BreadcrumbList\",\"@id\":\"https:\\\/\\\/kibrisdakik.com\\\/?p=120174#breadcrumb\",\"itemListElement\":[{\"@type\":\"ListItem\",\"position\":1,\"name\":\"Home\",\"item\":\"https:\\\/\\\/kibrisdakik.com\\\/\"},{\"@type\":\"ListItem\",\"position\":2,\"name\":\"GEM\u0130 FAC\u0130ASINDA KAYIP YAKINLARINDAN DNA \u00d6RNE\u011e\u0130 ALINIYOR\"}]},{\"@type\":\"WebSite\",\"@id\":\"https:\\\/\\\/kibrisdakik.com\\\/#website\",\"url\":\"https:\\\/\\\/kibrisdakik.com\\\/\",\"name\":\"K\u0131br\u0131s Dakik\",\"description\":\"Tam vaktinde haber\",\"publisher\":{\"@id\":\"https:\\\/\\\/kibrisdakik.com\\\/#organization\"},\"potentialAction\":[{\"@type\":\"SearchAction\",\"target\":{\"@type\":\"EntryPoint\",\"urlTemplate\":\"https:\\\/\\\/kibrisdakik.com\\\/?s={search_term_string}\"},\"query-input\":{\"@type\":\"PropertyValueSpecification\",\"valueRequired\":true,\"valueName\":\"search_term_string\"}}],\"inLanguage\":\"tr\"},{\"@type\":\"Organization\",\"@id\":\"https:\\\/\\\/kibrisdakik.com\\\/#organization\",\"name\":\"K\u0131br\u0131s Dakik\",\"url\":\"https:\\\/\\\/kibrisdakik.com\\\/\",\"logo\":{\"@type\":\"ImageObject\",\"inLanguage\":\"tr\",\"@id\":\"https:\\\/\\\/kibrisdakik.com\\\/#\\\/schema\\\/logo\\\/image\\\/\",\"url\":\"https:\\\/\\\/kibrisdakik.com\\\/wp-content\\\/uploads\\\/2025\\\/10\\\/cropped-WhatsApp-Image-2025-10-02-at-12.58.31.jpeg\",\"contentUrl\":\"https:\\\/\\\/kibrisdakik.com\\\/wp-content\\\/uploads\\\/2025\\\/10\\\/cropped-WhatsApp-Image-2025-10-02-at-12.58.31.jpeg\",\"width\":1237,\"height\":190,\"caption\":\"K\u0131br\u0131s Dakik\"},\"image\":{\"@id\":\"https:\\\/\\\/kibrisdakik.com\\\/#\\\/schema\\\/logo\\\/image\\\/\"}},{\"@type\":\"Person\",\"@id\":\"https:\\\/\\\/kibrisdakik.com\\\/#\\\/schema\\\/person\\\/9cd9d437bbb44f72b73ba127e06d8e79\",\"name\":\"admin\",\"image\":{\"@type\":\"ImageObject\",\"inLanguage\":\"tr\",\"@id\":\"https:\\\/\\\/secure.gravatar.com\\\/avatar\\\/ccc17943b9d660506c869530f897617f7cb1c21a4bf30023f252596d83e1f007?s=96&d=mm&r=g\",\"url\":\"https:\\\/\\\/secure.gravatar.com\\\/avatar\\\/ccc17943b9d660506c869530f897617f7cb1c21a4bf30023f252596d83e1f007?s=96&d=mm&r=g\",\"contentUrl\":\"https:\\\/\\\/secure.gravatar.com\\\/avatar\\\/ccc17943b9d660506c869530f897617f7cb1c21a4bf30023f252596d83e1f007?s=96&d=mm&r=g\",\"caption\":\"admin\"},\"sameAs\":[\"https:\\\/\\\/kibrisdakik.com\"],\"url\":\"https:\\\/\\\/kibrisdakik.com\\\/?author=1\"}]}<\/script>\n<!-- \/ Yoast SEO plugin. -->","yoast_head_json":{"title":"GEM\u0130 FAC\u0130ASINDA KAYIP YAKINLARINDAN DNA \u00d6RNE\u011e\u0130 ALINIYOR -","robots":{"index":"index","follow":"follow","max-snippet":"max-snippet:-1","max-image-preview":"max-image-preview:large","max-video-preview":"max-video-preview:-1"},"canonical":"https:\/\/kibrisdakik.com\/?p=120174","og_locale":"tr_TR","og_type":"article","og_title":"GEM\u0130 FAC\u0130ASINDA KAYIP YAKINLARINDAN DNA \u00d6RNE\u011e\u0130 ALINIYOR -","og_description":"Ba\u015fbakan \u00dcnal \u00dcstel, Girne a\u00e7\u0131klar\u0131nda meydana gelen deniz kazas\u0131nda kay\u0131p ki\u015filere ula\u015f\u0131lmas\u0131 halinde kimliklerinin kesin olarak belirlenmesi amac\u0131yla DNA incelemelerinden de yararlan\u0131laca\u011f\u0131n\u0131 a\u00e7\u0131klad\u0131. Kay\u0131p yak\u0131nlar\u0131ndan DNA \u00f6rneklerinin al\u0131nmas\u0131na bug\u00fcn ba\u015fland\u0131\u011f\u0131 bildirildi. Girne a\u00e7\u0131klar\u0131nda meydana gelen deniz kazas\u0131n\u0131n ard\u0131ndan kay\u0131p ki\u015filere ula\u015f\u0131lmas\u0131 amac\u0131yla deniz alt\u0131nda y\u00fcr\u00fct\u00fclen arama-kurtarma \u00e7al\u0131\u015fmalar\u0131 s\u00fcrerken, kimlik tespitine y\u00f6nelik \u00f6nemli bir ad\u0131m at\u0131ld\u0131.","og_url":"https:\/\/kibrisdakik.com\/?p=120174","article_published_time":"2026-09-05T14:45:00+00:00","og_image":[{"url":"https:\/\/mhahabercom.teimg.com\/crop\/1280x720\/mhahaber-com\/uploads\/2026\/09\/mha-sari-beyaz-7774.png","type":"","width":"","height":""}],"author":"admin","twitter_card":"summary_large_image","twitter_misc":{"Yazan:":"admin","Tahmini okuma s\u00fcresi":"1 dakika"},"schema":{"@context":"https:\/\/schema.org","@graph":[{"@type":"Article","@id":"https:\/\/kibrisdakik.com\/?p=120174#article","isPartOf":{"@id":"https:\/\/kibrisdakik.com\/?p=120174"},"author":{"name":"admin","@id":"https:\/\/kibrisdakik.com\/#\/schema\/person\/9cd9d437bbb44f72b73ba127e06d8e79"},"headline":"GEM\u0130 FAC\u0130ASINDA KAYIP YAKINLARINDAN DNA \u00d6RNE\u011e\u0130 ALINIYOR","datePublished":"2026-09-05T14:45:00+00:00","mainEntityOfPage":{"@id":"https:\/\/kibrisdakik.com\/?p=120174"},"wordCount":303,"commentCount":0,"publisher":{"@id":"https:\/\/kibrisdakik.com\/#organization"},"image":{"@id":"https:\/\/kibrisdakik.com\/?p=120174#primaryimage"},"thumbnailUrl":"https:\/\/kibrisdakik.com\/wp-content\/uploads\/2026\/09\/mha-sari-beyaz-7774.png","articleSection":["K\u0131br\u0131s"],"inLanguage":"tr","potentialAction":[{"@type":"CommentAction","name":"Comment","target":["https:\/\/kibrisdakik.com\/?p=120174#respond"]}]},{"@type":"WebPage","@id":"https:\/\/kibrisdakik.com\/?p=120174","url":"https:\/\/kibrisdakik.com\/?p=120174","name":"GEM\u0130 FAC\u0130ASINDA KAYIP YAKINLARINDAN DNA \u00d6RNE\u011e\u0130 ALINIYOR -","isPartOf":{"@id":"https:\/\/kibrisdakik.com\/#website"},"primaryImageOfPage":{"@id":"https:\/\/kibrisdakik.com\/?p=120174#primaryimage"},"image":{"@id":"https:\/\/kibrisdakik.com\/?p=120174#primaryimage"},"thumbnailUrl":"https:\/\/kibrisdakik.com\/wp-content\/uploads\/2026\/09\/mha-sari-beyaz-7774.png","datePublished":"2026-09-05T14:45:00+00:00","breadcrumb":{"@id":"https:\/\/kibrisdakik.com\/?p=120174#breadcrumb"},"inLanguage":"tr","potentialAction":[{"@type":"ReadAction","target":["https:\/\/kibrisdakik.com\/?p=120174"]}]},{"@type":"ImageObject","inLanguage":"tr","@id":"https:\/\/kibrisdakik.com\/?p=120174#primaryimage","url":"https:\/\/kibrisdakik.com\/wp-content\/uploads\/2026\/09\/mha-sari-beyaz-7774.png","contentUrl":"https:\/\/kibrisdakik.com\/wp-content\/uploads\/2026\/09\/mha-sari-beyaz-7774.png","width":1280,"height":720},{"@type":"BreadcrumbList","@id":"https:\/\/kibrisdakik.com\/?p=120174#breadcrumb","itemListElement":[{"@type":"ListItem","position":1,"name":"Home","item":"https:\/\/kibrisdakik.com\/"},{"@type":"ListItem","position":2,"name":"GEM\u0130 FAC\u0130ASINDA KAYIP YAKINLARINDAN DNA \u00d6RNE\u011e\u0130 ALINIYOR"}]},{"@type":"WebSite","@id":"https:\/\/kibrisdakik.com\/#website","url":"https:\/\/kibrisdakik.com\/","name":"K\u0131br\u0131s Dakik","description":"Tam vaktinde haber","publisher":{"@id":"https:\/\/kibrisdakik.com\/#organization"},"potentialAction":[{"@type":"SearchAction","target":{"@type":"EntryPoint","urlTemplate":"https:\/\/kibrisdakik.com\/?s={search_term_string}"},"query-input":{"@type":"PropertyValueSpecification","valueRequired":true,"valueName":"search_term_string"}}],"inLanguage":"tr"},{"@type":"Organization","@id":"https:\/\/kibrisdakik.com\/#organization","name":"K\u0131br\u0131s Dakik","url":"https:\/\/kibrisdakik.com\/","logo":{"@type":"ImageObject","inLanguage":"tr","@id":"https:\/\/kibrisdakik.com\/#\/schema\/logo\/image\/","url":"https:\/\/kibrisdakik.com\/wp-content\/uploads\/2025\/10\/cropped-WhatsApp-Image-2025-10-02-at-12.58.31.jpeg","contentUrl":"https:\/\/kibrisdakik.com\/wp-content\/uploads\/2025\/10\/cropped-WhatsApp-Image-2025-10-02-at-12.58.31.jpeg","width":1237,"height":190,"caption":"K\u0131br\u0131s Dakik"},"image":{"@id":"https:\/\/kibrisdakik.com\/#\/schema\/logo\/image\/"}},{"@type":"Person","@id":"https:\/\/kibrisdakik.com\/#\/schema\/person\/9cd9d437bbb44f72b73ba127e06d8e79","name":"admin","image":{"@type":"ImageObject","inLanguage":"tr","@id":"https:\/\/secure.gravatar.com\/avatar\/ccc17943b9d660506c869530f897617f7cb1c21a4bf30023f252596d83e1f007?s=96&d=mm&r=g","url":"https:\/\/secure.gravatar.com\/avatar\/ccc17943b9d660506c869530f897617f7cb1c21a4bf30023f252596d83e1f007?s=96&d=mm&r=g","contentUrl":"https:\/\/secure.gravatar.com\/avatar\/ccc17943b9d660506c869530f897617f7cb1c21a4bf30023f252596d83e1f007?s=96&d=mm&r=g","caption":"admin"},"sameAs":["https:\/\/kibrisdakik.com"],"url":"https:\/\/kibrisdakik.com\/?author=1"}]}},"_links":{"self":[{"href":"https:\/\/kibrisdakik.com\/index.php?rest_route=\/wp\/v2\/posts\/120174","targetHints":{"allow":["GET"]}}],"collection":[{"href":"https:\/\/kibrisdakik.com\/index.php?rest_route=\/wp\/v2\/posts"}],"about":[{"href":"https:\/\/kibrisdakik.com\/index.php?rest_route=\/wp\/v2\/types\/post"}],"author":[{"embeddable":true,"href":"https:\/\/kibrisdakik.com\/index.php?rest_route=\/wp\/v2\/users\/1"}],"replies":[{"embeddable":true,"href":"https:\/\/kibrisdakik.com\/index.php?rest_route=%2Fwp%2Fv2%2Fcomments&post=120174"}],"version-history":[{"count":0,"href":"https:\/\/kibrisdakik.com\/index.php?rest_route=\/wp\/v2\/posts\/120174\/revisions"}],"wp:featuredmedia":[{"embeddable":true,"href":"https:\/\/kibrisdakik.com\/index.php?rest_route=\/wp\/v2\/media\/120175"}],"wp:attachment":[{"href":"https:\/\/kibrisdakik.com\/index.php?rest_route=%2Fwp%2Fv2%2Fmedia&parent=120174"}],"wp:term":[{"taxonomy":"category","embeddable":true,"href":"https:\/\/kibrisdakik.com\/index.php?rest_route=%2Fwp%2Fv2%2Fcategories&post=120174"},{"taxonomy":"post_tag","embeddable":true,"href":"https:\/\/kibrisdakik.com\/index.php?rest_route=%2Fwp%2Fv2%2Ftags&post=120174"}],"curies":[{"name":"wp","href":"https:\/\/api.w.org\/{rel}","templated":true}]}}