{"id":120183,"date":"2026-09-06T15:37:58","date_gmt":"2026-09-06T12:37:58","guid":{"rendered":"https:\/\/kibrisdakik.com\/?p=120183"},"modified":"2026-09-06T15:37:58","modified_gmt":"2026-09-06T12:37:58","slug":"ustelden-kayip-ailelerine-mesaj-tum-imkanlar-seferber-edilecek","status":"publish","type":"post","link":"https:\/\/kibrisdakik.com\/?p=120183","title":{"rendered":"\u00dcSTEL\u2019DEN KAYIP A\u0130LELER\u0130NE MESAJ: T\u00dcM \u0130MKANLAR SEFERBER ED\u0130LECEK"},"content":{"rendered":"<p><\/p>\n<div data-text-id=\"207356\" property=\"articleBody\">\n<p align=\"center\">Ba\u015fbakan \u00dcnal \u00dcstel, Girne a\u00e7\u0131klar\u0131nda meydana gelen deniz kazas\u0131n\u0131n ard\u0131ndan s\u00fcrd\u00fcr\u00fclen arama \u00e7al\u0131\u015fmalar\u0131na ili\u015fkin son durumu kamuoyuyla payla\u015farak, kay\u0131plara ula\u015f\u0131lmas\u0131 i\u00e7in mevcut \u00e7al\u0131\u015fmalara ilave yeni teknik imkanlar\u0131n ve alternatif y\u00f6ntemlerin devreye al\u0131naca\u011f\u0131n\u0131 a\u00e7\u0131klad\u0131.<\/p>\n<p>\u00dcstel\u2019in a\u00e7\u0131klamas\u0131 \u015f\u00f6yle:<\/p>\n<p>\u201cDe\u011ferli karde\u015flerim,<\/p>\n<p>Girne a\u00e7\u0131klar\u0131nda meydana gelen deniz kazas\u0131n\u0131n ard\u0131ndan kay\u0131plar\u0131m\u0131za ula\u015fmak amac\u0131yla y\u00fcr\u00fctt\u00fc\u011f\u00fcm\u00fcz \u00e7al\u0131\u015fmalar, t\u00fcm imkanlar\u0131m\u0131z seferber edilerek aral\u0131ks\u0131z devam ediyor.<\/p>\n<p>Bug\u00fcne kadar y\u00fcr\u00fct\u00fclen \u00e7al\u0131\u015fmalar sonucunda 5 kayb\u0131m\u0131za ula\u015f\u0131ld\u0131. Hayat\u0131n\u0131 kaybeden insanlar\u0131m\u0131z\u0131n say\u0131s\u0131 13, halen kay\u0131p olan insanlar\u0131m\u0131z\u0131n say\u0131s\u0131 ise 15\u2019tir. Bug\u00fcn itibar\u0131yla hen\u00fcz yeni bir kayb\u0131m\u0131za ula\u015f\u0131lmam\u0131\u015ft\u0131r.<\/p>\n<p>G\u00fcnler ilerledik\u00e7e, \u00f6zellikle deniz alt\u0131nda ve bat\u0131k gemi i\u00e7erisinde y\u00fcr\u00fct\u00fclen \u00e7al\u0131\u015fmalar\u0131n \u015fartlar\u0131 giderek zorla\u015fmaktad\u0131r. Ancak t\u00fcm zorluklara ra\u011fmen havadan, denizden, deniz alt\u0131ndan ve karadan g\u00f6rev yapan ekiplerimiz \u00e7al\u0131\u015fmalar\u0131n\u0131 kesintisiz s\u00fcrd\u00fcrmektedir.<\/p>\n<p>Bizim i\u00e7in tek hedef vard\u0131r: T\u00fcm kay\u0131plar\u0131m\u0131za ula\u015fmak.<\/p>\n<p>Bu nedenle mevcut \u00e7al\u0131\u015fmalar\u0131m\u0131z devam ederken, bunlara ek olarak kullanabilece\u011fimiz yeni imkanlar\u0131 ve alternatif y\u00f6ntemleri de devreye sokmak i\u00e7in giri\u015fimlerimizi s\u00fcrd\u00fcr\u00fcyoruz.<\/p>\n<p>Bu konuda belirli giri\u015fimleri de ba\u015flatm\u0131\u015f bulunuyoruz. Alan\u0131nda deneyimli \u00f6zel kurulu\u015flar\u0131n teknik personelleri bug\u00fcn kazan\u0131n meydana geldi\u011fi b\u00f6lgede ve bat\u0131kta gerekli incelemeleri yaparak \u00f6n raporlar\u0131n\u0131 haz\u0131rl\u0131yorlar.<\/p>\n<p>Bu kapsamda ben de yar\u0131n \u0130stanbul\u2019a giderek, derin denizlerde bat\u0131k \u00e7al\u0131\u015fmalar\u0131 ve gemi \u00e7\u0131karma operasyonlar\u0131 konusunda deneyimli bu \u00f6zel kurulu\u015flarla haz\u0131rlanan raporlar\u0131 ele alaca\u011f\u0131m.<\/p>\n<p>Kay\u0131plar\u0131m\u0131za ula\u015f\u0131lmas\u0131, gemi i\u00e7erisindeki \u00e7al\u0131\u015fmalar\u0131n s\u00fcrd\u00fcr\u00fclebilmesi veya bat\u0131\u011f\u0131n \u00e7\u0131kar\u0131lmas\u0131na y\u00f6nelik at\u0131labilecek yeni ad\u0131mlar\u0131 birlikte de\u011ferlendirece\u011fiz.<\/p>\n<p>Ayn\u0131 zamanda geminin sigorta \u015firketinin \u00fcst d\u00fczey yetkilileriyle de bir araya gelerek durum de\u011ferlendirmesi yapacak, bundan sonraki s\u00fcrecin nas\u0131l ilerleyece\u011fine ili\u015fkin hususlar\u0131 ele alaca\u011f\u0131z.<\/p>\n<p>\u0130stanbul\u2019daki temaslar\u0131m\u0131n ard\u0131ndan Ankara\u2019ya ge\u00e7erek en \u00fcst d\u00fczeyde g\u00f6r\u00fc\u015fmeler ger\u00e7ekle\u015ftirecek, mevcut durumu, al\u0131nan raporlar\u0131 ve bundan sonra at\u0131labilecek ad\u0131mlar\u0131 de\u011ferlendirece\u011fiz.<\/p>\n<p>Ard\u0131ndan \u00fclkemize d\u00f6nerek \u00f6n\u00fcm\u00fczdeki d\u00f6nemin yol haritas\u0131n\u0131 kay\u0131p ailelerimiz ve kamuoyumuzla payla\u015faca\u011f\u0131z.<\/p>\n<p>Ba\u015fbakan olarak en b\u00fcy\u00fck sorumlulu\u011fum, kay\u0131plar\u0131m\u0131za ula\u015fabilmek i\u00e7in devletimizin kullanabilece\u011fi t\u00fcm imkanlar\u0131 de\u011ferlendirmektir.<\/p>\n<p>Geride, \u201cAcaba \u015funu da yapabilir miydik?\u201d diye tek bir soru i\u015fareti b\u0131rakmayaca\u011f\u0131z. Devletimizin imkanlar\u0131n\u0131n yan\u0131nda ula\u015fabilece\u011fimiz her t\u00fcrl\u00fc teknik kapasiteyi ve yeni y\u00f6ntemleri sonuna kadar de\u011ferlendirece\u011fiz.<\/p>\n<p>Gece g\u00fcnd\u00fcz b\u00fcy\u00fck bir \u00f6zveriyle g\u00f6rev yapan t\u00fcm ekiplerimize te\u015fekk\u00fcr ediyor, kay\u0131p ailelerimize bir kez daha sab\u0131r ve metanet diliyorum.\u201d<\/p>\n<\/p><\/div>\n","protected":false},"excerpt":{"rendered":"<p>Ba\u015fbakan \u00dcnal \u00dcstel, Girne a\u00e7\u0131klar\u0131nda meydana gelen deniz kazas\u0131n\u0131n ard\u0131ndan s\u00fcrd\u00fcr\u00fclen arama \u00e7al\u0131\u015fmalar\u0131na ili\u015fkin son durumu kamuoyuyla payla\u015farak, kay\u0131plara ula\u015f\u0131lmas\u0131 i\u00e7in mevcut \u00e7al\u0131\u015fmalara ilave yeni teknik imkanlar\u0131n ve alternatif y\u00f6ntemlerin devreye al\u0131naca\u011f\u0131n\u0131 a\u00e7\u0131klad\u0131. \u00dcstel\u2019in a\u00e7\u0131klamas\u0131 \u015f\u00f6yle: \u201cDe\u011ferli karde\u015flerim, Girne a\u00e7\u0131klar\u0131nda meydana gelen deniz kazas\u0131n\u0131n ard\u0131ndan kay\u0131plar\u0131m\u0131za ula\u015fmak amac\u0131yla y\u00fcr\u00fctt\u00fc\u011f\u00fcm\u00fcz \u00e7al\u0131\u015fmalar, t\u00fcm imkanlar\u0131m\u0131z seferber edilerek aral\u0131ks\u0131z<\/p>\n","protected":false},"author":1,"featured_media":120184,"comment_status":"open","ping_status":"open","sticky":false,"template":"","format":"standard","meta":{"footnotes":""},"categories":[81],"tags":[],"class_list":["post-120183","post","type-post","status-publish","format-standard","has-post-thumbnail","hentry","category-kibris"],"yoast_head":"<!-- This site is optimized with the Yoast SEO plugin v28.4 - https:\/\/yoast.com\/product\/yoast-seo-wordpress\/ -->\n<title>\u00dcSTEL\u2019DEN KAYIP A\u0130LELER\u0130NE MESAJ: T\u00dcM \u0130MKANLAR SEFERBER ED\u0130LECEK -<\/title>\n<meta name=\"robots\" content=\"index, follow, max-snippet:-1, max-image-preview:large, max-video-preview:-1\" \/>\n<link rel=\"canonical\" href=\"https:\/\/kibrisdakik.com\/?p=120183\" \/>\n<meta property=\"og:locale\" content=\"tr_TR\" \/>\n<meta property=\"og:type\" content=\"article\" \/>\n<meta property=\"og:title\" content=\"\u00dcSTEL\u2019DEN KAYIP A\u0130LELER\u0130NE MESAJ: T\u00dcM \u0130MKANLAR SEFERBER ED\u0130LECEK -\" \/>\n<meta property=\"og:description\" content=\"Ba\u015fbakan \u00dcnal \u00dcstel, Girne a\u00e7\u0131klar\u0131nda meydana gelen deniz kazas\u0131n\u0131n ard\u0131ndan s\u00fcrd\u00fcr\u00fclen arama \u00e7al\u0131\u015fmalar\u0131na ili\u015fkin son durumu kamuoyuyla payla\u015farak, kay\u0131plara ula\u015f\u0131lmas\u0131 i\u00e7in mevcut \u00e7al\u0131\u015fmalara ilave yeni teknik imkanlar\u0131n ve alternatif y\u00f6ntemlerin devreye al\u0131naca\u011f\u0131n\u0131 a\u00e7\u0131klad\u0131. \u00dcstel\u2019in a\u00e7\u0131klamas\u0131 \u015f\u00f6yle: \u201cDe\u011ferli karde\u015flerim, Girne a\u00e7\u0131klar\u0131nda meydana gelen deniz kazas\u0131n\u0131n ard\u0131ndan kay\u0131plar\u0131m\u0131za ula\u015fmak amac\u0131yla y\u00fcr\u00fctt\u00fc\u011f\u00fcm\u00fcz \u00e7al\u0131\u015fmalar, t\u00fcm imkanlar\u0131m\u0131z seferber edilerek aral\u0131ks\u0131z\" \/>\n<meta property=\"og:url\" content=\"https:\/\/kibrisdakik.com\/?p=120183\" \/>\n<meta property=\"article:published_time\" content=\"2026-09-06T12:37:58+00:00\" \/>\n<meta property=\"og:image\" content=\"https:\/\/mhahabercom.teimg.com\/crop\/1280x720\/mhahaber-com\/uploads\/2026\/09\/mha-sari-beyaz-7779.png\" \/>\n<meta name=\"author\" content=\"admin\" \/>\n<meta name=\"twitter:card\" content=\"summary_large_image\" \/>\n<meta name=\"twitter:label1\" content=\"Yazan:\" \/>\n\t<meta name=\"twitter:data1\" content=\"admin\" \/>\n\t<meta name=\"twitter:label2\" content=\"Tahmini okuma s\u00fcresi\" \/>\n\t<meta name=\"twitter:data2\" content=\"3 dakika\" \/>\n<script type=\"application\/ld+json\" class=\"yoast-schema-graph\">{\"@context\":\"https:\\\/\\\/schema.org\",\"@graph\":[{\"@type\":\"Article\",\"@id\":\"https:\\\/\\\/kibrisdakik.com\\\/?p=120183#article\",\"isPartOf\":{\"@id\":\"https:\\\/\\\/kibrisdakik.com\\\/?p=120183\"},\"author\":{\"name\":\"admin\",\"@id\":\"https:\\\/\\\/kibrisdakik.com\\\/#\\\/schema\\\/person\\\/9cd9d437bbb44f72b73ba127e06d8e79\"},\"headline\":\"\u00dcSTEL\u2019DEN KAYIP A\u0130LELER\u0130NE MESAJ: T\u00dcM \u0130MKANLAR SEFERBER ED\u0130LECEK\",\"datePublished\":\"2026-09-06T12:37:58+00:00\",\"mainEntityOfPage\":{\"@id\":\"https:\\\/\\\/kibrisdakik.com\\\/?p=120183\"},\"wordCount\":547,\"commentCount\":0,\"publisher\":{\"@id\":\"https:\\\/\\\/kibrisdakik.com\\\/#organization\"},\"image\":{\"@id\":\"https:\\\/\\\/kibrisdakik.com\\\/?p=120183#primaryimage\"},\"thumbnailUrl\":\"https:\\\/\\\/kibrisdakik.com\\\/wp-content\\\/uploads\\\/2026\\\/09\\\/mha-sari-beyaz-7779.png\",\"articleSection\":[\"K\u0131br\u0131s\"],\"inLanguage\":\"tr\",\"potentialAction\":[{\"@type\":\"CommentAction\",\"name\":\"Comment\",\"target\":[\"https:\\\/\\\/kibrisdakik.com\\\/?p=120183#respond\"]}]},{\"@type\":\"WebPage\",\"@id\":\"https:\\\/\\\/kibrisdakik.com\\\/?p=120183\",\"url\":\"https:\\\/\\\/kibrisdakik.com\\\/?p=120183\",\"name\":\"\u00dcSTEL\u2019DEN KAYIP A\u0130LELER\u0130NE MESAJ: T\u00dcM \u0130MKANLAR SEFERBER ED\u0130LECEK -\",\"isPartOf\":{\"@id\":\"https:\\\/\\\/kibrisdakik.com\\\/#website\"},\"primaryImageOfPage\":{\"@id\":\"https:\\\/\\\/kibrisdakik.com\\\/?p=120183#primaryimage\"},\"image\":{\"@id\":\"https:\\\/\\\/kibrisdakik.com\\\/?p=120183#primaryimage\"},\"thumbnailUrl\":\"https:\\\/\\\/kibrisdakik.com\\\/wp-content\\\/uploads\\\/2026\\\/09\\\/mha-sari-beyaz-7779.png\",\"datePublished\":\"2026-09-06T12:37:58+00:00\",\"breadcrumb\":{\"@id\":\"https:\\\/\\\/kibrisdakik.com\\\/?p=120183#breadcrumb\"},\"inLanguage\":\"tr\",\"potentialAction\":[{\"@type\":\"ReadAction\",\"target\":[\"https:\\\/\\\/kibrisdakik.com\\\/?p=120183\"]}]},{\"@type\":\"ImageObject\",\"inLanguage\":\"tr\",\"@id\":\"https:\\\/\\\/kibrisdakik.com\\\/?p=120183#primaryimage\",\"url\":\"https:\\\/\\\/kibrisdakik.com\\\/wp-content\\\/uploads\\\/2026\\\/09\\\/mha-sari-beyaz-7779.png\",\"contentUrl\":\"https:\\\/\\\/kibrisdakik.com\\\/wp-content\\\/uploads\\\/2026\\\/09\\\/mha-sari-beyaz-7779.png\",\"width\":1280,\"height\":720},{\"@type\":\"BreadcrumbList\",\"@id\":\"https:\\\/\\\/kibrisdakik.com\\\/?p=120183#breadcrumb\",\"itemListElement\":[{\"@type\":\"ListItem\",\"position\":1,\"name\":\"Home\",\"item\":\"https:\\\/\\\/kibrisdakik.com\\\/\"},{\"@type\":\"ListItem\",\"position\":2,\"name\":\"\u00dcSTEL\u2019DEN KAYIP A\u0130LELER\u0130NE MESAJ: T\u00dcM \u0130MKANLAR SEFERBER ED\u0130LECEK\"}]},{\"@type\":\"WebSite\",\"@id\":\"https:\\\/\\\/kibrisdakik.com\\\/#website\",\"url\":\"https:\\\/\\\/kibrisdakik.com\\\/\",\"name\":\"K\u0131br\u0131s Dakik\",\"description\":\"Tam vaktinde haber\",\"publisher\":{\"@id\":\"https:\\\/\\\/kibrisdakik.com\\\/#organization\"},\"potentialAction\":[{\"@type\":\"SearchAction\",\"target\":{\"@type\":\"EntryPoint\",\"urlTemplate\":\"https:\\\/\\\/kibrisdakik.com\\\/?s={search_term_string}\"},\"query-input\":{\"@type\":\"PropertyValueSpecification\",\"valueRequired\":true,\"valueName\":\"search_term_string\"}}],\"inLanguage\":\"tr\"},{\"@type\":\"Organization\",\"@id\":\"https:\\\/\\\/kibrisdakik.com\\\/#organization\",\"name\":\"K\u0131br\u0131s Dakik\",\"url\":\"https:\\\/\\\/kibrisdakik.com\\\/\",\"logo\":{\"@type\":\"ImageObject\",\"inLanguage\":\"tr\",\"@id\":\"https:\\\/\\\/kibrisdakik.com\\\/#\\\/schema\\\/logo\\\/image\\\/\",\"url\":\"https:\\\/\\\/kibrisdakik.com\\\/wp-content\\\/uploads\\\/2025\\\/10\\\/cropped-WhatsApp-Image-2025-10-02-at-12.58.31.jpeg\",\"contentUrl\":\"https:\\\/\\\/kibrisdakik.com\\\/wp-content\\\/uploads\\\/2025\\\/10\\\/cropped-WhatsApp-Image-2025-10-02-at-12.58.31.jpeg\",\"width\":1237,\"height\":190,\"caption\":\"K\u0131br\u0131s Dakik\"},\"image\":{\"@id\":\"https:\\\/\\\/kibrisdakik.com\\\/#\\\/schema\\\/logo\\\/image\\\/\"}},{\"@type\":\"Person\",\"@id\":\"https:\\\/\\\/kibrisdakik.com\\\/#\\\/schema\\\/person\\\/9cd9d437bbb44f72b73ba127e06d8e79\",\"name\":\"admin\",\"image\":{\"@type\":\"ImageObject\",\"inLanguage\":\"tr\",\"@id\":\"https:\\\/\\\/secure.gravatar.com\\\/avatar\\\/ccc17943b9d660506c869530f897617f7cb1c21a4bf30023f252596d83e1f007?s=96&d=mm&r=g\",\"url\":\"https:\\\/\\\/secure.gravatar.com\\\/avatar\\\/ccc17943b9d660506c869530f897617f7cb1c21a4bf30023f252596d83e1f007?s=96&d=mm&r=g\",\"contentUrl\":\"https:\\\/\\\/secure.gravatar.com\\\/avatar\\\/ccc17943b9d660506c869530f897617f7cb1c21a4bf30023f252596d83e1f007?s=96&d=mm&r=g\",\"caption\":\"admin\"},\"sameAs\":[\"https:\\\/\\\/kibrisdakik.com\"],\"url\":\"https:\\\/\\\/kibrisdakik.com\\\/?author=1\"}]}<\/script>\n<!-- \/ Yoast SEO plugin. -->","yoast_head_json":{"title":"\u00dcSTEL\u2019DEN KAYIP A\u0130LELER\u0130NE MESAJ: T\u00dcM \u0130MKANLAR SEFERBER ED\u0130LECEK -","robots":{"index":"index","follow":"follow","max-snippet":"max-snippet:-1","max-image-preview":"max-image-preview:large","max-video-preview":"max-video-preview:-1"},"canonical":"https:\/\/kibrisdakik.com\/?p=120183","og_locale":"tr_TR","og_type":"article","og_title":"\u00dcSTEL\u2019DEN KAYIP A\u0130LELER\u0130NE MESAJ: T\u00dcM \u0130MKANLAR SEFERBER ED\u0130LECEK -","og_description":"Ba\u015fbakan \u00dcnal \u00dcstel, Girne a\u00e7\u0131klar\u0131nda meydana gelen deniz kazas\u0131n\u0131n ard\u0131ndan s\u00fcrd\u00fcr\u00fclen arama \u00e7al\u0131\u015fmalar\u0131na ili\u015fkin son durumu kamuoyuyla payla\u015farak, kay\u0131plara ula\u015f\u0131lmas\u0131 i\u00e7in mevcut \u00e7al\u0131\u015fmalara ilave yeni teknik imkanlar\u0131n ve alternatif y\u00f6ntemlerin devreye al\u0131naca\u011f\u0131n\u0131 a\u00e7\u0131klad\u0131. \u00dcstel\u2019in a\u00e7\u0131klamas\u0131 \u015f\u00f6yle: \u201cDe\u011ferli karde\u015flerim, Girne a\u00e7\u0131klar\u0131nda meydana gelen deniz kazas\u0131n\u0131n ard\u0131ndan kay\u0131plar\u0131m\u0131za ula\u015fmak amac\u0131yla y\u00fcr\u00fctt\u00fc\u011f\u00fcm\u00fcz \u00e7al\u0131\u015fmalar, t\u00fcm imkanlar\u0131m\u0131z seferber edilerek aral\u0131ks\u0131z","og_url":"https:\/\/kibrisdakik.com\/?p=120183","article_published_time":"2026-09-06T12:37:58+00:00","og_image":[{"url":"https:\/\/mhahabercom.teimg.com\/crop\/1280x720\/mhahaber-com\/uploads\/2026\/09\/mha-sari-beyaz-7779.png","type":"","width":"","height":""}],"author":"admin","twitter_card":"summary_large_image","twitter_misc":{"Yazan:":"admin","Tahmini okuma s\u00fcresi":"3 dakika"},"schema":{"@context":"https:\/\/schema.org","@graph":[{"@type":"Article","@id":"https:\/\/kibrisdakik.com\/?p=120183#article","isPartOf":{"@id":"https:\/\/kibrisdakik.com\/?p=120183"},"author":{"name":"admin","@id":"https:\/\/kibrisdakik.com\/#\/schema\/person\/9cd9d437bbb44f72b73ba127e06d8e79"},"headline":"\u00dcSTEL\u2019DEN KAYIP A\u0130LELER\u0130NE MESAJ: T\u00dcM \u0130MKANLAR SEFERBER ED\u0130LECEK","datePublished":"2026-09-06T12:37:58+00:00","mainEntityOfPage":{"@id":"https:\/\/kibrisdakik.com\/?p=120183"},"wordCount":547,"commentCount":0,"publisher":{"@id":"https:\/\/kibrisdakik.com\/#organization"},"image":{"@id":"https:\/\/kibrisdakik.com\/?p=120183#primaryimage"},"thumbnailUrl":"https:\/\/kibrisdakik.com\/wp-content\/uploads\/2026\/09\/mha-sari-beyaz-7779.png","articleSection":["K\u0131br\u0131s"],"inLanguage":"tr","potentialAction":[{"@type":"CommentAction","name":"Comment","target":["https:\/\/kibrisdakik.com\/?p=120183#respond"]}]},{"@type":"WebPage","@id":"https:\/\/kibrisdakik.com\/?p=120183","url":"https:\/\/kibrisdakik.com\/?p=120183","name":"\u00dcSTEL\u2019DEN KAYIP A\u0130LELER\u0130NE MESAJ: T\u00dcM \u0130MKANLAR SEFERBER ED\u0130LECEK -","isPartOf":{"@id":"https:\/\/kibrisdakik.com\/#website"},"primaryImageOfPage":{"@id":"https:\/\/kibrisdakik.com\/?p=120183#primaryimage"},"image":{"@id":"https:\/\/kibrisdakik.com\/?p=120183#primaryimage"},"thumbnailUrl":"https:\/\/kibrisdakik.com\/wp-content\/uploads\/2026\/09\/mha-sari-beyaz-7779.png","datePublished":"2026-09-06T12:37:58+00:00","breadcrumb":{"@id":"https:\/\/kibrisdakik.com\/?p=120183#breadcrumb"},"inLanguage":"tr","potentialAction":[{"@type":"ReadAction","target":["https:\/\/kibrisdakik.com\/?p=120183"]}]},{"@type":"ImageObject","inLanguage":"tr","@id":"https:\/\/kibrisdakik.com\/?p=120183#primaryimage","url":"https:\/\/kibrisdakik.com\/wp-content\/uploads\/2026\/09\/mha-sari-beyaz-7779.png","contentUrl":"https:\/\/kibrisdakik.com\/wp-content\/uploads\/2026\/09\/mha-sari-beyaz-7779.png","width":1280,"height":720},{"@type":"BreadcrumbList","@id":"https:\/\/kibrisdakik.com\/?p=120183#breadcrumb","itemListElement":[{"@type":"ListItem","position":1,"name":"Home","item":"https:\/\/kibrisdakik.com\/"},{"@type":"ListItem","position":2,"name":"\u00dcSTEL\u2019DEN KAYIP A\u0130LELER\u0130NE MESAJ: T\u00dcM \u0130MKANLAR SEFERBER ED\u0130LECEK"}]},{"@type":"WebSite","@id":"https:\/\/kibrisdakik.com\/#website","url":"https:\/\/kibrisdakik.com\/","name":"K\u0131br\u0131s Dakik","description":"Tam vaktinde haber","publisher":{"@id":"https:\/\/kibrisdakik.com\/#organization"},"potentialAction":[{"@type":"SearchAction","target":{"@type":"EntryPoint","urlTemplate":"https:\/\/kibrisdakik.com\/?s={search_term_string}"},"query-input":{"@type":"PropertyValueSpecification","valueRequired":true,"valueName":"search_term_string"}}],"inLanguage":"tr"},{"@type":"Organization","@id":"https:\/\/kibrisdakik.com\/#organization","name":"K\u0131br\u0131s Dakik","url":"https:\/\/kibrisdakik.com\/","logo":{"@type":"ImageObject","inLanguage":"tr","@id":"https:\/\/kibrisdakik.com\/#\/schema\/logo\/image\/","url":"https:\/\/kibrisdakik.com\/wp-content\/uploads\/2025\/10\/cropped-WhatsApp-Image-2025-10-02-at-12.58.31.jpeg","contentUrl":"https:\/\/kibrisdakik.com\/wp-content\/uploads\/2025\/10\/cropped-WhatsApp-Image-2025-10-02-at-12.58.31.jpeg","width":1237,"height":190,"caption":"K\u0131br\u0131s Dakik"},"image":{"@id":"https:\/\/kibrisdakik.com\/#\/schema\/logo\/image\/"}},{"@type":"Person","@id":"https:\/\/kibrisdakik.com\/#\/schema\/person\/9cd9d437bbb44f72b73ba127e06d8e79","name":"admin","image":{"@type":"ImageObject","inLanguage":"tr","@id":"https:\/\/secure.gravatar.com\/avatar\/ccc17943b9d660506c869530f897617f7cb1c21a4bf30023f252596d83e1f007?s=96&d=mm&r=g","url":"https:\/\/secure.gravatar.com\/avatar\/ccc17943b9d660506c869530f897617f7cb1c21a4bf30023f252596d83e1f007?s=96&d=mm&r=g","contentUrl":"https:\/\/secure.gravatar.com\/avatar\/ccc17943b9d660506c869530f897617f7cb1c21a4bf30023f252596d83e1f007?s=96&d=mm&r=g","caption":"admin"},"sameAs":["https:\/\/kibrisdakik.com"],"url":"https:\/\/kibrisdakik.com\/?author=1"}]}},"_links":{"self":[{"href":"https:\/\/kibrisdakik.com\/index.php?rest_route=\/wp\/v2\/posts\/120183","targetHints":{"allow":["GET"]}}],"collection":[{"href":"https:\/\/kibrisdakik.com\/index.php?rest_route=\/wp\/v2\/posts"}],"about":[{"href":"https:\/\/kibrisdakik.com\/index.php?rest_route=\/wp\/v2\/types\/post"}],"author":[{"embeddable":true,"href":"https:\/\/kibrisdakik.com\/index.php?rest_route=\/wp\/v2\/users\/1"}],"replies":[{"embeddable":true,"href":"https:\/\/kibrisdakik.com\/index.php?rest_route=%2Fwp%2Fv2%2Fcomments&post=120183"}],"version-history":[{"count":0,"href":"https:\/\/kibrisdakik.com\/index.php?rest_route=\/wp\/v2\/posts\/120183\/revisions"}],"wp:featuredmedia":[{"embeddable":true,"href":"https:\/\/kibrisdakik.com\/index.php?rest_route=\/wp\/v2\/media\/120184"}],"wp:attachment":[{"href":"https:\/\/kibrisdakik.com\/index.php?rest_route=%2Fwp%2Fv2%2Fmedia&parent=120183"}],"wp:term":[{"taxonomy":"category","embeddable":true,"href":"https:\/\/kibrisdakik.com\/index.php?rest_route=%2Fwp%2Fv2%2Fcategories&post=120183"},{"taxonomy":"post_tag","embeddable":true,"href":"https:\/\/kibrisdakik.com\/index.php?rest_route=%2Fwp%2Fv2%2Ftags&post=120183"}],"curies":[{"name":"wp","href":"https:\/\/api.w.org\/{rel}","templated":true}]}}