{"id":12055,"date":"2023-08-13T07:46:13","date_gmt":"2023-08-13T07:46:13","guid":{"rendered":"https:\/\/kibrisdakik.com\/index.php\/2023\/08\/13\/tore-baris-harekatinin-ikinci-asamasinin-yildonumu-nedeniyle-mesaji-yayimladi\/"},"modified":"2023-08-13T07:46:13","modified_gmt":"2023-08-13T07:46:13","slug":"tore-baris-harekatinin-ikinci-asamasinin-yildonumu-nedeniyle-mesaji-yayimladi","status":"publish","type":"post","link":"https:\/\/kibrisdakik.com\/?p=12055","title":{"rendered":"T\u00f6re, Bar\u0131\u015f Harekat\u0131\u2019n\u0131n ikinci a\u015famas\u0131n\u0131n y\u0131ld\u00f6n\u00fcm\u00fc nedeniyle mesaj\u0131 yay\u0131mlad\u0131"},"content":{"rendered":"<p><\/p>\n<div>\n<div class=\"mariselle-image-container center\">\n                <img width=\"2000\" height=\"1333\" class=\"lazy-image\" alt=\"\" decoding=\"async\" loading=\"lazy\" sizes=\"auto, (max-width: 2000px) 100vw, 2000px\" src=\"https:\/\/brtk.net\/wp-content\/uploads\/2023\/08\/13\/1-a-tore-mesaj8.jpg?ver=689a616324703ad46db01a49a1d18fc5\" srcset=\"https:\/\/brtk.net\/wp-content\/uploads\/2023\/08\/13\/1-a-tore-mesaj8.jpg?ver=689a616324703ad46db01a49a1d18fc5 2000w, https:\/\/brtk.net\/wp-content\/uploads\/2023\/08\/13\/1-a-tore-mesaj8-300x200.jpg?ver=689a616324703ad46db01a49a1d18fc5 300w, https:\/\/brtk.net\/wp-content\/uploads\/2023\/08\/13\/1-a-tore-mesaj8-1024x682.jpg?ver=689a616324703ad46db01a49a1d18fc5 1024w, https:\/\/brtk.net\/wp-content\/uploads\/2023\/08\/13\/1-a-tore-mesaj8-768x512.jpg?ver=dd3c377be6a8ff462795aa9cdf933706 768w, https:\/\/brtk.net\/wp-content\/uploads\/2023\/08\/13\/1-a-tore-mesaj8-1536x1024.jpg?ver=dd3c377be6a8ff462795aa9cdf933706 1536w\"\/>                            <\/div>\n<p>Cumhuriyet Meclisi Ba\u015fkan\u0131 Zorlu T\u00f6re, K\u0131br\u0131s Bar\u0131\u015f Harek\u00e2t\u0131\u2019n\u0131n ikinci a\u015famas\u0131n\u0131n 49\u2019uncu y\u0131l d\u00f6n\u00fcm\u00fc nedeniyle mesaj yay\u0131mlad\u0131. <\/p>\n<p>T\u00f6re, mesaj\u0131nda \u015funlar\u0131 kaydetti: <\/p>\n<p>\u201cAtalar\u0131m\u0131zdan miras kalan bu topraklarda 452 y\u0131ld\u0131r ya\u015fayan K\u0131br\u0131s T\u00fcrk halk\u0131n\u0131n varl\u0131\u011f\u0131n\u0131 sindiremeyerek Enosis\u2019i ger\u00e7ekle\u015ftirmek ve K\u0131br\u0131s T\u00fcrk halk\u0131n\u0131 yok etmek i\u00e7in Rumlar\u0131n katliamlar yapt\u0131\u011f\u0131 bir d\u00f6nemde, Cenevre Konferans\u0131\u2019nda t\u00fcm diplomatik giri\u015fim ve \u00e7abalar\u0131 t\u00fcketen T\u00fcrkiye, garant\u00f6r devlet hukuku ve anla\u015fmalardan kaynaklanan tarihsel hak ve y\u00fck\u00fcml\u00fcl\u00fckleriyle, 14 A\u011fustos 1974 tarihinde, 20 Temmuz 1974\u2019te ba\u015flatt\u0131\u011f\u0131 Bar\u0131\u015f Harekat\u0131n\u0131, ikinci bir Bar\u0131\u015f Harekat\u0131yla tamamlam\u0131\u015ft\u0131r.<\/p>\n<p>T\u00fcrkiye\u2019miz, K\u0131br\u0131s T\u00fcrk\u00fc\u2019n\u00fcn y\u0131llarca devam eden m\u00fccadelesine verdi\u011fi destekle adada, 2nci Bar\u0131\u015f Harekat\u0131yla \u00e7izilen bu g\u00fcnk\u00fc hudutlar\u0131m\u0131z i\u00e7inde bar\u0131\u015fla, \u00f6zg\u00fcrce ve g\u00fcvenle ya\u015famam\u0131z\u0131 sa\u011flam\u0131\u015ft\u0131r.<\/p>\n<p>Soyk\u0131r\u0131m gibi insanl\u0131\u011f\u0131n en b\u00fcy\u00fck su\u00e7unu i\u015fleyen ve insan\u0131m\u0131z\u0131, \u00e7ocuk kad\u0131n  ya\u015fl\u0131 gen\u00e7 demeden toplu \u00e7ukurlara g\u00f6men zihniyeti ve bu zihniyete destek verenleri bu vesileyle bir kez daha k\u0131n\u0131yoruz. <\/p>\n<p>Silahlanmaya g\u00fcnde 2 milyon <a href=\"https:\/\/brtk.net\/\">dolar<\/a> harcamaya devam eden bu zihniyetin kar\u015f\u0131s\u0131nda dimdik durup g\u00fcvenli\u011fimizi sa\u011flamay\u0131 s\u00fcrd\u00fcren Anavatan T\u00fcrkiye\u2019ye,  T\u00fcrk Silahl\u0131 Kuvvetlerine, tarihsel s\u00fcre\u00e7te diplomasiyi \u00f6nceli\u011fi yapm\u0131\u015f, Uluslararas\u0131 K\u0131br\u0131s Anla\u015fmalar\u0131n\u0131n zeminini haz\u0131rlam\u0131\u015f ve K\u0131br\u0131s T\u00fcrk\u00fc\u2019n\u00fcn hak ve hukuku i\u00e7in \u00e7aba sarfetmi\u015f herkese  te\u015fekk\u00fcrlerimi sunuyorum.<\/p>\n<p>\u0130kinci Bar\u0131\u015f Harekat\u0131n\u0131 selaml\u0131yor, d\u00f6nemin T\u00fcrkiye Ba\u015fbakan\u0131 B\u00fclent Ecevit ile Ba\u015fbakan Yard\u0131mc\u0131s\u0131 Necmettin Erbakan\u2019\u0131, tarihimize damga vurmu\u015f liderlerimiz Dr. Faz\u0131l K\u00fc\u00e7\u00fck\u2019le Rauf R. Denkta\u015f\u2019\u0131, m\u00fccahitlerimizi ve ulusal davam\u0131z u\u011fruna canlar\u0131n\u0131 veren Aziz \u015eehitlerimizi rahmet ve minnetle an\u0131yor, gazilerimize sa\u011fl\u0131k dileklerimi iletiyorum.\u201d<\/p>\n<\/p><\/div>\n<p><script async\n                    defer\n                    crossorigin=\"anonymous\"\n                    src=\"https:\/\/connect.facebook.net\/tr_TR\/sdk.js#xfbml=1&#038;version=v3.3\"\n            ><\/script><\/p>\n","protected":false},"excerpt":{"rendered":"<p>Cumhuriyet Meclisi Ba\u015fkan\u0131 Zorlu T\u00f6re, K\u0131br\u0131s Bar\u0131\u015f Harek\u00e2t\u0131\u2019n\u0131n ikinci a\u015famas\u0131n\u0131n 49\u2019uncu y\u0131l d\u00f6n\u00fcm\u00fc nedeniyle mesaj yay\u0131mlad\u0131. T\u00f6re, mesaj\u0131nda \u015funlar\u0131 kaydetti: \u201cAtalar\u0131m\u0131zdan miras kalan bu topraklarda 452 y\u0131ld\u0131r ya\u015fayan K\u0131br\u0131s T\u00fcrk halk\u0131n\u0131n varl\u0131\u011f\u0131n\u0131 sindiremeyerek Enosis\u2019i ger\u00e7ekle\u015ftirmek ve K\u0131br\u0131s T\u00fcrk halk\u0131n\u0131 yok etmek i\u00e7in Rumlar\u0131n katliamlar yapt\u0131\u011f\u0131 bir d\u00f6nemde, Cenevre Konferans\u0131\u2019nda t\u00fcm diplomatik giri\u015fim ve \u00e7abalar\u0131 t\u00fcketen<\/p>\n","protected":false},"author":1,"featured_media":12056,"comment_status":"open","ping_status":"open","sticky":false,"template":"","format":"standard","meta":{"footnotes":""},"categories":[1],"tags":[],"class_list":["post-12055","post","type-post","status-publish","format-standard","has-post-thumbnail","hentry","category-gundem"],"yoast_head":"<!-- This site is optimized with the Yoast SEO plugin v27.5 - https:\/\/yoast.com\/product\/yoast-seo-wordpress\/ -->\n<title>T\u00f6re, Bar\u0131\u015f Harekat\u0131\u2019n\u0131n ikinci a\u015famas\u0131n\u0131n y\u0131ld\u00f6n\u00fcm\u00fc nedeniyle mesaj\u0131 yay\u0131mlad\u0131 -<\/title>\n<meta name=\"robots\" content=\"index, follow, max-snippet:-1, max-image-preview:large, max-video-preview:-1\" \/>\n<link rel=\"canonical\" href=\"https:\/\/kibrisdakik.com\/?p=12055\" \/>\n<meta property=\"og:locale\" content=\"tr_TR\" \/>\n<meta property=\"og:type\" content=\"article\" \/>\n<meta property=\"og:title\" content=\"T\u00f6re, Bar\u0131\u015f Harekat\u0131\u2019n\u0131n ikinci a\u015famas\u0131n\u0131n y\u0131ld\u00f6n\u00fcm\u00fc nedeniyle mesaj\u0131 yay\u0131mlad\u0131 -\" \/>\n<meta property=\"og:description\" content=\"Cumhuriyet Meclisi Ba\u015fkan\u0131 Zorlu T\u00f6re, K\u0131br\u0131s Bar\u0131\u015f Harek\u00e2t\u0131\u2019n\u0131n ikinci a\u015famas\u0131n\u0131n 49\u2019uncu y\u0131l d\u00f6n\u00fcm\u00fc nedeniyle mesaj yay\u0131mlad\u0131. T\u00f6re, mesaj\u0131nda \u015funlar\u0131 kaydetti: \u201cAtalar\u0131m\u0131zdan miras kalan bu topraklarda 452 y\u0131ld\u0131r ya\u015fayan K\u0131br\u0131s T\u00fcrk halk\u0131n\u0131n varl\u0131\u011f\u0131n\u0131 sindiremeyerek Enosis\u2019i ger\u00e7ekle\u015ftirmek ve K\u0131br\u0131s T\u00fcrk halk\u0131n\u0131 yok etmek i\u00e7in Rumlar\u0131n katliamlar yapt\u0131\u011f\u0131 bir d\u00f6nemde, Cenevre Konferans\u0131\u2019nda t\u00fcm diplomatik giri\u015fim ve \u00e7abalar\u0131 t\u00fcketen\" \/>\n<meta property=\"og:url\" content=\"https:\/\/kibrisdakik.com\/?p=12055\" \/>\n<meta property=\"article:published_time\" content=\"2023-08-13T07:46:13+00:00\" \/>\n<meta property=\"og:image\" content=\"https:\/\/kibrisdakik.com\/wp-content\/uploads\/2023\/08\/1-a-tore-mesaj8-740x420.jpg\" \/>\n\t<meta property=\"og:image:width\" content=\"2000\" \/>\n\t<meta property=\"og:image:height\" content=\"1333\" \/>\n\t<meta property=\"og:image:type\" content=\"image\/jpeg\" \/>\n<meta name=\"author\" content=\"admin\" \/>\n<meta name=\"twitter:card\" content=\"summary_large_image\" \/>\n<meta name=\"twitter:label1\" content=\"Yazan:\" \/>\n\t<meta name=\"twitter:data1\" content=\"admin\" \/>\n\t<meta name=\"twitter:label2\" content=\"Tahmini okuma s\u00fcresi\" \/>\n\t<meta name=\"twitter:data2\" content=\"2 dakika\" \/>\n<script type=\"application\/ld+json\" class=\"yoast-schema-graph\">{\"@context\":\"https:\\\/\\\/schema.org\",\"@graph\":[{\"@type\":\"Article\",\"@id\":\"https:\\\/\\\/kibrisdakik.com\\\/?p=12055#article\",\"isPartOf\":{\"@id\":\"https:\\\/\\\/kibrisdakik.com\\\/?p=12055\"},\"author\":{\"name\":\"admin\",\"@id\":\"https:\\\/\\\/kibrisdakik.com\\\/#\\\/schema\\\/person\\\/9cd9d437bbb44f72b73ba127e06d8e79\"},\"headline\":\"T\u00f6re, Bar\u0131\u015f Harekat\u0131\u2019n\u0131n ikinci a\u015famas\u0131n\u0131n y\u0131ld\u00f6n\u00fcm\u00fc nedeniyle mesaj\u0131 yay\u0131mlad\u0131\",\"datePublished\":\"2023-08-13T07:46:13+00:00\",\"mainEntityOfPage\":{\"@id\":\"https:\\\/\\\/kibrisdakik.com\\\/?p=12055\"},\"wordCount\":370,\"commentCount\":0,\"image\":{\"@id\":\"https:\\\/\\\/kibrisdakik.com\\\/?p=12055#primaryimage\"},\"thumbnailUrl\":\"https:\\\/\\\/kibrisdakik.com\\\/wp-content\\\/uploads\\\/2023\\\/08\\\/1-a-tore-mesaj8-740x420.jpg\",\"articleSection\":[\"G\u00fcndem\"],\"inLanguage\":\"tr\",\"potentialAction\":[{\"@type\":\"CommentAction\",\"name\":\"Comment\",\"target\":[\"https:\\\/\\\/kibrisdakik.com\\\/?p=12055#respond\"]}]},{\"@type\":\"WebPage\",\"@id\":\"https:\\\/\\\/kibrisdakik.com\\\/?p=12055\",\"url\":\"https:\\\/\\\/kibrisdakik.com\\\/?p=12055\",\"name\":\"T\u00f6re, Bar\u0131\u015f Harekat\u0131\u2019n\u0131n ikinci a\u015famas\u0131n\u0131n y\u0131ld\u00f6n\u00fcm\u00fc nedeniyle mesaj\u0131 yay\u0131mlad\u0131 -\",\"isPartOf\":{\"@id\":\"https:\\\/\\\/kibrisdakik.com\\\/#website\"},\"primaryImageOfPage\":{\"@id\":\"https:\\\/\\\/kibrisdakik.com\\\/?p=12055#primaryimage\"},\"image\":{\"@id\":\"https:\\\/\\\/kibrisdakik.com\\\/?p=12055#primaryimage\"},\"thumbnailUrl\":\"https:\\\/\\\/kibrisdakik.com\\\/wp-content\\\/uploads\\\/2023\\\/08\\\/1-a-tore-mesaj8-740x420.jpg\",\"datePublished\":\"2023-08-13T07:46:13+00:00\",\"author\":{\"@id\":\"https:\\\/\\\/kibrisdakik.com\\\/#\\\/schema\\\/person\\\/9cd9d437bbb44f72b73ba127e06d8e79\"},\"breadcrumb\":{\"@id\":\"https:\\\/\\\/kibrisdakik.com\\\/?p=12055#breadcrumb\"},\"inLanguage\":\"tr\",\"potentialAction\":[{\"@type\":\"ReadAction\",\"target\":[\"https:\\\/\\\/kibrisdakik.com\\\/?p=12055\"]}]},{\"@type\":\"ImageObject\",\"inLanguage\":\"tr\",\"@id\":\"https:\\\/\\\/kibrisdakik.com\\\/?p=12055#primaryimage\",\"url\":\"https:\\\/\\\/kibrisdakik.com\\\/wp-content\\\/uploads\\\/2023\\\/08\\\/1-a-tore-mesaj8-740x420.jpg\",\"contentUrl\":\"https:\\\/\\\/kibrisdakik.com\\\/wp-content\\\/uploads\\\/2023\\\/08\\\/1-a-tore-mesaj8-740x420.jpg\",\"width\":2000,\"height\":1333},{\"@type\":\"BreadcrumbList\",\"@id\":\"https:\\\/\\\/kibrisdakik.com\\\/?p=12055#breadcrumb\",\"itemListElement\":[{\"@type\":\"ListItem\",\"position\":1,\"name\":\"Home\",\"item\":\"https:\\\/\\\/kibrisdakik.com\\\/\"},{\"@type\":\"ListItem\",\"position\":2,\"name\":\"T\u00f6re, Bar\u0131\u015f Harekat\u0131\u2019n\u0131n ikinci a\u015famas\u0131n\u0131n y\u0131ld\u00f6n\u00fcm\u00fc nedeniyle mesaj\u0131 yay\u0131mlad\u0131\"}]},{\"@type\":\"WebSite\",\"@id\":\"https:\\\/\\\/kibrisdakik.com\\\/#website\",\"url\":\"https:\\\/\\\/kibrisdakik.com\\\/\",\"name\":\"\",\"description\":\"Tam vaktinde haber\",\"potentialAction\":[{\"@type\":\"SearchAction\",\"target\":{\"@type\":\"EntryPoint\",\"urlTemplate\":\"https:\\\/\\\/kibrisdakik.com\\\/?s={search_term_string}\"},\"query-input\":{\"@type\":\"PropertyValueSpecification\",\"valueRequired\":true,\"valueName\":\"search_term_string\"}}],\"inLanguage\":\"tr\"},{\"@type\":\"Person\",\"@id\":\"https:\\\/\\\/kibrisdakik.com\\\/#\\\/schema\\\/person\\\/9cd9d437bbb44f72b73ba127e06d8e79\",\"name\":\"admin\",\"image\":{\"@type\":\"ImageObject\",\"inLanguage\":\"tr\",\"@id\":\"https:\\\/\\\/secure.gravatar.com\\\/avatar\\\/ccc17943b9d660506c869530f897617f7cb1c21a4bf30023f252596d83e1f007?s=96&d=mm&r=g\",\"url\":\"https:\\\/\\\/secure.gravatar.com\\\/avatar\\\/ccc17943b9d660506c869530f897617f7cb1c21a4bf30023f252596d83e1f007?s=96&d=mm&r=g\",\"contentUrl\":\"https:\\\/\\\/secure.gravatar.com\\\/avatar\\\/ccc17943b9d660506c869530f897617f7cb1c21a4bf30023f252596d83e1f007?s=96&d=mm&r=g\",\"caption\":\"admin\"},\"sameAs\":[\"https:\\\/\\\/kibrisdakik.com\"],\"url\":\"https:\\\/\\\/kibrisdakik.com\\\/?author=1\"}]}<\/script>\n<!-- \/ Yoast SEO plugin. -->","yoast_head_json":{"title":"T\u00f6re, Bar\u0131\u015f Harekat\u0131\u2019n\u0131n ikinci a\u015famas\u0131n\u0131n y\u0131ld\u00f6n\u00fcm\u00fc nedeniyle mesaj\u0131 yay\u0131mlad\u0131 -","robots":{"index":"index","follow":"follow","max-snippet":"max-snippet:-1","max-image-preview":"max-image-preview:large","max-video-preview":"max-video-preview:-1"},"canonical":"https:\/\/kibrisdakik.com\/?p=12055","og_locale":"tr_TR","og_type":"article","og_title":"T\u00f6re, Bar\u0131\u015f Harekat\u0131\u2019n\u0131n ikinci a\u015famas\u0131n\u0131n y\u0131ld\u00f6n\u00fcm\u00fc nedeniyle mesaj\u0131 yay\u0131mlad\u0131 -","og_description":"Cumhuriyet Meclisi Ba\u015fkan\u0131 Zorlu T\u00f6re, K\u0131br\u0131s Bar\u0131\u015f Harek\u00e2t\u0131\u2019n\u0131n ikinci a\u015famas\u0131n\u0131n 49\u2019uncu y\u0131l d\u00f6n\u00fcm\u00fc nedeniyle mesaj yay\u0131mlad\u0131. T\u00f6re, mesaj\u0131nda \u015funlar\u0131 kaydetti: \u201cAtalar\u0131m\u0131zdan miras kalan bu topraklarda 452 y\u0131ld\u0131r ya\u015fayan K\u0131br\u0131s T\u00fcrk halk\u0131n\u0131n varl\u0131\u011f\u0131n\u0131 sindiremeyerek Enosis\u2019i ger\u00e7ekle\u015ftirmek ve K\u0131br\u0131s T\u00fcrk halk\u0131n\u0131 yok etmek i\u00e7in Rumlar\u0131n katliamlar yapt\u0131\u011f\u0131 bir d\u00f6nemde, Cenevre Konferans\u0131\u2019nda t\u00fcm diplomatik giri\u015fim ve \u00e7abalar\u0131 t\u00fcketen","og_url":"https:\/\/kibrisdakik.com\/?p=12055","article_published_time":"2023-08-13T07:46:13+00:00","og_image":[{"width":2000,"height":1333,"url":"https:\/\/kibrisdakik.com\/wp-content\/uploads\/2023\/08\/1-a-tore-mesaj8-740x420.jpg","type":"image\/jpeg"}],"author":"admin","twitter_card":"summary_large_image","twitter_misc":{"Yazan:":"admin","Tahmini okuma s\u00fcresi":"2 dakika"},"schema":{"@context":"https:\/\/schema.org","@graph":[{"@type":"Article","@id":"https:\/\/kibrisdakik.com\/?p=12055#article","isPartOf":{"@id":"https:\/\/kibrisdakik.com\/?p=12055"},"author":{"name":"admin","@id":"https:\/\/kibrisdakik.com\/#\/schema\/person\/9cd9d437bbb44f72b73ba127e06d8e79"},"headline":"T\u00f6re, Bar\u0131\u015f Harekat\u0131\u2019n\u0131n ikinci a\u015famas\u0131n\u0131n y\u0131ld\u00f6n\u00fcm\u00fc nedeniyle mesaj\u0131 yay\u0131mlad\u0131","datePublished":"2023-08-13T07:46:13+00:00","mainEntityOfPage":{"@id":"https:\/\/kibrisdakik.com\/?p=12055"},"wordCount":370,"commentCount":0,"image":{"@id":"https:\/\/kibrisdakik.com\/?p=12055#primaryimage"},"thumbnailUrl":"https:\/\/kibrisdakik.com\/wp-content\/uploads\/2023\/08\/1-a-tore-mesaj8-740x420.jpg","articleSection":["G\u00fcndem"],"inLanguage":"tr","potentialAction":[{"@type":"CommentAction","name":"Comment","target":["https:\/\/kibrisdakik.com\/?p=12055#respond"]}]},{"@type":"WebPage","@id":"https:\/\/kibrisdakik.com\/?p=12055","url":"https:\/\/kibrisdakik.com\/?p=12055","name":"T\u00f6re, Bar\u0131\u015f Harekat\u0131\u2019n\u0131n ikinci a\u015famas\u0131n\u0131n y\u0131ld\u00f6n\u00fcm\u00fc nedeniyle mesaj\u0131 yay\u0131mlad\u0131 -","isPartOf":{"@id":"https:\/\/kibrisdakik.com\/#website"},"primaryImageOfPage":{"@id":"https:\/\/kibrisdakik.com\/?p=12055#primaryimage"},"image":{"@id":"https:\/\/kibrisdakik.com\/?p=12055#primaryimage"},"thumbnailUrl":"https:\/\/kibrisdakik.com\/wp-content\/uploads\/2023\/08\/1-a-tore-mesaj8-740x420.jpg","datePublished":"2023-08-13T07:46:13+00:00","author":{"@id":"https:\/\/kibrisdakik.com\/#\/schema\/person\/9cd9d437bbb44f72b73ba127e06d8e79"},"breadcrumb":{"@id":"https:\/\/kibrisdakik.com\/?p=12055#breadcrumb"},"inLanguage":"tr","potentialAction":[{"@type":"ReadAction","target":["https:\/\/kibrisdakik.com\/?p=12055"]}]},{"@type":"ImageObject","inLanguage":"tr","@id":"https:\/\/kibrisdakik.com\/?p=12055#primaryimage","url":"https:\/\/kibrisdakik.com\/wp-content\/uploads\/2023\/08\/1-a-tore-mesaj8-740x420.jpg","contentUrl":"https:\/\/kibrisdakik.com\/wp-content\/uploads\/2023\/08\/1-a-tore-mesaj8-740x420.jpg","width":2000,"height":1333},{"@type":"BreadcrumbList","@id":"https:\/\/kibrisdakik.com\/?p=12055#breadcrumb","itemListElement":[{"@type":"ListItem","position":1,"name":"Home","item":"https:\/\/kibrisdakik.com\/"},{"@type":"ListItem","position":2,"name":"T\u00f6re, Bar\u0131\u015f Harekat\u0131\u2019n\u0131n ikinci a\u015famas\u0131n\u0131n y\u0131ld\u00f6n\u00fcm\u00fc nedeniyle mesaj\u0131 yay\u0131mlad\u0131"}]},{"@type":"WebSite","@id":"https:\/\/kibrisdakik.com\/#website","url":"https:\/\/kibrisdakik.com\/","name":"","description":"Tam vaktinde haber","potentialAction":[{"@type":"SearchAction","target":{"@type":"EntryPoint","urlTemplate":"https:\/\/kibrisdakik.com\/?s={search_term_string}"},"query-input":{"@type":"PropertyValueSpecification","valueRequired":true,"valueName":"search_term_string"}}],"inLanguage":"tr"},{"@type":"Person","@id":"https:\/\/kibrisdakik.com\/#\/schema\/person\/9cd9d437bbb44f72b73ba127e06d8e79","name":"admin","image":{"@type":"ImageObject","inLanguage":"tr","@id":"https:\/\/secure.gravatar.com\/avatar\/ccc17943b9d660506c869530f897617f7cb1c21a4bf30023f252596d83e1f007?s=96&d=mm&r=g","url":"https:\/\/secure.gravatar.com\/avatar\/ccc17943b9d660506c869530f897617f7cb1c21a4bf30023f252596d83e1f007?s=96&d=mm&r=g","contentUrl":"https:\/\/secure.gravatar.com\/avatar\/ccc17943b9d660506c869530f897617f7cb1c21a4bf30023f252596d83e1f007?s=96&d=mm&r=g","caption":"admin"},"sameAs":["https:\/\/kibrisdakik.com"],"url":"https:\/\/kibrisdakik.com\/?author=1"}]}},"_links":{"self":[{"href":"https:\/\/kibrisdakik.com\/index.php?rest_route=\/wp\/v2\/posts\/12055","targetHints":{"allow":["GET"]}}],"collection":[{"href":"https:\/\/kibrisdakik.com\/index.php?rest_route=\/wp\/v2\/posts"}],"about":[{"href":"https:\/\/kibrisdakik.com\/index.php?rest_route=\/wp\/v2\/types\/post"}],"author":[{"embeddable":true,"href":"https:\/\/kibrisdakik.com\/index.php?rest_route=\/wp\/v2\/users\/1"}],"replies":[{"embeddable":true,"href":"https:\/\/kibrisdakik.com\/index.php?rest_route=%2Fwp%2Fv2%2Fcomments&post=12055"}],"version-history":[{"count":0,"href":"https:\/\/kibrisdakik.com\/index.php?rest_route=\/wp\/v2\/posts\/12055\/revisions"}],"wp:featuredmedia":[{"embeddable":true,"href":"https:\/\/kibrisdakik.com\/index.php?rest_route=\/wp\/v2\/media\/12056"}],"wp:attachment":[{"href":"https:\/\/kibrisdakik.com\/index.php?rest_route=%2Fwp%2Fv2%2Fmedia&parent=12055"}],"wp:term":[{"taxonomy":"category","embeddable":true,"href":"https:\/\/kibrisdakik.com\/index.php?rest_route=%2Fwp%2Fv2%2Fcategories&post=12055"},{"taxonomy":"post_tag","embeddable":true,"href":"https:\/\/kibrisdakik.com\/index.php?rest_route=%2Fwp%2Fv2%2Ftags&post=12055"}],"curies":[{"name":"wp","href":"https:\/\/api.w.org\/{rel}","templated":true}]}}