{"id":12073,"date":"2023-08-13T13:32:58","date_gmt":"2023-08-13T13:32:58","guid":{"rendered":"https:\/\/kibrisdakik.com\/index.php\/2023\/08\/13\/polisiye-haberlergirnede-ani-olum\/"},"modified":"2023-08-13T13:32:58","modified_gmt":"2023-08-13T13:32:58","slug":"polisiye-haberlergirnede-ani-olum","status":"publish","type":"post","link":"https:\/\/kibrisdakik.com\/?p=12073","title":{"rendered":"Polisiye haberler:Girne\u2019de ani \u00f6l\u00fcm"},"content":{"rendered":"<p><\/p>\n<div>\n<div class=\"mariselle-image-container center\">\n                <img width=\"300\" height=\"168\" class=\"lazy-image\" alt=\"\" decoding=\"async\" loading=\"lazy\" src=\"https:\/\/brtk.net\/wp-content\/uploads\/2023\/08\/13\/polis-yeni7.jpg?ver=0c6b565cee6eb889c6c28bd93265b80d\"\/>                            <\/div>\n<p>Girne Turizm Liman\u0131nda, bir geminin yolcu salonu i\u00e7erisinde bulunan Karpaz\u2019da sakin Hasan Kalay (E-68) aniden rahats\u0131zlanarak ya\u015fam\u0131n\u0131 yitirdi.<\/p>\n<p>Polis Bas\u0131n B\u00fclteni\u2019ne g\u00f6re, d\u00fcn meydana gelen olayla ilgili ba\u015flat\u0131lan soru\u015fturma devam ediyor.<\/p>\n<p>-Girne\u2019de uyu\u015fturucu<\/p>\n<p>Girne\u2019de, Narkotik ve Ka\u00e7ak\u00e7\u0131l\u0131\u011f\u0131 \u00d6nleme M\u00fcd\u00fcrl\u00fc\u011f\u00fc Ekipleri taraf\u0131ndan ger\u00e7ekle\u015ftirilen operasyon kapsam\u0131nda, S.E.S.M.E.\u2019nin (E-25) \u00fczerinde ve Girne\u2019deki bir ikametgahta yap\u0131lan aramada, toplam 21 gram a\u011f\u0131rl\u0131\u011f\u0131nda hintkeneviri t\u00fcr\u00fc uyu\u015fturucu madde ve uyu\u015fturucu madde sat\u0131\u015f\u0131ndan elde edildi\u011fine inan\u0131lan 3 bin 100 TL nakit para bulunarak emare olarak al\u0131nd\u0131.  <\/p>\n<p>Bahse konu \u015fah\u0131s ve mesele ile ba\u011flant\u0131s\u0131 oldu\u011funa inan\u0131lan S.A.M.S. (E-20) tutuklan\u0131rken, soru\u015fturma devam ediyor.<\/p>\n<p>\u00dclke genelinde ger\u00e7ekle\u015ftirilen asayi\u015f ve trafik denetimleri kapsam\u0131nda, Girne\u2019de Bo\u011fazk\u00f6y kav\u015fa\u011f\u0131nda yap\u0131lan trafik kontrol\u00fc s\u0131ras\u0131nda, polis taraf\u0131ndan kontrol maksatl\u0131 durdurulan bir ara\u00e7 i\u00e7erisinde bulunan F.D.(E-50), \u015e.M.(K-23), \u0130.B.(E-42) ve M.F.G.\u2019nin (E-41) \u00fczerlerinde ve ara\u00e7 i\u00e7erisinde yap\u0131lan aramada, tasarruflar\u0131nda yakla\u015f\u0131k 5 gram metamfetamin t\u00fcr\u00fc ile yakla\u015f\u0131k yar\u0131m gram a\u011f\u0131rl\u0131\u011f\u0131nda hintkeneviri t\u00fcr\u00fc uyu\u015fturucu oldu\u011funa inan\u0131lan madde, i\u00e7erisinde t\u00fct\u00fcnle kar\u0131\u015f\u0131k sentetik cannabinoid t\u00fcr\u00fc uyu\u015fturucu madde oldu\u011funa inan\u0131lan bir adet ucu yan\u0131k sarma sigara ve i\u00e7erisinde uyu\u015fturucu madde kal\u0131nt\u0131s\u0131 oldu\u011funa inan\u0131lan cam pipo bulunarak emare olarak al\u0131nd\u0131. Bahse konu \u015fah\u0131slar tutuklan\u0131rken, soru\u015fturma devam ediyor.<\/p>\n<p>-Belirlenen tarihten \u00f6nce harup toplayana yasal i\u015flem<\/p>\n<p>Esentepe\u2019de K.G.\u2019nin (E-54) harnup (ke\u00e7i boynuzu) hasad\u0131 ile ilgili Kaymakaml\u0131k taraf\u0131ndan belirlenen tarihinden \u00f6nce harnup toplad\u0131\u011f\u0131 tespit edildi ve tasarrufunda 10.5 kilogram a\u011f\u0131rl\u0131\u011f\u0131nda harnup bulunarak emare olarak al\u0131nd\u0131. Bahse konu \u015fah\u0131s aleyhinde yasal i\u015flem ba\u015flat\u0131l\u0131rken, soru\u015fturma devam ediyor.<\/p>\n<p>-Girne\u2019de i\u015f kazas\u0131<\/p>\n<p>Girne\u2019de yap\u0131m\u0131 devam etmekte olan bir in\u015faatta \u00e7al\u0131\u015fan Ahmet Akdemir (E-20), in\u015faat\u0131n ikinci kat\u0131na mermer tezgah\u0131 \u00e7\u0131kard\u0131\u011f\u0131 s\u0131rada, merdiven bo\u015flu\u011funda dengesini kaybetmesi sonucu yakla\u015f\u0131k 5 metre y\u00fckseklikten beton zemine d\u00fc\u015ferek yaraland\u0131. Ad\u0131 edilen kald\u0131r\u0131ld\u0131\u011f\u0131 Girne Dr. Ak\u00e7i\u00e7ek Hastanesi\u2019nde yap\u0131lan tedavisinin ard\u0131ndan Lefko\u015fa Dr. Burhan Nalbanto\u011flu Devlet Hastanesi\u2019ne sevk edilerek Genel Cerrahi Servisinde m\u00fc\u015fahede alt\u0131na al\u0131nd\u0131. Soru\u015fturma devam ediyor.<\/p>\n<p>-Girne\u2019de kay\u0131p \u015fah\u0131s<\/p>\n<p>Polise verilen bilgide; Girne\u2019de sakin Abdulmujib Mohammed Ahmed Basha\u2019n\u0131n (E-19), cuma g\u00fcn\u00fc  saat 06.00 s\u0131ralar\u0131nda, kalmakta oldu\u011fu ikametgahtan ayr\u0131ld\u0131\u011f\u0131, halen geri d\u00f6nmedi\u011fini ve kendisine ula\u015f\u0131lamad\u0131\u011f\u0131 bildirildi. Bahse konu \u015fah\u0131s aran\u0131rken, soru\u015fturma devam ediyor.<\/p>\n<p>-Ye\u015filyurt\u2019ta yang\u0131n<\/p>\n<p>Ye\u015filyurt\u2019ta bulunan bir narenciye bah\u00e7esinde meydana gelen yang\u0131n sonucu, yakla\u015f\u0131k 120 metrekarelik alan i\u00e7erisinde bulunan kuru otlar, alt\u0131 adet turun\u00e7 ile iki adet al\u0131\u00e7 a\u011fa\u00e7lar\u0131 ve 30 metre uzunlu\u011fundaki damlama lasti\u011fi yand\u0131. Yang\u0131n \u0130tfaiye ekipleri taraf\u0131ndan s\u00f6nd\u00fcr\u00fcl\u00fcrken, soru\u015fturma devam ediyor.<\/p>\n<\/p><\/div>\n<p><script async\n                    defer\n                    crossorigin=\"anonymous\"\n                    src=\"https:\/\/connect.facebook.net\/tr_TR\/sdk.js#xfbml=1&#038;version=v3.3\"\n            ><\/script><\/p>\n","protected":false},"excerpt":{"rendered":"<p>Girne Turizm Liman\u0131nda, bir geminin yolcu salonu i\u00e7erisinde bulunan Karpaz\u2019da sakin Hasan Kalay (E-68) aniden rahats\u0131zlanarak ya\u015fam\u0131n\u0131 yitirdi. Polis Bas\u0131n B\u00fclteni\u2019ne g\u00f6re, d\u00fcn meydana gelen olayla ilgili ba\u015flat\u0131lan soru\u015fturma devam ediyor. -Girne\u2019de uyu\u015fturucu Girne\u2019de, Narkotik ve Ka\u00e7ak\u00e7\u0131l\u0131\u011f\u0131 \u00d6nleme M\u00fcd\u00fcrl\u00fc\u011f\u00fc Ekipleri taraf\u0131ndan ger\u00e7ekle\u015ftirilen operasyon kapsam\u0131nda, S.E.S.M.E.\u2019nin (E-25) \u00fczerinde ve Girne\u2019deki bir ikametgahta yap\u0131lan aramada, toplam 21<\/p>\n","protected":false},"author":1,"featured_media":12074,"comment_status":"open","ping_status":"open","sticky":false,"template":"","format":"standard","meta":{"footnotes":""},"categories":[1],"tags":[],"class_list":["post-12073","post","type-post","status-publish","format-standard","has-post-thumbnail","hentry","category-gundem"],"yoast_head":"<!-- This site is optimized with the Yoast SEO plugin v27.5 - https:\/\/yoast.com\/product\/yoast-seo-wordpress\/ -->\n<title>Polisiye haberler:Girne\u2019de ani \u00f6l\u00fcm -<\/title>\n<meta name=\"robots\" content=\"index, follow, max-snippet:-1, max-image-preview:large, max-video-preview:-1\" \/>\n<link rel=\"canonical\" href=\"https:\/\/kibrisdakik.com\/?p=12073\" \/>\n<meta property=\"og:locale\" content=\"tr_TR\" \/>\n<meta property=\"og:type\" content=\"article\" \/>\n<meta property=\"og:title\" content=\"Polisiye haberler:Girne\u2019de ani \u00f6l\u00fcm -\" \/>\n<meta property=\"og:description\" content=\"Girne Turizm Liman\u0131nda, bir geminin yolcu salonu i\u00e7erisinde bulunan Karpaz\u2019da sakin Hasan Kalay (E-68) aniden rahats\u0131zlanarak ya\u015fam\u0131n\u0131 yitirdi. Polis Bas\u0131n B\u00fclteni\u2019ne g\u00f6re, d\u00fcn meydana gelen olayla ilgili ba\u015flat\u0131lan soru\u015fturma devam ediyor. -Girne\u2019de uyu\u015fturucu Girne\u2019de, Narkotik ve Ka\u00e7ak\u00e7\u0131l\u0131\u011f\u0131 \u00d6nleme M\u00fcd\u00fcrl\u00fc\u011f\u00fc Ekipleri taraf\u0131ndan ger\u00e7ekle\u015ftirilen operasyon kapsam\u0131nda, S.E.S.M.E.\u2019nin (E-25) \u00fczerinde ve Girne\u2019deki bir ikametgahta yap\u0131lan aramada, toplam 21\" \/>\n<meta property=\"og:url\" content=\"https:\/\/kibrisdakik.com\/?p=12073\" \/>\n<meta property=\"article:published_time\" content=\"2023-08-13T13:32:58+00:00\" \/>\n<meta property=\"og:image\" content=\"https:\/\/kibrisdakik.com\/wp-content\/uploads\/2023\/08\/POLIS-2023.jpg\" \/>\n\t<meta property=\"og:image:width\" content=\"512\" \/>\n\t<meta property=\"og:image:height\" content=\"237\" \/>\n\t<meta property=\"og:image:type\" content=\"image\/jpeg\" \/>\n<meta name=\"author\" content=\"admin\" \/>\n<meta name=\"twitter:card\" content=\"summary_large_image\" \/>\n<meta name=\"twitter:label1\" content=\"Yazan:\" \/>\n\t<meta name=\"twitter:data1\" content=\"admin\" \/>\n\t<meta name=\"twitter:label2\" content=\"Tahmini okuma s\u00fcresi\" \/>\n\t<meta name=\"twitter:data2\" content=\"3 dakika\" \/>\n<script type=\"application\/ld+json\" class=\"yoast-schema-graph\">{\"@context\":\"https:\\\/\\\/schema.org\",\"@graph\":[{\"@type\":\"Article\",\"@id\":\"https:\\\/\\\/kibrisdakik.com\\\/?p=12073#article\",\"isPartOf\":{\"@id\":\"https:\\\/\\\/kibrisdakik.com\\\/?p=12073\"},\"author\":{\"name\":\"admin\",\"@id\":\"https:\\\/\\\/kibrisdakik.com\\\/#\\\/schema\\\/person\\\/9cd9d437bbb44f72b73ba127e06d8e79\"},\"headline\":\"Polisiye haberler:Girne\u2019de ani \u00f6l\u00fcm\",\"datePublished\":\"2023-08-13T13:32:58+00:00\",\"mainEntityOfPage\":{\"@id\":\"https:\\\/\\\/kibrisdakik.com\\\/?p=12073\"},\"wordCount\":548,\"commentCount\":0,\"image\":{\"@id\":\"https:\\\/\\\/kibrisdakik.com\\\/?p=12073#primaryimage\"},\"thumbnailUrl\":\"https:\\\/\\\/kibrisdakik.com\\\/wp-content\\\/uploads\\\/2023\\\/08\\\/POLIS-2023.jpg\",\"articleSection\":[\"G\u00fcndem\"],\"inLanguage\":\"tr\",\"potentialAction\":[{\"@type\":\"CommentAction\",\"name\":\"Comment\",\"target\":[\"https:\\\/\\\/kibrisdakik.com\\\/?p=12073#respond\"]}]},{\"@type\":\"WebPage\",\"@id\":\"https:\\\/\\\/kibrisdakik.com\\\/?p=12073\",\"url\":\"https:\\\/\\\/kibrisdakik.com\\\/?p=12073\",\"name\":\"Polisiye haberler:Girne\u2019de ani \u00f6l\u00fcm -\",\"isPartOf\":{\"@id\":\"https:\\\/\\\/kibrisdakik.com\\\/#website\"},\"primaryImageOfPage\":{\"@id\":\"https:\\\/\\\/kibrisdakik.com\\\/?p=12073#primaryimage\"},\"image\":{\"@id\":\"https:\\\/\\\/kibrisdakik.com\\\/?p=12073#primaryimage\"},\"thumbnailUrl\":\"https:\\\/\\\/kibrisdakik.com\\\/wp-content\\\/uploads\\\/2023\\\/08\\\/POLIS-2023.jpg\",\"datePublished\":\"2023-08-13T13:32:58+00:00\",\"author\":{\"@id\":\"https:\\\/\\\/kibrisdakik.com\\\/#\\\/schema\\\/person\\\/9cd9d437bbb44f72b73ba127e06d8e79\"},\"breadcrumb\":{\"@id\":\"https:\\\/\\\/kibrisdakik.com\\\/?p=12073#breadcrumb\"},\"inLanguage\":\"tr\",\"potentialAction\":[{\"@type\":\"ReadAction\",\"target\":[\"https:\\\/\\\/kibrisdakik.com\\\/?p=12073\"]}]},{\"@type\":\"ImageObject\",\"inLanguage\":\"tr\",\"@id\":\"https:\\\/\\\/kibrisdakik.com\\\/?p=12073#primaryimage\",\"url\":\"https:\\\/\\\/kibrisdakik.com\\\/wp-content\\\/uploads\\\/2023\\\/08\\\/POLIS-2023.jpg\",\"contentUrl\":\"https:\\\/\\\/kibrisdakik.com\\\/wp-content\\\/uploads\\\/2023\\\/08\\\/POLIS-2023.jpg\",\"width\":512,\"height\":237},{\"@type\":\"BreadcrumbList\",\"@id\":\"https:\\\/\\\/kibrisdakik.com\\\/?p=12073#breadcrumb\",\"itemListElement\":[{\"@type\":\"ListItem\",\"position\":1,\"name\":\"Home\",\"item\":\"https:\\\/\\\/kibrisdakik.com\\\/\"},{\"@type\":\"ListItem\",\"position\":2,\"name\":\"Polisiye haberler:Girne\u2019de ani \u00f6l\u00fcm\"}]},{\"@type\":\"WebSite\",\"@id\":\"https:\\\/\\\/kibrisdakik.com\\\/#website\",\"url\":\"https:\\\/\\\/kibrisdakik.com\\\/\",\"name\":\"\",\"description\":\"Tam vaktinde haber\",\"potentialAction\":[{\"@type\":\"SearchAction\",\"target\":{\"@type\":\"EntryPoint\",\"urlTemplate\":\"https:\\\/\\\/kibrisdakik.com\\\/?s={search_term_string}\"},\"query-input\":{\"@type\":\"PropertyValueSpecification\",\"valueRequired\":true,\"valueName\":\"search_term_string\"}}],\"inLanguage\":\"tr\"},{\"@type\":\"Person\",\"@id\":\"https:\\\/\\\/kibrisdakik.com\\\/#\\\/schema\\\/person\\\/9cd9d437bbb44f72b73ba127e06d8e79\",\"name\":\"admin\",\"image\":{\"@type\":\"ImageObject\",\"inLanguage\":\"tr\",\"@id\":\"https:\\\/\\\/secure.gravatar.com\\\/avatar\\\/ccc17943b9d660506c869530f897617f7cb1c21a4bf30023f252596d83e1f007?s=96&d=mm&r=g\",\"url\":\"https:\\\/\\\/secure.gravatar.com\\\/avatar\\\/ccc17943b9d660506c869530f897617f7cb1c21a4bf30023f252596d83e1f007?s=96&d=mm&r=g\",\"contentUrl\":\"https:\\\/\\\/secure.gravatar.com\\\/avatar\\\/ccc17943b9d660506c869530f897617f7cb1c21a4bf30023f252596d83e1f007?s=96&d=mm&r=g\",\"caption\":\"admin\"},\"sameAs\":[\"https:\\\/\\\/kibrisdakik.com\"],\"url\":\"https:\\\/\\\/kibrisdakik.com\\\/?author=1\"}]}<\/script>\n<!-- \/ Yoast SEO plugin. -->","yoast_head_json":{"title":"Polisiye haberler:Girne\u2019de ani \u00f6l\u00fcm -","robots":{"index":"index","follow":"follow","max-snippet":"max-snippet:-1","max-image-preview":"max-image-preview:large","max-video-preview":"max-video-preview:-1"},"canonical":"https:\/\/kibrisdakik.com\/?p=12073","og_locale":"tr_TR","og_type":"article","og_title":"Polisiye haberler:Girne\u2019de ani \u00f6l\u00fcm -","og_description":"Girne Turizm Liman\u0131nda, bir geminin yolcu salonu i\u00e7erisinde bulunan Karpaz\u2019da sakin Hasan Kalay (E-68) aniden rahats\u0131zlanarak ya\u015fam\u0131n\u0131 yitirdi. Polis Bas\u0131n B\u00fclteni\u2019ne g\u00f6re, d\u00fcn meydana gelen olayla ilgili ba\u015flat\u0131lan soru\u015fturma devam ediyor. -Girne\u2019de uyu\u015fturucu Girne\u2019de, Narkotik ve Ka\u00e7ak\u00e7\u0131l\u0131\u011f\u0131 \u00d6nleme M\u00fcd\u00fcrl\u00fc\u011f\u00fc Ekipleri taraf\u0131ndan ger\u00e7ekle\u015ftirilen operasyon kapsam\u0131nda, S.E.S.M.E.\u2019nin (E-25) \u00fczerinde ve Girne\u2019deki bir ikametgahta yap\u0131lan aramada, toplam 21","og_url":"https:\/\/kibrisdakik.com\/?p=12073","article_published_time":"2023-08-13T13:32:58+00:00","og_image":[{"width":512,"height":237,"url":"https:\/\/kibrisdakik.com\/wp-content\/uploads\/2023\/08\/POLIS-2023.jpg","type":"image\/jpeg"}],"author":"admin","twitter_card":"summary_large_image","twitter_misc":{"Yazan:":"admin","Tahmini okuma s\u00fcresi":"3 dakika"},"schema":{"@context":"https:\/\/schema.org","@graph":[{"@type":"Article","@id":"https:\/\/kibrisdakik.com\/?p=12073#article","isPartOf":{"@id":"https:\/\/kibrisdakik.com\/?p=12073"},"author":{"name":"admin","@id":"https:\/\/kibrisdakik.com\/#\/schema\/person\/9cd9d437bbb44f72b73ba127e06d8e79"},"headline":"Polisiye haberler:Girne\u2019de ani \u00f6l\u00fcm","datePublished":"2023-08-13T13:32:58+00:00","mainEntityOfPage":{"@id":"https:\/\/kibrisdakik.com\/?p=12073"},"wordCount":548,"commentCount":0,"image":{"@id":"https:\/\/kibrisdakik.com\/?p=12073#primaryimage"},"thumbnailUrl":"https:\/\/kibrisdakik.com\/wp-content\/uploads\/2023\/08\/POLIS-2023.jpg","articleSection":["G\u00fcndem"],"inLanguage":"tr","potentialAction":[{"@type":"CommentAction","name":"Comment","target":["https:\/\/kibrisdakik.com\/?p=12073#respond"]}]},{"@type":"WebPage","@id":"https:\/\/kibrisdakik.com\/?p=12073","url":"https:\/\/kibrisdakik.com\/?p=12073","name":"Polisiye haberler:Girne\u2019de ani \u00f6l\u00fcm -","isPartOf":{"@id":"https:\/\/kibrisdakik.com\/#website"},"primaryImageOfPage":{"@id":"https:\/\/kibrisdakik.com\/?p=12073#primaryimage"},"image":{"@id":"https:\/\/kibrisdakik.com\/?p=12073#primaryimage"},"thumbnailUrl":"https:\/\/kibrisdakik.com\/wp-content\/uploads\/2023\/08\/POLIS-2023.jpg","datePublished":"2023-08-13T13:32:58+00:00","author":{"@id":"https:\/\/kibrisdakik.com\/#\/schema\/person\/9cd9d437bbb44f72b73ba127e06d8e79"},"breadcrumb":{"@id":"https:\/\/kibrisdakik.com\/?p=12073#breadcrumb"},"inLanguage":"tr","potentialAction":[{"@type":"ReadAction","target":["https:\/\/kibrisdakik.com\/?p=12073"]}]},{"@type":"ImageObject","inLanguage":"tr","@id":"https:\/\/kibrisdakik.com\/?p=12073#primaryimage","url":"https:\/\/kibrisdakik.com\/wp-content\/uploads\/2023\/08\/POLIS-2023.jpg","contentUrl":"https:\/\/kibrisdakik.com\/wp-content\/uploads\/2023\/08\/POLIS-2023.jpg","width":512,"height":237},{"@type":"BreadcrumbList","@id":"https:\/\/kibrisdakik.com\/?p=12073#breadcrumb","itemListElement":[{"@type":"ListItem","position":1,"name":"Home","item":"https:\/\/kibrisdakik.com\/"},{"@type":"ListItem","position":2,"name":"Polisiye haberler:Girne\u2019de ani \u00f6l\u00fcm"}]},{"@type":"WebSite","@id":"https:\/\/kibrisdakik.com\/#website","url":"https:\/\/kibrisdakik.com\/","name":"","description":"Tam vaktinde haber","potentialAction":[{"@type":"SearchAction","target":{"@type":"EntryPoint","urlTemplate":"https:\/\/kibrisdakik.com\/?s={search_term_string}"},"query-input":{"@type":"PropertyValueSpecification","valueRequired":true,"valueName":"search_term_string"}}],"inLanguage":"tr"},{"@type":"Person","@id":"https:\/\/kibrisdakik.com\/#\/schema\/person\/9cd9d437bbb44f72b73ba127e06d8e79","name":"admin","image":{"@type":"ImageObject","inLanguage":"tr","@id":"https:\/\/secure.gravatar.com\/avatar\/ccc17943b9d660506c869530f897617f7cb1c21a4bf30023f252596d83e1f007?s=96&d=mm&r=g","url":"https:\/\/secure.gravatar.com\/avatar\/ccc17943b9d660506c869530f897617f7cb1c21a4bf30023f252596d83e1f007?s=96&d=mm&r=g","contentUrl":"https:\/\/secure.gravatar.com\/avatar\/ccc17943b9d660506c869530f897617f7cb1c21a4bf30023f252596d83e1f007?s=96&d=mm&r=g","caption":"admin"},"sameAs":["https:\/\/kibrisdakik.com"],"url":"https:\/\/kibrisdakik.com\/?author=1"}]}},"_links":{"self":[{"href":"https:\/\/kibrisdakik.com\/index.php?rest_route=\/wp\/v2\/posts\/12073","targetHints":{"allow":["GET"]}}],"collection":[{"href":"https:\/\/kibrisdakik.com\/index.php?rest_route=\/wp\/v2\/posts"}],"about":[{"href":"https:\/\/kibrisdakik.com\/index.php?rest_route=\/wp\/v2\/types\/post"}],"author":[{"embeddable":true,"href":"https:\/\/kibrisdakik.com\/index.php?rest_route=\/wp\/v2\/users\/1"}],"replies":[{"embeddable":true,"href":"https:\/\/kibrisdakik.com\/index.php?rest_route=%2Fwp%2Fv2%2Fcomments&post=12073"}],"version-history":[{"count":0,"href":"https:\/\/kibrisdakik.com\/index.php?rest_route=\/wp\/v2\/posts\/12073\/revisions"}],"wp:featuredmedia":[{"embeddable":true,"href":"https:\/\/kibrisdakik.com\/index.php?rest_route=\/wp\/v2\/media\/12074"}],"wp:attachment":[{"href":"https:\/\/kibrisdakik.com\/index.php?rest_route=%2Fwp%2Fv2%2Fmedia&parent=12073"}],"wp:term":[{"taxonomy":"category","embeddable":true,"href":"https:\/\/kibrisdakik.com\/index.php?rest_route=%2Fwp%2Fv2%2Fcategories&post=12073"},{"taxonomy":"post_tag","embeddable":true,"href":"https:\/\/kibrisdakik.com\/index.php?rest_route=%2Fwp%2Fv2%2Ftags&post=12073"}],"curies":[{"name":"wp","href":"https:\/\/api.w.org\/{rel}","templated":true}]}}