{"id":12099,"date":"2023-08-14T08:19:57","date_gmt":"2023-08-14T08:19:57","guid":{"rendered":"https:\/\/kibrisdakik.com\/index.php\/2023\/08\/14\/altugra-saglik-bakanligi-gorevini-dincyureke-devretti\/"},"modified":"2023-08-14T08:19:57","modified_gmt":"2023-08-14T08:19:57","slug":"altugra-saglik-bakanligi-gorevini-dincyureke-devretti","status":"publish","type":"post","link":"https:\/\/kibrisdakik.com\/?p=12099","title":{"rendered":"Altu\u011fra, Sa\u011fl\u0131k Bakanl\u0131\u011f\u0131 g\u00f6revini Din\u00e7y\u00fcrek\u2019e devretti"},"content":{"rendered":"<p><\/p>\n<div>\n<div class=\"mariselle-image-container center\">\n                <img width=\"1200\" height=\"644\" class=\"lazy-image\" alt=\"\" decoding=\"async\" loading=\"lazy\" sizes=\"auto, (max-width: 1200px) 100vw, 1200px\" src=\"https:\/\/brtk.net\/wp-content\/uploads\/2023\/08\/14\/asdkajhsdkajh.jpeg?ver=2c5aed621a3894392a385515d4a03ba6\" srcset=\"https:\/\/brtk.net\/wp-content\/uploads\/2023\/08\/14\/asdkajhsdkajh.jpeg?ver=2c5aed621a3894392a385515d4a03ba6 1200w, https:\/\/brtk.net\/wp-content\/uploads\/2023\/08\/14\/asdkajhsdkajh-300x161.jpeg?ver=2c5aed621a3894392a385515d4a03ba6 300w, https:\/\/brtk.net\/wp-content\/uploads\/2023\/08\/14\/asdkajhsdkajh-1024x550.jpeg?ver=2c5aed621a3894392a385515d4a03ba6 1024w, https:\/\/brtk.net\/wp-content\/uploads\/2023\/08\/14\/asdkajhsdkajh-768x412.jpeg?ver=2c5aed621a3894392a385515d4a03ba6 768w\"\/>                            <\/div>\n<p>Ulusal Birlik Partisi (<a href=\"https:\/\/brtk.net\/\">UBP<\/a>)- Demokrat Parti (DP)- Yeniden Do\u011fu\u015f Partisi (YDP) koalisyon h\u00fck\u00fcmeti kabinesindeki de\u011fi\u015fikli\u011fin ard\u0131ndan kabinenin yeni \u00fcyeleri g\u00f6revlerini eski bakanlardan devralarak mesaiye ba\u015fl\u0131yor.<\/p>\n<p>Bug\u00fcnk\u00fc ilk g\u00f6rev devir teslim t\u00f6reni Sa\u011fl\u0131k Bakanl\u0131\u011f\u0131\u2019nda oldu.<\/p>\n<p>Girne milletvekili \u0130zlem G\u00fcr\u00e7a\u011f Altu\u011fra, Sa\u011fl\u0131k Bakanl\u0131\u011f\u0131 g\u00f6revini <a href=\"https:\/\/brtk.net\/\">UBP<\/a> Gazima\u011fusa milletvekili Hakan Din\u00e7y\u00fcrek\u2019e devretti.<\/p>\n<p>Sa\u011fl\u0131k Bakanl\u0131\u011f\u0131 g\u00f6revini devreden \u0130zlem G\u00fcr\u00e7a\u011f Altu\u011fra, \u201ctarihe iz b\u0131rakan bir \u00e7ok icraata imza att\u0131k. Olmayan\u0131 hayata ge\u00e7irdik. G\u00fcn\u00fc birlik icraatlar yapmad\u0131k\u201d dedi.<\/p>\n<p>Hizmete doymayan bir bakanl\u0131k s\u00fcreci ya\u015fad\u0131klar\u0131n\u0131 kaydeden Altu\u011fra, \u201cg\u00f6rev de\u011fi\u015fikli\u011fini maalesef siyasetin kaygan zemini olarak yorumluyorum, yar\u0131m kalan bir \u00e7ok projemiz oldu, \u00fcmit ediyorum ki  bundan sonra bizler gibi g\u00f6revi devralanalar bu \u00e7al\u0131\u015fmalar\u0131 ileriye ta\u015f\u0131yacak.\u201d<\/p>\n<p>\u201cHerkese nasip olmayan bir gurura sahip oldu\u011funu\u201d da vurgualayan Altu\u011fra, \u201csiyasi hayat\u0131ma ve Sa\u011fl\u0131k Bakanl\u0131\u011f\u0131 g\u00f6revime anl\u0131m\u0131n ak\u0131yla tertemiz geldim, aln\u0131m\u0131n ak\u0131yla tertemiz gidiyorum\u201d dedi.<\/p>\n<p>15 ayl\u0131k g\u00f6revindeki icraatlar\u0131na da de\u011finen Altu\u011fra, \u00c7ocuk Acil Servisi\u2019ni hayata ge\u00e7irdiklerini, 160 yatak kapasiteli Girne Hastanesi\u2019nin in\u015faat\u0131n\u0131 ba\u015flatt\u0131klar\u0131n\u0131, \u00e7ift uyruklu pratisyen hekimlerin mecburi hizmetlerini kendi \u00fclkelerinde yapabilmeleri i\u00e7in protokol imzalad\u0131klar\u0131n\u0131, 2016\u2019da yanan ve at\u0131l durumda b\u0131rak\u0131lan Devlet Laboratuvar\u0131n\u0131 tadilat a\u015famas\u0131na getirdiklerini s\u00f6yledi.<\/p>\n<p>Altu\u011fra, \u201c2020\u2019de yanan KVC Servisi ve yo\u011fun bak\u0131m\u0131n\u0131 hizmete a\u00e7t\u0131klar\u0131n\u0131, B\u00fclent Ecevit Rehabilitasyon Merkezi\u2019nin yatak kapasitesini art\u0131rd\u0131klar\u0131n\u0131 ifade ederek, \u201chizmetlerimiz saymakla bitmez\u201d dedi.<\/p>\n<p>Altu\u011fra  6 \u015eubat\u2019ta ya\u015fanan depremi de hat\u0131rlatarak, Sa\u011fl\u0131k Bakanl\u0131\u011f\u0131\u2019n\u0131n ve sa\u011fl\u0131k \u00e7al\u0131\u015fanlar\u0131n\u0131n bu ac\u0131l\u0131 s\u00fcre\u00e7teki \u00e7al\u0131\u015fmalar\u0131na i\u015faret etti.<\/p>\n<p>-Din\u00e7y\u00fcrek<\/p>\n<p>Sa\u011fl\u0131k Bakanl\u0131\u011f\u0131 g\u00f6revini devralan Hakan Din\u00e7y\u00fcrek ise, \u201cg\u00f6revi \u00e7ok sevdi\u011fim bir arkada\u015f\u0131mdan devrald\u0131m, bu bir bayrak yar\u0131\u015f\u0131d\u0131r, bu bayra\u011f\u0131 ileriye ta\u015f\u0131mak i\u00e7in elimizden gelen her \u015feyi yapaca\u011f\u0131z, bizim i\u00e7in esas olan insand\u0131r\u201d dedi.<\/p>\n<p>Din\u00e7y\u00fcrek, \u00e7al\u0131\u015fmalar\u0131 i\u00e7in te\u015fekk\u00fcr etti\u011fi G\u00fcr\u00e7a\u011f\u2019\u0131n deneyim ve \u00e7al\u0131\u015fmalar\u0131ndan yararlanacaklar\u0131n\u0131 s\u00f6yledi.<\/p>\n<\/p><\/div>\n<p><script async\n                    defer\n                    crossorigin=\"anonymous\"\n                    src=\"https:\/\/connect.facebook.net\/tr_TR\/sdk.js#xfbml=1&#038;version=v3.3\"\n            ><\/script><\/p>\n","protected":false},"excerpt":{"rendered":"<p>Ulusal Birlik Partisi (UBP)- Demokrat Parti (DP)- Yeniden Do\u011fu\u015f Partisi (YDP) koalisyon h\u00fck\u00fcmeti kabinesindeki de\u011fi\u015fikli\u011fin ard\u0131ndan kabinenin yeni \u00fcyeleri g\u00f6revlerini eski bakanlardan devralarak mesaiye ba\u015fl\u0131yor. Bug\u00fcnk\u00fc ilk g\u00f6rev devir teslim t\u00f6reni Sa\u011fl\u0131k Bakanl\u0131\u011f\u0131\u2019nda oldu. Girne milletvekili \u0130zlem G\u00fcr\u00e7a\u011f Altu\u011fra, Sa\u011fl\u0131k Bakanl\u0131\u011f\u0131 g\u00f6revini UBP Gazima\u011fusa milletvekili Hakan Din\u00e7y\u00fcrek\u2019e devretti. Sa\u011fl\u0131k Bakanl\u0131\u011f\u0131 g\u00f6revini devreden \u0130zlem G\u00fcr\u00e7a\u011f Altu\u011fra,<\/p>\n","protected":false},"author":1,"featured_media":12100,"comment_status":"open","ping_status":"open","sticky":false,"template":"","format":"standard","meta":{"footnotes":""},"categories":[1],"tags":[],"class_list":["post-12099","post","type-post","status-publish","format-standard","has-post-thumbnail","hentry","category-gundem"],"yoast_head":"<!-- This site is optimized with the Yoast SEO plugin v27.5 - https:\/\/yoast.com\/product\/yoast-seo-wordpress\/ -->\n<title>Altu\u011fra, Sa\u011fl\u0131k Bakanl\u0131\u011f\u0131 g\u00f6revini Din\u00e7y\u00fcrek\u2019e devretti -<\/title>\n<meta name=\"robots\" content=\"index, follow, max-snippet:-1, max-image-preview:large, max-video-preview:-1\" \/>\n<link rel=\"canonical\" href=\"https:\/\/kibrisdakik.com\/?p=12099\" \/>\n<meta property=\"og:locale\" content=\"tr_TR\" \/>\n<meta property=\"og:type\" content=\"article\" \/>\n<meta property=\"og:title\" content=\"Altu\u011fra, Sa\u011fl\u0131k Bakanl\u0131\u011f\u0131 g\u00f6revini Din\u00e7y\u00fcrek\u2019e devretti -\" \/>\n<meta property=\"og:description\" content=\"Ulusal Birlik Partisi (UBP)- Demokrat Parti (DP)- Yeniden Do\u011fu\u015f Partisi (YDP) koalisyon h\u00fck\u00fcmeti kabinesindeki de\u011fi\u015fikli\u011fin ard\u0131ndan kabinenin yeni \u00fcyeleri g\u00f6revlerini eski bakanlardan devralarak mesaiye ba\u015fl\u0131yor. Bug\u00fcnk\u00fc ilk g\u00f6rev devir teslim t\u00f6reni Sa\u011fl\u0131k Bakanl\u0131\u011f\u0131\u2019nda oldu. Girne milletvekili \u0130zlem G\u00fcr\u00e7a\u011f Altu\u011fra, Sa\u011fl\u0131k Bakanl\u0131\u011f\u0131 g\u00f6revini UBP Gazima\u011fusa milletvekili Hakan Din\u00e7y\u00fcrek\u2019e devretti. Sa\u011fl\u0131k Bakanl\u0131\u011f\u0131 g\u00f6revini devreden \u0130zlem G\u00fcr\u00e7a\u011f Altu\u011fra,\" \/>\n<meta property=\"og:url\" content=\"https:\/\/kibrisdakik.com\/?p=12099\" \/>\n<meta property=\"article:published_time\" content=\"2023-08-14T08:19:57+00:00\" \/>\n<meta property=\"og:image\" content=\"https:\/\/kibrisdakik.com\/wp-content\/uploads\/2023\/08\/asdkajhsdkajh-740x420.jpeg\" \/>\n\t<meta property=\"og:image:width\" content=\"1200\" \/>\n\t<meta property=\"og:image:height\" content=\"644\" \/>\n\t<meta property=\"og:image:type\" content=\"image\/jpeg\" \/>\n<meta name=\"author\" content=\"admin\" \/>\n<meta name=\"twitter:card\" content=\"summary_large_image\" \/>\n<meta name=\"twitter:label1\" content=\"Yazan:\" \/>\n\t<meta name=\"twitter:data1\" content=\"admin\" \/>\n\t<meta name=\"twitter:label2\" content=\"Tahmini okuma s\u00fcresi\" \/>\n\t<meta name=\"twitter:data2\" content=\"2 dakika\" \/>\n<script type=\"application\/ld+json\" class=\"yoast-schema-graph\">{\"@context\":\"https:\\\/\\\/schema.org\",\"@graph\":[{\"@type\":\"Article\",\"@id\":\"https:\\\/\\\/kibrisdakik.com\\\/?p=12099#article\",\"isPartOf\":{\"@id\":\"https:\\\/\\\/kibrisdakik.com\\\/?p=12099\"},\"author\":{\"name\":\"admin\",\"@id\":\"https:\\\/\\\/kibrisdakik.com\\\/#\\\/schema\\\/person\\\/9cd9d437bbb44f72b73ba127e06d8e79\"},\"headline\":\"Altu\u011fra, Sa\u011fl\u0131k Bakanl\u0131\u011f\u0131 g\u00f6revini Din\u00e7y\u00fcrek\u2019e devretti\",\"datePublished\":\"2023-08-14T08:19:57+00:00\",\"mainEntityOfPage\":{\"@id\":\"https:\\\/\\\/kibrisdakik.com\\\/?p=12099\"},\"wordCount\":421,\"commentCount\":0,\"image\":{\"@id\":\"https:\\\/\\\/kibrisdakik.com\\\/?p=12099#primaryimage\"},\"thumbnailUrl\":\"https:\\\/\\\/kibrisdakik.com\\\/wp-content\\\/uploads\\\/2023\\\/08\\\/asdkajhsdkajh-740x420.jpeg\",\"articleSection\":[\"G\u00fcndem\"],\"inLanguage\":\"tr\",\"potentialAction\":[{\"@type\":\"CommentAction\",\"name\":\"Comment\",\"target\":[\"https:\\\/\\\/kibrisdakik.com\\\/?p=12099#respond\"]}]},{\"@type\":\"WebPage\",\"@id\":\"https:\\\/\\\/kibrisdakik.com\\\/?p=12099\",\"url\":\"https:\\\/\\\/kibrisdakik.com\\\/?p=12099\",\"name\":\"Altu\u011fra, Sa\u011fl\u0131k Bakanl\u0131\u011f\u0131 g\u00f6revini Din\u00e7y\u00fcrek\u2019e devretti -\",\"isPartOf\":{\"@id\":\"https:\\\/\\\/kibrisdakik.com\\\/#website\"},\"primaryImageOfPage\":{\"@id\":\"https:\\\/\\\/kibrisdakik.com\\\/?p=12099#primaryimage\"},\"image\":{\"@id\":\"https:\\\/\\\/kibrisdakik.com\\\/?p=12099#primaryimage\"},\"thumbnailUrl\":\"https:\\\/\\\/kibrisdakik.com\\\/wp-content\\\/uploads\\\/2023\\\/08\\\/asdkajhsdkajh-740x420.jpeg\",\"datePublished\":\"2023-08-14T08:19:57+00:00\",\"author\":{\"@id\":\"https:\\\/\\\/kibrisdakik.com\\\/#\\\/schema\\\/person\\\/9cd9d437bbb44f72b73ba127e06d8e79\"},\"breadcrumb\":{\"@id\":\"https:\\\/\\\/kibrisdakik.com\\\/?p=12099#breadcrumb\"},\"inLanguage\":\"tr\",\"potentialAction\":[{\"@type\":\"ReadAction\",\"target\":[\"https:\\\/\\\/kibrisdakik.com\\\/?p=12099\"]}]},{\"@type\":\"ImageObject\",\"inLanguage\":\"tr\",\"@id\":\"https:\\\/\\\/kibrisdakik.com\\\/?p=12099#primaryimage\",\"url\":\"https:\\\/\\\/kibrisdakik.com\\\/wp-content\\\/uploads\\\/2023\\\/08\\\/asdkajhsdkajh-740x420.jpeg\",\"contentUrl\":\"https:\\\/\\\/kibrisdakik.com\\\/wp-content\\\/uploads\\\/2023\\\/08\\\/asdkajhsdkajh-740x420.jpeg\",\"width\":1200,\"height\":644},{\"@type\":\"BreadcrumbList\",\"@id\":\"https:\\\/\\\/kibrisdakik.com\\\/?p=12099#breadcrumb\",\"itemListElement\":[{\"@type\":\"ListItem\",\"position\":1,\"name\":\"Home\",\"item\":\"https:\\\/\\\/kibrisdakik.com\\\/\"},{\"@type\":\"ListItem\",\"position\":2,\"name\":\"Altu\u011fra, Sa\u011fl\u0131k Bakanl\u0131\u011f\u0131 g\u00f6revini Din\u00e7y\u00fcrek\u2019e devretti\"}]},{\"@type\":\"WebSite\",\"@id\":\"https:\\\/\\\/kibrisdakik.com\\\/#website\",\"url\":\"https:\\\/\\\/kibrisdakik.com\\\/\",\"name\":\"\",\"description\":\"Tam vaktinde haber\",\"potentialAction\":[{\"@type\":\"SearchAction\",\"target\":{\"@type\":\"EntryPoint\",\"urlTemplate\":\"https:\\\/\\\/kibrisdakik.com\\\/?s={search_term_string}\"},\"query-input\":{\"@type\":\"PropertyValueSpecification\",\"valueRequired\":true,\"valueName\":\"search_term_string\"}}],\"inLanguage\":\"tr\"},{\"@type\":\"Person\",\"@id\":\"https:\\\/\\\/kibrisdakik.com\\\/#\\\/schema\\\/person\\\/9cd9d437bbb44f72b73ba127e06d8e79\",\"name\":\"admin\",\"image\":{\"@type\":\"ImageObject\",\"inLanguage\":\"tr\",\"@id\":\"https:\\\/\\\/secure.gravatar.com\\\/avatar\\\/ccc17943b9d660506c869530f897617f7cb1c21a4bf30023f252596d83e1f007?s=96&d=mm&r=g\",\"url\":\"https:\\\/\\\/secure.gravatar.com\\\/avatar\\\/ccc17943b9d660506c869530f897617f7cb1c21a4bf30023f252596d83e1f007?s=96&d=mm&r=g\",\"contentUrl\":\"https:\\\/\\\/secure.gravatar.com\\\/avatar\\\/ccc17943b9d660506c869530f897617f7cb1c21a4bf30023f252596d83e1f007?s=96&d=mm&r=g\",\"caption\":\"admin\"},\"sameAs\":[\"https:\\\/\\\/kibrisdakik.com\"],\"url\":\"https:\\\/\\\/kibrisdakik.com\\\/?author=1\"}]}<\/script>\n<!-- \/ Yoast SEO plugin. -->","yoast_head_json":{"title":"Altu\u011fra, Sa\u011fl\u0131k Bakanl\u0131\u011f\u0131 g\u00f6revini Din\u00e7y\u00fcrek\u2019e devretti -","robots":{"index":"index","follow":"follow","max-snippet":"max-snippet:-1","max-image-preview":"max-image-preview:large","max-video-preview":"max-video-preview:-1"},"canonical":"https:\/\/kibrisdakik.com\/?p=12099","og_locale":"tr_TR","og_type":"article","og_title":"Altu\u011fra, Sa\u011fl\u0131k Bakanl\u0131\u011f\u0131 g\u00f6revini Din\u00e7y\u00fcrek\u2019e devretti -","og_description":"Ulusal Birlik Partisi (UBP)- Demokrat Parti (DP)- Yeniden Do\u011fu\u015f Partisi (YDP) koalisyon h\u00fck\u00fcmeti kabinesindeki de\u011fi\u015fikli\u011fin ard\u0131ndan kabinenin yeni \u00fcyeleri g\u00f6revlerini eski bakanlardan devralarak mesaiye ba\u015fl\u0131yor. Bug\u00fcnk\u00fc ilk g\u00f6rev devir teslim t\u00f6reni Sa\u011fl\u0131k Bakanl\u0131\u011f\u0131\u2019nda oldu. Girne milletvekili \u0130zlem G\u00fcr\u00e7a\u011f Altu\u011fra, Sa\u011fl\u0131k Bakanl\u0131\u011f\u0131 g\u00f6revini UBP Gazima\u011fusa milletvekili Hakan Din\u00e7y\u00fcrek\u2019e devretti. Sa\u011fl\u0131k Bakanl\u0131\u011f\u0131 g\u00f6revini devreden \u0130zlem G\u00fcr\u00e7a\u011f Altu\u011fra,","og_url":"https:\/\/kibrisdakik.com\/?p=12099","article_published_time":"2023-08-14T08:19:57+00:00","og_image":[{"width":1200,"height":644,"url":"https:\/\/kibrisdakik.com\/wp-content\/uploads\/2023\/08\/asdkajhsdkajh-740x420.jpeg","type":"image\/jpeg"}],"author":"admin","twitter_card":"summary_large_image","twitter_misc":{"Yazan:":"admin","Tahmini okuma s\u00fcresi":"2 dakika"},"schema":{"@context":"https:\/\/schema.org","@graph":[{"@type":"Article","@id":"https:\/\/kibrisdakik.com\/?p=12099#article","isPartOf":{"@id":"https:\/\/kibrisdakik.com\/?p=12099"},"author":{"name":"admin","@id":"https:\/\/kibrisdakik.com\/#\/schema\/person\/9cd9d437bbb44f72b73ba127e06d8e79"},"headline":"Altu\u011fra, Sa\u011fl\u0131k Bakanl\u0131\u011f\u0131 g\u00f6revini Din\u00e7y\u00fcrek\u2019e devretti","datePublished":"2023-08-14T08:19:57+00:00","mainEntityOfPage":{"@id":"https:\/\/kibrisdakik.com\/?p=12099"},"wordCount":421,"commentCount":0,"image":{"@id":"https:\/\/kibrisdakik.com\/?p=12099#primaryimage"},"thumbnailUrl":"https:\/\/kibrisdakik.com\/wp-content\/uploads\/2023\/08\/asdkajhsdkajh-740x420.jpeg","articleSection":["G\u00fcndem"],"inLanguage":"tr","potentialAction":[{"@type":"CommentAction","name":"Comment","target":["https:\/\/kibrisdakik.com\/?p=12099#respond"]}]},{"@type":"WebPage","@id":"https:\/\/kibrisdakik.com\/?p=12099","url":"https:\/\/kibrisdakik.com\/?p=12099","name":"Altu\u011fra, Sa\u011fl\u0131k Bakanl\u0131\u011f\u0131 g\u00f6revini Din\u00e7y\u00fcrek\u2019e devretti -","isPartOf":{"@id":"https:\/\/kibrisdakik.com\/#website"},"primaryImageOfPage":{"@id":"https:\/\/kibrisdakik.com\/?p=12099#primaryimage"},"image":{"@id":"https:\/\/kibrisdakik.com\/?p=12099#primaryimage"},"thumbnailUrl":"https:\/\/kibrisdakik.com\/wp-content\/uploads\/2023\/08\/asdkajhsdkajh-740x420.jpeg","datePublished":"2023-08-14T08:19:57+00:00","author":{"@id":"https:\/\/kibrisdakik.com\/#\/schema\/person\/9cd9d437bbb44f72b73ba127e06d8e79"},"breadcrumb":{"@id":"https:\/\/kibrisdakik.com\/?p=12099#breadcrumb"},"inLanguage":"tr","potentialAction":[{"@type":"ReadAction","target":["https:\/\/kibrisdakik.com\/?p=12099"]}]},{"@type":"ImageObject","inLanguage":"tr","@id":"https:\/\/kibrisdakik.com\/?p=12099#primaryimage","url":"https:\/\/kibrisdakik.com\/wp-content\/uploads\/2023\/08\/asdkajhsdkajh-740x420.jpeg","contentUrl":"https:\/\/kibrisdakik.com\/wp-content\/uploads\/2023\/08\/asdkajhsdkajh-740x420.jpeg","width":1200,"height":644},{"@type":"BreadcrumbList","@id":"https:\/\/kibrisdakik.com\/?p=12099#breadcrumb","itemListElement":[{"@type":"ListItem","position":1,"name":"Home","item":"https:\/\/kibrisdakik.com\/"},{"@type":"ListItem","position":2,"name":"Altu\u011fra, Sa\u011fl\u0131k Bakanl\u0131\u011f\u0131 g\u00f6revini Din\u00e7y\u00fcrek\u2019e devretti"}]},{"@type":"WebSite","@id":"https:\/\/kibrisdakik.com\/#website","url":"https:\/\/kibrisdakik.com\/","name":"","description":"Tam vaktinde haber","potentialAction":[{"@type":"SearchAction","target":{"@type":"EntryPoint","urlTemplate":"https:\/\/kibrisdakik.com\/?s={search_term_string}"},"query-input":{"@type":"PropertyValueSpecification","valueRequired":true,"valueName":"search_term_string"}}],"inLanguage":"tr"},{"@type":"Person","@id":"https:\/\/kibrisdakik.com\/#\/schema\/person\/9cd9d437bbb44f72b73ba127e06d8e79","name":"admin","image":{"@type":"ImageObject","inLanguage":"tr","@id":"https:\/\/secure.gravatar.com\/avatar\/ccc17943b9d660506c869530f897617f7cb1c21a4bf30023f252596d83e1f007?s=96&d=mm&r=g","url":"https:\/\/secure.gravatar.com\/avatar\/ccc17943b9d660506c869530f897617f7cb1c21a4bf30023f252596d83e1f007?s=96&d=mm&r=g","contentUrl":"https:\/\/secure.gravatar.com\/avatar\/ccc17943b9d660506c869530f897617f7cb1c21a4bf30023f252596d83e1f007?s=96&d=mm&r=g","caption":"admin"},"sameAs":["https:\/\/kibrisdakik.com"],"url":"https:\/\/kibrisdakik.com\/?author=1"}]}},"_links":{"self":[{"href":"https:\/\/kibrisdakik.com\/index.php?rest_route=\/wp\/v2\/posts\/12099","targetHints":{"allow":["GET"]}}],"collection":[{"href":"https:\/\/kibrisdakik.com\/index.php?rest_route=\/wp\/v2\/posts"}],"about":[{"href":"https:\/\/kibrisdakik.com\/index.php?rest_route=\/wp\/v2\/types\/post"}],"author":[{"embeddable":true,"href":"https:\/\/kibrisdakik.com\/index.php?rest_route=\/wp\/v2\/users\/1"}],"replies":[{"embeddable":true,"href":"https:\/\/kibrisdakik.com\/index.php?rest_route=%2Fwp%2Fv2%2Fcomments&post=12099"}],"version-history":[{"count":0,"href":"https:\/\/kibrisdakik.com\/index.php?rest_route=\/wp\/v2\/posts\/12099\/revisions"}],"wp:featuredmedia":[{"embeddable":true,"href":"https:\/\/kibrisdakik.com\/index.php?rest_route=\/wp\/v2\/media\/12100"}],"wp:attachment":[{"href":"https:\/\/kibrisdakik.com\/index.php?rest_route=%2Fwp%2Fv2%2Fmedia&parent=12099"}],"wp:term":[{"taxonomy":"category","embeddable":true,"href":"https:\/\/kibrisdakik.com\/index.php?rest_route=%2Fwp%2Fv2%2Fcategories&post=12099"},{"taxonomy":"post_tag","embeddable":true,"href":"https:\/\/kibrisdakik.com\/index.php?rest_route=%2Fwp%2Fv2%2Ftags&post=12099"}],"curies":[{"name":"wp","href":"https:\/\/api.w.org\/{rel}","templated":true}]}}