{"id":12105,"date":"2023-08-14T09:21:02","date_gmt":"2023-08-14T09:21:02","guid":{"rendered":"https:\/\/kibrisdakik.com\/index.php\/2023\/08\/14\/calisma-ve-sosyal-guvenlik-bakani-sadik-gardiyanoglu-gorevi-devraldi\/"},"modified":"2023-08-14T09:21:02","modified_gmt":"2023-08-14T09:21:02","slug":"calisma-ve-sosyal-guvenlik-bakani-sadik-gardiyanoglu-gorevi-devraldi","status":"publish","type":"post","link":"https:\/\/kibrisdakik.com\/?p=12105","title":{"rendered":"\u00c7al\u0131\u015fma ve Sosyal G\u00fcvenlik Bakan\u0131 Sad\u0131k Gardiyano\u011flu g\u00f6revi devrald\u0131"},"content":{"rendered":"<p><\/p>\n<div>\n<div class=\"mariselle-image-container center\">\n                <img width=\"2560\" height=\"1098\" class=\"lazy-image\" alt=\"\" decoding=\"async\" loading=\"lazy\" sizes=\"auto, (max-width: 2560px) 100vw, 2560px\" src=\"https:\/\/brtk.net\/wp-content\/uploads\/2023\/08\/14\/askhdkajhs-scaled.jpg?ver=63ba76c18db0cf984f0a1bc010bccb46\" srcset=\"https:\/\/brtk.net\/wp-content\/uploads\/2023\/08\/14\/askhdkajhs-scaled.jpg?ver=63ba76c18db0cf984f0a1bc010bccb46 2560w, https:\/\/brtk.net\/wp-content\/uploads\/2023\/08\/14\/askhdkajhs-300x129.jpg?ver=63ba76c18db0cf984f0a1bc010bccb46 300w, https:\/\/brtk.net\/wp-content\/uploads\/2023\/08\/14\/askhdkajhs-1024x439.jpg?ver=63ba76c18db0cf984f0a1bc010bccb46 1024w, https:\/\/brtk.net\/wp-content\/uploads\/2023\/08\/14\/askhdkajhs-768x329.jpg?ver=1653294c73fb3f8e7b13f1c694801000 768w, https:\/\/brtk.net\/wp-content\/uploads\/2023\/08\/14\/askhdkajhs-1536x659.jpg?ver=1653294c73fb3f8e7b13f1c694801000 1536w, https:\/\/brtk.net\/wp-content\/uploads\/2023\/08\/14\/askhdkajhs-2048x878.jpg?ver=bbaabad68d582c4e0b6544ee02e0dec2 2048w\"\/>                            <\/div>\n<p>\u00c7al\u0131\u015fma ve Sosyal G\u00fcvenlik Bakanl\u0131\u011f\u0131 g\u00f6revine atanan Sad\u0131k Gardiyano\u011flu g\u00f6revi Hasan Ta\u00e7oy\u2019dan devrald\u0131.<\/p>\n<p>Bakanl\u0131ktan yap\u0131lan a\u00e7\u0131klamaya g\u00f6re, devir teslim t\u00f6reninde konu\u015fan Hasan Ta\u00e7oy, \u00c7al\u0131\u015fma ve Sosyal G\u00fcvenlik Bakanl\u0131\u011f\u0131\u2019n\u0131n ya\u015fam \u00f6ncesi, ya\u015fam boyu ve ya\u015fam sonras\u0131 olmak \u00fczere hizmet veren bir yap\u0131ya sahip oldu\u011funu belirterek bakanl\u0131\u011f\u0131n \u00f6nemi ve sorumlulu\u011funun \u00e7ok b\u00fcy\u00fck oldu\u011funu  vurgulad\u0131. Bu bilin\u00e7le hareket edilmesinin \u00f6neminin alt\u0131n\u0131 \u00e7izen Ta\u00e7oy, ba\u015flat\u0131lan projelerle ilgili bilgiler aktard\u0131 ve yar\u0131m kalmamas\u0131 arzusunu dile getirdi. Ta\u00e7oy, \u00c7al\u0131\u015fma ve Sosyal G\u00fcvenlik Bakanl\u0131\u011f\u0131 g\u00f6revine atanan Sad\u0131k Gardiyano\u011flu\u2019na g\u00f6revinde ba\u015far\u0131lar diledi.<\/p>\n<p>Gardiyano\u011flu da konu\u015fmas\u0131nda, bunun bir bayrak yar\u0131\u015f\u0131 oldu\u011funu vurgulayarak,  tecr\u00fcbeli ufku a\u00e7\u0131k bir kadro ile \u00e7al\u0131\u015facak olmaktan son derece mutlu oldu\u011funu kaydetti.<\/p>\n<p>B\u00fcy\u00fck emek ve fedekarl\u0131klarla ba\u015flat\u0131lan t\u00fcm projelerin tamamlanaca\u011f\u0131n\u0131 dile getiren Gardiyano\u011flu, do\u011fumdan \u00f6l\u00fcme kadar halka bire bir dokunan en geni\u015f tabanl\u0131 bakanl\u0131k olan \u00c7al\u0131\u015fma ve Sosyal G\u00fcvenlik Bakanl\u0131\u011f\u0131\u2019n\u0131 bulundu\u011fu noktadan daha iyi bir yere ta\u015f\u0131mak i\u00e7in \u00e7al\u0131\u015facaklar\u0131n\u0131 kaydetti. Gardiyano\u011flu, g\u00f6rev s\u00fcresi boyunca \u00c7al\u0131\u015fma ve Sosyal G\u00fcvenlik Bakanl\u0131\u011f\u0131\u2019n\u0131 bakanl\u0131\u011fa ba\u011fl\u0131 daireleri ile birlikte tek bir \u00e7at\u0131 alt\u0131nda toplayarak en iyi hizmetin halka sunulmas\u0131n\u0131n ba\u015fl\u0131ca hedefleri aras\u0131nda olaca\u011f\u0131n\u0131 s\u00f6yledi.  <\/p>\n<p>Gardiyano\u011flu Ta\u00e7oy\u2019a hizmetlerinden \u00f6t\u00fcr\u00fc te\u015fekk\u00fcr etti.<\/p>\n<\/p><\/div>\n<p><script async\n                    defer\n                    crossorigin=\"anonymous\"\n                    src=\"https:\/\/connect.facebook.net\/tr_TR\/sdk.js#xfbml=1&#038;version=v3.3\"\n            ><\/script><\/p>\n","protected":false},"excerpt":{"rendered":"<p>\u00c7al\u0131\u015fma ve Sosyal G\u00fcvenlik Bakanl\u0131\u011f\u0131 g\u00f6revine atanan Sad\u0131k Gardiyano\u011flu g\u00f6revi Hasan Ta\u00e7oy\u2019dan devrald\u0131. Bakanl\u0131ktan yap\u0131lan a\u00e7\u0131klamaya g\u00f6re, devir teslim t\u00f6reninde konu\u015fan Hasan Ta\u00e7oy, \u00c7al\u0131\u015fma ve Sosyal G\u00fcvenlik Bakanl\u0131\u011f\u0131\u2019n\u0131n ya\u015fam \u00f6ncesi, ya\u015fam boyu ve ya\u015fam sonras\u0131 olmak \u00fczere hizmet veren bir yap\u0131ya sahip oldu\u011funu belirterek bakanl\u0131\u011f\u0131n \u00f6nemi ve sorumlulu\u011funun \u00e7ok b\u00fcy\u00fck oldu\u011funu vurgulad\u0131. Bu bilin\u00e7le hareket<\/p>\n","protected":false},"author":1,"featured_media":12106,"comment_status":"open","ping_status":"open","sticky":false,"template":"","format":"standard","meta":{"footnotes":""},"categories":[1],"tags":[],"class_list":["post-12105","post","type-post","status-publish","format-standard","has-post-thumbnail","hentry","category-gundem"],"yoast_head":"<!-- This site is optimized with the Yoast SEO plugin v27.5 - https:\/\/yoast.com\/product\/yoast-seo-wordpress\/ -->\n<title>\u00c7al\u0131\u015fma ve Sosyal G\u00fcvenlik Bakan\u0131 Sad\u0131k Gardiyano\u011flu g\u00f6revi devrald\u0131 -<\/title>\n<meta name=\"robots\" content=\"index, follow, max-snippet:-1, max-image-preview:large, max-video-preview:-1\" \/>\n<link rel=\"canonical\" href=\"https:\/\/kibrisdakik.com\/?p=12105\" \/>\n<meta property=\"og:locale\" content=\"tr_TR\" \/>\n<meta property=\"og:type\" content=\"article\" \/>\n<meta property=\"og:title\" content=\"\u00c7al\u0131\u015fma ve Sosyal G\u00fcvenlik Bakan\u0131 Sad\u0131k Gardiyano\u011flu g\u00f6revi devrald\u0131 -\" \/>\n<meta property=\"og:description\" content=\"\u00c7al\u0131\u015fma ve Sosyal G\u00fcvenlik Bakanl\u0131\u011f\u0131 g\u00f6revine atanan Sad\u0131k Gardiyano\u011flu g\u00f6revi Hasan Ta\u00e7oy\u2019dan devrald\u0131. Bakanl\u0131ktan yap\u0131lan a\u00e7\u0131klamaya g\u00f6re, devir teslim t\u00f6reninde konu\u015fan Hasan Ta\u00e7oy, \u00c7al\u0131\u015fma ve Sosyal G\u00fcvenlik Bakanl\u0131\u011f\u0131\u2019n\u0131n ya\u015fam \u00f6ncesi, ya\u015fam boyu ve ya\u015fam sonras\u0131 olmak \u00fczere hizmet veren bir yap\u0131ya sahip oldu\u011funu belirterek bakanl\u0131\u011f\u0131n \u00f6nemi ve sorumlulu\u011funun \u00e7ok b\u00fcy\u00fck oldu\u011funu vurgulad\u0131. Bu bilin\u00e7le hareket\" \/>\n<meta property=\"og:url\" content=\"https:\/\/kibrisdakik.com\/?p=12105\" \/>\n<meta property=\"article:published_time\" content=\"2023-08-14T09:21:02+00:00\" \/>\n<meta property=\"og:image\" content=\"https:\/\/kibrisdakik.com\/wp-content\/uploads\/2023\/08\/askhdkajhs-scaled-740x420.jpg\" \/>\n\t<meta property=\"og:image:width\" content=\"2560\" \/>\n\t<meta property=\"og:image:height\" content=\"1098\" \/>\n\t<meta property=\"og:image:type\" content=\"image\/jpeg\" \/>\n<meta name=\"author\" content=\"admin\" \/>\n<meta name=\"twitter:card\" content=\"summary_large_image\" \/>\n<meta name=\"twitter:label1\" content=\"Yazan:\" \/>\n\t<meta name=\"twitter:data1\" content=\"admin\" \/>\n\t<meta name=\"twitter:label2\" content=\"Tahmini okuma s\u00fcresi\" \/>\n\t<meta name=\"twitter:data2\" content=\"1 dakika\" \/>\n<script type=\"application\/ld+json\" class=\"yoast-schema-graph\">{\"@context\":\"https:\\\/\\\/schema.org\",\"@graph\":[{\"@type\":\"Article\",\"@id\":\"https:\\\/\\\/kibrisdakik.com\\\/?p=12105#article\",\"isPartOf\":{\"@id\":\"https:\\\/\\\/kibrisdakik.com\\\/?p=12105\"},\"author\":{\"name\":\"admin\",\"@id\":\"https:\\\/\\\/kibrisdakik.com\\\/#\\\/schema\\\/person\\\/9cd9d437bbb44f72b73ba127e06d8e79\"},\"headline\":\"\u00c7al\u0131\u015fma ve Sosyal G\u00fcvenlik Bakan\u0131 Sad\u0131k Gardiyano\u011flu g\u00f6revi devrald\u0131\",\"datePublished\":\"2023-08-14T09:21:02+00:00\",\"mainEntityOfPage\":{\"@id\":\"https:\\\/\\\/kibrisdakik.com\\\/?p=12105\"},\"wordCount\":287,\"commentCount\":0,\"image\":{\"@id\":\"https:\\\/\\\/kibrisdakik.com\\\/?p=12105#primaryimage\"},\"thumbnailUrl\":\"https:\\\/\\\/kibrisdakik.com\\\/wp-content\\\/uploads\\\/2023\\\/08\\\/askhdkajhs-scaled-740x420.jpg\",\"articleSection\":[\"G\u00fcndem\"],\"inLanguage\":\"tr\",\"potentialAction\":[{\"@type\":\"CommentAction\",\"name\":\"Comment\",\"target\":[\"https:\\\/\\\/kibrisdakik.com\\\/?p=12105#respond\"]}]},{\"@type\":\"WebPage\",\"@id\":\"https:\\\/\\\/kibrisdakik.com\\\/?p=12105\",\"url\":\"https:\\\/\\\/kibrisdakik.com\\\/?p=12105\",\"name\":\"\u00c7al\u0131\u015fma ve Sosyal G\u00fcvenlik Bakan\u0131 Sad\u0131k Gardiyano\u011flu g\u00f6revi devrald\u0131 -\",\"isPartOf\":{\"@id\":\"https:\\\/\\\/kibrisdakik.com\\\/#website\"},\"primaryImageOfPage\":{\"@id\":\"https:\\\/\\\/kibrisdakik.com\\\/?p=12105#primaryimage\"},\"image\":{\"@id\":\"https:\\\/\\\/kibrisdakik.com\\\/?p=12105#primaryimage\"},\"thumbnailUrl\":\"https:\\\/\\\/kibrisdakik.com\\\/wp-content\\\/uploads\\\/2023\\\/08\\\/askhdkajhs-scaled-740x420.jpg\",\"datePublished\":\"2023-08-14T09:21:02+00:00\",\"author\":{\"@id\":\"https:\\\/\\\/kibrisdakik.com\\\/#\\\/schema\\\/person\\\/9cd9d437bbb44f72b73ba127e06d8e79\"},\"breadcrumb\":{\"@id\":\"https:\\\/\\\/kibrisdakik.com\\\/?p=12105#breadcrumb\"},\"inLanguage\":\"tr\",\"potentialAction\":[{\"@type\":\"ReadAction\",\"target\":[\"https:\\\/\\\/kibrisdakik.com\\\/?p=12105\"]}]},{\"@type\":\"ImageObject\",\"inLanguage\":\"tr\",\"@id\":\"https:\\\/\\\/kibrisdakik.com\\\/?p=12105#primaryimage\",\"url\":\"https:\\\/\\\/kibrisdakik.com\\\/wp-content\\\/uploads\\\/2023\\\/08\\\/askhdkajhs-scaled-740x420.jpg\",\"contentUrl\":\"https:\\\/\\\/kibrisdakik.com\\\/wp-content\\\/uploads\\\/2023\\\/08\\\/askhdkajhs-scaled-740x420.jpg\",\"width\":2560,\"height\":1098},{\"@type\":\"BreadcrumbList\",\"@id\":\"https:\\\/\\\/kibrisdakik.com\\\/?p=12105#breadcrumb\",\"itemListElement\":[{\"@type\":\"ListItem\",\"position\":1,\"name\":\"Home\",\"item\":\"https:\\\/\\\/kibrisdakik.com\\\/\"},{\"@type\":\"ListItem\",\"position\":2,\"name\":\"\u00c7al\u0131\u015fma ve Sosyal G\u00fcvenlik Bakan\u0131 Sad\u0131k Gardiyano\u011flu g\u00f6revi devrald\u0131\"}]},{\"@type\":\"WebSite\",\"@id\":\"https:\\\/\\\/kibrisdakik.com\\\/#website\",\"url\":\"https:\\\/\\\/kibrisdakik.com\\\/\",\"name\":\"\",\"description\":\"Tam vaktinde haber\",\"potentialAction\":[{\"@type\":\"SearchAction\",\"target\":{\"@type\":\"EntryPoint\",\"urlTemplate\":\"https:\\\/\\\/kibrisdakik.com\\\/?s={search_term_string}\"},\"query-input\":{\"@type\":\"PropertyValueSpecification\",\"valueRequired\":true,\"valueName\":\"search_term_string\"}}],\"inLanguage\":\"tr\"},{\"@type\":\"Person\",\"@id\":\"https:\\\/\\\/kibrisdakik.com\\\/#\\\/schema\\\/person\\\/9cd9d437bbb44f72b73ba127e06d8e79\",\"name\":\"admin\",\"image\":{\"@type\":\"ImageObject\",\"inLanguage\":\"tr\",\"@id\":\"https:\\\/\\\/secure.gravatar.com\\\/avatar\\\/ccc17943b9d660506c869530f897617f7cb1c21a4bf30023f252596d83e1f007?s=96&d=mm&r=g\",\"url\":\"https:\\\/\\\/secure.gravatar.com\\\/avatar\\\/ccc17943b9d660506c869530f897617f7cb1c21a4bf30023f252596d83e1f007?s=96&d=mm&r=g\",\"contentUrl\":\"https:\\\/\\\/secure.gravatar.com\\\/avatar\\\/ccc17943b9d660506c869530f897617f7cb1c21a4bf30023f252596d83e1f007?s=96&d=mm&r=g\",\"caption\":\"admin\"},\"sameAs\":[\"https:\\\/\\\/kibrisdakik.com\"],\"url\":\"https:\\\/\\\/kibrisdakik.com\\\/?author=1\"}]}<\/script>\n<!-- \/ Yoast SEO plugin. -->","yoast_head_json":{"title":"\u00c7al\u0131\u015fma ve Sosyal G\u00fcvenlik Bakan\u0131 Sad\u0131k Gardiyano\u011flu g\u00f6revi devrald\u0131 -","robots":{"index":"index","follow":"follow","max-snippet":"max-snippet:-1","max-image-preview":"max-image-preview:large","max-video-preview":"max-video-preview:-1"},"canonical":"https:\/\/kibrisdakik.com\/?p=12105","og_locale":"tr_TR","og_type":"article","og_title":"\u00c7al\u0131\u015fma ve Sosyal G\u00fcvenlik Bakan\u0131 Sad\u0131k Gardiyano\u011flu g\u00f6revi devrald\u0131 -","og_description":"\u00c7al\u0131\u015fma ve Sosyal G\u00fcvenlik Bakanl\u0131\u011f\u0131 g\u00f6revine atanan Sad\u0131k Gardiyano\u011flu g\u00f6revi Hasan Ta\u00e7oy\u2019dan devrald\u0131. Bakanl\u0131ktan yap\u0131lan a\u00e7\u0131klamaya g\u00f6re, devir teslim t\u00f6reninde konu\u015fan Hasan Ta\u00e7oy, \u00c7al\u0131\u015fma ve Sosyal G\u00fcvenlik Bakanl\u0131\u011f\u0131\u2019n\u0131n ya\u015fam \u00f6ncesi, ya\u015fam boyu ve ya\u015fam sonras\u0131 olmak \u00fczere hizmet veren bir yap\u0131ya sahip oldu\u011funu belirterek bakanl\u0131\u011f\u0131n \u00f6nemi ve sorumlulu\u011funun \u00e7ok b\u00fcy\u00fck oldu\u011funu vurgulad\u0131. Bu bilin\u00e7le hareket","og_url":"https:\/\/kibrisdakik.com\/?p=12105","article_published_time":"2023-08-14T09:21:02+00:00","og_image":[{"width":2560,"height":1098,"url":"https:\/\/kibrisdakik.com\/wp-content\/uploads\/2023\/08\/askhdkajhs-scaled-740x420.jpg","type":"image\/jpeg"}],"author":"admin","twitter_card":"summary_large_image","twitter_misc":{"Yazan:":"admin","Tahmini okuma s\u00fcresi":"1 dakika"},"schema":{"@context":"https:\/\/schema.org","@graph":[{"@type":"Article","@id":"https:\/\/kibrisdakik.com\/?p=12105#article","isPartOf":{"@id":"https:\/\/kibrisdakik.com\/?p=12105"},"author":{"name":"admin","@id":"https:\/\/kibrisdakik.com\/#\/schema\/person\/9cd9d437bbb44f72b73ba127e06d8e79"},"headline":"\u00c7al\u0131\u015fma ve Sosyal G\u00fcvenlik Bakan\u0131 Sad\u0131k Gardiyano\u011flu g\u00f6revi devrald\u0131","datePublished":"2023-08-14T09:21:02+00:00","mainEntityOfPage":{"@id":"https:\/\/kibrisdakik.com\/?p=12105"},"wordCount":287,"commentCount":0,"image":{"@id":"https:\/\/kibrisdakik.com\/?p=12105#primaryimage"},"thumbnailUrl":"https:\/\/kibrisdakik.com\/wp-content\/uploads\/2023\/08\/askhdkajhs-scaled-740x420.jpg","articleSection":["G\u00fcndem"],"inLanguage":"tr","potentialAction":[{"@type":"CommentAction","name":"Comment","target":["https:\/\/kibrisdakik.com\/?p=12105#respond"]}]},{"@type":"WebPage","@id":"https:\/\/kibrisdakik.com\/?p=12105","url":"https:\/\/kibrisdakik.com\/?p=12105","name":"\u00c7al\u0131\u015fma ve Sosyal G\u00fcvenlik Bakan\u0131 Sad\u0131k Gardiyano\u011flu g\u00f6revi devrald\u0131 -","isPartOf":{"@id":"https:\/\/kibrisdakik.com\/#website"},"primaryImageOfPage":{"@id":"https:\/\/kibrisdakik.com\/?p=12105#primaryimage"},"image":{"@id":"https:\/\/kibrisdakik.com\/?p=12105#primaryimage"},"thumbnailUrl":"https:\/\/kibrisdakik.com\/wp-content\/uploads\/2023\/08\/askhdkajhs-scaled-740x420.jpg","datePublished":"2023-08-14T09:21:02+00:00","author":{"@id":"https:\/\/kibrisdakik.com\/#\/schema\/person\/9cd9d437bbb44f72b73ba127e06d8e79"},"breadcrumb":{"@id":"https:\/\/kibrisdakik.com\/?p=12105#breadcrumb"},"inLanguage":"tr","potentialAction":[{"@type":"ReadAction","target":["https:\/\/kibrisdakik.com\/?p=12105"]}]},{"@type":"ImageObject","inLanguage":"tr","@id":"https:\/\/kibrisdakik.com\/?p=12105#primaryimage","url":"https:\/\/kibrisdakik.com\/wp-content\/uploads\/2023\/08\/askhdkajhs-scaled-740x420.jpg","contentUrl":"https:\/\/kibrisdakik.com\/wp-content\/uploads\/2023\/08\/askhdkajhs-scaled-740x420.jpg","width":2560,"height":1098},{"@type":"BreadcrumbList","@id":"https:\/\/kibrisdakik.com\/?p=12105#breadcrumb","itemListElement":[{"@type":"ListItem","position":1,"name":"Home","item":"https:\/\/kibrisdakik.com\/"},{"@type":"ListItem","position":2,"name":"\u00c7al\u0131\u015fma ve Sosyal G\u00fcvenlik Bakan\u0131 Sad\u0131k Gardiyano\u011flu g\u00f6revi devrald\u0131"}]},{"@type":"WebSite","@id":"https:\/\/kibrisdakik.com\/#website","url":"https:\/\/kibrisdakik.com\/","name":"","description":"Tam vaktinde haber","potentialAction":[{"@type":"SearchAction","target":{"@type":"EntryPoint","urlTemplate":"https:\/\/kibrisdakik.com\/?s={search_term_string}"},"query-input":{"@type":"PropertyValueSpecification","valueRequired":true,"valueName":"search_term_string"}}],"inLanguage":"tr"},{"@type":"Person","@id":"https:\/\/kibrisdakik.com\/#\/schema\/person\/9cd9d437bbb44f72b73ba127e06d8e79","name":"admin","image":{"@type":"ImageObject","inLanguage":"tr","@id":"https:\/\/secure.gravatar.com\/avatar\/ccc17943b9d660506c869530f897617f7cb1c21a4bf30023f252596d83e1f007?s=96&d=mm&r=g","url":"https:\/\/secure.gravatar.com\/avatar\/ccc17943b9d660506c869530f897617f7cb1c21a4bf30023f252596d83e1f007?s=96&d=mm&r=g","contentUrl":"https:\/\/secure.gravatar.com\/avatar\/ccc17943b9d660506c869530f897617f7cb1c21a4bf30023f252596d83e1f007?s=96&d=mm&r=g","caption":"admin"},"sameAs":["https:\/\/kibrisdakik.com"],"url":"https:\/\/kibrisdakik.com\/?author=1"}]}},"_links":{"self":[{"href":"https:\/\/kibrisdakik.com\/index.php?rest_route=\/wp\/v2\/posts\/12105","targetHints":{"allow":["GET"]}}],"collection":[{"href":"https:\/\/kibrisdakik.com\/index.php?rest_route=\/wp\/v2\/posts"}],"about":[{"href":"https:\/\/kibrisdakik.com\/index.php?rest_route=\/wp\/v2\/types\/post"}],"author":[{"embeddable":true,"href":"https:\/\/kibrisdakik.com\/index.php?rest_route=\/wp\/v2\/users\/1"}],"replies":[{"embeddable":true,"href":"https:\/\/kibrisdakik.com\/index.php?rest_route=%2Fwp%2Fv2%2Fcomments&post=12105"}],"version-history":[{"count":0,"href":"https:\/\/kibrisdakik.com\/index.php?rest_route=\/wp\/v2\/posts\/12105\/revisions"}],"wp:featuredmedia":[{"embeddable":true,"href":"https:\/\/kibrisdakik.com\/index.php?rest_route=\/wp\/v2\/media\/12106"}],"wp:attachment":[{"href":"https:\/\/kibrisdakik.com\/index.php?rest_route=%2Fwp%2Fv2%2Fmedia&parent=12105"}],"wp:term":[{"taxonomy":"category","embeddable":true,"href":"https:\/\/kibrisdakik.com\/index.php?rest_route=%2Fwp%2Fv2%2Fcategories&post=12105"},{"taxonomy":"post_tag","embeddable":true,"href":"https:\/\/kibrisdakik.com\/index.php?rest_route=%2Fwp%2Fv2%2Ftags&post=12105"}],"curies":[{"name":"wp","href":"https:\/\/api.w.org\/{rel}","templated":true}]}}