{"id":12116,"date":"2023-08-14T11:23:11","date_gmt":"2023-08-14T11:23:11","guid":{"rendered":"https:\/\/kibrisdakik.com\/index.php\/2023\/08\/14\/cumhurbaskani-tatarsuleyman-erguclu-her-daim-guclu-sosyal-iliskileri-mesleki-basarisiyla-kalplerimizde-yasayacaktir\/"},"modified":"2023-08-14T11:23:11","modified_gmt":"2023-08-14T11:23:11","slug":"cumhurbaskani-tatarsuleyman-erguclu-her-daim-guclu-sosyal-iliskileri-mesleki-basarisiyla-kalplerimizde-yasayacaktir","status":"publish","type":"post","link":"https:\/\/kibrisdakik.com\/?p=12116","title":{"rendered":"Cumhurba\u015fkan\u0131 Tatar:S\u00fcleyman Erg\u00fc\u00e7l\u00fc her daim g\u00fc\u00e7l\u00fc sosyal ili\u015fkileri, mesleki ba\u015far\u0131s\u0131yla kalplerimizde ya\u015fayacakt\u0131r"},"content":{"rendered":"<p><\/p>\n<div>\n<div class=\"mariselle-image-container center\">\n                <img width=\"696\" height=\"408\" class=\"lazy-image\" alt=\"\" decoding=\"async\" loading=\"lazy\" sizes=\"auto, (max-width: 696px) 100vw, 696px\" src=\"https:\/\/brtk.net\/wp-content\/uploads\/2023\/01\/26\/ersin-tatar-YAZI-YAZARKEN-1536x900-1-696x408-1.jpeg?ver=bcb2bc0eaa11ae9d5c5e6d0f8a3b650b\" srcset=\"https:\/\/brtk.net\/wp-content\/uploads\/2023\/01\/26\/ersin-tatar-YAZI-YAZARKEN-1536x900-1-696x408-1.jpeg?ver=bcb2bc0eaa11ae9d5c5e6d0f8a3b650b 696w, https:\/\/brtk.net\/wp-content\/uploads\/2023\/01\/26\/ersin-tatar-YAZI-YAZARKEN-1536x900-1-696x408-1-300x176.jpeg?ver=bcb2bc0eaa11ae9d5c5e6d0f8a3b650b 300w, https:\/\/brtk.net\/wp-content\/uploads\/2023\/01\/26\/ersin-tatar-YAZI-YAZARKEN-1536x900-1-696x408-1-379x222.jpeg?ver=19b44f2ad9afc110a438b792552bd5d8 379w\"\/>                            <\/div>\n<p>Cumhurba\u015fkan\u0131 <a href=\"https:\/\/brtk.net\/\" target=\"_blank\" rel=\"noopener\">Ersin <\/a><a href=\"https:\/\/brtk.net\/\">Tatar<\/a>, ya\u015fam\u0131n\u0131 kaybeden duayen gazeteci S\u00fcleyman Erg\u00fc\u00e7l\u00fc i\u00e7in taziye mesaj\u0131 yay\u0131mlad\u0131. Cumhurba\u015fkan\u0131 <a href=\"https:\/\/brtk.net\/\">Tatar<\/a>, mesaj\u0131nda \u015fu ifadelere yer verdi:<\/p>\n<p>\u2018K\u0131br\u0131s T\u00fcrk Bas\u0131n\u0131\u2019n\u0131n duayen isimlerinden, y\u0131llarca hem g\u00f6rsel hem yaz\u0131l\u0131 medya alan\u0131nda medya alan\u0131nda \u00f6nemli g\u00f6revlerde bulunmu\u015f S\u00fcleyman Erg\u00fc\u00e7l\u00fc\u2019y\u00fc kaybetmenin derin \u00fcz\u00fcnt\u00fcs\u00fcn\u00fc ya\u015f\u0131yorum.<br \/>S\u00fcleyman Erg\u00fc\u00e7l\u00fc her daim g\u00fc\u00e7l\u00fc sosyal ili\u015fkileri, mesleki ba\u015far\u0131s\u0131yla kalplerimizde ya\u015fayacakt\u0131r.<br \/>Kendisine Allah\u2019tan rahmet, yasl\u0131 ailesine sab\u0131rlar diliyorum. Ailesinin ve t\u00fcm bas\u0131n camias\u0131n\u0131n ba\u015f\u0131 sa\u011f olsun\u2019<\/p>\n<\/p><\/div>\n<p><script async\n                    defer\n                    crossorigin=\"anonymous\"\n                    src=\"https:\/\/connect.facebook.net\/tr_TR\/sdk.js#xfbml=1&#038;version=v3.3\"\n            ><\/script><\/p>\n","protected":false},"excerpt":{"rendered":"<p>Cumhurba\u015fkan\u0131 Ersin Tatar, ya\u015fam\u0131n\u0131 kaybeden duayen gazeteci S\u00fcleyman Erg\u00fc\u00e7l\u00fc i\u00e7in taziye mesaj\u0131 yay\u0131mlad\u0131. Cumhurba\u015fkan\u0131 Tatar, mesaj\u0131nda \u015fu ifadelere yer verdi: \u2018K\u0131br\u0131s T\u00fcrk Bas\u0131n\u0131\u2019n\u0131n duayen isimlerinden, y\u0131llarca hem g\u00f6rsel hem yaz\u0131l\u0131 medya alan\u0131nda medya alan\u0131nda \u00f6nemli g\u00f6revlerde bulunmu\u015f S\u00fcleyman Erg\u00fc\u00e7l\u00fc\u2019y\u00fc kaybetmenin derin \u00fcz\u00fcnt\u00fcs\u00fcn\u00fc ya\u015f\u0131yorum.S\u00fcleyman Erg\u00fc\u00e7l\u00fc her daim g\u00fc\u00e7l\u00fc sosyal ili\u015fkileri, mesleki ba\u015far\u0131s\u0131yla kalplerimizde ya\u015fayacakt\u0131r.Kendisine Allah\u2019tan rahmet,<\/p>\n","protected":false},"author":1,"featured_media":2895,"comment_status":"open","ping_status":"open","sticky":false,"template":"","format":"standard","meta":{"footnotes":""},"categories":[1],"tags":[],"class_list":["post-12116","post","type-post","status-publish","format-standard","has-post-thumbnail","hentry","category-gundem"],"yoast_head":"<!-- This site is optimized with the Yoast SEO plugin v27.5 - https:\/\/yoast.com\/product\/yoast-seo-wordpress\/ -->\n<title>Cumhurba\u015fkan\u0131 Tatar:S\u00fcleyman Erg\u00fc\u00e7l\u00fc her daim g\u00fc\u00e7l\u00fc sosyal ili\u015fkileri, mesleki ba\u015far\u0131s\u0131yla kalplerimizde ya\u015fayacakt\u0131r -<\/title>\n<meta name=\"robots\" content=\"index, follow, max-snippet:-1, max-image-preview:large, max-video-preview:-1\" \/>\n<link rel=\"canonical\" href=\"https:\/\/kibrisdakik.com\/?p=12116\" \/>\n<meta property=\"og:locale\" content=\"tr_TR\" \/>\n<meta property=\"og:type\" content=\"article\" \/>\n<meta property=\"og:title\" content=\"Cumhurba\u015fkan\u0131 Tatar:S\u00fcleyman Erg\u00fc\u00e7l\u00fc her daim g\u00fc\u00e7l\u00fc sosyal ili\u015fkileri, mesleki ba\u015far\u0131s\u0131yla kalplerimizde ya\u015fayacakt\u0131r -\" \/>\n<meta property=\"og:description\" content=\"Cumhurba\u015fkan\u0131 Ersin Tatar, ya\u015fam\u0131n\u0131 kaybeden duayen gazeteci S\u00fcleyman Erg\u00fc\u00e7l\u00fc i\u00e7in taziye mesaj\u0131 yay\u0131mlad\u0131. Cumhurba\u015fkan\u0131 Tatar, mesaj\u0131nda \u015fu ifadelere yer verdi: \u2018K\u0131br\u0131s T\u00fcrk Bas\u0131n\u0131\u2019n\u0131n duayen isimlerinden, y\u0131llarca hem g\u00f6rsel hem yaz\u0131l\u0131 medya alan\u0131nda medya alan\u0131nda \u00f6nemli g\u00f6revlerde bulunmu\u015f S\u00fcleyman Erg\u00fc\u00e7l\u00fc\u2019y\u00fc kaybetmenin derin \u00fcz\u00fcnt\u00fcs\u00fcn\u00fc ya\u015f\u0131yorum.S\u00fcleyman Erg\u00fc\u00e7l\u00fc her daim g\u00fc\u00e7l\u00fc sosyal ili\u015fkileri, mesleki ba\u015far\u0131s\u0131yla kalplerimizde ya\u015fayacakt\u0131r.Kendisine Allah\u2019tan rahmet,\" \/>\n<meta property=\"og:url\" content=\"https:\/\/kibrisdakik.com\/?p=12116\" \/>\n<meta property=\"article:published_time\" content=\"2023-08-14T11:23:11+00:00\" \/>\n<meta property=\"og:image\" content=\"https:\/\/kibrisdakik.com\/wp-content\/uploads\/2023\/03\/ersin-tatar-YAZI-YAZARKEN-1536x900-1-696x408-1.jpeg\" \/>\n\t<meta property=\"og:image:width\" content=\"696\" \/>\n\t<meta property=\"og:image:height\" content=\"408\" \/>\n\t<meta property=\"og:image:type\" content=\"image\/jpeg\" \/>\n<meta name=\"author\" content=\"admin\" \/>\n<meta name=\"twitter:card\" content=\"summary_large_image\" \/>\n<meta name=\"twitter:label1\" content=\"Yazan:\" \/>\n\t<meta name=\"twitter:data1\" content=\"admin\" \/>\n\t<meta name=\"twitter:label2\" content=\"Tahmini okuma s\u00fcresi\" \/>\n\t<meta name=\"twitter:data2\" content=\"1 dakika\" \/>\n<script type=\"application\/ld+json\" class=\"yoast-schema-graph\">{\"@context\":\"https:\\\/\\\/schema.org\",\"@graph\":[{\"@type\":\"Article\",\"@id\":\"https:\\\/\\\/kibrisdakik.com\\\/?p=12116#article\",\"isPartOf\":{\"@id\":\"https:\\\/\\\/kibrisdakik.com\\\/?p=12116\"},\"author\":{\"name\":\"admin\",\"@id\":\"https:\\\/\\\/kibrisdakik.com\\\/#\\\/schema\\\/person\\\/9cd9d437bbb44f72b73ba127e06d8e79\"},\"headline\":\"Cumhurba\u015fkan\u0131 Tatar:S\u00fcleyman Erg\u00fc\u00e7l\u00fc her daim g\u00fc\u00e7l\u00fc sosyal ili\u015fkileri, mesleki ba\u015far\u0131s\u0131yla kalplerimizde ya\u015fayacakt\u0131r\",\"datePublished\":\"2023-08-14T11:23:11+00:00\",\"mainEntityOfPage\":{\"@id\":\"https:\\\/\\\/kibrisdakik.com\\\/?p=12116\"},\"wordCount\":135,\"commentCount\":0,\"image\":{\"@id\":\"https:\\\/\\\/kibrisdakik.com\\\/?p=12116#primaryimage\"},\"thumbnailUrl\":\"https:\\\/\\\/kibrisdakik.com\\\/wp-content\\\/uploads\\\/2023\\\/03\\\/ersin-tatar-YAZI-YAZARKEN-1536x900-1-696x408-1.jpeg\",\"articleSection\":[\"G\u00fcndem\"],\"inLanguage\":\"tr\",\"potentialAction\":[{\"@type\":\"CommentAction\",\"name\":\"Comment\",\"target\":[\"https:\\\/\\\/kibrisdakik.com\\\/?p=12116#respond\"]}]},{\"@type\":\"WebPage\",\"@id\":\"https:\\\/\\\/kibrisdakik.com\\\/?p=12116\",\"url\":\"https:\\\/\\\/kibrisdakik.com\\\/?p=12116\",\"name\":\"Cumhurba\u015fkan\u0131 Tatar:S\u00fcleyman Erg\u00fc\u00e7l\u00fc her daim g\u00fc\u00e7l\u00fc sosyal ili\u015fkileri, mesleki ba\u015far\u0131s\u0131yla kalplerimizde ya\u015fayacakt\u0131r -\",\"isPartOf\":{\"@id\":\"https:\\\/\\\/kibrisdakik.com\\\/#website\"},\"primaryImageOfPage\":{\"@id\":\"https:\\\/\\\/kibrisdakik.com\\\/?p=12116#primaryimage\"},\"image\":{\"@id\":\"https:\\\/\\\/kibrisdakik.com\\\/?p=12116#primaryimage\"},\"thumbnailUrl\":\"https:\\\/\\\/kibrisdakik.com\\\/wp-content\\\/uploads\\\/2023\\\/03\\\/ersin-tatar-YAZI-YAZARKEN-1536x900-1-696x408-1.jpeg\",\"datePublished\":\"2023-08-14T11:23:11+00:00\",\"author\":{\"@id\":\"https:\\\/\\\/kibrisdakik.com\\\/#\\\/schema\\\/person\\\/9cd9d437bbb44f72b73ba127e06d8e79\"},\"breadcrumb\":{\"@id\":\"https:\\\/\\\/kibrisdakik.com\\\/?p=12116#breadcrumb\"},\"inLanguage\":\"tr\",\"potentialAction\":[{\"@type\":\"ReadAction\",\"target\":[\"https:\\\/\\\/kibrisdakik.com\\\/?p=12116\"]}]},{\"@type\":\"ImageObject\",\"inLanguage\":\"tr\",\"@id\":\"https:\\\/\\\/kibrisdakik.com\\\/?p=12116#primaryimage\",\"url\":\"https:\\\/\\\/kibrisdakik.com\\\/wp-content\\\/uploads\\\/2023\\\/03\\\/ersin-tatar-YAZI-YAZARKEN-1536x900-1-696x408-1.jpeg\",\"contentUrl\":\"https:\\\/\\\/kibrisdakik.com\\\/wp-content\\\/uploads\\\/2023\\\/03\\\/ersin-tatar-YAZI-YAZARKEN-1536x900-1-696x408-1.jpeg\",\"width\":696,\"height\":408},{\"@type\":\"BreadcrumbList\",\"@id\":\"https:\\\/\\\/kibrisdakik.com\\\/?p=12116#breadcrumb\",\"itemListElement\":[{\"@type\":\"ListItem\",\"position\":1,\"name\":\"Home\",\"item\":\"https:\\\/\\\/kibrisdakik.com\\\/\"},{\"@type\":\"ListItem\",\"position\":2,\"name\":\"Cumhurba\u015fkan\u0131 Tatar:S\u00fcleyman Erg\u00fc\u00e7l\u00fc her daim g\u00fc\u00e7l\u00fc sosyal ili\u015fkileri, mesleki ba\u015far\u0131s\u0131yla kalplerimizde ya\u015fayacakt\u0131r\"}]},{\"@type\":\"WebSite\",\"@id\":\"https:\\\/\\\/kibrisdakik.com\\\/#website\",\"url\":\"https:\\\/\\\/kibrisdakik.com\\\/\",\"name\":\"\",\"description\":\"Tam vaktinde haber\",\"potentialAction\":[{\"@type\":\"SearchAction\",\"target\":{\"@type\":\"EntryPoint\",\"urlTemplate\":\"https:\\\/\\\/kibrisdakik.com\\\/?s={search_term_string}\"},\"query-input\":{\"@type\":\"PropertyValueSpecification\",\"valueRequired\":true,\"valueName\":\"search_term_string\"}}],\"inLanguage\":\"tr\"},{\"@type\":\"Person\",\"@id\":\"https:\\\/\\\/kibrisdakik.com\\\/#\\\/schema\\\/person\\\/9cd9d437bbb44f72b73ba127e06d8e79\",\"name\":\"admin\",\"image\":{\"@type\":\"ImageObject\",\"inLanguage\":\"tr\",\"@id\":\"https:\\\/\\\/secure.gravatar.com\\\/avatar\\\/ccc17943b9d660506c869530f897617f7cb1c21a4bf30023f252596d83e1f007?s=96&d=mm&r=g\",\"url\":\"https:\\\/\\\/secure.gravatar.com\\\/avatar\\\/ccc17943b9d660506c869530f897617f7cb1c21a4bf30023f252596d83e1f007?s=96&d=mm&r=g\",\"contentUrl\":\"https:\\\/\\\/secure.gravatar.com\\\/avatar\\\/ccc17943b9d660506c869530f897617f7cb1c21a4bf30023f252596d83e1f007?s=96&d=mm&r=g\",\"caption\":\"admin\"},\"sameAs\":[\"https:\\\/\\\/kibrisdakik.com\"],\"url\":\"https:\\\/\\\/kibrisdakik.com\\\/?author=1\"}]}<\/script>\n<!-- \/ Yoast SEO plugin. -->","yoast_head_json":{"title":"Cumhurba\u015fkan\u0131 Tatar:S\u00fcleyman Erg\u00fc\u00e7l\u00fc her daim g\u00fc\u00e7l\u00fc sosyal ili\u015fkileri, mesleki ba\u015far\u0131s\u0131yla kalplerimizde ya\u015fayacakt\u0131r -","robots":{"index":"index","follow":"follow","max-snippet":"max-snippet:-1","max-image-preview":"max-image-preview:large","max-video-preview":"max-video-preview:-1"},"canonical":"https:\/\/kibrisdakik.com\/?p=12116","og_locale":"tr_TR","og_type":"article","og_title":"Cumhurba\u015fkan\u0131 Tatar:S\u00fcleyman Erg\u00fc\u00e7l\u00fc her daim g\u00fc\u00e7l\u00fc sosyal ili\u015fkileri, mesleki ba\u015far\u0131s\u0131yla kalplerimizde ya\u015fayacakt\u0131r -","og_description":"Cumhurba\u015fkan\u0131 Ersin Tatar, ya\u015fam\u0131n\u0131 kaybeden duayen gazeteci S\u00fcleyman Erg\u00fc\u00e7l\u00fc i\u00e7in taziye mesaj\u0131 yay\u0131mlad\u0131. Cumhurba\u015fkan\u0131 Tatar, mesaj\u0131nda \u015fu ifadelere yer verdi: \u2018K\u0131br\u0131s T\u00fcrk Bas\u0131n\u0131\u2019n\u0131n duayen isimlerinden, y\u0131llarca hem g\u00f6rsel hem yaz\u0131l\u0131 medya alan\u0131nda medya alan\u0131nda \u00f6nemli g\u00f6revlerde bulunmu\u015f S\u00fcleyman Erg\u00fc\u00e7l\u00fc\u2019y\u00fc kaybetmenin derin \u00fcz\u00fcnt\u00fcs\u00fcn\u00fc ya\u015f\u0131yorum.S\u00fcleyman Erg\u00fc\u00e7l\u00fc her daim g\u00fc\u00e7l\u00fc sosyal ili\u015fkileri, mesleki ba\u015far\u0131s\u0131yla kalplerimizde ya\u015fayacakt\u0131r.Kendisine Allah\u2019tan rahmet,","og_url":"https:\/\/kibrisdakik.com\/?p=12116","article_published_time":"2023-08-14T11:23:11+00:00","og_image":[{"width":696,"height":408,"url":"https:\/\/kibrisdakik.com\/wp-content\/uploads\/2023\/03\/ersin-tatar-YAZI-YAZARKEN-1536x900-1-696x408-1.jpeg","type":"image\/jpeg"}],"author":"admin","twitter_card":"summary_large_image","twitter_misc":{"Yazan:":"admin","Tahmini okuma s\u00fcresi":"1 dakika"},"schema":{"@context":"https:\/\/schema.org","@graph":[{"@type":"Article","@id":"https:\/\/kibrisdakik.com\/?p=12116#article","isPartOf":{"@id":"https:\/\/kibrisdakik.com\/?p=12116"},"author":{"name":"admin","@id":"https:\/\/kibrisdakik.com\/#\/schema\/person\/9cd9d437bbb44f72b73ba127e06d8e79"},"headline":"Cumhurba\u015fkan\u0131 Tatar:S\u00fcleyman Erg\u00fc\u00e7l\u00fc her daim g\u00fc\u00e7l\u00fc sosyal ili\u015fkileri, mesleki ba\u015far\u0131s\u0131yla kalplerimizde ya\u015fayacakt\u0131r","datePublished":"2023-08-14T11:23:11+00:00","mainEntityOfPage":{"@id":"https:\/\/kibrisdakik.com\/?p=12116"},"wordCount":135,"commentCount":0,"image":{"@id":"https:\/\/kibrisdakik.com\/?p=12116#primaryimage"},"thumbnailUrl":"https:\/\/kibrisdakik.com\/wp-content\/uploads\/2023\/03\/ersin-tatar-YAZI-YAZARKEN-1536x900-1-696x408-1.jpeg","articleSection":["G\u00fcndem"],"inLanguage":"tr","potentialAction":[{"@type":"CommentAction","name":"Comment","target":["https:\/\/kibrisdakik.com\/?p=12116#respond"]}]},{"@type":"WebPage","@id":"https:\/\/kibrisdakik.com\/?p=12116","url":"https:\/\/kibrisdakik.com\/?p=12116","name":"Cumhurba\u015fkan\u0131 Tatar:S\u00fcleyman Erg\u00fc\u00e7l\u00fc her daim g\u00fc\u00e7l\u00fc sosyal ili\u015fkileri, mesleki ba\u015far\u0131s\u0131yla kalplerimizde ya\u015fayacakt\u0131r -","isPartOf":{"@id":"https:\/\/kibrisdakik.com\/#website"},"primaryImageOfPage":{"@id":"https:\/\/kibrisdakik.com\/?p=12116#primaryimage"},"image":{"@id":"https:\/\/kibrisdakik.com\/?p=12116#primaryimage"},"thumbnailUrl":"https:\/\/kibrisdakik.com\/wp-content\/uploads\/2023\/03\/ersin-tatar-YAZI-YAZARKEN-1536x900-1-696x408-1.jpeg","datePublished":"2023-08-14T11:23:11+00:00","author":{"@id":"https:\/\/kibrisdakik.com\/#\/schema\/person\/9cd9d437bbb44f72b73ba127e06d8e79"},"breadcrumb":{"@id":"https:\/\/kibrisdakik.com\/?p=12116#breadcrumb"},"inLanguage":"tr","potentialAction":[{"@type":"ReadAction","target":["https:\/\/kibrisdakik.com\/?p=12116"]}]},{"@type":"ImageObject","inLanguage":"tr","@id":"https:\/\/kibrisdakik.com\/?p=12116#primaryimage","url":"https:\/\/kibrisdakik.com\/wp-content\/uploads\/2023\/03\/ersin-tatar-YAZI-YAZARKEN-1536x900-1-696x408-1.jpeg","contentUrl":"https:\/\/kibrisdakik.com\/wp-content\/uploads\/2023\/03\/ersin-tatar-YAZI-YAZARKEN-1536x900-1-696x408-1.jpeg","width":696,"height":408},{"@type":"BreadcrumbList","@id":"https:\/\/kibrisdakik.com\/?p=12116#breadcrumb","itemListElement":[{"@type":"ListItem","position":1,"name":"Home","item":"https:\/\/kibrisdakik.com\/"},{"@type":"ListItem","position":2,"name":"Cumhurba\u015fkan\u0131 Tatar:S\u00fcleyman Erg\u00fc\u00e7l\u00fc her daim g\u00fc\u00e7l\u00fc sosyal ili\u015fkileri, mesleki ba\u015far\u0131s\u0131yla kalplerimizde ya\u015fayacakt\u0131r"}]},{"@type":"WebSite","@id":"https:\/\/kibrisdakik.com\/#website","url":"https:\/\/kibrisdakik.com\/","name":"","description":"Tam vaktinde haber","potentialAction":[{"@type":"SearchAction","target":{"@type":"EntryPoint","urlTemplate":"https:\/\/kibrisdakik.com\/?s={search_term_string}"},"query-input":{"@type":"PropertyValueSpecification","valueRequired":true,"valueName":"search_term_string"}}],"inLanguage":"tr"},{"@type":"Person","@id":"https:\/\/kibrisdakik.com\/#\/schema\/person\/9cd9d437bbb44f72b73ba127e06d8e79","name":"admin","image":{"@type":"ImageObject","inLanguage":"tr","@id":"https:\/\/secure.gravatar.com\/avatar\/ccc17943b9d660506c869530f897617f7cb1c21a4bf30023f252596d83e1f007?s=96&d=mm&r=g","url":"https:\/\/secure.gravatar.com\/avatar\/ccc17943b9d660506c869530f897617f7cb1c21a4bf30023f252596d83e1f007?s=96&d=mm&r=g","contentUrl":"https:\/\/secure.gravatar.com\/avatar\/ccc17943b9d660506c869530f897617f7cb1c21a4bf30023f252596d83e1f007?s=96&d=mm&r=g","caption":"admin"},"sameAs":["https:\/\/kibrisdakik.com"],"url":"https:\/\/kibrisdakik.com\/?author=1"}]}},"_links":{"self":[{"href":"https:\/\/kibrisdakik.com\/index.php?rest_route=\/wp\/v2\/posts\/12116","targetHints":{"allow":["GET"]}}],"collection":[{"href":"https:\/\/kibrisdakik.com\/index.php?rest_route=\/wp\/v2\/posts"}],"about":[{"href":"https:\/\/kibrisdakik.com\/index.php?rest_route=\/wp\/v2\/types\/post"}],"author":[{"embeddable":true,"href":"https:\/\/kibrisdakik.com\/index.php?rest_route=\/wp\/v2\/users\/1"}],"replies":[{"embeddable":true,"href":"https:\/\/kibrisdakik.com\/index.php?rest_route=%2Fwp%2Fv2%2Fcomments&post=12116"}],"version-history":[{"count":0,"href":"https:\/\/kibrisdakik.com\/index.php?rest_route=\/wp\/v2\/posts\/12116\/revisions"}],"wp:featuredmedia":[{"embeddable":true,"href":"https:\/\/kibrisdakik.com\/index.php?rest_route=\/wp\/v2\/media\/2895"}],"wp:attachment":[{"href":"https:\/\/kibrisdakik.com\/index.php?rest_route=%2Fwp%2Fv2%2Fmedia&parent=12116"}],"wp:term":[{"taxonomy":"category","embeddable":true,"href":"https:\/\/kibrisdakik.com\/index.php?rest_route=%2Fwp%2Fv2%2Fcategories&post=12116"},{"taxonomy":"post_tag","embeddable":true,"href":"https:\/\/kibrisdakik.com\/index.php?rest_route=%2Fwp%2Fv2%2Ftags&post=12116"}],"curies":[{"name":"wp","href":"https:\/\/api.w.org\/{rel}","templated":true}]}}