{"id":12122,"date":"2023-08-14T13:27:42","date_gmt":"2023-08-14T13:27:42","guid":{"rendered":"https:\/\/kibrisdakik.com\/index.php\/2023\/08\/14\/ureticiler-hukumete-seslendi-bizi-avcilarla-karsi-karsiya-birakmayin\/"},"modified":"2023-08-14T13:27:42","modified_gmt":"2023-08-14T13:27:42","slug":"ureticiler-hukumete-seslendi-bizi-avcilarla-karsi-karsiya-birakmayin","status":"publish","type":"post","link":"https:\/\/kibrisdakik.com\/?p=12122","title":{"rendered":"\u00dcreticiler h\u00fck\u00fcmete seslendi: \u201cBizi avc\u0131larla kar\u015f\u0131 kar\u015f\u0131ya b\u0131rakmay\u0131n\u201d"},"content":{"rendered":"<p><\/p>\n<div>\n<div class=\"mariselle-image-container center\">\n                <img width=\"880\" height=\"440\" class=\"lazy-image\" alt=\"\" decoding=\"async\" loading=\"lazy\" sizes=\"auto, (max-width: 880px) 100vw, 880px\" src=\"https:\/\/brtk.net\/wp-content\/uploads\/2023\/08\/14\/turgut-akcin2.jpg?ver=bfe0741b1de568081f9cfc7a14ec34e6\" srcset=\"https:\/\/brtk.net\/wp-content\/uploads\/2023\/08\/14\/turgut-akcin2.jpg?ver=bfe0741b1de568081f9cfc7a14ec34e6 880w, https:\/\/brtk.net\/wp-content\/uploads\/2023\/08\/14\/turgut-akcin2-300x150.jpg?ver=bfe0741b1de568081f9cfc7a14ec34e6 300w, https:\/\/brtk.net\/wp-content\/uploads\/2023\/08\/14\/turgut-akcin2-768x384.jpg?ver=bfe0741b1de568081f9cfc7a14ec34e6 768w, https:\/\/brtk.net\/wp-content\/uploads\/2023\/08\/14\/turgut-akcin2-720x360.jpg?ver=6641328e21d663ae30646fde76bbe191 720w\"\/>                            <\/div>\n<p>\nKuzey K\u0131br\u0131s Narenciye \u00dcreticiler Birli\u011fi Ba\u015fkan\u0131 Turgut Ak\u00e7\u0131n, avc\u0131lar\u0131n bah\u00e7elerine girmesine kar\u015f\u0131 olduklar\u0131n\u0131 vurgulayarak, \u0130\u00e7i\u015fleri Bakan\u0131\u2019n\u0131n bu konuda gerekli \u00f6nlemleri almas\u0131n\u0131 istedi.<\/p>\n<p>\u201cHer y\u0131l acaba h\u00fck\u00fcmet bah\u00e7eleri ava a\u00e7acak m\u0131?\u2019 tart\u0131\u015fmalar\u0131n\u0131n g\u00fcndeme geldi\u011fini ifade eden Ak\u00e7\u0131n,  zeytin ve harnup hasad\u0131n\u0131n ba\u015flad\u0131\u011f\u0131, meyve ve sebze hasad\u0131n\u0131n devam etti\u011fi d\u00f6nemde  bah\u00e7elerin ava a\u00e7\u0131lmas\u0131n\u0131n \u00e7ok yanl\u0131\u015f bir karar olaca\u011f\u0131n\u0131 s\u00f6yledi.<\/p>\n<p>Ak\u00e7\u0131n, yaz\u0131l\u0131 a\u00e7\u0131klamas\u0131nda h\u00fck\u00fcmete, \u201c\u00dcreticileri avc\u0131larla kar\u015f\u0131 kar\u015f\u0131ya b\u0131rakmay\u0131n\u201d  diyerek seslendi.<\/p>\n<p>Ge\u00e7ti\u011fimiz y\u0131llarda avlanmaya a\u00e7\u0131lan bah\u00e7elerde vurulanlar oldu\u011funu, baz\u0131 evlerin camlar\u0131n\u0131n k\u0131r\u0131ld\u0131\u011f\u0131n\u0131; k\u00f6peklerin sulama lastiklerine zarar verdi\u011fini s\u00f6yleyen Ak\u00e7\u0131n, bu konuda \u00fcreticilerden y\u00fczlerce \u015fikayet oldu\u011funu kaydetti.<\/p>\n<\/p><\/div>\n<p><script async\n                    defer\n                    crossorigin=\"anonymous\"\n                    src=\"https:\/\/connect.facebook.net\/tr_TR\/sdk.js#xfbml=1&#038;version=v3.3\"\n            ><\/script><\/p>\n","protected":false},"excerpt":{"rendered":"<p>Kuzey K\u0131br\u0131s Narenciye \u00dcreticiler Birli\u011fi Ba\u015fkan\u0131 Turgut Ak\u00e7\u0131n, avc\u0131lar\u0131n bah\u00e7elerine girmesine kar\u015f\u0131 olduklar\u0131n\u0131 vurgulayarak, \u0130\u00e7i\u015fleri Bakan\u0131\u2019n\u0131n bu konuda gerekli \u00f6nlemleri almas\u0131n\u0131 istedi. \u201cHer y\u0131l acaba h\u00fck\u00fcmet bah\u00e7eleri ava a\u00e7acak m\u0131?\u2019 tart\u0131\u015fmalar\u0131n\u0131n g\u00fcndeme geldi\u011fini ifade eden Ak\u00e7\u0131n, zeytin ve harnup hasad\u0131n\u0131n ba\u015flad\u0131\u011f\u0131, meyve ve sebze hasad\u0131n\u0131n devam etti\u011fi d\u00f6nemde bah\u00e7elerin ava a\u00e7\u0131lmas\u0131n\u0131n \u00e7ok yanl\u0131\u015f bir karar<\/p>\n","protected":false},"author":1,"featured_media":12123,"comment_status":"open","ping_status":"open","sticky":false,"template":"","format":"standard","meta":{"footnotes":""},"categories":[1],"tags":[],"class_list":["post-12122","post","type-post","status-publish","format-standard","has-post-thumbnail","hentry","category-gundem"],"yoast_head":"<!-- This site is optimized with the Yoast SEO plugin v27.5 - https:\/\/yoast.com\/product\/yoast-seo-wordpress\/ -->\n<title>\u00dcreticiler h\u00fck\u00fcmete seslendi: \u201cBizi avc\u0131larla kar\u015f\u0131 kar\u015f\u0131ya b\u0131rakmay\u0131n\u201d -<\/title>\n<meta name=\"robots\" content=\"index, follow, max-snippet:-1, max-image-preview:large, max-video-preview:-1\" \/>\n<link rel=\"canonical\" href=\"https:\/\/kibrisdakik.com\/?p=12122\" \/>\n<meta property=\"og:locale\" content=\"tr_TR\" \/>\n<meta property=\"og:type\" content=\"article\" \/>\n<meta property=\"og:title\" content=\"\u00dcreticiler h\u00fck\u00fcmete seslendi: \u201cBizi avc\u0131larla kar\u015f\u0131 kar\u015f\u0131ya b\u0131rakmay\u0131n\u201d -\" \/>\n<meta property=\"og:description\" content=\"Kuzey K\u0131br\u0131s Narenciye \u00dcreticiler Birli\u011fi Ba\u015fkan\u0131 Turgut Ak\u00e7\u0131n, avc\u0131lar\u0131n bah\u00e7elerine girmesine kar\u015f\u0131 olduklar\u0131n\u0131 vurgulayarak, \u0130\u00e7i\u015fleri Bakan\u0131\u2019n\u0131n bu konuda gerekli \u00f6nlemleri almas\u0131n\u0131 istedi. \u201cHer y\u0131l acaba h\u00fck\u00fcmet bah\u00e7eleri ava a\u00e7acak m\u0131?\u2019 tart\u0131\u015fmalar\u0131n\u0131n g\u00fcndeme geldi\u011fini ifade eden Ak\u00e7\u0131n, zeytin ve harnup hasad\u0131n\u0131n ba\u015flad\u0131\u011f\u0131, meyve ve sebze hasad\u0131n\u0131n devam etti\u011fi d\u00f6nemde bah\u00e7elerin ava a\u00e7\u0131lmas\u0131n\u0131n \u00e7ok yanl\u0131\u015f bir karar\" \/>\n<meta property=\"og:url\" content=\"https:\/\/kibrisdakik.com\/?p=12122\" \/>\n<meta property=\"article:published_time\" content=\"2023-08-14T13:27:42+00:00\" \/>\n<meta property=\"og:image\" content=\"https:\/\/kibrisdakik.com\/wp-content\/uploads\/2023\/08\/turgut-akcin2-740x420.jpg\" \/>\n\t<meta property=\"og:image:width\" content=\"880\" \/>\n\t<meta property=\"og:image:height\" content=\"440\" \/>\n\t<meta property=\"og:image:type\" content=\"image\/jpeg\" \/>\n<meta name=\"author\" content=\"admin\" \/>\n<meta name=\"twitter:card\" content=\"summary_large_image\" \/>\n<meta name=\"twitter:label1\" content=\"Yazan:\" \/>\n\t<meta name=\"twitter:data1\" content=\"admin\" \/>\n\t<meta name=\"twitter:label2\" content=\"Tahmini okuma s\u00fcresi\" \/>\n\t<meta name=\"twitter:data2\" content=\"1 dakika\" \/>\n<script type=\"application\/ld+json\" class=\"yoast-schema-graph\">{\"@context\":\"https:\\\/\\\/schema.org\",\"@graph\":[{\"@type\":\"Article\",\"@id\":\"https:\\\/\\\/kibrisdakik.com\\\/?p=12122#article\",\"isPartOf\":{\"@id\":\"https:\\\/\\\/kibrisdakik.com\\\/?p=12122\"},\"author\":{\"name\":\"admin\",\"@id\":\"https:\\\/\\\/kibrisdakik.com\\\/#\\\/schema\\\/person\\\/9cd9d437bbb44f72b73ba127e06d8e79\"},\"headline\":\"\u00dcreticiler h\u00fck\u00fcmete seslendi: \u201cBizi avc\u0131larla kar\u015f\u0131 kar\u015f\u0131ya b\u0131rakmay\u0131n\u201d\",\"datePublished\":\"2023-08-14T13:27:42+00:00\",\"mainEntityOfPage\":{\"@id\":\"https:\\\/\\\/kibrisdakik.com\\\/?p=12122\"},\"wordCount\":171,\"commentCount\":0,\"image\":{\"@id\":\"https:\\\/\\\/kibrisdakik.com\\\/?p=12122#primaryimage\"},\"thumbnailUrl\":\"https:\\\/\\\/kibrisdakik.com\\\/wp-content\\\/uploads\\\/2023\\\/08\\\/turgut-akcin2-740x420.jpg\",\"articleSection\":[\"G\u00fcndem\"],\"inLanguage\":\"tr\",\"potentialAction\":[{\"@type\":\"CommentAction\",\"name\":\"Comment\",\"target\":[\"https:\\\/\\\/kibrisdakik.com\\\/?p=12122#respond\"]}]},{\"@type\":\"WebPage\",\"@id\":\"https:\\\/\\\/kibrisdakik.com\\\/?p=12122\",\"url\":\"https:\\\/\\\/kibrisdakik.com\\\/?p=12122\",\"name\":\"\u00dcreticiler h\u00fck\u00fcmete seslendi: \u201cBizi avc\u0131larla kar\u015f\u0131 kar\u015f\u0131ya b\u0131rakmay\u0131n\u201d -\",\"isPartOf\":{\"@id\":\"https:\\\/\\\/kibrisdakik.com\\\/#website\"},\"primaryImageOfPage\":{\"@id\":\"https:\\\/\\\/kibrisdakik.com\\\/?p=12122#primaryimage\"},\"image\":{\"@id\":\"https:\\\/\\\/kibrisdakik.com\\\/?p=12122#primaryimage\"},\"thumbnailUrl\":\"https:\\\/\\\/kibrisdakik.com\\\/wp-content\\\/uploads\\\/2023\\\/08\\\/turgut-akcin2-740x420.jpg\",\"datePublished\":\"2023-08-14T13:27:42+00:00\",\"author\":{\"@id\":\"https:\\\/\\\/kibrisdakik.com\\\/#\\\/schema\\\/person\\\/9cd9d437bbb44f72b73ba127e06d8e79\"},\"breadcrumb\":{\"@id\":\"https:\\\/\\\/kibrisdakik.com\\\/?p=12122#breadcrumb\"},\"inLanguage\":\"tr\",\"potentialAction\":[{\"@type\":\"ReadAction\",\"target\":[\"https:\\\/\\\/kibrisdakik.com\\\/?p=12122\"]}]},{\"@type\":\"ImageObject\",\"inLanguage\":\"tr\",\"@id\":\"https:\\\/\\\/kibrisdakik.com\\\/?p=12122#primaryimage\",\"url\":\"https:\\\/\\\/kibrisdakik.com\\\/wp-content\\\/uploads\\\/2023\\\/08\\\/turgut-akcin2-740x420.jpg\",\"contentUrl\":\"https:\\\/\\\/kibrisdakik.com\\\/wp-content\\\/uploads\\\/2023\\\/08\\\/turgut-akcin2-740x420.jpg\",\"width\":880,\"height\":440},{\"@type\":\"BreadcrumbList\",\"@id\":\"https:\\\/\\\/kibrisdakik.com\\\/?p=12122#breadcrumb\",\"itemListElement\":[{\"@type\":\"ListItem\",\"position\":1,\"name\":\"Home\",\"item\":\"https:\\\/\\\/kibrisdakik.com\\\/\"},{\"@type\":\"ListItem\",\"position\":2,\"name\":\"\u00dcreticiler h\u00fck\u00fcmete seslendi: \u201cBizi avc\u0131larla kar\u015f\u0131 kar\u015f\u0131ya b\u0131rakmay\u0131n\u201d\"}]},{\"@type\":\"WebSite\",\"@id\":\"https:\\\/\\\/kibrisdakik.com\\\/#website\",\"url\":\"https:\\\/\\\/kibrisdakik.com\\\/\",\"name\":\"\",\"description\":\"Tam vaktinde haber\",\"potentialAction\":[{\"@type\":\"SearchAction\",\"target\":{\"@type\":\"EntryPoint\",\"urlTemplate\":\"https:\\\/\\\/kibrisdakik.com\\\/?s={search_term_string}\"},\"query-input\":{\"@type\":\"PropertyValueSpecification\",\"valueRequired\":true,\"valueName\":\"search_term_string\"}}],\"inLanguage\":\"tr\"},{\"@type\":\"Person\",\"@id\":\"https:\\\/\\\/kibrisdakik.com\\\/#\\\/schema\\\/person\\\/9cd9d437bbb44f72b73ba127e06d8e79\",\"name\":\"admin\",\"image\":{\"@type\":\"ImageObject\",\"inLanguage\":\"tr\",\"@id\":\"https:\\\/\\\/secure.gravatar.com\\\/avatar\\\/ccc17943b9d660506c869530f897617f7cb1c21a4bf30023f252596d83e1f007?s=96&d=mm&r=g\",\"url\":\"https:\\\/\\\/secure.gravatar.com\\\/avatar\\\/ccc17943b9d660506c869530f897617f7cb1c21a4bf30023f252596d83e1f007?s=96&d=mm&r=g\",\"contentUrl\":\"https:\\\/\\\/secure.gravatar.com\\\/avatar\\\/ccc17943b9d660506c869530f897617f7cb1c21a4bf30023f252596d83e1f007?s=96&d=mm&r=g\",\"caption\":\"admin\"},\"sameAs\":[\"https:\\\/\\\/kibrisdakik.com\"],\"url\":\"https:\\\/\\\/kibrisdakik.com\\\/?author=1\"}]}<\/script>\n<!-- \/ Yoast SEO plugin. -->","yoast_head_json":{"title":"\u00dcreticiler h\u00fck\u00fcmete seslendi: \u201cBizi avc\u0131larla kar\u015f\u0131 kar\u015f\u0131ya b\u0131rakmay\u0131n\u201d -","robots":{"index":"index","follow":"follow","max-snippet":"max-snippet:-1","max-image-preview":"max-image-preview:large","max-video-preview":"max-video-preview:-1"},"canonical":"https:\/\/kibrisdakik.com\/?p=12122","og_locale":"tr_TR","og_type":"article","og_title":"\u00dcreticiler h\u00fck\u00fcmete seslendi: \u201cBizi avc\u0131larla kar\u015f\u0131 kar\u015f\u0131ya b\u0131rakmay\u0131n\u201d -","og_description":"Kuzey K\u0131br\u0131s Narenciye \u00dcreticiler Birli\u011fi Ba\u015fkan\u0131 Turgut Ak\u00e7\u0131n, avc\u0131lar\u0131n bah\u00e7elerine girmesine kar\u015f\u0131 olduklar\u0131n\u0131 vurgulayarak, \u0130\u00e7i\u015fleri Bakan\u0131\u2019n\u0131n bu konuda gerekli \u00f6nlemleri almas\u0131n\u0131 istedi. \u201cHer y\u0131l acaba h\u00fck\u00fcmet bah\u00e7eleri ava a\u00e7acak m\u0131?\u2019 tart\u0131\u015fmalar\u0131n\u0131n g\u00fcndeme geldi\u011fini ifade eden Ak\u00e7\u0131n, zeytin ve harnup hasad\u0131n\u0131n ba\u015flad\u0131\u011f\u0131, meyve ve sebze hasad\u0131n\u0131n devam etti\u011fi d\u00f6nemde bah\u00e7elerin ava a\u00e7\u0131lmas\u0131n\u0131n \u00e7ok yanl\u0131\u015f bir karar","og_url":"https:\/\/kibrisdakik.com\/?p=12122","article_published_time":"2023-08-14T13:27:42+00:00","og_image":[{"width":880,"height":440,"url":"https:\/\/kibrisdakik.com\/wp-content\/uploads\/2023\/08\/turgut-akcin2-740x420.jpg","type":"image\/jpeg"}],"author":"admin","twitter_card":"summary_large_image","twitter_misc":{"Yazan:":"admin","Tahmini okuma s\u00fcresi":"1 dakika"},"schema":{"@context":"https:\/\/schema.org","@graph":[{"@type":"Article","@id":"https:\/\/kibrisdakik.com\/?p=12122#article","isPartOf":{"@id":"https:\/\/kibrisdakik.com\/?p=12122"},"author":{"name":"admin","@id":"https:\/\/kibrisdakik.com\/#\/schema\/person\/9cd9d437bbb44f72b73ba127e06d8e79"},"headline":"\u00dcreticiler h\u00fck\u00fcmete seslendi: \u201cBizi avc\u0131larla kar\u015f\u0131 kar\u015f\u0131ya b\u0131rakmay\u0131n\u201d","datePublished":"2023-08-14T13:27:42+00:00","mainEntityOfPage":{"@id":"https:\/\/kibrisdakik.com\/?p=12122"},"wordCount":171,"commentCount":0,"image":{"@id":"https:\/\/kibrisdakik.com\/?p=12122#primaryimage"},"thumbnailUrl":"https:\/\/kibrisdakik.com\/wp-content\/uploads\/2023\/08\/turgut-akcin2-740x420.jpg","articleSection":["G\u00fcndem"],"inLanguage":"tr","potentialAction":[{"@type":"CommentAction","name":"Comment","target":["https:\/\/kibrisdakik.com\/?p=12122#respond"]}]},{"@type":"WebPage","@id":"https:\/\/kibrisdakik.com\/?p=12122","url":"https:\/\/kibrisdakik.com\/?p=12122","name":"\u00dcreticiler h\u00fck\u00fcmete seslendi: \u201cBizi avc\u0131larla kar\u015f\u0131 kar\u015f\u0131ya b\u0131rakmay\u0131n\u201d -","isPartOf":{"@id":"https:\/\/kibrisdakik.com\/#website"},"primaryImageOfPage":{"@id":"https:\/\/kibrisdakik.com\/?p=12122#primaryimage"},"image":{"@id":"https:\/\/kibrisdakik.com\/?p=12122#primaryimage"},"thumbnailUrl":"https:\/\/kibrisdakik.com\/wp-content\/uploads\/2023\/08\/turgut-akcin2-740x420.jpg","datePublished":"2023-08-14T13:27:42+00:00","author":{"@id":"https:\/\/kibrisdakik.com\/#\/schema\/person\/9cd9d437bbb44f72b73ba127e06d8e79"},"breadcrumb":{"@id":"https:\/\/kibrisdakik.com\/?p=12122#breadcrumb"},"inLanguage":"tr","potentialAction":[{"@type":"ReadAction","target":["https:\/\/kibrisdakik.com\/?p=12122"]}]},{"@type":"ImageObject","inLanguage":"tr","@id":"https:\/\/kibrisdakik.com\/?p=12122#primaryimage","url":"https:\/\/kibrisdakik.com\/wp-content\/uploads\/2023\/08\/turgut-akcin2-740x420.jpg","contentUrl":"https:\/\/kibrisdakik.com\/wp-content\/uploads\/2023\/08\/turgut-akcin2-740x420.jpg","width":880,"height":440},{"@type":"BreadcrumbList","@id":"https:\/\/kibrisdakik.com\/?p=12122#breadcrumb","itemListElement":[{"@type":"ListItem","position":1,"name":"Home","item":"https:\/\/kibrisdakik.com\/"},{"@type":"ListItem","position":2,"name":"\u00dcreticiler h\u00fck\u00fcmete seslendi: \u201cBizi avc\u0131larla kar\u015f\u0131 kar\u015f\u0131ya b\u0131rakmay\u0131n\u201d"}]},{"@type":"WebSite","@id":"https:\/\/kibrisdakik.com\/#website","url":"https:\/\/kibrisdakik.com\/","name":"","description":"Tam vaktinde haber","potentialAction":[{"@type":"SearchAction","target":{"@type":"EntryPoint","urlTemplate":"https:\/\/kibrisdakik.com\/?s={search_term_string}"},"query-input":{"@type":"PropertyValueSpecification","valueRequired":true,"valueName":"search_term_string"}}],"inLanguage":"tr"},{"@type":"Person","@id":"https:\/\/kibrisdakik.com\/#\/schema\/person\/9cd9d437bbb44f72b73ba127e06d8e79","name":"admin","image":{"@type":"ImageObject","inLanguage":"tr","@id":"https:\/\/secure.gravatar.com\/avatar\/ccc17943b9d660506c869530f897617f7cb1c21a4bf30023f252596d83e1f007?s=96&d=mm&r=g","url":"https:\/\/secure.gravatar.com\/avatar\/ccc17943b9d660506c869530f897617f7cb1c21a4bf30023f252596d83e1f007?s=96&d=mm&r=g","contentUrl":"https:\/\/secure.gravatar.com\/avatar\/ccc17943b9d660506c869530f897617f7cb1c21a4bf30023f252596d83e1f007?s=96&d=mm&r=g","caption":"admin"},"sameAs":["https:\/\/kibrisdakik.com"],"url":"https:\/\/kibrisdakik.com\/?author=1"}]}},"_links":{"self":[{"href":"https:\/\/kibrisdakik.com\/index.php?rest_route=\/wp\/v2\/posts\/12122","targetHints":{"allow":["GET"]}}],"collection":[{"href":"https:\/\/kibrisdakik.com\/index.php?rest_route=\/wp\/v2\/posts"}],"about":[{"href":"https:\/\/kibrisdakik.com\/index.php?rest_route=\/wp\/v2\/types\/post"}],"author":[{"embeddable":true,"href":"https:\/\/kibrisdakik.com\/index.php?rest_route=\/wp\/v2\/users\/1"}],"replies":[{"embeddable":true,"href":"https:\/\/kibrisdakik.com\/index.php?rest_route=%2Fwp%2Fv2%2Fcomments&post=12122"}],"version-history":[{"count":0,"href":"https:\/\/kibrisdakik.com\/index.php?rest_route=\/wp\/v2\/posts\/12122\/revisions"}],"wp:featuredmedia":[{"embeddable":true,"href":"https:\/\/kibrisdakik.com\/index.php?rest_route=\/wp\/v2\/media\/12123"}],"wp:attachment":[{"href":"https:\/\/kibrisdakik.com\/index.php?rest_route=%2Fwp%2Fv2%2Fmedia&parent=12122"}],"wp:term":[{"taxonomy":"category","embeddable":true,"href":"https:\/\/kibrisdakik.com\/index.php?rest_route=%2Fwp%2Fv2%2Fcategories&post=12122"},{"taxonomy":"post_tag","embeddable":true,"href":"https:\/\/kibrisdakik.com\/index.php?rest_route=%2Fwp%2Fv2%2Ftags&post=12122"}],"curies":[{"name":"wp","href":"https:\/\/api.w.org\/{rel}","templated":true}]}}